{"id":1688120,"date":"2022-10-23T15:03:55","date_gmt":"2022-10-23T14:03:55","guid":{"rendered":"https:\/\/www.pressenza.com\/?p=1688120"},"modified":"2022-10-23T15:03:55","modified_gmt":"2022-10-23T14:03:55","slug":"america-latina-y-el-caribe-debe-transformar-los-modelos-de-desarrollo-y-centrarse-en-politicas-de-transformacion-y-diversificacion-productiva","status":"publish","type":"post","link":"https:\/\/www.pressenza.com\/es\/2022\/10\/america-latina-y-el-caribe-debe-transformar-los-modelos-de-desarrollo-y-centrarse-en-politicas-de-transformacion-y-diversificacion-productiva\/","title":{"rendered":"Am\u00e9rica Latina y el Caribe debe transformar los modelos de desarrollo y centrarse en pol\u00edticas de transformaci\u00f3n y diversificaci\u00f3n productiva"},"content":{"rendered":"<p>Am\u00e9rica Latina y el Caribe requiere de pol\u00edticas p\u00fablicas ambiciosas para superar la profunda crisis que vive en los \u00faltimos diez a\u00f1os. La regi\u00f3n est\u00e1 sumida en una crisis del desarrollo, en medio de una d\u00e9cada perdida, no puede transformar los modelos de desarrollo haciendo lo mismo o aquello que funciona en peque\u00f1a escala. No es un momento para cambios graduales y t\u00edmidos, sino para pol\u00edticas transformadoras y audaces que realmente muevan las agujas del desarrollo. Por ello la CEPAL propone 10 \u00e1reas prioritarias de pol\u00edtica para transformar el modelo de desarrollo de la regi\u00f3n, e identifica posibles sectores impulsores del crecimiento sostenible e inclusivo.<\/p>\n<p>Esta es la propuesta que la Comisi\u00f3n Econ\u00f3mica para Am\u00e9rica Latina y el Caribe (CEPAL) presentar\u00e1 a sus 46 Estados miembros y 14 pa\u00edses asociados durante su trig\u00e9simo noveno per\u00edodo de sesiones, la reuni\u00f3n bienal m\u00e1s importante de esta comisi\u00f3n regional de las Naciones Unidas, que se realizar\u00e1 del 24 al 26 de octubre en Buenos Aires, Argentina.<\/p>\n<p>En el evento, que reunir\u00e1 a altas autoridades de la regi\u00f3n, adem\u00e1s de investigadores, acad\u00e9micos de renombre mundial, representantes de la sociedad civil y funcionarios internacionales, el Secretario Ejecutivo de la CEPAL, Jos\u00e9 Manuel Salazar-Xirinachs, dar\u00e1 a conocer el documento institucional titulado <a href=\"https:\/\/periododesesiones.cepal.org\/39\/es\/documentos\/la-transformacion-modelo-desarrollo-america-latina-caribe-produccion-inclusion\">Hacia la transformaci\u00f3n del modelo de desarrollo en Am\u00e9rica Latina y el Caribe: producci\u00f3n, inclusi\u00f3n y sostenibilidad<\/a>, en el cual el organismo entregar\u00e1 a los pa\u00edses su propuesta de recuperaci\u00f3n y desarrollo sostenible en el nuevo contexto global y regional.<\/p>\n<p>En sus cinco cap\u00edtulos el informe analiza, entre otros temas, el presente y futuro de la globalizaci\u00f3n, la heterogeneidad productiva propia de la regi\u00f3n y discute pol\u00edticas para el desarrollo productivo sostenible. Asimismo, aborda la din\u00e1mica entre el empleo y la protecci\u00f3n social y la importancia de los impulsos sectoriales para reactivar el crecimiento econ\u00f3mico. Tambi\u00e9n examina otras tem\u00e1ticas, como la econom\u00eda circular, la econom\u00eda del cuidado y la transformaci\u00f3n digital, y presenta un conjunto de recomendaciones de pol\u00edtica para el desarrollo sostenible en el nuevo panorama internacional y regional.<\/p>\n<p>Seg\u00fan el documento, en 2022 los pa\u00edses de la regi\u00f3n enfrentan los efectos de una serie de crisis en cascada: clim\u00e1tica, de salud, de empleo, social, educativa, de seguridad alimentaria, energ\u00e9tica, y de costo de la vida, todas las cuales impactan con diversa intensidad y variadas caracter\u00edsticas a numerosos pa\u00edses, incluyendo a todos los de Am\u00e9rica Latina y el Caribe.<\/p>\n<p>En la regi\u00f3n, la combinaci\u00f3n de factores externos e internos ha reducido la capacidad de crecimiento econ\u00f3mico y de generaci\u00f3n de empleos de calidad y dificultado su lucha contra la pobreza y la pobreza extrema. Sus estructuras econ\u00f3micas y sociales se han debilitado y han entrado en situaciones que refuerzan la inercia de un d\u00e9bil desempe\u00f1o econ\u00f3mico.<\/p>\n<p>Al respecto, la publicaci\u00f3n se\u00f1ala que luego de la baja tasa de crecimiento econ\u00f3mico de 0,6% promedio anual registrada en el per\u00edodo entre 2014-2019, una contracci\u00f3n hist\u00f3rica de 6,9% en 2020 y una recuperaci\u00f3n de 6,5% en 2021, la CEPAL estima que las econom\u00edas de Am\u00e9rica Latina y el Caribe crecer\u00e1n un 3,2% en 2022 y se espera una fuerte desaceleraci\u00f3n con un crecimiento proyectado de 1,4% en 2023.<\/p>\n<p>Adem\u00e1s, recientemente el menor crecimiento de la actividad econ\u00f3mica ha estado acompa\u00f1ado de un significativo aumento en la tasa de inflaci\u00f3n. En junio de 2022 el promedio regional fue de 8,4%, m\u00e1s de dos veces el valor del promedio observado entre enero de 2005 y diciembre de 2019 (de 4,1%). Por otra parte, la situaci\u00f3n fiscal de los pa\u00edses de la regi\u00f3n se ha deteriorado producto de los importantes esfuerzos fiscales que se hicieron para combatir los peores momentos de la crisis del COVID-19 y sus consecuencias sociales.<\/p>\n<p>En concordancia con lo anterior, la situaci\u00f3n social en la regi\u00f3n tambi\u00e9n se ha deteriorado, con aumentos considerables en los niveles de pobreza reflejando los efectos de la pandemia y de la recesi\u00f3n econ\u00f3mica que la acompa\u00f1\u00f3. Para 2020, la CEPAL calcul\u00f3 que la pobreza y la pobreza extrema alcanzaron, respectivamente, al 33,0% y 13,1% de la poblaci\u00f3n. Para 2021, la incipiente recuperaci\u00f3n de las econom\u00edas se tradujo en una ca\u00edda muy modesta de la pobreza al 32,1% y un aumento marginal, pero continuo, de la pobreza extrema al 13,8.<\/p>\n<p>\u201cEs en este contexto que los pa\u00edses de la regi\u00f3n deben adoptar pol\u00edticas que les permitan dinamizar el crecimiento sostenible, atenuar las presiones inflacionarias, generar empleo de calidad, y mitigar los costos sociales junto con reducir la pobreza y desigualdad. Todo esto plantea serios retos para los sistemas pol\u00edticos y de gobernanza y para las capacidades t\u00e9cnicas, operativas y pol\u00edticas de las instituciones p\u00fablicas\u201d, se\u00f1ala el documento de la CEPAL.<\/p>\n<p>A lo largo de su historia, la Comisi\u00f3n ha insistido en que las pol\u00edticas macroecon\u00f3micas importan y mucho para la din\u00e1mica del cambio estructural y el desarrollo productivo, pero tambi\u00e9n en que las pol\u00edticas microecon\u00f3micas y sectoriales son claves. En otras palabras, se requieren pol\u00edticas de desarrollo productivo tanto transversales como sectoriales.<\/p>\n<p>En esta l\u00ednea de pensamiento, la CEPAL ha propuesto a la regi\u00f3n una serie de sectores impulsores que pueden dinamizar la transformaci\u00f3n productiva y estructural, as\u00ed como la inversi\u00f3n y la creaci\u00f3n de empleos. Estos son: energ\u00eda (transici\u00f3n energ\u00e9tica), electromovilidad, econom\u00eda circular, bioeconom\u00eda, industria manufacturera de la salud, transformaci\u00f3n digital, econom\u00eda del cuidado, turismo sostenible, y micro, peque\u00f1as y medianas empresas (mipymes) y econom\u00eda social y solidaria.<\/p>\n<p>En sus planteamientos el organismo regional de las Naciones Unidas recalca la urgencia de actuar para recuperar la inversi\u00f3n y el crecimiento, reconoce el papel central del Estado en el dise\u00f1o y ejecuci\u00f3n de pol\u00edticas para la transformaci\u00f3n del modelo de desarrollo y\u00a0 argumenta la importancia de avanzar en el fortalecimiento de las alianzas p\u00fablicas y privadas.<\/p>\n<p>Para articular un universo tan amplio de problemas y alternativas de pol\u00edtica, la CEPAL subraya la necesidad de avanzar en los pactos fiscales, productivos, sociales y ambientales para superar los problemas de la coyuntura actual y transitar a largo plazo hacia sociedades sostenibles, cohesionadas y resilientes, caracter\u00edsticas que implican avanzar hacia la concreci\u00f3n de Estados de bienestar en el marco de una sociedad del cuidado.<\/p>\n<p>El documento ser\u00e1 comentado este lunes 24 de octubre a partir de las 09:50 horas de Argentina (GMT -3) por un panel de alto nivel en el marco del trig\u00e9simo noveno per\u00edodo de sesiones de la Comisi\u00f3n, moderado por el Ministro de Relaciones Exteriores, Comercio Internacional y Culto de la Argentina, Santiago Cafiero, en el que participar\u00e1n el Premio Nobel de Econom\u00eda, Joseph Stiglitz, la Profesora de Econom\u00eda de la Innovaci\u00f3n y Valor P\u00fablico en la University College London, Mariana Mazzucato, el Ministro de Hacienda y Cr\u00e9dito P\u00fablico de Colombia, Jos\u00e9 Antonio Ocampo, y la Secretaria General de la Conferencia de las Naciones Unidas sobre Comercio y Desarrollo (UNCTAD), Rebeca Grynspan.<\/p>\n<p>Tanto el panel como la reuni\u00f3n de la CEPAL ser\u00e1n transmitidos \u00edntegramente en l\u00ednea por internet a trav\u00e9s de diferentes plataformas: el sitio https:\/\/live.cepal.org\/ y sus cuentas de Twitter <a href=\"https:\/\/twitter.com\/cepal_onu\">https:\/\/twitter.com\/cepal_onu<\/a>) y Facebook (<a href=\"https:\/\/www.facebook.com\/cepal.onu\">https:\/\/www.facebook.com\/cepal.onu<\/a>).<\/p>\n","protected":false},"excerpt":{"rendered":"<p>Am\u00e9rica Latina y el Caribe requiere de pol\u00edticas p\u00fablicas ambiciosas para superar la profunda crisis que vive en los \u00faltimos diez a\u00f1os. La regi\u00f3n est\u00e1 sumida en una crisis del desarrollo, en medio de una d\u00e9cada perdida, no puede transformar&hellip;<\/p>\n","protected":false},"author":43,"featured_media":1688121,"comment_status":"closed","ping_status":"closed","sticky":false,"template":"","format":"standard","meta":{"footnotes":""},"categories":[69,11389,81,106739,67],"tags":[20547,450,39921],"class_list":["post-1688120","post","type-post","status-publish","format-standard","has-post-thumbnail","hentry","category-america-central","category-contenido-original","category-economia-es","category-noticia","category-sudamerica","tag-america-latina-y-el-caribe","tag-cepal","tag-modelo-productivo"],"yoast_head":"<!-- This site is optimized with the Yoast SEO plugin v27.1.1 - https:\/\/yoast.com\/product\/yoast-seo-wordpress\/ -->\n<title>Am\u00e9rica Latina y el Caribe debe transformar los modelos de desarrollo y centrarse en pol\u00edticas de transformaci\u00f3n y diversificaci\u00f3n productiva<\/title>\n<meta name=\"description\" content=\"Am\u00e9rica Latina y el Caribe requiere de pol\u00edticas p\u00fablicas ambiciosas para superar la profunda crisis que vive en los \u00faltimos diez a\u00f1os. La regi\u00f3n est\u00e1\" \/>\n<meta name=\"robots\" content=\"index, follow, max-snippet:-1, max-image-preview:large, max-video-preview:-1\" \/>\n<link rel=\"canonical\" href=\"https:\/\/www.pressenza.com\/es\/2022\/10\/america-latina-y-el-caribe-debe-transformar-los-modelos-de-desarrollo-y-centrarse-en-politicas-de-transformacion-y-diversificacion-productiva\/\" \/>\n<meta property=\"og:locale\" content=\"es_ES\" \/>\n<meta property=\"og:type\" content=\"article\" \/>\n<meta property=\"og:title\" content=\"Am\u00e9rica Latina y el Caribe debe transformar los modelos de desarrollo y centrarse en pol\u00edticas de transformaci\u00f3n y diversificaci\u00f3n productiva\" \/>\n<meta property=\"og:description\" content=\"Am\u00e9rica Latina y el Caribe requiere de pol\u00edticas p\u00fablicas ambiciosas para superar la profunda crisis que vive en los \u00faltimos diez a\u00f1os. La regi\u00f3n est\u00e1\" \/>\n<meta property=\"og:url\" content=\"https:\/\/www.pressenza.com\/es\/2022\/10\/america-latina-y-el-caribe-debe-transformar-los-modelos-de-desarrollo-y-centrarse-en-politicas-de-transformacion-y-diversificacion-productiva\/\" \/>\n<meta property=\"og:site_name\" content=\"Pressenza\" \/>\n<meta property=\"article:publisher\" content=\"https:\/\/www.facebook.com\/PressenzaItalia\" \/>\n<meta property=\"article:author\" content=\"https:\/\/www.facebook.com\/pressenza\" \/>\n<meta property=\"article:published_time\" content=\"2022-10-23T14:03:55+00:00\" \/>\n<meta property=\"og:image\" content=\"https:\/\/www.pressenza.com\/wp-content\/uploads\/2022\/10\/image002.jpg\" \/>\n\t<meta property=\"og:image:width\" content=\"675\" \/>\n\t<meta property=\"og:image:height\" content=\"380\" \/>\n\t<meta property=\"og:image:type\" content=\"image\/jpeg\" \/>\n<meta name=\"author\" content=\"Redacci\u00f3n Chile\" \/>\n<meta name=\"twitter:card\" content=\"summary_large_image\" \/>\n<meta name=\"twitter:creator\" content=\"@pressenza\" \/>\n<meta name=\"twitter:site\" content=\"@PressenzaIPA\" \/>\n<meta name=\"twitter:label1\" content=\"Escrito por\" \/>\n\t<meta name=\"twitter:data1\" content=\"Redacci\u00f3n Chile\" \/>\n\t<meta name=\"twitter:label2\" content=\"Tiempo de lectura\" \/>\n\t<meta name=\"twitter:data2\" content=\"6 minutos\" \/>\n<script type=\"application\/ld+json\" class=\"yoast-schema-graph\">{\"@context\":\"https:\/\/schema.org\",\"@graph\":[{\"@type\":\"Article\",\"@id\":\"https:\/\/www.pressenza.com\/es\/2022\/10\/america-latina-y-el-caribe-debe-transformar-los-modelos-de-desarrollo-y-centrarse-en-politicas-de-transformacion-y-diversificacion-productiva\/#article\",\"isPartOf\":{\"@id\":\"https:\/\/www.pressenza.com\/es\/2022\/10\/america-latina-y-el-caribe-debe-transformar-los-modelos-de-desarrollo-y-centrarse-en-politicas-de-transformacion-y-diversificacion-productiva\/\"},\"author\":{\"name\":\"Redacci\u00f3n Chile\",\"@id\":\"https:\/\/www.pressenza.com\/es\/#\/schema\/person\/d7db40df35d6698ba69ba9ee260944ed\"},\"headline\":\"Am\u00e9rica Latina y el Caribe debe transformar los modelos de desarrollo y centrarse en pol\u00edticas de transformaci\u00f3n y diversificaci\u00f3n productiva\",\"datePublished\":\"2022-10-23T14:03:55+00:00\",\"mainEntityOfPage\":{\"@id\":\"https:\/\/www.pressenza.com\/es\/2022\/10\/america-latina-y-el-caribe-debe-transformar-los-modelos-de-desarrollo-y-centrarse-en-politicas-de-transformacion-y-diversificacion-productiva\/\"},\"wordCount\":1301,\"publisher\":{\"@id\":\"https:\/\/www.pressenza.com\/es\/#organization\"},\"image\":{\"@id\":\"https:\/\/www.pressenza.com\/es\/2022\/10\/america-latina-y-el-caribe-debe-transformar-los-modelos-de-desarrollo-y-centrarse-en-politicas-de-transformacion-y-diversificacion-productiva\/#primaryimage\"},\"thumbnailUrl\":\"https:\/\/www.pressenza.com\/wp-content\/uploads\/2022\/10\/image002.jpg\",\"keywords\":[\"Am\u00e9rica Latina y el Caribe\",\"CEPAL\",\"modelo productivo\"],\"articleSection\":[\"Am\u00e9rica Central\",\"Contenido Original\",\"Econom\u00eda\",\"Noticia\",\"Sudam\u00e9rica\"],\"inLanguage\":\"es\"},{\"@type\":\"WebPage\",\"@id\":\"https:\/\/www.pressenza.com\/es\/2022\/10\/america-latina-y-el-caribe-debe-transformar-los-modelos-de-desarrollo-y-centrarse-en-politicas-de-transformacion-y-diversificacion-productiva\/\",\"url\":\"https:\/\/www.pressenza.com\/es\/2022\/10\/america-latina-y-el-caribe-debe-transformar-los-modelos-de-desarrollo-y-centrarse-en-politicas-de-transformacion-y-diversificacion-productiva\/\",\"name\":\"Am\u00e9rica Latina y el Caribe debe transformar los modelos de desarrollo y centrarse en pol\u00edticas de transformaci\u00f3n y diversificaci\u00f3n productiva\",\"isPartOf\":{\"@id\":\"https:\/\/www.pressenza.com\/es\/#website\"},\"primaryImageOfPage\":{\"@id\":\"https:\/\/www.pressenza.com\/es\/2022\/10\/america-latina-y-el-caribe-debe-transformar-los-modelos-de-desarrollo-y-centrarse-en-politicas-de-transformacion-y-diversificacion-productiva\/#primaryimage\"},\"image\":{\"@id\":\"https:\/\/www.pressenza.com\/es\/2022\/10\/america-latina-y-el-caribe-debe-transformar-los-modelos-de-desarrollo-y-centrarse-en-politicas-de-transformacion-y-diversificacion-productiva\/#primaryimage\"},\"thumbnailUrl\":\"https:\/\/www.pressenza.com\/wp-content\/uploads\/2022\/10\/image002.jpg\",\"datePublished\":\"2022-10-23T14:03:55+00:00\",\"description\":\"Am\u00e9rica Latina y el Caribe requiere de pol\u00edticas p\u00fablicas ambiciosas para superar la profunda crisis que vive en los \u00faltimos diez a\u00f1os. La regi\u00f3n est\u00e1\",\"breadcrumb\":{\"@id\":\"https:\/\/www.pressenza.com\/es\/2022\/10\/america-latina-y-el-caribe-debe-transformar-los-modelos-de-desarrollo-y-centrarse-en-politicas-de-transformacion-y-diversificacion-productiva\/#breadcrumb\"},\"inLanguage\":\"es\",\"potentialAction\":[{\"@type\":\"ReadAction\",\"target\":[\"https:\/\/www.pressenza.com\/es\/2022\/10\/america-latina-y-el-caribe-debe-transformar-los-modelos-de-desarrollo-y-centrarse-en-politicas-de-transformacion-y-diversificacion-productiva\/\"]}]},{\"@type\":\"ImageObject\",\"inLanguage\":\"es\",\"@id\":\"https:\/\/www.pressenza.com\/es\/2022\/10\/america-latina-y-el-caribe-debe-transformar-los-modelos-de-desarrollo-y-centrarse-en-politicas-de-transformacion-y-diversificacion-productiva\/#primaryimage\",\"url\":\"https:\/\/www.pressenza.com\/wp-content\/uploads\/2022\/10\/image002.jpg\",\"contentUrl\":\"https:\/\/www.pressenza.com\/wp-content\/uploads\/2022\/10\/image002.jpg\",\"width\":675,\"height\":380,\"caption\":\"CEPAL\"},{\"@type\":\"BreadcrumbList\",\"@id\":\"https:\/\/www.pressenza.com\/es\/2022\/10\/america-latina-y-el-caribe-debe-transformar-los-modelos-de-desarrollo-y-centrarse-en-politicas-de-transformacion-y-diversificacion-productiva\/#breadcrumb\",\"itemListElement\":[{\"@type\":\"ListItem\",\"position\":1,\"name\":\"Accueil\",\"item\":\"https:\/\/www.pressenza.com\/es\/\"},{\"@type\":\"ListItem\",\"position\":2,\"name\":\"Am\u00e9rica Latina y el Caribe debe transformar los modelos de desarrollo y centrarse en pol\u00edticas de transformaci\u00f3n y diversificaci\u00f3n productiva\"}]},{\"@type\":\"WebSite\",\"@id\":\"https:\/\/www.pressenza.com\/es\/#website\",\"url\":\"https:\/\/www.pressenza.com\/es\/\",\"name\":\"Pressenza\",\"description\":\"International Press Agency\",\"publisher\":{\"@id\":\"https:\/\/www.pressenza.com\/es\/#organization\"},\"potentialAction\":[{\"@type\":\"SearchAction\",\"target\":{\"@type\":\"EntryPoint\",\"urlTemplate\":\"https:\/\/www.pressenza.com\/es\/?s={search_term_string}\"},\"query-input\":{\"@type\":\"PropertyValueSpecification\",\"valueRequired\":true,\"valueName\":\"search_term_string\"}}],\"inLanguage\":\"es\"},{\"@type\":\"Organization\",\"@id\":\"https:\/\/www.pressenza.com\/es\/#organization\",\"name\":\"Pressenza\",\"url\":\"https:\/\/www.pressenza.com\/es\/\",\"logo\":{\"@type\":\"ImageObject\",\"inLanguage\":\"es\",\"@id\":\"https:\/\/www.pressenza.com\/es\/#\/schema\/logo\/image\/\",\"url\":\"https:\/\/www.pressenza.com\/wp-content\/uploads\/2022\/10\/pressenza_logo_200x200.jpg\",\"contentUrl\":\"https:\/\/www.pressenza.com\/wp-content\/uploads\/2022\/10\/pressenza_logo_200x200.jpg\",\"width\":200,\"height\":200,\"caption\":\"Pressenza\"},\"image\":{\"@id\":\"https:\/\/www.pressenza.com\/es\/#\/schema\/logo\/image\/\"},\"sameAs\":[\"https:\/\/www.facebook.com\/PressenzaItalia\",\"https:\/\/x.com\/PressenzaIPA\"]},{\"@type\":\"Person\",\"@id\":\"https:\/\/www.pressenza.com\/es\/#\/schema\/person\/d7db40df35d6698ba69ba9ee260944ed\",\"name\":\"Redacci\u00f3n Chile\",\"description\":\"News from the Pressenza Bureau in Chile\",\"sameAs\":[\"https:\/\/www.facebook.com\/pressenza\",\"https:\/\/x.com\/pressenza\"],\"url\":\"https:\/\/www.pressenza.com\/es\/author\/redaccion-chile\/\"}]}<\/script>\n<!-- \/ Yoast SEO plugin. -->","yoast_head_json":{"title":"Am\u00e9rica Latina y el Caribe debe transformar los modelos de desarrollo y centrarse en pol\u00edticas de transformaci\u00f3n y diversificaci\u00f3n productiva","description":"Am\u00e9rica Latina y el Caribe requiere de pol\u00edticas p\u00fablicas ambiciosas para superar la profunda crisis que vive en los \u00faltimos diez a\u00f1os. La regi\u00f3n est\u00e1","robots":{"index":"index","follow":"follow","max-snippet":"max-snippet:-1","max-image-preview":"max-image-preview:large","max-video-preview":"max-video-preview:-1"},"canonical":"https:\/\/www.pressenza.com\/es\/2022\/10\/america-latina-y-el-caribe-debe-transformar-los-modelos-de-desarrollo-y-centrarse-en-politicas-de-transformacion-y-diversificacion-productiva\/","og_locale":"es_ES","og_type":"article","og_title":"Am\u00e9rica Latina y el Caribe debe transformar los modelos de desarrollo y centrarse en pol\u00edticas de transformaci\u00f3n y diversificaci\u00f3n productiva","og_description":"Am\u00e9rica Latina y el Caribe requiere de pol\u00edticas p\u00fablicas ambiciosas para superar la profunda crisis que vive en los \u00faltimos diez a\u00f1os. La regi\u00f3n est\u00e1","og_url":"https:\/\/www.pressenza.com\/es\/2022\/10\/america-latina-y-el-caribe-debe-transformar-los-modelos-de-desarrollo-y-centrarse-en-politicas-de-transformacion-y-diversificacion-productiva\/","og_site_name":"Pressenza","article_publisher":"https:\/\/www.facebook.com\/PressenzaItalia","article_author":"https:\/\/www.facebook.com\/pressenza","article_published_time":"2022-10-23T14:03:55+00:00","og_image":[{"width":675,"height":380,"url":"https:\/\/www.pressenza.com\/wp-content\/uploads\/2022\/10\/image002.jpg","type":"image\/jpeg"}],"author":"Redacci\u00f3n Chile","twitter_card":"summary_large_image","twitter_creator":"@pressenza","twitter_site":"@PressenzaIPA","twitter_misc":{"Escrito por":"Redacci\u00f3n Chile","Tiempo de lectura":"6 minutos"},"schema":{"@context":"https:\/\/schema.org","@graph":[{"@type":"Article","@id":"https:\/\/www.pressenza.com\/es\/2022\/10\/america-latina-y-el-caribe-debe-transformar-los-modelos-de-desarrollo-y-centrarse-en-politicas-de-transformacion-y-diversificacion-productiva\/#article","isPartOf":{"@id":"https:\/\/www.pressenza.com\/es\/2022\/10\/america-latina-y-el-caribe-debe-transformar-los-modelos-de-desarrollo-y-centrarse-en-politicas-de-transformacion-y-diversificacion-productiva\/"},"author":{"name":"Redacci\u00f3n Chile","@id":"https:\/\/www.pressenza.com\/es\/#\/schema\/person\/d7db40df35d6698ba69ba9ee260944ed"},"headline":"Am\u00e9rica Latina y el Caribe debe transformar los modelos de desarrollo y centrarse en pol\u00edticas de transformaci\u00f3n y diversificaci\u00f3n productiva","datePublished":"2022-10-23T14:03:55+00:00","mainEntityOfPage":{"@id":"https:\/\/www.pressenza.com\/es\/2022\/10\/america-latina-y-el-caribe-debe-transformar-los-modelos-de-desarrollo-y-centrarse-en-politicas-de-transformacion-y-diversificacion-productiva\/"},"wordCount":1301,"publisher":{"@id":"https:\/\/www.pressenza.com\/es\/#organization"},"image":{"@id":"https:\/\/www.pressenza.com\/es\/2022\/10\/america-latina-y-el-caribe-debe-transformar-los-modelos-de-desarrollo-y-centrarse-en-politicas-de-transformacion-y-diversificacion-productiva\/#primaryimage"},"thumbnailUrl":"https:\/\/www.pressenza.com\/wp-content\/uploads\/2022\/10\/image002.jpg","keywords":["Am\u00e9rica Latina y el Caribe","CEPAL","modelo productivo"],"articleSection":["Am\u00e9rica Central","Contenido Original","Econom\u00eda","Noticia","Sudam\u00e9rica"],"inLanguage":"es"},{"@type":"WebPage","@id":"https:\/\/www.pressenza.com\/es\/2022\/10\/america-latina-y-el-caribe-debe-transformar-los-modelos-de-desarrollo-y-centrarse-en-politicas-de-transformacion-y-diversificacion-productiva\/","url":"https:\/\/www.pressenza.com\/es\/2022\/10\/america-latina-y-el-caribe-debe-transformar-los-modelos-de-desarrollo-y-centrarse-en-politicas-de-transformacion-y-diversificacion-productiva\/","name":"Am\u00e9rica Latina y el Caribe debe transformar los modelos de desarrollo y centrarse en pol\u00edticas de transformaci\u00f3n y diversificaci\u00f3n productiva","isPartOf":{"@id":"https:\/\/www.pressenza.com\/es\/#website"},"primaryImageOfPage":{"@id":"https:\/\/www.pressenza.com\/es\/2022\/10\/america-latina-y-el-caribe-debe-transformar-los-modelos-de-desarrollo-y-centrarse-en-politicas-de-transformacion-y-diversificacion-productiva\/#primaryimage"},"image":{"@id":"https:\/\/www.pressenza.com\/es\/2022\/10\/america-latina-y-el-caribe-debe-transformar-los-modelos-de-desarrollo-y-centrarse-en-politicas-de-transformacion-y-diversificacion-productiva\/#primaryimage"},"thumbnailUrl":"https:\/\/www.pressenza.com\/wp-content\/uploads\/2022\/10\/image002.jpg","datePublished":"2022-10-23T14:03:55+00:00","description":"Am\u00e9rica Latina y el Caribe requiere de pol\u00edticas p\u00fablicas ambiciosas para superar la profunda crisis que vive en los \u00faltimos diez a\u00f1os. La regi\u00f3n est\u00e1","breadcrumb":{"@id":"https:\/\/www.pressenza.com\/es\/2022\/10\/america-latina-y-el-caribe-debe-transformar-los-modelos-de-desarrollo-y-centrarse-en-politicas-de-transformacion-y-diversificacion-productiva\/#breadcrumb"},"inLanguage":"es","potentialAction":[{"@type":"ReadAction","target":["https:\/\/www.pressenza.com\/es\/2022\/10\/america-latina-y-el-caribe-debe-transformar-los-modelos-de-desarrollo-y-centrarse-en-politicas-de-transformacion-y-diversificacion-productiva\/"]}]},{"@type":"ImageObject","inLanguage":"es","@id":"https:\/\/www.pressenza.com\/es\/2022\/10\/america-latina-y-el-caribe-debe-transformar-los-modelos-de-desarrollo-y-centrarse-en-politicas-de-transformacion-y-diversificacion-productiva\/#primaryimage","url":"https:\/\/www.pressenza.com\/wp-content\/uploads\/2022\/10\/image002.jpg","contentUrl":"https:\/\/www.pressenza.com\/wp-content\/uploads\/2022\/10\/image002.jpg","width":675,"height":380,"caption":"CEPAL"},{"@type":"BreadcrumbList","@id":"https:\/\/www.pressenza.com\/es\/2022\/10\/america-latina-y-el-caribe-debe-transformar-los-modelos-de-desarrollo-y-centrarse-en-politicas-de-transformacion-y-diversificacion-productiva\/#breadcrumb","itemListElement":[{"@type":"ListItem","position":1,"name":"Accueil","item":"https:\/\/www.pressenza.com\/es\/"},{"@type":"ListItem","position":2,"name":"Am\u00e9rica Latina y el Caribe debe transformar los modelos de desarrollo y centrarse en pol\u00edticas de transformaci\u00f3n y diversificaci\u00f3n productiva"}]},{"@type":"WebSite","@id":"https:\/\/www.pressenza.com\/es\/#website","url":"https:\/\/www.pressenza.com\/es\/","name":"Pressenza","description":"International Press Agency","publisher":{"@id":"https:\/\/www.pressenza.com\/es\/#organization"},"potentialAction":[{"@type":"SearchAction","target":{"@type":"EntryPoint","urlTemplate":"https:\/\/www.pressenza.com\/es\/?s={search_term_string}"},"query-input":{"@type":"PropertyValueSpecification","valueRequired":true,"valueName":"search_term_string"}}],"inLanguage":"es"},{"@type":"Organization","@id":"https:\/\/www.pressenza.com\/es\/#organization","name":"Pressenza","url":"https:\/\/www.pressenza.com\/es\/","logo":{"@type":"ImageObject","inLanguage":"es","@id":"https:\/\/www.pressenza.com\/es\/#\/schema\/logo\/image\/","url":"https:\/\/www.pressenza.com\/wp-content\/uploads\/2022\/10\/pressenza_logo_200x200.jpg","contentUrl":"https:\/\/www.pressenza.com\/wp-content\/uploads\/2022\/10\/pressenza_logo_200x200.jpg","width":200,"height":200,"caption":"Pressenza"},"image":{"@id":"https:\/\/www.pressenza.com\/es\/#\/schema\/logo\/image\/"},"sameAs":["https:\/\/www.facebook.com\/PressenzaItalia","https:\/\/x.com\/PressenzaIPA"]},{"@type":"Person","@id":"https:\/\/www.pressenza.com\/es\/#\/schema\/person\/d7db40df35d6698ba69ba9ee260944ed","name":"Redacci\u00f3n Chile","description":"News from the Pressenza Bureau in Chile","sameAs":["https:\/\/www.facebook.com\/pressenza","https:\/\/x.com\/pressenza"],"url":"https:\/\/www.pressenza.com\/es\/author\/redaccion-chile\/"}]}},"place":"Santiago de Chile","original_article_url":"","_links":{"self":[{"href":"https:\/\/www.pressenza.com\/es\/wp-json\/wp\/v2\/posts\/1688120","targetHints":{"allow":["GET"]}}],"collection":[{"href":"https:\/\/www.pressenza.com\/es\/wp-json\/wp\/v2\/posts"}],"about":[{"href":"https:\/\/www.pressenza.com\/es\/wp-json\/wp\/v2\/types\/post"}],"author":[{"embeddable":true,"href":"https:\/\/www.pressenza.com\/es\/wp-json\/wp\/v2\/users\/43"}],"replies":[{"embeddable":true,"href":"https:\/\/www.pressenza.com\/es\/wp-json\/wp\/v2\/comments?post=1688120"}],"version-history":[{"count":0,"href":"https:\/\/www.pressenza.com\/es\/wp-json\/wp\/v2\/posts\/1688120\/revisions"}],"wp:featuredmedia":[{"embeddable":true,"href":"https:\/\/www.pressenza.com\/es\/wp-json\/wp\/v2\/media\/1688121"}],"wp:attachment":[{"href":"https:\/\/www.pressenza.com\/es\/wp-json\/wp\/v2\/media?parent=1688120"}],"wp:term":[{"taxonomy":"category","embeddable":true,"href":"https:\/\/www.pressenza.com\/es\/wp-json\/wp\/v2\/categories?post=1688120"},{"taxonomy":"post_tag","embeddable":true,"href":"https:\/\/www.pressenza.com\/es\/wp-json\/wp\/v2\/tags?post=1688120"}],"curies":[{"name":"wp","href":"https:\/\/api.w.org\/{rel}","templated":true}]}}