{"id":1685116,"date":"2022-10-19T03:02:22","date_gmt":"2022-10-19T02:02:22","guid":{"rendered":"https:\/\/www.pressenza.com\/?p=1685116"},"modified":"2022-10-19T03:02:22","modified_gmt":"2022-10-19T02:02:22","slug":"el-premio-sajarov-y-el-caso-assange","status":"publish","type":"post","link":"https:\/\/www.pressenza.com\/es\/2022\/10\/el-premio-sajarov-y-el-caso-assange\/","title":{"rendered":"El Premio S\u00e1jarov y el caso Assange"},"content":{"rendered":"<p style=\"font-weight: 400;\">En los \u00faltimos d\u00edas han sucedido ya demasiadas cosas que no hubi\u00e9ramos cre\u00eddo que pudieran ocurrir.<\/p>\n<p style=\"font-weight: 400;\">As\u00ed que tratemos de imaginar el milagro: <strong>\u00abJulian Assange gana el Premio S\u00e1jarov a la Libertad de Conciencia\u00bb.<\/strong><\/p>\n<p style=\"font-weight: 400;\">Para los que no est\u00e1n familiarizados con el tema, Andrei S\u00e1jarov (1921-1989) es un f\u00edsico ruso nacido en una familia de clase alta en el periodo post-revolucionario. Estudi\u00f3 durante los dif\u00edciles a\u00f1os de la Segunda Guerra Mundial y luego se dedic\u00f3, entre otras cosas, al programa nuclear sovi\u00e9tico con esp\u00edritu patri\u00f3tico, actividad que continu\u00f3 durante la Guerra Fr\u00eda. Pero en la segunda mitad de la d\u00e9cada de 1950 se opuso a las pruebas nucleares con fines b\u00e9licos. Posteriormente, <strong>comenz\u00f3 a acercarse a los c\u00edrculos clandestinos de la disidencia<\/strong> y, en 1968, su ensayo <em>Progreso, convivencia y libertad intelectual<\/em> circul\u00f3 clandestinamente con \u00e9xito mundial, hasta el punto de ser publicado en el New York Times. Seg\u00fan S\u00e1jarov, es necesaria una ley de libertad de prensa e informaci\u00f3n para contrarrestar la censura y fomentar el esp\u00edritu cr\u00edtico y la b\u00fasqueda de la verdad. <strong>En 1975 gan\u00f3 el Premio Nobel de la Paz<\/strong>, pero el gobierno, adem\u00e1s de criticar duramente el premio y los criterios de concesi\u00f3n (dada su colaboraci\u00f3n en el plan nuclear sovi\u00e9tico) no le concedi\u00f3 un visado para salir de la URSS.<\/p>\n<p style=\"font-weight: 400;\">En su discurso, le\u00eddo por su esposa, que pudo recogerlo en su nombre, hay un pasaje que resuena en mi cabeza:<\/p>\n<p style=\"font-weight: 400;\"><em>\u00abEs intolerable pensar que, mientras estamos reunidos en esta sala para esta solemne ceremonia, cientos, miles de presos de conciencia sufren amargamente desde hace a\u00f1os el hambre, la falta de medicinas, el trabajo agotador; tiemblan de fr\u00edo, de humedad y de agotamiento en c\u00e1rceles semioscuras; se ven obligados a luchar sin cesar por su dignidad humana, a defender sus convicciones contra la m\u00e1quina de reeducaci\u00f3n, que en realidad les rompe el alma.\u00bb<\/em><\/p>\n<p style=\"font-weight: 400;\">Tras 7 a\u00f1os de reclusi\u00f3n en la embajada de Ecuador en Londres y 3 a\u00f1os de prisi\u00f3n en Belmarsch, <strong>Julian Assange es ahora candidato a un premio que seguramente no cambiar\u00e1 lo que ha vivido, pero que podr\u00eda ser un s\u00edmbolo<\/strong>. Un mensaje simb\u00f3lico al poder que, a pesar de tratarse esta vez del mundo occidental y democr\u00e1tico, sigue censurando, falseando la informaci\u00f3n, hipnotizando y reencarnando (m\u00e1s que reeducando) a trav\u00e9s de su beligerante propaganda.<\/p>\n<p style=\"font-weight: 400;\">Es intolerable pensar que, junto a Assange, tengamos como candidato al presidente ucraniano Zelensky, cuyo pensamiento nunca ha demostrado ning\u00fan tipo de libertad \u00fatil para el ser humano.<\/p>\n<p style=\"font-weight: 400;\">El Premio Nobel de la Paz fue concedido este a\u00f1o a tres partidos, entre ellos Memorial, la asociaci\u00f3n fundada por S\u00e1jarov en Rusia, cuya sede fue cerrada por el gobierno en abril de este a\u00f1o. Ser\u00eda impresionante ver el Premio S\u00e1jarov en los pr\u00f3ximos d\u00edas en manos de alg\u00fan representante de Juli\u00e1n, porque obviamente no podr\u00e1 recibirlo en persona, como s\u00edmbolo de desaf\u00edo al poder de esta otra parte, como para decirles a ambos: no sois invencibles, los humanos somos m\u00e1s fuertes.<\/p>\n<p style=\"font-weight: 400;\">\u00bfTendr\u00e1 la comisi\u00f3n que conceder\u00e1 el premio el valor de hacerlo?<\/p>\n<p style=\"font-weight: 400;\">El sitio web del Parlamento Europeo dice: <strong>\u00abEl Premio S\u00e1jarov cruza las fronteras, incluso las de los reg\u00edmenes represivos, para recompensar a los activistas de los derechos humanos y a los disidentes de todo el mundo.\u00bb<\/strong><\/p>\n<p style=\"font-weight: 400;\">Para nosotros, Julian Assange ya ha ganado.<\/p>\n","protected":false},"excerpt":{"rendered":"<p>En los \u00faltimos d\u00edas han sucedido ya demasiadas cosas que no hubi\u00e9ramos cre\u00eddo que pudieran ocurrir. As\u00ed que tratemos de imaginar el milagro: \u00abJulian Assange gana el Premio S\u00e1jarov a la Libertad de Conciencia\u00bb. Para los que no est\u00e1n familiarizados&hellip;<\/p>\n","protected":false},"author":1532,"featured_media":1684579,"comment_status":"closed","ping_status":"closed","sticky":false,"template":"","format":"standard","meta":{"footnotes":""},"categories":[11389,79,66,161],"tags":[5283,18151,54708,106625],"class_list":["post-1685116","post","type-post","status-publish","format-standard","has-post-thumbnail","hentry","category-contenido-original","category-derechos-humanos","category-europa-es","category-opiniones","tag-julian-assange-es","tag-libertad-de-pensamiento","tag-parlamento-europeo-es-2","tag-premio-sajarov-a-la-libertad-de-conciencia"],"yoast_head":"<!-- This site is optimized with the Yoast SEO plugin v27.1.1 - https:\/\/yoast.com\/product\/yoast-seo-wordpress\/ -->\n<title>El Premio S\u00e1jarov y el caso Assange<\/title>\n<meta name=\"description\" content=\"En los \u00faltimos d\u00edas han sucedido ya demasiadas cosas que no hubi\u00e9ramos cre\u00eddo que pudieran ocurrir. As\u00ed que tratemos de imaginar el milagro: &quot;Julian\" \/>\n<meta name=\"robots\" content=\"index, follow, max-snippet:-1, max-image-preview:large, max-video-preview:-1\" \/>\n<link rel=\"canonical\" href=\"https:\/\/www.pressenza.com\/es\/2022\/10\/el-premio-sajarov-y-el-caso-assange\/\" \/>\n<meta property=\"og:locale\" content=\"es_ES\" \/>\n<meta property=\"og:type\" content=\"article\" \/>\n<meta property=\"og:title\" content=\"El Premio S\u00e1jarov y el caso Assange\" \/>\n<meta property=\"og:description\" content=\"En los \u00faltimos d\u00edas han sucedido ya demasiadas cosas que no hubi\u00e9ramos cre\u00eddo que pudieran ocurrir. As\u00ed que tratemos de imaginar el milagro: &quot;Julian\" \/>\n<meta property=\"og:url\" content=\"https:\/\/www.pressenza.com\/es\/2022\/10\/el-premio-sajarov-y-el-caso-assange\/\" \/>\n<meta property=\"og:site_name\" content=\"Pressenza\" \/>\n<meta property=\"article:publisher\" content=\"https:\/\/www.facebook.com\/PressenzaItalia\" \/>\n<meta property=\"article:published_time\" content=\"2022-10-19T02:02:22+00:00\" \/>\n<meta property=\"og:image\" content=\"https:\/\/www.pressenza.com\/wp-content\/uploads\/2022\/10\/Assange.jpg\" \/>\n\t<meta property=\"og:image:width\" content=\"820\" \/>\n\t<meta property=\"og:image:height\" content=\"546\" \/>\n\t<meta property=\"og:image:type\" content=\"image\/jpeg\" \/>\n<meta name=\"author\" content=\"Silvia Nocera\" \/>\n<meta name=\"twitter:card\" content=\"summary_large_image\" \/>\n<meta name=\"twitter:creator\" content=\"@PressenzaIPA\" \/>\n<meta name=\"twitter:site\" content=\"@PressenzaIPA\" \/>\n<meta name=\"twitter:label1\" content=\"Escrito por\" \/>\n\t<meta name=\"twitter:data1\" content=\"Silvia Nocera\" \/>\n\t<meta name=\"twitter:label2\" content=\"Tiempo de lectura\" \/>\n\t<meta name=\"twitter:data2\" content=\"3 minutos\" \/>\n<script type=\"application\/ld+json\" class=\"yoast-schema-graph\">{\"@context\":\"https:\/\/schema.org\",\"@graph\":[{\"@type\":\"Article\",\"@id\":\"https:\/\/www.pressenza.com\/es\/2022\/10\/el-premio-sajarov-y-el-caso-assange\/#article\",\"isPartOf\":{\"@id\":\"https:\/\/www.pressenza.com\/es\/2022\/10\/el-premio-sajarov-y-el-caso-assange\/\"},\"author\":{\"name\":\"Silvia Nocera\",\"@id\":\"https:\/\/www.pressenza.com\/es\/#\/schema\/person\/a49f2c2a2c16e6fcc17c681539aaa1c6\"},\"headline\":\"El Premio S\u00e1jarov y el caso Assange\",\"datePublished\":\"2022-10-19T02:02:22+00:00\",\"mainEntityOfPage\":{\"@id\":\"https:\/\/www.pressenza.com\/es\/2022\/10\/el-premio-sajarov-y-el-caso-assange\/\"},\"wordCount\":611,\"publisher\":{\"@id\":\"https:\/\/www.pressenza.com\/es\/#organization\"},\"image\":{\"@id\":\"https:\/\/www.pressenza.com\/es\/2022\/10\/el-premio-sajarov-y-el-caso-assange\/#primaryimage\"},\"thumbnailUrl\":\"https:\/\/www.pressenza.com\/wp-content\/uploads\/2022\/10\/Assange.jpg\",\"keywords\":[\"Julian Assange\",\"Libertad de pensamiento\",\"Parlamento Europeo\",\"Premio S\u00e1jarov a la Libertad de Conciencia\"],\"articleSection\":[\"Contenido Original\",\"Derechos Humanos\",\"Europa\",\"Opiniones\"],\"inLanguage\":\"es\"},{\"@type\":\"WebPage\",\"@id\":\"https:\/\/www.pressenza.com\/es\/2022\/10\/el-premio-sajarov-y-el-caso-assange\/\",\"url\":\"https:\/\/www.pressenza.com\/es\/2022\/10\/el-premio-sajarov-y-el-caso-assange\/\",\"name\":\"El Premio S\u00e1jarov y el caso Assange\",\"isPartOf\":{\"@id\":\"https:\/\/www.pressenza.com\/es\/#website\"},\"primaryImageOfPage\":{\"@id\":\"https:\/\/www.pressenza.com\/es\/2022\/10\/el-premio-sajarov-y-el-caso-assange\/#primaryimage\"},\"image\":{\"@id\":\"https:\/\/www.pressenza.com\/es\/2022\/10\/el-premio-sajarov-y-el-caso-assange\/#primaryimage\"},\"thumbnailUrl\":\"https:\/\/www.pressenza.com\/wp-content\/uploads\/2022\/10\/Assange.jpg\",\"datePublished\":\"2022-10-19T02:02:22+00:00\",\"description\":\"En los \u00faltimos d\u00edas han sucedido ya demasiadas cosas que no hubi\u00e9ramos cre\u00eddo que pudieran ocurrir. As\u00ed que tratemos de imaginar el milagro: \\\"Julian\",\"breadcrumb\":{\"@id\":\"https:\/\/www.pressenza.com\/es\/2022\/10\/el-premio-sajarov-y-el-caso-assange\/#breadcrumb\"},\"inLanguage\":\"es\",\"potentialAction\":[{\"@type\":\"ReadAction\",\"target\":[\"https:\/\/www.pressenza.com\/es\/2022\/10\/el-premio-sajarov-y-el-caso-assange\/\"]}]},{\"@type\":\"ImageObject\",\"inLanguage\":\"es\",\"@id\":\"https:\/\/www.pressenza.com\/es\/2022\/10\/el-premio-sajarov-y-el-caso-assange\/#primaryimage\",\"url\":\"https:\/\/www.pressenza.com\/wp-content\/uploads\/2022\/10\/Assange.jpg\",\"contentUrl\":\"https:\/\/www.pressenza.com\/wp-content\/uploads\/2022\/10\/Assange.jpg\",\"width\":820,\"height\":546},{\"@type\":\"BreadcrumbList\",\"@id\":\"https:\/\/www.pressenza.com\/es\/2022\/10\/el-premio-sajarov-y-el-caso-assange\/#breadcrumb\",\"itemListElement\":[{\"@type\":\"ListItem\",\"position\":1,\"name\":\"Accueil\",\"item\":\"https:\/\/www.pressenza.com\/es\/\"},{\"@type\":\"ListItem\",\"position\":2,\"name\":\"El Premio S\u00e1jarov y el caso Assange\"}]},{\"@type\":\"WebSite\",\"@id\":\"https:\/\/www.pressenza.com\/es\/#website\",\"url\":\"https:\/\/www.pressenza.com\/es\/\",\"name\":\"Pressenza\",\"description\":\"International Press Agency\",\"publisher\":{\"@id\":\"https:\/\/www.pressenza.com\/es\/#organization\"},\"potentialAction\":[{\"@type\":\"SearchAction\",\"target\":{\"@type\":\"EntryPoint\",\"urlTemplate\":\"https:\/\/www.pressenza.com\/es\/?s={search_term_string}\"},\"query-input\":{\"@type\":\"PropertyValueSpecification\",\"valueRequired\":true,\"valueName\":\"search_term_string\"}}],\"inLanguage\":\"es\"},{\"@type\":\"Organization\",\"@id\":\"https:\/\/www.pressenza.com\/es\/#organization\",\"name\":\"Pressenza\",\"url\":\"https:\/\/www.pressenza.com\/es\/\",\"logo\":{\"@type\":\"ImageObject\",\"inLanguage\":\"es\",\"@id\":\"https:\/\/www.pressenza.com\/es\/#\/schema\/logo\/image\/\",\"url\":\"https:\/\/www.pressenza.com\/wp-content\/uploads\/2022\/10\/pressenza_logo_200x200.jpg\",\"contentUrl\":\"https:\/\/www.pressenza.com\/wp-content\/uploads\/2022\/10\/pressenza_logo_200x200.jpg\",\"width\":200,\"height\":200,\"caption\":\"Pressenza\"},\"image\":{\"@id\":\"https:\/\/www.pressenza.com\/es\/#\/schema\/logo\/image\/\"},\"sameAs\":[\"https:\/\/www.facebook.com\/PressenzaItalia\",\"https:\/\/x.com\/PressenzaIPA\"]},{\"@type\":\"Person\",\"@id\":\"https:\/\/www.pressenza.com\/es\/#\/schema\/person\/a49f2c2a2c16e6fcc17c681539aaa1c6\",\"name\":\"Silvia Nocera\",\"description\":\"Classe 1968. Scrittrice e traduttrice free lance. Da sempre impegnata nel superamento della sofferenza personale e sociale. Responsabile dello sviluppo italiano dell'associazione Centro delle Culture fino al 2007, dal 2009 Messaggera di Silo. silvianocera.net\",\"sameAs\":[\"https:\/\/silvianocera.net\"],\"url\":\"https:\/\/www.pressenza.com\/es\/author\/silvia-nocera\/\"}]}<\/script>\n<!-- \/ Yoast SEO plugin. -->","yoast_head_json":{"title":"El Premio S\u00e1jarov y el caso Assange","description":"En los \u00faltimos d\u00edas han sucedido ya demasiadas cosas que no hubi\u00e9ramos cre\u00eddo que pudieran ocurrir. As\u00ed que tratemos de imaginar el milagro: \"Julian","robots":{"index":"index","follow":"follow","max-snippet":"max-snippet:-1","max-image-preview":"max-image-preview:large","max-video-preview":"max-video-preview:-1"},"canonical":"https:\/\/www.pressenza.com\/es\/2022\/10\/el-premio-sajarov-y-el-caso-assange\/","og_locale":"es_ES","og_type":"article","og_title":"El Premio S\u00e1jarov y el caso Assange","og_description":"En los \u00faltimos d\u00edas han sucedido ya demasiadas cosas que no hubi\u00e9ramos cre\u00eddo que pudieran ocurrir. As\u00ed que tratemos de imaginar el milagro: \"Julian","og_url":"https:\/\/www.pressenza.com\/es\/2022\/10\/el-premio-sajarov-y-el-caso-assange\/","og_site_name":"Pressenza","article_publisher":"https:\/\/www.facebook.com\/PressenzaItalia","article_published_time":"2022-10-19T02:02:22+00:00","og_image":[{"width":820,"height":546,"url":"https:\/\/www.pressenza.com\/wp-content\/uploads\/2022\/10\/Assange.jpg","type":"image\/jpeg"}],"author":"Silvia Nocera","twitter_card":"summary_large_image","twitter_creator":"@PressenzaIPA","twitter_site":"@PressenzaIPA","twitter_misc":{"Escrito por":"Silvia Nocera","Tiempo de lectura":"3 minutos"},"schema":{"@context":"https:\/\/schema.org","@graph":[{"@type":"Article","@id":"https:\/\/www.pressenza.com\/es\/2022\/10\/el-premio-sajarov-y-el-caso-assange\/#article","isPartOf":{"@id":"https:\/\/www.pressenza.com\/es\/2022\/10\/el-premio-sajarov-y-el-caso-assange\/"},"author":{"name":"Silvia Nocera","@id":"https:\/\/www.pressenza.com\/es\/#\/schema\/person\/a49f2c2a2c16e6fcc17c681539aaa1c6"},"headline":"El Premio S\u00e1jarov y el caso Assange","datePublished":"2022-10-19T02:02:22+00:00","mainEntityOfPage":{"@id":"https:\/\/www.pressenza.com\/es\/2022\/10\/el-premio-sajarov-y-el-caso-assange\/"},"wordCount":611,"publisher":{"@id":"https:\/\/www.pressenza.com\/es\/#organization"},"image":{"@id":"https:\/\/www.pressenza.com\/es\/2022\/10\/el-premio-sajarov-y-el-caso-assange\/#primaryimage"},"thumbnailUrl":"https:\/\/www.pressenza.com\/wp-content\/uploads\/2022\/10\/Assange.jpg","keywords":["Julian Assange","Libertad de pensamiento","Parlamento Europeo","Premio S\u00e1jarov a la Libertad de Conciencia"],"articleSection":["Contenido Original","Derechos Humanos","Europa","Opiniones"],"inLanguage":"es"},{"@type":"WebPage","@id":"https:\/\/www.pressenza.com\/es\/2022\/10\/el-premio-sajarov-y-el-caso-assange\/","url":"https:\/\/www.pressenza.com\/es\/2022\/10\/el-premio-sajarov-y-el-caso-assange\/","name":"El Premio S\u00e1jarov y el caso Assange","isPartOf":{"@id":"https:\/\/www.pressenza.com\/es\/#website"},"primaryImageOfPage":{"@id":"https:\/\/www.pressenza.com\/es\/2022\/10\/el-premio-sajarov-y-el-caso-assange\/#primaryimage"},"image":{"@id":"https:\/\/www.pressenza.com\/es\/2022\/10\/el-premio-sajarov-y-el-caso-assange\/#primaryimage"},"thumbnailUrl":"https:\/\/www.pressenza.com\/wp-content\/uploads\/2022\/10\/Assange.jpg","datePublished":"2022-10-19T02:02:22+00:00","description":"En los \u00faltimos d\u00edas han sucedido ya demasiadas cosas que no hubi\u00e9ramos cre\u00eddo que pudieran ocurrir. As\u00ed que tratemos de imaginar el milagro: \"Julian","breadcrumb":{"@id":"https:\/\/www.pressenza.com\/es\/2022\/10\/el-premio-sajarov-y-el-caso-assange\/#breadcrumb"},"inLanguage":"es","potentialAction":[{"@type":"ReadAction","target":["https:\/\/www.pressenza.com\/es\/2022\/10\/el-premio-sajarov-y-el-caso-assange\/"]}]},{"@type":"ImageObject","inLanguage":"es","@id":"https:\/\/www.pressenza.com\/es\/2022\/10\/el-premio-sajarov-y-el-caso-assange\/#primaryimage","url":"https:\/\/www.pressenza.com\/wp-content\/uploads\/2022\/10\/Assange.jpg","contentUrl":"https:\/\/www.pressenza.com\/wp-content\/uploads\/2022\/10\/Assange.jpg","width":820,"height":546},{"@type":"BreadcrumbList","@id":"https:\/\/www.pressenza.com\/es\/2022\/10\/el-premio-sajarov-y-el-caso-assange\/#breadcrumb","itemListElement":[{"@type":"ListItem","position":1,"name":"Accueil","item":"https:\/\/www.pressenza.com\/es\/"},{"@type":"ListItem","position":2,"name":"El Premio S\u00e1jarov y el caso Assange"}]},{"@type":"WebSite","@id":"https:\/\/www.pressenza.com\/es\/#website","url":"https:\/\/www.pressenza.com\/es\/","name":"Pressenza","description":"International Press Agency","publisher":{"@id":"https:\/\/www.pressenza.com\/es\/#organization"},"potentialAction":[{"@type":"SearchAction","target":{"@type":"EntryPoint","urlTemplate":"https:\/\/www.pressenza.com\/es\/?s={search_term_string}"},"query-input":{"@type":"PropertyValueSpecification","valueRequired":true,"valueName":"search_term_string"}}],"inLanguage":"es"},{"@type":"Organization","@id":"https:\/\/www.pressenza.com\/es\/#organization","name":"Pressenza","url":"https:\/\/www.pressenza.com\/es\/","logo":{"@type":"ImageObject","inLanguage":"es","@id":"https:\/\/www.pressenza.com\/es\/#\/schema\/logo\/image\/","url":"https:\/\/www.pressenza.com\/wp-content\/uploads\/2022\/10\/pressenza_logo_200x200.jpg","contentUrl":"https:\/\/www.pressenza.com\/wp-content\/uploads\/2022\/10\/pressenza_logo_200x200.jpg","width":200,"height":200,"caption":"Pressenza"},"image":{"@id":"https:\/\/www.pressenza.com\/es\/#\/schema\/logo\/image\/"},"sameAs":["https:\/\/www.facebook.com\/PressenzaItalia","https:\/\/x.com\/PressenzaIPA"]},{"@type":"Person","@id":"https:\/\/www.pressenza.com\/es\/#\/schema\/person\/a49f2c2a2c16e6fcc17c681539aaa1c6","name":"Silvia Nocera","description":"Classe 1968. Scrittrice e traduttrice free lance. Da sempre impegnata nel superamento della sofferenza personale e sociale. Responsabile dello sviluppo italiano dell'associazione Centro delle Culture fino al 2007, dal 2009 Messaggera di Silo. silvianocera.net","sameAs":["https:\/\/silvianocera.net"],"url":"https:\/\/www.pressenza.com\/es\/author\/silvia-nocera\/"}]}},"place":"","original_article_url":"","_links":{"self":[{"href":"https:\/\/www.pressenza.com\/es\/wp-json\/wp\/v2\/posts\/1685116","targetHints":{"allow":["GET"]}}],"collection":[{"href":"https:\/\/www.pressenza.com\/es\/wp-json\/wp\/v2\/posts"}],"about":[{"href":"https:\/\/www.pressenza.com\/es\/wp-json\/wp\/v2\/types\/post"}],"author":[{"embeddable":true,"href":"https:\/\/www.pressenza.com\/es\/wp-json\/wp\/v2\/users\/1532"}],"replies":[{"embeddable":true,"href":"https:\/\/www.pressenza.com\/es\/wp-json\/wp\/v2\/comments?post=1685116"}],"version-history":[{"count":0,"href":"https:\/\/www.pressenza.com\/es\/wp-json\/wp\/v2\/posts\/1685116\/revisions"}],"wp:featuredmedia":[{"embeddable":true,"href":"https:\/\/www.pressenza.com\/es\/wp-json\/wp\/v2\/media\/1684579"}],"wp:attachment":[{"href":"https:\/\/www.pressenza.com\/es\/wp-json\/wp\/v2\/media?parent=1685116"}],"wp:term":[{"taxonomy":"category","embeddable":true,"href":"https:\/\/www.pressenza.com\/es\/wp-json\/wp\/v2\/categories?post=1685116"},{"taxonomy":"post_tag","embeddable":true,"href":"https:\/\/www.pressenza.com\/es\/wp-json\/wp\/v2\/tags?post=1685116"}],"curies":[{"name":"wp","href":"https:\/\/api.w.org\/{rel}","templated":true}]}}