{"id":1677390,"date":"2022-10-10T15:34:53","date_gmt":"2022-10-10T14:34:53","guid":{"rendered":"https:\/\/www.pressenza.com\/?p=1677390"},"modified":"2022-10-10T15:34:53","modified_gmt":"2022-10-10T14:34:53","slug":"activistas-de-rusia-ucrania-y-bielorrusia-ganan-nobel-de-la-paz","status":"publish","type":"post","link":"https:\/\/www.pressenza.com\/es\/2022\/10\/activistas-de-rusia-ucrania-y-bielorrusia-ganan-nobel-de-la-paz\/","title":{"rendered":"Activistas de Rusia, Ucrania y Bielorrusia ganan Nobel de la Paz"},"content":{"rendered":"<p>Un activista de derechos humanos preso en Bielorrusia, Ales Bialiatski, y las organizaciones Memorial y Centro por las Libertades Civiles, que defienden derechos civiles en Rusia y Ucrania, respectivamente, ganaron el Premio Nobel de la Paz 2022, anunci\u00f3 este viernes 7 la entidad que los otorga.<\/p>\n<p>Los tres ganadores de la sociedad civil \u201chan promovido durante muchos a\u00f1os el derecho a criticar el poder y proteger los derechos fundamentales de los ciudadanos\u201d, dijo la presidenta del Comit\u00e9 Noruego del Nobel, Berit Reiss-Andresen, al anunciar los premios en esta capital.<\/p>\n<p>\u201cHan realizado un esfuerzo extraordinario para documentar los cr\u00edmenes de guerra, los abusos de los derechos humanos y el abuso de poder. Juntos demuestran la importancia de la sociedad civil para la paz y la democracia\u201d, agreg\u00f3.<\/p>\n<p>Apenas conocido el anuncio, el secretario general de las Naciones Unidas, Ant\u00f3nio Guterres, expres\u00f3 que \u201cel reconocimiento de este a\u00f1o destaca el poder de la sociedad civil para promover la paz\u201d.<\/p>\n<p>\u201cLos grupos de la sociedad civil son el ox\u00edgeno de la democracia y los catalizadores de la paz, el progreso social y el crecimiento econ\u00f3mico. Ayudan a que los gobiernos rindan cuentas y llevan las voces de los vulnerables a los pasillos del poder\u201d, dijo Guterres.<\/p>\n<p>Bialiatski, de 60 a\u00f1os, director del centro de derechos humanos Viasn\u00e1 (Primavera), fue encarcelado entre 2011 y 2014 por el apoyo de su organizaci\u00f3n a la disidencia, y nuevamente en julio de 2021, como resultado del movimiento de protesta masivo contra la disputada reelecci\u00f3n del l\u00edder bielorruso Alexander Lukashenko.<\/p>\n<p>Convertido en uno de los m\u00e1s de 1300 presos pol\u00edticos en las c\u00e1rceles de Bielorrusia, y \u201ca pesar de sus tremendas dificultades personales\u201d, Bialiatski \u201cno ha cedido un cent\u00edmetro en su lucha por los derechos humanos y la democracia\u201d, destac\u00f3 la declaraci\u00f3n del Comit\u00e9.<\/p>\n<p>\u201cHan realizado un esfuerzo extraordinario para documentar los cr\u00edmenes de guerra, los abusos de los derechos humanos y el abuso de poder. Juntos demuestran la importancia de la sociedad civil para la paz y la democracia\u201d: Berit Reiss-Andresen.<br \/>\nMemorial es una de las organizaciones de derechos humanos m\u00e1s antiguas de Rusia, fundada por el ganador del Nobel de la Paz en 1975, el f\u00edsico nuclear Andrei Sajarov (1921-1989), activista contra la carrera armament\u00edstica.<\/p>\n<p>La organizaci\u00f3n documenta la situaci\u00f3n de los presos pol\u00edticos en Rusia y ha estado al frente de los esfuerzos para combatir el militarismo y promover los derechos humanos y un gobierno basado en el estado de derecho, destac\u00f3 el Comit\u00e9.<\/p>\n<p>Memorial fue catalogada por el poder ruso como un \u201cagente extranjero\u201d, y en diciembre de 2021 las autoridades decidieron cerrar definitivamente su centro de documentaci\u00f3n y dem\u00e1s sedes, aunque sus activistas siguen trabajando y \u201cnadie planea darse por vencido\u201d, seg\u00fan dijo su presidente, Yan Rachinsky.<\/p>\n<p>En Ucrania, desde la invasi\u00f3n rusa del 24 de febrero, el Centro para las Libertades Civiles comenz\u00f3 a documentar los abusos contra los derechos humanos cometidos por las fuerzas rusas y sus aliados, tras exponer los abusos contra esos derechos en la pen\u00ednsula de Crimea, ocupada por Rusia desde 2014.<\/p>\n<p>El Centro se fund\u00f3 en Kiev en 2007 para fortalecer la sociedad civil ucraniana y presionar a las autoridades para hacer de Ucrania una democracia de pleno derecho, por lo que defiende que su pa\u00eds se adhiera a la Corte Penal Internacional.<\/p>\n<p>Al otorgar el premio a los tres laureados, el Comit\u00e9 \u201cdesea honrar a tres destacados campeones de los derechos humanos, la democracia y la coexistencia pac\u00edfica en los pa\u00edses vecinos Bielorrusia, Rusia y Ucrania\u201d, indic\u00f3 la declaraci\u00f3n.<\/p>\n<p>\u201cA trav\u00e9s de sus constantes esfuerzos a favor de los valores humanistas, el antimilitarismo y los principios del derecho, los laureados de este a\u00f1o han revitalizado y honrado la visi\u00f3n de paz y fraternidad entre las naciones de Alfred Nobel (1833-1896), una visi\u00f3n muy necesaria en el mundo de hoy\u201d, concluy\u00f3.<\/p>\n<p>Para la edici\u00f3n 2022 del Nobel de la Paz se presentaron 342 candidaturas (251 personas y 92 organizaciones), y entre los favoritos figuraron el pueblo ucraniano, su presidente Volod\u00edmir Zelenski y el peri\u00f3dico digital The Kyiv Independent.<\/p>\n<p>El premio, remunerado con nueve millones de coronas suecas (804 000 d\u00f3lares) es decidido por un comit\u00e9 de cinco personas designado por el parlamento noruego, y se entrega en la alcald\u00eda de Oslo el 10 de diciembre, el mismo d\u00eda en que los laureados del a\u00f1o en otras categor\u00edas reciben el Nobel en Estocolmo.<\/p>\n","protected":false},"excerpt":{"rendered":"<p>Un activista de derechos humanos preso en Bielorrusia, Ales Bialiatski, y las organizaciones Memorial y Centro por las Libertades Civiles, que defienden derechos civiles en Rusia y Ucrania, respectivamente, ganaron el Premio Nobel de la Paz 2022, anunci\u00f3 este viernes&hellip;<\/p>\n","protected":false},"author":347,"featured_media":1677394,"comment_status":"closed","ping_status":"closed","sticky":false,"template":"","format":"standard","meta":{"footnotes":""},"categories":[66,1243],"tags":[5976],"class_list":["post-1677390","post","type-post","status-publish","format-standard","has-post-thumbnail","hentry","category-europa-es","category-paz-desarme","tag-premio-nobel-de-la-paz"],"yoast_head":"<!-- This site is optimized with the Yoast SEO plugin v27.1.1 - https:\/\/yoast.com\/product\/yoast-seo-wordpress\/ -->\n<title>Activistas de Rusia, Ucrania y Bielorrusia ganan Nobel de la Paz<\/title>\n<meta name=\"description\" content=\"Un activista de derechos humanos preso en Bielorrusia, Ales Bialiatski, y las organizaciones Memorial y Centro por las Libertades Civiles, que defienden\" \/>\n<meta name=\"robots\" content=\"index, follow, max-snippet:-1, max-image-preview:large, max-video-preview:-1\" \/>\n<link rel=\"canonical\" href=\"https:\/\/www.pressenza.com\/es\/2022\/10\/activistas-de-rusia-ucrania-y-bielorrusia-ganan-nobel-de-la-paz\/\" \/>\n<meta property=\"og:locale\" content=\"es_ES\" \/>\n<meta property=\"og:type\" content=\"article\" \/>\n<meta property=\"og:title\" content=\"Activistas de Rusia, Ucrania y Bielorrusia ganan Nobel de la Paz\" \/>\n<meta property=\"og:description\" content=\"Un activista de derechos humanos preso en Bielorrusia, Ales Bialiatski, y las organizaciones Memorial y Centro por las Libertades Civiles, que defienden\" \/>\n<meta property=\"og:url\" content=\"https:\/\/www.pressenza.com\/es\/2022\/10\/activistas-de-rusia-ucrania-y-bielorrusia-ganan-nobel-de-la-paz\/\" \/>\n<meta property=\"og:site_name\" content=\"Pressenza\" \/>\n<meta property=\"article:publisher\" content=\"https:\/\/www.facebook.com\/PressenzaItalia\" \/>\n<meta property=\"article:author\" content=\"http:\/\/www.facebook.com\/ipsnoticias\" \/>\n<meta property=\"article:published_time\" content=\"2022-10-10T14:34:53+00:00\" \/>\n<meta property=\"og:image\" content=\"https:\/\/www.pressenza.com\/wp-content\/uploads\/2022\/10\/Bialiatski-Stina-Stjernkvist-Right-Livelihood.jpg\" \/>\n\t<meta property=\"og:image:width\" content=\"976\" \/>\n\t<meta property=\"og:image:height\" content=\"651\" \/>\n\t<meta property=\"og:image:type\" content=\"image\/jpeg\" \/>\n<meta name=\"author\" content=\"Inter Press Service\" \/>\n<meta name=\"twitter:card\" content=\"summary_large_image\" \/>\n<meta name=\"twitter:creator\" content=\"@ipsnoticias\" \/>\n<meta name=\"twitter:site\" content=\"@PressenzaIPA\" \/>\n<meta name=\"twitter:label1\" content=\"Escrito por\" \/>\n\t<meta name=\"twitter:data1\" content=\"Inter Press Service\" \/>\n\t<meta name=\"twitter:label2\" content=\"Tiempo de lectura\" \/>\n\t<meta name=\"twitter:data2\" content=\"4 minutos\" \/>\n<script type=\"application\/ld+json\" class=\"yoast-schema-graph\">{\"@context\":\"https:\/\/schema.org\",\"@graph\":[{\"@type\":\"Article\",\"@id\":\"https:\/\/www.pressenza.com\/es\/2022\/10\/activistas-de-rusia-ucrania-y-bielorrusia-ganan-nobel-de-la-paz\/#article\",\"isPartOf\":{\"@id\":\"https:\/\/www.pressenza.com\/es\/2022\/10\/activistas-de-rusia-ucrania-y-bielorrusia-ganan-nobel-de-la-paz\/\"},\"author\":{\"name\":\"Inter Press Service\",\"@id\":\"https:\/\/www.pressenza.com\/es\/#\/schema\/person\/7467f88f6765c239bdd52f3c432de81a\"},\"headline\":\"Activistas de Rusia, Ucrania y Bielorrusia ganan Nobel de la Paz\",\"datePublished\":\"2022-10-10T14:34:53+00:00\",\"mainEntityOfPage\":{\"@id\":\"https:\/\/www.pressenza.com\/es\/2022\/10\/activistas-de-rusia-ucrania-y-bielorrusia-ganan-nobel-de-la-paz\/\"},\"wordCount\":760,\"publisher\":{\"@id\":\"https:\/\/www.pressenza.com\/es\/#organization\"},\"image\":{\"@id\":\"https:\/\/www.pressenza.com\/es\/2022\/10\/activistas-de-rusia-ucrania-y-bielorrusia-ganan-nobel-de-la-paz\/#primaryimage\"},\"thumbnailUrl\":\"https:\/\/www.pressenza.com\/wp-content\/uploads\/2022\/10\/Bialiatski-Stina-Stjernkvist-Right-Livelihood.jpg\",\"keywords\":[\"Premio Nobel de la Paz\"],\"articleSection\":[\"Europa\",\"Paz y Desarme\"],\"inLanguage\":\"es\"},{\"@type\":\"WebPage\",\"@id\":\"https:\/\/www.pressenza.com\/es\/2022\/10\/activistas-de-rusia-ucrania-y-bielorrusia-ganan-nobel-de-la-paz\/\",\"url\":\"https:\/\/www.pressenza.com\/es\/2022\/10\/activistas-de-rusia-ucrania-y-bielorrusia-ganan-nobel-de-la-paz\/\",\"name\":\"Activistas de Rusia, Ucrania y Bielorrusia ganan Nobel de la Paz\",\"isPartOf\":{\"@id\":\"https:\/\/www.pressenza.com\/es\/#website\"},\"primaryImageOfPage\":{\"@id\":\"https:\/\/www.pressenza.com\/es\/2022\/10\/activistas-de-rusia-ucrania-y-bielorrusia-ganan-nobel-de-la-paz\/#primaryimage\"},\"image\":{\"@id\":\"https:\/\/www.pressenza.com\/es\/2022\/10\/activistas-de-rusia-ucrania-y-bielorrusia-ganan-nobel-de-la-paz\/#primaryimage\"},\"thumbnailUrl\":\"https:\/\/www.pressenza.com\/wp-content\/uploads\/2022\/10\/Bialiatski-Stina-Stjernkvist-Right-Livelihood.jpg\",\"datePublished\":\"2022-10-10T14:34:53+00:00\",\"description\":\"Un activista de derechos humanos preso en Bielorrusia, Ales Bialiatski, y las organizaciones Memorial y Centro por las Libertades Civiles, que defienden\",\"breadcrumb\":{\"@id\":\"https:\/\/www.pressenza.com\/es\/2022\/10\/activistas-de-rusia-ucrania-y-bielorrusia-ganan-nobel-de-la-paz\/#breadcrumb\"},\"inLanguage\":\"es\",\"potentialAction\":[{\"@type\":\"ReadAction\",\"target\":[\"https:\/\/www.pressenza.com\/es\/2022\/10\/activistas-de-rusia-ucrania-y-bielorrusia-ganan-nobel-de-la-paz\/\"]}]},{\"@type\":\"ImageObject\",\"inLanguage\":\"es\",\"@id\":\"https:\/\/www.pressenza.com\/es\/2022\/10\/activistas-de-rusia-ucrania-y-bielorrusia-ganan-nobel-de-la-paz\/#primaryimage\",\"url\":\"https:\/\/www.pressenza.com\/wp-content\/uploads\/2022\/10\/Bialiatski-Stina-Stjernkvist-Right-Livelihood.jpg\",\"contentUrl\":\"https:\/\/www.pressenza.com\/wp-content\/uploads\/2022\/10\/Bialiatski-Stina-Stjernkvist-Right-Livelihood.jpg\",\"width\":976,\"height\":651,\"caption\":\"Stina Stjernkvist\/Right Livelihood\"},{\"@type\":\"BreadcrumbList\",\"@id\":\"https:\/\/www.pressenza.com\/es\/2022\/10\/activistas-de-rusia-ucrania-y-bielorrusia-ganan-nobel-de-la-paz\/#breadcrumb\",\"itemListElement\":[{\"@type\":\"ListItem\",\"position\":1,\"name\":\"Accueil\",\"item\":\"https:\/\/www.pressenza.com\/es\/\"},{\"@type\":\"ListItem\",\"position\":2,\"name\":\"Activistas de Rusia, Ucrania y Bielorrusia ganan Nobel de la Paz\"}]},{\"@type\":\"WebSite\",\"@id\":\"https:\/\/www.pressenza.com\/es\/#website\",\"url\":\"https:\/\/www.pressenza.com\/es\/\",\"name\":\"Pressenza\",\"description\":\"International Press Agency\",\"publisher\":{\"@id\":\"https:\/\/www.pressenza.com\/es\/#organization\"},\"potentialAction\":[{\"@type\":\"SearchAction\",\"target\":{\"@type\":\"EntryPoint\",\"urlTemplate\":\"https:\/\/www.pressenza.com\/es\/?s={search_term_string}\"},\"query-input\":{\"@type\":\"PropertyValueSpecification\",\"valueRequired\":true,\"valueName\":\"search_term_string\"}}],\"inLanguage\":\"es\"},{\"@type\":\"Organization\",\"@id\":\"https:\/\/www.pressenza.com\/es\/#organization\",\"name\":\"Pressenza\",\"url\":\"https:\/\/www.pressenza.com\/es\/\",\"logo\":{\"@type\":\"ImageObject\",\"inLanguage\":\"es\",\"@id\":\"https:\/\/www.pressenza.com\/es\/#\/schema\/logo\/image\/\",\"url\":\"https:\/\/www.pressenza.com\/wp-content\/uploads\/2022\/10\/pressenza_logo_200x200.jpg\",\"contentUrl\":\"https:\/\/www.pressenza.com\/wp-content\/uploads\/2022\/10\/pressenza_logo_200x200.jpg\",\"width\":200,\"height\":200,\"caption\":\"Pressenza\"},\"image\":{\"@id\":\"https:\/\/www.pressenza.com\/es\/#\/schema\/logo\/image\/\"},\"sameAs\":[\"https:\/\/www.facebook.com\/PressenzaItalia\",\"https:\/\/x.com\/PressenzaIPA\"]},{\"@type\":\"Person\",\"@id\":\"https:\/\/www.pressenza.com\/es\/#\/schema\/person\/7467f88f6765c239bdd52f3c432de81a\",\"name\":\"Inter Press Service\",\"description\":\"IPS is an international communications institution at the heart of a global news agency that amplifies the voices of the South and civil society on development, globalisation, human rights and the environment. www.ipsnews.net\",\"sameAs\":[\"http:\/\/www.facebook.com\/ipsnoticias\",\"https:\/\/x.com\/ipsnoticias\"],\"url\":\"https:\/\/www.pressenza.com\/es\/author\/ips-inter-press-service\/\"}]}<\/script>\n<!-- \/ Yoast SEO plugin. -->","yoast_head_json":{"title":"Activistas de Rusia, Ucrania y Bielorrusia ganan Nobel de la Paz","description":"Un activista de derechos humanos preso en Bielorrusia, Ales Bialiatski, y las organizaciones Memorial y Centro por las Libertades Civiles, que defienden","robots":{"index":"index","follow":"follow","max-snippet":"max-snippet:-1","max-image-preview":"max-image-preview:large","max-video-preview":"max-video-preview:-1"},"canonical":"https:\/\/www.pressenza.com\/es\/2022\/10\/activistas-de-rusia-ucrania-y-bielorrusia-ganan-nobel-de-la-paz\/","og_locale":"es_ES","og_type":"article","og_title":"Activistas de Rusia, Ucrania y Bielorrusia ganan Nobel de la Paz","og_description":"Un activista de derechos humanos preso en Bielorrusia, Ales Bialiatski, y las organizaciones Memorial y Centro por las Libertades Civiles, que defienden","og_url":"https:\/\/www.pressenza.com\/es\/2022\/10\/activistas-de-rusia-ucrania-y-bielorrusia-ganan-nobel-de-la-paz\/","og_site_name":"Pressenza","article_publisher":"https:\/\/www.facebook.com\/PressenzaItalia","article_author":"http:\/\/www.facebook.com\/ipsnoticias","article_published_time":"2022-10-10T14:34:53+00:00","og_image":[{"width":976,"height":651,"url":"https:\/\/www.pressenza.com\/wp-content\/uploads\/2022\/10\/Bialiatski-Stina-Stjernkvist-Right-Livelihood.jpg","type":"image\/jpeg"}],"author":"Inter Press Service","twitter_card":"summary_large_image","twitter_creator":"@ipsnoticias","twitter_site":"@PressenzaIPA","twitter_misc":{"Escrito por":"Inter Press Service","Tiempo de lectura":"4 minutos"},"schema":{"@context":"https:\/\/schema.org","@graph":[{"@type":"Article","@id":"https:\/\/www.pressenza.com\/es\/2022\/10\/activistas-de-rusia-ucrania-y-bielorrusia-ganan-nobel-de-la-paz\/#article","isPartOf":{"@id":"https:\/\/www.pressenza.com\/es\/2022\/10\/activistas-de-rusia-ucrania-y-bielorrusia-ganan-nobel-de-la-paz\/"},"author":{"name":"Inter Press Service","@id":"https:\/\/www.pressenza.com\/es\/#\/schema\/person\/7467f88f6765c239bdd52f3c432de81a"},"headline":"Activistas de Rusia, Ucrania y Bielorrusia ganan Nobel de la Paz","datePublished":"2022-10-10T14:34:53+00:00","mainEntityOfPage":{"@id":"https:\/\/www.pressenza.com\/es\/2022\/10\/activistas-de-rusia-ucrania-y-bielorrusia-ganan-nobel-de-la-paz\/"},"wordCount":760,"publisher":{"@id":"https:\/\/www.pressenza.com\/es\/#organization"},"image":{"@id":"https:\/\/www.pressenza.com\/es\/2022\/10\/activistas-de-rusia-ucrania-y-bielorrusia-ganan-nobel-de-la-paz\/#primaryimage"},"thumbnailUrl":"https:\/\/www.pressenza.com\/wp-content\/uploads\/2022\/10\/Bialiatski-Stina-Stjernkvist-Right-Livelihood.jpg","keywords":["Premio Nobel de la Paz"],"articleSection":["Europa","Paz y Desarme"],"inLanguage":"es"},{"@type":"WebPage","@id":"https:\/\/www.pressenza.com\/es\/2022\/10\/activistas-de-rusia-ucrania-y-bielorrusia-ganan-nobel-de-la-paz\/","url":"https:\/\/www.pressenza.com\/es\/2022\/10\/activistas-de-rusia-ucrania-y-bielorrusia-ganan-nobel-de-la-paz\/","name":"Activistas de Rusia, Ucrania y Bielorrusia ganan Nobel de la Paz","isPartOf":{"@id":"https:\/\/www.pressenza.com\/es\/#website"},"primaryImageOfPage":{"@id":"https:\/\/www.pressenza.com\/es\/2022\/10\/activistas-de-rusia-ucrania-y-bielorrusia-ganan-nobel-de-la-paz\/#primaryimage"},"image":{"@id":"https:\/\/www.pressenza.com\/es\/2022\/10\/activistas-de-rusia-ucrania-y-bielorrusia-ganan-nobel-de-la-paz\/#primaryimage"},"thumbnailUrl":"https:\/\/www.pressenza.com\/wp-content\/uploads\/2022\/10\/Bialiatski-Stina-Stjernkvist-Right-Livelihood.jpg","datePublished":"2022-10-10T14:34:53+00:00","description":"Un activista de derechos humanos preso en Bielorrusia, Ales Bialiatski, y las organizaciones Memorial y Centro por las Libertades Civiles, que defienden","breadcrumb":{"@id":"https:\/\/www.pressenza.com\/es\/2022\/10\/activistas-de-rusia-ucrania-y-bielorrusia-ganan-nobel-de-la-paz\/#breadcrumb"},"inLanguage":"es","potentialAction":[{"@type":"ReadAction","target":["https:\/\/www.pressenza.com\/es\/2022\/10\/activistas-de-rusia-ucrania-y-bielorrusia-ganan-nobel-de-la-paz\/"]}]},{"@type":"ImageObject","inLanguage":"es","@id":"https:\/\/www.pressenza.com\/es\/2022\/10\/activistas-de-rusia-ucrania-y-bielorrusia-ganan-nobel-de-la-paz\/#primaryimage","url":"https:\/\/www.pressenza.com\/wp-content\/uploads\/2022\/10\/Bialiatski-Stina-Stjernkvist-Right-Livelihood.jpg","contentUrl":"https:\/\/www.pressenza.com\/wp-content\/uploads\/2022\/10\/Bialiatski-Stina-Stjernkvist-Right-Livelihood.jpg","width":976,"height":651,"caption":"Stina Stjernkvist\/Right Livelihood"},{"@type":"BreadcrumbList","@id":"https:\/\/www.pressenza.com\/es\/2022\/10\/activistas-de-rusia-ucrania-y-bielorrusia-ganan-nobel-de-la-paz\/#breadcrumb","itemListElement":[{"@type":"ListItem","position":1,"name":"Accueil","item":"https:\/\/www.pressenza.com\/es\/"},{"@type":"ListItem","position":2,"name":"Activistas de Rusia, Ucrania y Bielorrusia ganan Nobel de la Paz"}]},{"@type":"WebSite","@id":"https:\/\/www.pressenza.com\/es\/#website","url":"https:\/\/www.pressenza.com\/es\/","name":"Pressenza","description":"International Press Agency","publisher":{"@id":"https:\/\/www.pressenza.com\/es\/#organization"},"potentialAction":[{"@type":"SearchAction","target":{"@type":"EntryPoint","urlTemplate":"https:\/\/www.pressenza.com\/es\/?s={search_term_string}"},"query-input":{"@type":"PropertyValueSpecification","valueRequired":true,"valueName":"search_term_string"}}],"inLanguage":"es"},{"@type":"Organization","@id":"https:\/\/www.pressenza.com\/es\/#organization","name":"Pressenza","url":"https:\/\/www.pressenza.com\/es\/","logo":{"@type":"ImageObject","inLanguage":"es","@id":"https:\/\/www.pressenza.com\/es\/#\/schema\/logo\/image\/","url":"https:\/\/www.pressenza.com\/wp-content\/uploads\/2022\/10\/pressenza_logo_200x200.jpg","contentUrl":"https:\/\/www.pressenza.com\/wp-content\/uploads\/2022\/10\/pressenza_logo_200x200.jpg","width":200,"height":200,"caption":"Pressenza"},"image":{"@id":"https:\/\/www.pressenza.com\/es\/#\/schema\/logo\/image\/"},"sameAs":["https:\/\/www.facebook.com\/PressenzaItalia","https:\/\/x.com\/PressenzaIPA"]},{"@type":"Person","@id":"https:\/\/www.pressenza.com\/es\/#\/schema\/person\/7467f88f6765c239bdd52f3c432de81a","name":"Inter Press Service","description":"IPS is an international communications institution at the heart of a global news agency that amplifies the voices of the South and civil society on development, globalisation, human rights and the environment. www.ipsnews.net","sameAs":["http:\/\/www.facebook.com\/ipsnoticias","https:\/\/x.com\/ipsnoticias"],"url":"https:\/\/www.pressenza.com\/es\/author\/ips-inter-press-service\/"}]}},"place":"Oslo, Estocolmo","original_article_url":"https:\/\/ipsnoticias.net\/2022\/10\/activistas-de-rusia-ucrania-y-bielorrusia-ganan-nobel-de-la-paz\/#utm_source=email_marketing&utm_admin=146128&utm_medium=email&utm_campaign=Las_elecciones_dividen_Brasil_incluso_territorialmente_Campesinos_en_Per_se_desprend","_links":{"self":[{"href":"https:\/\/www.pressenza.com\/es\/wp-json\/wp\/v2\/posts\/1677390","targetHints":{"allow":["GET"]}}],"collection":[{"href":"https:\/\/www.pressenza.com\/es\/wp-json\/wp\/v2\/posts"}],"about":[{"href":"https:\/\/www.pressenza.com\/es\/wp-json\/wp\/v2\/types\/post"}],"author":[{"embeddable":true,"href":"https:\/\/www.pressenza.com\/es\/wp-json\/wp\/v2\/users\/347"}],"replies":[{"embeddable":true,"href":"https:\/\/www.pressenza.com\/es\/wp-json\/wp\/v2\/comments?post=1677390"}],"version-history":[{"count":0,"href":"https:\/\/www.pressenza.com\/es\/wp-json\/wp\/v2\/posts\/1677390\/revisions"}],"wp:featuredmedia":[{"embeddable":true,"href":"https:\/\/www.pressenza.com\/es\/wp-json\/wp\/v2\/media\/1677394"}],"wp:attachment":[{"href":"https:\/\/www.pressenza.com\/es\/wp-json\/wp\/v2\/media?parent=1677390"}],"wp:term":[{"taxonomy":"category","embeddable":true,"href":"https:\/\/www.pressenza.com\/es\/wp-json\/wp\/v2\/categories?post=1677390"},{"taxonomy":"post_tag","embeddable":true,"href":"https:\/\/www.pressenza.com\/es\/wp-json\/wp\/v2\/tags?post=1677390"}],"curies":[{"name":"wp","href":"https:\/\/api.w.org\/{rel}","templated":true}]}}