{"id":1673414,"date":"2022-10-04T15:07:26","date_gmt":"2022-10-04T14:07:26","guid":{"rendered":"https:\/\/www.pressenza.com\/?p=1673414"},"modified":"2022-10-04T15:08:10","modified_gmt":"2022-10-04T14:08:10","slug":"marcha-a-bruselas-llama-a-fortalecer-estrategias-que-cambien-politicas-migratorias-en-favor-de-los-ddhh","status":"publish","type":"post","link":"https:\/\/www.pressenza.com\/es\/2022\/10\/marcha-a-bruselas-llama-a-fortalecer-estrategias-que-cambien-politicas-migratorias-en-favor-de-los-ddhh\/","title":{"rendered":"Marcha a Bruselas llama a fortalecer estrategias que cambien pol\u00edticas migratorias en favor de los DDHH"},"content":{"rendered":"<p style=\"padding-left: 40px;\"><em>La Marcha a Bruselas ha finalizado con un llamamiento para fortalecer una estrategia y cambiar la relaci\u00f3n de poder que permita hacer otra pol\u00edtica migratoria que parta del cumplimiento de los Derechos Humanos<\/em><\/p>\n<p>Varios centenares de personas han participado en una accio\u0301n de protesta frente al Parlamento Europeo para exigir el cumplimiento del derecho internacional de los derechos humanos en las fronteras y la regularizacio\u0301n administrativa de las personas que viven y trabajan en Europa, al tiempo que han celebrado una Cumbre de los Pueblos sobre Migracio\u0301n<\/p>\n<p>Los actos, convocados por 23 organizaciones de diferentes pai\u0301ses europeos y apoyada por ma\u0301s de 150 organizaciones, dieron comienzo el jueves con una reunio\u0301n entre una delegacio\u0301n de la Marcha a Bruselas y un grupo de europarlamentarias y europarlamentarios de la comisio\u0301n de migracio\u0301n. Durante la misma, adema\u0301s de hacer llegar un documento de peticiones, Jalila Taamallah, madre tunecina de dos hijos fallecidos en su viaje a Europa, denuncio\u0301 un negocio en el que los pai\u0301ses de origen cobran por las devoluciones de personas, mientras que las familias se ven obligadas a pagar la repatriacio\u0301n de sus familiares fallecidos en el tra\u0301nsito. Por su parte, Hassane Boukar de Niger puso sobre la mesa el interrogante de si nos hemos preguntado cua\u0301l es el precio de poner obsta\u0301culos para conseguir que el tra\u0301nsito de migrantes disminuya, y Leandro Navarro, de la No Name Kitchen, denuncio\u0301 un uso sistema\u0301tico de violencia en las fronteras con una impunidad total, lo que constituye un peligro para las personas en tra\u0301nsito y para el conjunto de la sociedad. Sophie Duval, de CCFD-Terre Solidaire concluyo\u0301 afirmando que es tiempo de poner fin a la violencia financiada con pactos con la Unio\u0301n Europea.<\/p>\n<p>Mientras tuvo lugar el encuentro, un centenar de personas participantes en la Marcha a Bruselas se acercaron al Centro de Internamiento de Extranjeros de Vottem para realizar una concentracio\u0301n de protesta y apoyo a los internos y a los colectivos que llevan a cabo una lucha de casi 25 an\u0303os para conseguir su cierre. Mil personas al an\u0303o pasan por este CIE, de los que dos tercios son expulsadas. Hay seis centros similares en el territorio y el gobierno tiene previsto abrir otros tres. \u201cSon el si\u0301mbolo de la Europa fortaleza y demuestran que la ideologi\u0301a de extrema derecha se extiende hasta partidos que antes eran de centro\u201d, apunto\u0301 una portavoz, a la vez que informaba que el 60% de las personas que demandan asilo reciben un rechazo, que todas las personas que se rebelan o que muestran desacuerdo son encerradas en celdas de aislamiento y que hay muchas personas al li\u0301mite, hay muchos intentos de suicidio y suicidios. \u201cAhora hay un joven camerune\u0301s que lleva siete di\u0301as en huelga de hambre\u201d. El colectivo de resistencia a los centros de detencio\u0301n acude alli\u0301 todos los sa\u0301bados y llevan una escalera para intentar comunicarse con los internos, facilita\u0301ndoles un contacto, recargas de mo\u0301vil, etc.En el posterior encuentro con los colectivos de Lieja estos relataron la existencia de muchas luchas, con manifestaciones y ocupaciones de edificios, y la participacio\u0301n de las personas sin papeles en la vida social y asociativa de Lieja, a pesar de las dificultades para acceder a la tarjeta sanitaria, al alojamiento, al empleo o la formacio\u0301n. \u201cHemos tenido una regularizacio\u0301n en el an\u0303o 2000, en 2009 y desde entonces nada. Queremos una regularizacio\u0301n permanente, no algo puntual\u201d. Su estrategia es intentar agrupar al ma\u0301ximo de asociaciones como las sindicales y obtener el apoyo de los poderes pu\u0301blicos. \u201cAsi\u0301 hemos logrado que Lieja se considere\u00a0ayuntamiento de acogida y que incluso el ayuntamiento ponga edificios a disposicio\u0301n\u201d.<\/p>\n<p>Sandrine de La voz de sin papeles denuncio\u0301 la condena a trabajar informalmente lo que conlleva explotacio\u0301n y violencia. \u201cTodo esto es como una cadena de esclavitud. Hay quien accede a tener relaciones para tener alojamiento. Por eso luchamos por nuestros derechos. Aqui\u0301 no hay un criterio claro de regularizacio\u0301n. Para pedir asilo hay unos criterios, pero para la regularizacio\u0301n no sabes que\u0301 criterios hay. No podemos avanzar ni volver. Nuestras vidas esta\u0301n truncadas. Por esto militamos en esta lucha. Hay 150.000 personas sin papeles en Be\u0301lgica que pueden contribuir a la economi\u0301a del pai\u0301s si hay regularizacio\u0301n. Ahora solo se benefician los patrones y hay explotacio\u0301n, se trabaja 14 o 15 horas por 30 euros al di\u0301a, sin saber si vas a cobrar\u201d. Las personas sin papeles esta\u0301n afiliadas sin pagar cuota al sindicato.<\/p>\n<p>Ya el viernes se mantuvo un encuentro entre los colectivos participantes en la Marcha a Bruselas, donde los colectivos de personas sin papeles de Bruselas hicieron un relato de su lucha y de la dura huelga de hambre que mantuvieron durante dos meses el an\u0303o pasado, en el que denunciaron que el acuerdo alcanzado con el gobierno no ha sido respetado y continu\u0301an su lucha para una proposicio\u0301n de ley, a la vez que defienden la necesidad de una marcha europea para reconocer a los y las trabajadoras sin papeles. \u201cEl gobierno puso una oficina llamada la zona neutra para introducir los expedientes de los compan\u0303eros. La gente penso\u0301 que con eso se solucionari\u0301an sus papeles. Pero la palabra zona neutra no nos gusta, no es una guerra. Es una lucha por los derechos fundamentales. Empezamos la ocupacio\u0301n de un banco con dos objetivos: denunciar que la causa del problema es el sistema econo\u0301mico mundial y denunciar el sistema poli\u0301tico en Be\u0301lgica que nos explota. Se llama campan\u0303a In my name\u201d.<\/p>\n<p>Por su parte, Fernanda del movimiento Regularizacio\u0301n del estado espan\u0303ol informo\u0301 de la campan\u0303a de recogida de 500 mil firmas para promover una Iniciativa Legislativa Popular, de la que ya se han conseguido hasta 400 mil y de la importancia de conseguir la regularizacio\u0301n administrativa de las 500 mil personas que viven en el estado espan\u0303ol, de las que la tercera parte\u00a0ayuntamiento de acogida y que incluso el ayuntamiento ponga edificios a disposicio\u0301n\u201d.<\/p>\n<p>Sandrine de La voz de sin papeles denuncio\u0301 la condena a trabajar informalmente lo que conlleva explotacio\u0301n y violencia. \u201cTodo esto es como una cadena de esclavitud. Hay quien accede a tener relaciones para tener alojamiento. Por eso luchamos por nuestros derechos. Aqui\u0301 no hay un criterio claro de regularizacio\u0301n. Para pedir asilo hay unos criterios, pero para la regularizacio\u0301n no sabes que\u0301 criterios hay. No podemos avanzar ni volver. Nuestras vidas esta\u0301n truncadas. Por esto militamos en esta lucha. Hay 150.000 personas sin papeles en Be\u0301lgica que pueden contribuir a la economi\u0301a del pai\u0301s si hay regularizacio\u0301n. Ahora solo se benefician los patrones y hay explotacio\u0301n, se trabaja 14 o 15 horas por 30 euros al di\u0301a, sin saber si vas a cobrar\u201d. Las personas sin papeles esta\u0301n afiliadas sin pagar cuota al sindicato.<\/p>\n<p>Ya el viernes se mantuvo un encuentro entre los colectivos participantes en la Marcha a Bruselas, donde los colectivos de personas sin papeles de Bruselas hicieron un relato de su lucha y de la dura huelga de hambre que mantuvieron durante dos meses el an\u0303o pasado, en el que denunciaron que el acuerdo alcanzado con el gobierno no ha sido respetado y continu\u0301an su lucha para una proposicio\u0301n de ley, a la vez que defienden la necesidad de una marcha europea para reconocer a los y las trabajadoras sin papeles. \u201cEl gobierno puso una oficina llamada la zona neutra para introducir los expedientes de los compan\u0303eros. La gente penso\u0301 que con eso se solucionari\u0301an sus papeles. Pero la palabra zona neutra no nos gusta, no es una guerra. Es una lucha por los derechos fundamentales. Empezamos la ocupacio\u0301n de un banco con dos objetivos: denunciar que la causa del problema es el sistema econo\u0301mico mundial y denunciar el sistema poli\u0301tico en Be\u0301lgica que nos explota. Se llama campan\u0303a In my name\u201d.<\/p>\n<p>Por su parte, Fernanda del movimiento Regularizacio\u0301n del estado espan\u0303ol informo\u0301 de la campan\u0303a de recogida de 500 mil firmas para promover una Iniciativa Legislativa Popular, de la que ya se han conseguido hasta 400 mil y de la importancia de conseguir la regularizacio\u0301n administrativa de las 500 mil personas que viven en el estado espan\u0303ol, de las que la tercera parte son nin\u0303os y nin\u0303as. \u201cNo creemos en el paternalismo sino en las alianzas, en las redes hermanas. La migracio\u0301n econo\u0301mica es un desplazamiento forzado. Hay que tener una lectura decolonial de las migraciones para romper con los paternalismos\u00bb.<\/p>\n<p>Durante las intervenciones y a lo largo de todo el fin de semana, las promotoras del proyecto de la Manta de la memoria, estuvieron portando y bordando en hilo rojo sobre telas blancas los nombres de las personas que murieron y desaparecieron intentando llegar a Europa o en sus fronteras internas.<\/p>\n<p>Una de las frases que se pudieron escuchar fue \u201cAyer colonizadas, hoy explotadas, man\u0303ana regularizadas!\u201d. El viernes a la tarde dio comienzo el plenario de la Cumbre de los Pueblos sobre migracio\u0301n, donde participaron al menos 250 personas durante las dos jornadas en las que se realizo\u0301, con talleres simulta\u0301neos en torno a 6 a\u0301reas tema\u0301ticas: subcontratacio\u0301n y negocios fronterizos; dina\u0301mica de acogida y solidaridad local y en red; criminalizacio\u0301n de la migracio\u0301n y la solidaridad; neocolonialismo, crisis y migraciones; lucha por la regularizacio\u0301n y el acceso a los derechos; y, documentacio\u0301n, memoria y justicia en torno a la violencia fronteriza. En los talleres se compartieron luchas antirracistas, anticoloniales y feministas.<\/p>\n<p>Durante el fin de semana las personas asistentes tuvieron adema\u0301s la oportunidad de participar en varias actividades como un encuentro de la Marcha Mundial de Mujeres, visitas a casas ocupadas por personas sin papeles, un lobby tour por el barrio europeo para conocer la implicacio\u0301n de la UE en el tra\u0301fico de armas, una visita en torno a la memoria colonial y de lucha contra la discriminacio\u0301n; y una visita a la Iglesia de Beguinage donde permanecieron las personas que participaron en la huelga de hambre el an\u0303o pasado.<\/p>\n<p>La cumbre concluyo\u0301 con un llamamiento a la solidaridad, a la convergencia entre movimientos sociales y a fortalecer una estrategia frente a los gobiernos que alientan la xenofobia para cambiar la relacio\u0301n de poderes y hacer posible otra poli\u0301tica migratoria en favor de los derechos humanos. \u201cPorque de lo que permitamos que acontezca en las fronteras, dependera\u0301 lo que ocurra en el resto del mundo. Las fronteras son un espacio de lucha, de resistencia y de tejer alianzas. Sin lucha y sin interseccionalizar y vincular luchas no habra\u0301 derechos, por lo que seguiremos adelante para construir vidas que merezcan la vida ser vividas, porque nos va la vida en ello\u201d.<\/p>\n<div class=\"post-gallery\">\n\t\t\t<figure class=\"post-gallery-item\">\n\t\t\t\t<img decoding=\"async\" src=\"https:\/\/www.pressenza.com\/wp-content\/uploads\/2022\/10\/photo1664801607-820x615.jpeg\" loading=\"lazy\">\n\t\t\t\t<figcaption>\n\t\t\t\t\tFin Marcha a Bruselas\n\t\t\t\t<\/figcaption>\n\t\t\t<\/figure>\n\t\t\t<figure class=\"post-gallery-item\">\n\t\t\t\t<img decoding=\"async\" src=\"https:\/\/www.pressenza.com\/wp-content\/uploads\/2022\/10\/photo1664801558-820x615.jpeg\" loading=\"lazy\">\n\t\t\t\t<figcaption>\n\t\t\t\t\tFin Marcha a Bruselas\n\t\t\t\t<\/figcaption>\n\t\t\t<\/figure>\n\t\t\t<figure class=\"post-gallery-item\">\n\t\t\t\t<img decoding=\"async\" src=\"https:\/\/www.pressenza.com\/wp-content\/uploads\/2022\/10\/photo1664801538-820x615.jpeg\" loading=\"lazy\">\n\t\t\t\t<figcaption>\n\t\t\t\t\tFin Marcha a Bruselas\n\t\t\t\t<\/figcaption>\n\t\t\t<\/figure>\n\t\t\t<figure class=\"post-gallery-item\">\n\t\t\t\t<img decoding=\"async\" src=\"https:\/\/www.pressenza.com\/wp-content\/uploads\/2022\/10\/photo1664801516-820x615.jpeg\" loading=\"lazy\">\n\t\t\t\t<figcaption>\n\t\t\t\t\tFin Marcha a Bruselas\n\t\t\t\t<\/figcaption>\n\t\t\t<\/figure>\n\t\t\t<figure class=\"post-gallery-item\">\n\t\t\t\t<img decoding=\"async\" src=\"https:\/\/www.pressenza.com\/wp-content\/uploads\/2022\/10\/photo1664801479-820x615.jpeg\" loading=\"lazy\">\n\t\t\t\t<figcaption>\n\t\t\t\t\tFin Marcha a Bruselas\n\t\t\t\t<\/figcaption>\n\t\t\t<\/figure>\n\t\t\t<figure class=\"post-gallery-item\">\n\t\t\t\t<img decoding=\"async\" src=\"https:\/\/www.pressenza.com\/wp-content\/uploads\/2022\/10\/photo1664801642-820x606.jpeg\" loading=\"lazy\">\n\t\t\t\t<figcaption>\n\t\t\t\t\tFin Marcha a Bruselas\n\t\t\t\t<\/figcaption>\n\t\t\t<\/figure><\/div>\n","protected":false},"excerpt":{"rendered":"<p>La Marcha a Bruselas ha finalizado con un llamamiento para fortalecer una estrategia y cambiar la relaci\u00f3n de poder que permita hacer otra pol\u00edtica migratoria que parta del cumplimiento de los Derechos Humanos Varios centenares de personas han participado en&hellip;<\/p>\n","protected":false},"author":94,"featured_media":1673462,"comment_status":"closed","ping_status":"closed","sticky":false,"template":"","format":"standard","meta":{"footnotes":""},"categories":[79,66,54574],"tags":[12067,77903,4817],"class_list":["post-1673414","post","type-post","status-publish","format-standard","has-post-thumbnail","hentry","category-derechos-humanos","category-europa-es","category-migrantes-es","tag-ddhh","tag-politicas-migratorias-es","tag-union-europea"],"yoast_head":"<!-- This site is optimized with the Yoast SEO plugin v27.1.1 - https:\/\/yoast.com\/product\/yoast-seo-wordpress\/ -->\n<title>Marcha a Bruselas llama a fortalecer estrategias que cambien pol\u00edticas migratorias en favor de los DDHH<\/title>\n<meta name=\"description\" content=\"La Marcha a Bruselas ha finalizado con un llamamiento para fortalecer una estrategia y cambiar la relaci\u00f3n de poder que permita hacer otra pol\u00edtica\" \/>\n<meta name=\"robots\" content=\"index, follow, max-snippet:-1, max-image-preview:large, max-video-preview:-1\" \/>\n<link rel=\"canonical\" href=\"https:\/\/www.pressenza.com\/es\/2022\/10\/marcha-a-bruselas-llama-a-fortalecer-estrategias-que-cambien-politicas-migratorias-en-favor-de-los-ddhh\/\" \/>\n<meta property=\"og:locale\" content=\"es_ES\" \/>\n<meta property=\"og:type\" content=\"article\" \/>\n<meta property=\"og:title\" content=\"Marcha a Bruselas llama a fortalecer estrategias que cambien pol\u00edticas migratorias en favor de los DDHH\" \/>\n<meta property=\"og:description\" content=\"La Marcha a Bruselas ha finalizado con un llamamiento para fortalecer una estrategia y cambiar la relaci\u00f3n de poder que permita hacer otra pol\u00edtica\" \/>\n<meta property=\"og:url\" content=\"https:\/\/www.pressenza.com\/es\/2022\/10\/marcha-a-bruselas-llama-a-fortalecer-estrategias-que-cambien-politicas-migratorias-en-favor-de-los-ddhh\/\" \/>\n<meta property=\"og:site_name\" content=\"Pressenza\" \/>\n<meta property=\"article:publisher\" content=\"https:\/\/www.facebook.com\/PressenzaItalia\" \/>\n<meta property=\"article:author\" content=\"https:\/\/www.facebook.com\/pressenza\" \/>\n<meta property=\"article:published_time\" content=\"2022-10-04T14:07:26+00:00\" \/>\n<meta property=\"article:modified_time\" content=\"2022-10-04T14:08:10+00:00\" \/>\n<meta property=\"og:image\" content=\"https:\/\/www.pressenza.com\/wp-content\/uploads\/2022\/10\/photo1664801498.jpeg\" \/>\n\t<meta property=\"og:image:width\" content=\"1280\" \/>\n\t<meta property=\"og:image:height\" content=\"960\" \/>\n\t<meta property=\"og:image:type\" content=\"image\/jpeg\" \/>\n<meta name=\"author\" content=\"Redacci\u00f3n Madrid\" \/>\n<meta name=\"twitter:card\" content=\"summary_large_image\" \/>\n<meta name=\"twitter:creator\" content=\"@pressenza\" \/>\n<meta name=\"twitter:site\" content=\"@PressenzaIPA\" \/>\n<meta name=\"twitter:label1\" content=\"Escrito por\" \/>\n\t<meta name=\"twitter:data1\" content=\"Redacci\u00f3n Madrid\" \/>\n\t<meta name=\"twitter:label2\" content=\"Tiempo de lectura\" \/>\n\t<meta name=\"twitter:data2\" content=\"9 minutos\" \/>\n<script type=\"application\/ld+json\" class=\"yoast-schema-graph\">{\"@context\":\"https:\/\/schema.org\",\"@graph\":[{\"@type\":\"Article\",\"@id\":\"https:\/\/www.pressenza.com\/es\/2022\/10\/marcha-a-bruselas-llama-a-fortalecer-estrategias-que-cambien-politicas-migratorias-en-favor-de-los-ddhh\/#article\",\"isPartOf\":{\"@id\":\"https:\/\/www.pressenza.com\/es\/2022\/10\/marcha-a-bruselas-llama-a-fortalecer-estrategias-que-cambien-politicas-migratorias-en-favor-de-los-ddhh\/\"},\"author\":{\"name\":\"Redacci\u00f3n Madrid\",\"@id\":\"https:\/\/www.pressenza.com\/es\/#\/schema\/person\/828fc40eeca2ad7be3630e5a46adba94\"},\"headline\":\"Marcha a Bruselas llama a fortalecer estrategias que cambien pol\u00edticas migratorias en favor de los DDHH\",\"datePublished\":\"2022-10-04T14:07:26+00:00\",\"dateModified\":\"2022-10-04T14:08:10+00:00\",\"mainEntityOfPage\":{\"@id\":\"https:\/\/www.pressenza.com\/es\/2022\/10\/marcha-a-bruselas-llama-a-fortalecer-estrategias-que-cambien-politicas-migratorias-en-favor-de-los-ddhh\/\"},\"wordCount\":1862,\"publisher\":{\"@id\":\"https:\/\/www.pressenza.com\/es\/#organization\"},\"image\":{\"@id\":\"https:\/\/www.pressenza.com\/es\/2022\/10\/marcha-a-bruselas-llama-a-fortalecer-estrategias-que-cambien-politicas-migratorias-en-favor-de-los-ddhh\/#primaryimage\"},\"thumbnailUrl\":\"https:\/\/www.pressenza.com\/wp-content\/uploads\/2022\/10\/photo1664801498.jpeg\",\"keywords\":[\"DDHH\",\"pol\u00edticas migrat\u00f3rias\",\"Uni\u00f3n Europea\"],\"articleSection\":[\"Derechos Humanos\",\"Europa\",\"Migrantes\"],\"inLanguage\":\"es\"},{\"@type\":\"WebPage\",\"@id\":\"https:\/\/www.pressenza.com\/es\/2022\/10\/marcha-a-bruselas-llama-a-fortalecer-estrategias-que-cambien-politicas-migratorias-en-favor-de-los-ddhh\/\",\"url\":\"https:\/\/www.pressenza.com\/es\/2022\/10\/marcha-a-bruselas-llama-a-fortalecer-estrategias-que-cambien-politicas-migratorias-en-favor-de-los-ddhh\/\",\"name\":\"Marcha a Bruselas llama a fortalecer estrategias que cambien pol\u00edticas migratorias en favor de los DDHH\",\"isPartOf\":{\"@id\":\"https:\/\/www.pressenza.com\/es\/#website\"},\"primaryImageOfPage\":{\"@id\":\"https:\/\/www.pressenza.com\/es\/2022\/10\/marcha-a-bruselas-llama-a-fortalecer-estrategias-que-cambien-politicas-migratorias-en-favor-de-los-ddhh\/#primaryimage\"},\"image\":{\"@id\":\"https:\/\/www.pressenza.com\/es\/2022\/10\/marcha-a-bruselas-llama-a-fortalecer-estrategias-que-cambien-politicas-migratorias-en-favor-de-los-ddhh\/#primaryimage\"},\"thumbnailUrl\":\"https:\/\/www.pressenza.com\/wp-content\/uploads\/2022\/10\/photo1664801498.jpeg\",\"datePublished\":\"2022-10-04T14:07:26+00:00\",\"dateModified\":\"2022-10-04T14:08:10+00:00\",\"description\":\"La Marcha a Bruselas ha finalizado con un llamamiento para fortalecer una estrategia y cambiar la relaci\u00f3n de poder que permita hacer otra pol\u00edtica\",\"breadcrumb\":{\"@id\":\"https:\/\/www.pressenza.com\/es\/2022\/10\/marcha-a-bruselas-llama-a-fortalecer-estrategias-que-cambien-politicas-migratorias-en-favor-de-los-ddhh\/#breadcrumb\"},\"inLanguage\":\"es\",\"potentialAction\":[{\"@type\":\"ReadAction\",\"target\":[\"https:\/\/www.pressenza.com\/es\/2022\/10\/marcha-a-bruselas-llama-a-fortalecer-estrategias-que-cambien-politicas-migratorias-en-favor-de-los-ddhh\/\"]}]},{\"@type\":\"ImageObject\",\"inLanguage\":\"es\",\"@id\":\"https:\/\/www.pressenza.com\/es\/2022\/10\/marcha-a-bruselas-llama-a-fortalecer-estrategias-que-cambien-politicas-migratorias-en-favor-de-los-ddhh\/#primaryimage\",\"url\":\"https:\/\/www.pressenza.com\/wp-content\/uploads\/2022\/10\/photo1664801498.jpeg\",\"contentUrl\":\"https:\/\/www.pressenza.com\/wp-content\/uploads\/2022\/10\/photo1664801498.jpeg\",\"width\":1280,\"height\":960},{\"@type\":\"BreadcrumbList\",\"@id\":\"https:\/\/www.pressenza.com\/es\/2022\/10\/marcha-a-bruselas-llama-a-fortalecer-estrategias-que-cambien-politicas-migratorias-en-favor-de-los-ddhh\/#breadcrumb\",\"itemListElement\":[{\"@type\":\"ListItem\",\"position\":1,\"name\":\"Accueil\",\"item\":\"https:\/\/www.pressenza.com\/es\/\"},{\"@type\":\"ListItem\",\"position\":2,\"name\":\"Marcha a Bruselas llama a fortalecer estrategias que cambien pol\u00edticas migratorias en favor de los DDHH\"}]},{\"@type\":\"WebSite\",\"@id\":\"https:\/\/www.pressenza.com\/es\/#website\",\"url\":\"https:\/\/www.pressenza.com\/es\/\",\"name\":\"Pressenza\",\"description\":\"International Press Agency\",\"publisher\":{\"@id\":\"https:\/\/www.pressenza.com\/es\/#organization\"},\"potentialAction\":[{\"@type\":\"SearchAction\",\"target\":{\"@type\":\"EntryPoint\",\"urlTemplate\":\"https:\/\/www.pressenza.com\/es\/?s={search_term_string}\"},\"query-input\":{\"@type\":\"PropertyValueSpecification\",\"valueRequired\":true,\"valueName\":\"search_term_string\"}}],\"inLanguage\":\"es\"},{\"@type\":\"Organization\",\"@id\":\"https:\/\/www.pressenza.com\/es\/#organization\",\"name\":\"Pressenza\",\"url\":\"https:\/\/www.pressenza.com\/es\/\",\"logo\":{\"@type\":\"ImageObject\",\"inLanguage\":\"es\",\"@id\":\"https:\/\/www.pressenza.com\/es\/#\/schema\/logo\/image\/\",\"url\":\"https:\/\/www.pressenza.com\/wp-content\/uploads\/2022\/10\/pressenza_logo_200x200.jpg\",\"contentUrl\":\"https:\/\/www.pressenza.com\/wp-content\/uploads\/2022\/10\/pressenza_logo_200x200.jpg\",\"width\":200,\"height\":200,\"caption\":\"Pressenza\"},\"image\":{\"@id\":\"https:\/\/www.pressenza.com\/es\/#\/schema\/logo\/image\/\"},\"sameAs\":[\"https:\/\/www.facebook.com\/PressenzaItalia\",\"https:\/\/x.com\/PressenzaIPA\"]},{\"@type\":\"Person\",\"@id\":\"https:\/\/www.pressenza.com\/es\/#\/schema\/person\/828fc40eeca2ad7be3630e5a46adba94\",\"name\":\"Redacci\u00f3n Madrid\",\"description\":\"News from the Pressenza Bureau in Madrid, Spain\",\"sameAs\":[\"https:\/\/www.facebook.com\/pressenza\",\"https:\/\/x.com\/pressenza\"],\"url\":\"https:\/\/www.pressenza.com\/es\/author\/redaccion-madrid\/\"}]}<\/script>\n<!-- \/ Yoast SEO plugin. -->","yoast_head_json":{"title":"Marcha a Bruselas llama a fortalecer estrategias que cambien pol\u00edticas migratorias en favor de los DDHH","description":"La Marcha a Bruselas ha finalizado con un llamamiento para fortalecer una estrategia y cambiar la relaci\u00f3n de poder que permita hacer otra pol\u00edtica","robots":{"index":"index","follow":"follow","max-snippet":"max-snippet:-1","max-image-preview":"max-image-preview:large","max-video-preview":"max-video-preview:-1"},"canonical":"https:\/\/www.pressenza.com\/es\/2022\/10\/marcha-a-bruselas-llama-a-fortalecer-estrategias-que-cambien-politicas-migratorias-en-favor-de-los-ddhh\/","og_locale":"es_ES","og_type":"article","og_title":"Marcha a Bruselas llama a fortalecer estrategias que cambien pol\u00edticas migratorias en favor de los DDHH","og_description":"La Marcha a Bruselas ha finalizado con un llamamiento para fortalecer una estrategia y cambiar la relaci\u00f3n de poder que permita hacer otra pol\u00edtica","og_url":"https:\/\/www.pressenza.com\/es\/2022\/10\/marcha-a-bruselas-llama-a-fortalecer-estrategias-que-cambien-politicas-migratorias-en-favor-de-los-ddhh\/","og_site_name":"Pressenza","article_publisher":"https:\/\/www.facebook.com\/PressenzaItalia","article_author":"https:\/\/www.facebook.com\/pressenza","article_published_time":"2022-10-04T14:07:26+00:00","article_modified_time":"2022-10-04T14:08:10+00:00","og_image":[{"width":1280,"height":960,"url":"https:\/\/www.pressenza.com\/wp-content\/uploads\/2022\/10\/photo1664801498.jpeg","type":"image\/jpeg"}],"author":"Redacci\u00f3n Madrid","twitter_card":"summary_large_image","twitter_creator":"@pressenza","twitter_site":"@PressenzaIPA","twitter_misc":{"Escrito por":"Redacci\u00f3n Madrid","Tiempo de lectura":"9 minutos"},"schema":{"@context":"https:\/\/schema.org","@graph":[{"@type":"Article","@id":"https:\/\/www.pressenza.com\/es\/2022\/10\/marcha-a-bruselas-llama-a-fortalecer-estrategias-que-cambien-politicas-migratorias-en-favor-de-los-ddhh\/#article","isPartOf":{"@id":"https:\/\/www.pressenza.com\/es\/2022\/10\/marcha-a-bruselas-llama-a-fortalecer-estrategias-que-cambien-politicas-migratorias-en-favor-de-los-ddhh\/"},"author":{"name":"Redacci\u00f3n Madrid","@id":"https:\/\/www.pressenza.com\/es\/#\/schema\/person\/828fc40eeca2ad7be3630e5a46adba94"},"headline":"Marcha a Bruselas llama a fortalecer estrategias que cambien pol\u00edticas migratorias en favor de los DDHH","datePublished":"2022-10-04T14:07:26+00:00","dateModified":"2022-10-04T14:08:10+00:00","mainEntityOfPage":{"@id":"https:\/\/www.pressenza.com\/es\/2022\/10\/marcha-a-bruselas-llama-a-fortalecer-estrategias-que-cambien-politicas-migratorias-en-favor-de-los-ddhh\/"},"wordCount":1862,"publisher":{"@id":"https:\/\/www.pressenza.com\/es\/#organization"},"image":{"@id":"https:\/\/www.pressenza.com\/es\/2022\/10\/marcha-a-bruselas-llama-a-fortalecer-estrategias-que-cambien-politicas-migratorias-en-favor-de-los-ddhh\/#primaryimage"},"thumbnailUrl":"https:\/\/www.pressenza.com\/wp-content\/uploads\/2022\/10\/photo1664801498.jpeg","keywords":["DDHH","pol\u00edticas migrat\u00f3rias","Uni\u00f3n Europea"],"articleSection":["Derechos Humanos","Europa","Migrantes"],"inLanguage":"es"},{"@type":"WebPage","@id":"https:\/\/www.pressenza.com\/es\/2022\/10\/marcha-a-bruselas-llama-a-fortalecer-estrategias-que-cambien-politicas-migratorias-en-favor-de-los-ddhh\/","url":"https:\/\/www.pressenza.com\/es\/2022\/10\/marcha-a-bruselas-llama-a-fortalecer-estrategias-que-cambien-politicas-migratorias-en-favor-de-los-ddhh\/","name":"Marcha a Bruselas llama a fortalecer estrategias que cambien pol\u00edticas migratorias en favor de los DDHH","isPartOf":{"@id":"https:\/\/www.pressenza.com\/es\/#website"},"primaryImageOfPage":{"@id":"https:\/\/www.pressenza.com\/es\/2022\/10\/marcha-a-bruselas-llama-a-fortalecer-estrategias-que-cambien-politicas-migratorias-en-favor-de-los-ddhh\/#primaryimage"},"image":{"@id":"https:\/\/www.pressenza.com\/es\/2022\/10\/marcha-a-bruselas-llama-a-fortalecer-estrategias-que-cambien-politicas-migratorias-en-favor-de-los-ddhh\/#primaryimage"},"thumbnailUrl":"https:\/\/www.pressenza.com\/wp-content\/uploads\/2022\/10\/photo1664801498.jpeg","datePublished":"2022-10-04T14:07:26+00:00","dateModified":"2022-10-04T14:08:10+00:00","description":"La Marcha a Bruselas ha finalizado con un llamamiento para fortalecer una estrategia y cambiar la relaci\u00f3n de poder que permita hacer otra pol\u00edtica","breadcrumb":{"@id":"https:\/\/www.pressenza.com\/es\/2022\/10\/marcha-a-bruselas-llama-a-fortalecer-estrategias-que-cambien-politicas-migratorias-en-favor-de-los-ddhh\/#breadcrumb"},"inLanguage":"es","potentialAction":[{"@type":"ReadAction","target":["https:\/\/www.pressenza.com\/es\/2022\/10\/marcha-a-bruselas-llama-a-fortalecer-estrategias-que-cambien-politicas-migratorias-en-favor-de-los-ddhh\/"]}]},{"@type":"ImageObject","inLanguage":"es","@id":"https:\/\/www.pressenza.com\/es\/2022\/10\/marcha-a-bruselas-llama-a-fortalecer-estrategias-que-cambien-politicas-migratorias-en-favor-de-los-ddhh\/#primaryimage","url":"https:\/\/www.pressenza.com\/wp-content\/uploads\/2022\/10\/photo1664801498.jpeg","contentUrl":"https:\/\/www.pressenza.com\/wp-content\/uploads\/2022\/10\/photo1664801498.jpeg","width":1280,"height":960},{"@type":"BreadcrumbList","@id":"https:\/\/www.pressenza.com\/es\/2022\/10\/marcha-a-bruselas-llama-a-fortalecer-estrategias-que-cambien-politicas-migratorias-en-favor-de-los-ddhh\/#breadcrumb","itemListElement":[{"@type":"ListItem","position":1,"name":"Accueil","item":"https:\/\/www.pressenza.com\/es\/"},{"@type":"ListItem","position":2,"name":"Marcha a Bruselas llama a fortalecer estrategias que cambien pol\u00edticas migratorias en favor de los DDHH"}]},{"@type":"WebSite","@id":"https:\/\/www.pressenza.com\/es\/#website","url":"https:\/\/www.pressenza.com\/es\/","name":"Pressenza","description":"International Press Agency","publisher":{"@id":"https:\/\/www.pressenza.com\/es\/#organization"},"potentialAction":[{"@type":"SearchAction","target":{"@type":"EntryPoint","urlTemplate":"https:\/\/www.pressenza.com\/es\/?s={search_term_string}"},"query-input":{"@type":"PropertyValueSpecification","valueRequired":true,"valueName":"search_term_string"}}],"inLanguage":"es"},{"@type":"Organization","@id":"https:\/\/www.pressenza.com\/es\/#organization","name":"Pressenza","url":"https:\/\/www.pressenza.com\/es\/","logo":{"@type":"ImageObject","inLanguage":"es","@id":"https:\/\/www.pressenza.com\/es\/#\/schema\/logo\/image\/","url":"https:\/\/www.pressenza.com\/wp-content\/uploads\/2022\/10\/pressenza_logo_200x200.jpg","contentUrl":"https:\/\/www.pressenza.com\/wp-content\/uploads\/2022\/10\/pressenza_logo_200x200.jpg","width":200,"height":200,"caption":"Pressenza"},"image":{"@id":"https:\/\/www.pressenza.com\/es\/#\/schema\/logo\/image\/"},"sameAs":["https:\/\/www.facebook.com\/PressenzaItalia","https:\/\/x.com\/PressenzaIPA"]},{"@type":"Person","@id":"https:\/\/www.pressenza.com\/es\/#\/schema\/person\/828fc40eeca2ad7be3630e5a46adba94","name":"Redacci\u00f3n Madrid","description":"News from the Pressenza Bureau in Madrid, Spain","sameAs":["https:\/\/www.facebook.com\/pressenza","https:\/\/x.com\/pressenza"],"url":"https:\/\/www.pressenza.com\/es\/author\/redaccion-madrid\/"}]}},"place":"","original_article_url":"","_links":{"self":[{"href":"https:\/\/www.pressenza.com\/es\/wp-json\/wp\/v2\/posts\/1673414","targetHints":{"allow":["GET"]}}],"collection":[{"href":"https:\/\/www.pressenza.com\/es\/wp-json\/wp\/v2\/posts"}],"about":[{"href":"https:\/\/www.pressenza.com\/es\/wp-json\/wp\/v2\/types\/post"}],"author":[{"embeddable":true,"href":"https:\/\/www.pressenza.com\/es\/wp-json\/wp\/v2\/users\/94"}],"replies":[{"embeddable":true,"href":"https:\/\/www.pressenza.com\/es\/wp-json\/wp\/v2\/comments?post=1673414"}],"version-history":[{"count":0,"href":"https:\/\/www.pressenza.com\/es\/wp-json\/wp\/v2\/posts\/1673414\/revisions"}],"wp:featuredmedia":[{"embeddable":true,"href":"https:\/\/www.pressenza.com\/es\/wp-json\/wp\/v2\/media\/1673462"}],"wp:attachment":[{"href":"https:\/\/www.pressenza.com\/es\/wp-json\/wp\/v2\/media?parent=1673414"}],"wp:term":[{"taxonomy":"category","embeddable":true,"href":"https:\/\/www.pressenza.com\/es\/wp-json\/wp\/v2\/categories?post=1673414"},{"taxonomy":"post_tag","embeddable":true,"href":"https:\/\/www.pressenza.com\/es\/wp-json\/wp\/v2\/tags?post=1673414"}],"curies":[{"name":"wp","href":"https:\/\/api.w.org\/{rel}","templated":true}]}}