{"id":167070,"date":"2015-03-03T16:27:16","date_gmt":"2015-03-03T16:27:16","guid":{"rendered":"http:\/\/www.pressenza.com\/?p=167070"},"modified":"2015-03-03T16:27:16","modified_gmt":"2015-03-03T16:27:16","slug":"el-protagonismo-de-las-convicciones","status":"publish","type":"post","link":"https:\/\/www.pressenza.com\/es\/2015\/03\/el-protagonismo-de-las-convicciones\/","title":{"rendered":"El protagonismo de las convicciones"},"content":{"rendered":"<p><em>El domingo ten\u00eda un cometido period\u00edstico. En mi bolsito de marchas, llevaba el grabador, el cuaderno y la c\u00e1mara, \u00bfpero saben qu\u00e9? Fui masa, me dej\u00e9 arrastrar por la corriente y prefer\u00ed compartir mi tiempo con amigos y acompa\u00f1ar a una amiga de Mozambique que quer\u00eda saber c\u00f3mo eran los actos pol\u00edticos en Argentina.<\/em><\/p>\n<p>Y decid\u00ed ser masa porque buscar la imagen, el comentario, el resumen de una congregaci\u00f3n de tantos miles de personas insume mucha energ\u00eda y, sobre todo, mucha atenci\u00f3n. Y quer\u00eda sintonizar con esos compa\u00f1eros de sue\u00f1os, con esos acompa\u00f1antes de viaje transformador, con estos c\u00f3mplices de la reconstrucci\u00f3n de la patria.<\/p>\n<p>Nos bajamos del 7 que nos acerc\u00f3 a Congreso y descubrimos que qued\u00f3 casi vac\u00edo en su continuaci\u00f3n hacia Retiro, casi todos \u00edbamos a esa plaza del pueblo. Las vallas nos impedir\u00edan ir al punto de encuentro acordado, as\u00ed que hicimos un enorme rodeo y entramos a la plaza del Congreso por la calle Sol\u00eds mientras estaban anunciando que arrancaba la cadena nacional. El himno lo cantamos rodeados de banderas de todos los colores y apretaditos entre muchachos con los torsos desnudos y con la piel de gallina que gritaban el himno con apenas voz, de conmovidos que estaban. Sus hijos, en los hombros, completaban el grito sagrado: \u00a1Libertad, libertad, libertad!<\/p>\n<p>Este s\u00edmbolo que fue despreciado durante mi adolescencia, desde hace algunos a\u00f1os se ha convertido en ant\u00eddoto ante la desuni\u00f3n, en amalgama frente a la disidencia. Como los c\u00e1nticos de reconocimiento a un proyecto y las proclamas de defensa de este modelo pol\u00edtico.<\/p>\n<p>Decid\u00ed ser masa porque quer\u00eda absorber como una esponja esa energ\u00eda que circulaba entre la gente, ese orgullo militante y ese sentimiento de pertenencia. Ese descubrir la insondable belleza de un pueblo despierto, consciente, dispuesto para el trabajo, el debate y la construcci\u00f3n. Una belleza que destilaba de los ojos emocionados, de los pu\u00f1os apretados, de los pechos inflamados, de los aplausos incontenibles, las miradas c\u00f3mplices y las declaraciones de amor a nuestra Presidenta.<\/p>\n<p>Decid\u00ed ser masa porque la labor de periodista te expone a todo el esti\u00e9rcol que circula por los grandes medios: el odio de los opinadores, las operaciones de prensa, las falsedades, las cifras fraguadas, el oportunismo opositorio y dem\u00e1s entelequias del absurdo. Y una manera de limpiarse de tanto bodrio y zafiedad es acompasar el amador con muchos miles m\u00e1s y latir al un\u00edsono en una esperanza y un deseo profundo de una Argentina mejor.<\/p>\n<p><strong>La mirada extranjera<\/strong><\/p>\n<p>Mi amiga africana estaba exultante de ver tanta juventud motivada con la pol\u00edtica, de ver tambi\u00e9n tantas agrupaciones distintas capaces de confluir en un mismo espacio y me comentaba lo clara que era Cristina Fern\u00e1ndez en su exposici\u00f3n. \u201cNunca escuch\u00e9 un pol\u00edtico ser tan did\u00e1ctico, tan preciso en sus discursos\u201d me dec\u00eda antes de quedarse con los ojos desorbitados cuando se enter\u00f3 que los estudiantes universitarios de ingenier\u00eda se hab\u00edan convertido en la primera elecci\u00f3n. \u201cEs incre\u00edble ese dato\u201d me dec\u00eda, con la boca muy grande, la ingeniera en telecomunicaciones de origen mozambique\u00f1o.<\/p>\n<p>Nos preguntaba cosas, detalles, hab\u00eda infinitas alusiones a cosas que ella desconoc\u00eda de la pol\u00edtica local, pero se mostr\u00f3 encandilada con la claridad para explicar las fuerzas geopol\u00edticas que tejen y destejen en la realidad argentina. En mi fuero \u00edntimo sent\u00eda la gratitud de que se confirmaran las interpretaciones propias de estas disputas nacionales e internacionales.<\/p>\n<p>El Congreso fue escenario del espect\u00e1culo m\u00e1s hermoso que se puede imaginar, el del compromiso popular, el de la fortaleza en las convicciones de concebir un futuro mejor para los excluidos, para los que no han podido salir de sus tragedias, para los que viven ensimismados en sus mezquindades, para los que necesitan la consolidaci\u00f3n de sus derechos. Ese futuro estaba presente en la plaza, en las calles y se contagiaba por las pizzer\u00edas de la Avenida Corrientes y viajaba en los colectivos, los de l\u00ednea y los privados, el subte y las caminatas de todos estos protagonistas de la historia, decididos a cambiar la \u00e9poca y no que la \u00e9poca los cambie a ellos.<\/p>\n","protected":false},"excerpt":{"rendered":"<p>El domingo ten\u00eda un cometido period\u00edstico. En mi bolsito de marchas, llevaba el grabador, el cuaderno y la c\u00e1mara, \u00bfpero saben qu\u00e9? Fui masa, me dej\u00e9 arrastrar por la corriente y prefer\u00ed compartir mi tiempo con amigos y acompa\u00f1ar a&hellip;<\/p>\n","protected":false},"author":96,"featured_media":167071,"comment_status":"closed","ping_status":"open","sticky":false,"template":"","format":"standard","meta":{"footnotes":""},"categories":[11389,161,74,67],"tags":[26,1146,696,526],"class_list":["post-167070","post","type-post","status-publish","format-standard","has-post-thumbnail","hentry","category-contenido-original","category-opiniones","category-politica-es","category-sudamerica","tag-argentina","tag-cristina-fernandez-de-kirchner","tag-democracia","tag-manifestacion"],"yoast_head":"<!-- This site is optimized with the Yoast SEO plugin v27.1.1 - https:\/\/yoast.com\/product\/yoast-seo-wordpress\/ -->\n<title>El protagonismo de las convicciones<\/title>\n<meta name=\"description\" content=\"El domingo ten\u00eda un cometido period\u00edstico. En mi bolsito de marchas, llevaba el grabador, el cuaderno y la c\u00e1mara, \u00bfpero saben qu\u00e9? Fui masa, me dej\u00e9\" \/>\n<meta name=\"robots\" content=\"index, follow, max-snippet:-1, max-image-preview:large, max-video-preview:-1\" \/>\n<link rel=\"canonical\" href=\"https:\/\/www.pressenza.com\/es\/2015\/03\/el-protagonismo-de-las-convicciones\/\" \/>\n<meta property=\"og:locale\" content=\"es_ES\" \/>\n<meta property=\"og:type\" content=\"article\" \/>\n<meta property=\"og:title\" content=\"El protagonismo de las convicciones\" \/>\n<meta property=\"og:description\" content=\"El domingo ten\u00eda un cometido period\u00edstico. En mi bolsito de marchas, llevaba el grabador, el cuaderno y la c\u00e1mara, \u00bfpero saben qu\u00e9? Fui masa, me dej\u00e9\" \/>\n<meta property=\"og:url\" content=\"https:\/\/www.pressenza.com\/es\/2015\/03\/el-protagonismo-de-las-convicciones\/\" \/>\n<meta property=\"og:site_name\" content=\"Pressenza\" \/>\n<meta property=\"article:publisher\" content=\"https:\/\/www.facebook.com\/PressenzaItalia\" \/>\n<meta property=\"article:author\" content=\"https:\/\/www.facebook.com\/mariano.quiroga.779\" \/>\n<meta property=\"article:published_time\" content=\"2015-03-03T16:27:16+00:00\" \/>\n<meta property=\"og:image\" content=\"https:\/\/www.pressenza.com\/wp-content\/uploads\/2015\/03\/llegando-a-la-plaza.jpg\" \/>\n\t<meta property=\"og:image:width\" content=\"1004\" \/>\n\t<meta property=\"og:image:height\" content=\"669\" \/>\n\t<meta property=\"og:image:type\" content=\"image\/jpeg\" \/>\n<meta name=\"author\" content=\"Mariano Quiroga\" \/>\n<meta name=\"twitter:card\" content=\"summary_large_image\" \/>\n<meta name=\"twitter:creator\" content=\"@MaruchoQuiroga\" \/>\n<meta name=\"twitter:site\" content=\"@PressenzaIPA\" \/>\n<meta name=\"twitter:label1\" content=\"Escrito por\" \/>\n\t<meta name=\"twitter:data1\" content=\"Mariano Quiroga\" \/>\n\t<meta name=\"twitter:label2\" content=\"Tiempo de lectura\" \/>\n\t<meta name=\"twitter:data2\" content=\"4 minutos\" \/>\n<script type=\"application\/ld+json\" class=\"yoast-schema-graph\">{\"@context\":\"https:\/\/schema.org\",\"@graph\":[{\"@type\":\"Article\",\"@id\":\"https:\/\/www.pressenza.com\/es\/2015\/03\/el-protagonismo-de-las-convicciones\/#article\",\"isPartOf\":{\"@id\":\"https:\/\/www.pressenza.com\/es\/2015\/03\/el-protagonismo-de-las-convicciones\/\"},\"author\":{\"name\":\"Mariano Quiroga\",\"@id\":\"https:\/\/www.pressenza.com\/es\/#\/schema\/person\/a0856fe41d8234b92503e6b28dc2585e\"},\"headline\":\"El protagonismo de las convicciones\",\"datePublished\":\"2015-03-03T16:27:16+00:00\",\"mainEntityOfPage\":{\"@id\":\"https:\/\/www.pressenza.com\/es\/2015\/03\/el-protagonismo-de-las-convicciones\/\"},\"wordCount\":737,\"publisher\":{\"@id\":\"https:\/\/www.pressenza.com\/es\/#organization\"},\"image\":{\"@id\":\"https:\/\/www.pressenza.com\/es\/2015\/03\/el-protagonismo-de-las-convicciones\/#primaryimage\"},\"thumbnailUrl\":\"https:\/\/www.pressenza.com\/wp-content\/uploads\/2015\/03\/llegando-a-la-plaza.jpg\",\"keywords\":[\"Argentina\",\"Cristina Fernandez de Kirchner\",\"Democracia\",\"manifestaci\u00f3n\"],\"articleSection\":[\"Contenido Original\",\"Opiniones\",\"Pol\u00edtica\",\"Sudam\u00e9rica\"],\"inLanguage\":\"es\"},{\"@type\":\"WebPage\",\"@id\":\"https:\/\/www.pressenza.com\/es\/2015\/03\/el-protagonismo-de-las-convicciones\/\",\"url\":\"https:\/\/www.pressenza.com\/es\/2015\/03\/el-protagonismo-de-las-convicciones\/\",\"name\":\"El protagonismo de las convicciones\",\"isPartOf\":{\"@id\":\"https:\/\/www.pressenza.com\/es\/#website\"},\"primaryImageOfPage\":{\"@id\":\"https:\/\/www.pressenza.com\/es\/2015\/03\/el-protagonismo-de-las-convicciones\/#primaryimage\"},\"image\":{\"@id\":\"https:\/\/www.pressenza.com\/es\/2015\/03\/el-protagonismo-de-las-convicciones\/#primaryimage\"},\"thumbnailUrl\":\"https:\/\/www.pressenza.com\/wp-content\/uploads\/2015\/03\/llegando-a-la-plaza.jpg\",\"datePublished\":\"2015-03-03T16:27:16+00:00\",\"description\":\"El domingo ten\u00eda un cometido period\u00edstico. En mi bolsito de marchas, llevaba el grabador, el cuaderno y la c\u00e1mara, \u00bfpero saben qu\u00e9? Fui masa, me dej\u00e9\",\"breadcrumb\":{\"@id\":\"https:\/\/www.pressenza.com\/es\/2015\/03\/el-protagonismo-de-las-convicciones\/#breadcrumb\"},\"inLanguage\":\"es\",\"potentialAction\":[{\"@type\":\"ReadAction\",\"target\":[\"https:\/\/www.pressenza.com\/es\/2015\/03\/el-protagonismo-de-las-convicciones\/\"]}]},{\"@type\":\"ImageObject\",\"inLanguage\":\"es\",\"@id\":\"https:\/\/www.pressenza.com\/es\/2015\/03\/el-protagonismo-de-las-convicciones\/#primaryimage\",\"url\":\"https:\/\/www.pressenza.com\/wp-content\/uploads\/2015\/03\/llegando-a-la-plaza.jpg\",\"contentUrl\":\"https:\/\/www.pressenza.com\/wp-content\/uploads\/2015\/03\/llegando-a-la-plaza.jpg\",\"width\":1004,\"height\":669},{\"@type\":\"BreadcrumbList\",\"@id\":\"https:\/\/www.pressenza.com\/es\/2015\/03\/el-protagonismo-de-las-convicciones\/#breadcrumb\",\"itemListElement\":[{\"@type\":\"ListItem\",\"position\":1,\"name\":\"Accueil\",\"item\":\"https:\/\/www.pressenza.com\/es\/\"},{\"@type\":\"ListItem\",\"position\":2,\"name\":\"El protagonismo de las convicciones\"}]},{\"@type\":\"WebSite\",\"@id\":\"https:\/\/www.pressenza.com\/es\/#website\",\"url\":\"https:\/\/www.pressenza.com\/es\/\",\"name\":\"Pressenza\",\"description\":\"International Press Agency\",\"publisher\":{\"@id\":\"https:\/\/www.pressenza.com\/es\/#organization\"},\"potentialAction\":[{\"@type\":\"SearchAction\",\"target\":{\"@type\":\"EntryPoint\",\"urlTemplate\":\"https:\/\/www.pressenza.com\/es\/?s={search_term_string}\"},\"query-input\":{\"@type\":\"PropertyValueSpecification\",\"valueRequired\":true,\"valueName\":\"search_term_string\"}}],\"inLanguage\":\"es\"},{\"@type\":\"Organization\",\"@id\":\"https:\/\/www.pressenza.com\/es\/#organization\",\"name\":\"Pressenza\",\"url\":\"https:\/\/www.pressenza.com\/es\/\",\"logo\":{\"@type\":\"ImageObject\",\"inLanguage\":\"es\",\"@id\":\"https:\/\/www.pressenza.com\/es\/#\/schema\/logo\/image\/\",\"url\":\"https:\/\/www.pressenza.com\/wp-content\/uploads\/2022\/10\/pressenza_logo_200x200.jpg\",\"contentUrl\":\"https:\/\/www.pressenza.com\/wp-content\/uploads\/2022\/10\/pressenza_logo_200x200.jpg\",\"width\":200,\"height\":200,\"caption\":\"Pressenza\"},\"image\":{\"@id\":\"https:\/\/www.pressenza.com\/es\/#\/schema\/logo\/image\/\"},\"sameAs\":[\"https:\/\/www.facebook.com\/PressenzaItalia\",\"https:\/\/x.com\/PressenzaIPA\"]},{\"@type\":\"Person\",\"@id\":\"https:\/\/www.pressenza.com\/es\/#\/schema\/person\/a0856fe41d8234b92503e6b28dc2585e\",\"name\":\"Mariano Quiroga\",\"description\":\"Born in Buenos Aires, Argentina, in 1976, Mariano is a journalist, poet and international editor for Pressenza. His career includes publications in different countries and languages. Currently he is presenter on radio programmes in Ecuador and Argentina. A humanist communicator specialising in international politics, his vocation has led him to seek to build bridges that allow relationships to be made between data, events, people and contexts in order to create an inclusive look that synthesises the noblest searches for social justice and humanisation of the planet.\",\"sameAs\":[\"https:\/\/www.facebook.com\/mariano.quiroga.779\",\"https:\/\/x.com\/MaruchoQuiroga\"],\"url\":\"https:\/\/www.pressenza.com\/es\/author\/mariano-quiroga\/\"}]}<\/script>\n<!-- \/ Yoast SEO plugin. -->","yoast_head_json":{"title":"El protagonismo de las convicciones","description":"El domingo ten\u00eda un cometido period\u00edstico. En mi bolsito de marchas, llevaba el grabador, el cuaderno y la c\u00e1mara, \u00bfpero saben qu\u00e9? Fui masa, me dej\u00e9","robots":{"index":"index","follow":"follow","max-snippet":"max-snippet:-1","max-image-preview":"max-image-preview:large","max-video-preview":"max-video-preview:-1"},"canonical":"https:\/\/www.pressenza.com\/es\/2015\/03\/el-protagonismo-de-las-convicciones\/","og_locale":"es_ES","og_type":"article","og_title":"El protagonismo de las convicciones","og_description":"El domingo ten\u00eda un cometido period\u00edstico. En mi bolsito de marchas, llevaba el grabador, el cuaderno y la c\u00e1mara, \u00bfpero saben qu\u00e9? Fui masa, me dej\u00e9","og_url":"https:\/\/www.pressenza.com\/es\/2015\/03\/el-protagonismo-de-las-convicciones\/","og_site_name":"Pressenza","article_publisher":"https:\/\/www.facebook.com\/PressenzaItalia","article_author":"https:\/\/www.facebook.com\/mariano.quiroga.779","article_published_time":"2015-03-03T16:27:16+00:00","og_image":[{"width":1004,"height":669,"url":"https:\/\/www.pressenza.com\/wp-content\/uploads\/2015\/03\/llegando-a-la-plaza.jpg","type":"image\/jpeg"}],"author":"Mariano Quiroga","twitter_card":"summary_large_image","twitter_creator":"@MaruchoQuiroga","twitter_site":"@PressenzaIPA","twitter_misc":{"Escrito por":"Mariano Quiroga","Tiempo de lectura":"4 minutos"},"schema":{"@context":"https:\/\/schema.org","@graph":[{"@type":"Article","@id":"https:\/\/www.pressenza.com\/es\/2015\/03\/el-protagonismo-de-las-convicciones\/#article","isPartOf":{"@id":"https:\/\/www.pressenza.com\/es\/2015\/03\/el-protagonismo-de-las-convicciones\/"},"author":{"name":"Mariano Quiroga","@id":"https:\/\/www.pressenza.com\/es\/#\/schema\/person\/a0856fe41d8234b92503e6b28dc2585e"},"headline":"El protagonismo de las convicciones","datePublished":"2015-03-03T16:27:16+00:00","mainEntityOfPage":{"@id":"https:\/\/www.pressenza.com\/es\/2015\/03\/el-protagonismo-de-las-convicciones\/"},"wordCount":737,"publisher":{"@id":"https:\/\/www.pressenza.com\/es\/#organization"},"image":{"@id":"https:\/\/www.pressenza.com\/es\/2015\/03\/el-protagonismo-de-las-convicciones\/#primaryimage"},"thumbnailUrl":"https:\/\/www.pressenza.com\/wp-content\/uploads\/2015\/03\/llegando-a-la-plaza.jpg","keywords":["Argentina","Cristina Fernandez de Kirchner","Democracia","manifestaci\u00f3n"],"articleSection":["Contenido Original","Opiniones","Pol\u00edtica","Sudam\u00e9rica"],"inLanguage":"es"},{"@type":"WebPage","@id":"https:\/\/www.pressenza.com\/es\/2015\/03\/el-protagonismo-de-las-convicciones\/","url":"https:\/\/www.pressenza.com\/es\/2015\/03\/el-protagonismo-de-las-convicciones\/","name":"El protagonismo de las convicciones","isPartOf":{"@id":"https:\/\/www.pressenza.com\/es\/#website"},"primaryImageOfPage":{"@id":"https:\/\/www.pressenza.com\/es\/2015\/03\/el-protagonismo-de-las-convicciones\/#primaryimage"},"image":{"@id":"https:\/\/www.pressenza.com\/es\/2015\/03\/el-protagonismo-de-las-convicciones\/#primaryimage"},"thumbnailUrl":"https:\/\/www.pressenza.com\/wp-content\/uploads\/2015\/03\/llegando-a-la-plaza.jpg","datePublished":"2015-03-03T16:27:16+00:00","description":"El domingo ten\u00eda un cometido period\u00edstico. En mi bolsito de marchas, llevaba el grabador, el cuaderno y la c\u00e1mara, \u00bfpero saben qu\u00e9? Fui masa, me dej\u00e9","breadcrumb":{"@id":"https:\/\/www.pressenza.com\/es\/2015\/03\/el-protagonismo-de-las-convicciones\/#breadcrumb"},"inLanguage":"es","potentialAction":[{"@type":"ReadAction","target":["https:\/\/www.pressenza.com\/es\/2015\/03\/el-protagonismo-de-las-convicciones\/"]}]},{"@type":"ImageObject","inLanguage":"es","@id":"https:\/\/www.pressenza.com\/es\/2015\/03\/el-protagonismo-de-las-convicciones\/#primaryimage","url":"https:\/\/www.pressenza.com\/wp-content\/uploads\/2015\/03\/llegando-a-la-plaza.jpg","contentUrl":"https:\/\/www.pressenza.com\/wp-content\/uploads\/2015\/03\/llegando-a-la-plaza.jpg","width":1004,"height":669},{"@type":"BreadcrumbList","@id":"https:\/\/www.pressenza.com\/es\/2015\/03\/el-protagonismo-de-las-convicciones\/#breadcrumb","itemListElement":[{"@type":"ListItem","position":1,"name":"Accueil","item":"https:\/\/www.pressenza.com\/es\/"},{"@type":"ListItem","position":2,"name":"El protagonismo de las convicciones"}]},{"@type":"WebSite","@id":"https:\/\/www.pressenza.com\/es\/#website","url":"https:\/\/www.pressenza.com\/es\/","name":"Pressenza","description":"International Press Agency","publisher":{"@id":"https:\/\/www.pressenza.com\/es\/#organization"},"potentialAction":[{"@type":"SearchAction","target":{"@type":"EntryPoint","urlTemplate":"https:\/\/www.pressenza.com\/es\/?s={search_term_string}"},"query-input":{"@type":"PropertyValueSpecification","valueRequired":true,"valueName":"search_term_string"}}],"inLanguage":"es"},{"@type":"Organization","@id":"https:\/\/www.pressenza.com\/es\/#organization","name":"Pressenza","url":"https:\/\/www.pressenza.com\/es\/","logo":{"@type":"ImageObject","inLanguage":"es","@id":"https:\/\/www.pressenza.com\/es\/#\/schema\/logo\/image\/","url":"https:\/\/www.pressenza.com\/wp-content\/uploads\/2022\/10\/pressenza_logo_200x200.jpg","contentUrl":"https:\/\/www.pressenza.com\/wp-content\/uploads\/2022\/10\/pressenza_logo_200x200.jpg","width":200,"height":200,"caption":"Pressenza"},"image":{"@id":"https:\/\/www.pressenza.com\/es\/#\/schema\/logo\/image\/"},"sameAs":["https:\/\/www.facebook.com\/PressenzaItalia","https:\/\/x.com\/PressenzaIPA"]},{"@type":"Person","@id":"https:\/\/www.pressenza.com\/es\/#\/schema\/person\/a0856fe41d8234b92503e6b28dc2585e","name":"Mariano Quiroga","description":"Born in Buenos Aires, Argentina, in 1976, Mariano is a journalist, poet and international editor for Pressenza. His career includes publications in different countries and languages. Currently he is presenter on radio programmes in Ecuador and Argentina. A humanist communicator specialising in international politics, his vocation has led him to seek to build bridges that allow relationships to be made between data, events, people and contexts in order to create an inclusive look that synthesises the noblest searches for social justice and humanisation of the planet.","sameAs":["https:\/\/www.facebook.com\/mariano.quiroga.779","https:\/\/x.com\/MaruchoQuiroga"],"url":"https:\/\/www.pressenza.com\/es\/author\/mariano-quiroga\/"}]}},"place":"Ciudad de Buenos Aires","original_article_url":"","_links":{"self":[{"href":"https:\/\/www.pressenza.com\/es\/wp-json\/wp\/v2\/posts\/167070","targetHints":{"allow":["GET"]}}],"collection":[{"href":"https:\/\/www.pressenza.com\/es\/wp-json\/wp\/v2\/posts"}],"about":[{"href":"https:\/\/www.pressenza.com\/es\/wp-json\/wp\/v2\/types\/post"}],"author":[{"embeddable":true,"href":"https:\/\/www.pressenza.com\/es\/wp-json\/wp\/v2\/users\/96"}],"replies":[{"embeddable":true,"href":"https:\/\/www.pressenza.com\/es\/wp-json\/wp\/v2\/comments?post=167070"}],"version-history":[{"count":0,"href":"https:\/\/www.pressenza.com\/es\/wp-json\/wp\/v2\/posts\/167070\/revisions"}],"wp:featuredmedia":[{"embeddable":true,"href":"https:\/\/www.pressenza.com\/es\/wp-json\/wp\/v2\/media\/167071"}],"wp:attachment":[{"href":"https:\/\/www.pressenza.com\/es\/wp-json\/wp\/v2\/media?parent=167070"}],"wp:term":[{"taxonomy":"category","embeddable":true,"href":"https:\/\/www.pressenza.com\/es\/wp-json\/wp\/v2\/categories?post=167070"},{"taxonomy":"post_tag","embeddable":true,"href":"https:\/\/www.pressenza.com\/es\/wp-json\/wp\/v2\/tags?post=167070"}],"curies":[{"name":"wp","href":"https:\/\/api.w.org\/{rel}","templated":true}]}}