{"id":1669,"date":"2009-10-09T00:00:00","date_gmt":"2009-10-09T00:00:00","guid":{"rendered":""},"modified":"2009-10-13T11:54:27","modified_gmt":"2009-10-13T11:54:27","slug":"jornadas-por-la-paz-y-la-no-violencia-en-el-kibutz-holit","status":"publish","type":"post","link":"https:\/\/www.pressenza.com\/es\/2009\/10\/jornadas-por-la-paz-y-la-no-violencia-en-el-kibutz-holit\/","title":{"rendered":"Jornadas por la paz y la no violencia en el kibutz Holit"},"content":{"rendered":"<p>Perdido en la inmensidad del desierto del Negev y a pocos kil\u00f3metros de la Franja de Gaza, se encuentra, entre otros, un oasis verde gracias al riego artificial, el kibutz Holit.<\/p>\n<p>En esta granja colectiva, habitada por no mas de 100 personas que luchan d\u00eda a d\u00eda contra las arenas implacables, se realizaron durante dos d\u00edas, 7 y 8 de Octubre de 2009, unas jornadas por la Paz y la No Violencia, conjuntamente con el movimiento socialista kibutziano Shomer Hatzair y miembros de la Marcha Mundial de Israel, Espa\u00f1a, Argentina, Francia y Suiza.<\/p>\n<p>Estas jornadas fueron protagonizadas por decenas de adultos y jovenes, que provenientes de todo el mundo, vienen por un a\u00f1o a compenetrarse con otras formas de vida.<\/p>\n<p>Jayme Fucs Bar, presidente de Shomer Hatzair mundial manifest\u00f3: \u201choy vinimos hasta aqu\u00ed para decirles a los dirigentes israel\u00edes y palestinos: terminemos con la violencia, con el derramamiento de sangre y la guerra. Queremos vivir nuestras vidas de personas normales, levantarnos por la ma\u00f1ana, ir a trabajar, estudiar, pasear por los campos y sin miedo a los misiles, sin miedo a los tanques, sin miedo a los atentados y sin miedo a los bombardeos de los aviones\u2026 queremos vivir en paz israel\u00edes y palestinos, jud\u00edos y musulmanes, sin odio, y viendo crecer a nuestros ni\u00f1os sin violencia y con futuro\u2026\u201d<\/p>\n<p>Aaron Elberg y Roberto Kohanoff, miembros del equipo de la MM en Israel, informaron sobre los objetivos de la Marcha Mundial, especialmente en esta zona tan particularmente conflictiva.<\/p>\n<p>M\u00e1s im\u00e1genes en: <http:\/\/picasaweb.google.com\/imagenpressenzaspain\/KibutzHolitIsrael#><\/p>\n","protected":false},"excerpt":{"rendered":"<p>A pocos kil\u00f3metros de la Franja de Gaza se realizaron unas jornadas por la Paz y la No Violencia, conjuntamente con el movimiento socialista kibutziano Shomer Hatzair y miembros de la Marcha Mundial. Jayme Fucs Bar manifest\u00f3: \u201cqueremos vivir en paz israel\u00edes y palestinos, jud\u00edos y musulmanes, sin odio, y viendo crecer a nuestros ni\u00f1os sin violencia y con futuro\u2026\u201d<\/p>\n","protected":false},"author":19,"featured_media":0,"comment_status":"closed","ping_status":"open","sticky":false,"template":"","format":"standard","meta":{"footnotes":""},"categories":[75,39,71],"tags":[],"class_list":["post-1669","post","type-post","status-publish","format-standard","hentry","category-cultura-es","category-internacional","category-medio-oriente-es"],"yoast_head":"<!-- This site is optimized with the Yoast SEO plugin v27.1.1 - https:\/\/yoast.com\/product\/yoast-seo-wordpress\/ -->\n<title>Jornadas por la paz y la no violencia en el kibutz Holit<\/title>\n<meta name=\"description\" content=\"A pocos kil\u00f3metros de la Franja de Gaza se realizaron unas jornadas por la Paz y la No Violencia, conjuntamente con el movimiento socialista kibutziano Shomer Hatzair y miembros de la Marcha Mundial. Jayme Fucs Bar manifest\u00f3: \u201cqueremos vivir en paz israel\u00edes y palestinos, jud\u00edos y musulmanes, sin odio, y viendo crecer a nuestros ni\u00f1os sin violencia y con futuro\u2026\u201d\" \/>\n<meta name=\"robots\" content=\"index, follow, max-snippet:-1, max-image-preview:large, max-video-preview:-1\" \/>\n<link rel=\"canonical\" href=\"https:\/\/www.pressenza.com\/es\/2009\/10\/jornadas-por-la-paz-y-la-no-violencia-en-el-kibutz-holit\/\" \/>\n<meta property=\"og:locale\" content=\"es_ES\" \/>\n<meta property=\"og:type\" content=\"article\" \/>\n<meta property=\"og:title\" content=\"Jornadas por la paz y la no violencia en el kibutz Holit\" \/>\n<meta property=\"og:description\" content=\"A pocos kil\u00f3metros de la Franja de Gaza se realizaron unas jornadas por la Paz y la No Violencia, conjuntamente con el movimiento socialista kibutziano Shomer Hatzair y miembros de la Marcha Mundial. Jayme Fucs Bar manifest\u00f3: \u201cqueremos vivir en paz israel\u00edes y palestinos, jud\u00edos y musulmanes, sin odio, y viendo crecer a nuestros ni\u00f1os sin violencia y con futuro\u2026\u201d\" \/>\n<meta property=\"og:url\" content=\"https:\/\/www.pressenza.com\/es\/2009\/10\/jornadas-por-la-paz-y-la-no-violencia-en-el-kibutz-holit\/\" \/>\n<meta property=\"og:site_name\" content=\"Pressenza\" \/>\n<meta property=\"article:publisher\" content=\"https:\/\/www.facebook.com\/PressenzaItalia\" \/>\n<meta property=\"article:author\" content=\"https:\/\/www.facebook.com\/pressenza\" \/>\n<meta property=\"article:published_time\" content=\"2009-10-09T00:00:00+00:00\" \/>\n<meta property=\"article:modified_time\" content=\"2009-10-13T11:54:27+00:00\" \/>\n<meta name=\"author\" content=\"Pressenza IPA\" \/>\n<meta name=\"twitter:card\" content=\"summary_large_image\" \/>\n<meta name=\"twitter:creator\" content=\"@PressenzaIPA\" \/>\n<meta name=\"twitter:site\" content=\"@PressenzaIPA\" \/>\n<meta name=\"twitter:label1\" content=\"Escrito por\" \/>\n\t<meta name=\"twitter:data1\" content=\"Pressenza IPA\" \/>\n\t<meta name=\"twitter:label2\" content=\"Tiempo de lectura\" \/>\n\t<meta name=\"twitter:data2\" content=\"1 minuto\" \/>\n<script type=\"application\/ld+json\" class=\"yoast-schema-graph\">{\"@context\":\"https:\/\/schema.org\",\"@graph\":[{\"@type\":\"Article\",\"@id\":\"https:\/\/www.pressenza.com\/es\/2009\/10\/jornadas-por-la-paz-y-la-no-violencia-en-el-kibutz-holit\/#article\",\"isPartOf\":{\"@id\":\"https:\/\/www.pressenza.com\/es\/2009\/10\/jornadas-por-la-paz-y-la-no-violencia-en-el-kibutz-holit\/\"},\"author\":{\"name\":\"Pressenza IPA\",\"@id\":\"https:\/\/www.pressenza.com\/es\/#\/schema\/person\/010e5d02bcf40965427a1289a4cc8d75\"},\"headline\":\"Jornadas por la paz y la no violencia en el kibutz Holit\",\"datePublished\":\"2009-10-09T00:00:00+00:00\",\"dateModified\":\"2009-10-13T11:54:27+00:00\",\"mainEntityOfPage\":{\"@id\":\"https:\/\/www.pressenza.com\/es\/2009\/10\/jornadas-por-la-paz-y-la-no-violencia-en-el-kibutz-holit\/\"},\"wordCount\":272,\"publisher\":{\"@id\":\"https:\/\/www.pressenza.com\/es\/#organization\"},\"articleSection\":[\"Cultura y Medios\",\"Internacional\",\"Medio Oriente\"],\"inLanguage\":\"es\"},{\"@type\":\"WebPage\",\"@id\":\"https:\/\/www.pressenza.com\/es\/2009\/10\/jornadas-por-la-paz-y-la-no-violencia-en-el-kibutz-holit\/\",\"url\":\"https:\/\/www.pressenza.com\/es\/2009\/10\/jornadas-por-la-paz-y-la-no-violencia-en-el-kibutz-holit\/\",\"name\":\"Jornadas por la paz y la no violencia en el kibutz Holit\",\"isPartOf\":{\"@id\":\"https:\/\/www.pressenza.com\/es\/#website\"},\"datePublished\":\"2009-10-09T00:00:00+00:00\",\"dateModified\":\"2009-10-13T11:54:27+00:00\",\"description\":\"A pocos kil\u00f3metros de la Franja de Gaza se realizaron unas jornadas por la Paz y la No Violencia, conjuntamente con el movimiento socialista kibutziano Shomer Hatzair y miembros de la Marcha Mundial. Jayme Fucs Bar manifest\u00f3: \u201cqueremos vivir en paz israel\u00edes y palestinos, jud\u00edos y musulmanes, sin odio, y viendo crecer a nuestros ni\u00f1os sin violencia y con futuro\u2026\u201d\",\"breadcrumb\":{\"@id\":\"https:\/\/www.pressenza.com\/es\/2009\/10\/jornadas-por-la-paz-y-la-no-violencia-en-el-kibutz-holit\/#breadcrumb\"},\"inLanguage\":\"es\",\"potentialAction\":[{\"@type\":\"ReadAction\",\"target\":[\"https:\/\/www.pressenza.com\/es\/2009\/10\/jornadas-por-la-paz-y-la-no-violencia-en-el-kibutz-holit\/\"]}]},{\"@type\":\"BreadcrumbList\",\"@id\":\"https:\/\/www.pressenza.com\/es\/2009\/10\/jornadas-por-la-paz-y-la-no-violencia-en-el-kibutz-holit\/#breadcrumb\",\"itemListElement\":[{\"@type\":\"ListItem\",\"position\":1,\"name\":\"Accueil\",\"item\":\"https:\/\/www.pressenza.com\/es\/\"},{\"@type\":\"ListItem\",\"position\":2,\"name\":\"Jornadas por la paz y la no violencia en el kibutz Holit\"}]},{\"@type\":\"WebSite\",\"@id\":\"https:\/\/www.pressenza.com\/es\/#website\",\"url\":\"https:\/\/www.pressenza.com\/es\/\",\"name\":\"Pressenza\",\"description\":\"International Press Agency\",\"publisher\":{\"@id\":\"https:\/\/www.pressenza.com\/es\/#organization\"},\"potentialAction\":[{\"@type\":\"SearchAction\",\"target\":{\"@type\":\"EntryPoint\",\"urlTemplate\":\"https:\/\/www.pressenza.com\/es\/?s={search_term_string}\"},\"query-input\":{\"@type\":\"PropertyValueSpecification\",\"valueRequired\":true,\"valueName\":\"search_term_string\"}}],\"inLanguage\":\"es\"},{\"@type\":\"Organization\",\"@id\":\"https:\/\/www.pressenza.com\/es\/#organization\",\"name\":\"Pressenza\",\"url\":\"https:\/\/www.pressenza.com\/es\/\",\"logo\":{\"@type\":\"ImageObject\",\"inLanguage\":\"es\",\"@id\":\"https:\/\/www.pressenza.com\/es\/#\/schema\/logo\/image\/\",\"url\":\"https:\/\/www.pressenza.com\/wp-content\/uploads\/2022\/10\/pressenza_logo_200x200.jpg\",\"contentUrl\":\"https:\/\/www.pressenza.com\/wp-content\/uploads\/2022\/10\/pressenza_logo_200x200.jpg\",\"width\":200,\"height\":200,\"caption\":\"Pressenza\"},\"image\":{\"@id\":\"https:\/\/www.pressenza.com\/es\/#\/schema\/logo\/image\/\"},\"sameAs\":[\"https:\/\/www.facebook.com\/PressenzaItalia\",\"https:\/\/x.com\/PressenzaIPA\"]},{\"@type\":\"Person\",\"@id\":\"https:\/\/www.pressenza.com\/es\/#\/schema\/person\/010e5d02bcf40965427a1289a4cc8d75\",\"name\":\"Pressenza IPA\",\"description\":\"News from Pressenza IPA correspondents\",\"sameAs\":[\"https:\/\/www.facebook.com\/pressenza\",\"https:\/\/x.com\/PressenzaIPA\"],\"url\":\"https:\/\/www.pressenza.com\/es\/author\/pressenza-ipa\/\"}]}<\/script>\n<!-- \/ Yoast SEO plugin. -->","yoast_head_json":{"title":"Jornadas por la paz y la no violencia en el kibutz Holit","description":"A pocos kil\u00f3metros de la Franja de Gaza se realizaron unas jornadas por la Paz y la No Violencia, conjuntamente con el movimiento socialista kibutziano Shomer Hatzair y miembros de la Marcha Mundial. Jayme Fucs Bar manifest\u00f3: \u201cqueremos vivir en paz israel\u00edes y palestinos, jud\u00edos y musulmanes, sin odio, y viendo crecer a nuestros ni\u00f1os sin violencia y con futuro\u2026\u201d","robots":{"index":"index","follow":"follow","max-snippet":"max-snippet:-1","max-image-preview":"max-image-preview:large","max-video-preview":"max-video-preview:-1"},"canonical":"https:\/\/www.pressenza.com\/es\/2009\/10\/jornadas-por-la-paz-y-la-no-violencia-en-el-kibutz-holit\/","og_locale":"es_ES","og_type":"article","og_title":"Jornadas por la paz y la no violencia en el kibutz Holit","og_description":"A pocos kil\u00f3metros de la Franja de Gaza se realizaron unas jornadas por la Paz y la No Violencia, conjuntamente con el movimiento socialista kibutziano Shomer Hatzair y miembros de la Marcha Mundial. Jayme Fucs Bar manifest\u00f3: \u201cqueremos vivir en paz israel\u00edes y palestinos, jud\u00edos y musulmanes, sin odio, y viendo crecer a nuestros ni\u00f1os sin violencia y con futuro\u2026\u201d","og_url":"https:\/\/www.pressenza.com\/es\/2009\/10\/jornadas-por-la-paz-y-la-no-violencia-en-el-kibutz-holit\/","og_site_name":"Pressenza","article_publisher":"https:\/\/www.facebook.com\/PressenzaItalia","article_author":"https:\/\/www.facebook.com\/pressenza","article_published_time":"2009-10-09T00:00:00+00:00","article_modified_time":"2009-10-13T11:54:27+00:00","author":"Pressenza IPA","twitter_card":"summary_large_image","twitter_creator":"@PressenzaIPA","twitter_site":"@PressenzaIPA","twitter_misc":{"Escrito por":"Pressenza IPA","Tiempo de lectura":"1 minuto"},"schema":{"@context":"https:\/\/schema.org","@graph":[{"@type":"Article","@id":"https:\/\/www.pressenza.com\/es\/2009\/10\/jornadas-por-la-paz-y-la-no-violencia-en-el-kibutz-holit\/#article","isPartOf":{"@id":"https:\/\/www.pressenza.com\/es\/2009\/10\/jornadas-por-la-paz-y-la-no-violencia-en-el-kibutz-holit\/"},"author":{"name":"Pressenza IPA","@id":"https:\/\/www.pressenza.com\/es\/#\/schema\/person\/010e5d02bcf40965427a1289a4cc8d75"},"headline":"Jornadas por la paz y la no violencia en el kibutz Holit","datePublished":"2009-10-09T00:00:00+00:00","dateModified":"2009-10-13T11:54:27+00:00","mainEntityOfPage":{"@id":"https:\/\/www.pressenza.com\/es\/2009\/10\/jornadas-por-la-paz-y-la-no-violencia-en-el-kibutz-holit\/"},"wordCount":272,"publisher":{"@id":"https:\/\/www.pressenza.com\/es\/#organization"},"articleSection":["Cultura y Medios","Internacional","Medio Oriente"],"inLanguage":"es"},{"@type":"WebPage","@id":"https:\/\/www.pressenza.com\/es\/2009\/10\/jornadas-por-la-paz-y-la-no-violencia-en-el-kibutz-holit\/","url":"https:\/\/www.pressenza.com\/es\/2009\/10\/jornadas-por-la-paz-y-la-no-violencia-en-el-kibutz-holit\/","name":"Jornadas por la paz y la no violencia en el kibutz Holit","isPartOf":{"@id":"https:\/\/www.pressenza.com\/es\/#website"},"datePublished":"2009-10-09T00:00:00+00:00","dateModified":"2009-10-13T11:54:27+00:00","description":"A pocos kil\u00f3metros de la Franja de Gaza se realizaron unas jornadas por la Paz y la No Violencia, conjuntamente con el movimiento socialista kibutziano Shomer Hatzair y miembros de la Marcha Mundial. Jayme Fucs Bar manifest\u00f3: \u201cqueremos vivir en paz israel\u00edes y palestinos, jud\u00edos y musulmanes, sin odio, y viendo crecer a nuestros ni\u00f1os sin violencia y con futuro\u2026\u201d","breadcrumb":{"@id":"https:\/\/www.pressenza.com\/es\/2009\/10\/jornadas-por-la-paz-y-la-no-violencia-en-el-kibutz-holit\/#breadcrumb"},"inLanguage":"es","potentialAction":[{"@type":"ReadAction","target":["https:\/\/www.pressenza.com\/es\/2009\/10\/jornadas-por-la-paz-y-la-no-violencia-en-el-kibutz-holit\/"]}]},{"@type":"BreadcrumbList","@id":"https:\/\/www.pressenza.com\/es\/2009\/10\/jornadas-por-la-paz-y-la-no-violencia-en-el-kibutz-holit\/#breadcrumb","itemListElement":[{"@type":"ListItem","position":1,"name":"Accueil","item":"https:\/\/www.pressenza.com\/es\/"},{"@type":"ListItem","position":2,"name":"Jornadas por la paz y la no violencia en el kibutz Holit"}]},{"@type":"WebSite","@id":"https:\/\/www.pressenza.com\/es\/#website","url":"https:\/\/www.pressenza.com\/es\/","name":"Pressenza","description":"International Press Agency","publisher":{"@id":"https:\/\/www.pressenza.com\/es\/#organization"},"potentialAction":[{"@type":"SearchAction","target":{"@type":"EntryPoint","urlTemplate":"https:\/\/www.pressenza.com\/es\/?s={search_term_string}"},"query-input":{"@type":"PropertyValueSpecification","valueRequired":true,"valueName":"search_term_string"}}],"inLanguage":"es"},{"@type":"Organization","@id":"https:\/\/www.pressenza.com\/es\/#organization","name":"Pressenza","url":"https:\/\/www.pressenza.com\/es\/","logo":{"@type":"ImageObject","inLanguage":"es","@id":"https:\/\/www.pressenza.com\/es\/#\/schema\/logo\/image\/","url":"https:\/\/www.pressenza.com\/wp-content\/uploads\/2022\/10\/pressenza_logo_200x200.jpg","contentUrl":"https:\/\/www.pressenza.com\/wp-content\/uploads\/2022\/10\/pressenza_logo_200x200.jpg","width":200,"height":200,"caption":"Pressenza"},"image":{"@id":"https:\/\/www.pressenza.com\/es\/#\/schema\/logo\/image\/"},"sameAs":["https:\/\/www.facebook.com\/PressenzaItalia","https:\/\/x.com\/PressenzaIPA"]},{"@type":"Person","@id":"https:\/\/www.pressenza.com\/es\/#\/schema\/person\/010e5d02bcf40965427a1289a4cc8d75","name":"Pressenza IPA","description":"News from Pressenza IPA correspondents","sameAs":["https:\/\/www.facebook.com\/pressenza","https:\/\/x.com\/PressenzaIPA"],"url":"https:\/\/www.pressenza.com\/es\/author\/pressenza-ipa\/"}]}},"place":"desierto del Negev","original_article_url":"","_links":{"self":[{"href":"https:\/\/www.pressenza.com\/es\/wp-json\/wp\/v2\/posts\/1669","targetHints":{"allow":["GET"]}}],"collection":[{"href":"https:\/\/www.pressenza.com\/es\/wp-json\/wp\/v2\/posts"}],"about":[{"href":"https:\/\/www.pressenza.com\/es\/wp-json\/wp\/v2\/types\/post"}],"author":[{"embeddable":true,"href":"https:\/\/www.pressenza.com\/es\/wp-json\/wp\/v2\/users\/19"}],"replies":[{"embeddable":true,"href":"https:\/\/www.pressenza.com\/es\/wp-json\/wp\/v2\/comments?post=1669"}],"version-history":[{"count":0,"href":"https:\/\/www.pressenza.com\/es\/wp-json\/wp\/v2\/posts\/1669\/revisions"}],"wp:attachment":[{"href":"https:\/\/www.pressenza.com\/es\/wp-json\/wp\/v2\/media?parent=1669"}],"wp:term":[{"taxonomy":"category","embeddable":true,"href":"https:\/\/www.pressenza.com\/es\/wp-json\/wp\/v2\/categories?post=1669"},{"taxonomy":"post_tag","embeddable":true,"href":"https:\/\/www.pressenza.com\/es\/wp-json\/wp\/v2\/tags?post=1669"}],"curies":[{"name":"wp","href":"https:\/\/api.w.org\/{rel}","templated":true}]}}