{"id":1667351,"date":"2022-09-26T15:55:40","date_gmt":"2022-09-26T14:55:40","guid":{"rendered":"https:\/\/www.pressenza.com\/?p=1667351"},"modified":"2022-09-26T15:55:40","modified_gmt":"2022-09-26T14:55:40","slug":"elecciones-italianas-abstencion-y-extrema-derecha","status":"publish","type":"post","link":"https:\/\/www.pressenza.com\/es\/2022\/09\/elecciones-italianas-abstencion-y-extrema-derecha\/","title":{"rendered":"Elecciones italianas: abstenci\u00f3n y extrema derecha"},"content":{"rendered":"<p>El primer dato de las elecciones pol\u00edticas italianas es el r\u00e9cord de abstenci\u00f3n: un 64% de los votantes, confirma la desconfianza de los electores hacia el sistema pol\u00edtico da\u00f1ado por los cambios de programas y alianzas, por un sistema electoral incomprensible que premia a unas regiones del pa\u00eds en detrimento de otras (un voto en Calabria vale menos que un voto en Trentino, por ejemplo) pero sobre todo por la sensaci\u00f3n de que no es la pol\u00edtica la que decide realmente lo que se necesita hacer. Nunca en Italia se hab\u00eda tenido una abstenci\u00f3n tan alta.<\/p>\n<p>As\u00ed, un partido, Fratelli d&#8217;Italia, que tiene ya en su s\u00edmbolo una clara referencia al fascismo y un programa decididamente nacionalista y conservador, gana por primera vez y lo hace con el 26% de los votos de una coalici\u00f3n de centro-derecha en la que los otros 3 partidos juntos no alcanzan el 40% del resultado y, por tanto, estar\u00e1n en una posici\u00f3n muy minoritaria. Ser\u00e1 la primera vez que una mujer, Giorgia Meloni, sea Primera Ministra en este pa\u00eds.<\/p>\n<p>Cabe se\u00f1alar que Fratelli d&#8217;Italia fue el principal partido de la oposici\u00f3n al gobierno de unidad nacional de Mario Draghi; las fuerzas de oposici\u00f3n de la izquierda que se hab\u00edan unido en Unione Popolare no superaron el umbral, mientras que Sinistra Italiana, aliada con los Verdes y en la alianza de centro-izquierda, obtuvo el 3,5% y apenas logr\u00f3 llegar al Parlamento.<\/p>\n<p>Desde el punto de vista de la paz y la no violencia, observamos en primer lugar que las cuestiones del desarme nuclear, la soluci\u00f3n pac\u00edfica y r\u00e1pida de la guerra en Ucrania, el aumento de la violencia y la peligrosa crisis clim\u00e1tica y ecol\u00f3gica quedaron al margen de la campa\u00f1a electoral; en segundo lugar, las listas que intentaron interpretar estas inquietudes no tendr\u00e1n representaci\u00f3n en el Parlamento, salvo algunos diputados de la Alianza Izquierda-Verdes y unos pocos elegidos en las listas del Movimiento 5 Estrellas, que, a pesar del transformismo que lo ha hecho aliarse con todos y participar en los tres \u00faltimos gobiernos, ha sido percibido sobre todo en el sur de Italia como la \u00fanica alternativa a los partidos tradicionales.<\/p>\n<p>Se establece as\u00ed una gran distancia entre las personas que se manifestaron en las plazas s\u00f3lo el viernes pasado por la Huelga Clim\u00e1tica Global, los comit\u00e9s y asociaciones que luchan por los derechos humanos, por el medio ambiente, y las personas preocupadas no s\u00f3lo por su vida sino por la de toda la humanidad.<\/p>\n<p>&nbsp;<\/p>\n","protected":false},"excerpt":{"rendered":"<p>El primer dato de las elecciones pol\u00edticas italianas es el r\u00e9cord de abstenci\u00f3n: un 64% de los votantes, confirma la desconfianza de los electores hacia el sistema pol\u00edtico da\u00f1ado por los cambios de programas y alianzas, por un sistema electoral&hellip;<\/p>\n","protected":false},"author":10,"featured_media":1667383,"comment_status":"closed","ping_status":"closed","sticky":false,"template":"","format":"standard","meta":{"footnotes":""},"categories":[11389,66,161,74],"tags":[403,3672,20804],"class_list":["post-1667351","post","type-post","status-publish","format-standard","has-post-thumbnail","hentry","category-contenido-original","category-europa-es","category-opiniones","category-politica-es","tag-elecciones","tag-italia-es","tag-ultraderecha"],"yoast_head":"<!-- This site is optimized with the Yoast SEO plugin v27.1.1 - https:\/\/yoast.com\/product\/yoast-seo-wordpress\/ -->\n<title>Elecciones italianas: abstenci\u00f3n y extrema derecha<\/title>\n<meta name=\"description\" content=\"El primer dato de las elecciones pol\u00edticas italianas es el r\u00e9cord de abstenci\u00f3n: un 64% de los votantes, confirma la desconfianza de los electores hacia\" \/>\n<meta name=\"robots\" content=\"index, follow, max-snippet:-1, max-image-preview:large, max-video-preview:-1\" \/>\n<link rel=\"canonical\" href=\"https:\/\/www.pressenza.com\/es\/2022\/09\/elecciones-italianas-abstencion-y-extrema-derecha\/\" \/>\n<meta property=\"og:locale\" content=\"es_ES\" \/>\n<meta property=\"og:type\" content=\"article\" \/>\n<meta property=\"og:title\" content=\"Elecciones italianas: abstenci\u00f3n y extrema derecha\" \/>\n<meta property=\"og:description\" content=\"El primer dato de las elecciones pol\u00edticas italianas es el r\u00e9cord de abstenci\u00f3n: un 64% de los votantes, confirma la desconfianza de los electores hacia\" \/>\n<meta property=\"og:url\" content=\"https:\/\/www.pressenza.com\/es\/2022\/09\/elecciones-italianas-abstencion-y-extrema-derecha\/\" \/>\n<meta property=\"og:site_name\" content=\"Pressenza\" \/>\n<meta property=\"article:publisher\" content=\"https:\/\/www.facebook.com\/PressenzaItalia\" \/>\n<meta property=\"article:published_time\" content=\"2022-09-26T14:55:40+00:00\" \/>\n<meta property=\"og:image\" content=\"https:\/\/www.pressenza.com\/wp-content\/uploads\/2022\/09\/Legge-Elettorale-Elezioni-Politiche-2018-820x463-1.jpg\" \/>\n\t<meta property=\"og:image:width\" content=\"820\" \/>\n\t<meta property=\"og:image:height\" content=\"463\" \/>\n\t<meta property=\"og:image:type\" content=\"image\/jpeg\" \/>\n<meta name=\"author\" content=\"Olivier Turquet\" \/>\n<meta name=\"twitter:card\" content=\"summary_large_image\" \/>\n<meta name=\"twitter:creator\" content=\"@PressenzaIPA\" \/>\n<meta name=\"twitter:site\" content=\"@PressenzaIPA\" \/>\n<meta name=\"twitter:label1\" content=\"Escrito por\" \/>\n\t<meta name=\"twitter:data1\" content=\"Olivier Turquet\" \/>\n\t<meta name=\"twitter:label2\" content=\"Tiempo de lectura\" \/>\n\t<meta name=\"twitter:data2\" content=\"2 minutos\" \/>\n<script type=\"application\/ld+json\" class=\"yoast-schema-graph\">{\"@context\":\"https:\/\/schema.org\",\"@graph\":[{\"@type\":\"Article\",\"@id\":\"https:\/\/www.pressenza.com\/es\/2022\/09\/elecciones-italianas-abstencion-y-extrema-derecha\/#article\",\"isPartOf\":{\"@id\":\"https:\/\/www.pressenza.com\/es\/2022\/09\/elecciones-italianas-abstencion-y-extrema-derecha\/\"},\"author\":{\"name\":\"Olivier Turquet\",\"@id\":\"https:\/\/www.pressenza.com\/es\/#\/schema\/person\/636f8feb51f63f34e7378d5fcdd1de53\"},\"headline\":\"Elecciones italianas: abstenci\u00f3n y extrema derecha\",\"datePublished\":\"2022-09-26T14:55:40+00:00\",\"mainEntityOfPage\":{\"@id\":\"https:\/\/www.pressenza.com\/es\/2022\/09\/elecciones-italianas-abstencion-y-extrema-derecha\/\"},\"wordCount\":447,\"publisher\":{\"@id\":\"https:\/\/www.pressenza.com\/es\/#organization\"},\"image\":{\"@id\":\"https:\/\/www.pressenza.com\/es\/2022\/09\/elecciones-italianas-abstencion-y-extrema-derecha\/#primaryimage\"},\"thumbnailUrl\":\"https:\/\/www.pressenza.com\/wp-content\/uploads\/2022\/09\/Legge-Elettorale-Elezioni-Politiche-2018-820x463-1.jpg\",\"keywords\":[\"elecciones\",\"Italia\",\"ultraderecha\"],\"articleSection\":[\"Contenido Original\",\"Europa\",\"Opiniones\",\"Pol\u00edtica\"],\"inLanguage\":\"es\"},{\"@type\":\"WebPage\",\"@id\":\"https:\/\/www.pressenza.com\/es\/2022\/09\/elecciones-italianas-abstencion-y-extrema-derecha\/\",\"url\":\"https:\/\/www.pressenza.com\/es\/2022\/09\/elecciones-italianas-abstencion-y-extrema-derecha\/\",\"name\":\"Elecciones italianas: abstenci\u00f3n y extrema derecha\",\"isPartOf\":{\"@id\":\"https:\/\/www.pressenza.com\/es\/#website\"},\"primaryImageOfPage\":{\"@id\":\"https:\/\/www.pressenza.com\/es\/2022\/09\/elecciones-italianas-abstencion-y-extrema-derecha\/#primaryimage\"},\"image\":{\"@id\":\"https:\/\/www.pressenza.com\/es\/2022\/09\/elecciones-italianas-abstencion-y-extrema-derecha\/#primaryimage\"},\"thumbnailUrl\":\"https:\/\/www.pressenza.com\/wp-content\/uploads\/2022\/09\/Legge-Elettorale-Elezioni-Politiche-2018-820x463-1.jpg\",\"datePublished\":\"2022-09-26T14:55:40+00:00\",\"description\":\"El primer dato de las elecciones pol\u00edticas italianas es el r\u00e9cord de abstenci\u00f3n: un 64% de los votantes, confirma la desconfianza de los electores hacia\",\"breadcrumb\":{\"@id\":\"https:\/\/www.pressenza.com\/es\/2022\/09\/elecciones-italianas-abstencion-y-extrema-derecha\/#breadcrumb\"},\"inLanguage\":\"es\",\"potentialAction\":[{\"@type\":\"ReadAction\",\"target\":[\"https:\/\/www.pressenza.com\/es\/2022\/09\/elecciones-italianas-abstencion-y-extrema-derecha\/\"]}]},{\"@type\":\"ImageObject\",\"inLanguage\":\"es\",\"@id\":\"https:\/\/www.pressenza.com\/es\/2022\/09\/elecciones-italianas-abstencion-y-extrema-derecha\/#primaryimage\",\"url\":\"https:\/\/www.pressenza.com\/wp-content\/uploads\/2022\/09\/Legge-Elettorale-Elezioni-Politiche-2018-820x463-1.jpg\",\"contentUrl\":\"https:\/\/www.pressenza.com\/wp-content\/uploads\/2022\/09\/Legge-Elettorale-Elezioni-Politiche-2018-820x463-1.jpg\",\"width\":820,\"height\":463,\"caption\":\"Urban Post\"},{\"@type\":\"BreadcrumbList\",\"@id\":\"https:\/\/www.pressenza.com\/es\/2022\/09\/elecciones-italianas-abstencion-y-extrema-derecha\/#breadcrumb\",\"itemListElement\":[{\"@type\":\"ListItem\",\"position\":1,\"name\":\"Accueil\",\"item\":\"https:\/\/www.pressenza.com\/es\/\"},{\"@type\":\"ListItem\",\"position\":2,\"name\":\"Elecciones italianas: abstenci\u00f3n y extrema derecha\"}]},{\"@type\":\"WebSite\",\"@id\":\"https:\/\/www.pressenza.com\/es\/#website\",\"url\":\"https:\/\/www.pressenza.com\/es\/\",\"name\":\"Pressenza\",\"description\":\"International Press Agency\",\"publisher\":{\"@id\":\"https:\/\/www.pressenza.com\/es\/#organization\"},\"potentialAction\":[{\"@type\":\"SearchAction\",\"target\":{\"@type\":\"EntryPoint\",\"urlTemplate\":\"https:\/\/www.pressenza.com\/es\/?s={search_term_string}\"},\"query-input\":{\"@type\":\"PropertyValueSpecification\",\"valueRequired\":true,\"valueName\":\"search_term_string\"}}],\"inLanguage\":\"es\"},{\"@type\":\"Organization\",\"@id\":\"https:\/\/www.pressenza.com\/es\/#organization\",\"name\":\"Pressenza\",\"url\":\"https:\/\/www.pressenza.com\/es\/\",\"logo\":{\"@type\":\"ImageObject\",\"inLanguage\":\"es\",\"@id\":\"https:\/\/www.pressenza.com\/es\/#\/schema\/logo\/image\/\",\"url\":\"https:\/\/www.pressenza.com\/wp-content\/uploads\/2022\/10\/pressenza_logo_200x200.jpg\",\"contentUrl\":\"https:\/\/www.pressenza.com\/wp-content\/uploads\/2022\/10\/pressenza_logo_200x200.jpg\",\"width\":200,\"height\":200,\"caption\":\"Pressenza\"},\"image\":{\"@id\":\"https:\/\/www.pressenza.com\/es\/#\/schema\/logo\/image\/\"},\"sameAs\":[\"https:\/\/www.facebook.com\/PressenzaItalia\",\"https:\/\/x.com\/PressenzaIPA\"]},{\"@type\":\"Person\",\"@id\":\"https:\/\/www.pressenza.com\/es\/#\/schema\/person\/636f8feb51f63f34e7378d5fcdd1de53\",\"name\":\"Olivier Turquet\",\"description\":\"Takes care of writing to tell the reality for about 40 years. He has worked with paper publications, radio and electronic He founded the electronic news agency humanist Good News. He was press secretary to various events such as: the International Humanist, Florence Play, the World March for Peace and Nonviolence. Currently coordinates the Italian team of Pressenza. olivierturquet.wordpress.com\",\"sameAs\":[\"http:\/\/olivierturquet.wordpress.com\"],\"url\":\"https:\/\/www.pressenza.com\/es\/author\/olivier-turquet\/\"}]}<\/script>\n<!-- \/ Yoast SEO plugin. -->","yoast_head_json":{"title":"Elecciones italianas: abstenci\u00f3n y extrema derecha","description":"El primer dato de las elecciones pol\u00edticas italianas es el r\u00e9cord de abstenci\u00f3n: un 64% de los votantes, confirma la desconfianza de los electores hacia","robots":{"index":"index","follow":"follow","max-snippet":"max-snippet:-1","max-image-preview":"max-image-preview:large","max-video-preview":"max-video-preview:-1"},"canonical":"https:\/\/www.pressenza.com\/es\/2022\/09\/elecciones-italianas-abstencion-y-extrema-derecha\/","og_locale":"es_ES","og_type":"article","og_title":"Elecciones italianas: abstenci\u00f3n y extrema derecha","og_description":"El primer dato de las elecciones pol\u00edticas italianas es el r\u00e9cord de abstenci\u00f3n: un 64% de los votantes, confirma la desconfianza de los electores hacia","og_url":"https:\/\/www.pressenza.com\/es\/2022\/09\/elecciones-italianas-abstencion-y-extrema-derecha\/","og_site_name":"Pressenza","article_publisher":"https:\/\/www.facebook.com\/PressenzaItalia","article_published_time":"2022-09-26T14:55:40+00:00","og_image":[{"width":820,"height":463,"url":"https:\/\/www.pressenza.com\/wp-content\/uploads\/2022\/09\/Legge-Elettorale-Elezioni-Politiche-2018-820x463-1.jpg","type":"image\/jpeg"}],"author":"Olivier Turquet","twitter_card":"summary_large_image","twitter_creator":"@PressenzaIPA","twitter_site":"@PressenzaIPA","twitter_misc":{"Escrito por":"Olivier Turquet","Tiempo de lectura":"2 minutos"},"schema":{"@context":"https:\/\/schema.org","@graph":[{"@type":"Article","@id":"https:\/\/www.pressenza.com\/es\/2022\/09\/elecciones-italianas-abstencion-y-extrema-derecha\/#article","isPartOf":{"@id":"https:\/\/www.pressenza.com\/es\/2022\/09\/elecciones-italianas-abstencion-y-extrema-derecha\/"},"author":{"name":"Olivier Turquet","@id":"https:\/\/www.pressenza.com\/es\/#\/schema\/person\/636f8feb51f63f34e7378d5fcdd1de53"},"headline":"Elecciones italianas: abstenci\u00f3n y extrema derecha","datePublished":"2022-09-26T14:55:40+00:00","mainEntityOfPage":{"@id":"https:\/\/www.pressenza.com\/es\/2022\/09\/elecciones-italianas-abstencion-y-extrema-derecha\/"},"wordCount":447,"publisher":{"@id":"https:\/\/www.pressenza.com\/es\/#organization"},"image":{"@id":"https:\/\/www.pressenza.com\/es\/2022\/09\/elecciones-italianas-abstencion-y-extrema-derecha\/#primaryimage"},"thumbnailUrl":"https:\/\/www.pressenza.com\/wp-content\/uploads\/2022\/09\/Legge-Elettorale-Elezioni-Politiche-2018-820x463-1.jpg","keywords":["elecciones","Italia","ultraderecha"],"articleSection":["Contenido Original","Europa","Opiniones","Pol\u00edtica"],"inLanguage":"es"},{"@type":"WebPage","@id":"https:\/\/www.pressenza.com\/es\/2022\/09\/elecciones-italianas-abstencion-y-extrema-derecha\/","url":"https:\/\/www.pressenza.com\/es\/2022\/09\/elecciones-italianas-abstencion-y-extrema-derecha\/","name":"Elecciones italianas: abstenci\u00f3n y extrema derecha","isPartOf":{"@id":"https:\/\/www.pressenza.com\/es\/#website"},"primaryImageOfPage":{"@id":"https:\/\/www.pressenza.com\/es\/2022\/09\/elecciones-italianas-abstencion-y-extrema-derecha\/#primaryimage"},"image":{"@id":"https:\/\/www.pressenza.com\/es\/2022\/09\/elecciones-italianas-abstencion-y-extrema-derecha\/#primaryimage"},"thumbnailUrl":"https:\/\/www.pressenza.com\/wp-content\/uploads\/2022\/09\/Legge-Elettorale-Elezioni-Politiche-2018-820x463-1.jpg","datePublished":"2022-09-26T14:55:40+00:00","description":"El primer dato de las elecciones pol\u00edticas italianas es el r\u00e9cord de abstenci\u00f3n: un 64% de los votantes, confirma la desconfianza de los electores hacia","breadcrumb":{"@id":"https:\/\/www.pressenza.com\/es\/2022\/09\/elecciones-italianas-abstencion-y-extrema-derecha\/#breadcrumb"},"inLanguage":"es","potentialAction":[{"@type":"ReadAction","target":["https:\/\/www.pressenza.com\/es\/2022\/09\/elecciones-italianas-abstencion-y-extrema-derecha\/"]}]},{"@type":"ImageObject","inLanguage":"es","@id":"https:\/\/www.pressenza.com\/es\/2022\/09\/elecciones-italianas-abstencion-y-extrema-derecha\/#primaryimage","url":"https:\/\/www.pressenza.com\/wp-content\/uploads\/2022\/09\/Legge-Elettorale-Elezioni-Politiche-2018-820x463-1.jpg","contentUrl":"https:\/\/www.pressenza.com\/wp-content\/uploads\/2022\/09\/Legge-Elettorale-Elezioni-Politiche-2018-820x463-1.jpg","width":820,"height":463,"caption":"Urban Post"},{"@type":"BreadcrumbList","@id":"https:\/\/www.pressenza.com\/es\/2022\/09\/elecciones-italianas-abstencion-y-extrema-derecha\/#breadcrumb","itemListElement":[{"@type":"ListItem","position":1,"name":"Accueil","item":"https:\/\/www.pressenza.com\/es\/"},{"@type":"ListItem","position":2,"name":"Elecciones italianas: abstenci\u00f3n y extrema derecha"}]},{"@type":"WebSite","@id":"https:\/\/www.pressenza.com\/es\/#website","url":"https:\/\/www.pressenza.com\/es\/","name":"Pressenza","description":"International Press Agency","publisher":{"@id":"https:\/\/www.pressenza.com\/es\/#organization"},"potentialAction":[{"@type":"SearchAction","target":{"@type":"EntryPoint","urlTemplate":"https:\/\/www.pressenza.com\/es\/?s={search_term_string}"},"query-input":{"@type":"PropertyValueSpecification","valueRequired":true,"valueName":"search_term_string"}}],"inLanguage":"es"},{"@type":"Organization","@id":"https:\/\/www.pressenza.com\/es\/#organization","name":"Pressenza","url":"https:\/\/www.pressenza.com\/es\/","logo":{"@type":"ImageObject","inLanguage":"es","@id":"https:\/\/www.pressenza.com\/es\/#\/schema\/logo\/image\/","url":"https:\/\/www.pressenza.com\/wp-content\/uploads\/2022\/10\/pressenza_logo_200x200.jpg","contentUrl":"https:\/\/www.pressenza.com\/wp-content\/uploads\/2022\/10\/pressenza_logo_200x200.jpg","width":200,"height":200,"caption":"Pressenza"},"image":{"@id":"https:\/\/www.pressenza.com\/es\/#\/schema\/logo\/image\/"},"sameAs":["https:\/\/www.facebook.com\/PressenzaItalia","https:\/\/x.com\/PressenzaIPA"]},{"@type":"Person","@id":"https:\/\/www.pressenza.com\/es\/#\/schema\/person\/636f8feb51f63f34e7378d5fcdd1de53","name":"Olivier Turquet","description":"Takes care of writing to tell the reality for about 40 years. He has worked with paper publications, radio and electronic He founded the electronic news agency humanist Good News. He was press secretary to various events such as: the International Humanist, Florence Play, the World March for Peace and Nonviolence. Currently coordinates the Italian team of Pressenza. olivierturquet.wordpress.com","sameAs":["http:\/\/olivierturquet.wordpress.com"],"url":"https:\/\/www.pressenza.com\/es\/author\/olivier-turquet\/"}]}},"place":"Florencia, Italia","original_article_url":"","_links":{"self":[{"href":"https:\/\/www.pressenza.com\/es\/wp-json\/wp\/v2\/posts\/1667351","targetHints":{"allow":["GET"]}}],"collection":[{"href":"https:\/\/www.pressenza.com\/es\/wp-json\/wp\/v2\/posts"}],"about":[{"href":"https:\/\/www.pressenza.com\/es\/wp-json\/wp\/v2\/types\/post"}],"author":[{"embeddable":true,"href":"https:\/\/www.pressenza.com\/es\/wp-json\/wp\/v2\/users\/10"}],"replies":[{"embeddable":true,"href":"https:\/\/www.pressenza.com\/es\/wp-json\/wp\/v2\/comments?post=1667351"}],"version-history":[{"count":0,"href":"https:\/\/www.pressenza.com\/es\/wp-json\/wp\/v2\/posts\/1667351\/revisions"}],"wp:featuredmedia":[{"embeddable":true,"href":"https:\/\/www.pressenza.com\/es\/wp-json\/wp\/v2\/media\/1667383"}],"wp:attachment":[{"href":"https:\/\/www.pressenza.com\/es\/wp-json\/wp\/v2\/media?parent=1667351"}],"wp:term":[{"taxonomy":"category","embeddable":true,"href":"https:\/\/www.pressenza.com\/es\/wp-json\/wp\/v2\/categories?post=1667351"},{"taxonomy":"post_tag","embeddable":true,"href":"https:\/\/www.pressenza.com\/es\/wp-json\/wp\/v2\/tags?post=1667351"}],"curies":[{"name":"wp","href":"https:\/\/api.w.org\/{rel}","templated":true}]}}