{"id":166661,"date":"2015-03-02T03:32:23","date_gmt":"2015-03-02T03:32:23","guid":{"rendered":"http:\/\/www.pressenza.com\/?p=166661"},"modified":"2015-03-02T03:50:04","modified_gmt":"2015-03-02T03:50:04","slug":"en-la-plaza-de-mi-pueblo-de-la-democracia-y-la-alegria","status":"publish","type":"post","link":"https:\/\/www.pressenza.com\/es\/2015\/03\/en-la-plaza-de-mi-pueblo-de-la-democracia-y-la-alegria\/","title":{"rendered":"En la plaza de mi pueblo, de la Democracia y la alegr\u00eda"},"content":{"rendered":"<p>Ir hacia la Plaza de los Dos Congresos caminando desde 20 cuadras ya hac\u00eda sentir el latir de un pueblo expres\u00e1ndose sin violencia ni maltratos, demostrando que reforzaba un rumbo transformador en una buena direcci\u00f3n. Era cruzarse con esas madres junto a sus hijos, para quienes el esfuerzo de movilizarse desde los barrios un d\u00eda de lluvia con toda la familia no fue un impedimento y decidieron estar all\u00ed, festejando y acompa\u00f1ando junto a los militantes de su organizaci\u00f3n; era ver a ese grupo de abuelos con el esp\u00edritu joven intacto cantando que iban a cambiar el mundo; o estar al lado de ese hombre mayor que escuchando a la Presidenta en un momento emocionante de su discurso me mir\u00f3 y me dijo \u201ces un fen\u00f3meno esta mujer\u201d, mientras aplaud\u00edamos sintiendo la uni\u00f3n de quienes se juntan para manifestarse por la mejor de las causas; o era sentir a esos cientos de miles de j\u00f3venes que retomaron la participaci\u00f3n pol\u00edtica, ahora con alegr\u00eda, de modo no-violento, que mientras militan son bondadosos y solidarios, y hoy est\u00e1n ac\u00e1, en la plaza del pueblo. Ese pueblo quiz\u00e1s ausente de los medios de comunicaci\u00f3n, an\u00f3nimo en las tapas de los diarios, pero que con sus profundas aspiraciones y prop\u00f3sitos de anhelar un mundo mejor, acompa\u00f1a y direcciona a los procesos hist\u00f3ricos. <\/p>\n<p>La apertura del 133\u00b0 per\u00edodo de sesiones ordinarias del Congreso Nacional donde la Presidenta argentina, Cristina Fern\u00e1ndez de Kirchner, dio su discurso, fue el hito que sirvi\u00f3 como hecho pol\u00edtico para que se reunieran un estimativo de 400 mil personas en la Plaza de los Dos Congresos este primero de marzo. Como gesto bast\u00f3 para darle un apoyo necesario a la Presidenta argentina, en un momento de intentos desestabilizadores en un a\u00f1o electoral que comenz\u00f3 dif\u00edcil, con una muerte dudosa de un fiscal, con rumores de golpes de Estado de distinta \u00edndole y con duros agravios hacia el Gobierno Nacional por parte de la corporaci\u00f3n medi\u00e1tica y judicial. <\/p>\n<p><a href=\"http:\/\/www.pressenza.com\/wp-content\/uploads\/2015\/03\/CFH-01-Marzo-c.jpg\"><img loading=\"lazy\" decoding=\"async\" src=\"http:\/\/www.pressenza.com\/wp-content\/uploads\/2015\/03\/CFH-01-Marzo-c-600x399.jpg\" alt=\"CFH 01 Marzo c\" width=\"600\" height=\"399\" class=\"aligncenter size-large wp-image-166668\" srcset=\"https:\/\/www.pressenza.com\/wp-content\/uploads\/2015\/03\/CFH-01-Marzo-c-600x399.jpg 600w, https:\/\/www.pressenza.com\/wp-content\/uploads\/2015\/03\/CFH-01-Marzo-c-300x199.jpg 300w, https:\/\/www.pressenza.com\/wp-content\/uploads\/2015\/03\/CFH-01-Marzo-c.jpg 960w\" sizes=\"auto, (max-width: 600px) 100vw, 600px\" \/><\/a><\/p>\n<p>Provenientes de distintas provincias, se reunieron cientos de miles para celebrar la Democracia este domingo en Buenos Aires, expresando sentimientos de fuerza y alegr\u00eda bajo una multiplicidad de banderas de diversos colores y consignas. Mostraron la militancia, el compromiso, tomaron el espacio p\u00fablico y dieron una muestra de dignidad y de apoyo pol\u00edtico a un proyecto que se inici\u00f3 en 2003 con la presidencia de N\u00e9stor Kirchner, que fue calando hondo en las bases sociales, generando un importante movimiento popular en el cual se apoy\u00f3 para profundizar sus pol\u00edticas. J\u00f3venes llegados de los barrios de la capital y de Jujuy, de La Matanza y de Tucum\u00e1n, de Florencio Varela y de La Pampa, de muchos puntos geogr\u00e1ficos de Norte a Sur del pa\u00eds, se encontraron para cantar, tocar con su batucada, y alentar, contagiando la inexplicable alegr\u00eda que da acercarse a otros, desconocidos, pero que se conectan en una aspiraci\u00f3n com\u00fan, en una coincidencia y una sinton\u00eda compartida. <\/p>\n<p><a href=\"http:\/\/www.pressenza.com\/wp-content\/uploads\/2015\/03\/TELAMFoto-Alfredo-Luna-01-Marzo.jpg\"><img loading=\"lazy\" decoding=\"async\" src=\"http:\/\/www.pressenza.com\/wp-content\/uploads\/2015\/03\/TELAMFoto-Alfredo-Luna-01-Marzo-600x398.jpg\" alt=\"TELAMFoto Alfredo Luna 01 Marzo\" width=\"600\" height=\"398\" class=\"aligncenter size-large wp-image-166674\" srcset=\"https:\/\/www.pressenza.com\/wp-content\/uploads\/2015\/03\/TELAMFoto-Alfredo-Luna-01-Marzo-600x398.jpg 600w, https:\/\/www.pressenza.com\/wp-content\/uploads\/2015\/03\/TELAMFoto-Alfredo-Luna-01-Marzo-300x199.jpg 300w, https:\/\/www.pressenza.com\/wp-content\/uploads\/2015\/03\/TELAMFoto-Alfredo-Luna-01-Marzo.jpg 960w\" sizes=\"auto, (max-width: 600px) 100vw, 600px\" \/><\/a><\/p>\n<p>La Presidenta habl\u00f3 durante cerca de cuatro horas, hizo un repaso de los logros m\u00e1s importantes de su gesti\u00f3n. Comenz\u00f3 dando un panorama econ\u00f3mico relativo a la pol\u00edtica de desendeudamiento: \u201cDesde 2007 a 2014, la Argentina tiene signo negativo en el crecimiento de su deuda\u201d, recalc\u00f3. Cristina Fern\u00e1ndez asegur\u00f3 que \u201cesto ha sido hecho durante una fuerte ofensiva internacional, contra nuestro gobierno\u201d. Compar\u00f3 la situaci\u00f3n con lo que vivi\u00f3 N\u00e9stor Kirchner en su negociaci\u00f3n con el Fondo Monetario Internacional: \u201cLo que le dec\u00edan a \u00e9l con el FMI, me lo dec\u00edan a m\u00ed con los buitres. Con los buitres es m\u00e1s grave, porque son chupadores de sangre internacionalmente reconocidos\u201d. Tras esa menci\u00f3n, puso en especial relieve la gesti\u00f3n de Aerol\u00edneas Argentinas, \u201cque permiti\u00f3 a muchos argentinos y extranjeros alcanzar todos los destinos del pa\u00eds\u201d. La Presidenta destac\u00f3 como un logro del Congreso la sanci\u00f3n del nuevo C\u00f3digo Civil y Comercial y felicit\u00f3 a los legisladores por la norma aprobada.   \u201cEste modelo hizo de la generaci\u00f3n de empleo, la industrializaci\u00f3n del pa\u00eds, dos ejes fundamentales\u201d, remarc\u00f3 en otro pasaje de su intervenci\u00f3n.  Asegur\u00f3 que dicha decisi\u00f3n pol\u00edtica \u201cnos ha permitido generar m\u00e1s de seis millones de puestos de trabajo\u201d. <\/p>\n<p><a href=\"http:\/\/www.pressenza.com\/wp-content\/uploads\/2015\/03\/Foto-PH-01-marzo-b.jpg\"><img loading=\"lazy\" decoding=\"async\" src=\"http:\/\/www.pressenza.com\/wp-content\/uploads\/2015\/03\/Foto-PH-01-marzo-b-600x338.jpg\" alt=\"Foto PH 01 marzo b\" width=\"600\" height=\"338\" class=\"aligncenter size-large wp-image-166717\" srcset=\"https:\/\/www.pressenza.com\/wp-content\/uploads\/2015\/03\/Foto-PH-01-marzo-b-600x338.jpg 600w, https:\/\/www.pressenza.com\/wp-content\/uploads\/2015\/03\/Foto-PH-01-marzo-b-300x169.jpg 300w, https:\/\/www.pressenza.com\/wp-content\/uploads\/2015\/03\/Foto-PH-01-marzo-b.jpg 960w\" sizes=\"auto, (max-width: 600px) 100vw, 600px\" \/><\/a><\/p>\n<p>La Mandataria destac\u00f3 que \u201cdesde 2004 a 2014 se sancionaron 48 leyes laborales, un n\u00famero in\u00e9dito\u201d. Felicit\u00f3 a los legisladores por ello: \u201cTodos ustedes participaron en este logro de la democracia argentina. Y no tuvieron que avergonzarse de ninguna, al contrario: no fueron leyes laborales donde se quitaban derechos, no fueron leyes laborales sospechadas de sobornos, fueron leyes ampliando derechos\u201d. La Presidenta de la Naci\u00f3n sostuvo que \u201cel mejoramiento de la calidad de vida tambi\u00e9n se dio en el sector que m\u00e1s hab\u00eda sido postergado durante d\u00e9cadas, en nuestros viejos, nuestros ancianos, eran los rezagados de la historia\u201d. Indic\u00f3 que \u201ca trav\u00e9s de las moratorias, pasamos a m\u00e1s de seis millones de jubilados\u201d.<\/p>\n<p><a href=\"http:\/\/www.pressenza.com\/wp-content\/uploads\/2015\/03\/CFH-01-Marzo.jpg\"><img loading=\"lazy\" decoding=\"async\" src=\"http:\/\/www.pressenza.com\/wp-content\/uploads\/2015\/03\/CFH-01-Marzo-600x398.jpg\" alt=\"CFH 01 Marzo\" width=\"600\" height=\"398\" class=\"aligncenter size-large wp-image-166680\" srcset=\"https:\/\/www.pressenza.com\/wp-content\/uploads\/2015\/03\/CFH-01-Marzo-600x398.jpg 600w, https:\/\/www.pressenza.com\/wp-content\/uploads\/2015\/03\/CFH-01-Marzo-300x199.jpg 300w, https:\/\/www.pressenza.com\/wp-content\/uploads\/2015\/03\/CFH-01-Marzo.jpg 960w\" sizes=\"auto, (max-width: 600px) 100vw, 600px\" \/><\/a><\/p>\n<p>Mientras el pueblo en la plaza, a veces bajo una lluvia intermitente pero reconfortante, la \u201cbancaba\u201d, aplaud\u00eda y cantaba. \u201cCristina inmensa como la plaza llena, como la lluvia, como esta sensaci\u00f3n de ir extra\u00f1andola\u201d, expres\u00f3 Andrea, de Rosario, recordando que este es el \u00faltimo discurso de apertura de sesiones legislativas de la Presidenta argentina en su segundo mandato, dado que tiene la imposibilidad constitucional de ser reelecta en octubre pr\u00f3ximo. \u201cEstuve en la Plaza del Si. El Si de la alegr\u00eda. El Si del futuro abierto. El Si de la coherencia. El Si de la Juventud Militante, el SI de las nuevas generaciones. Gracias a la vida que, tras 43 a\u00f1os, muchos de ellos de oprobio, muerte e individualismo nihilista, me ha permitido estar en esta Plaza. La Plaza del Si\u201d, expres\u00f3 Guillermo, llegado desde Quilmes, sentidamente emocionado. \u201cFeliz de haber estado en Plaza Congreso para la apertura de las sesiones ordinarias. Agradecida de vivir este tiempo hist\u00f3rico donde pude volver a creer en un gobierno, donde la gente recuper\u00f3 la alegr\u00eda que se ve\u00eda en los rostros de todos: familias enteras, j\u00f3venes, viejos, estudiantes, trabajadores&#8230; Todos all\u00ed por el puro gusto de estar, celebrando, compartiendo, agradeciendo\u201d, manifest\u00f3 Vilma, que tambi\u00e9n vino desde el conurbano bonaerense con su pareja.<\/p>\n<p><a href=\"http:\/\/www.pressenza.com\/wp-content\/uploads\/2015\/03\/juan-manuel-abal-medina-01-marzo.jpg\"><img loading=\"lazy\" decoding=\"async\" src=\"http:\/\/www.pressenza.com\/wp-content\/uploads\/2015\/03\/juan-manuel-abal-medina-01-marzo-600x356.jpg\" alt=\"juan manuel abal medina 01 marzo\" width=\"600\" height=\"356\" class=\"aligncenter size-large wp-image-166686\" srcset=\"https:\/\/www.pressenza.com\/wp-content\/uploads\/2015\/03\/juan-manuel-abal-medina-01-marzo-600x356.jpg 600w, https:\/\/www.pressenza.com\/wp-content\/uploads\/2015\/03\/juan-manuel-abal-medina-01-marzo-300x178.jpg 300w, https:\/\/www.pressenza.com\/wp-content\/uploads\/2015\/03\/juan-manuel-abal-medina-01-marzo.jpg 960w\" sizes=\"auto, (max-width: 600px) 100vw, 600px\" \/><\/a><\/p>\n<p>La Presidenta habl\u00f3 luego de la Asignaci\u00f3n Universal por Hijo, que \u201cest\u00e1 vinculada a much\u00edsimas cosas, la primera a un sentido de justicia y equidad: ayudar a familias que no tienen trabajo registrado, o no encuentran trabajo\u201d. Apunt\u00f3 que 4.622.000 familias argentinas \u201chan recibido en alg\u00fan momento la asignaci\u00f3n universal\u201d.  Agreg\u00f3 que \u201cen 2014 logramos que el 100% de nuestros alumnos secundarios tengan su netbook, eliminando la brecha digital tan importante\u201d. Destac\u00f3 el Procrear, al que calific\u00f3 como \u201cel gran plan de vivienda para la clase media que no era sujeto de cr\u00e9dito bancario\u201d. Se\u00f1al\u00f3 que se van a otorgar en dos a\u00f1os 200 mil cr\u00e9ditos de este tipo.  En materia de Justicia y Derechos Humanos, record\u00f3 que desde 1994 reclama justicia por el atentado a la AMIA. \u201cHablo de la AMIA desde 1994, hablo y seguir\u00e9 hablando en la ONU reclamando justicia\u201d, asegur\u00f3. Y continu\u00f3 con diversos puntos imposibles de reducir a una sola nota period\u00edstica, dado lo extenso de una intervenci\u00f3n de casi cuatro horas de fuerte contenido pol\u00edtico. <\/p>\n<p><a href=\"http:\/\/www.pressenza.com\/wp-content\/uploads\/2015\/03\/LaCampora01Marzo-c.jpg\"><img loading=\"lazy\" decoding=\"async\" src=\"http:\/\/www.pressenza.com\/wp-content\/uploads\/2015\/03\/LaCampora01Marzo-c-600x398.jpg\" alt=\"LaCampora01Marzo c\" width=\"600\" height=\"398\" class=\"aligncenter size-large wp-image-166698\" srcset=\"https:\/\/www.pressenza.com\/wp-content\/uploads\/2015\/03\/LaCampora01Marzo-c-600x398.jpg 600w, https:\/\/www.pressenza.com\/wp-content\/uploads\/2015\/03\/LaCampora01Marzo-c-300x199.jpg 300w, https:\/\/www.pressenza.com\/wp-content\/uploads\/2015\/03\/LaCampora01Marzo-c.jpg 800w\" sizes=\"auto, (max-width: 600px) 100vw, 600px\" \/><\/a><\/p>\n<p>Afuera, el pueblo segu\u00eda sin impacientarse escuchando las palabras de su Presidenta. Como sintetiz\u00f3 el actor, presente en la Plaza, Mosquito Sancineto: \u201cHoy mi coraz\u00f3n lati\u00f3 muy fuerte, brot\u00f3 muy vivo, se elev\u00f3, y est\u00e1 queriendo m\u00e1s que nunca. Contenido por esta presidenta \u00fanica y l\u00edder de mis miradas. Hoy am\u00e9 a todos los que me encontr\u00e9, primero en la plaza, despu\u00e9s en Radio Nacional, escuchar a los oyentes y sus mensajes hermosos\u2026 Y con los que compart\u00ed estas horas emocionantes\u201d.<\/p>\n<p><a href=\"http:\/\/www.pressenza.com\/wp-content\/uploads\/2015\/03\/La-campora-01-marzo-b.jpg\"><img loading=\"lazy\" decoding=\"async\" src=\"http:\/\/www.pressenza.com\/wp-content\/uploads\/2015\/03\/La-campora-01-marzo-b-600x900.jpg\" alt=\"La campora 01 marzo b\" width=\"600\" height=\"900\" class=\"aligncenter size-large wp-image-166704\" srcset=\"https:\/\/www.pressenza.com\/wp-content\/uploads\/2015\/03\/La-campora-01-marzo-b-600x900.jpg 600w, https:\/\/www.pressenza.com\/wp-content\/uploads\/2015\/03\/La-campora-01-marzo-b-200x300.jpg 200w, https:\/\/www.pressenza.com\/wp-content\/uploads\/2015\/03\/La-campora-01-marzo-b.jpg 640w\" sizes=\"auto, (max-width: 600px) 100vw, 600px\" \/><\/a><\/p>\n<p>La Presidenta finaliz\u00f3 enfatizando acerca de que el que deja \u201cno ser\u00e1 un pa\u00eds c\u00f3modo para los dirigentes, sino un pa\u00eds c\u00f3modo para la gente. Va ser inc\u00f3modo, sobre todo, si piensan sacarle derechos adquiridos\u201d. Afuera, al finalizar, la m\u00fasica de Natalia Lafourcade abrazaba al pueblo: \u201cYo no nac\u00ed sin causa, yo no nac\u00ed sin fe, mi coraz\u00f3n pega fuerte para gritar a los que no sienten, y as\u00ed perseguir a la felicidad\u201d. Estaba todo dicho. <\/p>\n<p><a href=\"http:\/\/www.pressenza.com\/wp-content\/uploads\/2015\/03\/LaCampora01Marzo-d.jpg\"><img loading=\"lazy\" decoding=\"async\" src=\"http:\/\/www.pressenza.com\/wp-content\/uploads\/2015\/03\/LaCampora01Marzo-d-600x400.jpg\" alt=\"LaCampora01Marzo d\" width=\"600\" height=\"400\" class=\"aligncenter size-large wp-image-166710\" srcset=\"https:\/\/www.pressenza.com\/wp-content\/uploads\/2015\/03\/LaCampora01Marzo-d-600x400.jpg 600w, https:\/\/www.pressenza.com\/wp-content\/uploads\/2015\/03\/LaCampora01Marzo-d-300x200.jpg 300w, https:\/\/www.pressenza.com\/wp-content\/uploads\/2015\/03\/LaCampora01Marzo-d.jpg 960w\" sizes=\"auto, (max-width: 600px) 100vw, 600px\" \/><\/a><\/p>\n","protected":false},"excerpt":{"rendered":"<p>Ir hacia la Plaza de los Dos Congresos caminando desde 20 cuadras ya hac\u00eda sentir el latir de un pueblo expres\u00e1ndose sin violencia ni maltratos, demostrando que reforzaba un rumbo transformador en una buena direcci\u00f3n. Era cruzarse con esas madres&hellip;<\/p>\n","protected":false},"author":20,"featured_media":166662,"comment_status":"closed","ping_status":"open","sticky":false,"template":"","format":"standard","meta":{"footnotes":""},"categories":[11389,161,74,67],"tags":[16352,1146,696,16354,16353],"class_list":["post-166661","post","type-post","status-publish","format-standard","has-post-thumbnail","hentry","category-contenido-original","category-opiniones","category-politica-es","category-sudamerica","tag-apertura-de-sesiones-legislativas","tag-cristina-fernandez-de-kirchner","tag-democracia","tag-plaza-congreso","tag-pueblo-argentino"],"yoast_head":"<!-- This site is optimized with the Yoast SEO plugin v27.1.1 - https:\/\/yoast.com\/product\/yoast-seo-wordpress\/ -->\n<title>En la plaza de mi pueblo, de la Democracia y la alegr\u00eda<\/title>\n<meta name=\"description\" content=\"Ir hacia la Plaza de los Dos Congresos caminando desde 20 cuadras ya hac\u00eda sentir el latir de un pueblo expres\u00e1ndose sin violencia ni maltratos,\" \/>\n<meta name=\"robots\" content=\"index, follow, max-snippet:-1, max-image-preview:large, max-video-preview:-1\" \/>\n<link rel=\"canonical\" href=\"https:\/\/www.pressenza.com\/es\/2015\/03\/en-la-plaza-de-mi-pueblo-de-la-democracia-y-la-alegria\/\" \/>\n<meta property=\"og:locale\" content=\"es_ES\" \/>\n<meta property=\"og:type\" content=\"article\" \/>\n<meta property=\"og:title\" content=\"En la plaza de mi pueblo, de la Democracia y la alegr\u00eda\" \/>\n<meta property=\"og:description\" content=\"Ir hacia la Plaza de los Dos Congresos caminando desde 20 cuadras ya hac\u00eda sentir el latir de un pueblo expres\u00e1ndose sin violencia ni maltratos,\" \/>\n<meta property=\"og:url\" content=\"https:\/\/www.pressenza.com\/es\/2015\/03\/en-la-plaza-de-mi-pueblo-de-la-democracia-y-la-alegria\/\" \/>\n<meta property=\"og:site_name\" content=\"Pressenza\" \/>\n<meta property=\"article:publisher\" content=\"https:\/\/www.facebook.com\/PressenzaItalia\" \/>\n<meta property=\"article:published_time\" content=\"2015-03-02T03:32:23+00:00\" \/>\n<meta property=\"article:modified_time\" content=\"2015-03-02T03:50:04+00:00\" \/>\n<meta property=\"og:image\" content=\"https:\/\/www.pressenza.com\/wp-content\/uploads\/2015\/03\/LaCampora01Marzo.jpg\" \/>\n\t<meta property=\"og:image:width\" content=\"960\" \/>\n\t<meta property=\"og:image:height\" content=\"640\" \/>\n\t<meta property=\"og:image:type\" content=\"image\/jpeg\" \/>\n<meta name=\"author\" content=\"ivan novotny\" \/>\n<meta name=\"twitter:card\" content=\"summary_large_image\" \/>\n<meta name=\"twitter:creator\" content=\"@ivanovotny\" \/>\n<meta name=\"twitter:site\" content=\"@PressenzaIPA\" \/>\n<meta name=\"twitter:label1\" content=\"Escrito por\" \/>\n\t<meta name=\"twitter:data1\" content=\"ivan novotny\" \/>\n\t<meta name=\"twitter:label2\" content=\"Tiempo de lectura\" \/>\n\t<meta name=\"twitter:data2\" content=\"7 minutos\" \/>\n<script type=\"application\/ld+json\" class=\"yoast-schema-graph\">{\"@context\":\"https:\/\/schema.org\",\"@graph\":[{\"@type\":\"Article\",\"@id\":\"https:\/\/www.pressenza.com\/es\/2015\/03\/en-la-plaza-de-mi-pueblo-de-la-democracia-y-la-alegria\/#article\",\"isPartOf\":{\"@id\":\"https:\/\/www.pressenza.com\/es\/2015\/03\/en-la-plaza-de-mi-pueblo-de-la-democracia-y-la-alegria\/\"},\"author\":{\"name\":\"ivan novotny\",\"@id\":\"https:\/\/www.pressenza.com\/es\/#\/schema\/person\/074b2cdde387af1b7a93f788a03ec37a\"},\"headline\":\"En la plaza de mi pueblo, de la Democracia y la alegr\u00eda\",\"datePublished\":\"2015-03-02T03:32:23+00:00\",\"dateModified\":\"2015-03-02T03:50:04+00:00\",\"mainEntityOfPage\":{\"@id\":\"https:\/\/www.pressenza.com\/es\/2015\/03\/en-la-plaza-de-mi-pueblo-de-la-democracia-y-la-alegria\/\"},\"wordCount\":1437,\"publisher\":{\"@id\":\"https:\/\/www.pressenza.com\/es\/#organization\"},\"image\":{\"@id\":\"https:\/\/www.pressenza.com\/es\/2015\/03\/en-la-plaza-de-mi-pueblo-de-la-democracia-y-la-alegria\/#primaryimage\"},\"thumbnailUrl\":\"https:\/\/www.pressenza.com\/wp-content\/uploads\/2015\/03\/LaCampora01Marzo.jpg\",\"keywords\":[\"Apertura de sesiones legislativas\",\"Cristina Fernandez de Kirchner\",\"Democracia\",\"Plaza Congreso\",\"Pueblo argentino\"],\"articleSection\":[\"Contenido Original\",\"Opiniones\",\"Pol\u00edtica\",\"Sudam\u00e9rica\"],\"inLanguage\":\"es\"},{\"@type\":\"WebPage\",\"@id\":\"https:\/\/www.pressenza.com\/es\/2015\/03\/en-la-plaza-de-mi-pueblo-de-la-democracia-y-la-alegria\/\",\"url\":\"https:\/\/www.pressenza.com\/es\/2015\/03\/en-la-plaza-de-mi-pueblo-de-la-democracia-y-la-alegria\/\",\"name\":\"En la plaza de mi pueblo, de la Democracia y la alegr\u00eda\",\"isPartOf\":{\"@id\":\"https:\/\/www.pressenza.com\/es\/#website\"},\"primaryImageOfPage\":{\"@id\":\"https:\/\/www.pressenza.com\/es\/2015\/03\/en-la-plaza-de-mi-pueblo-de-la-democracia-y-la-alegria\/#primaryimage\"},\"image\":{\"@id\":\"https:\/\/www.pressenza.com\/es\/2015\/03\/en-la-plaza-de-mi-pueblo-de-la-democracia-y-la-alegria\/#primaryimage\"},\"thumbnailUrl\":\"https:\/\/www.pressenza.com\/wp-content\/uploads\/2015\/03\/LaCampora01Marzo.jpg\",\"datePublished\":\"2015-03-02T03:32:23+00:00\",\"dateModified\":\"2015-03-02T03:50:04+00:00\",\"description\":\"Ir hacia la Plaza de los Dos Congresos caminando desde 20 cuadras ya hac\u00eda sentir el latir de un pueblo expres\u00e1ndose sin violencia ni maltratos,\",\"breadcrumb\":{\"@id\":\"https:\/\/www.pressenza.com\/es\/2015\/03\/en-la-plaza-de-mi-pueblo-de-la-democracia-y-la-alegria\/#breadcrumb\"},\"inLanguage\":\"es\",\"potentialAction\":[{\"@type\":\"ReadAction\",\"target\":[\"https:\/\/www.pressenza.com\/es\/2015\/03\/en-la-plaza-de-mi-pueblo-de-la-democracia-y-la-alegria\/\"]}]},{\"@type\":\"ImageObject\",\"inLanguage\":\"es\",\"@id\":\"https:\/\/www.pressenza.com\/es\/2015\/03\/en-la-plaza-de-mi-pueblo-de-la-democracia-y-la-alegria\/#primaryimage\",\"url\":\"https:\/\/www.pressenza.com\/wp-content\/uploads\/2015\/03\/LaCampora01Marzo.jpg\",\"contentUrl\":\"https:\/\/www.pressenza.com\/wp-content\/uploads\/2015\/03\/LaCampora01Marzo.jpg\",\"width\":960,\"height\":640},{\"@type\":\"BreadcrumbList\",\"@id\":\"https:\/\/www.pressenza.com\/es\/2015\/03\/en-la-plaza-de-mi-pueblo-de-la-democracia-y-la-alegria\/#breadcrumb\",\"itemListElement\":[{\"@type\":\"ListItem\",\"position\":1,\"name\":\"Accueil\",\"item\":\"https:\/\/www.pressenza.com\/es\/\"},{\"@type\":\"ListItem\",\"position\":2,\"name\":\"En la plaza de mi pueblo, de la Democracia y la alegr\u00eda\"}]},{\"@type\":\"WebSite\",\"@id\":\"https:\/\/www.pressenza.com\/es\/#website\",\"url\":\"https:\/\/www.pressenza.com\/es\/\",\"name\":\"Pressenza\",\"description\":\"International Press Agency\",\"publisher\":{\"@id\":\"https:\/\/www.pressenza.com\/es\/#organization\"},\"potentialAction\":[{\"@type\":\"SearchAction\",\"target\":{\"@type\":\"EntryPoint\",\"urlTemplate\":\"https:\/\/www.pressenza.com\/es\/?s={search_term_string}\"},\"query-input\":{\"@type\":\"PropertyValueSpecification\",\"valueRequired\":true,\"valueName\":\"search_term_string\"}}],\"inLanguage\":\"es\"},{\"@type\":\"Organization\",\"@id\":\"https:\/\/www.pressenza.com\/es\/#organization\",\"name\":\"Pressenza\",\"url\":\"https:\/\/www.pressenza.com\/es\/\",\"logo\":{\"@type\":\"ImageObject\",\"inLanguage\":\"es\",\"@id\":\"https:\/\/www.pressenza.com\/es\/#\/schema\/logo\/image\/\",\"url\":\"https:\/\/www.pressenza.com\/wp-content\/uploads\/2022\/10\/pressenza_logo_200x200.jpg\",\"contentUrl\":\"https:\/\/www.pressenza.com\/wp-content\/uploads\/2022\/10\/pressenza_logo_200x200.jpg\",\"width\":200,\"height\":200,\"caption\":\"Pressenza\"},\"image\":{\"@id\":\"https:\/\/www.pressenza.com\/es\/#\/schema\/logo\/image\/\"},\"sameAs\":[\"https:\/\/www.facebook.com\/PressenzaItalia\",\"https:\/\/x.com\/PressenzaIPA\"]},{\"@type\":\"Person\",\"@id\":\"https:\/\/www.pressenza.com\/es\/#\/schema\/person\/074b2cdde387af1b7a93f788a03ec37a\",\"name\":\"ivan novotny\",\"description\":\"A graduate in Communication Science from the University of Buenos Aires.\",\"sameAs\":[\"https:\/\/www.instagram.com\/inovotny\",\"https:\/\/x.com\/ivanovotny\"],\"url\":\"https:\/\/www.pressenza.com\/es\/author\/ivan-novotny\/\"}]}<\/script>\n<!-- \/ Yoast SEO plugin. -->","yoast_head_json":{"title":"En la plaza de mi pueblo, de la Democracia y la alegr\u00eda","description":"Ir hacia la Plaza de los Dos Congresos caminando desde 20 cuadras ya hac\u00eda sentir el latir de un pueblo expres\u00e1ndose sin violencia ni maltratos,","robots":{"index":"index","follow":"follow","max-snippet":"max-snippet:-1","max-image-preview":"max-image-preview:large","max-video-preview":"max-video-preview:-1"},"canonical":"https:\/\/www.pressenza.com\/es\/2015\/03\/en-la-plaza-de-mi-pueblo-de-la-democracia-y-la-alegria\/","og_locale":"es_ES","og_type":"article","og_title":"En la plaza de mi pueblo, de la Democracia y la alegr\u00eda","og_description":"Ir hacia la Plaza de los Dos Congresos caminando desde 20 cuadras ya hac\u00eda sentir el latir de un pueblo expres\u00e1ndose sin violencia ni maltratos,","og_url":"https:\/\/www.pressenza.com\/es\/2015\/03\/en-la-plaza-de-mi-pueblo-de-la-democracia-y-la-alegria\/","og_site_name":"Pressenza","article_publisher":"https:\/\/www.facebook.com\/PressenzaItalia","article_published_time":"2015-03-02T03:32:23+00:00","article_modified_time":"2015-03-02T03:50:04+00:00","og_image":[{"width":960,"height":640,"url":"https:\/\/www.pressenza.com\/wp-content\/uploads\/2015\/03\/LaCampora01Marzo.jpg","type":"image\/jpeg"}],"author":"ivan novotny","twitter_card":"summary_large_image","twitter_creator":"@ivanovotny","twitter_site":"@PressenzaIPA","twitter_misc":{"Escrito por":"ivan novotny","Tiempo de lectura":"7 minutos"},"schema":{"@context":"https:\/\/schema.org","@graph":[{"@type":"Article","@id":"https:\/\/www.pressenza.com\/es\/2015\/03\/en-la-plaza-de-mi-pueblo-de-la-democracia-y-la-alegria\/#article","isPartOf":{"@id":"https:\/\/www.pressenza.com\/es\/2015\/03\/en-la-plaza-de-mi-pueblo-de-la-democracia-y-la-alegria\/"},"author":{"name":"ivan novotny","@id":"https:\/\/www.pressenza.com\/es\/#\/schema\/person\/074b2cdde387af1b7a93f788a03ec37a"},"headline":"En la plaza de mi pueblo, de la Democracia y la alegr\u00eda","datePublished":"2015-03-02T03:32:23+00:00","dateModified":"2015-03-02T03:50:04+00:00","mainEntityOfPage":{"@id":"https:\/\/www.pressenza.com\/es\/2015\/03\/en-la-plaza-de-mi-pueblo-de-la-democracia-y-la-alegria\/"},"wordCount":1437,"publisher":{"@id":"https:\/\/www.pressenza.com\/es\/#organization"},"image":{"@id":"https:\/\/www.pressenza.com\/es\/2015\/03\/en-la-plaza-de-mi-pueblo-de-la-democracia-y-la-alegria\/#primaryimage"},"thumbnailUrl":"https:\/\/www.pressenza.com\/wp-content\/uploads\/2015\/03\/LaCampora01Marzo.jpg","keywords":["Apertura de sesiones legislativas","Cristina Fernandez de Kirchner","Democracia","Plaza Congreso","Pueblo argentino"],"articleSection":["Contenido Original","Opiniones","Pol\u00edtica","Sudam\u00e9rica"],"inLanguage":"es"},{"@type":"WebPage","@id":"https:\/\/www.pressenza.com\/es\/2015\/03\/en-la-plaza-de-mi-pueblo-de-la-democracia-y-la-alegria\/","url":"https:\/\/www.pressenza.com\/es\/2015\/03\/en-la-plaza-de-mi-pueblo-de-la-democracia-y-la-alegria\/","name":"En la plaza de mi pueblo, de la Democracia y la alegr\u00eda","isPartOf":{"@id":"https:\/\/www.pressenza.com\/es\/#website"},"primaryImageOfPage":{"@id":"https:\/\/www.pressenza.com\/es\/2015\/03\/en-la-plaza-de-mi-pueblo-de-la-democracia-y-la-alegria\/#primaryimage"},"image":{"@id":"https:\/\/www.pressenza.com\/es\/2015\/03\/en-la-plaza-de-mi-pueblo-de-la-democracia-y-la-alegria\/#primaryimage"},"thumbnailUrl":"https:\/\/www.pressenza.com\/wp-content\/uploads\/2015\/03\/LaCampora01Marzo.jpg","datePublished":"2015-03-02T03:32:23+00:00","dateModified":"2015-03-02T03:50:04+00:00","description":"Ir hacia la Plaza de los Dos Congresos caminando desde 20 cuadras ya hac\u00eda sentir el latir de un pueblo expres\u00e1ndose sin violencia ni maltratos,","breadcrumb":{"@id":"https:\/\/www.pressenza.com\/es\/2015\/03\/en-la-plaza-de-mi-pueblo-de-la-democracia-y-la-alegria\/#breadcrumb"},"inLanguage":"es","potentialAction":[{"@type":"ReadAction","target":["https:\/\/www.pressenza.com\/es\/2015\/03\/en-la-plaza-de-mi-pueblo-de-la-democracia-y-la-alegria\/"]}]},{"@type":"ImageObject","inLanguage":"es","@id":"https:\/\/www.pressenza.com\/es\/2015\/03\/en-la-plaza-de-mi-pueblo-de-la-democracia-y-la-alegria\/#primaryimage","url":"https:\/\/www.pressenza.com\/wp-content\/uploads\/2015\/03\/LaCampora01Marzo.jpg","contentUrl":"https:\/\/www.pressenza.com\/wp-content\/uploads\/2015\/03\/LaCampora01Marzo.jpg","width":960,"height":640},{"@type":"BreadcrumbList","@id":"https:\/\/www.pressenza.com\/es\/2015\/03\/en-la-plaza-de-mi-pueblo-de-la-democracia-y-la-alegria\/#breadcrumb","itemListElement":[{"@type":"ListItem","position":1,"name":"Accueil","item":"https:\/\/www.pressenza.com\/es\/"},{"@type":"ListItem","position":2,"name":"En la plaza de mi pueblo, de la Democracia y la alegr\u00eda"}]},{"@type":"WebSite","@id":"https:\/\/www.pressenza.com\/es\/#website","url":"https:\/\/www.pressenza.com\/es\/","name":"Pressenza","description":"International Press Agency","publisher":{"@id":"https:\/\/www.pressenza.com\/es\/#organization"},"potentialAction":[{"@type":"SearchAction","target":{"@type":"EntryPoint","urlTemplate":"https:\/\/www.pressenza.com\/es\/?s={search_term_string}"},"query-input":{"@type":"PropertyValueSpecification","valueRequired":true,"valueName":"search_term_string"}}],"inLanguage":"es"},{"@type":"Organization","@id":"https:\/\/www.pressenza.com\/es\/#organization","name":"Pressenza","url":"https:\/\/www.pressenza.com\/es\/","logo":{"@type":"ImageObject","inLanguage":"es","@id":"https:\/\/www.pressenza.com\/es\/#\/schema\/logo\/image\/","url":"https:\/\/www.pressenza.com\/wp-content\/uploads\/2022\/10\/pressenza_logo_200x200.jpg","contentUrl":"https:\/\/www.pressenza.com\/wp-content\/uploads\/2022\/10\/pressenza_logo_200x200.jpg","width":200,"height":200,"caption":"Pressenza"},"image":{"@id":"https:\/\/www.pressenza.com\/es\/#\/schema\/logo\/image\/"},"sameAs":["https:\/\/www.facebook.com\/PressenzaItalia","https:\/\/x.com\/PressenzaIPA"]},{"@type":"Person","@id":"https:\/\/www.pressenza.com\/es\/#\/schema\/person\/074b2cdde387af1b7a93f788a03ec37a","name":"ivan novotny","description":"A graduate in Communication Science from the University of Buenos Aires.","sameAs":["https:\/\/www.instagram.com\/inovotny","https:\/\/x.com\/ivanovotny"],"url":"https:\/\/www.pressenza.com\/es\/author\/ivan-novotny\/"}]}},"place":"","original_article_url":"","_links":{"self":[{"href":"https:\/\/www.pressenza.com\/es\/wp-json\/wp\/v2\/posts\/166661","targetHints":{"allow":["GET"]}}],"collection":[{"href":"https:\/\/www.pressenza.com\/es\/wp-json\/wp\/v2\/posts"}],"about":[{"href":"https:\/\/www.pressenza.com\/es\/wp-json\/wp\/v2\/types\/post"}],"author":[{"embeddable":true,"href":"https:\/\/www.pressenza.com\/es\/wp-json\/wp\/v2\/users\/20"}],"replies":[{"embeddable":true,"href":"https:\/\/www.pressenza.com\/es\/wp-json\/wp\/v2\/comments?post=166661"}],"version-history":[{"count":0,"href":"https:\/\/www.pressenza.com\/es\/wp-json\/wp\/v2\/posts\/166661\/revisions"}],"wp:featuredmedia":[{"embeddable":true,"href":"https:\/\/www.pressenza.com\/es\/wp-json\/wp\/v2\/media\/166662"}],"wp:attachment":[{"href":"https:\/\/www.pressenza.com\/es\/wp-json\/wp\/v2\/media?parent=166661"}],"wp:term":[{"taxonomy":"category","embeddable":true,"href":"https:\/\/www.pressenza.com\/es\/wp-json\/wp\/v2\/categories?post=166661"},{"taxonomy":"post_tag","embeddable":true,"href":"https:\/\/www.pressenza.com\/es\/wp-json\/wp\/v2\/tags?post=166661"}],"curies":[{"name":"wp","href":"https:\/\/api.w.org\/{rel}","templated":true}]}}