{"id":1665604,"date":"2022-09-24T16:50:50","date_gmt":"2022-09-24T15:50:50","guid":{"rendered":"https:\/\/www.pressenza.com\/?p=1665604"},"modified":"2022-09-28T23:16:10","modified_gmt":"2022-09-28T22:16:10","slug":"fridays-for-future-las-personas-no-como-comercio","status":"publish","type":"post","link":"https:\/\/www.pressenza.com\/es\/2022\/09\/fridays-for-future-las-personas-no-como-comercio\/","title":{"rendered":"Fridays For Future, Las personas no como comercio"},"content":{"rendered":"<p><strong>\u00abFridays For Future\u00bb\u00a0 Viernes por el Futuro reclama \u00abLas personas no como comercio\u00bb en medio de la crisis energ\u00e9tica.<\/strong><\/p>\n<p><em>El movimiento reivindica la redistribuci\u00f3n, la sostenibilidad, la expansi\u00f3n de las energ\u00edas renovables y el billete de 9 euros.<\/em><\/p>\n<p>Esta vez, Pressenza observ\u00f3 los acontecimientos de la organizaci\u00f3n \u00abViernes por el Futuro\u00bb en el contexto de otra gran huelga clim\u00e1tica mundial, en dos lugares muy diferentes.<br \/>\nEn la capital, Berl\u00edn, donde se reunieron unos 35.000 personas. Los organizadores esperaban s\u00f3lo 8.000 personas, se creia\u00a0 que mucha gente habia desterrado el\u00a0 tema del cambio clim\u00e1tico de sus pensamientos, debido a la preocupaci\u00f3n por la amenaza de la guerra y el aumento de la inflaci\u00f3n.<br \/>\nPero no fue as\u00ed, en la peque\u00f1a ciudad de Hof, en el norte de Baviera, m\u00e1s de 50 personas se reunieron para una marcha por el centro de la ciudad a iniciativa de Fridays For Future Hof (ver foto).<br \/>\nAll\u00ed tambi\u00e9n se expusieron en voz alta las principales reivindicaciones que propone Fridays For Future.<br \/>\nLas crisis actuales no deben enfrentarse entre s\u00ed, sino que son el resultado de un mismo pensamiento de los gobiernos, que siguen poniendo el beneficio por encima del bienestar de los ciudadanos.<br \/>\nTodas las medidas adoptadas hasta ahora, incluso en Alemania, no son suficientes para alcanzar el objetivo clim\u00e1tico de 1,5 grados. Ahora es necesario eliminar progresivamente los combustibles f\u00f3siles y la energ\u00eda nuclear y tambi\u00e9n iniciar un cambio fundamental en el transporte.<br \/>\nHay que financiar y poner en marcha la expansi\u00f3n de las energ\u00edas renovables.<br \/>\nEspecialmente los pa\u00edses del Sur deben recibir m\u00e1s apoyo financiero de los pa\u00edses industrializados.<br \/>\nPor fin necesitamos una transformaci\u00f3n socialmente justa hacia la sostenibilidad.<br \/>\nMuchos j\u00f3venes participantes expresaron sus temores y su preocupaci\u00f3n por el estado del mundo.<\/p>\n<p>Paula, estudiante de licenciatura de la cidudad de Hof, ha expresado en su poema lo que mueve a los j\u00f3venes y c\u00f3mo es su vida cotidiana.<\/p>\n<p><strong>Apocalipsis<\/strong><\/p>\n<p>Suena el despertador,<br \/>\nLev\u00e1ntate, funciona,<br \/>\nVentanas abiertas, pesadillas fuera,<br \/>\ntel\u00e9fono m\u00f3vil encendido, comprueba las noticias,<br \/>\nHoy &#8211; es el apocalipsis de nuevo<\/p>\n<p>Tengo que ir a trabajar ahora mismo,<br \/>\nlos ni\u00f1os refugiados,<br \/>\nque est\u00e1n sentados en mi aula con las manos marcadas.<br \/>\n\u00bfD\u00f3nde est\u00e1 esa paz de la que siempre hablan los mayores, que la necesitan?<\/p>\n<p>Pero no podemos hacer eso, luchar contra m\u00e1s de una crisis a la vez<br \/>\nMierda &#8211; pienso para mis adentros<br \/>\n\u00bfC\u00f3mo vamos a salir de esto?<\/p>\n<p>Guerras en el mundo, innumerables enfermedades, bosques que arden, inundaciones en Pakist\u00e1n e Italia<br \/>\ny literalmente este mundo no tiene energ\u00eda.<br \/>\nNo hay energ\u00eda para dejar nuestra tierra a los ni\u00f1os de este mundo de tal manera que les gustar\u00eda vivir aqu\u00ed.<br \/>\nNo queda energ\u00eda para proteger a las personas que necesitan desesperadamente nuestra ayuda<br \/>\nantes de que una ola los arrastre<\/p>\n<p>M\u00e1s alto, m\u00e1s alto, m\u00e1s y m\u00e1s<br \/>\nlas aguas est\u00e1n subiendo<br \/>\nPero nuestro maestro de la magia no se preocupa por los ni\u00f1os de su tierra<br \/>\nAs\u00ed que nos levantamos nosotros mismos,<br \/>\nComo los oc\u00e9anos, nos elevamos<\/p>\n<p>Mira, nuestro mundo est\u00e1 muriendo lentamente<br \/>\nNo voy a perder m\u00e1s tiempo,<br \/>\nNo creo que pueda creerte<br \/>\nEs cierto que nuestro mundo se est\u00e1 muriendo un poco m\u00e1s cada d\u00eda,<br \/>\nPero no lentamente<br \/>\nPero en pasos tan grandes como las promesas vac\u00edas de la pol\u00edtica<\/p>\n<p>La estamos perjudicando cuando deber\u00edamos dedicar cada segundo de nuestra vida a protegerla.<br \/>\n\u00bfPara poder contar a nuestros nietos que al menos estuvimos en el \u00ablado correcto de la historia\u00bb?<br \/>\nNo, por no tener que pasar nunca, porque lo hemos conseguido.<br \/>\nPorque tal vez a\u00fan podamos lograrlo<\/p>\n<p>Porque la esperanza es mucho m\u00e1s fuerte que el miedo<br \/>\nPorque la esperanza es mucho m\u00e1s fuerte que el miedo<\/p>\n<p>De Paula<\/p>\n<p><strong>Organizadores de la Marcha, en la ciudad de Hof Alemania\u00a0<\/strong><\/p>\n<div class=\"post-gallery\">\n\t\t\t<figure class=\"post-gallery-item\">\n\t\t\t\t<img decoding=\"async\" src=\"https:\/\/www.pressenza.com\/wp-content\/uploads\/2022\/09\/20220923_151007-2.jpg\" loading=\"lazy\">\n\t\t\t\t<figcaption>\n\t\t\t\t\t\n\t\t\t\t<\/figcaption>\n\t\t\t<\/figure><\/div>\n<p><strong>Fotos Berl\u00edn<\/strong><\/p>\n<div class=\"post-gallery\">\n\t\t\t<figure class=\"post-gallery-item\">\n\t\t\t\t<img decoding=\"async\" src=\"https:\/\/www.pressenza.com\/wp-content\/uploads\/2022\/09\/IMG_20220923_133221-820x369.png\" loading=\"lazy\">\n\t\t\t\t<figcaption>\n\t\t\t\t\t\n\t\t\t\t<\/figcaption>\n\t\t\t<\/figure>\n\t\t\t<figure class=\"post-gallery-item\">\n\t\t\t\t<img decoding=\"async\" src=\"https:\/\/www.pressenza.com\/wp-content\/uploads\/2022\/09\/IMG_20220923_133157-820x369.png\" loading=\"lazy\">\n\t\t\t\t<figcaption>\n\t\t\t\t\t\n\t\t\t\t<\/figcaption>\n\t\t\t<\/figure>\n\t\t\t<figure class=\"post-gallery-item\">\n\t\t\t\t<img decoding=\"async\" src=\"https:\/\/www.pressenza.com\/wp-content\/uploads\/2022\/09\/IMG_20220923_130534-820x369.png\" loading=\"lazy\">\n\t\t\t\t<figcaption>\n\t\t\t\t\t\n\t\t\t\t<\/figcaption>\n\t\t\t<\/figure>\n\t\t\t<figure class=\"post-gallery-item\">\n\t\t\t\t<img decoding=\"async\" src=\"https:\/\/www.pressenza.com\/wp-content\/uploads\/2022\/09\/IMG_20220923_125853-820x369.png\" loading=\"lazy\">\n\t\t\t\t<figcaption>\n\t\t\t\t\t\n\t\t\t\t<\/figcaption>\n\t\t\t<\/figure><\/div>\n<p><iframe loading=\"lazy\" title=\"Friday For Future\" width=\"500\" height=\"281\" src=\"https:\/\/www.youtube.com\/embed\/77gYTyZNNtc?feature=oembed\" frameborder=\"0\" allow=\"accelerometer; autoplay; clipboard-write; encrypted-media; gyroscope; picture-in-picture; web-share\" referrerpolicy=\"strict-origin-when-cross-origin\" allowfullscreen><\/iframe><\/p>\n<p>Video Berlin<\/p>\n<p>&nbsp;<\/p>\n<p>&nbsp;<\/p>\n","protected":false},"excerpt":{"rendered":"<p>\u00abFridays For Future\u00bb\u00a0 Viernes por el Futuro reclama \u00abLas personas no como comercio\u00bb en medio de la crisis energ\u00e9tica. El movimiento reivindica la redistribuci\u00f3n, la sostenibilidad, la expansi\u00f3n de las energ\u00edas renovables y el billete de 9 euros. Esta vez,&hellip;<\/p>\n","protected":false},"author":1095,"featured_media":1664898,"comment_status":"closed","ping_status":"closed","sticky":false,"template":"","format":"standard","meta":{"footnotes":""},"categories":[11389,78,5667],"tags":[54384,59107,50803],"class_list":["post-1665604","post","type-post","status-publish","format-standard","has-post-thumbnail","hentry","category-contenido-original","category-medio-ambiente-ecologia","category-foto-reportajes","tag-fridaysforfuture-es","tag-protecciondelmedioambiente","tag-marcha-por-el-clima"],"yoast_head":"<!-- This site is optimized with the Yoast SEO plugin v27.1.1 - https:\/\/yoast.com\/product\/yoast-seo-wordpress\/ -->\n<title>Fridays For Future, Las personas no como comercio<\/title>\n<meta name=\"description\" content=\"&quot;Fridays For Future&quot;\u00a0 Viernes por el Futuro reclama &quot;Las personas no como comercio&quot; en medio de la crisis energ\u00e9tica. El movimiento reivindica la\" \/>\n<meta name=\"robots\" content=\"index, follow, max-snippet:-1, max-image-preview:large, max-video-preview:-1\" \/>\n<link rel=\"canonical\" href=\"https:\/\/www.pressenza.com\/es\/2022\/09\/fridays-for-future-las-personas-no-como-comercio\/\" \/>\n<meta property=\"og:locale\" content=\"es_ES\" \/>\n<meta property=\"og:type\" content=\"article\" \/>\n<meta property=\"og:title\" content=\"Fridays For Future, Las personas no como comercio\" \/>\n<meta property=\"og:description\" content=\"&quot;Fridays For Future&quot;\u00a0 Viernes por el Futuro reclama &quot;Las personas no como comercio&quot; en medio de la crisis energ\u00e9tica. El movimiento reivindica la\" \/>\n<meta property=\"og:url\" content=\"https:\/\/www.pressenza.com\/es\/2022\/09\/fridays-for-future-las-personas-no-como-comercio\/\" \/>\n<meta property=\"og:site_name\" content=\"Pressenza\" \/>\n<meta property=\"article:publisher\" content=\"https:\/\/www.facebook.com\/PressenzaItalia\" \/>\n<meta property=\"article:author\" content=\"https:\/\/www.facebook.com\/Pressenza-Deutschland-sterreich-Schweiz-281675388658060\/timeline\/\" \/>\n<meta property=\"article:published_time\" content=\"2022-09-24T15:50:50+00:00\" \/>\n<meta property=\"article:modified_time\" content=\"2022-09-28T22:16:10+00:00\" \/>\n<meta property=\"og:image\" content=\"https:\/\/www.pressenza.com\/wp-content\/uploads\/2022\/09\/IMG_20220923_141613.png\" \/>\n\t<meta property=\"og:image:width\" content=\"1224\" \/>\n\t<meta property=\"og:image:height\" content=\"551\" \/>\n\t<meta property=\"og:image:type\" content=\"image\/png\" \/>\n<meta name=\"author\" content=\"Pressenza Berlin\" \/>\n<meta name=\"twitter:card\" content=\"summary_large_image\" \/>\n<meta name=\"twitter:creator\" content=\"@pressenza_ger\" \/>\n<meta name=\"twitter:site\" content=\"@PressenzaIPA\" \/>\n<meta name=\"twitter:label1\" content=\"Escrito por\" \/>\n\t<meta name=\"twitter:data1\" content=\"Pressenza Berlin\" \/>\n\t<meta name=\"twitter:label2\" content=\"Tiempo de lectura\" \/>\n\t<meta name=\"twitter:data2\" content=\"3 minutos\" \/>\n<script type=\"application\/ld+json\" class=\"yoast-schema-graph\">{\"@context\":\"https:\/\/schema.org\",\"@graph\":[{\"@type\":\"Article\",\"@id\":\"https:\/\/www.pressenza.com\/es\/2022\/09\/fridays-for-future-las-personas-no-como-comercio\/#article\",\"isPartOf\":{\"@id\":\"https:\/\/www.pressenza.com\/es\/2022\/09\/fridays-for-future-las-personas-no-como-comercio\/\"},\"author\":{\"name\":\"Pressenza Berlin\",\"@id\":\"https:\/\/www.pressenza.com\/es\/#\/schema\/person\/57bb5480943a496a7722b0248e4b658a\"},\"headline\":\"Fridays For Future, Las personas no como comercio\",\"datePublished\":\"2022-09-24T15:50:50+00:00\",\"dateModified\":\"2022-09-28T22:16:10+00:00\",\"mainEntityOfPage\":{\"@id\":\"https:\/\/www.pressenza.com\/es\/2022\/09\/fridays-for-future-las-personas-no-como-comercio\/\"},\"wordCount\":701,\"publisher\":{\"@id\":\"https:\/\/www.pressenza.com\/es\/#organization\"},\"image\":{\"@id\":\"https:\/\/www.pressenza.com\/es\/2022\/09\/fridays-for-future-las-personas-no-como-comercio\/#primaryimage\"},\"thumbnailUrl\":\"https:\/\/www.pressenza.com\/wp-content\/uploads\/2022\/09\/IMG_20220923_141613.png\",\"keywords\":[\"#FridaysForFuture\",\"#Protecci\u00f3nDelMedioAmbiente\",\"marcha por el clima\"],\"articleSection\":[\"Contenido Original\",\"Ecolog\u00eda y Medio Ambiente\",\"Fotorreportajes\"],\"inLanguage\":\"es\"},{\"@type\":\"WebPage\",\"@id\":\"https:\/\/www.pressenza.com\/es\/2022\/09\/fridays-for-future-las-personas-no-como-comercio\/\",\"url\":\"https:\/\/www.pressenza.com\/es\/2022\/09\/fridays-for-future-las-personas-no-como-comercio\/\",\"name\":\"Fridays For Future, Las personas no como comercio\",\"isPartOf\":{\"@id\":\"https:\/\/www.pressenza.com\/es\/#website\"},\"primaryImageOfPage\":{\"@id\":\"https:\/\/www.pressenza.com\/es\/2022\/09\/fridays-for-future-las-personas-no-como-comercio\/#primaryimage\"},\"image\":{\"@id\":\"https:\/\/www.pressenza.com\/es\/2022\/09\/fridays-for-future-las-personas-no-como-comercio\/#primaryimage\"},\"thumbnailUrl\":\"https:\/\/www.pressenza.com\/wp-content\/uploads\/2022\/09\/IMG_20220923_141613.png\",\"datePublished\":\"2022-09-24T15:50:50+00:00\",\"dateModified\":\"2022-09-28T22:16:10+00:00\",\"description\":\"\\\"Fridays For Future\\\"\u00a0 Viernes por el Futuro reclama \\\"Las personas no como comercio\\\" en medio de la crisis energ\u00e9tica. El movimiento reivindica la\",\"breadcrumb\":{\"@id\":\"https:\/\/www.pressenza.com\/es\/2022\/09\/fridays-for-future-las-personas-no-como-comercio\/#breadcrumb\"},\"inLanguage\":\"es\",\"potentialAction\":[{\"@type\":\"ReadAction\",\"target\":[\"https:\/\/www.pressenza.com\/es\/2022\/09\/fridays-for-future-las-personas-no-como-comercio\/\"]}]},{\"@type\":\"ImageObject\",\"inLanguage\":\"es\",\"@id\":\"https:\/\/www.pressenza.com\/es\/2022\/09\/fridays-for-future-las-personas-no-como-comercio\/#primaryimage\",\"url\":\"https:\/\/www.pressenza.com\/wp-content\/uploads\/2022\/09\/IMG_20220923_141613.png\",\"contentUrl\":\"https:\/\/www.pressenza.com\/wp-content\/uploads\/2022\/09\/IMG_20220923_141613.png\",\"width\":1224,\"height\":551},{\"@type\":\"BreadcrumbList\",\"@id\":\"https:\/\/www.pressenza.com\/es\/2022\/09\/fridays-for-future-las-personas-no-como-comercio\/#breadcrumb\",\"itemListElement\":[{\"@type\":\"ListItem\",\"position\":1,\"name\":\"Accueil\",\"item\":\"https:\/\/www.pressenza.com\/es\/\"},{\"@type\":\"ListItem\",\"position\":2,\"name\":\"Fridays For Future, Las personas no como comercio\"}]},{\"@type\":\"WebSite\",\"@id\":\"https:\/\/www.pressenza.com\/es\/#website\",\"url\":\"https:\/\/www.pressenza.com\/es\/\",\"name\":\"Pressenza\",\"description\":\"International Press Agency\",\"publisher\":{\"@id\":\"https:\/\/www.pressenza.com\/es\/#organization\"},\"potentialAction\":[{\"@type\":\"SearchAction\",\"target\":{\"@type\":\"EntryPoint\",\"urlTemplate\":\"https:\/\/www.pressenza.com\/es\/?s={search_term_string}\"},\"query-input\":{\"@type\":\"PropertyValueSpecification\",\"valueRequired\":true,\"valueName\":\"search_term_string\"}}],\"inLanguage\":\"es\"},{\"@type\":\"Organization\",\"@id\":\"https:\/\/www.pressenza.com\/es\/#organization\",\"name\":\"Pressenza\",\"url\":\"https:\/\/www.pressenza.com\/es\/\",\"logo\":{\"@type\":\"ImageObject\",\"inLanguage\":\"es\",\"@id\":\"https:\/\/www.pressenza.com\/es\/#\/schema\/logo\/image\/\",\"url\":\"https:\/\/www.pressenza.com\/wp-content\/uploads\/2022\/10\/pressenza_logo_200x200.jpg\",\"contentUrl\":\"https:\/\/www.pressenza.com\/wp-content\/uploads\/2022\/10\/pressenza_logo_200x200.jpg\",\"width\":200,\"height\":200,\"caption\":\"Pressenza\"},\"image\":{\"@id\":\"https:\/\/www.pressenza.com\/es\/#\/schema\/logo\/image\/\"},\"sameAs\":[\"https:\/\/www.facebook.com\/PressenzaItalia\",\"https:\/\/x.com\/PressenzaIPA\"]},{\"@type\":\"Person\",\"@id\":\"https:\/\/www.pressenza.com\/es\/#\/schema\/person\/57bb5480943a496a7722b0248e4b658a\",\"name\":\"Pressenza Berlin\",\"description\":\"News from the Pressenza Bureau in Berlin, Germany\",\"sameAs\":[\"https:\/\/www.facebook.com\/Pressenza-Deutschland-sterreich-Schweiz-281675388658060\/timeline\/\",\"https:\/\/x.com\/pressenza_ger\"],\"url\":\"https:\/\/www.pressenza.com\/es\/author\/pressenza-berlin\/\"}]}<\/script>\n<!-- \/ Yoast SEO plugin. -->","yoast_head_json":{"title":"Fridays For Future, Las personas no como comercio","description":"\"Fridays For Future\"\u00a0 Viernes por el Futuro reclama \"Las personas no como comercio\" en medio de la crisis energ\u00e9tica. El movimiento reivindica la","robots":{"index":"index","follow":"follow","max-snippet":"max-snippet:-1","max-image-preview":"max-image-preview:large","max-video-preview":"max-video-preview:-1"},"canonical":"https:\/\/www.pressenza.com\/es\/2022\/09\/fridays-for-future-las-personas-no-como-comercio\/","og_locale":"es_ES","og_type":"article","og_title":"Fridays For Future, Las personas no como comercio","og_description":"\"Fridays For Future\"\u00a0 Viernes por el Futuro reclama \"Las personas no como comercio\" en medio de la crisis energ\u00e9tica. El movimiento reivindica la","og_url":"https:\/\/www.pressenza.com\/es\/2022\/09\/fridays-for-future-las-personas-no-como-comercio\/","og_site_name":"Pressenza","article_publisher":"https:\/\/www.facebook.com\/PressenzaItalia","article_author":"https:\/\/www.facebook.com\/Pressenza-Deutschland-sterreich-Schweiz-281675388658060\/timeline\/","article_published_time":"2022-09-24T15:50:50+00:00","article_modified_time":"2022-09-28T22:16:10+00:00","og_image":[{"width":1224,"height":551,"url":"https:\/\/www.pressenza.com\/wp-content\/uploads\/2022\/09\/IMG_20220923_141613.png","type":"image\/png"}],"author":"Pressenza Berlin","twitter_card":"summary_large_image","twitter_creator":"@pressenza_ger","twitter_site":"@PressenzaIPA","twitter_misc":{"Escrito por":"Pressenza Berlin","Tiempo de lectura":"3 minutos"},"schema":{"@context":"https:\/\/schema.org","@graph":[{"@type":"Article","@id":"https:\/\/www.pressenza.com\/es\/2022\/09\/fridays-for-future-las-personas-no-como-comercio\/#article","isPartOf":{"@id":"https:\/\/www.pressenza.com\/es\/2022\/09\/fridays-for-future-las-personas-no-como-comercio\/"},"author":{"name":"Pressenza Berlin","@id":"https:\/\/www.pressenza.com\/es\/#\/schema\/person\/57bb5480943a496a7722b0248e4b658a"},"headline":"Fridays For Future, Las personas no como comercio","datePublished":"2022-09-24T15:50:50+00:00","dateModified":"2022-09-28T22:16:10+00:00","mainEntityOfPage":{"@id":"https:\/\/www.pressenza.com\/es\/2022\/09\/fridays-for-future-las-personas-no-como-comercio\/"},"wordCount":701,"publisher":{"@id":"https:\/\/www.pressenza.com\/es\/#organization"},"image":{"@id":"https:\/\/www.pressenza.com\/es\/2022\/09\/fridays-for-future-las-personas-no-como-comercio\/#primaryimage"},"thumbnailUrl":"https:\/\/www.pressenza.com\/wp-content\/uploads\/2022\/09\/IMG_20220923_141613.png","keywords":["#FridaysForFuture","#Protecci\u00f3nDelMedioAmbiente","marcha por el clima"],"articleSection":["Contenido Original","Ecolog\u00eda y Medio Ambiente","Fotorreportajes"],"inLanguage":"es"},{"@type":"WebPage","@id":"https:\/\/www.pressenza.com\/es\/2022\/09\/fridays-for-future-las-personas-no-como-comercio\/","url":"https:\/\/www.pressenza.com\/es\/2022\/09\/fridays-for-future-las-personas-no-como-comercio\/","name":"Fridays For Future, Las personas no como comercio","isPartOf":{"@id":"https:\/\/www.pressenza.com\/es\/#website"},"primaryImageOfPage":{"@id":"https:\/\/www.pressenza.com\/es\/2022\/09\/fridays-for-future-las-personas-no-como-comercio\/#primaryimage"},"image":{"@id":"https:\/\/www.pressenza.com\/es\/2022\/09\/fridays-for-future-las-personas-no-como-comercio\/#primaryimage"},"thumbnailUrl":"https:\/\/www.pressenza.com\/wp-content\/uploads\/2022\/09\/IMG_20220923_141613.png","datePublished":"2022-09-24T15:50:50+00:00","dateModified":"2022-09-28T22:16:10+00:00","description":"\"Fridays For Future\"\u00a0 Viernes por el Futuro reclama \"Las personas no como comercio\" en medio de la crisis energ\u00e9tica. El movimiento reivindica la","breadcrumb":{"@id":"https:\/\/www.pressenza.com\/es\/2022\/09\/fridays-for-future-las-personas-no-como-comercio\/#breadcrumb"},"inLanguage":"es","potentialAction":[{"@type":"ReadAction","target":["https:\/\/www.pressenza.com\/es\/2022\/09\/fridays-for-future-las-personas-no-como-comercio\/"]}]},{"@type":"ImageObject","inLanguage":"es","@id":"https:\/\/www.pressenza.com\/es\/2022\/09\/fridays-for-future-las-personas-no-como-comercio\/#primaryimage","url":"https:\/\/www.pressenza.com\/wp-content\/uploads\/2022\/09\/IMG_20220923_141613.png","contentUrl":"https:\/\/www.pressenza.com\/wp-content\/uploads\/2022\/09\/IMG_20220923_141613.png","width":1224,"height":551},{"@type":"BreadcrumbList","@id":"https:\/\/www.pressenza.com\/es\/2022\/09\/fridays-for-future-las-personas-no-como-comercio\/#breadcrumb","itemListElement":[{"@type":"ListItem","position":1,"name":"Accueil","item":"https:\/\/www.pressenza.com\/es\/"},{"@type":"ListItem","position":2,"name":"Fridays For Future, Las personas no como comercio"}]},{"@type":"WebSite","@id":"https:\/\/www.pressenza.com\/es\/#website","url":"https:\/\/www.pressenza.com\/es\/","name":"Pressenza","description":"International Press Agency","publisher":{"@id":"https:\/\/www.pressenza.com\/es\/#organization"},"potentialAction":[{"@type":"SearchAction","target":{"@type":"EntryPoint","urlTemplate":"https:\/\/www.pressenza.com\/es\/?s={search_term_string}"},"query-input":{"@type":"PropertyValueSpecification","valueRequired":true,"valueName":"search_term_string"}}],"inLanguage":"es"},{"@type":"Organization","@id":"https:\/\/www.pressenza.com\/es\/#organization","name":"Pressenza","url":"https:\/\/www.pressenza.com\/es\/","logo":{"@type":"ImageObject","inLanguage":"es","@id":"https:\/\/www.pressenza.com\/es\/#\/schema\/logo\/image\/","url":"https:\/\/www.pressenza.com\/wp-content\/uploads\/2022\/10\/pressenza_logo_200x200.jpg","contentUrl":"https:\/\/www.pressenza.com\/wp-content\/uploads\/2022\/10\/pressenza_logo_200x200.jpg","width":200,"height":200,"caption":"Pressenza"},"image":{"@id":"https:\/\/www.pressenza.com\/es\/#\/schema\/logo\/image\/"},"sameAs":["https:\/\/www.facebook.com\/PressenzaItalia","https:\/\/x.com\/PressenzaIPA"]},{"@type":"Person","@id":"https:\/\/www.pressenza.com\/es\/#\/schema\/person\/57bb5480943a496a7722b0248e4b658a","name":"Pressenza Berlin","description":"News from the Pressenza Bureau in Berlin, Germany","sameAs":["https:\/\/www.facebook.com\/Pressenza-Deutschland-sterreich-Schweiz-281675388658060\/timeline\/","https:\/\/x.com\/pressenza_ger"],"url":"https:\/\/www.pressenza.com\/es\/author\/pressenza-berlin\/"}]}},"place":"","original_article_url":"","_links":{"self":[{"href":"https:\/\/www.pressenza.com\/es\/wp-json\/wp\/v2\/posts\/1665604","targetHints":{"allow":["GET"]}}],"collection":[{"href":"https:\/\/www.pressenza.com\/es\/wp-json\/wp\/v2\/posts"}],"about":[{"href":"https:\/\/www.pressenza.com\/es\/wp-json\/wp\/v2\/types\/post"}],"author":[{"embeddable":true,"href":"https:\/\/www.pressenza.com\/es\/wp-json\/wp\/v2\/users\/1095"}],"replies":[{"embeddable":true,"href":"https:\/\/www.pressenza.com\/es\/wp-json\/wp\/v2\/comments?post=1665604"}],"version-history":[{"count":0,"href":"https:\/\/www.pressenza.com\/es\/wp-json\/wp\/v2\/posts\/1665604\/revisions"}],"wp:featuredmedia":[{"embeddable":true,"href":"https:\/\/www.pressenza.com\/es\/wp-json\/wp\/v2\/media\/1664898"}],"wp:attachment":[{"href":"https:\/\/www.pressenza.com\/es\/wp-json\/wp\/v2\/media?parent=1665604"}],"wp:term":[{"taxonomy":"category","embeddable":true,"href":"https:\/\/www.pressenza.com\/es\/wp-json\/wp\/v2\/categories?post=1665604"},{"taxonomy":"post_tag","embeddable":true,"href":"https:\/\/www.pressenza.com\/es\/wp-json\/wp\/v2\/tags?post=1665604"}],"curies":[{"name":"wp","href":"https:\/\/api.w.org\/{rel}","templated":true}]}}