{"id":1664141,"date":"2022-09-23T15:22:56","date_gmt":"2022-09-23T14:22:56","guid":{"rendered":"https:\/\/www.pressenza.com\/?p=1664141"},"modified":"2022-09-23T15:22:56","modified_gmt":"2022-09-23T14:22:56","slug":"gobierno-colombiano-inicia-la-titulacion-y-entrega-de-tierras","status":"publish","type":"post","link":"https:\/\/www.pressenza.com\/es\/2022\/09\/gobierno-colombiano-inicia-la-titulacion-y-entrega-de-tierras\/","title":{"rendered":"Gobierno colombiano inicia la titulaci\u00f3n y entrega de tierras"},"content":{"rendered":"<p><i><span style=\"font-weight: 400;\">El Ministerio de Agricultura, la Agencia de Desarrollo Rural y Agencia Nacional de Tierras iniciar\u00e1n el proceso de titulaci\u00f3n y entrega de tierras, que beneficiar\u00e1 a campesinos, comunidades ind\u00edgenas y afrocolombianos.<\/span><\/i><\/p>\n<p><span style=\"font-weight: 400;\">La ministra de Agricultura y Desarrollo Rural, Cecilia L\u00f3pez Monta\u00f1o, anunci\u00f3 este mi\u00e9rcoles que\u00a0 la primera etapa de la entrega de t\u00edtulos de tierras inici\u00f3 el 21 de septiembre y se extender\u00e1 hasta el pr\u00f3ximo 15 de noviembre. En esta fase se entregar\u00e1n\u00a0 681.372 hect\u00e1reas a campesinos, ind\u00edgenas y afros.<\/span><\/p>\n<p><span style=\"font-weight: 400;\">Gerardo Vega, director de la Agencia Nacional de Tierras (ANT) aclar\u00f3 que en la entrega de tierras se ampliar\u00e1 los territorios de los resguardos ind\u00edgenas en 297 mil hect\u00e1reas, y favorecer\u00e1 a 1.044 familias en Cauca, Putumayo, Antioquia, C\u00f3rdoba, Tolima, Risaralda, Amazonas, Huila y Vichada.\u00a0<\/span><\/p>\n<p><span style=\"font-weight: 400;\">Por su parte, los consejos comunitarios recibir\u00e1n tres titulaciones colectivas que corresponden a 2.138 hect\u00e1reas, las cuales permitir\u00e1n el sostenimiento de 310 familias. Tambi\u00e9n, estos colectivos recibir\u00e1n 23 t\u00edtulos para desarrollar proyectos de derecho p\u00fablico, es decir, solo podr\u00e1n ser destinados a la construcci\u00f3n de escuelas, centros de salud o ser empleados para el desarrollo de la comunidad.<\/span><\/p>\n<p><span style=\"font-weight: 400;\">Durante el proceso de formalizaci\u00f3n de las tierras, el gobierno colombiano, incluir\u00e1 la adjudicaci\u00f3n de 266 t\u00edtulos, correspondientes a 427 hect\u00e1reas a campesinos sin tierras, ubicados en Bol\u00edvar, C\u00f3rdoba, La Guajira, Magdalena, Sucre, Putumayo, Nari\u00f1o, Risaralda, Tolima, Antioquia, Cauca, Caldas y C\u00e9sar.<\/span><\/p>\n<p><span style=\"font-weight: 400;\">En el desarrollo de esta primera etapa, tambi\u00e9n, se formalizar\u00e1n 203 hect\u00e1reas y se restituir\u00e1n otras 210 resultado de 40 resoluciones emitidas por el \u00f3rgano judicial.<\/span><\/p>\n<p><span style=\"font-weight: 400;\">Finalmente, la ministra de la cartera de Agricultura hizo un llamado a trav\u00e9s de la emisora Caracol Radio\u00a0 \u00aba los colombianos que han propuesto la conformaci\u00f3n de grupos armados para la vigilancia de sus territorios, a no retornar a la \u00e9poca de violencia que ya vivi\u00f3 el pa\u00eds\u00bb. Y agreg\u00f3 que \u201cel\u00a0 gobierno est\u00e1 trabajando arduamente para agilizar el proceso de la titulaci\u00f3n de predios, con el fin de dar cumplimiento al proceso de paz y a su compromiso con la reforma agraria\u201d.<\/span><\/p>\n","protected":false},"excerpt":{"rendered":"<p>El Ministerio de Agricultura, la Agencia de Desarrollo Rural y Agencia Nacional de Tierras iniciar\u00e1n el proceso de titulaci\u00f3n y entrega de tierras, que beneficiar\u00e1 a campesinos, comunidades ind\u00edgenas y afrocolombianos. La ministra de Agricultura y Desarrollo Rural, Cecilia L\u00f3pez&hellip;<\/p>\n","protected":false},"author":1053,"featured_media":1664144,"comment_status":"closed","ping_status":"closed","sticky":false,"template":"","format":"standard","meta":{"footnotes":""},"categories":[11389,81,74,67],"tags":[103206,105836,30],"class_list":["post-1664141","post","type-post","status-publish","format-standard","has-post-thumbnail","hentry","category-contenido-original","category-economia-es","category-politica-es","category-sudamerica","tag-acuerdodepaz","tag-titulaciondetierras","tag-colombia"],"yoast_head":"<!-- This site is optimized with the Yoast SEO plugin v27.1.1 - https:\/\/yoast.com\/product\/yoast-seo-wordpress\/ -->\n<title>Gobierno colombiano inicia la titulaci\u00f3n y entrega de tierras<\/title>\n<meta name=\"description\" content=\"El Ministerio de Agricultura, la Agencia de Desarrollo Rural y Agencia Nacional de Tierras iniciar\u00e1n el proceso de titulaci\u00f3n y entrega de tierras, que beneficiar\u00e1 a campesinos, comunidades ind\u00edgenas y afrocolombianos.\" \/>\n<meta name=\"robots\" content=\"index, follow, max-snippet:-1, max-image-preview:large, max-video-preview:-1\" \/>\n<link rel=\"canonical\" href=\"https:\/\/www.pressenza.com\/es\/2022\/09\/gobierno-colombiano-inicia-la-titulacion-y-entrega-de-tierras\/\" \/>\n<meta property=\"og:locale\" content=\"es_ES\" \/>\n<meta property=\"og:type\" content=\"article\" \/>\n<meta property=\"og:title\" content=\"Gobierno colombiano inicia la titulaci\u00f3n y entrega de tierras\" \/>\n<meta property=\"og:description\" content=\"El Ministerio de Agricultura, la Agencia de Desarrollo Rural y Agencia Nacional de Tierras iniciar\u00e1n el proceso de titulaci\u00f3n y entrega de tierras, que beneficiar\u00e1 a campesinos, comunidades ind\u00edgenas y afrocolombianos.\" \/>\n<meta property=\"og:url\" content=\"https:\/\/www.pressenza.com\/es\/2022\/09\/gobierno-colombiano-inicia-la-titulacion-y-entrega-de-tierras\/\" \/>\n<meta property=\"og:site_name\" content=\"Pressenza\" \/>\n<meta property=\"article:publisher\" content=\"https:\/\/www.facebook.com\/PressenzaItalia\" \/>\n<meta property=\"article:published_time\" content=\"2022-09-23T14:22:56+00:00\" \/>\n<meta property=\"og:image\" content=\"https:\/\/www.pressenza.com\/wp-content\/uploads\/2022\/09\/Foto-minagricultura-rueda-de-prensa-reforma-rural-21-septiembre-2022-web.jpeg\" \/>\n\t<meta property=\"og:image:width\" content=\"1280\" \/>\n\t<meta property=\"og:image:height\" content=\"651\" \/>\n\t<meta property=\"og:image:type\" content=\"image\/jpeg\" \/>\n<meta name=\"author\" content=\"Redacci\u00f3n Colombia\" \/>\n<meta name=\"twitter:card\" content=\"summary_large_image\" \/>\n<meta name=\"twitter:creator\" content=\"@PressenzaIPA\" \/>\n<meta name=\"twitter:site\" content=\"@PressenzaIPA\" \/>\n<meta name=\"twitter:label1\" content=\"Escrito por\" \/>\n\t<meta name=\"twitter:data1\" content=\"Redacci\u00f3n Colombia\" \/>\n\t<meta name=\"twitter:label2\" content=\"Tiempo de lectura\" \/>\n\t<meta name=\"twitter:data2\" content=\"2 minutos\" \/>\n<script type=\"application\/ld+json\" class=\"yoast-schema-graph\">{\"@context\":\"https:\/\/schema.org\",\"@graph\":[{\"@type\":\"Article\",\"@id\":\"https:\/\/www.pressenza.com\/es\/2022\/09\/gobierno-colombiano-inicia-la-titulacion-y-entrega-de-tierras\/#article\",\"isPartOf\":{\"@id\":\"https:\/\/www.pressenza.com\/es\/2022\/09\/gobierno-colombiano-inicia-la-titulacion-y-entrega-de-tierras\/\"},\"author\":{\"name\":\"Redacci\u00f3n Colombia\",\"@id\":\"https:\/\/www.pressenza.com\/es\/#\/schema\/person\/7c8ee170a4502d638436c91e385315f2\"},\"headline\":\"Gobierno colombiano inicia la titulaci\u00f3n y entrega de tierras\",\"datePublished\":\"2022-09-23T14:22:56+00:00\",\"mainEntityOfPage\":{\"@id\":\"https:\/\/www.pressenza.com\/es\/2022\/09\/gobierno-colombiano-inicia-la-titulacion-y-entrega-de-tierras\/\"},\"wordCount\":371,\"publisher\":{\"@id\":\"https:\/\/www.pressenza.com\/es\/#organization\"},\"image\":{\"@id\":\"https:\/\/www.pressenza.com\/es\/2022\/09\/gobierno-colombiano-inicia-la-titulacion-y-entrega-de-tierras\/#primaryimage\"},\"thumbnailUrl\":\"https:\/\/www.pressenza.com\/wp-content\/uploads\/2022\/09\/Foto-minagricultura-rueda-de-prensa-reforma-rural-21-septiembre-2022-web.jpeg\",\"keywords\":[\"#AcuerdodePaz\",\"#Titulaci\u00f3ndetierras\",\"Colombia\"],\"articleSection\":[\"Contenido Original\",\"Econom\u00eda\",\"Pol\u00edtica\",\"Sudam\u00e9rica\"],\"inLanguage\":\"es\"},{\"@type\":\"WebPage\",\"@id\":\"https:\/\/www.pressenza.com\/es\/2022\/09\/gobierno-colombiano-inicia-la-titulacion-y-entrega-de-tierras\/\",\"url\":\"https:\/\/www.pressenza.com\/es\/2022\/09\/gobierno-colombiano-inicia-la-titulacion-y-entrega-de-tierras\/\",\"name\":\"Gobierno colombiano inicia la titulaci\u00f3n y entrega de tierras\",\"isPartOf\":{\"@id\":\"https:\/\/www.pressenza.com\/es\/#website\"},\"primaryImageOfPage\":{\"@id\":\"https:\/\/www.pressenza.com\/es\/2022\/09\/gobierno-colombiano-inicia-la-titulacion-y-entrega-de-tierras\/#primaryimage\"},\"image\":{\"@id\":\"https:\/\/www.pressenza.com\/es\/2022\/09\/gobierno-colombiano-inicia-la-titulacion-y-entrega-de-tierras\/#primaryimage\"},\"thumbnailUrl\":\"https:\/\/www.pressenza.com\/wp-content\/uploads\/2022\/09\/Foto-minagricultura-rueda-de-prensa-reforma-rural-21-septiembre-2022-web.jpeg\",\"datePublished\":\"2022-09-23T14:22:56+00:00\",\"description\":\"El Ministerio de Agricultura, la Agencia de Desarrollo Rural y Agencia Nacional de Tierras iniciar\u00e1n el proceso de titulaci\u00f3n y entrega de tierras, que beneficiar\u00e1 a campesinos, comunidades ind\u00edgenas y afrocolombianos.\",\"breadcrumb\":{\"@id\":\"https:\/\/www.pressenza.com\/es\/2022\/09\/gobierno-colombiano-inicia-la-titulacion-y-entrega-de-tierras\/#breadcrumb\"},\"inLanguage\":\"es\",\"potentialAction\":[{\"@type\":\"ReadAction\",\"target\":[\"https:\/\/www.pressenza.com\/es\/2022\/09\/gobierno-colombiano-inicia-la-titulacion-y-entrega-de-tierras\/\"]}]},{\"@type\":\"ImageObject\",\"inLanguage\":\"es\",\"@id\":\"https:\/\/www.pressenza.com\/es\/2022\/09\/gobierno-colombiano-inicia-la-titulacion-y-entrega-de-tierras\/#primaryimage\",\"url\":\"https:\/\/www.pressenza.com\/wp-content\/uploads\/2022\/09\/Foto-minagricultura-rueda-de-prensa-reforma-rural-21-septiembre-2022-web.jpeg\",\"contentUrl\":\"https:\/\/www.pressenza.com\/wp-content\/uploads\/2022\/09\/Foto-minagricultura-rueda-de-prensa-reforma-rural-21-septiembre-2022-web.jpeg\",\"width\":1280,\"height\":651,\"caption\":\"Foto: Ministerio de Agricultura\"},{\"@type\":\"BreadcrumbList\",\"@id\":\"https:\/\/www.pressenza.com\/es\/2022\/09\/gobierno-colombiano-inicia-la-titulacion-y-entrega-de-tierras\/#breadcrumb\",\"itemListElement\":[{\"@type\":\"ListItem\",\"position\":1,\"name\":\"Accueil\",\"item\":\"https:\/\/www.pressenza.com\/es\/\"},{\"@type\":\"ListItem\",\"position\":2,\"name\":\"Gobierno colombiano inicia la titulaci\u00f3n y entrega de tierras\"}]},{\"@type\":\"WebSite\",\"@id\":\"https:\/\/www.pressenza.com\/es\/#website\",\"url\":\"https:\/\/www.pressenza.com\/es\/\",\"name\":\"Pressenza\",\"description\":\"International Press Agency\",\"publisher\":{\"@id\":\"https:\/\/www.pressenza.com\/es\/#organization\"},\"potentialAction\":[{\"@type\":\"SearchAction\",\"target\":{\"@type\":\"EntryPoint\",\"urlTemplate\":\"https:\/\/www.pressenza.com\/es\/?s={search_term_string}\"},\"query-input\":{\"@type\":\"PropertyValueSpecification\",\"valueRequired\":true,\"valueName\":\"search_term_string\"}}],\"inLanguage\":\"es\"},{\"@type\":\"Organization\",\"@id\":\"https:\/\/www.pressenza.com\/es\/#organization\",\"name\":\"Pressenza\",\"url\":\"https:\/\/www.pressenza.com\/es\/\",\"logo\":{\"@type\":\"ImageObject\",\"inLanguage\":\"es\",\"@id\":\"https:\/\/www.pressenza.com\/es\/#\/schema\/logo\/image\/\",\"url\":\"https:\/\/www.pressenza.com\/wp-content\/uploads\/2022\/10\/pressenza_logo_200x200.jpg\",\"contentUrl\":\"https:\/\/www.pressenza.com\/wp-content\/uploads\/2022\/10\/pressenza_logo_200x200.jpg\",\"width\":200,\"height\":200,\"caption\":\"Pressenza\"},\"image\":{\"@id\":\"https:\/\/www.pressenza.com\/es\/#\/schema\/logo\/image\/\"},\"sameAs\":[\"https:\/\/www.facebook.com\/PressenzaItalia\",\"https:\/\/x.com\/PressenzaIPA\"]},{\"@type\":\"Person\",\"@id\":\"https:\/\/www.pressenza.com\/es\/#\/schema\/person\/7c8ee170a4502d638436c91e385315f2\",\"name\":\"Redacci\u00f3n Colombia\",\"description\":\"News published by the Pressenza bureau in Colombia\",\"url\":\"https:\/\/www.pressenza.com\/es\/author\/redaccion-colombia\/\"}]}<\/script>\n<!-- \/ Yoast SEO plugin. -->","yoast_head_json":{"title":"Gobierno colombiano inicia la titulaci\u00f3n y entrega de tierras","description":"El Ministerio de Agricultura, la Agencia de Desarrollo Rural y Agencia Nacional de Tierras iniciar\u00e1n el proceso de titulaci\u00f3n y entrega de tierras, que beneficiar\u00e1 a campesinos, comunidades ind\u00edgenas y afrocolombianos.","robots":{"index":"index","follow":"follow","max-snippet":"max-snippet:-1","max-image-preview":"max-image-preview:large","max-video-preview":"max-video-preview:-1"},"canonical":"https:\/\/www.pressenza.com\/es\/2022\/09\/gobierno-colombiano-inicia-la-titulacion-y-entrega-de-tierras\/","og_locale":"es_ES","og_type":"article","og_title":"Gobierno colombiano inicia la titulaci\u00f3n y entrega de tierras","og_description":"El Ministerio de Agricultura, la Agencia de Desarrollo Rural y Agencia Nacional de Tierras iniciar\u00e1n el proceso de titulaci\u00f3n y entrega de tierras, que beneficiar\u00e1 a campesinos, comunidades ind\u00edgenas y afrocolombianos.","og_url":"https:\/\/www.pressenza.com\/es\/2022\/09\/gobierno-colombiano-inicia-la-titulacion-y-entrega-de-tierras\/","og_site_name":"Pressenza","article_publisher":"https:\/\/www.facebook.com\/PressenzaItalia","article_published_time":"2022-09-23T14:22:56+00:00","og_image":[{"width":1280,"height":651,"url":"https:\/\/www.pressenza.com\/wp-content\/uploads\/2022\/09\/Foto-minagricultura-rueda-de-prensa-reforma-rural-21-septiembre-2022-web.jpeg","type":"image\/jpeg"}],"author":"Redacci\u00f3n Colombia","twitter_card":"summary_large_image","twitter_creator":"@PressenzaIPA","twitter_site":"@PressenzaIPA","twitter_misc":{"Escrito por":"Redacci\u00f3n Colombia","Tiempo de lectura":"2 minutos"},"schema":{"@context":"https:\/\/schema.org","@graph":[{"@type":"Article","@id":"https:\/\/www.pressenza.com\/es\/2022\/09\/gobierno-colombiano-inicia-la-titulacion-y-entrega-de-tierras\/#article","isPartOf":{"@id":"https:\/\/www.pressenza.com\/es\/2022\/09\/gobierno-colombiano-inicia-la-titulacion-y-entrega-de-tierras\/"},"author":{"name":"Redacci\u00f3n Colombia","@id":"https:\/\/www.pressenza.com\/es\/#\/schema\/person\/7c8ee170a4502d638436c91e385315f2"},"headline":"Gobierno colombiano inicia la titulaci\u00f3n y entrega de tierras","datePublished":"2022-09-23T14:22:56+00:00","mainEntityOfPage":{"@id":"https:\/\/www.pressenza.com\/es\/2022\/09\/gobierno-colombiano-inicia-la-titulacion-y-entrega-de-tierras\/"},"wordCount":371,"publisher":{"@id":"https:\/\/www.pressenza.com\/es\/#organization"},"image":{"@id":"https:\/\/www.pressenza.com\/es\/2022\/09\/gobierno-colombiano-inicia-la-titulacion-y-entrega-de-tierras\/#primaryimage"},"thumbnailUrl":"https:\/\/www.pressenza.com\/wp-content\/uploads\/2022\/09\/Foto-minagricultura-rueda-de-prensa-reforma-rural-21-septiembre-2022-web.jpeg","keywords":["#AcuerdodePaz","#Titulaci\u00f3ndetierras","Colombia"],"articleSection":["Contenido Original","Econom\u00eda","Pol\u00edtica","Sudam\u00e9rica"],"inLanguage":"es"},{"@type":"WebPage","@id":"https:\/\/www.pressenza.com\/es\/2022\/09\/gobierno-colombiano-inicia-la-titulacion-y-entrega-de-tierras\/","url":"https:\/\/www.pressenza.com\/es\/2022\/09\/gobierno-colombiano-inicia-la-titulacion-y-entrega-de-tierras\/","name":"Gobierno colombiano inicia la titulaci\u00f3n y entrega de tierras","isPartOf":{"@id":"https:\/\/www.pressenza.com\/es\/#website"},"primaryImageOfPage":{"@id":"https:\/\/www.pressenza.com\/es\/2022\/09\/gobierno-colombiano-inicia-la-titulacion-y-entrega-de-tierras\/#primaryimage"},"image":{"@id":"https:\/\/www.pressenza.com\/es\/2022\/09\/gobierno-colombiano-inicia-la-titulacion-y-entrega-de-tierras\/#primaryimage"},"thumbnailUrl":"https:\/\/www.pressenza.com\/wp-content\/uploads\/2022\/09\/Foto-minagricultura-rueda-de-prensa-reforma-rural-21-septiembre-2022-web.jpeg","datePublished":"2022-09-23T14:22:56+00:00","description":"El Ministerio de Agricultura, la Agencia de Desarrollo Rural y Agencia Nacional de Tierras iniciar\u00e1n el proceso de titulaci\u00f3n y entrega de tierras, que beneficiar\u00e1 a campesinos, comunidades ind\u00edgenas y afrocolombianos.","breadcrumb":{"@id":"https:\/\/www.pressenza.com\/es\/2022\/09\/gobierno-colombiano-inicia-la-titulacion-y-entrega-de-tierras\/#breadcrumb"},"inLanguage":"es","potentialAction":[{"@type":"ReadAction","target":["https:\/\/www.pressenza.com\/es\/2022\/09\/gobierno-colombiano-inicia-la-titulacion-y-entrega-de-tierras\/"]}]},{"@type":"ImageObject","inLanguage":"es","@id":"https:\/\/www.pressenza.com\/es\/2022\/09\/gobierno-colombiano-inicia-la-titulacion-y-entrega-de-tierras\/#primaryimage","url":"https:\/\/www.pressenza.com\/wp-content\/uploads\/2022\/09\/Foto-minagricultura-rueda-de-prensa-reforma-rural-21-septiembre-2022-web.jpeg","contentUrl":"https:\/\/www.pressenza.com\/wp-content\/uploads\/2022\/09\/Foto-minagricultura-rueda-de-prensa-reforma-rural-21-septiembre-2022-web.jpeg","width":1280,"height":651,"caption":"Foto: Ministerio de Agricultura"},{"@type":"BreadcrumbList","@id":"https:\/\/www.pressenza.com\/es\/2022\/09\/gobierno-colombiano-inicia-la-titulacion-y-entrega-de-tierras\/#breadcrumb","itemListElement":[{"@type":"ListItem","position":1,"name":"Accueil","item":"https:\/\/www.pressenza.com\/es\/"},{"@type":"ListItem","position":2,"name":"Gobierno colombiano inicia la titulaci\u00f3n y entrega de tierras"}]},{"@type":"WebSite","@id":"https:\/\/www.pressenza.com\/es\/#website","url":"https:\/\/www.pressenza.com\/es\/","name":"Pressenza","description":"International Press Agency","publisher":{"@id":"https:\/\/www.pressenza.com\/es\/#organization"},"potentialAction":[{"@type":"SearchAction","target":{"@type":"EntryPoint","urlTemplate":"https:\/\/www.pressenza.com\/es\/?s={search_term_string}"},"query-input":{"@type":"PropertyValueSpecification","valueRequired":true,"valueName":"search_term_string"}}],"inLanguage":"es"},{"@type":"Organization","@id":"https:\/\/www.pressenza.com\/es\/#organization","name":"Pressenza","url":"https:\/\/www.pressenza.com\/es\/","logo":{"@type":"ImageObject","inLanguage":"es","@id":"https:\/\/www.pressenza.com\/es\/#\/schema\/logo\/image\/","url":"https:\/\/www.pressenza.com\/wp-content\/uploads\/2022\/10\/pressenza_logo_200x200.jpg","contentUrl":"https:\/\/www.pressenza.com\/wp-content\/uploads\/2022\/10\/pressenza_logo_200x200.jpg","width":200,"height":200,"caption":"Pressenza"},"image":{"@id":"https:\/\/www.pressenza.com\/es\/#\/schema\/logo\/image\/"},"sameAs":["https:\/\/www.facebook.com\/PressenzaItalia","https:\/\/x.com\/PressenzaIPA"]},{"@type":"Person","@id":"https:\/\/www.pressenza.com\/es\/#\/schema\/person\/7c8ee170a4502d638436c91e385315f2","name":"Redacci\u00f3n Colombia","description":"News published by the Pressenza bureau in Colombia","url":"https:\/\/www.pressenza.com\/es\/author\/redaccion-colombia\/"}]}},"place":"Bogot\u00e1, Colombia","original_article_url":"","_links":{"self":[{"href":"https:\/\/www.pressenza.com\/es\/wp-json\/wp\/v2\/posts\/1664141","targetHints":{"allow":["GET"]}}],"collection":[{"href":"https:\/\/www.pressenza.com\/es\/wp-json\/wp\/v2\/posts"}],"about":[{"href":"https:\/\/www.pressenza.com\/es\/wp-json\/wp\/v2\/types\/post"}],"author":[{"embeddable":true,"href":"https:\/\/www.pressenza.com\/es\/wp-json\/wp\/v2\/users\/1053"}],"replies":[{"embeddable":true,"href":"https:\/\/www.pressenza.com\/es\/wp-json\/wp\/v2\/comments?post=1664141"}],"version-history":[{"count":0,"href":"https:\/\/www.pressenza.com\/es\/wp-json\/wp\/v2\/posts\/1664141\/revisions"}],"wp:featuredmedia":[{"embeddable":true,"href":"https:\/\/www.pressenza.com\/es\/wp-json\/wp\/v2\/media\/1664144"}],"wp:attachment":[{"href":"https:\/\/www.pressenza.com\/es\/wp-json\/wp\/v2\/media?parent=1664141"}],"wp:term":[{"taxonomy":"category","embeddable":true,"href":"https:\/\/www.pressenza.com\/es\/wp-json\/wp\/v2\/categories?post=1664141"},{"taxonomy":"post_tag","embeddable":true,"href":"https:\/\/www.pressenza.com\/es\/wp-json\/wp\/v2\/tags?post=1664141"}],"curies":[{"name":"wp","href":"https:\/\/api.w.org\/{rel}","templated":true}]}}