{"id":1663484,"date":"2022-09-22T14:32:40","date_gmt":"2022-09-22T13:32:40","guid":{"rendered":"https:\/\/www.pressenza.com\/?p=1663484"},"modified":"2022-09-22T14:32:40","modified_gmt":"2022-09-22T13:32:40","slug":"la-izquierda-chilena-despues-del-rechazo","status":"publish","type":"post","link":"https:\/\/www.pressenza.com\/es\/2022\/09\/la-izquierda-chilena-despues-del-rechazo\/","title":{"rendered":"La izquierda chilena despu\u00e9s del Rechazo"},"content":{"rendered":"<p>La izquierda tradicional, aglutinada en la Concertaci\u00f3n, y con varios a\u00f1os de gobierno, no impuls\u00f3 un proyecto propio y se consumi\u00f3 en el neoliberalismo. S\u00f3lo fue capaz de entregar respuestas puntuales a las grandes demandas ciudadanas. Termin\u00f3 aceptando la democracia restringida; un modelo productivo rentista de explotaci\u00f3n de recursos naturales; persisti\u00f3 en la pol\u00edtica de focalizaci\u00f3n social, renunciando a la redistribuci\u00f3n de la riqueza; y se comprometi\u00f3 en una apertura econ\u00f3mica radical al mundo, sin regulaciones.<\/p>\n<p>La confusi\u00f3n ideol\u00f3gica, que arrastra la izquierda chilena desde hace d\u00e9cadas, junto a la debilitada fuerza de los trabajadores, la comprometieron con el neoliberalismo. Ello contrasta con los a\u00f1os sesenta, cuando los partidos de izquierda dieron origen a la Unidad Popular y al triunfo de Salvador Allende. Se le ofreci\u00f3 al pa\u00eds un programa global de trasformaciones, respaldado por un movimiento obrero, entonces poderoso, junto a crecientes organizaciones sindicales campesinas y de capas medias. Nada de eso existe ya. Es el desaf\u00edo de la realidad. Pero la izquierda no ha sabido recomponerse ideol\u00f3gica y pol\u00edticamente para enfrentar el nuevo mundo que vivimos.<\/p>\n<p>La inexistencia de una propuesta global transformadora frente al neoliberalismo no s\u00f3lo es propia de nuestro pa\u00eds. Ha estado presente en Am\u00e9rica Latina. Tiene responsabilidad principal en el fracaso de los gobiernos autodenominados \u201csocialismo del siglo XXI\u201d, as\u00ed como en la fragilidad de los gobiernos de centroizquierda.\u00a0 Casi todos estos gobiernos se acomodaron al neoliberalismo o hicieron reformas insuficientes, incapaces de responder a las necesidades econ\u00f3micas y a las desigualdades sociales. M\u00e1s grave a\u00fan fue la alianza de gobernantes y pol\u00edticos supuestamente progresistas con el mundo empresarial y la aceptaci\u00f3n de sus pr\u00e1cticas corruptas.<\/p>\n<p>As\u00ed las cosas, la ciudadan\u00eda en los pa\u00edses de la regi\u00f3n dej\u00f3 de distinguir la l\u00ednea divisoria entre izquierdas y derechas. En el caso particular de Chile no s\u00f3lo se vivi\u00f3 la apabullante derrota del candidato Guillier ante Pi\u00f1era, sino que surgi\u00f3 la potente rebeli\u00f3n social del 18 de octubre del 2019. Es la sorprendente liquidez de la pol\u00edtica, propia del mundo contempor\u00e1neo.<\/p>\n<p><img loading=\"lazy\" decoding=\"async\" class=\"alignnone wp-image-1663495 size-full\" src=\"https:\/\/www.pressenza.com\/wp-content\/uploads\/2022\/09\/image-194.png\" alt=\"\" width=\"854\" height=\"472\" srcset=\"https:\/\/www.pressenza.com\/wp-content\/uploads\/2022\/09\/image-194.png 854w, https:\/\/www.pressenza.com\/wp-content\/uploads\/2022\/09\/image-194-300x166.png 300w, https:\/\/www.pressenza.com\/wp-content\/uploads\/2022\/09\/image-194-820x453.png 820w\" sizes=\"auto, (max-width: 854px) 100vw, 854px\" \/><\/p>\n<p>En torno a las protestas del 18-O emergieron con fuerza los movimientos emancipatorios identitarios, pero ellos por s\u00ed solos son insuficientes para terminar con el neoliberalismo. En efecto, para que las reivindicaciones medioambientalistas, feministas, de las disidencias sexuales, pensionados, sector informal, los sin casa, ind\u00edgenas y regionalistas, puedan tener \u00e9xito en sus demandas identitarias, necesitan articularse en una estrategia global transformadora que, al mismo tiempo, coincida con las demandas de los trabajadores. Por ello era tan importante una Nueva Constituci\u00f3n (NC).<\/p>\n<p>La NC le entregar\u00eda a la sociedad chilena nuevas reglas de convivencia, con el t\u00e9rmino del Estado subsidiario, un distinto modelo productivo, regionalizaci\u00f3n efectiva, una nueva concepci\u00f3n de inserci\u00f3n internacional, junto a nuevas relaciones entre empresarios y trabajadores, paridad feminista y valoraci\u00f3n medioambiental. Y, en el plano social instalaba derechos universales en educaci\u00f3n, salud y seguridad social.\u00a0 La NC era, en realidad, una nueva estrategia para el desarrollo de Chile.<\/p>\n<p>Con esa estrategia de desarrollo, contenida en la NC, la nueva generaci\u00f3n, que conquist\u00f3 el gobierno, podr\u00eda dar los primeros pasos para derrotar el neoliberalismo. El programa propuesto por Boric es un avance sustantivo respecto de los gobiernos de la Concertaci\u00f3n y, ciertamente, dif\u00edcil de implementar. Necesita sostenerse en un proyecto transformador de largo plazo. No bastaba con alcanzar el gobierno; se requer\u00eda una NC, la que entregar\u00eda herramientas para modificar las reglas del juego que instal\u00f3 la Constituci\u00f3n del 80 y que han servido para multiplicar el poder de la oligarqu\u00eda econ\u00f3mica y pol\u00edtica. Por eso la NC dol\u00eda tanto a los grupos econ\u00f3micos y al Partido del Orden.<\/p>\n<p><img loading=\"lazy\" decoding=\"async\" class=\"alignnone wp-image-1663505 size-full\" src=\"https:\/\/www.pressenza.com\/wp-content\/uploads\/2022\/09\/image-193.png\" alt=\"\" width=\"884\" height=\"492\" srcset=\"https:\/\/www.pressenza.com\/wp-content\/uploads\/2022\/09\/image-193.png 884w, https:\/\/www.pressenza.com\/wp-content\/uploads\/2022\/09\/image-193-300x167.png 300w, https:\/\/www.pressenza.com\/wp-content\/uploads\/2022\/09\/image-193-820x456.png 820w\" sizes=\"auto, (max-width: 884px) 100vw, 884px\" \/><\/p>\n<p>Con la derrota de la NC, se ha fortalecido la derecha y el centro pol\u00edtico, disfrazado de amarillo. La izquierda que quiere las transformaciones se encuentra con limitada fuerza social y evidente dispersi\u00f3n partidaria. Y al gobierno ciertamente le resultar\u00e1n m\u00e1s dif\u00edciles los cambios comprometidos \u00a0\u00a0ante la ciudadan\u00eda.<\/p>\n<p>El desaf\u00edo para perseverar en un nuevo proceso constituyente es m\u00e1s complejo. Tambi\u00e9n lo es empujar el programa de transformaciones del gobierno y perseverar en la lucha contra el neoliberalismo, acorde con las demandas que dieron origen al 18-O.<\/p>\n<p>Para avanzar en esas direcciones la izquierda tiene tareas ineludibles, como favorecer la articulaci\u00f3n de los movimientos identitarios con las demandas y derechos postergadas de quienes viven de su trabajo asalariado. Esa articulaci\u00f3n es la que puede dar fuerza al gobierno para cumplir con su programa de cambios.<\/p>\n<p>Apruebo Dignidad (AD), est\u00e1 desafiada a potenciar sus org\u00e1nicas partidarias, y actuar con una sola voz ante el Gobierno y la sociedad. Deber\u00e1 terminar con la dispersi\u00f3n y el fraccionalismo si quiere presentarse con fuerza frente a la derecha, ratificando su compromiso inclaudicable con las transformaciones junto a los representantes del \u201csocialismo democr\u00e1tico\u201d en el gobierno.<\/p>\n<p><img loading=\"lazy\" decoding=\"async\" class=\"alignnone wp-image-1663515 size-full\" src=\"https:\/\/www.pressenza.com\/wp-content\/uploads\/2022\/09\/image-192.png\" alt=\"\" width=\"884\" height=\"442\" srcset=\"https:\/\/www.pressenza.com\/wp-content\/uploads\/2022\/09\/image-192.png 884w, https:\/\/www.pressenza.com\/wp-content\/uploads\/2022\/09\/image-192-300x150.png 300w, https:\/\/www.pressenza.com\/wp-content\/uploads\/2022\/09\/image-192-820x410.png 820w\" sizes=\"auto, (max-width: 884px) 100vw, 884px\" \/><\/p>\n<p>Un desaf\u00edo mayor, con retrasos evidentes, es abordar la implacable concentraci\u00f3n de los medios de comunicaci\u00f3n en poder de los grandes grupos econ\u00f3micos. La desigualdad informativa, m\u00e1s que incidente en el reciente plebiscito, con la difusi\u00f3n habitual de mentiras, no por habitual es tolerable en una convivencia democr\u00e1tica. El futuro para los cambios es oscuro si no se equilibra el poder medi\u00e1tico de la TV, radios y medios escritos. La incidencia de las redes sociales y el mayor acceso a ellas es un factor relevante pero no permite omitir la influencia del gran poder medi\u00e1tico.<\/p>\n<p>Finalmente, es un desaf\u00edo pendiente abordar con rigor el comportamiento pol\u00edtico de esos cuatro millones de votantes que, en su gran mayor\u00eda, optaron por el rechazo. Sin educaci\u00f3n c\u00edvica en las escuelas y con el individualismo instalado en la sociedad, la conversaci\u00f3n democr\u00e1tica crece en exigencias para demostrar a esos nuevos votantes que la sociedad chilena requiere de cambios sustantivos y que ellos est\u00e1n destinados a favorecer sus intereses.<\/p>\n","protected":false},"excerpt":{"rendered":"<p>La izquierda tradicional, aglutinada en la Concertaci\u00f3n, y con varios a\u00f1os de gobierno, no impuls\u00f3 un proyecto propio y se consumi\u00f3 en el neoliberalismo. S\u00f3lo fue capaz de entregar respuestas puntuales a las grandes demandas ciudadanas. Termin\u00f3 aceptando la democracia&hellip;<\/p>\n","protected":false},"author":1451,"featured_media":1663485,"comment_status":"closed","ping_status":"closed","sticky":false,"template":"","format":"standard","meta":{"footnotes":""},"categories":[11389,161,74],"tags":[29,52439,104555,1344],"class_list":["post-1663484","post","type-post","status-publish","format-standard","has-post-thumbnail","hentry","category-contenido-original","category-opiniones","category-politica-es","tag-chile","tag-izquierdas","tag-opcion-rechazo","tag-plebiscito"],"yoast_head":"<!-- This site is optimized with the Yoast SEO plugin v27.1.1 - https:\/\/yoast.com\/product\/yoast-seo-wordpress\/ -->\n<title>La izquierda chilena despu\u00e9s del Rechazo<\/title>\n<meta name=\"description\" content=\"La izquierda tradicional, aglutinada en la Concertaci\u00f3n, y con varios a\u00f1os de gobierno, no impuls\u00f3 un proyecto propio y se consumi\u00f3 en el neoliberalismo.\" \/>\n<meta name=\"robots\" content=\"index, follow, max-snippet:-1, max-image-preview:large, max-video-preview:-1\" \/>\n<link rel=\"canonical\" href=\"https:\/\/www.pressenza.com\/es\/2022\/09\/la-izquierda-chilena-despues-del-rechazo\/\" \/>\n<meta property=\"og:locale\" content=\"es_ES\" \/>\n<meta property=\"og:type\" content=\"article\" \/>\n<meta property=\"og:title\" content=\"La izquierda chilena despu\u00e9s del Rechazo\" \/>\n<meta property=\"og:description\" content=\"La izquierda tradicional, aglutinada en la Concertaci\u00f3n, y con varios a\u00f1os de gobierno, no impuls\u00f3 un proyecto propio y se consumi\u00f3 en el neoliberalismo.\" \/>\n<meta property=\"og:url\" content=\"https:\/\/www.pressenza.com\/es\/2022\/09\/la-izquierda-chilena-despues-del-rechazo\/\" \/>\n<meta property=\"og:site_name\" content=\"Pressenza\" \/>\n<meta property=\"article:publisher\" content=\"https:\/\/www.facebook.com\/PressenzaItalia\" \/>\n<meta property=\"article:published_time\" content=\"2022-09-22T13:32:40+00:00\" \/>\n<meta property=\"og:image\" content=\"https:\/\/www.pressenza.com\/wp-content\/uploads\/2022\/09\/La-izquierda-despue\u0301s-del-Rechazo-1170x731-1.jpg\" \/>\n\t<meta property=\"og:image:width\" content=\"1170\" \/>\n\t<meta property=\"og:image:height\" content=\"731\" \/>\n\t<meta property=\"og:image:type\" content=\"image\/jpeg\" \/>\n<meta name=\"author\" content=\"Roberto Pizarro\" \/>\n<meta name=\"twitter:card\" content=\"summary_large_image\" \/>\n<meta name=\"twitter:creator\" content=\"@PressenzaIPA\" \/>\n<meta name=\"twitter:site\" content=\"@PressenzaIPA\" \/>\n<meta name=\"twitter:label1\" content=\"Escrito por\" \/>\n\t<meta name=\"twitter:data1\" content=\"Roberto Pizarro\" \/>\n\t<meta name=\"twitter:label2\" content=\"Tiempo de lectura\" \/>\n\t<meta name=\"twitter:data2\" content=\"5 minutos\" \/>\n<script type=\"application\/ld+json\" class=\"yoast-schema-graph\">{\"@context\":\"https:\/\/schema.org\",\"@graph\":[{\"@type\":\"Article\",\"@id\":\"https:\/\/www.pressenza.com\/es\/2022\/09\/la-izquierda-chilena-despues-del-rechazo\/#article\",\"isPartOf\":{\"@id\":\"https:\/\/www.pressenza.com\/es\/2022\/09\/la-izquierda-chilena-despues-del-rechazo\/\"},\"author\":{\"name\":\"Roberto Pizarro\",\"@id\":\"https:\/\/www.pressenza.com\/es\/#\/schema\/person\/622524797ea4e3bf162461cbc6b81e29\"},\"headline\":\"La izquierda chilena despu\u00e9s del Rechazo\",\"datePublished\":\"2022-09-22T13:32:40+00:00\",\"mainEntityOfPage\":{\"@id\":\"https:\/\/www.pressenza.com\/es\/2022\/09\/la-izquierda-chilena-despues-del-rechazo\/\"},\"wordCount\":1041,\"publisher\":{\"@id\":\"https:\/\/www.pressenza.com\/es\/#organization\"},\"image\":{\"@id\":\"https:\/\/www.pressenza.com\/es\/2022\/09\/la-izquierda-chilena-despues-del-rechazo\/#primaryimage\"},\"thumbnailUrl\":\"https:\/\/www.pressenza.com\/wp-content\/uploads\/2022\/09\/La-izquierda-despue\u0301s-del-Rechazo-1170x731-1.jpg\",\"keywords\":[\"Chile\",\"izquierdas\",\"Opci\u00f3n Rechazo\",\"Plebiscito\"],\"articleSection\":[\"Contenido Original\",\"Opiniones\",\"Pol\u00edtica\"],\"inLanguage\":\"es\"},{\"@type\":\"WebPage\",\"@id\":\"https:\/\/www.pressenza.com\/es\/2022\/09\/la-izquierda-chilena-despues-del-rechazo\/\",\"url\":\"https:\/\/www.pressenza.com\/es\/2022\/09\/la-izquierda-chilena-despues-del-rechazo\/\",\"name\":\"La izquierda chilena despu\u00e9s del Rechazo\",\"isPartOf\":{\"@id\":\"https:\/\/www.pressenza.com\/es\/#website\"},\"primaryImageOfPage\":{\"@id\":\"https:\/\/www.pressenza.com\/es\/2022\/09\/la-izquierda-chilena-despues-del-rechazo\/#primaryimage\"},\"image\":{\"@id\":\"https:\/\/www.pressenza.com\/es\/2022\/09\/la-izquierda-chilena-despues-del-rechazo\/#primaryimage\"},\"thumbnailUrl\":\"https:\/\/www.pressenza.com\/wp-content\/uploads\/2022\/09\/La-izquierda-despue\u0301s-del-Rechazo-1170x731-1.jpg\",\"datePublished\":\"2022-09-22T13:32:40+00:00\",\"description\":\"La izquierda tradicional, aglutinada en la Concertaci\u00f3n, y con varios a\u00f1os de gobierno, no impuls\u00f3 un proyecto propio y se consumi\u00f3 en el neoliberalismo.\",\"breadcrumb\":{\"@id\":\"https:\/\/www.pressenza.com\/es\/2022\/09\/la-izquierda-chilena-despues-del-rechazo\/#breadcrumb\"},\"inLanguage\":\"es\",\"potentialAction\":[{\"@type\":\"ReadAction\",\"target\":[\"https:\/\/www.pressenza.com\/es\/2022\/09\/la-izquierda-chilena-despues-del-rechazo\/\"]}]},{\"@type\":\"ImageObject\",\"inLanguage\":\"es\",\"@id\":\"https:\/\/www.pressenza.com\/es\/2022\/09\/la-izquierda-chilena-despues-del-rechazo\/#primaryimage\",\"url\":\"https:\/\/www.pressenza.com\/wp-content\/uploads\/2022\/09\/La-izquierda-despue\u0301s-del-Rechazo-1170x731-1.jpg\",\"contentUrl\":\"https:\/\/www.pressenza.com\/wp-content\/uploads\/2022\/09\/La-izquierda-despue\u0301s-del-Rechazo-1170x731-1.jpg\",\"width\":1170,\"height\":731,\"caption\":\"lamiradasemanal.cl\"},{\"@type\":\"BreadcrumbList\",\"@id\":\"https:\/\/www.pressenza.com\/es\/2022\/09\/la-izquierda-chilena-despues-del-rechazo\/#breadcrumb\",\"itemListElement\":[{\"@type\":\"ListItem\",\"position\":1,\"name\":\"Accueil\",\"item\":\"https:\/\/www.pressenza.com\/es\/\"},{\"@type\":\"ListItem\",\"position\":2,\"name\":\"La izquierda chilena despu\u00e9s del Rechazo\"}]},{\"@type\":\"WebSite\",\"@id\":\"https:\/\/www.pressenza.com\/es\/#website\",\"url\":\"https:\/\/www.pressenza.com\/es\/\",\"name\":\"Pressenza\",\"description\":\"International Press Agency\",\"publisher\":{\"@id\":\"https:\/\/www.pressenza.com\/es\/#organization\"},\"potentialAction\":[{\"@type\":\"SearchAction\",\"target\":{\"@type\":\"EntryPoint\",\"urlTemplate\":\"https:\/\/www.pressenza.com\/es\/?s={search_term_string}\"},\"query-input\":{\"@type\":\"PropertyValueSpecification\",\"valueRequired\":true,\"valueName\":\"search_term_string\"}}],\"inLanguage\":\"es\"},{\"@type\":\"Organization\",\"@id\":\"https:\/\/www.pressenza.com\/es\/#organization\",\"name\":\"Pressenza\",\"url\":\"https:\/\/www.pressenza.com\/es\/\",\"logo\":{\"@type\":\"ImageObject\",\"inLanguage\":\"es\",\"@id\":\"https:\/\/www.pressenza.com\/es\/#\/schema\/logo\/image\/\",\"url\":\"https:\/\/www.pressenza.com\/wp-content\/uploads\/2022\/10\/pressenza_logo_200x200.jpg\",\"contentUrl\":\"https:\/\/www.pressenza.com\/wp-content\/uploads\/2022\/10\/pressenza_logo_200x200.jpg\",\"width\":200,\"height\":200,\"caption\":\"Pressenza\"},\"image\":{\"@id\":\"https:\/\/www.pressenza.com\/es\/#\/schema\/logo\/image\/\"},\"sameAs\":[\"https:\/\/www.facebook.com\/PressenzaItalia\",\"https:\/\/x.com\/PressenzaIPA\"]},{\"@type\":\"Person\",\"@id\":\"https:\/\/www.pressenza.com\/es\/#\/schema\/person\/622524797ea4e3bf162461cbc6b81e29\",\"name\":\"Roberto Pizarro\",\"url\":\"https:\/\/www.pressenza.com\/es\/author\/roberto-pizarro\/\"}]}<\/script>\n<!-- \/ Yoast SEO plugin. -->","yoast_head_json":{"title":"La izquierda chilena despu\u00e9s del Rechazo","description":"La izquierda tradicional, aglutinada en la Concertaci\u00f3n, y con varios a\u00f1os de gobierno, no impuls\u00f3 un proyecto propio y se consumi\u00f3 en el neoliberalismo.","robots":{"index":"index","follow":"follow","max-snippet":"max-snippet:-1","max-image-preview":"max-image-preview:large","max-video-preview":"max-video-preview:-1"},"canonical":"https:\/\/www.pressenza.com\/es\/2022\/09\/la-izquierda-chilena-despues-del-rechazo\/","og_locale":"es_ES","og_type":"article","og_title":"La izquierda chilena despu\u00e9s del Rechazo","og_description":"La izquierda tradicional, aglutinada en la Concertaci\u00f3n, y con varios a\u00f1os de gobierno, no impuls\u00f3 un proyecto propio y se consumi\u00f3 en el neoliberalismo.","og_url":"https:\/\/www.pressenza.com\/es\/2022\/09\/la-izquierda-chilena-despues-del-rechazo\/","og_site_name":"Pressenza","article_publisher":"https:\/\/www.facebook.com\/PressenzaItalia","article_published_time":"2022-09-22T13:32:40+00:00","og_image":[{"width":1170,"height":731,"url":"https:\/\/www.pressenza.com\/wp-content\/uploads\/2022\/09\/La-izquierda-despue\u0301s-del-Rechazo-1170x731-1.jpg","type":"image\/jpeg"}],"author":"Roberto Pizarro","twitter_card":"summary_large_image","twitter_creator":"@PressenzaIPA","twitter_site":"@PressenzaIPA","twitter_misc":{"Escrito por":"Roberto Pizarro","Tiempo de lectura":"5 minutos"},"schema":{"@context":"https:\/\/schema.org","@graph":[{"@type":"Article","@id":"https:\/\/www.pressenza.com\/es\/2022\/09\/la-izquierda-chilena-despues-del-rechazo\/#article","isPartOf":{"@id":"https:\/\/www.pressenza.com\/es\/2022\/09\/la-izquierda-chilena-despues-del-rechazo\/"},"author":{"name":"Roberto Pizarro","@id":"https:\/\/www.pressenza.com\/es\/#\/schema\/person\/622524797ea4e3bf162461cbc6b81e29"},"headline":"La izquierda chilena despu\u00e9s del Rechazo","datePublished":"2022-09-22T13:32:40+00:00","mainEntityOfPage":{"@id":"https:\/\/www.pressenza.com\/es\/2022\/09\/la-izquierda-chilena-despues-del-rechazo\/"},"wordCount":1041,"publisher":{"@id":"https:\/\/www.pressenza.com\/es\/#organization"},"image":{"@id":"https:\/\/www.pressenza.com\/es\/2022\/09\/la-izquierda-chilena-despues-del-rechazo\/#primaryimage"},"thumbnailUrl":"https:\/\/www.pressenza.com\/wp-content\/uploads\/2022\/09\/La-izquierda-despue\u0301s-del-Rechazo-1170x731-1.jpg","keywords":["Chile","izquierdas","Opci\u00f3n Rechazo","Plebiscito"],"articleSection":["Contenido Original","Opiniones","Pol\u00edtica"],"inLanguage":"es"},{"@type":"WebPage","@id":"https:\/\/www.pressenza.com\/es\/2022\/09\/la-izquierda-chilena-despues-del-rechazo\/","url":"https:\/\/www.pressenza.com\/es\/2022\/09\/la-izquierda-chilena-despues-del-rechazo\/","name":"La izquierda chilena despu\u00e9s del Rechazo","isPartOf":{"@id":"https:\/\/www.pressenza.com\/es\/#website"},"primaryImageOfPage":{"@id":"https:\/\/www.pressenza.com\/es\/2022\/09\/la-izquierda-chilena-despues-del-rechazo\/#primaryimage"},"image":{"@id":"https:\/\/www.pressenza.com\/es\/2022\/09\/la-izquierda-chilena-despues-del-rechazo\/#primaryimage"},"thumbnailUrl":"https:\/\/www.pressenza.com\/wp-content\/uploads\/2022\/09\/La-izquierda-despue\u0301s-del-Rechazo-1170x731-1.jpg","datePublished":"2022-09-22T13:32:40+00:00","description":"La izquierda tradicional, aglutinada en la Concertaci\u00f3n, y con varios a\u00f1os de gobierno, no impuls\u00f3 un proyecto propio y se consumi\u00f3 en el neoliberalismo.","breadcrumb":{"@id":"https:\/\/www.pressenza.com\/es\/2022\/09\/la-izquierda-chilena-despues-del-rechazo\/#breadcrumb"},"inLanguage":"es","potentialAction":[{"@type":"ReadAction","target":["https:\/\/www.pressenza.com\/es\/2022\/09\/la-izquierda-chilena-despues-del-rechazo\/"]}]},{"@type":"ImageObject","inLanguage":"es","@id":"https:\/\/www.pressenza.com\/es\/2022\/09\/la-izquierda-chilena-despues-del-rechazo\/#primaryimage","url":"https:\/\/www.pressenza.com\/wp-content\/uploads\/2022\/09\/La-izquierda-despue\u0301s-del-Rechazo-1170x731-1.jpg","contentUrl":"https:\/\/www.pressenza.com\/wp-content\/uploads\/2022\/09\/La-izquierda-despue\u0301s-del-Rechazo-1170x731-1.jpg","width":1170,"height":731,"caption":"lamiradasemanal.cl"},{"@type":"BreadcrumbList","@id":"https:\/\/www.pressenza.com\/es\/2022\/09\/la-izquierda-chilena-despues-del-rechazo\/#breadcrumb","itemListElement":[{"@type":"ListItem","position":1,"name":"Accueil","item":"https:\/\/www.pressenza.com\/es\/"},{"@type":"ListItem","position":2,"name":"La izquierda chilena despu\u00e9s del Rechazo"}]},{"@type":"WebSite","@id":"https:\/\/www.pressenza.com\/es\/#website","url":"https:\/\/www.pressenza.com\/es\/","name":"Pressenza","description":"International Press Agency","publisher":{"@id":"https:\/\/www.pressenza.com\/es\/#organization"},"potentialAction":[{"@type":"SearchAction","target":{"@type":"EntryPoint","urlTemplate":"https:\/\/www.pressenza.com\/es\/?s={search_term_string}"},"query-input":{"@type":"PropertyValueSpecification","valueRequired":true,"valueName":"search_term_string"}}],"inLanguage":"es"},{"@type":"Organization","@id":"https:\/\/www.pressenza.com\/es\/#organization","name":"Pressenza","url":"https:\/\/www.pressenza.com\/es\/","logo":{"@type":"ImageObject","inLanguage":"es","@id":"https:\/\/www.pressenza.com\/es\/#\/schema\/logo\/image\/","url":"https:\/\/www.pressenza.com\/wp-content\/uploads\/2022\/10\/pressenza_logo_200x200.jpg","contentUrl":"https:\/\/www.pressenza.com\/wp-content\/uploads\/2022\/10\/pressenza_logo_200x200.jpg","width":200,"height":200,"caption":"Pressenza"},"image":{"@id":"https:\/\/www.pressenza.com\/es\/#\/schema\/logo\/image\/"},"sameAs":["https:\/\/www.facebook.com\/PressenzaItalia","https:\/\/x.com\/PressenzaIPA"]},{"@type":"Person","@id":"https:\/\/www.pressenza.com\/es\/#\/schema\/person\/622524797ea4e3bf162461cbc6b81e29","name":"Roberto Pizarro","url":"https:\/\/www.pressenza.com\/es\/author\/roberto-pizarro\/"}]}},"place":"Santiago de Chile","original_article_url":"","_links":{"self":[{"href":"https:\/\/www.pressenza.com\/es\/wp-json\/wp\/v2\/posts\/1663484","targetHints":{"allow":["GET"]}}],"collection":[{"href":"https:\/\/www.pressenza.com\/es\/wp-json\/wp\/v2\/posts"}],"about":[{"href":"https:\/\/www.pressenza.com\/es\/wp-json\/wp\/v2\/types\/post"}],"author":[{"embeddable":true,"href":"https:\/\/www.pressenza.com\/es\/wp-json\/wp\/v2\/users\/1451"}],"replies":[{"embeddable":true,"href":"https:\/\/www.pressenza.com\/es\/wp-json\/wp\/v2\/comments?post=1663484"}],"version-history":[{"count":0,"href":"https:\/\/www.pressenza.com\/es\/wp-json\/wp\/v2\/posts\/1663484\/revisions"}],"wp:featuredmedia":[{"embeddable":true,"href":"https:\/\/www.pressenza.com\/es\/wp-json\/wp\/v2\/media\/1663485"}],"wp:attachment":[{"href":"https:\/\/www.pressenza.com\/es\/wp-json\/wp\/v2\/media?parent=1663484"}],"wp:term":[{"taxonomy":"category","embeddable":true,"href":"https:\/\/www.pressenza.com\/es\/wp-json\/wp\/v2\/categories?post=1663484"},{"taxonomy":"post_tag","embeddable":true,"href":"https:\/\/www.pressenza.com\/es\/wp-json\/wp\/v2\/tags?post=1663484"}],"curies":[{"name":"wp","href":"https:\/\/api.w.org\/{rel}","templated":true}]}}