{"id":1663010,"date":"2022-09-26T15:00:44","date_gmt":"2022-09-26T14:00:44","guid":{"rendered":"https:\/\/www.pressenza.com\/?p=1663010"},"modified":"2022-09-26T15:00:44","modified_gmt":"2022-09-26T14:00:44","slug":"el-precio-de-una-vida","status":"publish","type":"post","link":"https:\/\/www.pressenza.com\/es\/2022\/09\/el-precio-de-una-vida\/","title":{"rendered":"El precio de una vida"},"content":{"rendered":"<p>Desde los antiguos fil\u00f3sofos y pensadores griegos hasta los modernas teor\u00edas humanistas, pasando por el cristianismo y todos los \u00edsmos religiosos o no, la vida humana, su existencia sobre la tierra, se ha tendido a proteger, si bien que ret\u00f3ricamente, sobre todas las dem\u00e1s consideraciones (no ser\u00e9 yo quien lo critique), si bien en la pr\u00e1ctica real esa vida humana ha valido bien poco: de todas las vidas perdidas en el mundo cada d\u00eda, m\u00e1s del 40% son por agentes provocados: guerras, aplicaci\u00f3n de pol\u00edticas por intereses econ\u00f3micos, masacres, atentados, asesinatos\u2026 o simple desprecio por la existencia humana en ciertos casos, y no precisamente por motivos naturales.<\/p>\n<p>Esa es la farisea circunstancia que el tambi\u00e9n humano cinismo intenta ignorar, disimular, esconder, e incluso, a veces, hasta tratar de explicar en contra de toda l\u00f3gica y sentido com\u00fan\u2026 Entre lo \u201c<em>sagrado de la vida humana<\/em>\u201d y\/o el interesado valor estrat\u00e9gico de esa misma vida humana, la reconocida realidad es que hay un abismo dif\u00edcilmente explicable.<\/p>\n<p>Resulta l\u00edcito preguntarse en una sociedad \u2013 la nuestra \u2013 donde la vida del hombre ha cotizado como un valor en alza por el hecho de que una vida es un voto (reconozc\u00e1moslo de una pu\u00f1etera vez) y un productor de algo que se vende, que, si as\u00ed no lo fuera, la cultura judeocristiana le hubiera reservado el est\u00e1ndar que tiene dentro de las legislaturas de las naciones occidentales\u2026 En la edad media, por poner un simple ejemplo, el valor de esas vidas estaban en funci\u00f3n a si mor\u00edan de la peste, la explotaci\u00f3n por el se\u00f1or medieval de turno, o en las sacrosantas cruzadas. Esas vidas truncadas ten\u00edan un precio seg\u00fan el inter\u00e9s establecido por los que entonces mangoneaban, y en funci\u00f3n de los motivos de sus mangoneos y sus r\u00e9ditos.<\/p>\n<p>Hoy, todo eso se considera ya superado\u2026 Hemos evolucionado, nos decimos a nosotros mismos. De acuerdo, aunque para nuestro \u201cnosotros\u201d profundo no tenga el mismo valor la vida de un ni\u00f1o sirio que la de un ni\u00f1o ucraniano. Reconozc\u00e1moslo. Y seguimos sacrificando vidas en guerras, conflictos, luchas y revueltas, sublimin\u00e1ndolas en nombre de ideales, o ideolog\u00edas, o lo que pu\u00f1etas sean, cuando en realidad son en nombre de jodidos intereses pol\u00edtico-econ\u00f3micos o de pura influencia de poder. Y pueden llegar a ser hasta h\u00e9roes los ca\u00eddos, o tambi\u00e9n verdugos, o m\u00e1rtires, invasores, defensores, soldados, asesinos, \u00e1ngeles o demonios\u2026 D\u00e1 igual el t\u00edtulo. Son vidas disponibles que se sacrifican por cualquier causa determinada y las que pueden etiquetarse de noble o de ru\u00edn, lo sea o no lo sea\u2026 \u00bfes ese su valor real?..<\/p>\n<p>Sin embargo, la propia ciencia, la medicina, que tambi\u00e9n se justifica a s\u00ed misma como que est\u00e1 para salvar vidas humanas (y tampoco dir\u00e9 yo que no), a veces pone tambi\u00e9n en evidencia tal concepto, y quienes la mantienen al menos, plantean lo que se ha venido en llamar una duda razonable\u2026 Pongo un ejemplo reciente y real: acaba de salir un f\u00e1rmaco que trata una rara enfermedad mortal. Es el Libmeldy, de la farmac\u00e9utica brit\u00e1nica Orchard Therapeutics, y sirve para hacer frente a la leucodistrofia metacrom\u00e1tica, una terrible enfermedad gen\u00e9tica que detiene el desarrollo de los ni\u00f1os, con frecuencia al cumplir los tres a\u00f1icos, y que es letal al destruir las conexiones neuronales. Por dar un dato, cada a\u00f1o nacen en Espa\u00f1a alrededor de cuatro cr\u00edos con esa enfermedad.<\/p>\n<p>La cuesti\u00f3n es que ese f\u00e1rmaco se considera el m\u00e1s caro del mundo. Cada dosis cuesta 2,5 millones de euros para cualquier sistema sanitario que quiera adquirirlo para salvar esas vidas\u2026 \u00bfo habr\u00e1 que decir para comprar esas vidas?.. \u00bfO acaso no habr\u00e1 disponible para salvarlas todas?.. Porque el tratamiento no se basa en una sola dosis\u2026 As\u00ed que, \u00bfcu\u00e1les se salvar\u00e1n y cu\u00e1les se dejar\u00e1n morir?.. \u00bfo, ante tal dilema moral, se terminar\u00e1 por no tener que elegir y optar por el siempre v\u00e1lido remiendo moral de \u201c<em>que sea lo que Dios quiera<\/em>\u201d?.. Y la pregunta del mill\u00f3n: \u00bfc\u00f3mo se act\u00faa en conciencia cuando hay que decidir?.. Y, sobre todo, \u00bfqui\u00e9n pone precio a esa decisi\u00f3n y a esa vida?..<\/p>\n<p>Porque, al final, nos repugne o no, resulta que a las vidas humanas se nos tiene puesto un precio, por mucho que se nos diga que esa vida humana no tiene precio. Las religiones, los pol\u00edticos, las oligarqu\u00edas, las financieras, los que viven de dorarnos la p\u00edldora para que a ellos nos les falten las suyas, nos pueden vender la idea de nuestro incalculable y sagrado valor de seres humanos, pero, a la hora de la verdad, es que no es as\u00ed. Que hay vidas que valen m\u00e1s que otras, y que, en definitiva, todas se ajustan a seg\u00fan qu\u00e9 intereses.<\/p>\n<p>Que nuestra propia especie humana ha puesto un precio a las cosas, incluido a nosotros mismos, es lo \u00fanico cierto\u2026 Gracias a Dios, de momento es a nuestra presencia, y no a nuestra esencia (eso es lo que yo creo, claro), aunque muchos de ellos, y de nosotros, y de esos que est\u00e1n all\u00ed y estos que est\u00e1n aqu\u00ed, hayamos vendido tambi\u00e9n nuestra alma al diablo\u2026 Es que esa es otra, amigos m\u00edos, esa es otra\u2026<\/p>\n","protected":false},"excerpt":{"rendered":"<p>Desde los antiguos fil\u00f3sofos y pensadores griegos hasta los modernas teor\u00edas humanistas, pasando por el cristianismo y todos los \u00edsmos religiosos o no, la vida humana, su existencia sobre la tierra, se ha tendido a proteger, si bien que ret\u00f3ricamente,&hellip;<\/p>\n","protected":false},"author":2195,"featured_media":1665072,"comment_status":"closed","ping_status":"closed","sticky":false,"template":"","format":"standard","meta":{"footnotes":""},"categories":[66,161,1239],"tags":[105846],"class_list":["post-1663010","post","type-post","status-publish","format-standard","has-post-thumbnail","hentry","category-europa-es","category-opiniones","category-salud","tag-cultura-materialista"],"yoast_head":"<!-- This site is optimized with the Yoast SEO plugin v27.1.1 - https:\/\/yoast.com\/product\/yoast-seo-wordpress\/ -->\n<title>El precio de una vida<\/title>\n<meta name=\"description\" content=\"Desde los antiguos fil\u00f3sofos y pensadores griegos hasta los modernas teor\u00edas humanistas, pasando por el cristianismo y todos los \u00edsmos religiosos o no, la\" \/>\n<meta name=\"robots\" content=\"index, follow, max-snippet:-1, max-image-preview:large, max-video-preview:-1\" \/>\n<link rel=\"canonical\" href=\"https:\/\/www.pressenza.com\/es\/2022\/09\/el-precio-de-una-vida\/\" \/>\n<meta property=\"og:locale\" content=\"es_ES\" \/>\n<meta property=\"og:type\" content=\"article\" \/>\n<meta property=\"og:title\" content=\"El precio de una vida\" \/>\n<meta property=\"og:description\" content=\"Desde los antiguos fil\u00f3sofos y pensadores griegos hasta los modernas teor\u00edas humanistas, pasando por el cristianismo y todos los \u00edsmos religiosos o no, la\" \/>\n<meta property=\"og:url\" content=\"https:\/\/www.pressenza.com\/es\/2022\/09\/el-precio-de-una-vida\/\" \/>\n<meta property=\"og:site_name\" content=\"Pressenza\" \/>\n<meta property=\"article:publisher\" content=\"https:\/\/www.facebook.com\/PressenzaItalia\" \/>\n<meta property=\"article:published_time\" content=\"2022-09-26T14:00:44+00:00\" \/>\n<meta property=\"og:image\" content=\"https:\/\/www.pressenza.com\/wp-content\/uploads\/2022\/09\/el-valor-de-la-vida.jpg\" \/>\n\t<meta property=\"og:image:width\" content=\"640\" \/>\n\t<meta property=\"og:image:height\" content=\"360\" \/>\n\t<meta property=\"og:image:type\" content=\"image\/jpeg\" \/>\n<meta name=\"author\" content=\"Miguel Galindo S\u00e1nchez\" \/>\n<meta name=\"twitter:card\" content=\"summary_large_image\" \/>\n<meta name=\"twitter:creator\" content=\"@PressenzaIPA\" \/>\n<meta name=\"twitter:site\" content=\"@PressenzaIPA\" \/>\n<meta name=\"twitter:label1\" content=\"Escrito por\" \/>\n\t<meta name=\"twitter:data1\" content=\"Miguel Galindo S\u00e1nchez\" \/>\n\t<meta name=\"twitter:label2\" content=\"Tiempo de lectura\" \/>\n\t<meta name=\"twitter:data2\" content=\"4 minutos\" \/>\n<script type=\"application\/ld+json\" class=\"yoast-schema-graph\">{\"@context\":\"https:\/\/schema.org\",\"@graph\":[{\"@type\":\"Article\",\"@id\":\"https:\/\/www.pressenza.com\/es\/2022\/09\/el-precio-de-una-vida\/#article\",\"isPartOf\":{\"@id\":\"https:\/\/www.pressenza.com\/es\/2022\/09\/el-precio-de-una-vida\/\"},\"author\":{\"name\":\"Miguel Galindo S\u00e1nchez\",\"@id\":\"https:\/\/www.pressenza.com\/es\/#\/schema\/person\/d74252d5ecc118e8dfa2bc75b59787cc\"},\"headline\":\"El precio de una vida\",\"datePublished\":\"2022-09-26T14:00:44+00:00\",\"mainEntityOfPage\":{\"@id\":\"https:\/\/www.pressenza.com\/es\/2022\/09\/el-precio-de-una-vida\/\"},\"wordCount\":935,\"publisher\":{\"@id\":\"https:\/\/www.pressenza.com\/es\/#organization\"},\"image\":{\"@id\":\"https:\/\/www.pressenza.com\/es\/2022\/09\/el-precio-de-una-vida\/#primaryimage\"},\"thumbnailUrl\":\"https:\/\/www.pressenza.com\/wp-content\/uploads\/2022\/09\/el-valor-de-la-vida.jpg\",\"keywords\":[\"cultura materialista\"],\"articleSection\":[\"Europa\",\"Opiniones\",\"Salud\"],\"inLanguage\":\"es\"},{\"@type\":\"WebPage\",\"@id\":\"https:\/\/www.pressenza.com\/es\/2022\/09\/el-precio-de-una-vida\/\",\"url\":\"https:\/\/www.pressenza.com\/es\/2022\/09\/el-precio-de-una-vida\/\",\"name\":\"El precio de una vida\",\"isPartOf\":{\"@id\":\"https:\/\/www.pressenza.com\/es\/#website\"},\"primaryImageOfPage\":{\"@id\":\"https:\/\/www.pressenza.com\/es\/2022\/09\/el-precio-de-una-vida\/#primaryimage\"},\"image\":{\"@id\":\"https:\/\/www.pressenza.com\/es\/2022\/09\/el-precio-de-una-vida\/#primaryimage\"},\"thumbnailUrl\":\"https:\/\/www.pressenza.com\/wp-content\/uploads\/2022\/09\/el-valor-de-la-vida.jpg\",\"datePublished\":\"2022-09-26T14:00:44+00:00\",\"description\":\"Desde los antiguos fil\u00f3sofos y pensadores griegos hasta los modernas teor\u00edas humanistas, pasando por el cristianismo y todos los \u00edsmos religiosos o no, la\",\"breadcrumb\":{\"@id\":\"https:\/\/www.pressenza.com\/es\/2022\/09\/el-precio-de-una-vida\/#breadcrumb\"},\"inLanguage\":\"es\",\"potentialAction\":[{\"@type\":\"ReadAction\",\"target\":[\"https:\/\/www.pressenza.com\/es\/2022\/09\/el-precio-de-una-vida\/\"]}]},{\"@type\":\"ImageObject\",\"inLanguage\":\"es\",\"@id\":\"https:\/\/www.pressenza.com\/es\/2022\/09\/el-precio-de-una-vida\/#primaryimage\",\"url\":\"https:\/\/www.pressenza.com\/wp-content\/uploads\/2022\/09\/el-valor-de-la-vida.jpg\",\"contentUrl\":\"https:\/\/www.pressenza.com\/wp-content\/uploads\/2022\/09\/el-valor-de-la-vida.jpg\",\"width\":640,\"height\":360},{\"@type\":\"BreadcrumbList\",\"@id\":\"https:\/\/www.pressenza.com\/es\/2022\/09\/el-precio-de-una-vida\/#breadcrumb\",\"itemListElement\":[{\"@type\":\"ListItem\",\"position\":1,\"name\":\"Accueil\",\"item\":\"https:\/\/www.pressenza.com\/es\/\"},{\"@type\":\"ListItem\",\"position\":2,\"name\":\"El precio de una vida\"}]},{\"@type\":\"WebSite\",\"@id\":\"https:\/\/www.pressenza.com\/es\/#website\",\"url\":\"https:\/\/www.pressenza.com\/es\/\",\"name\":\"Pressenza\",\"description\":\"International Press Agency\",\"publisher\":{\"@id\":\"https:\/\/www.pressenza.com\/es\/#organization\"},\"potentialAction\":[{\"@type\":\"SearchAction\",\"target\":{\"@type\":\"EntryPoint\",\"urlTemplate\":\"https:\/\/www.pressenza.com\/es\/?s={search_term_string}\"},\"query-input\":{\"@type\":\"PropertyValueSpecification\",\"valueRequired\":true,\"valueName\":\"search_term_string\"}}],\"inLanguage\":\"es\"},{\"@type\":\"Organization\",\"@id\":\"https:\/\/www.pressenza.com\/es\/#organization\",\"name\":\"Pressenza\",\"url\":\"https:\/\/www.pressenza.com\/es\/\",\"logo\":{\"@type\":\"ImageObject\",\"inLanguage\":\"es\",\"@id\":\"https:\/\/www.pressenza.com\/es\/#\/schema\/logo\/image\/\",\"url\":\"https:\/\/www.pressenza.com\/wp-content\/uploads\/2022\/10\/pressenza_logo_200x200.jpg\",\"contentUrl\":\"https:\/\/www.pressenza.com\/wp-content\/uploads\/2022\/10\/pressenza_logo_200x200.jpg\",\"width\":200,\"height\":200,\"caption\":\"Pressenza\"},\"image\":{\"@id\":\"https:\/\/www.pressenza.com\/es\/#\/schema\/logo\/image\/\"},\"sameAs\":[\"https:\/\/www.facebook.com\/PressenzaItalia\",\"https:\/\/x.com\/PressenzaIPA\"]},{\"@type\":\"Person\",\"@id\":\"https:\/\/www.pressenza.com\/es\/#\/schema\/person\/d74252d5ecc118e8dfa2bc75b59787cc\",\"name\":\"Miguel Galindo S\u00e1nchez\",\"description\":\"Miguel Galindo S\u00e1nchez fu\u00e9 juez de paz, fundador de varias ong\u00b4s y presidente de organizaciones empresariales y otras, durante mucho tiempo. Hoy es mediador profesional, diplomado en RSC y patr\u00f3n de la fundaci\u00f3n Entorno Slow. Tiene publicados cinco libros.\",\"url\":\"https:\/\/www.pressenza.com\/es\/author\/miguel-galindo-sanchez\/\"}]}<\/script>\n<!-- \/ Yoast SEO plugin. -->","yoast_head_json":{"title":"El precio de una vida","description":"Desde los antiguos fil\u00f3sofos y pensadores griegos hasta los modernas teor\u00edas humanistas, pasando por el cristianismo y todos los \u00edsmos religiosos o no, la","robots":{"index":"index","follow":"follow","max-snippet":"max-snippet:-1","max-image-preview":"max-image-preview:large","max-video-preview":"max-video-preview:-1"},"canonical":"https:\/\/www.pressenza.com\/es\/2022\/09\/el-precio-de-una-vida\/","og_locale":"es_ES","og_type":"article","og_title":"El precio de una vida","og_description":"Desde los antiguos fil\u00f3sofos y pensadores griegos hasta los modernas teor\u00edas humanistas, pasando por el cristianismo y todos los \u00edsmos religiosos o no, la","og_url":"https:\/\/www.pressenza.com\/es\/2022\/09\/el-precio-de-una-vida\/","og_site_name":"Pressenza","article_publisher":"https:\/\/www.facebook.com\/PressenzaItalia","article_published_time":"2022-09-26T14:00:44+00:00","og_image":[{"width":640,"height":360,"url":"https:\/\/www.pressenza.com\/wp-content\/uploads\/2022\/09\/el-valor-de-la-vida.jpg","type":"image\/jpeg"}],"author":"Miguel Galindo S\u00e1nchez","twitter_card":"summary_large_image","twitter_creator":"@PressenzaIPA","twitter_site":"@PressenzaIPA","twitter_misc":{"Escrito por":"Miguel Galindo S\u00e1nchez","Tiempo de lectura":"4 minutos"},"schema":{"@context":"https:\/\/schema.org","@graph":[{"@type":"Article","@id":"https:\/\/www.pressenza.com\/es\/2022\/09\/el-precio-de-una-vida\/#article","isPartOf":{"@id":"https:\/\/www.pressenza.com\/es\/2022\/09\/el-precio-de-una-vida\/"},"author":{"name":"Miguel Galindo S\u00e1nchez","@id":"https:\/\/www.pressenza.com\/es\/#\/schema\/person\/d74252d5ecc118e8dfa2bc75b59787cc"},"headline":"El precio de una vida","datePublished":"2022-09-26T14:00:44+00:00","mainEntityOfPage":{"@id":"https:\/\/www.pressenza.com\/es\/2022\/09\/el-precio-de-una-vida\/"},"wordCount":935,"publisher":{"@id":"https:\/\/www.pressenza.com\/es\/#organization"},"image":{"@id":"https:\/\/www.pressenza.com\/es\/2022\/09\/el-precio-de-una-vida\/#primaryimage"},"thumbnailUrl":"https:\/\/www.pressenza.com\/wp-content\/uploads\/2022\/09\/el-valor-de-la-vida.jpg","keywords":["cultura materialista"],"articleSection":["Europa","Opiniones","Salud"],"inLanguage":"es"},{"@type":"WebPage","@id":"https:\/\/www.pressenza.com\/es\/2022\/09\/el-precio-de-una-vida\/","url":"https:\/\/www.pressenza.com\/es\/2022\/09\/el-precio-de-una-vida\/","name":"El precio de una vida","isPartOf":{"@id":"https:\/\/www.pressenza.com\/es\/#website"},"primaryImageOfPage":{"@id":"https:\/\/www.pressenza.com\/es\/2022\/09\/el-precio-de-una-vida\/#primaryimage"},"image":{"@id":"https:\/\/www.pressenza.com\/es\/2022\/09\/el-precio-de-una-vida\/#primaryimage"},"thumbnailUrl":"https:\/\/www.pressenza.com\/wp-content\/uploads\/2022\/09\/el-valor-de-la-vida.jpg","datePublished":"2022-09-26T14:00:44+00:00","description":"Desde los antiguos fil\u00f3sofos y pensadores griegos hasta los modernas teor\u00edas humanistas, pasando por el cristianismo y todos los \u00edsmos religiosos o no, la","breadcrumb":{"@id":"https:\/\/www.pressenza.com\/es\/2022\/09\/el-precio-de-una-vida\/#breadcrumb"},"inLanguage":"es","potentialAction":[{"@type":"ReadAction","target":["https:\/\/www.pressenza.com\/es\/2022\/09\/el-precio-de-una-vida\/"]}]},{"@type":"ImageObject","inLanguage":"es","@id":"https:\/\/www.pressenza.com\/es\/2022\/09\/el-precio-de-una-vida\/#primaryimage","url":"https:\/\/www.pressenza.com\/wp-content\/uploads\/2022\/09\/el-valor-de-la-vida.jpg","contentUrl":"https:\/\/www.pressenza.com\/wp-content\/uploads\/2022\/09\/el-valor-de-la-vida.jpg","width":640,"height":360},{"@type":"BreadcrumbList","@id":"https:\/\/www.pressenza.com\/es\/2022\/09\/el-precio-de-una-vida\/#breadcrumb","itemListElement":[{"@type":"ListItem","position":1,"name":"Accueil","item":"https:\/\/www.pressenza.com\/es\/"},{"@type":"ListItem","position":2,"name":"El precio de una vida"}]},{"@type":"WebSite","@id":"https:\/\/www.pressenza.com\/es\/#website","url":"https:\/\/www.pressenza.com\/es\/","name":"Pressenza","description":"International Press Agency","publisher":{"@id":"https:\/\/www.pressenza.com\/es\/#organization"},"potentialAction":[{"@type":"SearchAction","target":{"@type":"EntryPoint","urlTemplate":"https:\/\/www.pressenza.com\/es\/?s={search_term_string}"},"query-input":{"@type":"PropertyValueSpecification","valueRequired":true,"valueName":"search_term_string"}}],"inLanguage":"es"},{"@type":"Organization","@id":"https:\/\/www.pressenza.com\/es\/#organization","name":"Pressenza","url":"https:\/\/www.pressenza.com\/es\/","logo":{"@type":"ImageObject","inLanguage":"es","@id":"https:\/\/www.pressenza.com\/es\/#\/schema\/logo\/image\/","url":"https:\/\/www.pressenza.com\/wp-content\/uploads\/2022\/10\/pressenza_logo_200x200.jpg","contentUrl":"https:\/\/www.pressenza.com\/wp-content\/uploads\/2022\/10\/pressenza_logo_200x200.jpg","width":200,"height":200,"caption":"Pressenza"},"image":{"@id":"https:\/\/www.pressenza.com\/es\/#\/schema\/logo\/image\/"},"sameAs":["https:\/\/www.facebook.com\/PressenzaItalia","https:\/\/x.com\/PressenzaIPA"]},{"@type":"Person","@id":"https:\/\/www.pressenza.com\/es\/#\/schema\/person\/d74252d5ecc118e8dfa2bc75b59787cc","name":"Miguel Galindo S\u00e1nchez","description":"Miguel Galindo S\u00e1nchez fu\u00e9 juez de paz, fundador de varias ong\u00b4s y presidente de organizaciones empresariales y otras, durante mucho tiempo. Hoy es mediador profesional, diplomado en RSC y patr\u00f3n de la fundaci\u00f3n Entorno Slow. Tiene publicados cinco libros.","url":"https:\/\/www.pressenza.com\/es\/author\/miguel-galindo-sanchez\/"}]}},"place":"Torre-Pacheco (Murcia)","original_article_url":"","_links":{"self":[{"href":"https:\/\/www.pressenza.com\/es\/wp-json\/wp\/v2\/posts\/1663010","targetHints":{"allow":["GET"]}}],"collection":[{"href":"https:\/\/www.pressenza.com\/es\/wp-json\/wp\/v2\/posts"}],"about":[{"href":"https:\/\/www.pressenza.com\/es\/wp-json\/wp\/v2\/types\/post"}],"author":[{"embeddable":true,"href":"https:\/\/www.pressenza.com\/es\/wp-json\/wp\/v2\/users\/2195"}],"replies":[{"embeddable":true,"href":"https:\/\/www.pressenza.com\/es\/wp-json\/wp\/v2\/comments?post=1663010"}],"version-history":[{"count":0,"href":"https:\/\/www.pressenza.com\/es\/wp-json\/wp\/v2\/posts\/1663010\/revisions"}],"wp:featuredmedia":[{"embeddable":true,"href":"https:\/\/www.pressenza.com\/es\/wp-json\/wp\/v2\/media\/1665072"}],"wp:attachment":[{"href":"https:\/\/www.pressenza.com\/es\/wp-json\/wp\/v2\/media?parent=1663010"}],"wp:term":[{"taxonomy":"category","embeddable":true,"href":"https:\/\/www.pressenza.com\/es\/wp-json\/wp\/v2\/categories?post=1663010"},{"taxonomy":"post_tag","embeddable":true,"href":"https:\/\/www.pressenza.com\/es\/wp-json\/wp\/v2\/tags?post=1663010"}],"curies":[{"name":"wp","href":"https:\/\/api.w.org\/{rel}","templated":true}]}}