{"id":1661522,"date":"2022-09-19T03:57:07","date_gmt":"2022-09-19T02:57:07","guid":{"rendered":"https:\/\/www.pressenza.com\/?p=1661522"},"modified":"2022-09-19T03:57:07","modified_gmt":"2022-09-19T02:57:07","slug":"progresismo-aprender-a-desaprender","status":"publish","type":"post","link":"https:\/\/www.pressenza.com\/es\/2022\/09\/progresismo-aprender-a-desaprender\/","title":{"rendered":"Progresismo: aprender a desaprender"},"content":{"rendered":"<p>Aram Aharonian<\/p>\n<p>En los \u00faltimos a\u00f1os, Am\u00e9rica latina se ha ubicado en el centro de la disputa entre las dos grandes potencias: Estados Unidos y China, atrapada en un mundo en el que se est\u00e1n cambiando irremediablemente las reglas de juego. Hay crisis global: del sistema pol\u00edtico institucional, de la globalizaci\u00f3n, del capitalismo. Crisis civilizatoria y, en nuestro caso, son cr\u00edticas las posibilidades de integraci\u00f3n.<\/p>\n<p>No lo olvide: Hace 23 a\u00f1os ya, un 8 de diciembre de 1998, Hugo Ch\u00e1vez se adjudicaba las elecciones presidenciales en Venezuela. Quiz\u00e1 fue el puntapi\u00e9 inicial de una nueva historia en Am\u00e9rica Latina y el Caribe. \u00c9l se dec\u00eda revolucionario, otros lo etiquetaron de progresista.<\/p>\n<p>En medio de una ofensiva a fondo de la derecha m\u00e1s reaccionaria y dependiente, el progresismo no sale de su laberinto, incapaz de redise\u00f1ar sus discursos y sus formas de acci\u00f3n. Algunos de aquellos primeros gobiernos progresistas se dedicaron m\u00e1s a defender lo logrado que a profundizar los cambios. Hoy la derecha est\u00e1 imponiendo un cambio cultural, con la meta de romper los valores progresistas y los lazos solidarios que se hab\u00edan tejido.<\/p>\n<p>Vivimos una crisis de ideas, olvidando que es el pueblo la figura cultural de cualquier cambio, que se deber partir de considerar al pueblo \u2013a los pobres- como sujetos de una pol\u00edtica progresista, y no como meros objetos de la misma, para no seguir con el asistencialismo social y la creciente desigualdad.<\/p>\n<p>Se hace necesario tener conciencia de que venimos sufriendo 40 a\u00f1os de un orden neoliberal que entr\u00f3 en crisis, a lo que suma el parate de la pandemia: el comercio mundial, que era el doble del Producto Interno Bruto (PBI) mundial, hoy tiene cifras similar al actual PBI, que \u2013por otro lado, pandemia y guerra mediante- se redujo en un tercio.<\/p>\n<p>Parece ser el ocaso de los pa\u00edses centrales, que fueron entrando en crisis absoluta: el Reino Unido abandon\u00f3 la Uni\u00f3n Europea, Estados Unidos quiere mantener su hegemon\u00eda con dos estilos distintos (Trump-Biden) pero una misma meta, que desemboc\u00f3 en la guerra en Ucrania, reforzando la b\u00e9lica Organizaci\u00f3n del Tratado del Atl\u00e1ntico Norte OTAN), desatando la crisis salvaje en la Europa occidental.<\/p>\n<p>Los estertores de la crisis llegan a la ridiculez de que se convierte en el \u201cvocero\u201d de Europa un triste comediante como Volod\u00edmir Zelenski, que lleva al exterminio de buena parte de su pueblo y a la destrucci\u00f3n de su pa\u00eds. Por suerte Mercosur impidi\u00f3 que hablara en la cumbre del grupo.<\/p>\n<p>Lo cierto es que estamos en una nueva etapa de colonizaci\u00f3n, con el surgimiento de nuevos conflictos interestatales, cuando las preguntas se repiten: \u00bfHay izquierda, hay partidos, hay movimiento sindical?<\/p>\n<p>Cuando parec\u00eda que la \u00fanica izquierda era la calle, tambi\u00e9n la derecha comenz\u00f3 a tomar los espacios p\u00fablicos, junto a los evangelistas. La democracia representativa, la propiedad privada, la cultura eurocentrista, el sufragismo y los partidos pol\u00edticos son algunas de las verdades reveladas que organizan nuestra vida institucional, nuestras democracias declamativas desde el siglo 19. La profundidad de la crisis actual cuestiona a la modernidad y al capitalismo.<\/p>\n<p>El sentido de buscar el poder del Estado debiera ser utilizado para derrotar a la clase dominante, no para dormir con ella.<\/p>\n<p>Menos de una d\u00e9cada despu\u00e9s, algunos intelectuales \u201cprogresistas\u201d, desde \u00e1mbitos acad\u00e9micos progresistas y\/o socialdem\u00f3cratas, con el apoyo, generalmente, de ONGs y fundaciones europeas, se\u00f1alan que no hubo gobiernos progresistas en la regi\u00f3n, y que la lucha se dirime hoy entre dos derechas, una modernizante o desarrollista y otra olig\u00e1rquica. Hablan de un neoliberalismo transg\u00e9nico.<strong> \u00a0\u00a0<\/strong><\/p>\n<p>Es triste ver a ind\u00edgenas y trabajadores inducidos a votar por la derecha o la ultraderecha para que desde la \u201cresistencia\u201d se puedan refundar los movimientos de la izquierda y desde all\u00ed buscar transiciones.<strong>\u00a0\u00a0<\/strong><\/p>\n<p>El pensamiento progresista sigue demasiado influenciado por los viejos dogmas y las a\u00f1ejas recetas de lucha, sin lograr visualizar los intereses que se debaten en la regi\u00f3n, con sus extensiones de maniobra pol\u00edtico-partidarios, judiciales, medi\u00e1ticos, militares y paramilitares. El Estado sigue siendo el punto de confluencia de las correlaciones de fuerzas sociales. Obviamente, desde la \u00f3ptica de los proyectos populares (no digamos los revolucionarios), siempre es mejor contar con gobiernos progresistas al frente de los Estados.<\/p>\n<p>En la regi\u00f3n se observa la insistencia en la aparici\u00f3n de una nueva ola progresista, marcada por la moderaci\u00f3n y sin la presencia de liderazgos carism\u00e1ticos como los de Hugo Ch\u00e1vez, Lula da Silva, Evo Morales, Rafael Correa o N\u00e9stor Kirchner, ola amenazada por una resistencia de parte de las elites latinoamericanas aferradas al ideario ortodoxo de ajuste.<\/p>\n<p>Entonces, antes de afirmar contundentemente que nos encontramos atravesando por una \u201csegunda ola\u201d del llamado \u201cciclo progresista\u201d, deber\u00edamos evaluar las condiciones de posibilidad de gobiernos que no logran recrear y crear la potencia que otorga el poder y la organizaci\u00f3n popular que, sin dudas, tambi\u00e9n organiz\u00f3 el triunfo en las urnas. No se trata de desconocer la val\u00eda del signo ideol\u00f3gico de estos gobiernos, sino en analizar los programas propuestos y las correlaciones de fuerzas sociales.<\/p>\n<p>En julio de 2019 el Grupo de Puebla naci\u00f3 para juntar l\u00edderes progresistas al momento del reflujo de la \u201cprimera ola\u201d, luego que algunos gobiernos de derecha (Argentina, Brasil, Ecuador, Colombia) destruyeron la Uni\u00f3n de Naciones Suramericanas (Unasur) y los cimientos de la integraci\u00f3n regional. Quiz\u00e1 lo m\u00e1s interesante desde su creaci\u00f3n es la incorporaci\u00f3n de personajes -expresidentes, exministros- con gesti\u00f3n de gobierno y capacidad para mirar retrospectivamente e intercambiar ideas sobre sus experiencias al frente de un Estado.<\/p>\n<p>Pero pensar que el cambio puede estar en las figuras \u201chist\u00f3ricas\u201d de Pepe Mujica, Lula da Silva, Fernando Lugo, Rafael Correa, Evo Morales o Cristina Kirchner, es apostar por el pasado. M\u00e1s all\u00e1 de los logros en sus gobiernos, fueron incapaces \u2013o no les interes\u00f3- crear el recambio generacional y adaptar las propuestas a un mundo que ha mutado y donde no se sembr\u00f3 ciudadan\u00eda.<\/p>\n<p>\u00bfCapitalismo con rostro humano? \u00bfDe lo malo, lo menos malo? \u00bfUna tercera v\u00eda, una nueva socialdemocracia?\u00a0\u00a0El Grupo de Puebla, en\u00a0el documento <em>Un modelo de desarrollo solidario<\/em>, propone la superaci\u00f3n de la desigualdad social, la b\u00fasqueda de valor, una nueva pol\u00edtica econ\u00f3mica, la transici\u00f3n ecol\u00f3gica, la integraci\u00f3n como construcci\u00f3n de la regi\u00f3n y una nueva institucionalidad democr\u00e1tica, un rol activo del Estado, reformas tributarias, salud universal y luchar contra el calentamiento global.<\/p>\n<p>Algunos cr\u00edticos se\u00f1alan que el progresismo del Grupo de Puebla acaba por remozar al capitalismo y que aflora cierta desaz\u00f3n y perplejidad, cuando se pasa revista a la diversidad de los fundadores, algunos de ellos neoliberales conversos.<\/p>\n<p>Si bien un triunfo electoral es importante, no equivale a una victoria pol\u00edtica. Lo central, entonces, es identificar las v\u00edas que permitan conquistar, acumular y sostener poder popular real, que permita torcer los destinos y las decisiones pol\u00edticas. Construir las condiciones subjetivas, en el terreno de la pol\u00edtica y la organizaci\u00f3n, para lograr realizar las transformaciones estructurales necesarias, en un tiempo tan excepcional como el de la pospandemia y la guerra en Ucrania.<\/p>\n<p>Es una ola quiz\u00e1 demasiado moderada y con tintes conservadores, decidida a transar con sectores de la derecha con la excusa de impedir ser arrollados por la ultraderecha, lo que arruina a los movimientos sociales. Se manifiestan formatos \u00e9ticos-pol\u00edticos y plataformas econ\u00f3mico-sociales lejanos a las exigencias de pueblos que han seguido empobreci\u00e9ndose, en sociedades que son cada vez m\u00e1s desiguales. Desde la defensa de esta segunda ola edulcorada, se niega una derechizaci\u00f3n y se prefiere hablar de una polarizaci\u00f3n.<\/p>\n<p>Y esa ola de progresismo se enfrenta a una derecha a la ofensiva, cada vez m\u00e1s intolerante, antifeminista, privatizadora, m\u00e1s fascista.<\/p>\n<p>La \u201cprimera oleada progresista\u201d no pudo terminar de romper con nuestra dependencia y nuestra falta de diversificaci\u00f3n econ\u00f3mica. Hoy, la emergencia de una nueva fase del capitalismo a nivel mundial est\u00e1 cambiando las reglas del juego, mientras la lucha entre EEUU y China tambi\u00e9n se libra en Am\u00e9rica Latina, lo que ordena alianzas, intereses y configura formas de poder mucho m\u00e1s all\u00e1 de las instituciones gubernamentales.<\/p>\n<p>A causa de las transformaciones estructurales de la econom\u00eda mundial han emergido nuevas formas de lucha y nuevos sujetos sociales, que reconfiguran los escenarios de producci\u00f3n y realizaci\u00f3n del poder popular.<\/p>\n<p>La interna pol\u00edtica estadounidense salpica a Latinoam\u00e9rica, pues halcones y palomas operan sus estrategias para el \u201cpatio trasero\u201d. Y cada vez se diferencian menos los republicanos de los dem\u00f3cratas, Joe Biden de Donald Trump. En las fuerzas progresistas no se acepta que las oligarqu\u00edas latinoamericanas son, en general, supermodernas, aggiornadas.<\/p>\n<p>Si el progresismo es el futuro, vayamos pensando en un posfuturo. Este progresismo carece de mayor\u00edas parlamentarias en sociedades divididas, con derechas \u2013entre ellas la ultraderecha de los libertarios- fortalecidas por los medios de comunicaci\u00f3n y las redes sociales, que usan todos los medios, desde la violencia al lawfare, para que no se modifiquen las reglas de juego.<\/p>\n<p>No debieran sorprender las palabras de Irene V\u00e9lez, ministra de Minas y Energ\u00eda colombiana, al mencionar p\u00fablicamente el concepto de Decrecimiento como respuesta a la histeria consumista. No entiendo como en las facultades de comunicaci\u00f3n social no se est\u00e9 ense\u00f1ando el gran debate del mundo de hoy: la crisis clim\u00e1tica y la creencia absurda en un modelo de crecimiento lineal en un planeta finito, dijo el presidente Gustavo Petro.<\/p>\n<p>El decrecimiento conecta la cr\u00edtica al paradigma productivista y la demanda cada vez mayor de materias primas y energ\u00edas con la cr\u00edtica al capitalismo, y pone el acento en los l\u00edmites ecol\u00f3gicos del planeta. Es el punto de partida para pensar horizontes de cambio y alternativas civilizatorias, basadas en otra racionalidad ambiental, diferente de la puramente economicista, que impulsa el proceso de mercantilizaci\u00f3n de la vida en sus diferentes aspectos<\/p>\n<p>Esta visi\u00f3n separa a Petro de la primera ola progresista que creci\u00f3 sobre el neoextractivismo. Los decrecentistas comparten un profundo alarmismo sobre la situaci\u00f3n de degradaci\u00f3n ambiental del planeta y la necesidad de cambiar la manera como se vienen haciendo las cosas. Todo esto est\u00e1 ligado a muchas pol\u00edticas p\u00fablicas que buscan cambios en los patrones de consumo y en el uso de recursos naturales renovables. No es un distractor o una estupidez, es una idea muy poderosa.<\/p>\n<p>Para terminar con los latifundios, con la explotaci\u00f3n, lo primero que debemos democratizar y ciudadanizar es nuestra propia cabeza, reformatear nuestro disco duro. El primer territorio a ser liberado son los 1.400 cent\u00edmetros c\u00fabicos de nuestros cerebros. Debemos aprender a desaprender, para desde all\u00ed comenzar la reconstrucci\u00f3n. No repitiendo viejos y perimidos an\u00e1lisis, viejas consignas.<\/p>\n<p>&nbsp;<\/p>\n","protected":false},"excerpt":{"rendered":"<p>Aram Aharonian En los \u00faltimos a\u00f1os, Am\u00e9rica latina se ha ubicado en el centro de la disputa entre las dos grandes potencias: Estados Unidos y China, atrapada en un mundo en el que se est\u00e1n cambiando irremediablemente las reglas de&hellip;<\/p>\n","protected":false},"author":1415,"featured_media":1661523,"comment_status":"closed","ping_status":"closed","sticky":false,"template":"","format":"standard","meta":{"footnotes":""},"categories":[69,68,161,74,67],"tags":[20867,21579,25075],"class_list":["post-1661522","post","type-post","status-publish","format-standard","has-post-thumbnail","hentry","category-america-central","category-norteamerica","category-opiniones","category-politica-es","category-sudamerica","tag-integracion-regional","tag-progresismos","tag-transformacion"],"yoast_head":"<!-- This site is optimized with the Yoast SEO plugin v27.1.1 - https:\/\/yoast.com\/product\/yoast-seo-wordpress\/ -->\n<title>Progresismo: aprender a desaprender<\/title>\n<meta name=\"description\" content=\"Aram Aharonian En los \u00faltimos a\u00f1os, Am\u00e9rica latina se ha ubicado en el centro de la disputa entre las dos grandes potencias: Estados Unidos y China,\" \/>\n<meta name=\"robots\" content=\"index, follow, max-snippet:-1, max-image-preview:large, max-video-preview:-1\" \/>\n<link rel=\"canonical\" href=\"https:\/\/www.pressenza.com\/es\/2022\/09\/progresismo-aprender-a-desaprender\/\" \/>\n<meta property=\"og:locale\" content=\"es_ES\" \/>\n<meta property=\"og:type\" content=\"article\" \/>\n<meta property=\"og:title\" content=\"Progresismo: aprender a desaprender\" \/>\n<meta property=\"og:description\" content=\"Aram Aharonian En los \u00faltimos a\u00f1os, Am\u00e9rica latina se ha ubicado en el centro de la disputa entre las dos grandes potencias: Estados Unidos y China,\" \/>\n<meta property=\"og:url\" content=\"https:\/\/www.pressenza.com\/es\/2022\/09\/progresismo-aprender-a-desaprender\/\" \/>\n<meta property=\"og:site_name\" content=\"Pressenza\" \/>\n<meta property=\"article:publisher\" content=\"https:\/\/www.facebook.com\/PressenzaItalia\" \/>\n<meta property=\"article:published_time\" content=\"2022-09-19T02:57:07+00:00\" \/>\n<meta property=\"og:image\" content=\"https:\/\/www.pressenza.com\/wp-content\/uploads\/2022\/09\/progre-rompecabezas.png\" \/>\n\t<meta property=\"og:image:width\" content=\"613\" \/>\n\t<meta property=\"og:image:height\" content=\"358\" \/>\n\t<meta property=\"og:image:type\" content=\"image\/png\" \/>\n<meta name=\"author\" content=\"Aram Aharonian\" \/>\n<meta name=\"twitter:card\" content=\"summary_large_image\" \/>\n<meta name=\"twitter:creator\" content=\"@PressenzaIPA\" \/>\n<meta name=\"twitter:site\" content=\"@PressenzaIPA\" \/>\n<meta name=\"twitter:label1\" content=\"Escrito por\" \/>\n\t<meta name=\"twitter:data1\" content=\"Aram Aharonian\" \/>\n\t<meta name=\"twitter:label2\" content=\"Tiempo de lectura\" \/>\n\t<meta name=\"twitter:data2\" content=\"8 minutos\" \/>\n<script type=\"application\/ld+json\" class=\"yoast-schema-graph\">{\"@context\":\"https:\/\/schema.org\",\"@graph\":[{\"@type\":\"Article\",\"@id\":\"https:\/\/www.pressenza.com\/es\/2022\/09\/progresismo-aprender-a-desaprender\/#article\",\"isPartOf\":{\"@id\":\"https:\/\/www.pressenza.com\/es\/2022\/09\/progresismo-aprender-a-desaprender\/\"},\"author\":{\"name\":\"Aram Aharonian\",\"@id\":\"https:\/\/www.pressenza.com\/es\/#\/schema\/person\/777c39c93856c085c6d5931778fbf85f\"},\"headline\":\"Progresismo: aprender a desaprender\",\"datePublished\":\"2022-09-19T02:57:07+00:00\",\"mainEntityOfPage\":{\"@id\":\"https:\/\/www.pressenza.com\/es\/2022\/09\/progresismo-aprender-a-desaprender\/\"},\"wordCount\":1861,\"publisher\":{\"@id\":\"https:\/\/www.pressenza.com\/es\/#organization\"},\"image\":{\"@id\":\"https:\/\/www.pressenza.com\/es\/2022\/09\/progresismo-aprender-a-desaprender\/#primaryimage\"},\"thumbnailUrl\":\"https:\/\/www.pressenza.com\/wp-content\/uploads\/2022\/09\/progre-rompecabezas.png\",\"keywords\":[\"integraci\u00f3n regional\",\"progresismos\",\"transformaci\u00f3n\"],\"articleSection\":[\"Am\u00e9rica Central\",\"Norteam\u00e9rica\",\"Opiniones\",\"Pol\u00edtica\",\"Sudam\u00e9rica\"],\"inLanguage\":\"es\"},{\"@type\":\"WebPage\",\"@id\":\"https:\/\/www.pressenza.com\/es\/2022\/09\/progresismo-aprender-a-desaprender\/\",\"url\":\"https:\/\/www.pressenza.com\/es\/2022\/09\/progresismo-aprender-a-desaprender\/\",\"name\":\"Progresismo: aprender a desaprender\",\"isPartOf\":{\"@id\":\"https:\/\/www.pressenza.com\/es\/#website\"},\"primaryImageOfPage\":{\"@id\":\"https:\/\/www.pressenza.com\/es\/2022\/09\/progresismo-aprender-a-desaprender\/#primaryimage\"},\"image\":{\"@id\":\"https:\/\/www.pressenza.com\/es\/2022\/09\/progresismo-aprender-a-desaprender\/#primaryimage\"},\"thumbnailUrl\":\"https:\/\/www.pressenza.com\/wp-content\/uploads\/2022\/09\/progre-rompecabezas.png\",\"datePublished\":\"2022-09-19T02:57:07+00:00\",\"description\":\"Aram Aharonian En los \u00faltimos a\u00f1os, Am\u00e9rica latina se ha ubicado en el centro de la disputa entre las dos grandes potencias: Estados Unidos y China,\",\"breadcrumb\":{\"@id\":\"https:\/\/www.pressenza.com\/es\/2022\/09\/progresismo-aprender-a-desaprender\/#breadcrumb\"},\"inLanguage\":\"es\",\"potentialAction\":[{\"@type\":\"ReadAction\",\"target\":[\"https:\/\/www.pressenza.com\/es\/2022\/09\/progresismo-aprender-a-desaprender\/\"]}]},{\"@type\":\"ImageObject\",\"inLanguage\":\"es\",\"@id\":\"https:\/\/www.pressenza.com\/es\/2022\/09\/progresismo-aprender-a-desaprender\/#primaryimage\",\"url\":\"https:\/\/www.pressenza.com\/wp-content\/uploads\/2022\/09\/progre-rompecabezas.png\",\"contentUrl\":\"https:\/\/www.pressenza.com\/wp-content\/uploads\/2022\/09\/progre-rompecabezas.png\",\"width\":613,\"height\":358},{\"@type\":\"BreadcrumbList\",\"@id\":\"https:\/\/www.pressenza.com\/es\/2022\/09\/progresismo-aprender-a-desaprender\/#breadcrumb\",\"itemListElement\":[{\"@type\":\"ListItem\",\"position\":1,\"name\":\"Accueil\",\"item\":\"https:\/\/www.pressenza.com\/es\/\"},{\"@type\":\"ListItem\",\"position\":2,\"name\":\"Progresismo: aprender a desaprender\"}]},{\"@type\":\"WebSite\",\"@id\":\"https:\/\/www.pressenza.com\/es\/#website\",\"url\":\"https:\/\/www.pressenza.com\/es\/\",\"name\":\"Pressenza\",\"description\":\"International Press Agency\",\"publisher\":{\"@id\":\"https:\/\/www.pressenza.com\/es\/#organization\"},\"potentialAction\":[{\"@type\":\"SearchAction\",\"target\":{\"@type\":\"EntryPoint\",\"urlTemplate\":\"https:\/\/www.pressenza.com\/es\/?s={search_term_string}\"},\"query-input\":{\"@type\":\"PropertyValueSpecification\",\"valueRequired\":true,\"valueName\":\"search_term_string\"}}],\"inLanguage\":\"es\"},{\"@type\":\"Organization\",\"@id\":\"https:\/\/www.pressenza.com\/es\/#organization\",\"name\":\"Pressenza\",\"url\":\"https:\/\/www.pressenza.com\/es\/\",\"logo\":{\"@type\":\"ImageObject\",\"inLanguage\":\"es\",\"@id\":\"https:\/\/www.pressenza.com\/es\/#\/schema\/logo\/image\/\",\"url\":\"https:\/\/www.pressenza.com\/wp-content\/uploads\/2022\/10\/pressenza_logo_200x200.jpg\",\"contentUrl\":\"https:\/\/www.pressenza.com\/wp-content\/uploads\/2022\/10\/pressenza_logo_200x200.jpg\",\"width\":200,\"height\":200,\"caption\":\"Pressenza\"},\"image\":{\"@id\":\"https:\/\/www.pressenza.com\/es\/#\/schema\/logo\/image\/\"},\"sameAs\":[\"https:\/\/www.facebook.com\/PressenzaItalia\",\"https:\/\/x.com\/PressenzaIPA\"]},{\"@type\":\"Person\",\"@id\":\"https:\/\/www.pressenza.com\/es\/#\/schema\/person\/777c39c93856c085c6d5931778fbf85f\",\"name\":\"Aram Aharonian\",\"description\":\"Magister en Integraci\u00f3n, periodista y docente uruguayo, fundador de Telesur, director del Observatorio en Comunicaci\u00f3n y Democracia, presidente de la Fundaci\u00f3n para la Integraci\u00f3n Latinoamericana.\",\"url\":\"https:\/\/www.pressenza.com\/es\/author\/aram-aharonian\/\"}]}<\/script>\n<!-- \/ Yoast SEO plugin. -->","yoast_head_json":{"title":"Progresismo: aprender a desaprender","description":"Aram Aharonian En los \u00faltimos a\u00f1os, Am\u00e9rica latina se ha ubicado en el centro de la disputa entre las dos grandes potencias: Estados Unidos y China,","robots":{"index":"index","follow":"follow","max-snippet":"max-snippet:-1","max-image-preview":"max-image-preview:large","max-video-preview":"max-video-preview:-1"},"canonical":"https:\/\/www.pressenza.com\/es\/2022\/09\/progresismo-aprender-a-desaprender\/","og_locale":"es_ES","og_type":"article","og_title":"Progresismo: aprender a desaprender","og_description":"Aram Aharonian En los \u00faltimos a\u00f1os, Am\u00e9rica latina se ha ubicado en el centro de la disputa entre las dos grandes potencias: Estados Unidos y China,","og_url":"https:\/\/www.pressenza.com\/es\/2022\/09\/progresismo-aprender-a-desaprender\/","og_site_name":"Pressenza","article_publisher":"https:\/\/www.facebook.com\/PressenzaItalia","article_published_time":"2022-09-19T02:57:07+00:00","og_image":[{"width":613,"height":358,"url":"https:\/\/www.pressenza.com\/wp-content\/uploads\/2022\/09\/progre-rompecabezas.png","type":"image\/png"}],"author":"Aram Aharonian","twitter_card":"summary_large_image","twitter_creator":"@PressenzaIPA","twitter_site":"@PressenzaIPA","twitter_misc":{"Escrito por":"Aram Aharonian","Tiempo de lectura":"8 minutos"},"schema":{"@context":"https:\/\/schema.org","@graph":[{"@type":"Article","@id":"https:\/\/www.pressenza.com\/es\/2022\/09\/progresismo-aprender-a-desaprender\/#article","isPartOf":{"@id":"https:\/\/www.pressenza.com\/es\/2022\/09\/progresismo-aprender-a-desaprender\/"},"author":{"name":"Aram Aharonian","@id":"https:\/\/www.pressenza.com\/es\/#\/schema\/person\/777c39c93856c085c6d5931778fbf85f"},"headline":"Progresismo: aprender a desaprender","datePublished":"2022-09-19T02:57:07+00:00","mainEntityOfPage":{"@id":"https:\/\/www.pressenza.com\/es\/2022\/09\/progresismo-aprender-a-desaprender\/"},"wordCount":1861,"publisher":{"@id":"https:\/\/www.pressenza.com\/es\/#organization"},"image":{"@id":"https:\/\/www.pressenza.com\/es\/2022\/09\/progresismo-aprender-a-desaprender\/#primaryimage"},"thumbnailUrl":"https:\/\/www.pressenza.com\/wp-content\/uploads\/2022\/09\/progre-rompecabezas.png","keywords":["integraci\u00f3n regional","progresismos","transformaci\u00f3n"],"articleSection":["Am\u00e9rica Central","Norteam\u00e9rica","Opiniones","Pol\u00edtica","Sudam\u00e9rica"],"inLanguage":"es"},{"@type":"WebPage","@id":"https:\/\/www.pressenza.com\/es\/2022\/09\/progresismo-aprender-a-desaprender\/","url":"https:\/\/www.pressenza.com\/es\/2022\/09\/progresismo-aprender-a-desaprender\/","name":"Progresismo: aprender a desaprender","isPartOf":{"@id":"https:\/\/www.pressenza.com\/es\/#website"},"primaryImageOfPage":{"@id":"https:\/\/www.pressenza.com\/es\/2022\/09\/progresismo-aprender-a-desaprender\/#primaryimage"},"image":{"@id":"https:\/\/www.pressenza.com\/es\/2022\/09\/progresismo-aprender-a-desaprender\/#primaryimage"},"thumbnailUrl":"https:\/\/www.pressenza.com\/wp-content\/uploads\/2022\/09\/progre-rompecabezas.png","datePublished":"2022-09-19T02:57:07+00:00","description":"Aram Aharonian En los \u00faltimos a\u00f1os, Am\u00e9rica latina se ha ubicado en el centro de la disputa entre las dos grandes potencias: Estados Unidos y China,","breadcrumb":{"@id":"https:\/\/www.pressenza.com\/es\/2022\/09\/progresismo-aprender-a-desaprender\/#breadcrumb"},"inLanguage":"es","potentialAction":[{"@type":"ReadAction","target":["https:\/\/www.pressenza.com\/es\/2022\/09\/progresismo-aprender-a-desaprender\/"]}]},{"@type":"ImageObject","inLanguage":"es","@id":"https:\/\/www.pressenza.com\/es\/2022\/09\/progresismo-aprender-a-desaprender\/#primaryimage","url":"https:\/\/www.pressenza.com\/wp-content\/uploads\/2022\/09\/progre-rompecabezas.png","contentUrl":"https:\/\/www.pressenza.com\/wp-content\/uploads\/2022\/09\/progre-rompecabezas.png","width":613,"height":358},{"@type":"BreadcrumbList","@id":"https:\/\/www.pressenza.com\/es\/2022\/09\/progresismo-aprender-a-desaprender\/#breadcrumb","itemListElement":[{"@type":"ListItem","position":1,"name":"Accueil","item":"https:\/\/www.pressenza.com\/es\/"},{"@type":"ListItem","position":2,"name":"Progresismo: aprender a desaprender"}]},{"@type":"WebSite","@id":"https:\/\/www.pressenza.com\/es\/#website","url":"https:\/\/www.pressenza.com\/es\/","name":"Pressenza","description":"International Press Agency","publisher":{"@id":"https:\/\/www.pressenza.com\/es\/#organization"},"potentialAction":[{"@type":"SearchAction","target":{"@type":"EntryPoint","urlTemplate":"https:\/\/www.pressenza.com\/es\/?s={search_term_string}"},"query-input":{"@type":"PropertyValueSpecification","valueRequired":true,"valueName":"search_term_string"}}],"inLanguage":"es"},{"@type":"Organization","@id":"https:\/\/www.pressenza.com\/es\/#organization","name":"Pressenza","url":"https:\/\/www.pressenza.com\/es\/","logo":{"@type":"ImageObject","inLanguage":"es","@id":"https:\/\/www.pressenza.com\/es\/#\/schema\/logo\/image\/","url":"https:\/\/www.pressenza.com\/wp-content\/uploads\/2022\/10\/pressenza_logo_200x200.jpg","contentUrl":"https:\/\/www.pressenza.com\/wp-content\/uploads\/2022\/10\/pressenza_logo_200x200.jpg","width":200,"height":200,"caption":"Pressenza"},"image":{"@id":"https:\/\/www.pressenza.com\/es\/#\/schema\/logo\/image\/"},"sameAs":["https:\/\/www.facebook.com\/PressenzaItalia","https:\/\/x.com\/PressenzaIPA"]},{"@type":"Person","@id":"https:\/\/www.pressenza.com\/es\/#\/schema\/person\/777c39c93856c085c6d5931778fbf85f","name":"Aram Aharonian","description":"Magister en Integraci\u00f3n, periodista y docente uruguayo, fundador de Telesur, director del Observatorio en Comunicaci\u00f3n y Democracia, presidente de la Fundaci\u00f3n para la Integraci\u00f3n Latinoamericana.","url":"https:\/\/www.pressenza.com\/es\/author\/aram-aharonian\/"}]}},"place":"","original_article_url":"https:\/\/estrategia.la\/2022\/09\/18\/progresismo-aprender-a-desaprender\/","_links":{"self":[{"href":"https:\/\/www.pressenza.com\/es\/wp-json\/wp\/v2\/posts\/1661522","targetHints":{"allow":["GET"]}}],"collection":[{"href":"https:\/\/www.pressenza.com\/es\/wp-json\/wp\/v2\/posts"}],"about":[{"href":"https:\/\/www.pressenza.com\/es\/wp-json\/wp\/v2\/types\/post"}],"author":[{"embeddable":true,"href":"https:\/\/www.pressenza.com\/es\/wp-json\/wp\/v2\/users\/1415"}],"replies":[{"embeddable":true,"href":"https:\/\/www.pressenza.com\/es\/wp-json\/wp\/v2\/comments?post=1661522"}],"version-history":[{"count":0,"href":"https:\/\/www.pressenza.com\/es\/wp-json\/wp\/v2\/posts\/1661522\/revisions"}],"wp:featuredmedia":[{"embeddable":true,"href":"https:\/\/www.pressenza.com\/es\/wp-json\/wp\/v2\/media\/1661523"}],"wp:attachment":[{"href":"https:\/\/www.pressenza.com\/es\/wp-json\/wp\/v2\/media?parent=1661522"}],"wp:term":[{"taxonomy":"category","embeddable":true,"href":"https:\/\/www.pressenza.com\/es\/wp-json\/wp\/v2\/categories?post=1661522"},{"taxonomy":"post_tag","embeddable":true,"href":"https:\/\/www.pressenza.com\/es\/wp-json\/wp\/v2\/tags?post=1661522"}],"curies":[{"name":"wp","href":"https:\/\/api.w.org\/{rel}","templated":true}]}}