{"id":1660481,"date":"2022-09-17T16:00:14","date_gmt":"2022-09-17T15:00:14","guid":{"rendered":"https:\/\/www.pressenza.com\/?p=1660481"},"modified":"2022-09-17T16:00:14","modified_gmt":"2022-09-17T15:00:14","slug":"inglaterra-se-cambia-a-republica","status":"publish","type":"post","link":"https:\/\/www.pressenza.com\/es\/2022\/09\/inglaterra-se-cambia-a-republica\/","title":{"rendered":"\u00bfInglaterra se cambia a Rep\u00fablica?"},"content":{"rendered":"<p>Han aparecido grupos republicanos, lo que nunca se hab\u00eda visto. Es que este rey que hay ahora no tiene ninguna gracia y adem\u00e1s es un pesado por donde lo miren. En primer lugar, estuvo casado con la princesa Diana, adorada por el mundo entero, pero la bot\u00f3 por\u00a0 otra dama. Esta Lady Di, como la llamaban, era preciosa y simp\u00e1tica, pero sola y abandonada, termin\u00f3 por liarse con <a href=\"https:\/\/es.wikipedia.org\/wiki\/Dodi_Al-Fayed\">Dodi Al-Fayed<\/a>, y los dos murieron en un accidente de tr\u00e1nsito, que nunca se ha sabido si fue fortuito o provocado.<\/p>\n<p>Ahora el rey de Inglaterra tiene demasiados a\u00f1os, 73, para asumir reci\u00e9n la monarqu\u00eda, cuando su madre lleg\u00f3 al trono a los 25.<\/p>\n<p>Claro que estos reyes no pinchan ni cortan en pol\u00edtica, pero tienen montones de prebendas, castillo, sirvientes, caballos, en fin, para qu\u00e9 decir, pero est\u00e1n obligados a cumplir\u00a0 tareas protocolares harto aburridas y desagradables.<\/p>\n<p>La reina Isabel reci\u00e9n fallecida, ten\u00eda la gracia de que en lugar de corona usaba siempre sombreros de lo m\u00e1s lindos y originales, del mismo color que la ropa.<\/p>\n<p>Pero la pobre s\u00f3lo pod\u00eda usarlos una sola vez, igual que\u00a0 toda su ropa: una vez y adi\u00f3s. No se sabe si la regalaba o la vend\u00eda, pero los mejores sombreros los guardaba. Despu\u00e9s de su muerte se encontr\u00f3 un cuarto del palacio, lleno de unas seis mil de estas \u00a0prendas tan queridas por su majestad. Las guardaba all\u00ed para poderlas contemplar y pon\u00e9rselas a escondidas ante un espejo.<\/p>\n<p>En cambio, uno a veces se encari\u00f1a con un su\u00e9ter y se lo pone a cada rato. Sobre todo ahora, por causa de cambio clim\u00e1tico y todas sus consecuencias, la gente responsable tiene que usar a menudo la misma ropa y reciclar todo lo que tenga.<\/p>\n<p>Por lo que se sabe de estos reyes, la Declaraci\u00f3n de los Derechos Humanos es una patra\u00f1a, porque dice que todos somos iguales y eso no es cierto.<\/p>\n<p>En Chile tampoco somos iguales, porque unos tienen millones, unos autos sensacionales y todos los lujos que se les ocurran y otros s\u00f3lo tienen ruido de tripas por el hambre, pero de todos modos se dieron el gusto de votar por el Rechazo, dejar la Constituci\u00f3n de Pinochet vivita y coleando y al gobierno tamboreando en un cacho. Porque ahora tiene que gobernar como si Pinochet estuviera vivo, como dijo Jaime Guzm\u00e1n. Buena venganza se tomaron los m\u00e1s desamparados.<\/p>\n<p>Volviendo a las monarqu\u00edas, no s\u00e9 si ustedes saben que en Europa todav\u00eda quedan ocho pa\u00edses con reyes: Espa\u00f1a, B\u00e9lgica, Pa\u00edses Bajos (Holanda y otros territorios) Luxemburgo, Noruega, Suecia, Dinamarca, Reino Unido, Liechtenstein y M\u00f3naco.<\/p>\n<p>Algunos de estos reyes son millonarios y derrochadores y otros m\u00e1s modestos, pero reyes al fin. Aunque todos son parientes porque se tienen que casar entre ellos, por eso a veces les salen los hijos con cola de chancho como explic\u00f3 Garc\u00eda M\u00e1rquez que sab\u00eda mucho de estas cosas.<\/p>\n<p>Pero ya algunos de estos se\u00f1ores prefieren casarse con una actriz bonita y no con una prima fea. Por ejemplo en Holanda, el rey\u00a0 Guillermo Alejandro est\u00e1 casado con una argentina, M\u00e1xima Zorreguieta; \u00a0que de sangre azul no tiene ni\u00a0 una gota, pero que es muy linda.<\/p>\n<p>Y hasta uno de estos pr\u00edncipes ingleses, hijo de Lady Di, que podr\u00eda llegar al trono si muriera uno o dos herederos que lo preceden, prefiri\u00f3 salirse de la familia real y se cas\u00f3 con una norteamericana mulata pero hermos\u00edsima y se fueron a vivir a California.<\/p>\n<p>Bueno, estas gentes sirven para chismes sin fin y para salir en revistas del coraz\u00f3n o de modas, por lo menos para eso son \u00fatiles.<\/p>\n<p>Y si es por chismes, lo mejor es irse a la monarqu\u00eda espa\u00f1ola, que no tiene igual.<\/p>\n<p>Por ejemplo el rey Juan Carlos, padre del actual, que fue educado y puesto por Franco, tuvo que abdicar e irse de Espa\u00f1a \u00a0para escapar de las distintas causas judiciales abiertas en su contra\u00a0 y del rechazo social. Se radic\u00f3 en Abu Dabi.<\/p>\n<p>Pero f\u00edjense qu\u00e9 raro, \u00a0este hombre, Juan Carlos, \u00a0tuvo su cuarto de hora cuando era\u00a0 joven y logr\u00f3 desmontar el golpe de estado del 23 de febrero de 1981. Lo dirig\u00edan diversos generales, entre ellos el teniente general Jaime Milans del Bosch, secundado en Madrid por un tal teniente coronel Antonio Tejero, que\u00a0 asalt\u00f3 el Palacio de las Cortes que estaba sesionando, y a balazos oblig\u00f3 a todos a tirarse al suelo. Solo permanecieron de pie Adolfo Su\u00e1rez, Guti\u00e9rrez Mellado y Santiago Carrillo, jefe del Partido comunista, que se hicieron famosos pos su valent\u00eda y dignidad.<\/p>\n<p>Hago un par\u00e9ntesis que muchas compa\u00f1eras van a entender: este Adolfo Su\u00e1rez, qu\u00e9 guapo, guap\u00edsimo era \u00bfverdad?<\/p>\n<p>Durante el intento de golpe el p\u00e1nico cundi\u00f3 por Espa\u00f1a, pero mientras tanto el rey Juan Carlos \u00a0habl\u00f3 con todos los milicos que eran amigos suyos \u00a0y los disuadi\u00f3 y tambi\u00e9n habl\u00f3 por la tele, y el golpe se fue a bolina. Ahora algunos dicen que el rey estaba con el golpe, pero yo les recuerdo lo que todos vimos.<\/p>\n<p>Curioso caso que un se\u00f1or que tuvo su cuarto de hora, como les he dicho, ahora haya ca\u00eddo tan bajo. Bueno, hab\u00eda sido puesto por Franco. Y adem\u00e1s, debe ser cierto que el poder corrompe.<\/p>\n<p>Pero su hijo que es rey ahora y se llama Felipe VI, tambi\u00e9n tuvo un cuarto de hora, pero este fue horrible y vergonzoso.<\/p>\n<p>Todos sabemos que lo invitaron a la transmisi\u00f3n del mando en Colombia, donde fue ungido presidente Gustavo Petro y vicepresidenta Francia M\u00e1rquez. En una ceremonia solemne en que estaban presentes todos los presidentes del mundo invitados, se rindi\u00f3 homenaje a Sim\u00f3n Bol\u00edvar y todos se pusieron de pie en se\u00f1al de respeto. Pero el rey de Espa\u00f1a tuvo el atrevimiento y la insolencia de quedarse sentado. Es que ellos todav\u00eda creen que Am\u00e9rica Latina es su colonia.<\/p>\n<p>Tambi\u00e9n todos sabemos que la guerra de Espa\u00f1a fue muy sangrienta y dolorosa. La Rep\u00fablica perdi\u00f3 la guerra, y toda la gente decente del mundo llor\u00f3 y sigui\u00f3 llorando esta enorme p\u00e9rdida, este duro quebranto para la humanidad. Tuvieron que\u00a0 soportar a Franco y a sus cr\u00edmenes, durante m\u00e1s de 36 a\u00f1os. Y luego lleg\u00f3 esta monarqu\u00eda abusadora y retr\u00f3grada.<\/p>\n<p>Se demuestra as\u00ed, que las monarqu\u00edas son in\u00fatiles, despilfarradoras \u00a0y generalmente no practican la democracia. En cambio una rep\u00fablica siempre tiene posibilidades de lograr la democracia plena.<\/p>\n<p>Ahora, ante los ingleses se abre la gran oportunidad de establecer una rep\u00fablica, cosa que no se atrev\u00edan a\u00a0 hacer bajo el reinado de Isabel II, pues se hab\u00edan acostumbrado a tener una reina eterna, que usaba unos extraordinarios sombreros, cada uno una sola vez.<\/p>\n","protected":false},"excerpt":{"rendered":"<p>Han aparecido grupos republicanos, lo que nunca se hab\u00eda visto. Es que este rey que hay ahora no tiene ninguna gracia y adem\u00e1s es un pesado por donde lo miren. En primer lugar, estuvo casado con la princesa Diana, adorada&hellip;<\/p>\n","protected":false},"author":2124,"featured_media":1660482,"comment_status":"closed","ping_status":"closed","sticky":false,"template":"","format":"standard","meta":{"footnotes":""},"categories":[11389,66,161,74],"tags":[5511,105661,806],"class_list":["post-1660481","post","type-post","status-publish","format-standard","has-post-thumbnail","hentry","category-contenido-original","category-europa-es","category-opiniones","category-politica-es","tag-monarquia","tag-reina-isabel-ii","tag-republica"],"yoast_head":"<!-- This site is optimized with the Yoast SEO plugin v27.1.1 - https:\/\/yoast.com\/product\/yoast-seo-wordpress\/ -->\n<title>\u00bfInglaterra se cambia a Rep\u00fablica?<\/title>\n<meta name=\"description\" content=\"Han aparecido grupos republicanos, lo que nunca se hab\u00eda visto. Es que este rey que hay ahora no tiene ninguna gracia y adem\u00e1s es un pesado por donde lo\" \/>\n<meta name=\"robots\" content=\"index, follow, max-snippet:-1, max-image-preview:large, max-video-preview:-1\" \/>\n<link rel=\"canonical\" href=\"https:\/\/www.pressenza.com\/es\/2022\/09\/inglaterra-se-cambia-a-republica\/\" \/>\n<meta property=\"og:locale\" content=\"es_ES\" \/>\n<meta property=\"og:type\" content=\"article\" \/>\n<meta property=\"og:title\" content=\"\u00bfInglaterra se cambia a Rep\u00fablica?\" \/>\n<meta property=\"og:description\" content=\"Han aparecido grupos republicanos, lo que nunca se hab\u00eda visto. Es que este rey que hay ahora no tiene ninguna gracia y adem\u00e1s es un pesado por donde lo\" \/>\n<meta property=\"og:url\" content=\"https:\/\/www.pressenza.com\/es\/2022\/09\/inglaterra-se-cambia-a-republica\/\" \/>\n<meta property=\"og:site_name\" content=\"Pressenza\" \/>\n<meta property=\"article:publisher\" content=\"https:\/\/www.facebook.com\/PressenzaItalia\" \/>\n<meta property=\"article:published_time\" content=\"2022-09-17T15:00:14+00:00\" \/>\n<meta property=\"og:image\" content=\"https:\/\/www.pressenza.com\/wp-content\/uploads\/2022\/09\/reina-isbael.jpg\" \/>\n\t<meta property=\"og:image:width\" content=\"1980\" \/>\n\t<meta property=\"og:image:height\" content=\"1320\" \/>\n\t<meta property=\"og:image:type\" content=\"image\/jpeg\" \/>\n<meta name=\"author\" content=\"Margarita Labarca Goddard\" \/>\n<meta name=\"twitter:card\" content=\"summary_large_image\" \/>\n<meta name=\"twitter:creator\" content=\"@PressenzaIPA\" \/>\n<meta name=\"twitter:site\" content=\"@PressenzaIPA\" \/>\n<meta name=\"twitter:label1\" content=\"Escrito por\" \/>\n\t<meta name=\"twitter:data1\" content=\"Margarita Labarca Goddard\" \/>\n\t<meta name=\"twitter:label2\" content=\"Tiempo de lectura\" \/>\n\t<meta name=\"twitter:data2\" content=\"6 minutos\" \/>\n<script type=\"application\/ld+json\" class=\"yoast-schema-graph\">{\"@context\":\"https:\/\/schema.org\",\"@graph\":[{\"@type\":\"Article\",\"@id\":\"https:\/\/www.pressenza.com\/es\/2022\/09\/inglaterra-se-cambia-a-republica\/#article\",\"isPartOf\":{\"@id\":\"https:\/\/www.pressenza.com\/es\/2022\/09\/inglaterra-se-cambia-a-republica\/\"},\"author\":{\"name\":\"Margarita Labarca Goddard\",\"@id\":\"https:\/\/www.pressenza.com\/es\/#\/schema\/person\/671f453ff8d847cc1742639e75e22e13\"},\"headline\":\"\u00bfInglaterra se cambia a Rep\u00fablica?\",\"datePublished\":\"2022-09-17T15:00:14+00:00\",\"mainEntityOfPage\":{\"@id\":\"https:\/\/www.pressenza.com\/es\/2022\/09\/inglaterra-se-cambia-a-republica\/\"},\"wordCount\":1189,\"publisher\":{\"@id\":\"https:\/\/www.pressenza.com\/es\/#organization\"},\"image\":{\"@id\":\"https:\/\/www.pressenza.com\/es\/2022\/09\/inglaterra-se-cambia-a-republica\/#primaryimage\"},\"thumbnailUrl\":\"https:\/\/www.pressenza.com\/wp-content\/uploads\/2022\/09\/reina-isbael.jpg\",\"keywords\":[\"monarqu\u00eda\",\"Reina Isabel II\",\"Rep\u00fablica\"],\"articleSection\":[\"Contenido Original\",\"Europa\",\"Opiniones\",\"Pol\u00edtica\"],\"inLanguage\":\"es\"},{\"@type\":\"WebPage\",\"@id\":\"https:\/\/www.pressenza.com\/es\/2022\/09\/inglaterra-se-cambia-a-republica\/\",\"url\":\"https:\/\/www.pressenza.com\/es\/2022\/09\/inglaterra-se-cambia-a-republica\/\",\"name\":\"\u00bfInglaterra se cambia a Rep\u00fablica?\",\"isPartOf\":{\"@id\":\"https:\/\/www.pressenza.com\/es\/#website\"},\"primaryImageOfPage\":{\"@id\":\"https:\/\/www.pressenza.com\/es\/2022\/09\/inglaterra-se-cambia-a-republica\/#primaryimage\"},\"image\":{\"@id\":\"https:\/\/www.pressenza.com\/es\/2022\/09\/inglaterra-se-cambia-a-republica\/#primaryimage\"},\"thumbnailUrl\":\"https:\/\/www.pressenza.com\/wp-content\/uploads\/2022\/09\/reina-isbael.jpg\",\"datePublished\":\"2022-09-17T15:00:14+00:00\",\"description\":\"Han aparecido grupos republicanos, lo que nunca se hab\u00eda visto. Es que este rey que hay ahora no tiene ninguna gracia y adem\u00e1s es un pesado por donde lo\",\"breadcrumb\":{\"@id\":\"https:\/\/www.pressenza.com\/es\/2022\/09\/inglaterra-se-cambia-a-republica\/#breadcrumb\"},\"inLanguage\":\"es\",\"potentialAction\":[{\"@type\":\"ReadAction\",\"target\":[\"https:\/\/www.pressenza.com\/es\/2022\/09\/inglaterra-se-cambia-a-republica\/\"]}]},{\"@type\":\"ImageObject\",\"inLanguage\":\"es\",\"@id\":\"https:\/\/www.pressenza.com\/es\/2022\/09\/inglaterra-se-cambia-a-republica\/#primaryimage\",\"url\":\"https:\/\/www.pressenza.com\/wp-content\/uploads\/2022\/09\/reina-isbael.jpg\",\"contentUrl\":\"https:\/\/www.pressenza.com\/wp-content\/uploads\/2022\/09\/reina-isbael.jpg\",\"width\":1980,\"height\":1320,\"caption\":\"Prensa Latina\"},{\"@type\":\"BreadcrumbList\",\"@id\":\"https:\/\/www.pressenza.com\/es\/2022\/09\/inglaterra-se-cambia-a-republica\/#breadcrumb\",\"itemListElement\":[{\"@type\":\"ListItem\",\"position\":1,\"name\":\"Accueil\",\"item\":\"https:\/\/www.pressenza.com\/es\/\"},{\"@type\":\"ListItem\",\"position\":2,\"name\":\"\u00bfInglaterra se cambia a Rep\u00fablica?\"}]},{\"@type\":\"WebSite\",\"@id\":\"https:\/\/www.pressenza.com\/es\/#website\",\"url\":\"https:\/\/www.pressenza.com\/es\/\",\"name\":\"Pressenza\",\"description\":\"International Press Agency\",\"publisher\":{\"@id\":\"https:\/\/www.pressenza.com\/es\/#organization\"},\"potentialAction\":[{\"@type\":\"SearchAction\",\"target\":{\"@type\":\"EntryPoint\",\"urlTemplate\":\"https:\/\/www.pressenza.com\/es\/?s={search_term_string}\"},\"query-input\":{\"@type\":\"PropertyValueSpecification\",\"valueRequired\":true,\"valueName\":\"search_term_string\"}}],\"inLanguage\":\"es\"},{\"@type\":\"Organization\",\"@id\":\"https:\/\/www.pressenza.com\/es\/#organization\",\"name\":\"Pressenza\",\"url\":\"https:\/\/www.pressenza.com\/es\/\",\"logo\":{\"@type\":\"ImageObject\",\"inLanguage\":\"es\",\"@id\":\"https:\/\/www.pressenza.com\/es\/#\/schema\/logo\/image\/\",\"url\":\"https:\/\/www.pressenza.com\/wp-content\/uploads\/2022\/10\/pressenza_logo_200x200.jpg\",\"contentUrl\":\"https:\/\/www.pressenza.com\/wp-content\/uploads\/2022\/10\/pressenza_logo_200x200.jpg\",\"width\":200,\"height\":200,\"caption\":\"Pressenza\"},\"image\":{\"@id\":\"https:\/\/www.pressenza.com\/es\/#\/schema\/logo\/image\/\"},\"sameAs\":[\"https:\/\/www.facebook.com\/PressenzaItalia\",\"https:\/\/x.com\/PressenzaIPA\"]},{\"@type\":\"Person\",\"@id\":\"https:\/\/www.pressenza.com\/es\/#\/schema\/person\/671f453ff8d847cc1742639e75e22e13\",\"name\":\"Margarita Labarca Goddard\",\"description\":\"A graduate of the University of Chile\u2019s Law School (1960), she held a prominent role in public administration during Salvador Allende\u2019s government. Her life has been shaped by a deep international perspective, from an upbringing in Argentina and post-war Paris to political exile in Cuba and Mexico following the 1973 coup. A resident of Mexico since 1979 due to judicial persecution by the Chilean dictatorship, she brings to her writing extensive expertise in the legal, political, and social issues of Latin America.\",\"url\":\"https:\/\/www.pressenza.com\/es\/author\/margarita-labarca-goddard\/\"}]}<\/script>\n<!-- \/ Yoast SEO plugin. -->","yoast_head_json":{"title":"\u00bfInglaterra se cambia a Rep\u00fablica?","description":"Han aparecido grupos republicanos, lo que nunca se hab\u00eda visto. Es que este rey que hay ahora no tiene ninguna gracia y adem\u00e1s es un pesado por donde lo","robots":{"index":"index","follow":"follow","max-snippet":"max-snippet:-1","max-image-preview":"max-image-preview:large","max-video-preview":"max-video-preview:-1"},"canonical":"https:\/\/www.pressenza.com\/es\/2022\/09\/inglaterra-se-cambia-a-republica\/","og_locale":"es_ES","og_type":"article","og_title":"\u00bfInglaterra se cambia a Rep\u00fablica?","og_description":"Han aparecido grupos republicanos, lo que nunca se hab\u00eda visto. Es que este rey que hay ahora no tiene ninguna gracia y adem\u00e1s es un pesado por donde lo","og_url":"https:\/\/www.pressenza.com\/es\/2022\/09\/inglaterra-se-cambia-a-republica\/","og_site_name":"Pressenza","article_publisher":"https:\/\/www.facebook.com\/PressenzaItalia","article_published_time":"2022-09-17T15:00:14+00:00","og_image":[{"width":1980,"height":1320,"url":"https:\/\/www.pressenza.com\/wp-content\/uploads\/2022\/09\/reina-isbael.jpg","type":"image\/jpeg"}],"author":"Margarita Labarca Goddard","twitter_card":"summary_large_image","twitter_creator":"@PressenzaIPA","twitter_site":"@PressenzaIPA","twitter_misc":{"Escrito por":"Margarita Labarca Goddard","Tiempo de lectura":"6 minutos"},"schema":{"@context":"https:\/\/schema.org","@graph":[{"@type":"Article","@id":"https:\/\/www.pressenza.com\/es\/2022\/09\/inglaterra-se-cambia-a-republica\/#article","isPartOf":{"@id":"https:\/\/www.pressenza.com\/es\/2022\/09\/inglaterra-se-cambia-a-republica\/"},"author":{"name":"Margarita Labarca Goddard","@id":"https:\/\/www.pressenza.com\/es\/#\/schema\/person\/671f453ff8d847cc1742639e75e22e13"},"headline":"\u00bfInglaterra se cambia a Rep\u00fablica?","datePublished":"2022-09-17T15:00:14+00:00","mainEntityOfPage":{"@id":"https:\/\/www.pressenza.com\/es\/2022\/09\/inglaterra-se-cambia-a-republica\/"},"wordCount":1189,"publisher":{"@id":"https:\/\/www.pressenza.com\/es\/#organization"},"image":{"@id":"https:\/\/www.pressenza.com\/es\/2022\/09\/inglaterra-se-cambia-a-republica\/#primaryimage"},"thumbnailUrl":"https:\/\/www.pressenza.com\/wp-content\/uploads\/2022\/09\/reina-isbael.jpg","keywords":["monarqu\u00eda","Reina Isabel II","Rep\u00fablica"],"articleSection":["Contenido Original","Europa","Opiniones","Pol\u00edtica"],"inLanguage":"es"},{"@type":"WebPage","@id":"https:\/\/www.pressenza.com\/es\/2022\/09\/inglaterra-se-cambia-a-republica\/","url":"https:\/\/www.pressenza.com\/es\/2022\/09\/inglaterra-se-cambia-a-republica\/","name":"\u00bfInglaterra se cambia a Rep\u00fablica?","isPartOf":{"@id":"https:\/\/www.pressenza.com\/es\/#website"},"primaryImageOfPage":{"@id":"https:\/\/www.pressenza.com\/es\/2022\/09\/inglaterra-se-cambia-a-republica\/#primaryimage"},"image":{"@id":"https:\/\/www.pressenza.com\/es\/2022\/09\/inglaterra-se-cambia-a-republica\/#primaryimage"},"thumbnailUrl":"https:\/\/www.pressenza.com\/wp-content\/uploads\/2022\/09\/reina-isbael.jpg","datePublished":"2022-09-17T15:00:14+00:00","description":"Han aparecido grupos republicanos, lo que nunca se hab\u00eda visto. Es que este rey que hay ahora no tiene ninguna gracia y adem\u00e1s es un pesado por donde lo","breadcrumb":{"@id":"https:\/\/www.pressenza.com\/es\/2022\/09\/inglaterra-se-cambia-a-republica\/#breadcrumb"},"inLanguage":"es","potentialAction":[{"@type":"ReadAction","target":["https:\/\/www.pressenza.com\/es\/2022\/09\/inglaterra-se-cambia-a-republica\/"]}]},{"@type":"ImageObject","inLanguage":"es","@id":"https:\/\/www.pressenza.com\/es\/2022\/09\/inglaterra-se-cambia-a-republica\/#primaryimage","url":"https:\/\/www.pressenza.com\/wp-content\/uploads\/2022\/09\/reina-isbael.jpg","contentUrl":"https:\/\/www.pressenza.com\/wp-content\/uploads\/2022\/09\/reina-isbael.jpg","width":1980,"height":1320,"caption":"Prensa Latina"},{"@type":"BreadcrumbList","@id":"https:\/\/www.pressenza.com\/es\/2022\/09\/inglaterra-se-cambia-a-republica\/#breadcrumb","itemListElement":[{"@type":"ListItem","position":1,"name":"Accueil","item":"https:\/\/www.pressenza.com\/es\/"},{"@type":"ListItem","position":2,"name":"\u00bfInglaterra se cambia a Rep\u00fablica?"}]},{"@type":"WebSite","@id":"https:\/\/www.pressenza.com\/es\/#website","url":"https:\/\/www.pressenza.com\/es\/","name":"Pressenza","description":"International Press Agency","publisher":{"@id":"https:\/\/www.pressenza.com\/es\/#organization"},"potentialAction":[{"@type":"SearchAction","target":{"@type":"EntryPoint","urlTemplate":"https:\/\/www.pressenza.com\/es\/?s={search_term_string}"},"query-input":{"@type":"PropertyValueSpecification","valueRequired":true,"valueName":"search_term_string"}}],"inLanguage":"es"},{"@type":"Organization","@id":"https:\/\/www.pressenza.com\/es\/#organization","name":"Pressenza","url":"https:\/\/www.pressenza.com\/es\/","logo":{"@type":"ImageObject","inLanguage":"es","@id":"https:\/\/www.pressenza.com\/es\/#\/schema\/logo\/image\/","url":"https:\/\/www.pressenza.com\/wp-content\/uploads\/2022\/10\/pressenza_logo_200x200.jpg","contentUrl":"https:\/\/www.pressenza.com\/wp-content\/uploads\/2022\/10\/pressenza_logo_200x200.jpg","width":200,"height":200,"caption":"Pressenza"},"image":{"@id":"https:\/\/www.pressenza.com\/es\/#\/schema\/logo\/image\/"},"sameAs":["https:\/\/www.facebook.com\/PressenzaItalia","https:\/\/x.com\/PressenzaIPA"]},{"@type":"Person","@id":"https:\/\/www.pressenza.com\/es\/#\/schema\/person\/671f453ff8d847cc1742639e75e22e13","name":"Margarita Labarca Goddard","description":"A graduate of the University of Chile\u2019s Law School (1960), she held a prominent role in public administration during Salvador Allende\u2019s government. Her life has been shaped by a deep international perspective, from an upbringing in Argentina and post-war Paris to political exile in Cuba and Mexico following the 1973 coup. A resident of Mexico since 1979 due to judicial persecution by the Chilean dictatorship, she brings to her writing extensive expertise in the legal, political, and social issues of Latin America.","url":"https:\/\/www.pressenza.com\/es\/author\/margarita-labarca-goddard\/"}]}},"place":"Santiago de Chile","original_article_url":"","_links":{"self":[{"href":"https:\/\/www.pressenza.com\/es\/wp-json\/wp\/v2\/posts\/1660481","targetHints":{"allow":["GET"]}}],"collection":[{"href":"https:\/\/www.pressenza.com\/es\/wp-json\/wp\/v2\/posts"}],"about":[{"href":"https:\/\/www.pressenza.com\/es\/wp-json\/wp\/v2\/types\/post"}],"author":[{"embeddable":true,"href":"https:\/\/www.pressenza.com\/es\/wp-json\/wp\/v2\/users\/2124"}],"replies":[{"embeddable":true,"href":"https:\/\/www.pressenza.com\/es\/wp-json\/wp\/v2\/comments?post=1660481"}],"version-history":[{"count":0,"href":"https:\/\/www.pressenza.com\/es\/wp-json\/wp\/v2\/posts\/1660481\/revisions"}],"wp:featuredmedia":[{"embeddable":true,"href":"https:\/\/www.pressenza.com\/es\/wp-json\/wp\/v2\/media\/1660482"}],"wp:attachment":[{"href":"https:\/\/www.pressenza.com\/es\/wp-json\/wp\/v2\/media?parent=1660481"}],"wp:term":[{"taxonomy":"category","embeddable":true,"href":"https:\/\/www.pressenza.com\/es\/wp-json\/wp\/v2\/categories?post=1660481"},{"taxonomy":"post_tag","embeddable":true,"href":"https:\/\/www.pressenza.com\/es\/wp-json\/wp\/v2\/tags?post=1660481"}],"curies":[{"name":"wp","href":"https:\/\/api.w.org\/{rel}","templated":true}]}}