{"id":1659,"date":"2009-10-08T00:00:00","date_gmt":"2009-10-08T00:00:00","guid":{"rendered":""},"modified":"2009-10-08T10:37:44","modified_gmt":"2009-10-08T10:37:44","slug":"xamerica-latina-radioactivax","status":"publish","type":"post","link":"https:\/\/www.pressenza.com\/es\/2009\/10\/xamerica-latina-radioactivax\/","title":{"rendered":"\u00bfAm\u00e9rica Latina Radioactiva?"},"content":{"rendered":"<p>En el marco de las actividades de organizaciones sociales promotoras de la Marcha Mundial por la Paz y la No Violencia, representantes de la organizaci\u00f3n \u201cMundo sin Guerras\u201d realizaron este Mi\u00e9rcoles 7 de Octubre, un acto simb\u00f3lico frente a la Embajada de Brasil, en la que se repudi\u00f3,  p\u00fablica y tajantemente, las declaraciones del  Vicepresidente de Brasil General Jos\u00e9 Alencar. \u00c9ste plante\u00f3 la posibilidad de introducir en Am\u00e9rica Latina la m\u00e1s letal de las armas de destrucci\u00f3n masiva: las bombas at\u00f3micas. A ellas se suman los dichos de  Jos\u00e9 Benedito de Barros Moreira en el a\u00f1o 2007, qui\u00e9n, mientras ejerc\u00eda como Secretario de Pol\u00edtica, Estrategia y Relaciones Internacionales del Ministerio de Defensa, no vacil\u00f3 en justificar la posibilidad futura que Brasil desarrollara un artefacto nuclear para defender su patrimonio rico en agua, energ\u00eda, alimentos y minerales.<\/p>\n<p>Los asistentes, vestidos con overoles rojos y provistos de carteles que hac\u00edan alusi\u00f3n al desarme nuclear, leyeron un manifiesto p\u00fablico, en el que se\u00f1alaron que el armamentismo no es, de ninguna manera, una forma de avalarse ante otras potencias, sobre todo en un momento hist\u00f3rico, en que \u00e9stas comienzan a dar un giro hacia el desarme nuclear y cambios m\u00e1s radicales.<\/p>\n<p>A su vez, instaron al gobierno de Chile, encabezado por su excelencia la presidenta Michelle Bachelet, quien ha manifestado p\u00fablicamente su fiel adhesi\u00f3n a potenciar y seguir el camino de la No Violencia activa, de la Paz y del desarme, as\u00ed como al resto de las jefaturas latinoamericanas a repudiar la postura armamentista de estos altos miembros del gobierno brasile\u00f1o. De igual manera, hicieron un llamado a la conciencia cr\u00edtica y democr\u00e1tica del pueblo brasile\u00f1o, a sus j\u00f3venes, a sus creadores, a sus gobernantes, a no caer en el juego sin sentido del armamentismo y la violencia, puesto que no los proteger\u00e1n de nada, no los avalar\u00e1n ante otras naciones y s\u00f3lo continuar\u00e1 con las desigualdades e injusticias que sigue viviendo nuestra Am\u00e9rica Latina. <\/p>\n<p>Y aunque dentro del mismo acto se  valor\u00f3 la postura del actual ministro brasile\u00f1o de Defensa, Nelson Jobim, quien aclar\u00f3 que no existe la posibilidad de crear una eventual alianza nuclear con Ir\u00e1n, puesto que la Constituci\u00f3n brasile\u00f1a proh\u00edbe investigaciones sobre armas nucleares y, segundo, porque la naci\u00f3n es parte del Tratado de No Proliferaci\u00f3n Nuclear, se exigi\u00f3 que el gobierno de Lula entregue, formalmente, una explicaci\u00f3n a sus vecinos latinoamericanos  de porqu\u00e9 el segundo hombre a cargo de la naci\u00f3n es partidario de tener en la regi\u00f3n un arma con un alto poder de destrucci\u00f3n, convirti\u00e9ndose en una potencial amenaza para nuestro hemisferio y el resto del mundo.<\/p>\n","protected":false},"excerpt":{"rendered":"<p>\u201cMundo Sin Guerras\u201d repudia dichos del Vicepresidente brasile\u00f1o quien cree \u201cconveniente\u201d que Brasil posea armas nucleares. Para la organizaci\u00f3n, promotora de una sociedad sin violencia, estas declaraciones son muy graves puesto que reflejan una ideolog\u00eda que se opone al anhelo de paz del continente y a lo consignado en la misma constituci\u00f3n de Brasil<\/p>\n","protected":false},"author":19,"featured_media":0,"comment_status":"closed","ping_status":"open","sticky":false,"template":"","format":"standard","meta":{"footnotes":""},"categories":[74,67],"tags":[],"class_list":["post-1659","post","type-post","status-publish","format-standard","hentry","category-politica-es","category-sudamerica"],"yoast_head":"<!-- This site is optimized with the Yoast SEO plugin v27.1.1 - https:\/\/yoast.com\/product\/yoast-seo-wordpress\/ -->\n<title>\u00bfAm\u00e9rica Latina Radioactiva?<\/title>\n<meta name=\"description\" content=\"\u201cMundo Sin Guerras\u201d repudia dichos del Vicepresidente brasile\u00f1o quien cree \u201cconveniente\u201d que Brasil posea armas nucleares. Para la organizaci\u00f3n, promotora de una sociedad sin violencia, estas declaraciones son muy graves puesto que reflejan una ideolog\u00eda que se opone al anhelo de paz del continente y a lo consignado en la misma constituci\u00f3n de Brasil\" \/>\n<meta name=\"robots\" content=\"index, follow, max-snippet:-1, max-image-preview:large, max-video-preview:-1\" \/>\n<link rel=\"canonical\" href=\"https:\/\/www.pressenza.com\/es\/2009\/10\/xamerica-latina-radioactivax\/\" \/>\n<meta property=\"og:locale\" content=\"es_ES\" \/>\n<meta property=\"og:type\" content=\"article\" \/>\n<meta property=\"og:title\" content=\"\u00bfAm\u00e9rica Latina Radioactiva?\" \/>\n<meta property=\"og:description\" content=\"\u201cMundo Sin Guerras\u201d repudia dichos del Vicepresidente brasile\u00f1o quien cree \u201cconveniente\u201d que Brasil posea armas nucleares. Para la organizaci\u00f3n, promotora de una sociedad sin violencia, estas declaraciones son muy graves puesto que reflejan una ideolog\u00eda que se opone al anhelo de paz del continente y a lo consignado en la misma constituci\u00f3n de Brasil\" \/>\n<meta property=\"og:url\" content=\"https:\/\/www.pressenza.com\/es\/2009\/10\/xamerica-latina-radioactivax\/\" \/>\n<meta property=\"og:site_name\" content=\"Pressenza\" \/>\n<meta property=\"article:publisher\" content=\"https:\/\/www.facebook.com\/PressenzaItalia\" \/>\n<meta property=\"article:author\" content=\"https:\/\/www.facebook.com\/pressenza\" \/>\n<meta property=\"article:published_time\" content=\"2009-10-08T00:00:00+00:00\" \/>\n<meta property=\"article:modified_time\" content=\"2009-10-08T10:37:44+00:00\" \/>\n<meta name=\"author\" content=\"Pressenza IPA\" \/>\n<meta name=\"twitter:card\" content=\"summary_large_image\" \/>\n<meta name=\"twitter:creator\" content=\"@PressenzaIPA\" \/>\n<meta name=\"twitter:site\" content=\"@PressenzaIPA\" \/>\n<meta name=\"twitter:label1\" content=\"Escrito por\" \/>\n\t<meta name=\"twitter:data1\" content=\"Pressenza IPA\" \/>\n\t<meta name=\"twitter:label2\" content=\"Tiempo de lectura\" \/>\n\t<meta name=\"twitter:data2\" content=\"2 minutos\" \/>\n<script type=\"application\/ld+json\" class=\"yoast-schema-graph\">{\"@context\":\"https:\/\/schema.org\",\"@graph\":[{\"@type\":\"Article\",\"@id\":\"https:\/\/www.pressenza.com\/es\/2009\/10\/xamerica-latina-radioactivax\/#article\",\"isPartOf\":{\"@id\":\"https:\/\/www.pressenza.com\/es\/2009\/10\/xamerica-latina-radioactivax\/\"},\"author\":{\"name\":\"Pressenza IPA\",\"@id\":\"https:\/\/www.pressenza.com\/es\/#\/schema\/person\/010e5d02bcf40965427a1289a4cc8d75\"},\"headline\":\"\u00bfAm\u00e9rica Latina Radioactiva?\",\"datePublished\":\"2009-10-08T00:00:00+00:00\",\"dateModified\":\"2009-10-08T10:37:44+00:00\",\"mainEntityOfPage\":{\"@id\":\"https:\/\/www.pressenza.com\/es\/2009\/10\/xamerica-latina-radioactivax\/\"},\"wordCount\":474,\"publisher\":{\"@id\":\"https:\/\/www.pressenza.com\/es\/#organization\"},\"articleSection\":[\"Pol\u00edtica\",\"Sudam\u00e9rica\"],\"inLanguage\":\"es\"},{\"@type\":\"WebPage\",\"@id\":\"https:\/\/www.pressenza.com\/es\/2009\/10\/xamerica-latina-radioactivax\/\",\"url\":\"https:\/\/www.pressenza.com\/es\/2009\/10\/xamerica-latina-radioactivax\/\",\"name\":\"\u00bfAm\u00e9rica Latina Radioactiva?\",\"isPartOf\":{\"@id\":\"https:\/\/www.pressenza.com\/es\/#website\"},\"datePublished\":\"2009-10-08T00:00:00+00:00\",\"dateModified\":\"2009-10-08T10:37:44+00:00\",\"description\":\"\u201cMundo Sin Guerras\u201d repudia dichos del Vicepresidente brasile\u00f1o quien cree \u201cconveniente\u201d que Brasil posea armas nucleares. Para la organizaci\u00f3n, promotora de una sociedad sin violencia, estas declaraciones son muy graves puesto que reflejan una ideolog\u00eda que se opone al anhelo de paz del continente y a lo consignado en la misma constituci\u00f3n de Brasil\",\"breadcrumb\":{\"@id\":\"https:\/\/www.pressenza.com\/es\/2009\/10\/xamerica-latina-radioactivax\/#breadcrumb\"},\"inLanguage\":\"es\",\"potentialAction\":[{\"@type\":\"ReadAction\",\"target\":[\"https:\/\/www.pressenza.com\/es\/2009\/10\/xamerica-latina-radioactivax\/\"]}]},{\"@type\":\"BreadcrumbList\",\"@id\":\"https:\/\/www.pressenza.com\/es\/2009\/10\/xamerica-latina-radioactivax\/#breadcrumb\",\"itemListElement\":[{\"@type\":\"ListItem\",\"position\":1,\"name\":\"Accueil\",\"item\":\"https:\/\/www.pressenza.com\/es\/\"},{\"@type\":\"ListItem\",\"position\":2,\"name\":\"\u00bfAm\u00e9rica Latina Radioactiva?\"}]},{\"@type\":\"WebSite\",\"@id\":\"https:\/\/www.pressenza.com\/es\/#website\",\"url\":\"https:\/\/www.pressenza.com\/es\/\",\"name\":\"Pressenza\",\"description\":\"International Press Agency\",\"publisher\":{\"@id\":\"https:\/\/www.pressenza.com\/es\/#organization\"},\"potentialAction\":[{\"@type\":\"SearchAction\",\"target\":{\"@type\":\"EntryPoint\",\"urlTemplate\":\"https:\/\/www.pressenza.com\/es\/?s={search_term_string}\"},\"query-input\":{\"@type\":\"PropertyValueSpecification\",\"valueRequired\":true,\"valueName\":\"search_term_string\"}}],\"inLanguage\":\"es\"},{\"@type\":\"Organization\",\"@id\":\"https:\/\/www.pressenza.com\/es\/#organization\",\"name\":\"Pressenza\",\"url\":\"https:\/\/www.pressenza.com\/es\/\",\"logo\":{\"@type\":\"ImageObject\",\"inLanguage\":\"es\",\"@id\":\"https:\/\/www.pressenza.com\/es\/#\/schema\/logo\/image\/\",\"url\":\"https:\/\/www.pressenza.com\/wp-content\/uploads\/2022\/10\/pressenza_logo_200x200.jpg\",\"contentUrl\":\"https:\/\/www.pressenza.com\/wp-content\/uploads\/2022\/10\/pressenza_logo_200x200.jpg\",\"width\":200,\"height\":200,\"caption\":\"Pressenza\"},\"image\":{\"@id\":\"https:\/\/www.pressenza.com\/es\/#\/schema\/logo\/image\/\"},\"sameAs\":[\"https:\/\/www.facebook.com\/PressenzaItalia\",\"https:\/\/x.com\/PressenzaIPA\"]},{\"@type\":\"Person\",\"@id\":\"https:\/\/www.pressenza.com\/es\/#\/schema\/person\/010e5d02bcf40965427a1289a4cc8d75\",\"name\":\"Pressenza IPA\",\"description\":\"News from Pressenza IPA correspondents\",\"sameAs\":[\"https:\/\/www.facebook.com\/pressenza\",\"https:\/\/x.com\/PressenzaIPA\"],\"url\":\"https:\/\/www.pressenza.com\/es\/author\/pressenza-ipa\/\"}]}<\/script>\n<!-- \/ Yoast SEO plugin. -->","yoast_head_json":{"title":"\u00bfAm\u00e9rica Latina Radioactiva?","description":"\u201cMundo Sin Guerras\u201d repudia dichos del Vicepresidente brasile\u00f1o quien cree \u201cconveniente\u201d que Brasil posea armas nucleares. Para la organizaci\u00f3n, promotora de una sociedad sin violencia, estas declaraciones son muy graves puesto que reflejan una ideolog\u00eda que se opone al anhelo de paz del continente y a lo consignado en la misma constituci\u00f3n de Brasil","robots":{"index":"index","follow":"follow","max-snippet":"max-snippet:-1","max-image-preview":"max-image-preview:large","max-video-preview":"max-video-preview:-1"},"canonical":"https:\/\/www.pressenza.com\/es\/2009\/10\/xamerica-latina-radioactivax\/","og_locale":"es_ES","og_type":"article","og_title":"\u00bfAm\u00e9rica Latina Radioactiva?","og_description":"\u201cMundo Sin Guerras\u201d repudia dichos del Vicepresidente brasile\u00f1o quien cree \u201cconveniente\u201d que Brasil posea armas nucleares. Para la organizaci\u00f3n, promotora de una sociedad sin violencia, estas declaraciones son muy graves puesto que reflejan una ideolog\u00eda que se opone al anhelo de paz del continente y a lo consignado en la misma constituci\u00f3n de Brasil","og_url":"https:\/\/www.pressenza.com\/es\/2009\/10\/xamerica-latina-radioactivax\/","og_site_name":"Pressenza","article_publisher":"https:\/\/www.facebook.com\/PressenzaItalia","article_author":"https:\/\/www.facebook.com\/pressenza","article_published_time":"2009-10-08T00:00:00+00:00","article_modified_time":"2009-10-08T10:37:44+00:00","author":"Pressenza IPA","twitter_card":"summary_large_image","twitter_creator":"@PressenzaIPA","twitter_site":"@PressenzaIPA","twitter_misc":{"Escrito por":"Pressenza IPA","Tiempo de lectura":"2 minutos"},"schema":{"@context":"https:\/\/schema.org","@graph":[{"@type":"Article","@id":"https:\/\/www.pressenza.com\/es\/2009\/10\/xamerica-latina-radioactivax\/#article","isPartOf":{"@id":"https:\/\/www.pressenza.com\/es\/2009\/10\/xamerica-latina-radioactivax\/"},"author":{"name":"Pressenza IPA","@id":"https:\/\/www.pressenza.com\/es\/#\/schema\/person\/010e5d02bcf40965427a1289a4cc8d75"},"headline":"\u00bfAm\u00e9rica Latina Radioactiva?","datePublished":"2009-10-08T00:00:00+00:00","dateModified":"2009-10-08T10:37:44+00:00","mainEntityOfPage":{"@id":"https:\/\/www.pressenza.com\/es\/2009\/10\/xamerica-latina-radioactivax\/"},"wordCount":474,"publisher":{"@id":"https:\/\/www.pressenza.com\/es\/#organization"},"articleSection":["Pol\u00edtica","Sudam\u00e9rica"],"inLanguage":"es"},{"@type":"WebPage","@id":"https:\/\/www.pressenza.com\/es\/2009\/10\/xamerica-latina-radioactivax\/","url":"https:\/\/www.pressenza.com\/es\/2009\/10\/xamerica-latina-radioactivax\/","name":"\u00bfAm\u00e9rica Latina Radioactiva?","isPartOf":{"@id":"https:\/\/www.pressenza.com\/es\/#website"},"datePublished":"2009-10-08T00:00:00+00:00","dateModified":"2009-10-08T10:37:44+00:00","description":"\u201cMundo Sin Guerras\u201d repudia dichos del Vicepresidente brasile\u00f1o quien cree \u201cconveniente\u201d que Brasil posea armas nucleares. Para la organizaci\u00f3n, promotora de una sociedad sin violencia, estas declaraciones son muy graves puesto que reflejan una ideolog\u00eda que se opone al anhelo de paz del continente y a lo consignado en la misma constituci\u00f3n de Brasil","breadcrumb":{"@id":"https:\/\/www.pressenza.com\/es\/2009\/10\/xamerica-latina-radioactivax\/#breadcrumb"},"inLanguage":"es","potentialAction":[{"@type":"ReadAction","target":["https:\/\/www.pressenza.com\/es\/2009\/10\/xamerica-latina-radioactivax\/"]}]},{"@type":"BreadcrumbList","@id":"https:\/\/www.pressenza.com\/es\/2009\/10\/xamerica-latina-radioactivax\/#breadcrumb","itemListElement":[{"@type":"ListItem","position":1,"name":"Accueil","item":"https:\/\/www.pressenza.com\/es\/"},{"@type":"ListItem","position":2,"name":"\u00bfAm\u00e9rica Latina Radioactiva?"}]},{"@type":"WebSite","@id":"https:\/\/www.pressenza.com\/es\/#website","url":"https:\/\/www.pressenza.com\/es\/","name":"Pressenza","description":"International Press Agency","publisher":{"@id":"https:\/\/www.pressenza.com\/es\/#organization"},"potentialAction":[{"@type":"SearchAction","target":{"@type":"EntryPoint","urlTemplate":"https:\/\/www.pressenza.com\/es\/?s={search_term_string}"},"query-input":{"@type":"PropertyValueSpecification","valueRequired":true,"valueName":"search_term_string"}}],"inLanguage":"es"},{"@type":"Organization","@id":"https:\/\/www.pressenza.com\/es\/#organization","name":"Pressenza","url":"https:\/\/www.pressenza.com\/es\/","logo":{"@type":"ImageObject","inLanguage":"es","@id":"https:\/\/www.pressenza.com\/es\/#\/schema\/logo\/image\/","url":"https:\/\/www.pressenza.com\/wp-content\/uploads\/2022\/10\/pressenza_logo_200x200.jpg","contentUrl":"https:\/\/www.pressenza.com\/wp-content\/uploads\/2022\/10\/pressenza_logo_200x200.jpg","width":200,"height":200,"caption":"Pressenza"},"image":{"@id":"https:\/\/www.pressenza.com\/es\/#\/schema\/logo\/image\/"},"sameAs":["https:\/\/www.facebook.com\/PressenzaItalia","https:\/\/x.com\/PressenzaIPA"]},{"@type":"Person","@id":"https:\/\/www.pressenza.com\/es\/#\/schema\/person\/010e5d02bcf40965427a1289a4cc8d75","name":"Pressenza IPA","description":"News from Pressenza IPA correspondents","sameAs":["https:\/\/www.facebook.com\/pressenza","https:\/\/x.com\/PressenzaIPA"],"url":"https:\/\/www.pressenza.com\/es\/author\/pressenza-ipa\/"}]}},"place":"Santiago","original_article_url":"","_links":{"self":[{"href":"https:\/\/www.pressenza.com\/es\/wp-json\/wp\/v2\/posts\/1659","targetHints":{"allow":["GET"]}}],"collection":[{"href":"https:\/\/www.pressenza.com\/es\/wp-json\/wp\/v2\/posts"}],"about":[{"href":"https:\/\/www.pressenza.com\/es\/wp-json\/wp\/v2\/types\/post"}],"author":[{"embeddable":true,"href":"https:\/\/www.pressenza.com\/es\/wp-json\/wp\/v2\/users\/19"}],"replies":[{"embeddable":true,"href":"https:\/\/www.pressenza.com\/es\/wp-json\/wp\/v2\/comments?post=1659"}],"version-history":[{"count":0,"href":"https:\/\/www.pressenza.com\/es\/wp-json\/wp\/v2\/posts\/1659\/revisions"}],"wp:attachment":[{"href":"https:\/\/www.pressenza.com\/es\/wp-json\/wp\/v2\/media?parent=1659"}],"wp:term":[{"taxonomy":"category","embeddable":true,"href":"https:\/\/www.pressenza.com\/es\/wp-json\/wp\/v2\/categories?post=1659"},{"taxonomy":"post_tag","embeddable":true,"href":"https:\/\/www.pressenza.com\/es\/wp-json\/wp\/v2\/tags?post=1659"}],"curies":[{"name":"wp","href":"https:\/\/api.w.org\/{rel}","templated":true}]}}