{"id":1657,"date":"2009-10-08T00:00:00","date_gmt":"2009-10-08T00:00:00","guid":{"rendered":""},"modified":"2009-10-08T08:34:34","modified_gmt":"2009-10-08T08:34:34","slug":"testimonios-de-lo-vivido-en-uruguay-el-dia-de-la-no-violencia","status":"publish","type":"post","link":"https:\/\/www.pressenza.com\/es\/2009\/10\/testimonios-de-lo-vivido-en-uruguay-el-dia-de-la-no-violencia\/","title":{"rendered":"Testimonios de lo vivido en Uruguay el D\u00eda de la No-Violencia"},"content":{"rendered":"<p>La jornada del 2 de octubre en Montevideo, Uruguay, se inici\u00f3 en la ma\u00f1ana, a las 9 horas, cuando nos encontramos con ni\u00f1os de la Escuela 70 Jos\u00e9 Batlle y Ord\u00f3\u00f1ez y el Instituto Educacional Narsesian, acompa\u00f1ados de sus respectivos responsables, frente al Palacio Legislativo. Entre ellos est\u00e1 la maestra y tallerista Ana Maria, a quien entrevistamos y nos cont\u00f3 lo siguiente:<\/p>\n<p>\u00bfC\u00f3mo est\u00e1n trabajando los chicos hoy para la Marcha Mundial por la Paz y la No-Violencia?<\/p>\n<p>Estamos imprimiendo los pies sobre un  lienzo, hay mucha alegr\u00eda, mucho trabajo de estos ni\u00f1os.<\/p>\n<p>\u00bfT\u00fa eres la maestra de ellos?<\/p>\n<p>Yo soy maestra en el Colegio Armenio y he dado talleres en la escuela 70 sobre la marcha mundial y la no violencia.<\/p>\n<p>\u00bfC\u00f3mo tomaron los ni\u00f1os la noticia de esta marcha y las causas por las que se hace?<\/p>\n<p>Con mucha alegr\u00eda, con inter\u00e9s, estuvieron buscando material, bajaron informaci\u00f3n de la web de la marcha, ellos mismos prepararon carteles, son todas iniciativas de los ni\u00f1os, que surgi\u00f3 de los distintos tipos de violencia que hay en el mundo.<\/p>\n<p>En el momento, se acerc\u00f3 un ni\u00f1o y este corresponsal le realiz\u00f3 algunas preguntas. <\/p>\n<p>\u00bfDe qu\u00e9 escuelita eres alumno?<\/p>\n<p>70 Jos\u00e9 Batlle y Ord\u00f3\u00f1ez.<\/p>\n<p>\u00bfY qu\u00e9 te parece todo esto de hacer una marcha mundial para que en el mundo no haya m\u00e1s violencia y reine la paz?<\/p>\n<p>Me parece bien para que todos podamos vivir en paz y podamos tener un mundo sin violencia.<\/p>\n<p>\u00bfQu\u00e9 dice tu cartelito?<\/p>\n<p>Es el s\u00edmbolo de la paz, y dice amor bondad solidaridad libertad tolerancia, compa\u00f1erismo y amistad alrededor.<\/p>\n<p>Ana Maria comenz\u00f3 siendo tallerista en la escuela 70, con el tema del genocidio armenio y a partir de ah\u00ed empez\u00f3 a trabajar con la marcha mundial. La maestra  no estaba sola con todo esto sino que la acompa\u00f1aban algunos compa\u00f1eros: Graciela, Gustavo y Pepe, quienes junto a ella participan en la Asociaci\u00f3n Civil Di\u00e1logo y en la organizaci\u00f3n La Comunidad para el Desarrollo Humano. Muestra de un gran futuro sobre el tema fue el comentario de Graciela: \u201cLo que m\u00e1s nos interesar\u00eda es que se trabajara en todas las escuelas a nivel institucional y que lo pudieran incorporar dentro de programas\u201d. <\/p>\n<p>Tambi\u00e9n tuvimos la oportunidad de conversar con un miembro de la Comunidad Armenia en Uruguay que estaba junto a los ni\u00f1os del colegio Narsesian.<\/p>\n<p>Esto nos contaba Sabeth Sacarias: \u201cPara nosotros nuestro pueblo armenio, que hace mil a\u00f1os que estamos bajo una violencia \u00e9tica bajo el dominio turco y hace mil a\u00f1os que estamos sufriendo, la paz es fundamental. Y estamos ense\u00f1ando y educando a los chiquilines del Colegio Armenio para que sean en el futuro ciudadanos responsables ante la sensibilidad de la paz mundial\u201d. Para Sacar\u00edas, en Uruguay cada vez la gente est\u00e1 m\u00e1s interesada en trabajar por la paz y la no-violencia.<\/p>\n<p>M\u00e1s tarde en la plaza Cagancha ubicada en la avenida 18 de julio, la principal de Montevideo, se preparaba la segunda movida de la jornada. Varias personas se acercaron hasta ah\u00ed, donde desde una pantalla gigante se proyectaban videos de concientizaci\u00f3n sobre las armas nucleares y tambi\u00e9n se proyect\u00f3 el video del inicio de la marcha en Nueva Zelanda. Seguido de esto vinieron otras actividades que nos cuenta a continuaci\u00f3n el vocero del Movimiento Humanista local, Daniel Roca.<\/p>\n<p>\u00bfC\u00f3mo fue el inicio de este lanzamiento mundial?<\/p>\n<p>La celebraci\u00f3n del comienzo de  la marcha, que comenz\u00f3 hace 14  hs. en Wellington, Nueva Zelanda, se est\u00e1 viviendo tambi\u00e9n en Uruguay. En todas partes del mundo se ha estado celebrando. En nuestro pa\u00eds hoy a la ma\u00f1ana se hizo algo en Montevideo, en Salto una marcha hace unas horas y ac\u00e1 vamos a hacer un encuentro con toda la gente amiga que se acerque, donde daremos un mensaje. Vamos a hacer el s\u00edmbolo de la no violencia (con personas) y vamos a invitar  la gente que se sumen a todas las actividades que vamos a hacer en los tres meses que dure la marcha y especialmente tambi\u00e9n a la espera de la llegada del recorrido de la marcha que llega a nuestro pa\u00eds el 27 y 28 de diciembre.<\/p>\n<p>\u00bfCu\u00e1les son las organizaciones que participan en esta acci\u00f3n de hoy?<\/p>\n<p>Hay gente de los distintos organismos, del Movimiento Humanista, de La Comunidad para el Desarrollo Humano, del Partido Humanista, de la Comisi\u00f3n Contra la Instalaci\u00f3n de la Energ\u00eda Nuclear en Uruguay, Asamblea Ambientalista del Callej\u00f3n, Mujeres de Negro, Di\u00e1logo, entre otros amigos que van a estar hoy.<\/p>\n<p>\u00bfQu\u00e9 tienen planificado para el d\u00eda que llegue el recorrido de la marcha?<\/p>\n<p>Tenemos planeadas diversas cosas, lo \u00fanico que tenemos confirmado es que en un lugar que dispongamos nosotros, Eduardo Galeano va exponer durante 15 minutos. Lo que tenemos asegurado es que el 28 de diciembre Galeano va a estar recibiendo la marcha, \u00e9l esta haciendo bastante difusi\u00f3n sobre la marcha nuestra en sus entrevistas. Queremos hacer tambi\u00e9n un partido de f\u00fatbol el 27, va a haber conferencia de prensa en la ma\u00f1ana con los que vienen marchando m\u00e1s el vocero. <\/p>\n<p>\u00bfC\u00f3mo fue la preparaci\u00f3n durante el a\u00f1o?<\/p>\n<p>Nosotros hemos hecho 3 campa\u00f1as, han sido campa\u00f1as mundiales en los meses de abril, junio y setiembre, donde sal\u00edamos a la calle a juntar adhesiones, propon\u00edamos los seis puntos de la marcha y toda persona que adher\u00eda a esos 6 puntos, firmaba y luego quedaba contactada. Hubo muy buena la reacci\u00f3n de la gente.Hemos estado en colegios dando talleres, a m\u00ed en particular me ha tocado en Salto, donde hemos trabajo unos 80 profesores de la U.T.U., hemos hecho reuniones para el C.E.R.P (Centro de Estudio Regional de Profesores) para unos 400 alumnos; todos trabajos que en si en el momento no se ven los resultados, pero nosotros invitamos a esas personas a que cuando participa de un evento, lleve esa discusi\u00f3n o ese tema de la no violencia a su casa.<\/p>\n<p>Apuntando a eso, \u00bfencontraron apoyo de las autoridades competentes?<\/p>\n<p>El M.E.C. ha adherido, y de hecho nosotros encontramos que esa adhesi\u00f3n del M.E.C facilita mucho el trabajo en los colegios.<\/p>\n<p>Y en el futuro, \u00bfseguir\u00e1 creciendo?<\/p>\n<p>Necesitar\u00edamos ser m\u00e1s humanistas, disponibles para organizar, porque una cosa es que vos te unas a algo que alguien arma y otra es que vos seas el que organiza a otros para que se muevan.<\/p>\n<p>En Uruguay, para conectarse con ustedes, \u00bfc\u00f3mo se puede hacer?<\/p>\n<p>Cualquier buscador de Internet, se pone movimiento humanista o marcha mundial Uruguay y aparece una p\u00e1gina web o al tel\u00e9fono 099671493.<\/p>\n<p>(colaboraci\u00f3n de www.viejaviola.com)<\/p>\n","protected":false},"excerpt":{"rendered":"<p>El viernes 2 de octubre se festej\u00f3 el d\u00eda mundial de la no-violencia y Uruguay lo celebr\u00f3 con actividades de concientizaci\u00f3n. Participaron de la jornada distintas organizaciones educativas y culturales. El corresponsal de Pressenza en Uruguay relata lo vivido, con testimonios de ni\u00f1os, maestros, miembros de la colectividad armenia y de organizaciones de ese pa\u00eds.<\/p>\n","protected":false},"author":19,"featured_media":0,"comment_status":"closed","ping_status":"open","sticky":false,"template":"","format":"standard","meta":{"footnotes":""},"categories":[75,161,67],"tags":[],"class_list":["post-1657","post","type-post","status-publish","format-standard","hentry","category-cultura-es","category-opiniones","category-sudamerica"],"yoast_head":"<!-- This site is optimized with the Yoast SEO plugin v27.1.1 - https:\/\/yoast.com\/product\/yoast-seo-wordpress\/ -->\n<title>Testimonios de lo vivido en Uruguay el D\u00eda de la No-Violencia<\/title>\n<meta name=\"description\" content=\"El viernes 2 de octubre se festej\u00f3 el d\u00eda mundial de la no-violencia y Uruguay lo celebr\u00f3 con actividades de concientizaci\u00f3n. Participaron de la jornada distintas organizaciones educativas y culturales. El corresponsal de Pressenza en Uruguay relata lo vivido, con testimonios de ni\u00f1os, maestros, miembros de la colectividad armenia y de organizaciones de ese pa\u00eds.\" \/>\n<meta name=\"robots\" content=\"index, follow, max-snippet:-1, max-image-preview:large, max-video-preview:-1\" \/>\n<link rel=\"canonical\" href=\"https:\/\/www.pressenza.com\/es\/2009\/10\/testimonios-de-lo-vivido-en-uruguay-el-dia-de-la-no-violencia\/\" \/>\n<meta property=\"og:locale\" content=\"es_ES\" \/>\n<meta property=\"og:type\" content=\"article\" \/>\n<meta property=\"og:title\" content=\"Testimonios de lo vivido en Uruguay el D\u00eda de la No-Violencia\" \/>\n<meta property=\"og:description\" content=\"El viernes 2 de octubre se festej\u00f3 el d\u00eda mundial de la no-violencia y Uruguay lo celebr\u00f3 con actividades de concientizaci\u00f3n. Participaron de la jornada distintas organizaciones educativas y culturales. El corresponsal de Pressenza en Uruguay relata lo vivido, con testimonios de ni\u00f1os, maestros, miembros de la colectividad armenia y de organizaciones de ese pa\u00eds.\" \/>\n<meta property=\"og:url\" content=\"https:\/\/www.pressenza.com\/es\/2009\/10\/testimonios-de-lo-vivido-en-uruguay-el-dia-de-la-no-violencia\/\" \/>\n<meta property=\"og:site_name\" content=\"Pressenza\" \/>\n<meta property=\"article:publisher\" content=\"https:\/\/www.facebook.com\/PressenzaItalia\" \/>\n<meta property=\"article:author\" content=\"https:\/\/www.facebook.com\/pressenza\" \/>\n<meta property=\"article:published_time\" content=\"2009-10-08T00:00:00+00:00\" \/>\n<meta property=\"article:modified_time\" content=\"2009-10-08T08:34:34+00:00\" \/>\n<meta name=\"author\" content=\"Pressenza IPA\" \/>\n<meta name=\"twitter:card\" content=\"summary_large_image\" \/>\n<meta name=\"twitter:creator\" content=\"@PressenzaIPA\" \/>\n<meta name=\"twitter:site\" content=\"@PressenzaIPA\" \/>\n<meta name=\"twitter:label1\" content=\"Escrito por\" \/>\n\t<meta name=\"twitter:data1\" content=\"Pressenza IPA\" \/>\n\t<meta name=\"twitter:label2\" content=\"Tiempo de lectura\" \/>\n\t<meta name=\"twitter:data2\" content=\"6 minutos\" \/>\n<script type=\"application\/ld+json\" class=\"yoast-schema-graph\">{\"@context\":\"https:\/\/schema.org\",\"@graph\":[{\"@type\":\"Article\",\"@id\":\"https:\/\/www.pressenza.com\/es\/2009\/10\/testimonios-de-lo-vivido-en-uruguay-el-dia-de-la-no-violencia\/#article\",\"isPartOf\":{\"@id\":\"https:\/\/www.pressenza.com\/es\/2009\/10\/testimonios-de-lo-vivido-en-uruguay-el-dia-de-la-no-violencia\/\"},\"author\":{\"name\":\"Pressenza IPA\",\"@id\":\"https:\/\/www.pressenza.com\/es\/#\/schema\/person\/010e5d02bcf40965427a1289a4cc8d75\"},\"headline\":\"Testimonios de lo vivido en Uruguay el D\u00eda de la No-Violencia\",\"datePublished\":\"2009-10-08T00:00:00+00:00\",\"dateModified\":\"2009-10-08T08:34:34+00:00\",\"mainEntityOfPage\":{\"@id\":\"https:\/\/www.pressenza.com\/es\/2009\/10\/testimonios-de-lo-vivido-en-uruguay-el-dia-de-la-no-violencia\/\"},\"wordCount\":1161,\"publisher\":{\"@id\":\"https:\/\/www.pressenza.com\/es\/#organization\"},\"articleSection\":[\"Cultura y Medios\",\"Opiniones\",\"Sudam\u00e9rica\"],\"inLanguage\":\"es\"},{\"@type\":\"WebPage\",\"@id\":\"https:\/\/www.pressenza.com\/es\/2009\/10\/testimonios-de-lo-vivido-en-uruguay-el-dia-de-la-no-violencia\/\",\"url\":\"https:\/\/www.pressenza.com\/es\/2009\/10\/testimonios-de-lo-vivido-en-uruguay-el-dia-de-la-no-violencia\/\",\"name\":\"Testimonios de lo vivido en Uruguay el D\u00eda de la No-Violencia\",\"isPartOf\":{\"@id\":\"https:\/\/www.pressenza.com\/es\/#website\"},\"datePublished\":\"2009-10-08T00:00:00+00:00\",\"dateModified\":\"2009-10-08T08:34:34+00:00\",\"description\":\"El viernes 2 de octubre se festej\u00f3 el d\u00eda mundial de la no-violencia y Uruguay lo celebr\u00f3 con actividades de concientizaci\u00f3n. Participaron de la jornada distintas organizaciones educativas y culturales. El corresponsal de Pressenza en Uruguay relata lo vivido, con testimonios de ni\u00f1os, maestros, miembros de la colectividad armenia y de organizaciones de ese pa\u00eds.\",\"breadcrumb\":{\"@id\":\"https:\/\/www.pressenza.com\/es\/2009\/10\/testimonios-de-lo-vivido-en-uruguay-el-dia-de-la-no-violencia\/#breadcrumb\"},\"inLanguage\":\"es\",\"potentialAction\":[{\"@type\":\"ReadAction\",\"target\":[\"https:\/\/www.pressenza.com\/es\/2009\/10\/testimonios-de-lo-vivido-en-uruguay-el-dia-de-la-no-violencia\/\"]}]},{\"@type\":\"BreadcrumbList\",\"@id\":\"https:\/\/www.pressenza.com\/es\/2009\/10\/testimonios-de-lo-vivido-en-uruguay-el-dia-de-la-no-violencia\/#breadcrumb\",\"itemListElement\":[{\"@type\":\"ListItem\",\"position\":1,\"name\":\"Accueil\",\"item\":\"https:\/\/www.pressenza.com\/es\/\"},{\"@type\":\"ListItem\",\"position\":2,\"name\":\"Testimonios de lo vivido en Uruguay el D\u00eda de la No-Violencia\"}]},{\"@type\":\"WebSite\",\"@id\":\"https:\/\/www.pressenza.com\/es\/#website\",\"url\":\"https:\/\/www.pressenza.com\/es\/\",\"name\":\"Pressenza\",\"description\":\"International Press Agency\",\"publisher\":{\"@id\":\"https:\/\/www.pressenza.com\/es\/#organization\"},\"potentialAction\":[{\"@type\":\"SearchAction\",\"target\":{\"@type\":\"EntryPoint\",\"urlTemplate\":\"https:\/\/www.pressenza.com\/es\/?s={search_term_string}\"},\"query-input\":{\"@type\":\"PropertyValueSpecification\",\"valueRequired\":true,\"valueName\":\"search_term_string\"}}],\"inLanguage\":\"es\"},{\"@type\":\"Organization\",\"@id\":\"https:\/\/www.pressenza.com\/es\/#organization\",\"name\":\"Pressenza\",\"url\":\"https:\/\/www.pressenza.com\/es\/\",\"logo\":{\"@type\":\"ImageObject\",\"inLanguage\":\"es\",\"@id\":\"https:\/\/www.pressenza.com\/es\/#\/schema\/logo\/image\/\",\"url\":\"https:\/\/www.pressenza.com\/wp-content\/uploads\/2022\/10\/pressenza_logo_200x200.jpg\",\"contentUrl\":\"https:\/\/www.pressenza.com\/wp-content\/uploads\/2022\/10\/pressenza_logo_200x200.jpg\",\"width\":200,\"height\":200,\"caption\":\"Pressenza\"},\"image\":{\"@id\":\"https:\/\/www.pressenza.com\/es\/#\/schema\/logo\/image\/\"},\"sameAs\":[\"https:\/\/www.facebook.com\/PressenzaItalia\",\"https:\/\/x.com\/PressenzaIPA\"]},{\"@type\":\"Person\",\"@id\":\"https:\/\/www.pressenza.com\/es\/#\/schema\/person\/010e5d02bcf40965427a1289a4cc8d75\",\"name\":\"Pressenza IPA\",\"description\":\"News from Pressenza IPA correspondents\",\"sameAs\":[\"https:\/\/www.facebook.com\/pressenza\",\"https:\/\/x.com\/PressenzaIPA\"],\"url\":\"https:\/\/www.pressenza.com\/es\/author\/pressenza-ipa\/\"}]}<\/script>\n<!-- \/ Yoast SEO plugin. -->","yoast_head_json":{"title":"Testimonios de lo vivido en Uruguay el D\u00eda de la No-Violencia","description":"El viernes 2 de octubre se festej\u00f3 el d\u00eda mundial de la no-violencia y Uruguay lo celebr\u00f3 con actividades de concientizaci\u00f3n. Participaron de la jornada distintas organizaciones educativas y culturales. El corresponsal de Pressenza en Uruguay relata lo vivido, con testimonios de ni\u00f1os, maestros, miembros de la colectividad armenia y de organizaciones de ese pa\u00eds.","robots":{"index":"index","follow":"follow","max-snippet":"max-snippet:-1","max-image-preview":"max-image-preview:large","max-video-preview":"max-video-preview:-1"},"canonical":"https:\/\/www.pressenza.com\/es\/2009\/10\/testimonios-de-lo-vivido-en-uruguay-el-dia-de-la-no-violencia\/","og_locale":"es_ES","og_type":"article","og_title":"Testimonios de lo vivido en Uruguay el D\u00eda de la No-Violencia","og_description":"El viernes 2 de octubre se festej\u00f3 el d\u00eda mundial de la no-violencia y Uruguay lo celebr\u00f3 con actividades de concientizaci\u00f3n. Participaron de la jornada distintas organizaciones educativas y culturales. El corresponsal de Pressenza en Uruguay relata lo vivido, con testimonios de ni\u00f1os, maestros, miembros de la colectividad armenia y de organizaciones de ese pa\u00eds.","og_url":"https:\/\/www.pressenza.com\/es\/2009\/10\/testimonios-de-lo-vivido-en-uruguay-el-dia-de-la-no-violencia\/","og_site_name":"Pressenza","article_publisher":"https:\/\/www.facebook.com\/PressenzaItalia","article_author":"https:\/\/www.facebook.com\/pressenza","article_published_time":"2009-10-08T00:00:00+00:00","article_modified_time":"2009-10-08T08:34:34+00:00","author":"Pressenza IPA","twitter_card":"summary_large_image","twitter_creator":"@PressenzaIPA","twitter_site":"@PressenzaIPA","twitter_misc":{"Escrito por":"Pressenza IPA","Tiempo de lectura":"6 minutos"},"schema":{"@context":"https:\/\/schema.org","@graph":[{"@type":"Article","@id":"https:\/\/www.pressenza.com\/es\/2009\/10\/testimonios-de-lo-vivido-en-uruguay-el-dia-de-la-no-violencia\/#article","isPartOf":{"@id":"https:\/\/www.pressenza.com\/es\/2009\/10\/testimonios-de-lo-vivido-en-uruguay-el-dia-de-la-no-violencia\/"},"author":{"name":"Pressenza IPA","@id":"https:\/\/www.pressenza.com\/es\/#\/schema\/person\/010e5d02bcf40965427a1289a4cc8d75"},"headline":"Testimonios de lo vivido en Uruguay el D\u00eda de la No-Violencia","datePublished":"2009-10-08T00:00:00+00:00","dateModified":"2009-10-08T08:34:34+00:00","mainEntityOfPage":{"@id":"https:\/\/www.pressenza.com\/es\/2009\/10\/testimonios-de-lo-vivido-en-uruguay-el-dia-de-la-no-violencia\/"},"wordCount":1161,"publisher":{"@id":"https:\/\/www.pressenza.com\/es\/#organization"},"articleSection":["Cultura y Medios","Opiniones","Sudam\u00e9rica"],"inLanguage":"es"},{"@type":"WebPage","@id":"https:\/\/www.pressenza.com\/es\/2009\/10\/testimonios-de-lo-vivido-en-uruguay-el-dia-de-la-no-violencia\/","url":"https:\/\/www.pressenza.com\/es\/2009\/10\/testimonios-de-lo-vivido-en-uruguay-el-dia-de-la-no-violencia\/","name":"Testimonios de lo vivido en Uruguay el D\u00eda de la No-Violencia","isPartOf":{"@id":"https:\/\/www.pressenza.com\/es\/#website"},"datePublished":"2009-10-08T00:00:00+00:00","dateModified":"2009-10-08T08:34:34+00:00","description":"El viernes 2 de octubre se festej\u00f3 el d\u00eda mundial de la no-violencia y Uruguay lo celebr\u00f3 con actividades de concientizaci\u00f3n. Participaron de la jornada distintas organizaciones educativas y culturales. El corresponsal de Pressenza en Uruguay relata lo vivido, con testimonios de ni\u00f1os, maestros, miembros de la colectividad armenia y de organizaciones de ese pa\u00eds.","breadcrumb":{"@id":"https:\/\/www.pressenza.com\/es\/2009\/10\/testimonios-de-lo-vivido-en-uruguay-el-dia-de-la-no-violencia\/#breadcrumb"},"inLanguage":"es","potentialAction":[{"@type":"ReadAction","target":["https:\/\/www.pressenza.com\/es\/2009\/10\/testimonios-de-lo-vivido-en-uruguay-el-dia-de-la-no-violencia\/"]}]},{"@type":"BreadcrumbList","@id":"https:\/\/www.pressenza.com\/es\/2009\/10\/testimonios-de-lo-vivido-en-uruguay-el-dia-de-la-no-violencia\/#breadcrumb","itemListElement":[{"@type":"ListItem","position":1,"name":"Accueil","item":"https:\/\/www.pressenza.com\/es\/"},{"@type":"ListItem","position":2,"name":"Testimonios de lo vivido en Uruguay el D\u00eda de la No-Violencia"}]},{"@type":"WebSite","@id":"https:\/\/www.pressenza.com\/es\/#website","url":"https:\/\/www.pressenza.com\/es\/","name":"Pressenza","description":"International Press Agency","publisher":{"@id":"https:\/\/www.pressenza.com\/es\/#organization"},"potentialAction":[{"@type":"SearchAction","target":{"@type":"EntryPoint","urlTemplate":"https:\/\/www.pressenza.com\/es\/?s={search_term_string}"},"query-input":{"@type":"PropertyValueSpecification","valueRequired":true,"valueName":"search_term_string"}}],"inLanguage":"es"},{"@type":"Organization","@id":"https:\/\/www.pressenza.com\/es\/#organization","name":"Pressenza","url":"https:\/\/www.pressenza.com\/es\/","logo":{"@type":"ImageObject","inLanguage":"es","@id":"https:\/\/www.pressenza.com\/es\/#\/schema\/logo\/image\/","url":"https:\/\/www.pressenza.com\/wp-content\/uploads\/2022\/10\/pressenza_logo_200x200.jpg","contentUrl":"https:\/\/www.pressenza.com\/wp-content\/uploads\/2022\/10\/pressenza_logo_200x200.jpg","width":200,"height":200,"caption":"Pressenza"},"image":{"@id":"https:\/\/www.pressenza.com\/es\/#\/schema\/logo\/image\/"},"sameAs":["https:\/\/www.facebook.com\/PressenzaItalia","https:\/\/x.com\/PressenzaIPA"]},{"@type":"Person","@id":"https:\/\/www.pressenza.com\/es\/#\/schema\/person\/010e5d02bcf40965427a1289a4cc8d75","name":"Pressenza IPA","description":"News from Pressenza IPA correspondents","sameAs":["https:\/\/www.facebook.com\/pressenza","https:\/\/x.com\/PressenzaIPA"],"url":"https:\/\/www.pressenza.com\/es\/author\/pressenza-ipa\/"}]}},"place":"Montevideo ","original_article_url":"","_links":{"self":[{"href":"https:\/\/www.pressenza.com\/es\/wp-json\/wp\/v2\/posts\/1657","targetHints":{"allow":["GET"]}}],"collection":[{"href":"https:\/\/www.pressenza.com\/es\/wp-json\/wp\/v2\/posts"}],"about":[{"href":"https:\/\/www.pressenza.com\/es\/wp-json\/wp\/v2\/types\/post"}],"author":[{"embeddable":true,"href":"https:\/\/www.pressenza.com\/es\/wp-json\/wp\/v2\/users\/19"}],"replies":[{"embeddable":true,"href":"https:\/\/www.pressenza.com\/es\/wp-json\/wp\/v2\/comments?post=1657"}],"version-history":[{"count":0,"href":"https:\/\/www.pressenza.com\/es\/wp-json\/wp\/v2\/posts\/1657\/revisions"}],"wp:attachment":[{"href":"https:\/\/www.pressenza.com\/es\/wp-json\/wp\/v2\/media?parent=1657"}],"wp:term":[{"taxonomy":"category","embeddable":true,"href":"https:\/\/www.pressenza.com\/es\/wp-json\/wp\/v2\/categories?post=1657"},{"taxonomy":"post_tag","embeddable":true,"href":"https:\/\/www.pressenza.com\/es\/wp-json\/wp\/v2\/tags?post=1657"}],"curies":[{"name":"wp","href":"https:\/\/api.w.org\/{rel}","templated":true}]}}