{"id":1656249,"date":"2022-09-10T22:27:33","date_gmt":"2022-09-10T21:27:33","guid":{"rendered":"https:\/\/www.pressenza.com\/?p=1656249"},"modified":"2022-09-10T22:27:33","modified_gmt":"2022-09-10T21:27:33","slug":"incultura-de-alta-gama","status":"publish","type":"post","link":"https:\/\/www.pressenza.com\/es\/2022\/09\/incultura-de-alta-gama\/","title":{"rendered":"Incultura de alta gama"},"content":{"rendered":"<div id=\"post-body-6725442304298215439\" class=\"post-body entry-content\">\n<p>Se ha contado mucho la historia aquella de la patada a la cultura que una Ministra de Cultura, Esperanza Aguirre, solt\u00f3 a modo de coz, cuando, hablando en un programa radiof\u00f3nico, cultural, claro, sobre Saramago, ella cre\u00eda que se estaba hablando de una mujer a la que se refiri\u00f3 como Sara Mago, y as\u00ed sigui\u00f3 tratando la cosa hasta que alg\u00fan avisado pr\u00f3ximo le susurr\u00f3 la metida de pata\u2026 Luego se ha dicho que eso no ocurri\u00f3 as\u00ed como se cuenta, pero, sea como fuere, la tal dama dio, a lo largo de su dilatada carrera pol\u00edtica, sobrados extremos de ignorancia, y no precisamente precoz.<\/p>\n<p>Por eso es mejor contarlos, y cantarlas, cuando suceden estos casos y cosas, mientras a\u00fan se puedan demostrar y recordar, y para verg\u00fcenza p\u00fablica de nuestros hombres p\u00fablicos \u2013 y mujeres p\u00fablicas \u2013 que, por cierto, nos representan a todos los espa\u00f1oles\u2026 A\u00fan recuerdo aqu\u00e9l ilustrado toma y daca entre Ribera e Iglesias que mantuvieron sobre Kant\u2026 El segundo quiso presumirle al primero de su saber sobre el fil\u00f3sofo, y el primero se zaf\u00f3 dici\u00e9ndole que \u201c<em>Kant era un referente<\/em>\u201d, para, al final, escap\u00e1rsele que no lo hab\u00eda le\u00eddo. As\u00ed que, sacando el otro cresta y buche, le recomend\u00f3 que leyese \u201c<em>\u00c9tica de la raz\u00f3n pura<\/em>\u201d, cuando el t\u00edtulo real y correcto es \u201c<em>Cr\u00edtica de la raz\u00f3n pura<\/em>\u201d, como todo el mundo sabe\u2026 o debe saber. Y \u00e9stos eran los listos de la clase.<\/p>\n<p>Y es que nuestra clase pol\u00edtica es asaz ignorante, pero, porque lo saben y reconocen, su complejo los lanza a demostrar su cultura, sin, al menos, obviarla si le viene la empanada de sopet\u00f3n, o prepararse antes si sabe de lo que tienen que hablar o de qui\u00e9n tienen que hablar, o a qui\u00e9n van a citar. Es lo menos que se espera de este personal\u2026 Aqu\u00ed tenemos, por ejemplo, a un N\u00fa\u00f1ez Feij\u00f3o hablando de Picasso como si fuera catal\u00e1n, cuando Pablo Picasso todo el mundo lo reconoce como malague\u00f1o universal. O confundi\u00f3 a Picasso con Dal\u00ed, o es que a \u00e9l no lo saquen de sus mu\u00f1eiras, que patina. Pero observen ustedes que, estando los colegas de la oposici\u00f3n a la que salta a fin de liarla parda, en estos gazapos culturales, mientras en las redes se descojonan, entre ellos se impone el m\u00e1s letal y casto silencio. Y eso es porque todos saben que tienen un d\u00e9ficit cultural que los hace callar, y que m\u00e1s les vale mirar para otro lado y silbar como aqu\u00e9l Kurt Savoy, \u00bfse acuerdan ustedes ?..<\/p>\n<p>Nuestro mismo presidente Supers\u00e1nchez, hace unos a\u00f1icos quiso d\u00e1rselas de esteta cultureta, y en uno de sus viajes, solt\u00f3: \u201c<em>desde Soria, cuna de Machado<\/em>\u2026\u201d, que es, adem\u00e1s, un poeta icono de las izquierdas cultivadas, cuando Antonio Machado en realidad naci\u00f3 en Sevilla, como tambi\u00e9n, estoy seguro, ustedes saben\u2026 Sin embargo, el hablar por el \u201c<em>ser\u201d<\/em> y no por el \u201c<em>saber<\/em>\u201d, porque lo que importa es la apariencia y no la sapiencia, es algo muy arriesgado en este pa\u00eds.<\/p>\n<p>Lo \u00faltimo (o quiz\u00e1 ya pen\u00faltimo) es lo del alcalde de Madrid, Jos\u00e9 Lu\u00eds Mart\u00ednez Almeida, luci\u00e9ndose como un pavo real: \u201c<em>esta noche cerramos la edici\u00f3n de Veranos de la Villa 2022 con la actuaci\u00f3n de Carmina Burana en el mejor escenario posible que es el \u00fanico parque urbano del mundo declarado Patrimonio Mundial: El Retiro<\/em>\u2026\u201d. La traca \u00faltima, si bien que falsa, pues esa declaraci\u00f3n de parque p\u00fablico la ostentan otros m\u00e1s en el mundo, aqu\u00ed mismo, en Espa\u00f1a, el Parque G\u00fcell, de Barcelona, se le podr\u00eda perdonar por presuntuoso iletrado, pero confundir la famosa cantata de Carl Orloff y sus archiconocidos coros, con una cantante de carne, hueso y pelo, telita de verano\u2026 Dicen que cuando le advirtieron el error puso fingida cara de horror, pero todo eso se lo lleva el viento del tiempo, creo que dijo\u2026 Si bien este \u00faltimo lapsus tuvo su \u201c<em>antesde<\/em>\u201d en el Consejero de Cultura y de Comunicaci\u00f3n de la Xunta gallega, Jes\u00fas P\u00e9rez Varela, al que, tras \u00e9ste avisar a la prensa previamente para que lo sacaran en la cola de taquilla del evento patrocinado oficialmente por su Consejer\u00eda, y hacerse el debido autoselfie, proclam\u00f3, urbi et orbe, desde la misma cuna de Santiago, que \u201c\u2026<em>el de Carmina Burana, que es una de las mejores cantantes de este pa\u00eds, con la Orquesta Sinf\u00f3nica de Galicia<\/em>\u201d.<\/p>\n<p>Y es que, como ya habr\u00e1n observado ustedes, casi todos los ignorantes culturales estos est\u00e1n colocados en puestos precisamente culturales\u2026 Concejales, Consejeros, o Ministros \u2013 tambi\u00e9n en femenino, claro \u2013 de una Cultura a la que habr\u00eda de borrarle la inicial may\u00fascula para dejarla en la \u201c<em>ce<\/em>\u201d min\u00fascula, de calderilla, que es lo que en verdad corresponde. Demostrado queda. Eso quiere decir que los bien pagados puestos oficiales y pol\u00edticos otorgados por los partidos son en funci\u00f3n de sus intereses, no por su preparaci\u00f3n, conocimiento y aptitud para el cargo. El puesto es un premio, no un merecimiento. Y que Cultura es quiz\u00e1 la asignatura-mar\u00eda de nuestros gobiernos, donde cualquier percebe inculto puede coger un ministerio, una consejer\u00eda o una concejal\u00eda, a poco m\u00e1s de saber leer y escribir, y sin apenas ilustraci\u00f3n b\u00e1sica ni elemental del tema.<\/p>\n<p>Naturalmente, luego est\u00e1 la segunda parte, que es la peor y m\u00e1s triste de todas: que la gente apenas si se da cuenta de estas barbaridades, porque en materia cultural es lodo del mismo barro. Es el pez que se muerde la cola. Cretinos que eligen a otros cretinos que paren sistemas educativos para fabricar m\u00e1s cretinos de los que alimentarse. Cretinos que vayan a las urnas a elegir cretinos que entronicen la m\u00e1s pura y dura ignorancia, y la cultura se tire por el inodoro\u2026 Yo les suplico su perd\u00f3n por verter tan dura opini\u00f3n sobre tal particular. Perd\u00f3n, otra vez. Pero, en serio, la verdad, pensando con un poquico de l\u00f3gica y una pizca de sentido com\u00fan, \u00bfde d\u00f3nde se puede sacar lo que no hay?.. Como dec\u00eda el maestro Belmonte: <em>\u201clo que no pu\u00e9 zer, no pu\u00e9 zer, y lo dem\u00e1h eh imposible<\/em>\u201d\u2026 \u00bfO no fue Belmonte?.. Disculpen mi incultura en el arte de Cuchares.<\/p>\n<\/div>\n","protected":false},"excerpt":{"rendered":"<p>Se ha contado mucho la historia aquella de la patada a la cultura que una Ministra de Cultura, Esperanza Aguirre, solt\u00f3 a modo de coz, cuando, hablando en un programa radiof\u00f3nico, cultural, claro, sobre Saramago, ella cre\u00eda que se estaba&hellip;<\/p>\n","protected":false},"author":2195,"featured_media":1656320,"comment_status":"closed","ping_status":"closed","sticky":false,"template":"","format":"standard","meta":{"footnotes":""},"categories":[66,74],"tags":[1065],"class_list":["post-1656249","post","type-post","status-publish","format-standard","has-post-thumbnail","hentry","category-europa-es","category-politica-es","tag-espana"],"yoast_head":"<!-- This site is optimized with the Yoast SEO plugin v27.1.1 - https:\/\/yoast.com\/product\/yoast-seo-wordpress\/ -->\n<title>Incultura de alta gama<\/title>\n<meta name=\"description\" content=\"Se ha contado mucho la historia aquella de la patada a la cultura que una Ministra de Cultura, Esperanza Aguirre, solt\u00f3 a modo de coz, cuando, hablando en\" \/>\n<meta name=\"robots\" content=\"index, follow, max-snippet:-1, max-image-preview:large, max-video-preview:-1\" \/>\n<link rel=\"canonical\" href=\"https:\/\/www.pressenza.com\/es\/2022\/09\/incultura-de-alta-gama\/\" \/>\n<meta property=\"og:locale\" content=\"es_ES\" \/>\n<meta property=\"og:type\" content=\"article\" \/>\n<meta property=\"og:title\" content=\"Incultura de alta gama\" \/>\n<meta property=\"og:description\" content=\"Se ha contado mucho la historia aquella de la patada a la cultura que una Ministra de Cultura, Esperanza Aguirre, solt\u00f3 a modo de coz, cuando, hablando en\" \/>\n<meta property=\"og:url\" content=\"https:\/\/www.pressenza.com\/es\/2022\/09\/incultura-de-alta-gama\/\" \/>\n<meta property=\"og:site_name\" content=\"Pressenza\" \/>\n<meta property=\"article:publisher\" content=\"https:\/\/www.facebook.com\/PressenzaItalia\" \/>\n<meta property=\"article:published_time\" content=\"2022-09-10T21:27:33+00:00\" \/>\n<meta property=\"og:image\" content=\"https:\/\/www.pressenza.com\/wp-content\/uploads\/2022\/09\/Aristo\u0301teles-.jpeg\" \/>\n\t<meta property=\"og:image:width\" content=\"1080\" \/>\n\t<meta property=\"og:image:height\" content=\"1080\" \/>\n\t<meta property=\"og:image:type\" content=\"image\/jpeg\" \/>\n<meta name=\"author\" content=\"Miguel Galindo S\u00e1nchez\" \/>\n<meta name=\"twitter:card\" content=\"summary_large_image\" \/>\n<meta name=\"twitter:creator\" content=\"@PressenzaIPA\" \/>\n<meta name=\"twitter:site\" content=\"@PressenzaIPA\" \/>\n<meta name=\"twitter:label1\" content=\"Escrito por\" \/>\n\t<meta name=\"twitter:data1\" content=\"Miguel Galindo S\u00e1nchez\" \/>\n\t<meta name=\"twitter:label2\" content=\"Tiempo de lectura\" \/>\n\t<meta name=\"twitter:data2\" content=\"5 minutos\" \/>\n<script type=\"application\/ld+json\" class=\"yoast-schema-graph\">{\"@context\":\"https:\/\/schema.org\",\"@graph\":[{\"@type\":\"Article\",\"@id\":\"https:\/\/www.pressenza.com\/es\/2022\/09\/incultura-de-alta-gama\/#article\",\"isPartOf\":{\"@id\":\"https:\/\/www.pressenza.com\/es\/2022\/09\/incultura-de-alta-gama\/\"},\"author\":{\"name\":\"Miguel Galindo S\u00e1nchez\",\"@id\":\"https:\/\/www.pressenza.com\/es\/#\/schema\/person\/d74252d5ecc118e8dfa2bc75b59787cc\"},\"headline\":\"Incultura de alta gama\",\"datePublished\":\"2022-09-10T21:27:33+00:00\",\"mainEntityOfPage\":{\"@id\":\"https:\/\/www.pressenza.com\/es\/2022\/09\/incultura-de-alta-gama\/\"},\"wordCount\":1105,\"publisher\":{\"@id\":\"https:\/\/www.pressenza.com\/es\/#organization\"},\"image\":{\"@id\":\"https:\/\/www.pressenza.com\/es\/2022\/09\/incultura-de-alta-gama\/#primaryimage\"},\"thumbnailUrl\":\"https:\/\/www.pressenza.com\/wp-content\/uploads\/2022\/09\/Aristo\u0301teles-.jpeg\",\"keywords\":[\"Espa\u00f1a\"],\"articleSection\":[\"Europa\",\"Pol\u00edtica\"],\"inLanguage\":\"es\"},{\"@type\":\"WebPage\",\"@id\":\"https:\/\/www.pressenza.com\/es\/2022\/09\/incultura-de-alta-gama\/\",\"url\":\"https:\/\/www.pressenza.com\/es\/2022\/09\/incultura-de-alta-gama\/\",\"name\":\"Incultura de alta gama\",\"isPartOf\":{\"@id\":\"https:\/\/www.pressenza.com\/es\/#website\"},\"primaryImageOfPage\":{\"@id\":\"https:\/\/www.pressenza.com\/es\/2022\/09\/incultura-de-alta-gama\/#primaryimage\"},\"image\":{\"@id\":\"https:\/\/www.pressenza.com\/es\/2022\/09\/incultura-de-alta-gama\/#primaryimage\"},\"thumbnailUrl\":\"https:\/\/www.pressenza.com\/wp-content\/uploads\/2022\/09\/Aristo\u0301teles-.jpeg\",\"datePublished\":\"2022-09-10T21:27:33+00:00\",\"description\":\"Se ha contado mucho la historia aquella de la patada a la cultura que una Ministra de Cultura, Esperanza Aguirre, solt\u00f3 a modo de coz, cuando, hablando en\",\"breadcrumb\":{\"@id\":\"https:\/\/www.pressenza.com\/es\/2022\/09\/incultura-de-alta-gama\/#breadcrumb\"},\"inLanguage\":\"es\",\"potentialAction\":[{\"@type\":\"ReadAction\",\"target\":[\"https:\/\/www.pressenza.com\/es\/2022\/09\/incultura-de-alta-gama\/\"]}]},{\"@type\":\"ImageObject\",\"inLanguage\":\"es\",\"@id\":\"https:\/\/www.pressenza.com\/es\/2022\/09\/incultura-de-alta-gama\/#primaryimage\",\"url\":\"https:\/\/www.pressenza.com\/wp-content\/uploads\/2022\/09\/Aristo\u0301teles-.jpeg\",\"contentUrl\":\"https:\/\/www.pressenza.com\/wp-content\/uploads\/2022\/09\/Aristo\u0301teles-.jpeg\",\"width\":1080,\"height\":1080},{\"@type\":\"BreadcrumbList\",\"@id\":\"https:\/\/www.pressenza.com\/es\/2022\/09\/incultura-de-alta-gama\/#breadcrumb\",\"itemListElement\":[{\"@type\":\"ListItem\",\"position\":1,\"name\":\"Accueil\",\"item\":\"https:\/\/www.pressenza.com\/es\/\"},{\"@type\":\"ListItem\",\"position\":2,\"name\":\"Incultura de alta gama\"}]},{\"@type\":\"WebSite\",\"@id\":\"https:\/\/www.pressenza.com\/es\/#website\",\"url\":\"https:\/\/www.pressenza.com\/es\/\",\"name\":\"Pressenza\",\"description\":\"International Press Agency\",\"publisher\":{\"@id\":\"https:\/\/www.pressenza.com\/es\/#organization\"},\"potentialAction\":[{\"@type\":\"SearchAction\",\"target\":{\"@type\":\"EntryPoint\",\"urlTemplate\":\"https:\/\/www.pressenza.com\/es\/?s={search_term_string}\"},\"query-input\":{\"@type\":\"PropertyValueSpecification\",\"valueRequired\":true,\"valueName\":\"search_term_string\"}}],\"inLanguage\":\"es\"},{\"@type\":\"Organization\",\"@id\":\"https:\/\/www.pressenza.com\/es\/#organization\",\"name\":\"Pressenza\",\"url\":\"https:\/\/www.pressenza.com\/es\/\",\"logo\":{\"@type\":\"ImageObject\",\"inLanguage\":\"es\",\"@id\":\"https:\/\/www.pressenza.com\/es\/#\/schema\/logo\/image\/\",\"url\":\"https:\/\/www.pressenza.com\/wp-content\/uploads\/2022\/10\/pressenza_logo_200x200.jpg\",\"contentUrl\":\"https:\/\/www.pressenza.com\/wp-content\/uploads\/2022\/10\/pressenza_logo_200x200.jpg\",\"width\":200,\"height\":200,\"caption\":\"Pressenza\"},\"image\":{\"@id\":\"https:\/\/www.pressenza.com\/es\/#\/schema\/logo\/image\/\"},\"sameAs\":[\"https:\/\/www.facebook.com\/PressenzaItalia\",\"https:\/\/x.com\/PressenzaIPA\"]},{\"@type\":\"Person\",\"@id\":\"https:\/\/www.pressenza.com\/es\/#\/schema\/person\/d74252d5ecc118e8dfa2bc75b59787cc\",\"name\":\"Miguel Galindo S\u00e1nchez\",\"description\":\"Miguel Galindo S\u00e1nchez fu\u00e9 juez de paz, fundador de varias ong\u00b4s y presidente de organizaciones empresariales y otras, durante mucho tiempo. Hoy es mediador profesional, diplomado en RSC y patr\u00f3n de la fundaci\u00f3n Entorno Slow. Tiene publicados cinco libros.\",\"url\":\"https:\/\/www.pressenza.com\/es\/author\/miguel-galindo-sanchez\/\"}]}<\/script>\n<!-- \/ Yoast SEO plugin. -->","yoast_head_json":{"title":"Incultura de alta gama","description":"Se ha contado mucho la historia aquella de la patada a la cultura que una Ministra de Cultura, Esperanza Aguirre, solt\u00f3 a modo de coz, cuando, hablando en","robots":{"index":"index","follow":"follow","max-snippet":"max-snippet:-1","max-image-preview":"max-image-preview:large","max-video-preview":"max-video-preview:-1"},"canonical":"https:\/\/www.pressenza.com\/es\/2022\/09\/incultura-de-alta-gama\/","og_locale":"es_ES","og_type":"article","og_title":"Incultura de alta gama","og_description":"Se ha contado mucho la historia aquella de la patada a la cultura que una Ministra de Cultura, Esperanza Aguirre, solt\u00f3 a modo de coz, cuando, hablando en","og_url":"https:\/\/www.pressenza.com\/es\/2022\/09\/incultura-de-alta-gama\/","og_site_name":"Pressenza","article_publisher":"https:\/\/www.facebook.com\/PressenzaItalia","article_published_time":"2022-09-10T21:27:33+00:00","og_image":[{"width":1080,"height":1080,"url":"https:\/\/www.pressenza.com\/wp-content\/uploads\/2022\/09\/Aristo\u0301teles-.jpeg","type":"image\/jpeg"}],"author":"Miguel Galindo S\u00e1nchez","twitter_card":"summary_large_image","twitter_creator":"@PressenzaIPA","twitter_site":"@PressenzaIPA","twitter_misc":{"Escrito por":"Miguel Galindo S\u00e1nchez","Tiempo de lectura":"5 minutos"},"schema":{"@context":"https:\/\/schema.org","@graph":[{"@type":"Article","@id":"https:\/\/www.pressenza.com\/es\/2022\/09\/incultura-de-alta-gama\/#article","isPartOf":{"@id":"https:\/\/www.pressenza.com\/es\/2022\/09\/incultura-de-alta-gama\/"},"author":{"name":"Miguel Galindo S\u00e1nchez","@id":"https:\/\/www.pressenza.com\/es\/#\/schema\/person\/d74252d5ecc118e8dfa2bc75b59787cc"},"headline":"Incultura de alta gama","datePublished":"2022-09-10T21:27:33+00:00","mainEntityOfPage":{"@id":"https:\/\/www.pressenza.com\/es\/2022\/09\/incultura-de-alta-gama\/"},"wordCount":1105,"publisher":{"@id":"https:\/\/www.pressenza.com\/es\/#organization"},"image":{"@id":"https:\/\/www.pressenza.com\/es\/2022\/09\/incultura-de-alta-gama\/#primaryimage"},"thumbnailUrl":"https:\/\/www.pressenza.com\/wp-content\/uploads\/2022\/09\/Aristo\u0301teles-.jpeg","keywords":["Espa\u00f1a"],"articleSection":["Europa","Pol\u00edtica"],"inLanguage":"es"},{"@type":"WebPage","@id":"https:\/\/www.pressenza.com\/es\/2022\/09\/incultura-de-alta-gama\/","url":"https:\/\/www.pressenza.com\/es\/2022\/09\/incultura-de-alta-gama\/","name":"Incultura de alta gama","isPartOf":{"@id":"https:\/\/www.pressenza.com\/es\/#website"},"primaryImageOfPage":{"@id":"https:\/\/www.pressenza.com\/es\/2022\/09\/incultura-de-alta-gama\/#primaryimage"},"image":{"@id":"https:\/\/www.pressenza.com\/es\/2022\/09\/incultura-de-alta-gama\/#primaryimage"},"thumbnailUrl":"https:\/\/www.pressenza.com\/wp-content\/uploads\/2022\/09\/Aristo\u0301teles-.jpeg","datePublished":"2022-09-10T21:27:33+00:00","description":"Se ha contado mucho la historia aquella de la patada a la cultura que una Ministra de Cultura, Esperanza Aguirre, solt\u00f3 a modo de coz, cuando, hablando en","breadcrumb":{"@id":"https:\/\/www.pressenza.com\/es\/2022\/09\/incultura-de-alta-gama\/#breadcrumb"},"inLanguage":"es","potentialAction":[{"@type":"ReadAction","target":["https:\/\/www.pressenza.com\/es\/2022\/09\/incultura-de-alta-gama\/"]}]},{"@type":"ImageObject","inLanguage":"es","@id":"https:\/\/www.pressenza.com\/es\/2022\/09\/incultura-de-alta-gama\/#primaryimage","url":"https:\/\/www.pressenza.com\/wp-content\/uploads\/2022\/09\/Aristo\u0301teles-.jpeg","contentUrl":"https:\/\/www.pressenza.com\/wp-content\/uploads\/2022\/09\/Aristo\u0301teles-.jpeg","width":1080,"height":1080},{"@type":"BreadcrumbList","@id":"https:\/\/www.pressenza.com\/es\/2022\/09\/incultura-de-alta-gama\/#breadcrumb","itemListElement":[{"@type":"ListItem","position":1,"name":"Accueil","item":"https:\/\/www.pressenza.com\/es\/"},{"@type":"ListItem","position":2,"name":"Incultura de alta gama"}]},{"@type":"WebSite","@id":"https:\/\/www.pressenza.com\/es\/#website","url":"https:\/\/www.pressenza.com\/es\/","name":"Pressenza","description":"International Press Agency","publisher":{"@id":"https:\/\/www.pressenza.com\/es\/#organization"},"potentialAction":[{"@type":"SearchAction","target":{"@type":"EntryPoint","urlTemplate":"https:\/\/www.pressenza.com\/es\/?s={search_term_string}"},"query-input":{"@type":"PropertyValueSpecification","valueRequired":true,"valueName":"search_term_string"}}],"inLanguage":"es"},{"@type":"Organization","@id":"https:\/\/www.pressenza.com\/es\/#organization","name":"Pressenza","url":"https:\/\/www.pressenza.com\/es\/","logo":{"@type":"ImageObject","inLanguage":"es","@id":"https:\/\/www.pressenza.com\/es\/#\/schema\/logo\/image\/","url":"https:\/\/www.pressenza.com\/wp-content\/uploads\/2022\/10\/pressenza_logo_200x200.jpg","contentUrl":"https:\/\/www.pressenza.com\/wp-content\/uploads\/2022\/10\/pressenza_logo_200x200.jpg","width":200,"height":200,"caption":"Pressenza"},"image":{"@id":"https:\/\/www.pressenza.com\/es\/#\/schema\/logo\/image\/"},"sameAs":["https:\/\/www.facebook.com\/PressenzaItalia","https:\/\/x.com\/PressenzaIPA"]},{"@type":"Person","@id":"https:\/\/www.pressenza.com\/es\/#\/schema\/person\/d74252d5ecc118e8dfa2bc75b59787cc","name":"Miguel Galindo S\u00e1nchez","description":"Miguel Galindo S\u00e1nchez fu\u00e9 juez de paz, fundador de varias ong\u00b4s y presidente de organizaciones empresariales y otras, durante mucho tiempo. Hoy es mediador profesional, diplomado en RSC y patr\u00f3n de la fundaci\u00f3n Entorno Slow. Tiene publicados cinco libros.","url":"https:\/\/www.pressenza.com\/es\/author\/miguel-galindo-sanchez\/"}]}},"place":"","original_article_url":"","_links":{"self":[{"href":"https:\/\/www.pressenza.com\/es\/wp-json\/wp\/v2\/posts\/1656249","targetHints":{"allow":["GET"]}}],"collection":[{"href":"https:\/\/www.pressenza.com\/es\/wp-json\/wp\/v2\/posts"}],"about":[{"href":"https:\/\/www.pressenza.com\/es\/wp-json\/wp\/v2\/types\/post"}],"author":[{"embeddable":true,"href":"https:\/\/www.pressenza.com\/es\/wp-json\/wp\/v2\/users\/2195"}],"replies":[{"embeddable":true,"href":"https:\/\/www.pressenza.com\/es\/wp-json\/wp\/v2\/comments?post=1656249"}],"version-history":[{"count":0,"href":"https:\/\/www.pressenza.com\/es\/wp-json\/wp\/v2\/posts\/1656249\/revisions"}],"wp:featuredmedia":[{"embeddable":true,"href":"https:\/\/www.pressenza.com\/es\/wp-json\/wp\/v2\/media\/1656320"}],"wp:attachment":[{"href":"https:\/\/www.pressenza.com\/es\/wp-json\/wp\/v2\/media?parent=1656249"}],"wp:term":[{"taxonomy":"category","embeddable":true,"href":"https:\/\/www.pressenza.com\/es\/wp-json\/wp\/v2\/categories?post=1656249"},{"taxonomy":"post_tag","embeddable":true,"href":"https:\/\/www.pressenza.com\/es\/wp-json\/wp\/v2\/tags?post=1656249"}],"curies":[{"name":"wp","href":"https:\/\/api.w.org\/{rel}","templated":true}]}}