{"id":1655485,"date":"2022-09-11T14:11:03","date_gmt":"2022-09-11T13:11:03","guid":{"rendered":"https:\/\/www.pressenza.com\/?p=1655485"},"modified":"2022-09-12T00:02:26","modified_gmt":"2022-09-11T23:02:26","slug":"mirando-al-futuro-relatos-de-experiencias-de-temas-humanistas-en-la-educacion-primaria-de-bolivia","status":"publish","type":"post","link":"https:\/\/www.pressenza.com\/es\/2022\/09\/mirando-al-futuro-relatos-de-experiencias-de-temas-humanistas-en-la-educacion-primaria-de-bolivia\/","title":{"rendered":"Mirando al futuro: Relatos de experiencias de temas humanistas en la educaci\u00f3n primaria de Bolivia"},"content":{"rendered":"<p>En el contexto del programa \u00abMirando al futuro\u00bb, este domingo 11 de septiembre se realizar\u00e1 un conversatorio con relatos de experiencias sobre el trabajo con temas humanistas en un colegio primario de Bolivia. Esta fue una iniciativa de la profesora primaria Sandra Romero, quien nos explica su significaci\u00f3n:<\/p>\n<p>\u00abEl Abuelito Avelino Si\u00f1ani entregaba a los ni\u00f1os y ni\u00f1as sus cuadernos en una Ceremonia Ancestral,\u00a0 en que les dec\u00eda que en ellos iban a escribir sus vidas. Por ello se los entregaba con las dos manos y el ni\u00f1o o la ni\u00f1a que lo recib\u00eda, le daba un abrazo al librito o cuaderno y lo pon\u00eda cerca de su coraz\u00f3n.<\/p>\n<p>As\u00ed nuestros ni\u00f1os y ni\u00f1as reciben sus libros y cuadernos, recordando que all\u00ed se escribe la propia vida. Si acaso hay alg\u00fan error no se arranca ni se borra: se pone entre par\u00e9ntesis, recordando que en la vida si nos equivocamos quedan las consecuencias de nuestras acciones.<\/p>\n<p>Entregamos el Librito del Maestro Silo para sus Vidas, recordando que el Maestro Silo les acompa\u00f1a e inspira con su cercan\u00eda al igual que Martin Luther King y Mahatma Gandhi en la superaci\u00f3n de la violencia.\u00bb<\/p>\n<p>Omar Tapia, su colaborador en esta iniciativa, a\u00f1ade:<\/p>\n<p>\u00abCuando los conoc\u00ed por primera vez, hace unos a\u00f1os, me los present\u00f3 Sandrita Romero, su profesora y tutora que les acompa\u00f1ar\u00eda todo el ciclo de primaria. Sol\u00edan ser, y a\u00fan lo son, como esponjitas que absorben todo lo que se les cruza en el camino; risue\u00f1os, contentos de asistir al colegio, aprender y compartir las vivencias. Alguien escribi\u00f3 hace mucho tiempo, que los ni\u00f1os y ni\u00f1as son como el cemento fresco, todo lo que se pose en ellos y ellas quedar\u00e1 marcado o grabado para toda la vida. Y entonces junto a la profesora sentimos que quer\u00edamos dejar o sembrar semillitas en ellos, sin saber cu\u00e1ndo ni c\u00f3mo germinar\u00edan en los futuros venideros. Nuestro inter\u00e9s: despertar la nueva sensibilidad, la Noviolencia, la no discriminaci\u00f3n, el buen trato entre nosotros, la Regla de Oro \u00abcuando tratas a los dem\u00e1s como quieres que te traten, te liberas\u00bb, propuestas lanzadas al mundo por un hombre extraordinario llamado Silo.\u00bb<\/p>\n<p>Sa\u00fal Asenjo, que participa en la iniciativa desde el exterior y adapt\u00f3 La Mirada Interna para el lector infantil, explica:<\/p>\n<p>\u00abMe sumo desde hace casi dos a\u00f1os a participar con Sandra Romero, la profesora de los ni\u00f1os. Aclaro suavemente qui\u00e9n es Silo, luego tambi\u00e9n amorosamente y adaptando el lenguaje hago Ceremonias de Bienestar que son muy bien recibidas por los ni\u00f1os. Explico y refuerzo temas que ya conocen, como la Fuerza, los Pedidos, la Regla de Oro, la Acci\u00f3n v\u00e1lida y otros. Los ni\u00f1os dibujan temas de la No Violencia, dicen que las manos son para acariciar, no para golpear. Hacen pedidos por sus mascotas y por la Pachamama. La adaptaci\u00f3n de la Mirada Interna a un lenguaje para ni\u00f1os abre muchas puertas y esperanzas de que esta experiencia en Bolivia sirva de inspiraci\u00f3n en otros lugares.\u00bb<\/p>\n<p>Para conocer m\u00e1s sobre esta hermosa experiencia, con\u00e9ctate por Zoom este domingo 11 a las 6 pm (M\u00e9xico, Ecuador, Per\u00fa), las 7 pm (Bolivia), 8 pm (Argentina, Chile)<\/p>\n<p>ID: 818 6650 1363<\/p>\n<p>Contrase\u00f1a: Sentido<\/p>\n<p>&nbsp;<\/p>\n<p>&nbsp;<\/p>\n<div class=\"post-gallery\">\n\t\t\t<figure class=\"post-gallery-item\">\n\t\t\t\t<img decoding=\"async\" src=\"https:\/\/www.pressenza.com\/wp-content\/uploads\/2022\/09\/Abuelo-aymara.jpeg\" loading=\"lazy\">\n\t\t\t\t<figcaption>\n\t\t\t\t\t\n\t\t\t\t<\/figcaption>\n\t\t\t<\/figure>\n\t\t\t<figure class=\"post-gallery-item\">\n\t\t\t\t<img decoding=\"async\" src=\"https:\/\/www.pressenza.com\/wp-content\/uploads\/2022\/09\/WhatsApp-Image-2022-08-31-at-11.06.57-AM-768x1024.jpeg\" loading=\"lazy\">\n\t\t\t\t<figcaption>\n\t\t\t\t\t\n\t\t\t\t<\/figcaption>\n\t\t\t<\/figure>\n\t\t\t<figure class=\"post-gallery-item\">\n\t\t\t\t<img decoding=\"async\" src=\"https:\/\/www.pressenza.com\/wp-content\/uploads\/2022\/09\/WhatsApp-Image-2022-08-31-at-11.07.00-AM-768x1024.jpeg\" loading=\"lazy\">\n\t\t\t\t<figcaption>\n\t\t\t\t\t\n\t\t\t\t<\/figcaption>\n\t\t\t<\/figure>\n\t\t\t<figure class=\"post-gallery-item\">\n\t\t\t\t<img decoding=\"async\" src=\"https:\/\/www.pressenza.com\/wp-content\/uploads\/2022\/09\/WhatsApp-Image-2022-08-31-at-11.06.58-AM-1-768x1024.jpeg\" loading=\"lazy\">\n\t\t\t\t<figcaption>\n\t\t\t\t\t\n\t\t\t\t<\/figcaption>\n\t\t\t<\/figure>\n\t\t\t<figure class=\"post-gallery-item\">\n\t\t\t\t<img decoding=\"async\" src=\"https:\/\/www.pressenza.com\/wp-content\/uploads\/2022\/09\/WhatsApp-Image-2022-08-31-at-11.06.58-AM-768x1024.jpeg\" loading=\"lazy\">\n\t\t\t\t<figcaption>\n\t\t\t\t\t\n\t\t\t\t<\/figcaption>\n\t\t\t<\/figure>\n\t\t\t<figure class=\"post-gallery-item\">\n\t\t\t\t<img decoding=\"async\" src=\"https:\/\/www.pressenza.com\/wp-content\/uploads\/2022\/09\/WhatsApp-Image-2022-08-31-at-11.06.57-AM-3-768x1024.jpeg\" loading=\"lazy\">\n\t\t\t\t<figcaption>\n\t\t\t\t\t\n\t\t\t\t<\/figcaption>\n\t\t\t<\/figure>\n\t\t\t<figure class=\"post-gallery-item\">\n\t\t\t\t<img decoding=\"async\" src=\"https:\/\/www.pressenza.com\/wp-content\/uploads\/2022\/09\/WhatsApp-Image-2022-08-31-at-11.06.59-AM-4-768x1024.jpeg\" loading=\"lazy\">\n\t\t\t\t<figcaption>\n\t\t\t\t\t\n\t\t\t\t<\/figcaption>\n\t\t\t<\/figure><\/div>\n","protected":false},"excerpt":{"rendered":"<p>En el contexto del programa \u00abMirando al futuro\u00bb, este domingo 11 de septiembre se realizar\u00e1 un conversatorio con relatos de experiencias sobre el trabajo con temas humanistas en un colegio primario de Bolivia. Esta fue una iniciativa de la profesora&hellip;<\/p>\n","protected":false},"author":43,"featured_media":1655486,"comment_status":"closed","ping_status":"closed","sticky":false,"template":"","format":"standard","meta":{"footnotes":""},"categories":[11389,75,1230,80,67],"tags":[1646,105441,105443,105442],"class_list":["post-1655485","post","type-post","status-publish","format-standard","has-post-thumbnail","hentry","category-contenido-original","category-cultura-es","category-educacion-tema","category-pueblos-originarios","category-sudamerica","tag-bolivia","tag-escuelas-primarias-en-bolivia","tag-la-mirada-interna-para-ninos","tag-temas-humanistas-en-la-ninez"],"yoast_head":"<!-- This site is optimized with the Yoast SEO plugin v27.1.1 - https:\/\/yoast.com\/product\/yoast-seo-wordpress\/ -->\n<title>Mirando al futuro: Relatos de experiencias de temas humanistas en la educaci\u00f3n primaria de Bolivia<\/title>\n<meta name=\"description\" content=\"En el contexto del programa &quot;Mirando al futuro&quot;, este domingo 11 de septiembre se realizar\u00e1 un conversatorio con relatos de experiencias sobre el trabajo\" \/>\n<meta name=\"robots\" content=\"index, follow, max-snippet:-1, max-image-preview:large, max-video-preview:-1\" \/>\n<link rel=\"canonical\" href=\"https:\/\/www.pressenza.com\/es\/2022\/09\/mirando-al-futuro-relatos-de-experiencias-de-temas-humanistas-en-la-educacion-primaria-de-bolivia\/\" \/>\n<meta property=\"og:locale\" content=\"es_ES\" \/>\n<meta property=\"og:type\" content=\"article\" \/>\n<meta property=\"og:title\" content=\"Mirando al futuro: Relatos de experiencias de temas humanistas en la educaci\u00f3n primaria de Bolivia\" \/>\n<meta property=\"og:description\" content=\"En el contexto del programa &quot;Mirando al futuro&quot;, este domingo 11 de septiembre se realizar\u00e1 un conversatorio con relatos de experiencias sobre el trabajo\" \/>\n<meta property=\"og:url\" content=\"https:\/\/www.pressenza.com\/es\/2022\/09\/mirando-al-futuro-relatos-de-experiencias-de-temas-humanistas-en-la-educacion-primaria-de-bolivia\/\" \/>\n<meta property=\"og:site_name\" content=\"Pressenza\" \/>\n<meta property=\"article:publisher\" content=\"https:\/\/www.facebook.com\/PressenzaItalia\" \/>\n<meta property=\"article:author\" content=\"https:\/\/www.facebook.com\/pressenza\" \/>\n<meta property=\"article:published_time\" content=\"2022-09-11T13:11:03+00:00\" \/>\n<meta property=\"article:modified_time\" content=\"2022-09-11T23:02:26+00:00\" \/>\n<meta property=\"og:image\" content=\"https:\/\/www.pressenza.com\/wp-content\/uploads\/2022\/09\/Convesatorio-La-Paz-Sept-2022.jpeg\" \/>\n\t<meta property=\"og:image:width\" content=\"1099\" \/>\n\t<meta property=\"og:image:height\" content=\"1280\" \/>\n\t<meta property=\"og:image:type\" content=\"image\/jpeg\" \/>\n<meta name=\"author\" content=\"Redacci\u00f3n Chile\" \/>\n<meta name=\"twitter:card\" content=\"summary_large_image\" \/>\n<meta name=\"twitter:creator\" content=\"@pressenza\" \/>\n<meta name=\"twitter:site\" content=\"@PressenzaIPA\" \/>\n<meta name=\"twitter:label1\" content=\"Escrito por\" \/>\n\t<meta name=\"twitter:data1\" content=\"Redacci\u00f3n Chile\" \/>\n\t<meta name=\"twitter:label2\" content=\"Tiempo de lectura\" \/>\n\t<meta name=\"twitter:data2\" content=\"3 minutos\" \/>\n<script type=\"application\/ld+json\" class=\"yoast-schema-graph\">{\"@context\":\"https:\/\/schema.org\",\"@graph\":[{\"@type\":\"Article\",\"@id\":\"https:\/\/www.pressenza.com\/es\/2022\/09\/mirando-al-futuro-relatos-de-experiencias-de-temas-humanistas-en-la-educacion-primaria-de-bolivia\/#article\",\"isPartOf\":{\"@id\":\"https:\/\/www.pressenza.com\/es\/2022\/09\/mirando-al-futuro-relatos-de-experiencias-de-temas-humanistas-en-la-educacion-primaria-de-bolivia\/\"},\"author\":{\"name\":\"Redacci\u00f3n Chile\",\"@id\":\"https:\/\/www.pressenza.com\/es\/#\/schema\/person\/d7db40df35d6698ba69ba9ee260944ed\"},\"headline\":\"Mirando al futuro: Relatos de experiencias de temas humanistas en la educaci\u00f3n primaria de Bolivia\",\"datePublished\":\"2022-09-11T13:11:03+00:00\",\"dateModified\":\"2022-09-11T23:02:26+00:00\",\"mainEntityOfPage\":{\"@id\":\"https:\/\/www.pressenza.com\/es\/2022\/09\/mirando-al-futuro-relatos-de-experiencias-de-temas-humanistas-en-la-educacion-primaria-de-bolivia\/\"},\"wordCount\":587,\"publisher\":{\"@id\":\"https:\/\/www.pressenza.com\/es\/#organization\"},\"image\":{\"@id\":\"https:\/\/www.pressenza.com\/es\/2022\/09\/mirando-al-futuro-relatos-de-experiencias-de-temas-humanistas-en-la-educacion-primaria-de-bolivia\/#primaryimage\"},\"thumbnailUrl\":\"https:\/\/www.pressenza.com\/wp-content\/uploads\/2022\/09\/Convesatorio-La-Paz-Sept-2022.jpeg\",\"keywords\":[\"Bolivia\",\"escuelas primarias en Bolivia\",\"La Mirada Interna para ni\u00f1os\",\"temas humanistas en la ni\u00f1ez\"],\"articleSection\":[\"Contenido Original\",\"Cultura y Medios\",\"Educaci\u00f3n\",\"Pueblos Originarios\",\"Sudam\u00e9rica\"],\"inLanguage\":\"es\"},{\"@type\":\"WebPage\",\"@id\":\"https:\/\/www.pressenza.com\/es\/2022\/09\/mirando-al-futuro-relatos-de-experiencias-de-temas-humanistas-en-la-educacion-primaria-de-bolivia\/\",\"url\":\"https:\/\/www.pressenza.com\/es\/2022\/09\/mirando-al-futuro-relatos-de-experiencias-de-temas-humanistas-en-la-educacion-primaria-de-bolivia\/\",\"name\":\"Mirando al futuro: Relatos de experiencias de temas humanistas en la educaci\u00f3n primaria de Bolivia\",\"isPartOf\":{\"@id\":\"https:\/\/www.pressenza.com\/es\/#website\"},\"primaryImageOfPage\":{\"@id\":\"https:\/\/www.pressenza.com\/es\/2022\/09\/mirando-al-futuro-relatos-de-experiencias-de-temas-humanistas-en-la-educacion-primaria-de-bolivia\/#primaryimage\"},\"image\":{\"@id\":\"https:\/\/www.pressenza.com\/es\/2022\/09\/mirando-al-futuro-relatos-de-experiencias-de-temas-humanistas-en-la-educacion-primaria-de-bolivia\/#primaryimage\"},\"thumbnailUrl\":\"https:\/\/www.pressenza.com\/wp-content\/uploads\/2022\/09\/Convesatorio-La-Paz-Sept-2022.jpeg\",\"datePublished\":\"2022-09-11T13:11:03+00:00\",\"dateModified\":\"2022-09-11T23:02:26+00:00\",\"description\":\"En el contexto del programa \\\"Mirando al futuro\\\", este domingo 11 de septiembre se realizar\u00e1 un conversatorio con relatos de experiencias sobre el trabajo\",\"breadcrumb\":{\"@id\":\"https:\/\/www.pressenza.com\/es\/2022\/09\/mirando-al-futuro-relatos-de-experiencias-de-temas-humanistas-en-la-educacion-primaria-de-bolivia\/#breadcrumb\"},\"inLanguage\":\"es\",\"potentialAction\":[{\"@type\":\"ReadAction\",\"target\":[\"https:\/\/www.pressenza.com\/es\/2022\/09\/mirando-al-futuro-relatos-de-experiencias-de-temas-humanistas-en-la-educacion-primaria-de-bolivia\/\"]}]},{\"@type\":\"ImageObject\",\"inLanguage\":\"es\",\"@id\":\"https:\/\/www.pressenza.com\/es\/2022\/09\/mirando-al-futuro-relatos-de-experiencias-de-temas-humanistas-en-la-educacion-primaria-de-bolivia\/#primaryimage\",\"url\":\"https:\/\/www.pressenza.com\/wp-content\/uploads\/2022\/09\/Convesatorio-La-Paz-Sept-2022.jpeg\",\"contentUrl\":\"https:\/\/www.pressenza.com\/wp-content\/uploads\/2022\/09\/Convesatorio-La-Paz-Sept-2022.jpeg\",\"width\":1099,\"height\":1280,\"caption\":\"Conversatorio sobre La Mirada Interna, de Silo, adaptado para ni\u00f1os de escuela primaria en Bolivia\"},{\"@type\":\"BreadcrumbList\",\"@id\":\"https:\/\/www.pressenza.com\/es\/2022\/09\/mirando-al-futuro-relatos-de-experiencias-de-temas-humanistas-en-la-educacion-primaria-de-bolivia\/#breadcrumb\",\"itemListElement\":[{\"@type\":\"ListItem\",\"position\":1,\"name\":\"Accueil\",\"item\":\"https:\/\/www.pressenza.com\/es\/\"},{\"@type\":\"ListItem\",\"position\":2,\"name\":\"Mirando al futuro: Relatos de experiencias de temas humanistas en la educaci\u00f3n primaria de Bolivia\"}]},{\"@type\":\"WebSite\",\"@id\":\"https:\/\/www.pressenza.com\/es\/#website\",\"url\":\"https:\/\/www.pressenza.com\/es\/\",\"name\":\"Pressenza\",\"description\":\"International Press Agency\",\"publisher\":{\"@id\":\"https:\/\/www.pressenza.com\/es\/#organization\"},\"potentialAction\":[{\"@type\":\"SearchAction\",\"target\":{\"@type\":\"EntryPoint\",\"urlTemplate\":\"https:\/\/www.pressenza.com\/es\/?s={search_term_string}\"},\"query-input\":{\"@type\":\"PropertyValueSpecification\",\"valueRequired\":true,\"valueName\":\"search_term_string\"}}],\"inLanguage\":\"es\"},{\"@type\":\"Organization\",\"@id\":\"https:\/\/www.pressenza.com\/es\/#organization\",\"name\":\"Pressenza\",\"url\":\"https:\/\/www.pressenza.com\/es\/\",\"logo\":{\"@type\":\"ImageObject\",\"inLanguage\":\"es\",\"@id\":\"https:\/\/www.pressenza.com\/es\/#\/schema\/logo\/image\/\",\"url\":\"https:\/\/www.pressenza.com\/wp-content\/uploads\/2022\/10\/pressenza_logo_200x200.jpg\",\"contentUrl\":\"https:\/\/www.pressenza.com\/wp-content\/uploads\/2022\/10\/pressenza_logo_200x200.jpg\",\"width\":200,\"height\":200,\"caption\":\"Pressenza\"},\"image\":{\"@id\":\"https:\/\/www.pressenza.com\/es\/#\/schema\/logo\/image\/\"},\"sameAs\":[\"https:\/\/www.facebook.com\/PressenzaItalia\",\"https:\/\/x.com\/PressenzaIPA\"]},{\"@type\":\"Person\",\"@id\":\"https:\/\/www.pressenza.com\/es\/#\/schema\/person\/d7db40df35d6698ba69ba9ee260944ed\",\"name\":\"Redacci\u00f3n Chile\",\"description\":\"News from the Pressenza Bureau in Chile\",\"sameAs\":[\"https:\/\/www.facebook.com\/pressenza\",\"https:\/\/x.com\/pressenza\"],\"url\":\"https:\/\/www.pressenza.com\/es\/author\/redaccion-chile\/\"}]}<\/script>\n<!-- \/ Yoast SEO plugin. -->","yoast_head_json":{"title":"Mirando al futuro: Relatos de experiencias de temas humanistas en la educaci\u00f3n primaria de Bolivia","description":"En el contexto del programa \"Mirando al futuro\", este domingo 11 de septiembre se realizar\u00e1 un conversatorio con relatos de experiencias sobre el trabajo","robots":{"index":"index","follow":"follow","max-snippet":"max-snippet:-1","max-image-preview":"max-image-preview:large","max-video-preview":"max-video-preview:-1"},"canonical":"https:\/\/www.pressenza.com\/es\/2022\/09\/mirando-al-futuro-relatos-de-experiencias-de-temas-humanistas-en-la-educacion-primaria-de-bolivia\/","og_locale":"es_ES","og_type":"article","og_title":"Mirando al futuro: Relatos de experiencias de temas humanistas en la educaci\u00f3n primaria de Bolivia","og_description":"En el contexto del programa \"Mirando al futuro\", este domingo 11 de septiembre se realizar\u00e1 un conversatorio con relatos de experiencias sobre el trabajo","og_url":"https:\/\/www.pressenza.com\/es\/2022\/09\/mirando-al-futuro-relatos-de-experiencias-de-temas-humanistas-en-la-educacion-primaria-de-bolivia\/","og_site_name":"Pressenza","article_publisher":"https:\/\/www.facebook.com\/PressenzaItalia","article_author":"https:\/\/www.facebook.com\/pressenza","article_published_time":"2022-09-11T13:11:03+00:00","article_modified_time":"2022-09-11T23:02:26+00:00","og_image":[{"width":1099,"height":1280,"url":"https:\/\/www.pressenza.com\/wp-content\/uploads\/2022\/09\/Convesatorio-La-Paz-Sept-2022.jpeg","type":"image\/jpeg"}],"author":"Redacci\u00f3n Chile","twitter_card":"summary_large_image","twitter_creator":"@pressenza","twitter_site":"@PressenzaIPA","twitter_misc":{"Escrito por":"Redacci\u00f3n Chile","Tiempo de lectura":"3 minutos"},"schema":{"@context":"https:\/\/schema.org","@graph":[{"@type":"Article","@id":"https:\/\/www.pressenza.com\/es\/2022\/09\/mirando-al-futuro-relatos-de-experiencias-de-temas-humanistas-en-la-educacion-primaria-de-bolivia\/#article","isPartOf":{"@id":"https:\/\/www.pressenza.com\/es\/2022\/09\/mirando-al-futuro-relatos-de-experiencias-de-temas-humanistas-en-la-educacion-primaria-de-bolivia\/"},"author":{"name":"Redacci\u00f3n Chile","@id":"https:\/\/www.pressenza.com\/es\/#\/schema\/person\/d7db40df35d6698ba69ba9ee260944ed"},"headline":"Mirando al futuro: Relatos de experiencias de temas humanistas en la educaci\u00f3n primaria de Bolivia","datePublished":"2022-09-11T13:11:03+00:00","dateModified":"2022-09-11T23:02:26+00:00","mainEntityOfPage":{"@id":"https:\/\/www.pressenza.com\/es\/2022\/09\/mirando-al-futuro-relatos-de-experiencias-de-temas-humanistas-en-la-educacion-primaria-de-bolivia\/"},"wordCount":587,"publisher":{"@id":"https:\/\/www.pressenza.com\/es\/#organization"},"image":{"@id":"https:\/\/www.pressenza.com\/es\/2022\/09\/mirando-al-futuro-relatos-de-experiencias-de-temas-humanistas-en-la-educacion-primaria-de-bolivia\/#primaryimage"},"thumbnailUrl":"https:\/\/www.pressenza.com\/wp-content\/uploads\/2022\/09\/Convesatorio-La-Paz-Sept-2022.jpeg","keywords":["Bolivia","escuelas primarias en Bolivia","La Mirada Interna para ni\u00f1os","temas humanistas en la ni\u00f1ez"],"articleSection":["Contenido Original","Cultura y Medios","Educaci\u00f3n","Pueblos Originarios","Sudam\u00e9rica"],"inLanguage":"es"},{"@type":"WebPage","@id":"https:\/\/www.pressenza.com\/es\/2022\/09\/mirando-al-futuro-relatos-de-experiencias-de-temas-humanistas-en-la-educacion-primaria-de-bolivia\/","url":"https:\/\/www.pressenza.com\/es\/2022\/09\/mirando-al-futuro-relatos-de-experiencias-de-temas-humanistas-en-la-educacion-primaria-de-bolivia\/","name":"Mirando al futuro: Relatos de experiencias de temas humanistas en la educaci\u00f3n primaria de Bolivia","isPartOf":{"@id":"https:\/\/www.pressenza.com\/es\/#website"},"primaryImageOfPage":{"@id":"https:\/\/www.pressenza.com\/es\/2022\/09\/mirando-al-futuro-relatos-de-experiencias-de-temas-humanistas-en-la-educacion-primaria-de-bolivia\/#primaryimage"},"image":{"@id":"https:\/\/www.pressenza.com\/es\/2022\/09\/mirando-al-futuro-relatos-de-experiencias-de-temas-humanistas-en-la-educacion-primaria-de-bolivia\/#primaryimage"},"thumbnailUrl":"https:\/\/www.pressenza.com\/wp-content\/uploads\/2022\/09\/Convesatorio-La-Paz-Sept-2022.jpeg","datePublished":"2022-09-11T13:11:03+00:00","dateModified":"2022-09-11T23:02:26+00:00","description":"En el contexto del programa \"Mirando al futuro\", este domingo 11 de septiembre se realizar\u00e1 un conversatorio con relatos de experiencias sobre el trabajo","breadcrumb":{"@id":"https:\/\/www.pressenza.com\/es\/2022\/09\/mirando-al-futuro-relatos-de-experiencias-de-temas-humanistas-en-la-educacion-primaria-de-bolivia\/#breadcrumb"},"inLanguage":"es","potentialAction":[{"@type":"ReadAction","target":["https:\/\/www.pressenza.com\/es\/2022\/09\/mirando-al-futuro-relatos-de-experiencias-de-temas-humanistas-en-la-educacion-primaria-de-bolivia\/"]}]},{"@type":"ImageObject","inLanguage":"es","@id":"https:\/\/www.pressenza.com\/es\/2022\/09\/mirando-al-futuro-relatos-de-experiencias-de-temas-humanistas-en-la-educacion-primaria-de-bolivia\/#primaryimage","url":"https:\/\/www.pressenza.com\/wp-content\/uploads\/2022\/09\/Convesatorio-La-Paz-Sept-2022.jpeg","contentUrl":"https:\/\/www.pressenza.com\/wp-content\/uploads\/2022\/09\/Convesatorio-La-Paz-Sept-2022.jpeg","width":1099,"height":1280,"caption":"Conversatorio sobre La Mirada Interna, de Silo, adaptado para ni\u00f1os de escuela primaria en Bolivia"},{"@type":"BreadcrumbList","@id":"https:\/\/www.pressenza.com\/es\/2022\/09\/mirando-al-futuro-relatos-de-experiencias-de-temas-humanistas-en-la-educacion-primaria-de-bolivia\/#breadcrumb","itemListElement":[{"@type":"ListItem","position":1,"name":"Accueil","item":"https:\/\/www.pressenza.com\/es\/"},{"@type":"ListItem","position":2,"name":"Mirando al futuro: Relatos de experiencias de temas humanistas en la educaci\u00f3n primaria de Bolivia"}]},{"@type":"WebSite","@id":"https:\/\/www.pressenza.com\/es\/#website","url":"https:\/\/www.pressenza.com\/es\/","name":"Pressenza","description":"International Press Agency","publisher":{"@id":"https:\/\/www.pressenza.com\/es\/#organization"},"potentialAction":[{"@type":"SearchAction","target":{"@type":"EntryPoint","urlTemplate":"https:\/\/www.pressenza.com\/es\/?s={search_term_string}"},"query-input":{"@type":"PropertyValueSpecification","valueRequired":true,"valueName":"search_term_string"}}],"inLanguage":"es"},{"@type":"Organization","@id":"https:\/\/www.pressenza.com\/es\/#organization","name":"Pressenza","url":"https:\/\/www.pressenza.com\/es\/","logo":{"@type":"ImageObject","inLanguage":"es","@id":"https:\/\/www.pressenza.com\/es\/#\/schema\/logo\/image\/","url":"https:\/\/www.pressenza.com\/wp-content\/uploads\/2022\/10\/pressenza_logo_200x200.jpg","contentUrl":"https:\/\/www.pressenza.com\/wp-content\/uploads\/2022\/10\/pressenza_logo_200x200.jpg","width":200,"height":200,"caption":"Pressenza"},"image":{"@id":"https:\/\/www.pressenza.com\/es\/#\/schema\/logo\/image\/"},"sameAs":["https:\/\/www.facebook.com\/PressenzaItalia","https:\/\/x.com\/PressenzaIPA"]},{"@type":"Person","@id":"https:\/\/www.pressenza.com\/es\/#\/schema\/person\/d7db40df35d6698ba69ba9ee260944ed","name":"Redacci\u00f3n Chile","description":"News from the Pressenza Bureau in Chile","sameAs":["https:\/\/www.facebook.com\/pressenza","https:\/\/x.com\/pressenza"],"url":"https:\/\/www.pressenza.com\/es\/author\/redaccion-chile\/"}]}},"place":"La Paz, Bolivia","original_article_url":"","_links":{"self":[{"href":"https:\/\/www.pressenza.com\/es\/wp-json\/wp\/v2\/posts\/1655485","targetHints":{"allow":["GET"]}}],"collection":[{"href":"https:\/\/www.pressenza.com\/es\/wp-json\/wp\/v2\/posts"}],"about":[{"href":"https:\/\/www.pressenza.com\/es\/wp-json\/wp\/v2\/types\/post"}],"author":[{"embeddable":true,"href":"https:\/\/www.pressenza.com\/es\/wp-json\/wp\/v2\/users\/43"}],"replies":[{"embeddable":true,"href":"https:\/\/www.pressenza.com\/es\/wp-json\/wp\/v2\/comments?post=1655485"}],"version-history":[{"count":0,"href":"https:\/\/www.pressenza.com\/es\/wp-json\/wp\/v2\/posts\/1655485\/revisions"}],"wp:featuredmedia":[{"embeddable":true,"href":"https:\/\/www.pressenza.com\/es\/wp-json\/wp\/v2\/media\/1655486"}],"wp:attachment":[{"href":"https:\/\/www.pressenza.com\/es\/wp-json\/wp\/v2\/media?parent=1655485"}],"wp:term":[{"taxonomy":"category","embeddable":true,"href":"https:\/\/www.pressenza.com\/es\/wp-json\/wp\/v2\/categories?post=1655485"},{"taxonomy":"post_tag","embeddable":true,"href":"https:\/\/www.pressenza.com\/es\/wp-json\/wp\/v2\/tags?post=1655485"}],"curies":[{"name":"wp","href":"https:\/\/api.w.org\/{rel}","templated":true}]}}