{"id":1655389,"date":"2022-09-09T20:00:01","date_gmt":"2022-09-09T19:00:01","guid":{"rendered":"https:\/\/www.pressenza.com\/?p=1655389"},"modified":"2022-09-09T20:41:32","modified_gmt":"2022-09-09T19:41:32","slug":"chile-post-plebiscito-de-salida","status":"publish","type":"post","link":"https:\/\/www.pressenza.com\/es\/2022\/09\/chile-post-plebiscito-de-salida\/","title":{"rendered":"Chile post plebiscito de salida"},"content":{"rendered":"<blockquote><p>Resultados e impactos en la pol\u00edtica presente y futura<\/p><\/blockquote>\n<p>Es muy improbable que no se d\u00e9 un giro hacia el fortalecimiento del modelo neoliberal, en los \u00e1mbitos de poder pol\u00edtico.<\/p>\n<p>En este escenario, la inc\u00f3gnita es si esta situaci\u00f3n de derechizaci\u00f3n en el poder, ser\u00e1 un elemento suficiente que permita que surja un fuerte y verdadero intento de articulaci\u00f3n, en las distintas fuerzas antineoliberales, populares, feministas, ecologistas, disidencias y humanistas en la base social; paradojalmente, no se ve\u00eda tampoco como algo seguro que tal acercamiento se diera, si hubiera triunfado el Apruebo.<\/p>\n<p>La \u00fanica certeza evidente, es el vaciamiento de personas que participan org\u00e1nicamente de las instituciones pol\u00edticas y sociales, situaci\u00f3n que se viene concretando en la \u00faltima d\u00e9cada, lo que pareciera dejar en manos del poder de los medios de difusi\u00f3n y las plataformas virtuales, la creaci\u00f3n de realidad.<\/p>\n<p>Quienes cre\u00edmos en el despertar inorg\u00e1nico de 2019, y sus posibilidades de incidir pol\u00edticamente, m\u00e1s all\u00e1 de lo que dicta un an\u00e1lisis medianamente vig\u00edlico, la experiencia hasta este momento, nos alerta sobre lo que supimos, pero optamos obviar.<\/p>\n<p>Otro tanto en el mismo sentido, fue la sorprendente cantidad de gente llenando la Alameda en el cierre del Apruebo, contrastado con el resultado del plebiscito.<\/p>\n<p>Entonces, por m\u00e1s dif\u00edcil que aparezca la empresa de lograr que avancen los cambios positivos por los intereses de las mayor\u00edas, no existe posibilidad distinta a que el cambio venga desde las bases organizadas, esclarecidas y con imagen de futuro compartido.<\/p>\n<p>Los Movimientos sociales y las org\u00e1nicas pol\u00edticas antineoliberales, requieren desarrollar su capacidad de generar \u00e1mbitos de encuentro, para trabajar sobre direcciones comunes y elementos concretos de convergencia, que permita una articulaci\u00f3n y desarrollo organizacional y de proyecto pol\u00edtico.<\/p>\n<p>En lo inmediato y urgente, necesitamos profundidad para ver a quienes votaron Rechazo con compasi\u00f3n y ternura. Somos a todas luces una sociedad da\u00f1ada, tratando de procesar ese da\u00f1o que hemos sufrido por d\u00e9cadas.<\/p>\n<p>No todo es desgracia, perder tambi\u00e9n nos recuerda que siempre fuimos minor\u00eda, adem\u00e1s seguir lament\u00e1ndonos es una falta de respeto para las 4.8 millones de personas, que creen que Chile puede y requiere ser distinto.<\/p>\n<p>Al parecer, algunos partidos tienen la mirada puesta en incidir en aquellas mesas de negociaciones que se est\u00e1n instalando en estos d\u00edas, leyendo la votaci\u00f3n como apoyo a estas instancias, sin preguntarse \u00bfqu\u00e9 podr\u00eda decirse en esos espacios, que genere eco en la gente que vot\u00f3 en contra de los cambios propuestos, pensando en una sociedad diferente?<\/p>\n<p>Mientras en las calles las nuevas generaciones se levantan en el d\u00eda despu\u00e9s, hablando nuevamente de una Asamblea Constituyente Soberana. All\u00ed existe otra mirada, una nueva concepci\u00f3n de la realidad.<\/p>\n<p>La tarea impostergable de la buena gente, ser\u00e1 colaborar para que nuestra sociedad supere el miedo y el individualismo, que es proclamado concertadamente por toda la prensa y medios masivos de difusi\u00f3n en manos de las derechas. Su dinero mal habido ha sido puesto a raudales a trabajar en las mentiras y en las herramientas de creaci\u00f3n de realidades, en que las mayor\u00edas son inhabilitadas para participar protag\u00f3nicamente.<\/p>\n<p>Se requiere, dicho de otro modo, apostar a la renovaci\u00f3n del poder pol\u00edtico con participaci\u00f3n vinculante y redes sociales, No Virtuales sino, de afecto y proyecci\u00f3n futura, que aporte a la recomposici\u00f3n del tejido social.<\/p>\n<p>Ante esta democracia representativa, la salida ser\u00e1 democracia real y participativa, la que permita concretar pol\u00edticas p\u00fablicas, de cambio r\u00e1pido y sustantivo, en los temas concretos que tienen precarizadas a amplias capas de la sociedad chilena.<\/p>\n<p>&nbsp;<\/p>\n<p>Redacci\u00f3n colaborativa de Angelica Alvear, Guillermo Garc\u00e9s, C\u00e9sar Anguita, Natalia Ib\u00e1\u00f1ez, Odel Soto, Natalia Canto, Sandra Arriola Oporto y Elizabeth Bravo. Comisi\u00f3n pol\u00edtica.<\/p>\n","protected":false},"excerpt":{"rendered":"<p>Resultados e impactos en la pol\u00edtica presente y futura Es muy improbable que no se d\u00e9 un giro hacia el fortalecimiento del modelo neoliberal, en los \u00e1mbitos de poder pol\u00edtico. En este escenario, la inc\u00f3gnita es si esta situaci\u00f3n de&hellip;<\/p>\n","protected":false},"author":386,"featured_media":1655390,"comment_status":"closed","ping_status":"closed","sticky":false,"template":"","format":"standard","meta":{"footnotes":""},"categories":[149,11389,74,67],"tags":[29,696,104555,1344],"class_list":["post-1655389","post","type-post","status-publish","format-standard","has-post-thumbnail","hentry","category-comunicados-de-prensa","category-contenido-original","category-politica-es","category-sudamerica","tag-chile","tag-democracia","tag-opcion-rechazo","tag-plebiscito"],"yoast_head":"<!-- This site is optimized with the Yoast SEO plugin v27.1.1 - https:\/\/yoast.com\/product\/yoast-seo-wordpress\/ -->\n<title>Chile post plebiscito de salida<\/title>\n<meta name=\"description\" content=\"Resultados e impactos en la pol\u00edtica presente y futura Es muy improbable que no se d\u00e9 un giro hacia el fortalecimiento del modelo neoliberal, en los\" \/>\n<meta name=\"robots\" content=\"index, follow, max-snippet:-1, max-image-preview:large, max-video-preview:-1\" \/>\n<link rel=\"canonical\" href=\"https:\/\/www.pressenza.com\/es\/2022\/09\/chile-post-plebiscito-de-salida\/\" \/>\n<meta property=\"og:locale\" content=\"es_ES\" \/>\n<meta property=\"og:type\" content=\"article\" \/>\n<meta property=\"og:title\" content=\"Chile post plebiscito de salida\" \/>\n<meta property=\"og:description\" content=\"Resultados e impactos en la pol\u00edtica presente y futura Es muy improbable que no se d\u00e9 un giro hacia el fortalecimiento del modelo neoliberal, en los\" \/>\n<meta property=\"og:url\" content=\"https:\/\/www.pressenza.com\/es\/2022\/09\/chile-post-plebiscito-de-salida\/\" \/>\n<meta property=\"og:site_name\" content=\"Pressenza\" \/>\n<meta property=\"article:publisher\" content=\"https:\/\/www.facebook.com\/PressenzaItalia\" \/>\n<meta property=\"article:author\" content=\"https:\/\/www.facebook.com\/PartidoHumanistaChile?fref=ts\" \/>\n<meta property=\"article:published_time\" content=\"2022-09-09T19:00:01+00:00\" \/>\n<meta property=\"article:modified_time\" content=\"2022-09-09T19:41:32+00:00\" \/>\n<meta property=\"og:image\" content=\"https:\/\/www.pressenza.com\/wp-content\/uploads\/2022\/09\/5888399887_766863d4db_c.jpg\" \/>\n\t<meta property=\"og:image:width\" content=\"800\" \/>\n\t<meta property=\"og:image:height\" content=\"546\" \/>\n\t<meta property=\"og:image:type\" content=\"image\/jpeg\" \/>\n<meta name=\"author\" content=\"Partido Humanista de Chile\" \/>\n<meta name=\"twitter:card\" content=\"summary_large_image\" \/>\n<meta name=\"twitter:creator\" content=\"@phumanista\" \/>\n<meta name=\"twitter:site\" content=\"@PressenzaIPA\" \/>\n<meta name=\"twitter:label1\" content=\"Escrito por\" \/>\n\t<meta name=\"twitter:data1\" content=\"Partido Humanista de Chile\" \/>\n\t<meta name=\"twitter:label2\" content=\"Tiempo de lectura\" \/>\n\t<meta name=\"twitter:data2\" content=\"3 minutos\" \/>\n<script type=\"application\/ld+json\" class=\"yoast-schema-graph\">{\"@context\":\"https:\/\/schema.org\",\"@graph\":[{\"@type\":\"Article\",\"@id\":\"https:\/\/www.pressenza.com\/es\/2022\/09\/chile-post-plebiscito-de-salida\/#article\",\"isPartOf\":{\"@id\":\"https:\/\/www.pressenza.com\/es\/2022\/09\/chile-post-plebiscito-de-salida\/\"},\"author\":{\"name\":\"Partido Humanista de Chile\",\"@id\":\"https:\/\/www.pressenza.com\/es\/#\/schema\/person\/21472c42980bab786ff5a256b8239bf5\"},\"headline\":\"Chile post plebiscito de salida\",\"datePublished\":\"2022-09-09T19:00:01+00:00\",\"dateModified\":\"2022-09-09T19:41:32+00:00\",\"mainEntityOfPage\":{\"@id\":\"https:\/\/www.pressenza.com\/es\/2022\/09\/chile-post-plebiscito-de-salida\/\"},\"wordCount\":664,\"publisher\":{\"@id\":\"https:\/\/www.pressenza.com\/es\/#organization\"},\"image\":{\"@id\":\"https:\/\/www.pressenza.com\/es\/2022\/09\/chile-post-plebiscito-de-salida\/#primaryimage\"},\"thumbnailUrl\":\"https:\/\/www.pressenza.com\/wp-content\/uploads\/2022\/09\/5888399887_766863d4db_c.jpg\",\"keywords\":[\"Chile\",\"Democracia\",\"Opci\u00f3n Rechazo\",\"Plebiscito\"],\"articleSection\":[\"Comunicados de Prensa\",\"Contenido Original\",\"Pol\u00edtica\",\"Sudam\u00e9rica\"],\"inLanguage\":\"es\"},{\"@type\":\"WebPage\",\"@id\":\"https:\/\/www.pressenza.com\/es\/2022\/09\/chile-post-plebiscito-de-salida\/\",\"url\":\"https:\/\/www.pressenza.com\/es\/2022\/09\/chile-post-plebiscito-de-salida\/\",\"name\":\"Chile post plebiscito de salida\",\"isPartOf\":{\"@id\":\"https:\/\/www.pressenza.com\/es\/#website\"},\"primaryImageOfPage\":{\"@id\":\"https:\/\/www.pressenza.com\/es\/2022\/09\/chile-post-plebiscito-de-salida\/#primaryimage\"},\"image\":{\"@id\":\"https:\/\/www.pressenza.com\/es\/2022\/09\/chile-post-plebiscito-de-salida\/#primaryimage\"},\"thumbnailUrl\":\"https:\/\/www.pressenza.com\/wp-content\/uploads\/2022\/09\/5888399887_766863d4db_c.jpg\",\"datePublished\":\"2022-09-09T19:00:01+00:00\",\"dateModified\":\"2022-09-09T19:41:32+00:00\",\"description\":\"Resultados e impactos en la pol\u00edtica presente y futura Es muy improbable que no se d\u00e9 un giro hacia el fortalecimiento del modelo neoliberal, en los\",\"breadcrumb\":{\"@id\":\"https:\/\/www.pressenza.com\/es\/2022\/09\/chile-post-plebiscito-de-salida\/#breadcrumb\"},\"inLanguage\":\"es\",\"potentialAction\":[{\"@type\":\"ReadAction\",\"target\":[\"https:\/\/www.pressenza.com\/es\/2022\/09\/chile-post-plebiscito-de-salida\/\"]}]},{\"@type\":\"ImageObject\",\"inLanguage\":\"es\",\"@id\":\"https:\/\/www.pressenza.com\/es\/2022\/09\/chile-post-plebiscito-de-salida\/#primaryimage\",\"url\":\"https:\/\/www.pressenza.com\/wp-content\/uploads\/2022\/09\/5888399887_766863d4db_c.jpg\",\"contentUrl\":\"https:\/\/www.pressenza.com\/wp-content\/uploads\/2022\/09\/5888399887_766863d4db_c.jpg\",\"width\":800,\"height\":546,\"caption\":\"Rafael Edwards\"},{\"@type\":\"BreadcrumbList\",\"@id\":\"https:\/\/www.pressenza.com\/es\/2022\/09\/chile-post-plebiscito-de-salida\/#breadcrumb\",\"itemListElement\":[{\"@type\":\"ListItem\",\"position\":1,\"name\":\"Accueil\",\"item\":\"https:\/\/www.pressenza.com\/es\/\"},{\"@type\":\"ListItem\",\"position\":2,\"name\":\"Chile post plebiscito de salida\"}]},{\"@type\":\"WebSite\",\"@id\":\"https:\/\/www.pressenza.com\/es\/#website\",\"url\":\"https:\/\/www.pressenza.com\/es\/\",\"name\":\"Pressenza\",\"description\":\"International Press Agency\",\"publisher\":{\"@id\":\"https:\/\/www.pressenza.com\/es\/#organization\"},\"potentialAction\":[{\"@type\":\"SearchAction\",\"target\":{\"@type\":\"EntryPoint\",\"urlTemplate\":\"https:\/\/www.pressenza.com\/es\/?s={search_term_string}\"},\"query-input\":{\"@type\":\"PropertyValueSpecification\",\"valueRequired\":true,\"valueName\":\"search_term_string\"}}],\"inLanguage\":\"es\"},{\"@type\":\"Organization\",\"@id\":\"https:\/\/www.pressenza.com\/es\/#organization\",\"name\":\"Pressenza\",\"url\":\"https:\/\/www.pressenza.com\/es\/\",\"logo\":{\"@type\":\"ImageObject\",\"inLanguage\":\"es\",\"@id\":\"https:\/\/www.pressenza.com\/es\/#\/schema\/logo\/image\/\",\"url\":\"https:\/\/www.pressenza.com\/wp-content\/uploads\/2022\/10\/pressenza_logo_200x200.jpg\",\"contentUrl\":\"https:\/\/www.pressenza.com\/wp-content\/uploads\/2022\/10\/pressenza_logo_200x200.jpg\",\"width\":200,\"height\":200,\"caption\":\"Pressenza\"},\"image\":{\"@id\":\"https:\/\/www.pressenza.com\/es\/#\/schema\/logo\/image\/\"},\"sameAs\":[\"https:\/\/www.facebook.com\/PressenzaItalia\",\"https:\/\/x.com\/PressenzaIPA\"]},{\"@type\":\"Person\",\"@id\":\"https:\/\/www.pressenza.com\/es\/#\/schema\/person\/21472c42980bab786ff5a256b8239bf5\",\"name\":\"Partido Humanista de Chile\",\"description\":\"www.partidohumanista.cl\",\"sameAs\":[\"https:\/\/www.facebook.com\/PartidoHumanistaChile?fref=ts\",\"https:\/\/x.com\/phumanista\"],\"url\":\"https:\/\/www.pressenza.com\/es\/author\/partido-humanista-de-chile\/\"}]}<\/script>\n<!-- \/ Yoast SEO plugin. -->","yoast_head_json":{"title":"Chile post plebiscito de salida","description":"Resultados e impactos en la pol\u00edtica presente y futura Es muy improbable que no se d\u00e9 un giro hacia el fortalecimiento del modelo neoliberal, en los","robots":{"index":"index","follow":"follow","max-snippet":"max-snippet:-1","max-image-preview":"max-image-preview:large","max-video-preview":"max-video-preview:-1"},"canonical":"https:\/\/www.pressenza.com\/es\/2022\/09\/chile-post-plebiscito-de-salida\/","og_locale":"es_ES","og_type":"article","og_title":"Chile post plebiscito de salida","og_description":"Resultados e impactos en la pol\u00edtica presente y futura Es muy improbable que no se d\u00e9 un giro hacia el fortalecimiento del modelo neoliberal, en los","og_url":"https:\/\/www.pressenza.com\/es\/2022\/09\/chile-post-plebiscito-de-salida\/","og_site_name":"Pressenza","article_publisher":"https:\/\/www.facebook.com\/PressenzaItalia","article_author":"https:\/\/www.facebook.com\/PartidoHumanistaChile?fref=ts","article_published_time":"2022-09-09T19:00:01+00:00","article_modified_time":"2022-09-09T19:41:32+00:00","og_image":[{"width":800,"height":546,"url":"https:\/\/www.pressenza.com\/wp-content\/uploads\/2022\/09\/5888399887_766863d4db_c.jpg","type":"image\/jpeg"}],"author":"Partido Humanista de Chile","twitter_card":"summary_large_image","twitter_creator":"@phumanista","twitter_site":"@PressenzaIPA","twitter_misc":{"Escrito por":"Partido Humanista de Chile","Tiempo de lectura":"3 minutos"},"schema":{"@context":"https:\/\/schema.org","@graph":[{"@type":"Article","@id":"https:\/\/www.pressenza.com\/es\/2022\/09\/chile-post-plebiscito-de-salida\/#article","isPartOf":{"@id":"https:\/\/www.pressenza.com\/es\/2022\/09\/chile-post-plebiscito-de-salida\/"},"author":{"name":"Partido Humanista de Chile","@id":"https:\/\/www.pressenza.com\/es\/#\/schema\/person\/21472c42980bab786ff5a256b8239bf5"},"headline":"Chile post plebiscito de salida","datePublished":"2022-09-09T19:00:01+00:00","dateModified":"2022-09-09T19:41:32+00:00","mainEntityOfPage":{"@id":"https:\/\/www.pressenza.com\/es\/2022\/09\/chile-post-plebiscito-de-salida\/"},"wordCount":664,"publisher":{"@id":"https:\/\/www.pressenza.com\/es\/#organization"},"image":{"@id":"https:\/\/www.pressenza.com\/es\/2022\/09\/chile-post-plebiscito-de-salida\/#primaryimage"},"thumbnailUrl":"https:\/\/www.pressenza.com\/wp-content\/uploads\/2022\/09\/5888399887_766863d4db_c.jpg","keywords":["Chile","Democracia","Opci\u00f3n Rechazo","Plebiscito"],"articleSection":["Comunicados de Prensa","Contenido Original","Pol\u00edtica","Sudam\u00e9rica"],"inLanguage":"es"},{"@type":"WebPage","@id":"https:\/\/www.pressenza.com\/es\/2022\/09\/chile-post-plebiscito-de-salida\/","url":"https:\/\/www.pressenza.com\/es\/2022\/09\/chile-post-plebiscito-de-salida\/","name":"Chile post plebiscito de salida","isPartOf":{"@id":"https:\/\/www.pressenza.com\/es\/#website"},"primaryImageOfPage":{"@id":"https:\/\/www.pressenza.com\/es\/2022\/09\/chile-post-plebiscito-de-salida\/#primaryimage"},"image":{"@id":"https:\/\/www.pressenza.com\/es\/2022\/09\/chile-post-plebiscito-de-salida\/#primaryimage"},"thumbnailUrl":"https:\/\/www.pressenza.com\/wp-content\/uploads\/2022\/09\/5888399887_766863d4db_c.jpg","datePublished":"2022-09-09T19:00:01+00:00","dateModified":"2022-09-09T19:41:32+00:00","description":"Resultados e impactos en la pol\u00edtica presente y futura Es muy improbable que no se d\u00e9 un giro hacia el fortalecimiento del modelo neoliberal, en los","breadcrumb":{"@id":"https:\/\/www.pressenza.com\/es\/2022\/09\/chile-post-plebiscito-de-salida\/#breadcrumb"},"inLanguage":"es","potentialAction":[{"@type":"ReadAction","target":["https:\/\/www.pressenza.com\/es\/2022\/09\/chile-post-plebiscito-de-salida\/"]}]},{"@type":"ImageObject","inLanguage":"es","@id":"https:\/\/www.pressenza.com\/es\/2022\/09\/chile-post-plebiscito-de-salida\/#primaryimage","url":"https:\/\/www.pressenza.com\/wp-content\/uploads\/2022\/09\/5888399887_766863d4db_c.jpg","contentUrl":"https:\/\/www.pressenza.com\/wp-content\/uploads\/2022\/09\/5888399887_766863d4db_c.jpg","width":800,"height":546,"caption":"Rafael Edwards"},{"@type":"BreadcrumbList","@id":"https:\/\/www.pressenza.com\/es\/2022\/09\/chile-post-plebiscito-de-salida\/#breadcrumb","itemListElement":[{"@type":"ListItem","position":1,"name":"Accueil","item":"https:\/\/www.pressenza.com\/es\/"},{"@type":"ListItem","position":2,"name":"Chile post plebiscito de salida"}]},{"@type":"WebSite","@id":"https:\/\/www.pressenza.com\/es\/#website","url":"https:\/\/www.pressenza.com\/es\/","name":"Pressenza","description":"International Press Agency","publisher":{"@id":"https:\/\/www.pressenza.com\/es\/#organization"},"potentialAction":[{"@type":"SearchAction","target":{"@type":"EntryPoint","urlTemplate":"https:\/\/www.pressenza.com\/es\/?s={search_term_string}"},"query-input":{"@type":"PropertyValueSpecification","valueRequired":true,"valueName":"search_term_string"}}],"inLanguage":"es"},{"@type":"Organization","@id":"https:\/\/www.pressenza.com\/es\/#organization","name":"Pressenza","url":"https:\/\/www.pressenza.com\/es\/","logo":{"@type":"ImageObject","inLanguage":"es","@id":"https:\/\/www.pressenza.com\/es\/#\/schema\/logo\/image\/","url":"https:\/\/www.pressenza.com\/wp-content\/uploads\/2022\/10\/pressenza_logo_200x200.jpg","contentUrl":"https:\/\/www.pressenza.com\/wp-content\/uploads\/2022\/10\/pressenza_logo_200x200.jpg","width":200,"height":200,"caption":"Pressenza"},"image":{"@id":"https:\/\/www.pressenza.com\/es\/#\/schema\/logo\/image\/"},"sameAs":["https:\/\/www.facebook.com\/PressenzaItalia","https:\/\/x.com\/PressenzaIPA"]},{"@type":"Person","@id":"https:\/\/www.pressenza.com\/es\/#\/schema\/person\/21472c42980bab786ff5a256b8239bf5","name":"Partido Humanista de Chile","description":"www.partidohumanista.cl","sameAs":["https:\/\/www.facebook.com\/PartidoHumanistaChile?fref=ts","https:\/\/x.com\/phumanista"],"url":"https:\/\/www.pressenza.com\/es\/author\/partido-humanista-de-chile\/"}]}},"place":"Santiago de Chile","original_article_url":"","_links":{"self":[{"href":"https:\/\/www.pressenza.com\/es\/wp-json\/wp\/v2\/posts\/1655389","targetHints":{"allow":["GET"]}}],"collection":[{"href":"https:\/\/www.pressenza.com\/es\/wp-json\/wp\/v2\/posts"}],"about":[{"href":"https:\/\/www.pressenza.com\/es\/wp-json\/wp\/v2\/types\/post"}],"author":[{"embeddable":true,"href":"https:\/\/www.pressenza.com\/es\/wp-json\/wp\/v2\/users\/386"}],"replies":[{"embeddable":true,"href":"https:\/\/www.pressenza.com\/es\/wp-json\/wp\/v2\/comments?post=1655389"}],"version-history":[{"count":0,"href":"https:\/\/www.pressenza.com\/es\/wp-json\/wp\/v2\/posts\/1655389\/revisions"}],"wp:featuredmedia":[{"embeddable":true,"href":"https:\/\/www.pressenza.com\/es\/wp-json\/wp\/v2\/media\/1655390"}],"wp:attachment":[{"href":"https:\/\/www.pressenza.com\/es\/wp-json\/wp\/v2\/media?parent=1655389"}],"wp:term":[{"taxonomy":"category","embeddable":true,"href":"https:\/\/www.pressenza.com\/es\/wp-json\/wp\/v2\/categories?post=1655389"},{"taxonomy":"post_tag","embeddable":true,"href":"https:\/\/www.pressenza.com\/es\/wp-json\/wp\/v2\/tags?post=1655389"}],"curies":[{"name":"wp","href":"https:\/\/api.w.org\/{rel}","templated":true}]}}