{"id":1654021,"date":"2022-09-07T00:16:22","date_gmt":"2022-09-06T23:16:22","guid":{"rendered":"https:\/\/www.pressenza.com\/?p=1654021"},"modified":"2022-09-07T00:16:22","modified_gmt":"2022-09-06T23:16:22","slug":"crisis-climatica-habra-todavia-un-manana","status":"publish","type":"post","link":"https:\/\/www.pressenza.com\/es\/2022\/09\/crisis-climatica-habra-todavia-un-manana\/","title":{"rendered":"Crisis clim\u00e1tica, \u00bfhabr\u00e1 todav\u00eda un ma\u00f1ana?"},"content":{"rendered":"<p>Estamos asistiendo al fin del mundo. No del planeta Tierra, que seguir\u00e1 girando alrededor del Sol durante miles de millones de a\u00f1os, sino del mundo entendido como la condici\u00f3n de vida de los seres humanos y, especialmente, del n\u00famero de ejemplares, es decir, de habitantes, en que se han reproducido. Y en particular de su modo de vida, modelado por la modernidad y extendido a todo el planeta por la globalizaci\u00f3n (el capitalismo, si queremos llamarlo as\u00ed, el del siglo XXI).<\/p>\n<p><strong>Fen\u00f3menos en gran medida irreversibles<\/strong><\/p>\n<p>Todos los fen\u00f3menos a trav\u00e9s de los cuales est\u00e1 destinado a manifestarse este fin del mundo est\u00e1n ya presentes en gran medida: derretimiento de los glaciares y de los casquetes polares, sequ\u00edas y desertificaci\u00f3n, inundaciones que no remedian sino que agravan sus efectos, filtraci\u00f3n del mar en la capa fre\u00e1tica, desecaci\u00f3n de los acu\u00edferos, incendios que destruyen los bosques, ya no moderados por la humedad del suelo y de las plantas y la escasez de agua para extinguirlos, tifones y propagaci\u00f3n de nuevas enfermedades que ya no se pueden controlar. Todos ellos son fen\u00f3menos en gran medida irreversibles. Los glaciares seguir\u00e1n derriti\u00e9ndose y no volver\u00e1n a formarse durante miles de a\u00f1os, incluso si las emisiones de gases que cambian el clima cesaran ma\u00f1ana (lo que no ocurrir\u00e1) y lo mismo ocurrir\u00e1 con los casquetes polares. Los acu\u00edferos que hemos saqueado ya no se llenar\u00e1n, ni los r\u00edos, que alternar\u00e1n periodos de sequ\u00eda y crecidas, volver\u00e1n a fluir tranquilamente. Los veranos ser\u00e1n cada vez m\u00e1s t\u00f3rridos, hasta el punto de que zonas cada vez m\u00e1s amplias del planeta se volver\u00e1n inhabitables. Los inviernos ser\u00e1n cada vez m\u00e1s suaves y taca\u00f1os con las lluvias a las que estamos acostumbrados, y los incendios ser\u00e1n cada vez m\u00e1s extensos y violentos. La situaci\u00f3n que estamos viviendo no durar\u00e1 s\u00f3lo unos d\u00edas, ni un verano, ni unos a\u00f1os, sino que ser\u00e1 la nueva normalidad. Por el contrario, empeorar\u00e1, con altibajos, de a\u00f1o en a\u00f1o, empujando a m\u00e1s y m\u00e1s habitantes de la Tierra a abandonar sus pa\u00edses para buscar alivio y habitabilidad en alguna regi\u00f3n menos abrasadora.<\/p>\n<p>Las primeras v\u00edctimas de este proceso ser\u00e1n -ya lo son- la agricultura y la alimentaci\u00f3n, que, con su consumo de f\u00f3siles, son ya la principal fuente de emisiones que alteran el clima (en gran medida por la producci\u00f3n de carne, que ocupa el 70% de la tierra cultivada y del agua utilizada). Comer cualquier cosa ser\u00e1 cada vez m\u00e1s un problema para un n\u00famero creciente de habitantes de la Tierra, pero a la industria y a la movilidad no les ir\u00e1 mejor. Hasta que (\u00bfcu\u00e1ndo?) toda la energ\u00eda utilizada se genere a partir de fuentes renovables, no es en absoluto seguro que las de distinto origen sean suficientes. Tanto la energ\u00eda nuclear como los combustibles f\u00f3siles necesitan agua, mucha agua, para funcionar. Y cada vez hay menos disponibilidad. En Francia, muchas centrales nucleares est\u00e1n paradas no s\u00f3lo por las aver\u00edas y el desgaste, sino porque no hay m\u00e1s agua para refrigerarlas. Muchas centrales el\u00e9ctricas de gas y carb\u00f3n en Italia y otros pa\u00edses se detendr\u00e1n porque los r\u00edos se secan. Sin electricidad, la industria tambi\u00e9n se detendr\u00e1, incluso la que pueda dedicarse a la producci\u00f3n de plantas de energ\u00eda renovable o a la renovaci\u00f3n de edificios para reducir su consumo energ\u00e9tico.<\/p>\n<p><strong>La reconversi\u00f3n ecol\u00f3gica es cada vez m\u00e1s dif\u00edcil<\/strong><\/p>\n<p>As\u00ed, la reconversi\u00f3n ecol\u00f3gica, aunque se quiera hacer, ser\u00e1 cada vez m\u00e1s dif\u00edcil. No hablemos de la reconversi\u00f3n de la combusti\u00f3n a la electricidad del parque automovil\u00edstico (1.300 millones de coches), que es el centro de atenci\u00f3n hoy. \u00bfQu\u00e9 sentido tiene? \u00bfD\u00f3nde y c\u00f3mo vamos a producir la energ\u00eda para moverlo, los materiales raros para hacerlo funcionar, los ordinarios para fabricarlo si la industria va a tener que trabajar a trompicones? \u00bfY el turismo? \u00bfQu\u00e9 sentido tiene fabricar el invierno con nieve artificial para participar en un bodrio como los Juegos Ol\u00edmpicos de Mil\u00e1n-Cortina? \u00bfCu\u00e1ndo se descubrir\u00e1 que viajar a tierras lejanas ya no garantiza un regreso seguro?<\/p>\n<p>\u00bfY la industria militar? Por supuesto, es \u00abprioritario\u00bb. Las armas son el mayor negocio de hoy en d\u00eda, el \u00fanico que ha sido capaz de enfrentarse al covid sin consecuencias. Tambi\u00e9n a ellos les llegar\u00e1 la hora de la verdad, pero no antes de que el resto de los sectores industriales se hayan visto afectados.<\/p>\n<p>\u00bfY las Grandes Obras? De todos los que est\u00e1n a punto de comenzar, no quedar\u00e1n m\u00e1s que deudas por pagar. \u00bfCon qu\u00e9? \u00bfY a costa de qui\u00e9n? Todos estos bloqueos se reflejar\u00e1n en cierres, quiebras, despidos, desempleo, p\u00e9rdida de ingresos, sin que se prevean alternativas de empleo y de producci\u00f3n.<\/p>\n<p><strong>Problemas ignorados<\/strong><\/p>\n<p>\u00bfHay alguien entre los pol\u00edticos api\u00f1ados en torno al destino del gobierno italiano de Draghi, empezando por su titular, que haya mencionado siquiera uno de estos problemas mientras Italia (y el mundo) a su alrededor est\u00e1 en llamas? \u00bfO cualquier miembro de la clase business? \u00bfO cualquier peri\u00f3dico que lo haya hecho a seis columnas? \u00bfO alg\u00fan periodista -alguno quiz\u00e1s s\u00ed- que encontr\u00f3 la manera de hablar de ello dentro de piezas dedicadas a su propio campo: pol\u00edtica, econom\u00eda, deporte, moda, costumbres, justicia, guerra, etc.?<\/p>\n<p>Nunca el debate pol\u00edtico, el \u00abelogio servil\u00bb y la \u00abindignaci\u00f3n cobarde\u00bb del sentido com\u00fan hab\u00edan ca\u00eddo tan bajo: un teatro del absurdo. Los \u00fanicos que se han dado cuenta de ello son los j\u00f3venes de \u00abViernes por el Futuro\u00bb y sus compa\u00f1eros. Sin embargo, es de esto de lo que tenemos que hablar en primer lugar.<\/p>\n<p>Y si habl\u00e1ramos de ello, si habl\u00e1ramos de ello, las cosas seguramente tomar\u00edan otro cariz: no se pondr\u00eda el medio ambiente, el clima, las renovables al final de una lista de 9 puntos sobre los que comprometer al gobierno o proponer en la campa\u00f1a electoral. Por fin quedar\u00eda claro que, para alcanzar cualquiera de esos objetivos, hay que abordar de lleno el problema del clima. \u00bfY c\u00f3mo?<\/p>\n<p>La contenci\u00f3n de la crisis clim\u00e1tica y medioambiental no depende s\u00f3lo de nosotros, ni como individuos, ni a nivel territorial o nacional; incluso la UE (que representa el 10% de las emisiones mundiales) cuenta poco. Sin embargo, cada uno de nosotros, cada territorio, cada naci\u00f3n y cada continente debe esforzarse por hacer lo que pueda para contribuir a una conversi\u00f3n ecol\u00f3gica global. Hay mucho que hacer para todos. Pero, sobre todo, est\u00e1 la forma de hacerlo, que no est\u00e1 en absoluto tan clara como los objetivos que hay que perseguir, y que difiere de un pa\u00eds a otro, as\u00ed como de un individuo a otro y de una empresa a otra.<\/p>\n<p><strong>Adaptaci\u00f3n: salvar lo que se puede salvar y dejar atr\u00e1s lo superfluo<\/strong><\/p>\n<p>Est\u00e1 claro que el objetivo central de Par\u00eds y Glasgow (Convenci\u00f3n Marco de las Naciones Unidas sobre el Cambio Clim\u00e1tico, CMNUCC) de +1,5\u00b0C sobre el periodo preindustrial no se cumplir\u00e1. Por lo tanto, debemos prepararnos para lo menos peor. Y lo menos malo se llama adaptaci\u00f3n. Salvando, mientras se est\u00e1 a tiempo, lo que se considera salvable y dejando atr\u00e1s lo que menos se necesita. Empezando por la agricultura y la alimentaci\u00f3n, que debe volver a ser ecol\u00f3gica, multicultivo, local, sin m\u00e1s ganader\u00eda intensiva. Luego, con el cuidado de la tierra, reforest\u00e1ndola en la medida de lo posible. Y con la movilidad, abandonar para siempre la idea de tener \u00abun caballo mec\u00e1nico\u00bb para cada persona; la movilidad sostenible es compartir y aprovechar todos los medios. Y el turismo, hoy la mayor industria del mundo, si es que a\u00fan es posible, debe volver a ser vacaciones de proximidad o de aventura sin confort. Tambi\u00e9n la industria tendr\u00e1 que reducirse, y con ella tanto el asalto a los recursos de la Tierra para alimentarla como la multiplicaci\u00f3n de los servicios para encontrar una salida a nuestro consumo. Las escuelas deben convertirse en centros de educaci\u00f3n para la convivencia abiertos a todos, y la sanidad debe cambiar su eje de la terapia a la prevenci\u00f3n.<\/p>\n<p>En tal perspectiva, habr\u00e1 espacio para todos en lo que quedar\u00e1 de la Tierra, tanto para habitarla como para garantizar a cada persona un papel, una actividad, una forma de hacerse \u00fatil sin plegarse al fetiche del empleo, que siempre y s\u00f3lo concierne a una parte de la poblaci\u00f3n. Pero, \u00bfqui\u00e9n tiene el valor de recorrer este camino?<\/p>\n<p>&nbsp;<\/p>\n","protected":false},"excerpt":{"rendered":"<p>Estamos asistiendo al fin del mundo. No del planeta Tierra, que seguir\u00e1 girando alrededor del Sol durante miles de millones de a\u00f1os, sino del mundo entendido como la condici\u00f3n de vida de los seres humanos y, especialmente, del n\u00famero de&hellip;<\/p>\n","protected":false},"author":1616,"featured_media":1654022,"comment_status":"closed","ping_status":"closed","sticky":false,"template":"","format":"standard","meta":{"footnotes":""},"categories":[11389,78,39,161],"tags":[3055,14647,29741,4334,23042],"class_list":["post-1654021","post","type-post","status-publish","format-standard","has-post-thumbnail","hentry","category-contenido-original","category-medio-ambiente-ecologia","category-internacional","category-opiniones","tag-alimentacion","tag-crisis-ambiental","tag-desertificacion","tag-energia-es","tag-transporte"],"yoast_head":"<!-- This site is optimized with the Yoast SEO plugin v27.1.1 - https:\/\/yoast.com\/product\/yoast-seo-wordpress\/ -->\n<title>Crisis clim\u00e1tica, \u00bfhabr\u00e1 todav\u00eda un ma\u00f1ana?<\/title>\n<meta name=\"description\" content=\"Estamos asistiendo al fin del mundo. No del planeta Tierra, que seguir\u00e1 girando alrededor del Sol durante miles de millones de a\u00f1os, sino del mundo\" \/>\n<meta name=\"robots\" content=\"index, follow, max-snippet:-1, max-image-preview:large, max-video-preview:-1\" \/>\n<link rel=\"canonical\" href=\"https:\/\/www.pressenza.com\/es\/2022\/09\/crisis-climatica-habra-todavia-un-manana\/\" \/>\n<meta property=\"og:locale\" content=\"es_ES\" \/>\n<meta property=\"og:type\" content=\"article\" \/>\n<meta property=\"og:title\" content=\"Crisis clim\u00e1tica, \u00bfhabr\u00e1 todav\u00eda un ma\u00f1ana?\" \/>\n<meta property=\"og:description\" content=\"Estamos asistiendo al fin del mundo. No del planeta Tierra, que seguir\u00e1 girando alrededor del Sol durante miles de millones de a\u00f1os, sino del mundo\" \/>\n<meta property=\"og:url\" content=\"https:\/\/www.pressenza.com\/es\/2022\/09\/crisis-climatica-habra-todavia-un-manana\/\" \/>\n<meta property=\"og:site_name\" content=\"Pressenza\" \/>\n<meta property=\"article:publisher\" content=\"https:\/\/www.facebook.com\/PressenzaItalia\" \/>\n<meta property=\"article:published_time\" content=\"2022-09-06T23:16:22+00:00\" \/>\n<meta property=\"og:image\" content=\"https:\/\/www.pressenza.com\/wp-content\/uploads\/2022\/09\/sisthem-change-1-820x461-1.jpg\" \/>\n\t<meta property=\"og:image:width\" content=\"820\" \/>\n\t<meta property=\"og:image:height\" content=\"461\" \/>\n\t<meta property=\"og:image:type\" content=\"image\/jpeg\" \/>\n<meta name=\"author\" content=\"Guido Viale\" \/>\n<meta name=\"twitter:card\" content=\"summary_large_image\" \/>\n<meta name=\"twitter:creator\" content=\"@PressenzaIPA\" \/>\n<meta name=\"twitter:site\" content=\"@PressenzaIPA\" \/>\n<meta name=\"twitter:label1\" content=\"Escrito por\" \/>\n\t<meta name=\"twitter:data1\" content=\"Guido Viale\" \/>\n\t<meta name=\"twitter:label2\" content=\"Tiempo de lectura\" \/>\n\t<meta name=\"twitter:data2\" content=\"8 minutos\" \/>\n<script type=\"application\/ld+json\" class=\"yoast-schema-graph\">{\"@context\":\"https:\/\/schema.org\",\"@graph\":[{\"@type\":\"Article\",\"@id\":\"https:\/\/www.pressenza.com\/es\/2022\/09\/crisis-climatica-habra-todavia-un-manana\/#article\",\"isPartOf\":{\"@id\":\"https:\/\/www.pressenza.com\/es\/2022\/09\/crisis-climatica-habra-todavia-un-manana\/\"},\"author\":{\"name\":\"Guido Viale\",\"@id\":\"https:\/\/www.pressenza.com\/es\/#\/schema\/person\/7e30fb1d68799cd117e655ba05ad06ef\"},\"headline\":\"Crisis clim\u00e1tica, \u00bfhabr\u00e1 todav\u00eda un ma\u00f1ana?\",\"datePublished\":\"2022-09-06T23:16:22+00:00\",\"mainEntityOfPage\":{\"@id\":\"https:\/\/www.pressenza.com\/es\/2022\/09\/crisis-climatica-habra-todavia-un-manana\/\"},\"wordCount\":1528,\"publisher\":{\"@id\":\"https:\/\/www.pressenza.com\/es\/#organization\"},\"image\":{\"@id\":\"https:\/\/www.pressenza.com\/es\/2022\/09\/crisis-climatica-habra-todavia-un-manana\/#primaryimage\"},\"thumbnailUrl\":\"https:\/\/www.pressenza.com\/wp-content\/uploads\/2022\/09\/sisthem-change-1-820x461-1.jpg\",\"keywords\":[\"alimentaci\u00f3n\",\"crisis ambiental\",\"desertificaci\u00f3n\",\"energ\u00eda\",\"transporte\"],\"articleSection\":[\"Contenido Original\",\"Ecolog\u00eda y Medio Ambiente\",\"Internacional\",\"Opiniones\"],\"inLanguage\":\"es\"},{\"@type\":\"WebPage\",\"@id\":\"https:\/\/www.pressenza.com\/es\/2022\/09\/crisis-climatica-habra-todavia-un-manana\/\",\"url\":\"https:\/\/www.pressenza.com\/es\/2022\/09\/crisis-climatica-habra-todavia-un-manana\/\",\"name\":\"Crisis clim\u00e1tica, \u00bfhabr\u00e1 todav\u00eda un ma\u00f1ana?\",\"isPartOf\":{\"@id\":\"https:\/\/www.pressenza.com\/es\/#website\"},\"primaryImageOfPage\":{\"@id\":\"https:\/\/www.pressenza.com\/es\/2022\/09\/crisis-climatica-habra-todavia-un-manana\/#primaryimage\"},\"image\":{\"@id\":\"https:\/\/www.pressenza.com\/es\/2022\/09\/crisis-climatica-habra-todavia-un-manana\/#primaryimage\"},\"thumbnailUrl\":\"https:\/\/www.pressenza.com\/wp-content\/uploads\/2022\/09\/sisthem-change-1-820x461-1.jpg\",\"datePublished\":\"2022-09-06T23:16:22+00:00\",\"description\":\"Estamos asistiendo al fin del mundo. No del planeta Tierra, que seguir\u00e1 girando alrededor del Sol durante miles de millones de a\u00f1os, sino del mundo\",\"breadcrumb\":{\"@id\":\"https:\/\/www.pressenza.com\/es\/2022\/09\/crisis-climatica-habra-todavia-un-manana\/#breadcrumb\"},\"inLanguage\":\"es\",\"potentialAction\":[{\"@type\":\"ReadAction\",\"target\":[\"https:\/\/www.pressenza.com\/es\/2022\/09\/crisis-climatica-habra-todavia-un-manana\/\"]}]},{\"@type\":\"ImageObject\",\"inLanguage\":\"es\",\"@id\":\"https:\/\/www.pressenza.com\/es\/2022\/09\/crisis-climatica-habra-todavia-un-manana\/#primaryimage\",\"url\":\"https:\/\/www.pressenza.com\/wp-content\/uploads\/2022\/09\/sisthem-change-1-820x461-1.jpg\",\"contentUrl\":\"https:\/\/www.pressenza.com\/wp-content\/uploads\/2022\/09\/sisthem-change-1-820x461-1.jpg\",\"width\":820,\"height\":461,\"caption\":\"Thomas Schmid\"},{\"@type\":\"BreadcrumbList\",\"@id\":\"https:\/\/www.pressenza.com\/es\/2022\/09\/crisis-climatica-habra-todavia-un-manana\/#breadcrumb\",\"itemListElement\":[{\"@type\":\"ListItem\",\"position\":1,\"name\":\"Accueil\",\"item\":\"https:\/\/www.pressenza.com\/es\/\"},{\"@type\":\"ListItem\",\"position\":2,\"name\":\"Crisis clim\u00e1tica, \u00bfhabr\u00e1 todav\u00eda un ma\u00f1ana?\"}]},{\"@type\":\"WebSite\",\"@id\":\"https:\/\/www.pressenza.com\/es\/#website\",\"url\":\"https:\/\/www.pressenza.com\/es\/\",\"name\":\"Pressenza\",\"description\":\"International Press Agency\",\"publisher\":{\"@id\":\"https:\/\/www.pressenza.com\/es\/#organization\"},\"potentialAction\":[{\"@type\":\"SearchAction\",\"target\":{\"@type\":\"EntryPoint\",\"urlTemplate\":\"https:\/\/www.pressenza.com\/es\/?s={search_term_string}\"},\"query-input\":{\"@type\":\"PropertyValueSpecification\",\"valueRequired\":true,\"valueName\":\"search_term_string\"}}],\"inLanguage\":\"es\"},{\"@type\":\"Organization\",\"@id\":\"https:\/\/www.pressenza.com\/es\/#organization\",\"name\":\"Pressenza\",\"url\":\"https:\/\/www.pressenza.com\/es\/\",\"logo\":{\"@type\":\"ImageObject\",\"inLanguage\":\"es\",\"@id\":\"https:\/\/www.pressenza.com\/es\/#\/schema\/logo\/image\/\",\"url\":\"https:\/\/www.pressenza.com\/wp-content\/uploads\/2022\/10\/pressenza_logo_200x200.jpg\",\"contentUrl\":\"https:\/\/www.pressenza.com\/wp-content\/uploads\/2022\/10\/pressenza_logo_200x200.jpg\",\"width\":200,\"height\":200,\"caption\":\"Pressenza\"},\"image\":{\"@id\":\"https:\/\/www.pressenza.com\/es\/#\/schema\/logo\/image\/\"},\"sameAs\":[\"https:\/\/www.facebook.com\/PressenzaItalia\",\"https:\/\/x.com\/PressenzaIPA\"]},{\"@type\":\"Person\",\"@id\":\"https:\/\/www.pressenza.com\/es\/#\/schema\/person\/7e30fb1d68799cd117e655ba05ad06ef\",\"name\":\"Guido Viale\",\"description\":\"Guido Viale was born in Tokyo in 1943 and lives in Milan. He participated in the student movement of 1968 in Turin and was a member of the Lotta Continua group until 1976. He graduated in philosophy at the University of Turin. He worked as a teacher, preceptor, translator, journalist, researcher and consultant. He has carried out studies and economic research with various companies and worked on cooperation projects in Asia, Africa, Middle East and Latin America. He has been a member of the technical and scientific committee of the Italian Agency for Environmental Protection. Among his publications: A Disposable World, Everybody in Taxi, At Home, Government of Garbage, Life and Death of the Car, Virtues that Change the World. With Editions NdA Press of Rimini he published: Evidence of a different world, Ecological conversion, Europe can be reinvented together with refugees and migrants. With Interno4 Editiors he published in 2017, Slessico Familiare, Words worn out - open perspectives, a repertoire for the times to come. In Interno4 Editions he also published in 2018 an updated edition of his important book on the 1968 protest movement.\",\"sameAs\":[\"https:\/\/www.guidoviale.it\/\"],\"url\":\"https:\/\/www.pressenza.com\/es\/author\/guido-viale\/\"}]}<\/script>\n<!-- \/ Yoast SEO plugin. -->","yoast_head_json":{"title":"Crisis clim\u00e1tica, \u00bfhabr\u00e1 todav\u00eda un ma\u00f1ana?","description":"Estamos asistiendo al fin del mundo. No del planeta Tierra, que seguir\u00e1 girando alrededor del Sol durante miles de millones de a\u00f1os, sino del mundo","robots":{"index":"index","follow":"follow","max-snippet":"max-snippet:-1","max-image-preview":"max-image-preview:large","max-video-preview":"max-video-preview:-1"},"canonical":"https:\/\/www.pressenza.com\/es\/2022\/09\/crisis-climatica-habra-todavia-un-manana\/","og_locale":"es_ES","og_type":"article","og_title":"Crisis clim\u00e1tica, \u00bfhabr\u00e1 todav\u00eda un ma\u00f1ana?","og_description":"Estamos asistiendo al fin del mundo. No del planeta Tierra, que seguir\u00e1 girando alrededor del Sol durante miles de millones de a\u00f1os, sino del mundo","og_url":"https:\/\/www.pressenza.com\/es\/2022\/09\/crisis-climatica-habra-todavia-un-manana\/","og_site_name":"Pressenza","article_publisher":"https:\/\/www.facebook.com\/PressenzaItalia","article_published_time":"2022-09-06T23:16:22+00:00","og_image":[{"width":820,"height":461,"url":"https:\/\/www.pressenza.com\/wp-content\/uploads\/2022\/09\/sisthem-change-1-820x461-1.jpg","type":"image\/jpeg"}],"author":"Guido Viale","twitter_card":"summary_large_image","twitter_creator":"@PressenzaIPA","twitter_site":"@PressenzaIPA","twitter_misc":{"Escrito por":"Guido Viale","Tiempo de lectura":"8 minutos"},"schema":{"@context":"https:\/\/schema.org","@graph":[{"@type":"Article","@id":"https:\/\/www.pressenza.com\/es\/2022\/09\/crisis-climatica-habra-todavia-un-manana\/#article","isPartOf":{"@id":"https:\/\/www.pressenza.com\/es\/2022\/09\/crisis-climatica-habra-todavia-un-manana\/"},"author":{"name":"Guido Viale","@id":"https:\/\/www.pressenza.com\/es\/#\/schema\/person\/7e30fb1d68799cd117e655ba05ad06ef"},"headline":"Crisis clim\u00e1tica, \u00bfhabr\u00e1 todav\u00eda un ma\u00f1ana?","datePublished":"2022-09-06T23:16:22+00:00","mainEntityOfPage":{"@id":"https:\/\/www.pressenza.com\/es\/2022\/09\/crisis-climatica-habra-todavia-un-manana\/"},"wordCount":1528,"publisher":{"@id":"https:\/\/www.pressenza.com\/es\/#organization"},"image":{"@id":"https:\/\/www.pressenza.com\/es\/2022\/09\/crisis-climatica-habra-todavia-un-manana\/#primaryimage"},"thumbnailUrl":"https:\/\/www.pressenza.com\/wp-content\/uploads\/2022\/09\/sisthem-change-1-820x461-1.jpg","keywords":["alimentaci\u00f3n","crisis ambiental","desertificaci\u00f3n","energ\u00eda","transporte"],"articleSection":["Contenido Original","Ecolog\u00eda y Medio Ambiente","Internacional","Opiniones"],"inLanguage":"es"},{"@type":"WebPage","@id":"https:\/\/www.pressenza.com\/es\/2022\/09\/crisis-climatica-habra-todavia-un-manana\/","url":"https:\/\/www.pressenza.com\/es\/2022\/09\/crisis-climatica-habra-todavia-un-manana\/","name":"Crisis clim\u00e1tica, \u00bfhabr\u00e1 todav\u00eda un ma\u00f1ana?","isPartOf":{"@id":"https:\/\/www.pressenza.com\/es\/#website"},"primaryImageOfPage":{"@id":"https:\/\/www.pressenza.com\/es\/2022\/09\/crisis-climatica-habra-todavia-un-manana\/#primaryimage"},"image":{"@id":"https:\/\/www.pressenza.com\/es\/2022\/09\/crisis-climatica-habra-todavia-un-manana\/#primaryimage"},"thumbnailUrl":"https:\/\/www.pressenza.com\/wp-content\/uploads\/2022\/09\/sisthem-change-1-820x461-1.jpg","datePublished":"2022-09-06T23:16:22+00:00","description":"Estamos asistiendo al fin del mundo. No del planeta Tierra, que seguir\u00e1 girando alrededor del Sol durante miles de millones de a\u00f1os, sino del mundo","breadcrumb":{"@id":"https:\/\/www.pressenza.com\/es\/2022\/09\/crisis-climatica-habra-todavia-un-manana\/#breadcrumb"},"inLanguage":"es","potentialAction":[{"@type":"ReadAction","target":["https:\/\/www.pressenza.com\/es\/2022\/09\/crisis-climatica-habra-todavia-un-manana\/"]}]},{"@type":"ImageObject","inLanguage":"es","@id":"https:\/\/www.pressenza.com\/es\/2022\/09\/crisis-climatica-habra-todavia-un-manana\/#primaryimage","url":"https:\/\/www.pressenza.com\/wp-content\/uploads\/2022\/09\/sisthem-change-1-820x461-1.jpg","contentUrl":"https:\/\/www.pressenza.com\/wp-content\/uploads\/2022\/09\/sisthem-change-1-820x461-1.jpg","width":820,"height":461,"caption":"Thomas Schmid"},{"@type":"BreadcrumbList","@id":"https:\/\/www.pressenza.com\/es\/2022\/09\/crisis-climatica-habra-todavia-un-manana\/#breadcrumb","itemListElement":[{"@type":"ListItem","position":1,"name":"Accueil","item":"https:\/\/www.pressenza.com\/es\/"},{"@type":"ListItem","position":2,"name":"Crisis clim\u00e1tica, \u00bfhabr\u00e1 todav\u00eda un ma\u00f1ana?"}]},{"@type":"WebSite","@id":"https:\/\/www.pressenza.com\/es\/#website","url":"https:\/\/www.pressenza.com\/es\/","name":"Pressenza","description":"International Press Agency","publisher":{"@id":"https:\/\/www.pressenza.com\/es\/#organization"},"potentialAction":[{"@type":"SearchAction","target":{"@type":"EntryPoint","urlTemplate":"https:\/\/www.pressenza.com\/es\/?s={search_term_string}"},"query-input":{"@type":"PropertyValueSpecification","valueRequired":true,"valueName":"search_term_string"}}],"inLanguage":"es"},{"@type":"Organization","@id":"https:\/\/www.pressenza.com\/es\/#organization","name":"Pressenza","url":"https:\/\/www.pressenza.com\/es\/","logo":{"@type":"ImageObject","inLanguage":"es","@id":"https:\/\/www.pressenza.com\/es\/#\/schema\/logo\/image\/","url":"https:\/\/www.pressenza.com\/wp-content\/uploads\/2022\/10\/pressenza_logo_200x200.jpg","contentUrl":"https:\/\/www.pressenza.com\/wp-content\/uploads\/2022\/10\/pressenza_logo_200x200.jpg","width":200,"height":200,"caption":"Pressenza"},"image":{"@id":"https:\/\/www.pressenza.com\/es\/#\/schema\/logo\/image\/"},"sameAs":["https:\/\/www.facebook.com\/PressenzaItalia","https:\/\/x.com\/PressenzaIPA"]},{"@type":"Person","@id":"https:\/\/www.pressenza.com\/es\/#\/schema\/person\/7e30fb1d68799cd117e655ba05ad06ef","name":"Guido Viale","description":"Guido Viale was born in Tokyo in 1943 and lives in Milan. He participated in the student movement of 1968 in Turin and was a member of the Lotta Continua group until 1976. He graduated in philosophy at the University of Turin. He worked as a teacher, preceptor, translator, journalist, researcher and consultant. He has carried out studies and economic research with various companies and worked on cooperation projects in Asia, Africa, Middle East and Latin America. He has been a member of the technical and scientific committee of the Italian Agency for Environmental Protection. Among his publications: A Disposable World, Everybody in Taxi, At Home, Government of Garbage, Life and Death of the Car, Virtues that Change the World. With Editions NdA Press of Rimini he published: Evidence of a different world, Ecological conversion, Europe can be reinvented together with refugees and migrants. With Interno4 Editiors he published in 2017, Slessico Familiare, Words worn out - open perspectives, a repertoire for the times to come. In Interno4 Editions he also published in 2018 an updated edition of his important book on the 1968 protest movement.","sameAs":["https:\/\/www.guidoviale.it\/"],"url":"https:\/\/www.pressenza.com\/es\/author\/guido-viale\/"}]}},"place":"Mil\u00e1n, Italia","original_article_url":"","_links":{"self":[{"href":"https:\/\/www.pressenza.com\/es\/wp-json\/wp\/v2\/posts\/1654021","targetHints":{"allow":["GET"]}}],"collection":[{"href":"https:\/\/www.pressenza.com\/es\/wp-json\/wp\/v2\/posts"}],"about":[{"href":"https:\/\/www.pressenza.com\/es\/wp-json\/wp\/v2\/types\/post"}],"author":[{"embeddable":true,"href":"https:\/\/www.pressenza.com\/es\/wp-json\/wp\/v2\/users\/1616"}],"replies":[{"embeddable":true,"href":"https:\/\/www.pressenza.com\/es\/wp-json\/wp\/v2\/comments?post=1654021"}],"version-history":[{"count":0,"href":"https:\/\/www.pressenza.com\/es\/wp-json\/wp\/v2\/posts\/1654021\/revisions"}],"wp:featuredmedia":[{"embeddable":true,"href":"https:\/\/www.pressenza.com\/es\/wp-json\/wp\/v2\/media\/1654022"}],"wp:attachment":[{"href":"https:\/\/www.pressenza.com\/es\/wp-json\/wp\/v2\/media?parent=1654021"}],"wp:term":[{"taxonomy":"category","embeddable":true,"href":"https:\/\/www.pressenza.com\/es\/wp-json\/wp\/v2\/categories?post=1654021"},{"taxonomy":"post_tag","embeddable":true,"href":"https:\/\/www.pressenza.com\/es\/wp-json\/wp\/v2\/tags?post=1654021"}],"curies":[{"name":"wp","href":"https:\/\/api.w.org\/{rel}","templated":true}]}}