{"id":1649963,"date":"2022-08-31T09:34:31","date_gmt":"2022-08-31T08:34:31","guid":{"rendered":"https:\/\/www.pressenza.com\/?p=1649963"},"modified":"2022-08-31T10:19:43","modified_gmt":"2022-08-31T09:19:43","slug":"larga-vida-a-gorby","status":"publish","type":"post","link":"https:\/\/www.pressenza.com\/es\/2022\/08\/larga-vida-a-gorby\/","title":{"rendered":"Larga vida a Gorby"},"content":{"rendered":"<p>Cuando en 1985 Mija\u00edl Gorbachov asumi\u00f3 la secretar\u00eda general del PCUS (Partido Comunista de la Uni\u00f3n Sovi\u00e9tica), que de facto equival\u00eda a una presidencia de la URSS, sucediendo a tres gerontes (Br\u00e9zhnev, Andr\u00f3pov y Chernenko), pocos imaginaron que este cambio iba a representar un vuelco en el mundo, poniendo fin a la Guerra fr\u00eda de aquel entonces.<\/p>\n<p>Su liderazgo dur\u00f3 unos seis a\u00f1os, y termin\u00f3 en el mismo momento de la disoluci\u00f3n de la Uni\u00f3n Sovi\u00e9tica, a finales de 1991. Poco despu\u00e9s, en 1996, Gorbachov se present\u00f3 a las elecciones presidenciales en Rusia, obteniendo alrededor de un 1% de los votos. No era muy querido en Rusia: para algunos, era un \u201caparatchik\u201d comunista que intent\u00f3 hacer reformas para mantener al PCUS como partido \u00fanico en el poder sovi\u00e9tico; para otros, fue un agente occidental cuyo objetivo fue la desaparici\u00f3n de la URSS y del comunismo. Para todos, su persona estaba asociada a un per\u00edodo de mucha inestabilidad y carencias materiales. Desde el inicio de su presidencia, se comenz\u00f3 a ver su tendencia a la libertad, la apertura y la paz, lo cual despert\u00f3 grandes esperanzas en todo el mundo. Sin embargo, esto produjo una reacci\u00f3n en las capas de poder sovi\u00e9tico, que vieron peligrar sus privilegios. Por otro lado, la contraparte occidental, miope a todo proceso hist\u00f3rico, vio una oportunidad de nuevos negocios. Limitado por estos dos polos de presi\u00f3n, Gorbachov fue movi\u00e9ndose con habilidad hasta llegar a 1989, a\u00f1o de la ca\u00edda del muro de Berl\u00edn, fecha simb\u00f3lica que marca el fin de la Guerra fr\u00eda. A partir de ah\u00ed, la situaci\u00f3n econ\u00f3mica comenz\u00f3 a deteriorarse en la Uni\u00f3n Sovi\u00e9tica, algo a lo que sus ciudadanos no estaban acostumbrados. Curiosamente, el desabastecimiento que se vivi\u00f3 en los \u00faltimos meses de su mandato, desapareci\u00f3 de forma milagrosa al d\u00eda siguiente de haberse disuelto la URSS.<\/p>\n<p>Gorbachov, como todas las personas, cometi\u00f3 muchos errores, algunos de los cuales han tenido graves consecuencias (la actual guerra de Ucrania podr\u00eda considerarse una consecuencia, resultado del avance de la OTAN y posterior reacci\u00f3n de Putin). Podr\u00edamos decir que su proyecto fracas\u00f3, porque la URSS se disolvi\u00f3, y los a\u00f1os que siguieron fueron de gran caos y penuria en los territorios ex sovi\u00e9ticos, particularmente la Rusia gobernada por Yeltsin. El fin de la guerra fr\u00eda que se consigui\u00f3, y que fue un gran logro, hoy d\u00eda est\u00e1 casi liquidado. Su anhelo de paz, prosperidad y libertad para todo el mundo no se cumpli\u00f3. Por supuesto que las razones para que estas aspiraciones no se hayan concretado son muchas, pero los principales responsables hay que buscarlos en otro lado, lejos de Gorby y su entorno.<\/p>\n<p>Su principal error fue confiar en demas\u00eda en su contraparte, tanto la norteamericana como la europea. Los grandes l\u00edderes del capitalismo occidental no pensaron en la oportunidad hist\u00f3rica que se les presentaba, sino en la rentabilidad que podr\u00edan obtener a corto plazo. Esa visi\u00f3n tan estrecha y mezquina es la que ha impedido que la paz, la prosperidad y la libertad se hayan extendido por el mundo.<\/p>\n<p>Ayer Gorbachov ha dejado este plano de existencia. Se puede discutir si fue un gran pol\u00edtico, aunque sin duda fue una buena persona y un gran humanista. Por contra, sus iguales en occidente fueron pol\u00edticos mediocres y de dudosa bondad. Su legado, m\u00e1s all\u00e1 de las consecuencias f\u00e1cticas, es un modelo a seguir: Gorby fue un humanista de muy buenas intenciones. Ojal\u00e1 su ejemplo cundiera y vi\u00e9ramos cada vez m\u00e1s l\u00edderes pol\u00edticos y econ\u00f3micos con buenas intenciones. Esto nos acercar\u00eda a las tan anheladas aspiraciones de paz, prosperidad y libertad.<\/p>\n","protected":false},"excerpt":{"rendered":"<p>El legado de Gorbachov, m\u00e1s all\u00e1 de las consecuencias f\u00e1cticas, es un modelo a seguir: Gorby fue una persona de muy buenas intenciones. Ojal\u00e1 su ejemplo cundiera y vi\u00e9ramos cada vez m\u00e1s l\u00edderes pol\u00edticos y econ\u00f3micos con buenas intenciones. Esto nos acercar\u00eda a las tan anheladas aspiraciones de paz, prosperidad y libertad.<\/p>\n","protected":false},"author":1205,"featured_media":1649964,"comment_status":"closed","ping_status":"closed","sticky":false,"template":"","format":"standard","meta":{"footnotes":""},"categories":[76,11389,66,161,1243,74],"tags":[105114],"class_list":["post-1649963","post","type-post","status-publish","format-standard","has-post-thumbnail","hentry","category-relaciones-exteriores","category-contenido-original","category-europa-es","category-opiniones","category-paz-desarme","category-politica-es","tag-gorbachov-es"],"yoast_head":"<!-- This site is optimized with the Yoast SEO plugin v27.1.1 - https:\/\/yoast.com\/product\/yoast-seo-wordpress\/ -->\n<title>Larga vida a Gorby<\/title>\n<meta name=\"description\" content=\"El legado de Gorbachov, m\u00e1s all\u00e1 de las consecuencias f\u00e1cticas, es un modelo a seguir: Gorby fue una persona de muy buenas intenciones. Ojal\u00e1 su ejemplo cundiera y vi\u00e9ramos cada vez m\u00e1s l\u00edderes pol\u00edticos y econ\u00f3micos con buenas intenciones. Esto nos acercar\u00eda a las tan anheladas aspiraciones de paz, prosperidad y libertad.\" \/>\n<meta name=\"robots\" content=\"index, follow, max-snippet:-1, max-image-preview:large, max-video-preview:-1\" \/>\n<link rel=\"canonical\" href=\"https:\/\/www.pressenza.com\/es\/2022\/08\/larga-vida-a-gorby\/\" \/>\n<meta property=\"og:locale\" content=\"es_ES\" \/>\n<meta property=\"og:type\" content=\"article\" \/>\n<meta property=\"og:title\" content=\"Larga vida a Gorby\" \/>\n<meta property=\"og:description\" content=\"El legado de Gorbachov, m\u00e1s all\u00e1 de las consecuencias f\u00e1cticas, es un modelo a seguir: Gorby fue una persona de muy buenas intenciones. Ojal\u00e1 su ejemplo cundiera y vi\u00e9ramos cada vez m\u00e1s l\u00edderes pol\u00edticos y econ\u00f3micos con buenas intenciones. Esto nos acercar\u00eda a las tan anheladas aspiraciones de paz, prosperidad y libertad.\" \/>\n<meta property=\"og:url\" content=\"https:\/\/www.pressenza.com\/es\/2022\/08\/larga-vida-a-gorby\/\" \/>\n<meta property=\"og:site_name\" content=\"Pressenza\" \/>\n<meta property=\"article:publisher\" content=\"https:\/\/www.facebook.com\/PressenzaItalia\" \/>\n<meta property=\"article:author\" content=\"https:\/\/www.facebook.com\/sasha.volkoff.3\" \/>\n<meta property=\"article:published_time\" content=\"2022-08-31T08:34:31+00:00\" \/>\n<meta property=\"article:modified_time\" content=\"2022-08-31T09:19:43+00:00\" \/>\n<meta property=\"og:image\" content=\"https:\/\/www.pressenza.com\/wp-content\/uploads\/2022\/08\/Gorbachov.jpg\" \/>\n\t<meta property=\"og:image:width\" content=\"838\" \/>\n\t<meta property=\"og:image:height\" content=\"566\" \/>\n\t<meta property=\"og:image:type\" content=\"image\/jpeg\" \/>\n<meta name=\"author\" content=\"Sasha Volkoff\" \/>\n<meta name=\"twitter:card\" content=\"summary_large_image\" \/>\n<meta name=\"twitter:creator\" content=\"@sashavolkoff\" \/>\n<meta name=\"twitter:site\" content=\"@PressenzaIPA\" \/>\n<meta name=\"twitter:label1\" content=\"Escrito por\" \/>\n\t<meta name=\"twitter:data1\" content=\"Sasha Volkoff\" \/>\n\t<meta name=\"twitter:label2\" content=\"Tiempo de lectura\" \/>\n\t<meta name=\"twitter:data2\" content=\"3 minutos\" \/>\n<script type=\"application\/ld+json\" class=\"yoast-schema-graph\">{\"@context\":\"https:\/\/schema.org\",\"@graph\":[{\"@type\":\"Article\",\"@id\":\"https:\/\/www.pressenza.com\/es\/2022\/08\/larga-vida-a-gorby\/#article\",\"isPartOf\":{\"@id\":\"https:\/\/www.pressenza.com\/es\/2022\/08\/larga-vida-a-gorby\/\"},\"author\":{\"name\":\"Sasha Volkoff\",\"@id\":\"https:\/\/www.pressenza.com\/es\/#\/schema\/person\/069e9732b414bfce94f3eb6924e276e3\"},\"headline\":\"Larga vida a Gorby\",\"datePublished\":\"2022-08-31T08:34:31+00:00\",\"dateModified\":\"2022-08-31T09:19:43+00:00\",\"mainEntityOfPage\":{\"@id\":\"https:\/\/www.pressenza.com\/es\/2022\/08\/larga-vida-a-gorby\/\"},\"wordCount\":648,\"publisher\":{\"@id\":\"https:\/\/www.pressenza.com\/es\/#organization\"},\"image\":{\"@id\":\"https:\/\/www.pressenza.com\/es\/2022\/08\/larga-vida-a-gorby\/#primaryimage\"},\"thumbnailUrl\":\"https:\/\/www.pressenza.com\/wp-content\/uploads\/2022\/08\/Gorbachov.jpg\",\"keywords\":[\"Gorbachov\"],\"articleSection\":[\"Asuntos internacionales\",\"Contenido Original\",\"Europa\",\"Opiniones\",\"Paz y Desarme\",\"Pol\u00edtica\"],\"inLanguage\":\"es\"},{\"@type\":\"WebPage\",\"@id\":\"https:\/\/www.pressenza.com\/es\/2022\/08\/larga-vida-a-gorby\/\",\"url\":\"https:\/\/www.pressenza.com\/es\/2022\/08\/larga-vida-a-gorby\/\",\"name\":\"Larga vida a Gorby\",\"isPartOf\":{\"@id\":\"https:\/\/www.pressenza.com\/es\/#website\"},\"primaryImageOfPage\":{\"@id\":\"https:\/\/www.pressenza.com\/es\/2022\/08\/larga-vida-a-gorby\/#primaryimage\"},\"image\":{\"@id\":\"https:\/\/www.pressenza.com\/es\/2022\/08\/larga-vida-a-gorby\/#primaryimage\"},\"thumbnailUrl\":\"https:\/\/www.pressenza.com\/wp-content\/uploads\/2022\/08\/Gorbachov.jpg\",\"datePublished\":\"2022-08-31T08:34:31+00:00\",\"dateModified\":\"2022-08-31T09:19:43+00:00\",\"description\":\"El legado de Gorbachov, m\u00e1s all\u00e1 de las consecuencias f\u00e1cticas, es un modelo a seguir: Gorby fue una persona de muy buenas intenciones. Ojal\u00e1 su ejemplo cundiera y vi\u00e9ramos cada vez m\u00e1s l\u00edderes pol\u00edticos y econ\u00f3micos con buenas intenciones. Esto nos acercar\u00eda a las tan anheladas aspiraciones de paz, prosperidad y libertad.\",\"breadcrumb\":{\"@id\":\"https:\/\/www.pressenza.com\/es\/2022\/08\/larga-vida-a-gorby\/#breadcrumb\"},\"inLanguage\":\"es\",\"potentialAction\":[{\"@type\":\"ReadAction\",\"target\":[\"https:\/\/www.pressenza.com\/es\/2022\/08\/larga-vida-a-gorby\/\"]}]},{\"@type\":\"ImageObject\",\"inLanguage\":\"es\",\"@id\":\"https:\/\/www.pressenza.com\/es\/2022\/08\/larga-vida-a-gorby\/#primaryimage\",\"url\":\"https:\/\/www.pressenza.com\/wp-content\/uploads\/2022\/08\/Gorbachov.jpg\",\"contentUrl\":\"https:\/\/www.pressenza.com\/wp-content\/uploads\/2022\/08\/Gorbachov.jpg\",\"width\":838,\"height\":566,\"caption\":\"Mija\u00edl Gorbachov\"},{\"@type\":\"BreadcrumbList\",\"@id\":\"https:\/\/www.pressenza.com\/es\/2022\/08\/larga-vida-a-gorby\/#breadcrumb\",\"itemListElement\":[{\"@type\":\"ListItem\",\"position\":1,\"name\":\"Accueil\",\"item\":\"https:\/\/www.pressenza.com\/es\/\"},{\"@type\":\"ListItem\",\"position\":2,\"name\":\"Larga vida a Gorby\"}]},{\"@type\":\"WebSite\",\"@id\":\"https:\/\/www.pressenza.com\/es\/#website\",\"url\":\"https:\/\/www.pressenza.com\/es\/\",\"name\":\"Pressenza\",\"description\":\"International Press Agency\",\"publisher\":{\"@id\":\"https:\/\/www.pressenza.com\/es\/#organization\"},\"potentialAction\":[{\"@type\":\"SearchAction\",\"target\":{\"@type\":\"EntryPoint\",\"urlTemplate\":\"https:\/\/www.pressenza.com\/es\/?s={search_term_string}\"},\"query-input\":{\"@type\":\"PropertyValueSpecification\",\"valueRequired\":true,\"valueName\":\"search_term_string\"}}],\"inLanguage\":\"es\"},{\"@type\":\"Organization\",\"@id\":\"https:\/\/www.pressenza.com\/es\/#organization\",\"name\":\"Pressenza\",\"url\":\"https:\/\/www.pressenza.com\/es\/\",\"logo\":{\"@type\":\"ImageObject\",\"inLanguage\":\"es\",\"@id\":\"https:\/\/www.pressenza.com\/es\/#\/schema\/logo\/image\/\",\"url\":\"https:\/\/www.pressenza.com\/wp-content\/uploads\/2022\/10\/pressenza_logo_200x200.jpg\",\"contentUrl\":\"https:\/\/www.pressenza.com\/wp-content\/uploads\/2022\/10\/pressenza_logo_200x200.jpg\",\"width\":200,\"height\":200,\"caption\":\"Pressenza\"},\"image\":{\"@id\":\"https:\/\/www.pressenza.com\/es\/#\/schema\/logo\/image\/\"},\"sameAs\":[\"https:\/\/www.facebook.com\/PressenzaItalia\",\"https:\/\/x.com\/PressenzaIPA\"]},{\"@type\":\"Person\",\"@id\":\"https:\/\/www.pressenza.com\/es\/#\/schema\/person\/069e9732b414bfce94f3eb6924e276e3\",\"name\":\"Sasha Volkoff\",\"description\":\"Born in Argentina, living in Barcelona. He is an Humanist Movement activist since 1984 and part of the team that led to the refounding of the World Centre of Humanist Studies this century. Currently a member of the Noesis Humanist Centre of Studies. http:\/\/movimientoforma.blogspot.com\",\"sameAs\":[\"http:\/\/movimientoforma.blogspot.com\",\"https:\/\/www.facebook.com\/sasha.volkoff.3\",\"https:\/\/x.com\/sashavolkoff\"],\"url\":\"https:\/\/www.pressenza.com\/es\/author\/sasha-volkoff\/\"}]}<\/script>\n<!-- \/ Yoast SEO plugin. -->","yoast_head_json":{"title":"Larga vida a Gorby","description":"El legado de Gorbachov, m\u00e1s all\u00e1 de las consecuencias f\u00e1cticas, es un modelo a seguir: Gorby fue una persona de muy buenas intenciones. Ojal\u00e1 su ejemplo cundiera y vi\u00e9ramos cada vez m\u00e1s l\u00edderes pol\u00edticos y econ\u00f3micos con buenas intenciones. Esto nos acercar\u00eda a las tan anheladas aspiraciones de paz, prosperidad y libertad.","robots":{"index":"index","follow":"follow","max-snippet":"max-snippet:-1","max-image-preview":"max-image-preview:large","max-video-preview":"max-video-preview:-1"},"canonical":"https:\/\/www.pressenza.com\/es\/2022\/08\/larga-vida-a-gorby\/","og_locale":"es_ES","og_type":"article","og_title":"Larga vida a Gorby","og_description":"El legado de Gorbachov, m\u00e1s all\u00e1 de las consecuencias f\u00e1cticas, es un modelo a seguir: Gorby fue una persona de muy buenas intenciones. Ojal\u00e1 su ejemplo cundiera y vi\u00e9ramos cada vez m\u00e1s l\u00edderes pol\u00edticos y econ\u00f3micos con buenas intenciones. Esto nos acercar\u00eda a las tan anheladas aspiraciones de paz, prosperidad y libertad.","og_url":"https:\/\/www.pressenza.com\/es\/2022\/08\/larga-vida-a-gorby\/","og_site_name":"Pressenza","article_publisher":"https:\/\/www.facebook.com\/PressenzaItalia","article_author":"https:\/\/www.facebook.com\/sasha.volkoff.3","article_published_time":"2022-08-31T08:34:31+00:00","article_modified_time":"2022-08-31T09:19:43+00:00","og_image":[{"width":838,"height":566,"url":"https:\/\/www.pressenza.com\/wp-content\/uploads\/2022\/08\/Gorbachov.jpg","type":"image\/jpeg"}],"author":"Sasha Volkoff","twitter_card":"summary_large_image","twitter_creator":"@sashavolkoff","twitter_site":"@PressenzaIPA","twitter_misc":{"Escrito por":"Sasha Volkoff","Tiempo de lectura":"3 minutos"},"schema":{"@context":"https:\/\/schema.org","@graph":[{"@type":"Article","@id":"https:\/\/www.pressenza.com\/es\/2022\/08\/larga-vida-a-gorby\/#article","isPartOf":{"@id":"https:\/\/www.pressenza.com\/es\/2022\/08\/larga-vida-a-gorby\/"},"author":{"name":"Sasha Volkoff","@id":"https:\/\/www.pressenza.com\/es\/#\/schema\/person\/069e9732b414bfce94f3eb6924e276e3"},"headline":"Larga vida a Gorby","datePublished":"2022-08-31T08:34:31+00:00","dateModified":"2022-08-31T09:19:43+00:00","mainEntityOfPage":{"@id":"https:\/\/www.pressenza.com\/es\/2022\/08\/larga-vida-a-gorby\/"},"wordCount":648,"publisher":{"@id":"https:\/\/www.pressenza.com\/es\/#organization"},"image":{"@id":"https:\/\/www.pressenza.com\/es\/2022\/08\/larga-vida-a-gorby\/#primaryimage"},"thumbnailUrl":"https:\/\/www.pressenza.com\/wp-content\/uploads\/2022\/08\/Gorbachov.jpg","keywords":["Gorbachov"],"articleSection":["Asuntos internacionales","Contenido Original","Europa","Opiniones","Paz y Desarme","Pol\u00edtica"],"inLanguage":"es"},{"@type":"WebPage","@id":"https:\/\/www.pressenza.com\/es\/2022\/08\/larga-vida-a-gorby\/","url":"https:\/\/www.pressenza.com\/es\/2022\/08\/larga-vida-a-gorby\/","name":"Larga vida a Gorby","isPartOf":{"@id":"https:\/\/www.pressenza.com\/es\/#website"},"primaryImageOfPage":{"@id":"https:\/\/www.pressenza.com\/es\/2022\/08\/larga-vida-a-gorby\/#primaryimage"},"image":{"@id":"https:\/\/www.pressenza.com\/es\/2022\/08\/larga-vida-a-gorby\/#primaryimage"},"thumbnailUrl":"https:\/\/www.pressenza.com\/wp-content\/uploads\/2022\/08\/Gorbachov.jpg","datePublished":"2022-08-31T08:34:31+00:00","dateModified":"2022-08-31T09:19:43+00:00","description":"El legado de Gorbachov, m\u00e1s all\u00e1 de las consecuencias f\u00e1cticas, es un modelo a seguir: Gorby fue una persona de muy buenas intenciones. Ojal\u00e1 su ejemplo cundiera y vi\u00e9ramos cada vez m\u00e1s l\u00edderes pol\u00edticos y econ\u00f3micos con buenas intenciones. Esto nos acercar\u00eda a las tan anheladas aspiraciones de paz, prosperidad y libertad.","breadcrumb":{"@id":"https:\/\/www.pressenza.com\/es\/2022\/08\/larga-vida-a-gorby\/#breadcrumb"},"inLanguage":"es","potentialAction":[{"@type":"ReadAction","target":["https:\/\/www.pressenza.com\/es\/2022\/08\/larga-vida-a-gorby\/"]}]},{"@type":"ImageObject","inLanguage":"es","@id":"https:\/\/www.pressenza.com\/es\/2022\/08\/larga-vida-a-gorby\/#primaryimage","url":"https:\/\/www.pressenza.com\/wp-content\/uploads\/2022\/08\/Gorbachov.jpg","contentUrl":"https:\/\/www.pressenza.com\/wp-content\/uploads\/2022\/08\/Gorbachov.jpg","width":838,"height":566,"caption":"Mija\u00edl Gorbachov"},{"@type":"BreadcrumbList","@id":"https:\/\/www.pressenza.com\/es\/2022\/08\/larga-vida-a-gorby\/#breadcrumb","itemListElement":[{"@type":"ListItem","position":1,"name":"Accueil","item":"https:\/\/www.pressenza.com\/es\/"},{"@type":"ListItem","position":2,"name":"Larga vida a Gorby"}]},{"@type":"WebSite","@id":"https:\/\/www.pressenza.com\/es\/#website","url":"https:\/\/www.pressenza.com\/es\/","name":"Pressenza","description":"International Press Agency","publisher":{"@id":"https:\/\/www.pressenza.com\/es\/#organization"},"potentialAction":[{"@type":"SearchAction","target":{"@type":"EntryPoint","urlTemplate":"https:\/\/www.pressenza.com\/es\/?s={search_term_string}"},"query-input":{"@type":"PropertyValueSpecification","valueRequired":true,"valueName":"search_term_string"}}],"inLanguage":"es"},{"@type":"Organization","@id":"https:\/\/www.pressenza.com\/es\/#organization","name":"Pressenza","url":"https:\/\/www.pressenza.com\/es\/","logo":{"@type":"ImageObject","inLanguage":"es","@id":"https:\/\/www.pressenza.com\/es\/#\/schema\/logo\/image\/","url":"https:\/\/www.pressenza.com\/wp-content\/uploads\/2022\/10\/pressenza_logo_200x200.jpg","contentUrl":"https:\/\/www.pressenza.com\/wp-content\/uploads\/2022\/10\/pressenza_logo_200x200.jpg","width":200,"height":200,"caption":"Pressenza"},"image":{"@id":"https:\/\/www.pressenza.com\/es\/#\/schema\/logo\/image\/"},"sameAs":["https:\/\/www.facebook.com\/PressenzaItalia","https:\/\/x.com\/PressenzaIPA"]},{"@type":"Person","@id":"https:\/\/www.pressenza.com\/es\/#\/schema\/person\/069e9732b414bfce94f3eb6924e276e3","name":"Sasha Volkoff","description":"Born in Argentina, living in Barcelona. He is an Humanist Movement activist since 1984 and part of the team that led to the refounding of the World Centre of Humanist Studies this century. Currently a member of the Noesis Humanist Centre of Studies. http:\/\/movimientoforma.blogspot.com","sameAs":["http:\/\/movimientoforma.blogspot.com","https:\/\/www.facebook.com\/sasha.volkoff.3","https:\/\/x.com\/sashavolkoff"],"url":"https:\/\/www.pressenza.com\/es\/author\/sasha-volkoff\/"}]}},"place":"Barcelona","original_article_url":"","_links":{"self":[{"href":"https:\/\/www.pressenza.com\/es\/wp-json\/wp\/v2\/posts\/1649963","targetHints":{"allow":["GET"]}}],"collection":[{"href":"https:\/\/www.pressenza.com\/es\/wp-json\/wp\/v2\/posts"}],"about":[{"href":"https:\/\/www.pressenza.com\/es\/wp-json\/wp\/v2\/types\/post"}],"author":[{"embeddable":true,"href":"https:\/\/www.pressenza.com\/es\/wp-json\/wp\/v2\/users\/1205"}],"replies":[{"embeddable":true,"href":"https:\/\/www.pressenza.com\/es\/wp-json\/wp\/v2\/comments?post=1649963"}],"version-history":[{"count":0,"href":"https:\/\/www.pressenza.com\/es\/wp-json\/wp\/v2\/posts\/1649963\/revisions"}],"wp:featuredmedia":[{"embeddable":true,"href":"https:\/\/www.pressenza.com\/es\/wp-json\/wp\/v2\/media\/1649964"}],"wp:attachment":[{"href":"https:\/\/www.pressenza.com\/es\/wp-json\/wp\/v2\/media?parent=1649963"}],"wp:term":[{"taxonomy":"category","embeddable":true,"href":"https:\/\/www.pressenza.com\/es\/wp-json\/wp\/v2\/categories?post=1649963"},{"taxonomy":"post_tag","embeddable":true,"href":"https:\/\/www.pressenza.com\/es\/wp-json\/wp\/v2\/tags?post=1649963"}],"curies":[{"name":"wp","href":"https:\/\/api.w.org\/{rel}","templated":true}]}}