{"id":1647374,"date":"2022-08-25T22:17:24","date_gmt":"2022-08-25T21:17:24","guid":{"rendered":"https:\/\/www.pressenza.com\/?p=1647374"},"modified":"2022-08-25T22:17:24","modified_gmt":"2022-08-25T21:17:24","slug":"informe-sobre-ayotzinapa-no-aclara-caso-de-julio-cesar-mondragon-denuncian-familiares","status":"publish","type":"post","link":"https:\/\/www.pressenza.com\/es\/2022\/08\/informe-sobre-ayotzinapa-no-aclara-caso-de-julio-cesar-mondragon-denuncian-familiares\/","title":{"rendered":"Informe sobre Ayotzinapa no aclara caso de Julio C\u00e9sar Mondrag\u00f3n, denuncian familiares"},"content":{"rendered":"<p>Familiares de Julio C\u00e9sar Mondrag\u00f3n, quien fue asesinado y desollado en vida el 26 de septiembre de 2014, denunciaron que el informe presentado por el gobierno federal sobre el Caso Ayotzinapa no aclara qui\u00e9nes son los responsables de la ejecuci\u00f3n del normalista \u00abni por que precisamente a \u00e9l lo ejecutaron con la sa\u00f1a con la que lo hicieron\u00bb.<\/p>\n<p>En pronunciamiento, la familia de Mondrag\u00f3n y el colectivo Somos los ojos y el rostro de Julio criticaron que en el informe de la Comisi\u00f3n para la Verdad y Acceso a la Justicia s\u00f3lo se dedican cinco renglones al caso de Julio C\u00e9sar, por lo que genera \u00abm\u00e1s preguntas que respuestas\u00bb.<\/p>\n<p>\u00abLas autoridades tienen que profundizar en la investigaci\u00f3n porque nos parece il\u00f3gico que el Colectivo y la familia, as\u00ed como las personas que nos acompa\u00f1an, tengamos m\u00e1s informaci\u00f3n que todo un sistema de justicia que cuenta con todos los medios y pese a eso darle apenas cinco renglones a nuestro caso\u00bb, se\u00f1alaron.<\/p>\n<p>Indicaron que lo \u00fanico que se tiene al respecto sobre el caso de Julio C\u00e9sar es lo que se asienta en el expediente, donde se se\u00f1ala que quienes declararon en la investigaci\u00f3n de la extinta Procuradur\u00eda General de la Rep\u00fablica (PGR) lo hicieron bajo tortura. \u00abEsa, una versi\u00f3n que carece de toda verosimilitud porque forma parte de la Verdad Hist\u00f3rica construida por el gobierno del expresidente Enrique Pe\u00f1a Nieto, es lo \u00fanico que tenemos\u00bb, indicaron.<\/p>\n<p>La familia y el colectivo exigieron que en el informe de la Comisi\u00f3n se profundice en c\u00f3mo es que los asesinos sab\u00edan el sobrenombre de Julio C\u00e9sar Mondrag\u00f3n, y c\u00f3mo y por qu\u00e9 hab\u00eda sido se\u00f1alado como objetivo prioritario para quienes lo mataron.<\/p>\n<p>A continuaci\u00f3n el comunicado completo:<\/p>\n<blockquote><p>POSICIONAMIENTO DE LA FAMILIA MONDRAG\u00d3N Y DEL COLECTIVO SOMOS LOS OJOS Y EL ROSTRO DE JULIO<\/p>\n<p>Tenancingo, M\u00e9xico; 22 de agosto de 2022<\/p>\n<p>1<\/p>\n<p>El 19 de agosto de 2022, Alejandro Encinas, presidente de la Comisi\u00f3n para la Verdad y Acceso a la Justicia del caso Ayotzinapa, present\u00f3 un Informe preliminar con las investigaciones que hasta el momento han realizado las instancias competentes.<\/p>\n<p>Nosotros, la familia de Julio C\u00e9sar Mondrag\u00f3n, alumno torturado y ejecutado la noche del 26 de septiembre de 2014, en la ciudad de Iguala, Guerrero, declaramos al respecto de ese Informe, lo siguiente:<\/p>\n<p>1. El Informe presentado por Alejandro Encinas nos ha generado nuevas interrogantes y no nos aclara a cabalidad qui\u00e9nes son los responsables del asesinato de nuestro familiar, Julio C\u00e9sar Mondrag\u00f3n, ni por qu\u00e9 precisamente a \u00e9l lo ejecutaron con la sa\u00f1a con la que lo hicieron.<\/p>\n<p>2. Que el presidente de M\u00e9xico, Andr\u00e9s Manuel L\u00f3pez Obrador, dijera p\u00fablicamente que \u00e9l y su gobierno ya sab\u00edan lo que hab\u00eda sucedido en Iguala en aquella fecha, nos hizo suponer que se contaba con un avance importante.<\/p>\n<p>3. Sin embargo, despu\u00e9s escuchar a Alejandro Encinas, adem\u00e1s subsecretario de los Derechos Humanos, nos sentimos con m\u00e1s confusi\u00f3n y nuevas dudas, ya que los resultados preliminares generan m\u00e1s preguntas que respuestas.<\/p>\n<p>4. A casi 8 a\u00f1os de impunidad en los hechos ocurridos, la familia Mondrag\u00f3n Fontes y el Colectivo Somos los Ojos y el Rostro de Julio Cesar, expresamos que, pese a que a diferencia de las familias de los desaparecidos, no fue convocada a la reuni\u00f3n con Alejandro Encinas, situaci\u00f3n que se ha venido presentando regularmente durante las investigaciones del actual gobierno federal.<\/p>\n<p>5. Ten\u00edamos la esperanza de que se cumpliera lo prometido por el presidente AMLO cuando se emiti\u00f3 el decreto gracias al cual se investigar\u00edan los hechos de Iguala, y que estar\u00eda compuesto por tres apartados: uno referido a los 43 desaparecidos, otro a los tres estudiantes ca\u00eddos y un tercero sobre el caso del joven normalista Aldo Guti\u00e9rrez, quien se encuentra desde entonces en estado vegetativo, as\u00ed como las dem\u00e1s v\u00edctimas.<\/p>\n<p>En meses pasados pudimos conocer el Tercer Informe del Grupo Interdisciplinario de Expertos y Expertas Independientes (GIEI), en el que no se hace menci\u00f3n ni se aborda el decreto en cuesti\u00f3n y s\u00f3lo se ocupa del componente que hace referencia a los 43 desaparecidos, pero omite los otros dos aspectos del decreto. En particular, se dej\u00f3 fuera por completo el tema de nuestro familiar, Julio C\u00e9sar Mondrag\u00f3n Fontes, brutalmente torturado y desollado en vida.<\/p>\n<p>Esta omisi\u00f3n fue se\u00f1alada y criticada por algunos periodistas, a quienes se les respondi\u00f3 que el caso de Julio C\u00e9sar es un asunto delicado y que por eso se omit\u00eda que se tratar\u00eda por separado.<\/p>\n<p>Nosotros preguntamos al Gobierno de M\u00e9xico, al GIEI y a las instancias involucradas:<\/p>\n<p>1. \u00bfCu\u00e1ndo seremos convocados para tratar el tema, para que nos informen sobre los avances que se tengan en particular?<\/p>\n<p>2. \u00bfPor qu\u00e9, en el Informe de Alejandro Encinas, le dedican apenas cinco renglones?<\/p>\n<p>3. \u00bfPor qu\u00e9 nunca nos explic\u00f3 ninguna autoridad competente que a Julio C\u00e9sar Mondrag\u00f3n lo mataron porque \u201cera un objetivo prioritario de los Guerreros Unidos?<\/p>\n<p>4. \u00bfPor qu\u00e9 el Gobierno de M\u00e9xico nunca nos dijo que Julio C\u00e9sar Mondrag\u00f3n, desde que sali\u00f3 de la normal Ra\u00fal Isidro Burgos, la tarde del 26 de septiembre de 2016, alguien lo hab\u00eda se\u00f1alado y sus asesinos lo ten\u00edan identificado desde entonces?<\/p>\n<p>5. \u00bfQui\u00e9n o qui\u00e9nes pusieron a Julio C\u00e9sar Mondrag\u00f3n Fontes? \u00bfQui\u00e9n o qui\u00e9nes le dieron seguimiento a sus actividades dentro de la normal de Ayotzinapa?<\/p>\n<p>6. \u00bfPor qu\u00e9 el Gobierno de M\u00e9xico no ha mencionado que en la normal rural hab\u00eda un grupo de infiltrados que informaban no s\u00f3lo al narco, sino al ej\u00e9rcito, a la Polic\u00eda Federal y a los gobiernos estatal y municipales de Tixtla y Chilpancingo?<\/p>\n<p>7. \u00bfPor qu\u00e9 el Informe presentado por Alejandro Encinas se\u00f1ala \u00fanicamente al normalista Julio C\u00e9sar L\u00f3pez Patolzin como informante cuando nosotros, la familia Mondrag\u00f3n, contamos con testimonios que indican que hab\u00eda por lo menos 23 alumnos infiltrados?<\/p>\n<p>8. \u00bfPor qu\u00e9 en el Informe de Alejandro Encinas se hace alusi\u00f3n a que sus asesinos conoc\u00edan hasta el apodo de nuestro familiar, a quien le dec\u00edan El Chilango?<\/p>\n<p>Julio C\u00e9sar, como todos los alumnos de primer ingreso, ten\u00eda apenas un mes de haber llegado a la normal de Ayotzinapa y nunca antes hab\u00eda estado en esa zona. Exigimos al Gobierno Federal, a las instancias correspondientes y a las instancias implicadas en las investigaciones que estas preguntas se nos contesten en tiempo y forma.<\/p>\n<p>En el inmenso expediente del caso de Julio C\u00e9sar, que est\u00e1 disperso en varios estados de la rep\u00fablica, y del cual seguimos solicitando se concentre y traiga a la Ciudad de M\u00e9xico -tampoco tenemos ninguna respuesta al respecto- se asienta que quienes declararon en la investigaci\u00f3n de la extinta PGR lo hicieron bajo tortura. Esa, una versi\u00f3n que carece de toda verosimilitud porque forma parte de la Verdad Hist\u00f3rica construida por el gobierno del ex presidente Enrique Pe\u00f1a Nieto, es lo \u00fanico que tenemos respecto al caso de nuestro Julio C\u00e9sar.<\/p>\n<p>Exigimos que en el informe de la Comisi\u00f3n se profundice en c\u00f3mo es los asesinos sab\u00edan el sobrenombre Julio C\u00e9sar Mondrag\u00f3n, y c\u00f3mo y por qu\u00e9 hab\u00eda sido se\u00f1alado como objetivo prioritario para quienes lo mataron.<\/p>\n<p>Esto, que Julio C\u00e9sar sali\u00f3 de la normal de Ayotzinapa pr\u00e1cticamente sentenciado a muerte, es el \u00fanico dato nuevo que tenemos desde hace a\u00f1os. Exigimos que se nos revele toda la historia en torno a esto, si es que esa investigaci\u00f3n existe.<\/p>\n<p>La detenci\u00f3n del ex procurador de la Rep\u00fablica, Jes\u00fas Murillo Karam, puede ser de alta utilidad en el caso de que aporte datos que esclarezcan la verdad que hasta hoy permanece oscura, de lo contrario resultar\u00e1 irrelevante y ser\u00e1 solo un hecho medi\u00e1tico con fines pol\u00edticos y no de justicia.<\/p>\n<p>Julio Cesar Mondrag\u00f3n fue un estudiante inquieto y era apartidista. Ten\u00eda muy claro que la partidocracia es la lucha por el poder y que utiliza la demagogia como medio de control. Estaba en contra de que se lucrara en nombre de la lucha social y era enemigo de quien se dijera revolucionario y en la pr\u00e1ctica mostrara ser lo contrario. Las convicciones pol\u00edticas e ideol\u00f3gicas de Julio C\u00e9sar incomodaban a algunos miembros de la c\u00fapula estudiantil de Ayotzinapa, cuyos discursos de lucha y pr\u00e1cticas de poder s\u00f3lo buscaban su beneficio personal, como nosotros hemos podido documentar.<\/p>\n<p>2<\/p>\n<p>Hemos documentado que el poco tiempo en el que Julio C\u00e9sar estuvo en la normal Isidro Burgos, mostr\u00f3 liderazgo en eventos p\u00fablicos organizados por la normal, d\u00edas antes de que ocurrieran los lamentables sucesos. Incluso l\u00edderes de organizaciones sociales, despu\u00e9s de escucharlo hablar se preguntaban si Julio Cesar Mondrag\u00f3n era el l\u00edder estudiantil, y en la misma ciudad de Tixtla la gente lo identificaba por estar a favor del pueblo.<\/p>\n<p>Entre las muchas puertas que hemos tocado, est\u00e1 la de un alto funcionario -de quien omitimos su nombre para no hacerle promoci\u00f3n medi\u00e1tica- que ha ocupado diferentes cargos en distintos sexenios y por distintos partidos. Al darle a conocer el libro titulado \u201cLa guerra que nos ocultan\u201d, en donde se narra la historia de nuestro familiar, coment\u00f3 que lo que hicieron con Julio C\u00e9sar Mondrag\u00f3n es parte de una \u201climpieza social\u201d, y que en palabras llanas se refiere a la eliminaci\u00f3n de l\u00edderes o probables l\u00edderes inc\u00f3modos para el Estado, para las fuerzas f\u00e1cticas que lo componen y para el complejo tinglado de intereses que en ese momento representaba Ayotzinapa.<\/p>\n<p>La familia Mondrag\u00f3n y el Colectivo Los Ojos de Julio, as\u00ed como periodistas y ciudadanos bien intencionados que nos apoyan en esta lucha de exigencia de justicia apegada a los est\u00e1ndares internacionales, y como v\u00edctimas indirectas que somos, tenemos derecho a conocer la verdad de lo que pas\u00f3, cu\u00e1les fueron las verdaderas causas de lo sucedido, hasta hoy omisas y a la reparaci\u00f3n del da\u00f1o. Pero sobre todo, no deseamos que ninguna otra familia sufra este tipo de cr\u00edmenes, considerados como de lesa humanidad y que se garantice la no repetici\u00f3n de este tipo de cosas.<\/p>\n<p>Las autoridades tienen que profundizar en la investigaci\u00f3n porque nos parece il\u00f3gico que el Colectivo y la familia, as\u00ed como las personas que nos acompa\u00f1an, tengamos m\u00e1s informaci\u00f3n que todo un sistema de justicia que cuenta con todos los medios y pese a eso darle apenas 5 renglones a nuestro caso.<\/p>\n<p>Nosotros hemos participado en la construcci\u00f3n y elaboraci\u00f3n del libro \u201cLos infiltrados: el secreto de Ayotzinapa\u201d, el cual contiene una investigaci\u00f3n que responde muchas interrogantes del caso, pero que la Comisi\u00f3n de la Verdad no ha hecho eco de ella a pesar de que muchos de sus actuales integrantes conoc\u00edan esta misma informaci\u00f3n desde 2016.<\/p>\n<p>Exigimos que se investigue, adem\u00e1s, a los ex alumnos Manuel V\u00e1zquez Arellano, alias Omar Garc\u00eda, alias El Eterno, alias El Abuelo o el Jackie Chan, actualmente diputado federal plurinominal por Morena; y a David Flores Maldonado, quien en septiembre de 2014 era secretario general de Ayotzinapa. Ellos dos representaban el poder pol\u00edtico y estudiantil de la normal en esa \u00e9poca. A ellos, as\u00ed como a todos sus allegados, se\u00f1alados como infiltrados por la mayor parte de la comunidad estudiantil en ese 2014. Hoy, incre\u00edblemente, todos ellos han sido cobijados por la Comisi\u00f3n de la Verdad de Ayotzinapa, pese a la informaci\u00f3n que se tiene de cada uno de ellos.<\/p>\n<p>Exigimos que todos ellos nos respondan y nos den la cara. Una transformaci\u00f3n social es necesaria y es hora de que los que se dicen pol\u00edticos, los funcionarios que viven del pueblo dejen de decir que en M\u00e9xico estamos bien, porque eso es mentira, tal como lo demuestran los hechos.<\/p>\n<p>Ya es tiempo de que den a conocer la verdad sobre el asunto de Ayotzinapa, en los tres componentes que se\u00f1ala el decreto presidencial.<\/p>\n<p>3<\/p>\n<p>Sabemos que las autoridades saben lo que pas\u00f3 y qui\u00e9n dio la orden, los serviles que apoyaron este crimen tan vergonzoso en contra de Julio C\u00e9sar y de todos los ca\u00eddos, pero no sabemos por qu\u00e9 los encubren y protegen.<\/p>\n<p>Exigimos justicia. Exigimos verdad. Exigimos castigo a todos los responsables.<\/p>\n<p>\u00a1Que viva Julio C\u00e9sar Mondrag\u00f3n! \u00a1Que viva Ayotzinapa!<\/p>\n<p>#AyotzinapaVive #AyotzinapaSiFueElEstado #PorLaVerdadYLaJusticia<\/p><\/blockquote>\n","protected":false},"excerpt":{"rendered":"<p>Familiares de Julio C\u00e9sar Mondrag\u00f3n, quien fue asesinado y desollado en vida el 26 de septiembre de 2014, denunciaron que el informe presentado por el gobierno federal sobre el Caso Ayotzinapa no aclara qui\u00e9nes son los responsables de la ejecuci\u00f3n&hellip;<\/p>\n","protected":false},"author":1628,"featured_media":1647377,"comment_status":"closed","ping_status":"closed","sticky":false,"template":"","format":"standard","meta":{"footnotes":""},"categories":[79,68],"tags":[12700,13121,65551,1321,104946,12980],"class_list":["post-1647374","post","type-post","status-publish","format-standard","has-post-thumbnail","hentry","category-derechos-humanos","category-norteamerica","tag-ayotzinapa","tag-iguala","tag-los-43","tag-mexico","tag-mondragon","tag-normalistas"],"yoast_head":"<!-- This site is optimized with the Yoast SEO plugin v27.1.1 - https:\/\/yoast.com\/product\/yoast-seo-wordpress\/ -->\n<title>Informe sobre Ayotzinapa no aclara caso de Julio C\u00e9sar Mondrag\u00f3n, denuncian familiares<\/title>\n<meta name=\"description\" content=\"Familiares de Julio C\u00e9sar Mondrag\u00f3n, quien fue asesinado y desollado en vida el 26 de septiembre de 2014, denunciaron que el informe presentado por el\" \/>\n<meta name=\"robots\" content=\"index, follow, max-snippet:-1, max-image-preview:large, max-video-preview:-1\" \/>\n<link rel=\"canonical\" href=\"https:\/\/www.pressenza.com\/es\/2022\/08\/informe-sobre-ayotzinapa-no-aclara-caso-de-julio-cesar-mondragon-denuncian-familiares\/\" \/>\n<meta property=\"og:locale\" content=\"es_ES\" \/>\n<meta property=\"og:type\" content=\"article\" \/>\n<meta property=\"og:title\" content=\"Informe sobre Ayotzinapa no aclara caso de Julio C\u00e9sar Mondrag\u00f3n, denuncian familiares\" \/>\n<meta property=\"og:description\" content=\"Familiares de Julio C\u00e9sar Mondrag\u00f3n, quien fue asesinado y desollado en vida el 26 de septiembre de 2014, denunciaron que el informe presentado por el\" \/>\n<meta property=\"og:url\" content=\"https:\/\/www.pressenza.com\/es\/2022\/08\/informe-sobre-ayotzinapa-no-aclara-caso-de-julio-cesar-mondragon-denuncian-familiares\/\" \/>\n<meta property=\"og:site_name\" content=\"Pressenza\" \/>\n<meta property=\"article:publisher\" content=\"https:\/\/www.facebook.com\/PressenzaItalia\" \/>\n<meta property=\"article:published_time\" content=\"2022-08-25T21:17:24+00:00\" \/>\n<meta property=\"og:image\" content=\"https:\/\/www.pressenza.com\/wp-content\/uploads\/2022\/08\/Uriel-Lo\u0301pez-en-Flickr.jpg\" \/>\n\t<meta property=\"og:image:width\" content=\"1024\" \/>\n\t<meta property=\"og:image:height\" content=\"664\" \/>\n\t<meta property=\"og:image:type\" content=\"image\/jpeg\" \/>\n<meta name=\"author\" content=\"Desinform\u00e9monos\" \/>\n<meta name=\"twitter:card\" content=\"summary_large_image\" \/>\n<meta name=\"twitter:creator\" content=\"@PressenzaIPA\" \/>\n<meta name=\"twitter:site\" content=\"@PressenzaIPA\" \/>\n<meta name=\"twitter:label1\" content=\"Escrito por\" \/>\n\t<meta name=\"twitter:data1\" content=\"Desinform\u00e9monos\" \/>\n\t<meta name=\"twitter:label2\" content=\"Tiempo de lectura\" \/>\n\t<meta name=\"twitter:data2\" content=\"10 minutos\" \/>\n<script type=\"application\/ld+json\" class=\"yoast-schema-graph\">{\"@context\":\"https:\/\/schema.org\",\"@graph\":[{\"@type\":\"Article\",\"@id\":\"https:\/\/www.pressenza.com\/es\/2022\/08\/informe-sobre-ayotzinapa-no-aclara-caso-de-julio-cesar-mondragon-denuncian-familiares\/#article\",\"isPartOf\":{\"@id\":\"https:\/\/www.pressenza.com\/es\/2022\/08\/informe-sobre-ayotzinapa-no-aclara-caso-de-julio-cesar-mondragon-denuncian-familiares\/\"},\"author\":{\"name\":\"Desinform\u00e9monos\",\"@id\":\"https:\/\/www.pressenza.com\/es\/#\/schema\/person\/bbbaee99f5088d6b61ae6e1829fe024c\"},\"headline\":\"Informe sobre Ayotzinapa no aclara caso de Julio C\u00e9sar Mondrag\u00f3n, denuncian familiares\",\"datePublished\":\"2022-08-25T21:17:24+00:00\",\"mainEntityOfPage\":{\"@id\":\"https:\/\/www.pressenza.com\/es\/2022\/08\/informe-sobre-ayotzinapa-no-aclara-caso-de-julio-cesar-mondragon-denuncian-familiares\/\"},\"wordCount\":2160,\"publisher\":{\"@id\":\"https:\/\/www.pressenza.com\/es\/#organization\"},\"image\":{\"@id\":\"https:\/\/www.pressenza.com\/es\/2022\/08\/informe-sobre-ayotzinapa-no-aclara-caso-de-julio-cesar-mondragon-denuncian-familiares\/#primaryimage\"},\"thumbnailUrl\":\"https:\/\/www.pressenza.com\/wp-content\/uploads\/2022\/08\/Uriel-Lo\u0301pez-en-Flickr.jpg\",\"keywords\":[\"Ayotzinapa\",\"Iguala\",\"los 43\",\"M\u00e9xico\",\"Mondrag\u00f3n\",\"normalistas\"],\"articleSection\":[\"Derechos Humanos\",\"Norteam\u00e9rica\"],\"inLanguage\":\"es\"},{\"@type\":\"WebPage\",\"@id\":\"https:\/\/www.pressenza.com\/es\/2022\/08\/informe-sobre-ayotzinapa-no-aclara-caso-de-julio-cesar-mondragon-denuncian-familiares\/\",\"url\":\"https:\/\/www.pressenza.com\/es\/2022\/08\/informe-sobre-ayotzinapa-no-aclara-caso-de-julio-cesar-mondragon-denuncian-familiares\/\",\"name\":\"Informe sobre Ayotzinapa no aclara caso de Julio C\u00e9sar Mondrag\u00f3n, denuncian familiares\",\"isPartOf\":{\"@id\":\"https:\/\/www.pressenza.com\/es\/#website\"},\"primaryImageOfPage\":{\"@id\":\"https:\/\/www.pressenza.com\/es\/2022\/08\/informe-sobre-ayotzinapa-no-aclara-caso-de-julio-cesar-mondragon-denuncian-familiares\/#primaryimage\"},\"image\":{\"@id\":\"https:\/\/www.pressenza.com\/es\/2022\/08\/informe-sobre-ayotzinapa-no-aclara-caso-de-julio-cesar-mondragon-denuncian-familiares\/#primaryimage\"},\"thumbnailUrl\":\"https:\/\/www.pressenza.com\/wp-content\/uploads\/2022\/08\/Uriel-Lo\u0301pez-en-Flickr.jpg\",\"datePublished\":\"2022-08-25T21:17:24+00:00\",\"description\":\"Familiares de Julio C\u00e9sar Mondrag\u00f3n, quien fue asesinado y desollado en vida el 26 de septiembre de 2014, denunciaron que el informe presentado por el\",\"breadcrumb\":{\"@id\":\"https:\/\/www.pressenza.com\/es\/2022\/08\/informe-sobre-ayotzinapa-no-aclara-caso-de-julio-cesar-mondragon-denuncian-familiares\/#breadcrumb\"},\"inLanguage\":\"es\",\"potentialAction\":[{\"@type\":\"ReadAction\",\"target\":[\"https:\/\/www.pressenza.com\/es\/2022\/08\/informe-sobre-ayotzinapa-no-aclara-caso-de-julio-cesar-mondragon-denuncian-familiares\/\"]}]},{\"@type\":\"ImageObject\",\"inLanguage\":\"es\",\"@id\":\"https:\/\/www.pressenza.com\/es\/2022\/08\/informe-sobre-ayotzinapa-no-aclara-caso-de-julio-cesar-mondragon-denuncian-familiares\/#primaryimage\",\"url\":\"https:\/\/www.pressenza.com\/wp-content\/uploads\/2022\/08\/Uriel-Lo\u0301pez-en-Flickr.jpg\",\"contentUrl\":\"https:\/\/www.pressenza.com\/wp-content\/uploads\/2022\/08\/Uriel-Lo\u0301pez-en-Flickr.jpg\",\"width\":1024,\"height\":664},{\"@type\":\"BreadcrumbList\",\"@id\":\"https:\/\/www.pressenza.com\/es\/2022\/08\/informe-sobre-ayotzinapa-no-aclara-caso-de-julio-cesar-mondragon-denuncian-familiares\/#breadcrumb\",\"itemListElement\":[{\"@type\":\"ListItem\",\"position\":1,\"name\":\"Accueil\",\"item\":\"https:\/\/www.pressenza.com\/es\/\"},{\"@type\":\"ListItem\",\"position\":2,\"name\":\"Informe sobre Ayotzinapa no aclara caso de Julio C\u00e9sar Mondrag\u00f3n, denuncian familiares\"}]},{\"@type\":\"WebSite\",\"@id\":\"https:\/\/www.pressenza.com\/es\/#website\",\"url\":\"https:\/\/www.pressenza.com\/es\/\",\"name\":\"Pressenza\",\"description\":\"International Press Agency\",\"publisher\":{\"@id\":\"https:\/\/www.pressenza.com\/es\/#organization\"},\"potentialAction\":[{\"@type\":\"SearchAction\",\"target\":{\"@type\":\"EntryPoint\",\"urlTemplate\":\"https:\/\/www.pressenza.com\/es\/?s={search_term_string}\"},\"query-input\":{\"@type\":\"PropertyValueSpecification\",\"valueRequired\":true,\"valueName\":\"search_term_string\"}}],\"inLanguage\":\"es\"},{\"@type\":\"Organization\",\"@id\":\"https:\/\/www.pressenza.com\/es\/#organization\",\"name\":\"Pressenza\",\"url\":\"https:\/\/www.pressenza.com\/es\/\",\"logo\":{\"@type\":\"ImageObject\",\"inLanguage\":\"es\",\"@id\":\"https:\/\/www.pressenza.com\/es\/#\/schema\/logo\/image\/\",\"url\":\"https:\/\/www.pressenza.com\/wp-content\/uploads\/2022\/10\/pressenza_logo_200x200.jpg\",\"contentUrl\":\"https:\/\/www.pressenza.com\/wp-content\/uploads\/2022\/10\/pressenza_logo_200x200.jpg\",\"width\":200,\"height\":200,\"caption\":\"Pressenza\"},\"image\":{\"@id\":\"https:\/\/www.pressenza.com\/es\/#\/schema\/logo\/image\/\"},\"sameAs\":[\"https:\/\/www.facebook.com\/PressenzaItalia\",\"https:\/\/x.com\/PressenzaIPA\"]},{\"@type\":\"Person\",\"@id\":\"https:\/\/www.pressenza.com\/es\/#\/schema\/person\/bbbaee99f5088d6b61ae6e1829fe024c\",\"name\":\"Desinform\u00e9monos\",\"description\":\"Desinform\u00e9monos nace el 15 de octubre de 2009 y crece como un proyecto de comunicaci\u00f3n aut\u00f3noma, libre e independiente, conformado por un equipo de comunicadores, personas de los movimientos sociales, intelectuales y acad\u00e9micos, hombres y mujeres de varias generaciones que, como nosotros, buscan construir un espacio de expresi\u00f3n en y desde M\u00e9xico, donde se aloja la casa matriz.\",\"sameAs\":[\"https:\/\/desinformemonos.org\/\"],\"url\":\"https:\/\/www.pressenza.com\/es\/author\/desinformemonos\/\"}]}<\/script>\n<!-- \/ Yoast SEO plugin. -->","yoast_head_json":{"title":"Informe sobre Ayotzinapa no aclara caso de Julio C\u00e9sar Mondrag\u00f3n, denuncian familiares","description":"Familiares de Julio C\u00e9sar Mondrag\u00f3n, quien fue asesinado y desollado en vida el 26 de septiembre de 2014, denunciaron que el informe presentado por el","robots":{"index":"index","follow":"follow","max-snippet":"max-snippet:-1","max-image-preview":"max-image-preview:large","max-video-preview":"max-video-preview:-1"},"canonical":"https:\/\/www.pressenza.com\/es\/2022\/08\/informe-sobre-ayotzinapa-no-aclara-caso-de-julio-cesar-mondragon-denuncian-familiares\/","og_locale":"es_ES","og_type":"article","og_title":"Informe sobre Ayotzinapa no aclara caso de Julio C\u00e9sar Mondrag\u00f3n, denuncian familiares","og_description":"Familiares de Julio C\u00e9sar Mondrag\u00f3n, quien fue asesinado y desollado en vida el 26 de septiembre de 2014, denunciaron que el informe presentado por el","og_url":"https:\/\/www.pressenza.com\/es\/2022\/08\/informe-sobre-ayotzinapa-no-aclara-caso-de-julio-cesar-mondragon-denuncian-familiares\/","og_site_name":"Pressenza","article_publisher":"https:\/\/www.facebook.com\/PressenzaItalia","article_published_time":"2022-08-25T21:17:24+00:00","og_image":[{"width":1024,"height":664,"url":"https:\/\/www.pressenza.com\/wp-content\/uploads\/2022\/08\/Uriel-Lo\u0301pez-en-Flickr.jpg","type":"image\/jpeg"}],"author":"Desinform\u00e9monos","twitter_card":"summary_large_image","twitter_creator":"@PressenzaIPA","twitter_site":"@PressenzaIPA","twitter_misc":{"Escrito por":"Desinform\u00e9monos","Tiempo de lectura":"10 minutos"},"schema":{"@context":"https:\/\/schema.org","@graph":[{"@type":"Article","@id":"https:\/\/www.pressenza.com\/es\/2022\/08\/informe-sobre-ayotzinapa-no-aclara-caso-de-julio-cesar-mondragon-denuncian-familiares\/#article","isPartOf":{"@id":"https:\/\/www.pressenza.com\/es\/2022\/08\/informe-sobre-ayotzinapa-no-aclara-caso-de-julio-cesar-mondragon-denuncian-familiares\/"},"author":{"name":"Desinform\u00e9monos","@id":"https:\/\/www.pressenza.com\/es\/#\/schema\/person\/bbbaee99f5088d6b61ae6e1829fe024c"},"headline":"Informe sobre Ayotzinapa no aclara caso de Julio C\u00e9sar Mondrag\u00f3n, denuncian familiares","datePublished":"2022-08-25T21:17:24+00:00","mainEntityOfPage":{"@id":"https:\/\/www.pressenza.com\/es\/2022\/08\/informe-sobre-ayotzinapa-no-aclara-caso-de-julio-cesar-mondragon-denuncian-familiares\/"},"wordCount":2160,"publisher":{"@id":"https:\/\/www.pressenza.com\/es\/#organization"},"image":{"@id":"https:\/\/www.pressenza.com\/es\/2022\/08\/informe-sobre-ayotzinapa-no-aclara-caso-de-julio-cesar-mondragon-denuncian-familiares\/#primaryimage"},"thumbnailUrl":"https:\/\/www.pressenza.com\/wp-content\/uploads\/2022\/08\/Uriel-Lo\u0301pez-en-Flickr.jpg","keywords":["Ayotzinapa","Iguala","los 43","M\u00e9xico","Mondrag\u00f3n","normalistas"],"articleSection":["Derechos Humanos","Norteam\u00e9rica"],"inLanguage":"es"},{"@type":"WebPage","@id":"https:\/\/www.pressenza.com\/es\/2022\/08\/informe-sobre-ayotzinapa-no-aclara-caso-de-julio-cesar-mondragon-denuncian-familiares\/","url":"https:\/\/www.pressenza.com\/es\/2022\/08\/informe-sobre-ayotzinapa-no-aclara-caso-de-julio-cesar-mondragon-denuncian-familiares\/","name":"Informe sobre Ayotzinapa no aclara caso de Julio C\u00e9sar Mondrag\u00f3n, denuncian familiares","isPartOf":{"@id":"https:\/\/www.pressenza.com\/es\/#website"},"primaryImageOfPage":{"@id":"https:\/\/www.pressenza.com\/es\/2022\/08\/informe-sobre-ayotzinapa-no-aclara-caso-de-julio-cesar-mondragon-denuncian-familiares\/#primaryimage"},"image":{"@id":"https:\/\/www.pressenza.com\/es\/2022\/08\/informe-sobre-ayotzinapa-no-aclara-caso-de-julio-cesar-mondragon-denuncian-familiares\/#primaryimage"},"thumbnailUrl":"https:\/\/www.pressenza.com\/wp-content\/uploads\/2022\/08\/Uriel-Lo\u0301pez-en-Flickr.jpg","datePublished":"2022-08-25T21:17:24+00:00","description":"Familiares de Julio C\u00e9sar Mondrag\u00f3n, quien fue asesinado y desollado en vida el 26 de septiembre de 2014, denunciaron que el informe presentado por el","breadcrumb":{"@id":"https:\/\/www.pressenza.com\/es\/2022\/08\/informe-sobre-ayotzinapa-no-aclara-caso-de-julio-cesar-mondragon-denuncian-familiares\/#breadcrumb"},"inLanguage":"es","potentialAction":[{"@type":"ReadAction","target":["https:\/\/www.pressenza.com\/es\/2022\/08\/informe-sobre-ayotzinapa-no-aclara-caso-de-julio-cesar-mondragon-denuncian-familiares\/"]}]},{"@type":"ImageObject","inLanguage":"es","@id":"https:\/\/www.pressenza.com\/es\/2022\/08\/informe-sobre-ayotzinapa-no-aclara-caso-de-julio-cesar-mondragon-denuncian-familiares\/#primaryimage","url":"https:\/\/www.pressenza.com\/wp-content\/uploads\/2022\/08\/Uriel-Lo\u0301pez-en-Flickr.jpg","contentUrl":"https:\/\/www.pressenza.com\/wp-content\/uploads\/2022\/08\/Uriel-Lo\u0301pez-en-Flickr.jpg","width":1024,"height":664},{"@type":"BreadcrumbList","@id":"https:\/\/www.pressenza.com\/es\/2022\/08\/informe-sobre-ayotzinapa-no-aclara-caso-de-julio-cesar-mondragon-denuncian-familiares\/#breadcrumb","itemListElement":[{"@type":"ListItem","position":1,"name":"Accueil","item":"https:\/\/www.pressenza.com\/es\/"},{"@type":"ListItem","position":2,"name":"Informe sobre Ayotzinapa no aclara caso de Julio C\u00e9sar Mondrag\u00f3n, denuncian familiares"}]},{"@type":"WebSite","@id":"https:\/\/www.pressenza.com\/es\/#website","url":"https:\/\/www.pressenza.com\/es\/","name":"Pressenza","description":"International Press Agency","publisher":{"@id":"https:\/\/www.pressenza.com\/es\/#organization"},"potentialAction":[{"@type":"SearchAction","target":{"@type":"EntryPoint","urlTemplate":"https:\/\/www.pressenza.com\/es\/?s={search_term_string}"},"query-input":{"@type":"PropertyValueSpecification","valueRequired":true,"valueName":"search_term_string"}}],"inLanguage":"es"},{"@type":"Organization","@id":"https:\/\/www.pressenza.com\/es\/#organization","name":"Pressenza","url":"https:\/\/www.pressenza.com\/es\/","logo":{"@type":"ImageObject","inLanguage":"es","@id":"https:\/\/www.pressenza.com\/es\/#\/schema\/logo\/image\/","url":"https:\/\/www.pressenza.com\/wp-content\/uploads\/2022\/10\/pressenza_logo_200x200.jpg","contentUrl":"https:\/\/www.pressenza.com\/wp-content\/uploads\/2022\/10\/pressenza_logo_200x200.jpg","width":200,"height":200,"caption":"Pressenza"},"image":{"@id":"https:\/\/www.pressenza.com\/es\/#\/schema\/logo\/image\/"},"sameAs":["https:\/\/www.facebook.com\/PressenzaItalia","https:\/\/x.com\/PressenzaIPA"]},{"@type":"Person","@id":"https:\/\/www.pressenza.com\/es\/#\/schema\/person\/bbbaee99f5088d6b61ae6e1829fe024c","name":"Desinform\u00e9monos","description":"Desinform\u00e9monos nace el 15 de octubre de 2009 y crece como un proyecto de comunicaci\u00f3n aut\u00f3noma, libre e independiente, conformado por un equipo de comunicadores, personas de los movimientos sociales, intelectuales y acad\u00e9micos, hombres y mujeres de varias generaciones que, como nosotros, buscan construir un espacio de expresi\u00f3n en y desde M\u00e9xico, donde se aloja la casa matriz.","sameAs":["https:\/\/desinformemonos.org\/"],"url":"https:\/\/www.pressenza.com\/es\/author\/desinformemonos\/"}]}},"place":"Ciudad de M\u00e9xico","original_article_url":"https:\/\/desinformemonos.org\/informe-sobre-ayotzinapa-no-aclara-caso-de-julio-cesar-mondragon-denuncian-familiares\/","_links":{"self":[{"href":"https:\/\/www.pressenza.com\/es\/wp-json\/wp\/v2\/posts\/1647374","targetHints":{"allow":["GET"]}}],"collection":[{"href":"https:\/\/www.pressenza.com\/es\/wp-json\/wp\/v2\/posts"}],"about":[{"href":"https:\/\/www.pressenza.com\/es\/wp-json\/wp\/v2\/types\/post"}],"author":[{"embeddable":true,"href":"https:\/\/www.pressenza.com\/es\/wp-json\/wp\/v2\/users\/1628"}],"replies":[{"embeddable":true,"href":"https:\/\/www.pressenza.com\/es\/wp-json\/wp\/v2\/comments?post=1647374"}],"version-history":[{"count":0,"href":"https:\/\/www.pressenza.com\/es\/wp-json\/wp\/v2\/posts\/1647374\/revisions"}],"wp:featuredmedia":[{"embeddable":true,"href":"https:\/\/www.pressenza.com\/es\/wp-json\/wp\/v2\/media\/1647377"}],"wp:attachment":[{"href":"https:\/\/www.pressenza.com\/es\/wp-json\/wp\/v2\/media?parent=1647374"}],"wp:term":[{"taxonomy":"category","embeddable":true,"href":"https:\/\/www.pressenza.com\/es\/wp-json\/wp\/v2\/categories?post=1647374"},{"taxonomy":"post_tag","embeddable":true,"href":"https:\/\/www.pressenza.com\/es\/wp-json\/wp\/v2\/tags?post=1647374"}],"curies":[{"name":"wp","href":"https:\/\/api.w.org\/{rel}","templated":true}]}}