{"id":1646206,"date":"2022-08-23T02:12:02","date_gmt":"2022-08-23T01:12:02","guid":{"rendered":"https:\/\/www.pressenza.com\/?p=1646206"},"modified":"2022-08-23T02:12:02","modified_gmt":"2022-08-23T01:12:02","slug":"sanna-marin-el-machismo-y-la-videopolitica-como-desvio-de-atencion","status":"publish","type":"post","link":"https:\/\/www.pressenza.com\/es\/2022\/08\/sanna-marin-el-machismo-y-la-videopolitica-como-desvio-de-atencion\/","title":{"rendered":"Sanna Marin, el machismo y la videopol\u00edtica como desv\u00edo de atenci\u00f3n"},"content":{"rendered":"<p>Sentenciada p\u00fablicamente por comportarse como una joven \u201cnormal\u201d, la primera ministra finlandesa, Sanna Marin, est\u00e1 m\u00e1s preocupada por la filtraci\u00f3n de los videos que la exhib\u00edan relajada fuera del horario laboral, que por la violencia\/opresi\u00f3n del hecho en si mismo. Este episodio que involucra a la mandataria finlandesa, demuestra c\u00f3mo ser mujer, a pesar de tener muchos privilegios en muchos aspectos, significa enfrentar muchos obst\u00e1culos en la mayor\u00eda de las sociedades, aunque estemos en el siglo XXI. Adem\u00e1s, revela c\u00f3mo los medios de comunicaci\u00f3n y los detentores del poder pol\u00edtico \u201cjuegan\u201d con el desv\u00edo de la atenci\u00f3n de los problemas reales que nos deben preocupar.<\/p>\n<p>No hay duda de que estamos viviendo en un mundo ligado a la imagen. Casi todo es transformado en un espect\u00e1culo de im\u00e1genes. Y la pol\u00edtica no est\u00e1 exenta. La \u201cvideopol\u00edtica\u201d ha generado un espacio en que el poder de los medios mueve las estructuras y formas de acci\u00f3n pol\u00edtica que, en la mayor\u00eda de los casos, vac\u00eda los debates serios y necesarios y contribuye a eliminar la consistencia que debe contener esa esfera de la vida, ya que nuestras acciones pol\u00edticas (o su falta) mantienen o transforman nuestras formas de sociabilidad.<\/p>\n<p>Y en un mundo lleno de problemas, maldades y estructuras que necesitan ser transformadas\/reconstruidas para edificar sociedades m\u00e1s justas, con miras a eliminar las desigualdades, nada mejor que un \u201cespect\u00e1culo mediatizado\u201d que ayude significativamente a reducir o incluso excluir reflexiones profundas, con el fin de desviar la atenci\u00f3n de la gente de los temas que realmente importan.<\/p>\n<p>Cuando observamos las controversias que involucran a la primera ministra finlandesa, Sanna Marin, advertimos de que se est\u00e1n dejando de lado varios temas. En primer lugar, el hecho de que el mundo est\u00e1 \u201cal rev\u00e9s\u201d, con conflictos armados en muchas partes \u2013no solo en Ucrania, sino tambi\u00e9n en Yemen, Siria, la Franja de Gaza, donde Israel masacra a palestinos y palestinas, entre otros\u2013, lo que ha infligido sufrimiento a millones de personas, principalmente en las regiones m\u00e1s vulnerables del planeta.<\/p>\n<p>Adem\u00e1s, la atenci\u00f3n del mundo se desv\u00eda de los desastres socioambientales, generados sobre todo como resultado de un sistema econ\u00f3mico basado en la explotaci\u00f3n de las mayor\u00edas, todo para que una minor\u00eda (me refiero a mayor\u00eda y minor\u00eda num\u00e9ricas) pueda conservar y\/o ampliar sus privilegios que, concomitantemente con los conflictos armados, han destruido millones de vidas (no s\u00f3lo humanas).<\/p>\n<p><strong>Discurso vac\u00edo<\/strong><\/p>\n<p>Se vuelve interesante para quienes detentan el poder pol\u00edtico, desviar la atenci\u00f3n de la comunidad mundial de esos desastres y dirigirla a la vida privada de una mujer \u2013entre pocas, considerando el mundo\u2013 que ocupa un cargo pol\u00edtico relevante y que, incluso, le agrega \u201cle\u00f1a al fuego\u201d en este desastroso proceso de conflictos existentes en el mundo, ya que reivindica el ingreso de su pa\u00eds, Finlandia, a la OTAN, aumentando a\u00fan m\u00e1s la tensi\u00f3n que actualmente existe en esa parte del mundo.<\/p>\n<p>No es casual este af\u00e1n de los medios hegem\u00f3nicos \u2013que no por casualidad act\u00faan generalmente en defensa de los intereses de los grupos que detentan el poder pol\u00edtico y econ\u00f3mico\u2013 en fomentar una discusi\u00f3n rid\u00edcula, basada en un comportamiento que no pone en riesgo ni a la sociedad finlandesa ni a ninguna otra, polemizando sobre el derecho de una mujer \u2013que es tambi\u00e9n la primera ministra finlandesa\u2013 a divertirse en su tiempo libre.<\/p>\n<p>Adem\u00e1s el moralismo y sobre todo el machismo, han imperado en este supuesto \u201cesc\u00e1ndalo\u201d que involucra a la funcionaria. \u00bfO acaso le pidieron al primer ministro brit\u00e1nico Boris Johnson que se hiciera pruebas de drogas (adem\u00e1s de alcohol), durante las fiestas en las que particip\u00f3 mientras la poblaci\u00f3n estaba confinada en el auge de la pandemia de Covid-19 ? Claro que no. Pero esto es l\u00f3gico \u00a1porque \u00e9l no es una mujer!<\/p>\n<p>Recuerdo, aqu\u00ed en Brasil, c\u00f3mo se caracterizaba ese machismo cuando Dilma Rousseff asumi\u00f3 la presidencia del pa\u00eds. Como la primera mujer \u2013y la \u00fanica hasta entonces \u2013 en asumir este cargo a nivel nacional, ella padeci\u00f3 el implacable machismo desatado y fomentado por los medios hegem\u00f3nicos, en relaci\u00f3n a su apariencia f\u00edsica, su forma de hablar y sobre todo de gobernar.<\/p>\n<p>La culminaci\u00f3n de estas opresiones se produjo con el <em>impeachment<\/em>, aunque Rousseff hab\u00eda hecho exactamente lo mismo que hicieron sus antecesores Fernando Henrique Cardoso (FHC) y Luiz In\u00e1cio da Silva (Lula): el llamado \u201cpedaleo fiscal\u201d. En otras palabras, Rousseff retras\u00f3 la transferencia de fondos a la banca p\u00fablica y privada para \u201caliviar\u201d la situaci\u00f3n fiscal del gobierno, a trav\u00e9s de la presentaci\u00f3n de mejores indicadores econ\u00f3micos al mercado financiero y a los especialistas en cuentas p\u00fablicas. Pero hab\u00eda una diferencia entre ella, FHC y Lula: ser mujer.<\/p>\n<p>En pleno siglo XXI, las mujeres \u2013e incluso las privilegiadas (blancas, europeas, ricas, etc.)\u2013 seguimos siendo v\u00edctimas de muchas opresiones que ponen en jaque este discurso vac\u00edo que escuchamos resonar en los cuatro rincones del mundo, en materia de democracia, igualdad, libertad y \u201cempoderamiento\u201d. Esto demuestra la dimensi\u00f3n de la lucha que debemos librar contra un sistema opresor que no s\u00f3lo est\u00e1 presente en las llamadas sociedades \u201cen desarrollo\u201d, sino que est\u00e1 presente y dominante en todas las latitudes.<\/p>\n<p>Y este machismo, as\u00ed como las dem\u00e1s formas de violencia\/opresi\u00f3n que someten a millones de seres humanos en todo el mundo a una vida sin dignidad, debe ser una lucha sin fronteras. So pena de seguir en el proceso de acelerar nuestra autodestrucci\u00f3n. Por eso, incluso sin acordar pol\u00edticamente con las concepciones de Sanna Marin sobre el mundo, estoy en contra de la opresi\u00f3n que la afecta. Y, al contrario de lo que ella misma defiende, creo que la gran cuesti\u00f3n no est\u00e1 en detectar qui\u00e9n filtr\u00f3 las im\u00e1genes que la \u201cdenunciaron\u201d, sino en eliminar cualquier forma de violencia\/opresi\u00f3n.<\/p>\n","protected":false},"excerpt":{"rendered":"<p>Sentenciada p\u00fablicamente por comportarse como una joven \u201cnormal\u201d, la primera ministra finlandesa, Sanna Marin, est\u00e1 m\u00e1s preocupada por la filtraci\u00f3n de los videos que la exhib\u00edan relajada fuera del horario laboral, que por la violencia\/opresi\u00f3n del hecho en si mismo.&hellip;<\/p>\n","protected":false},"author":1925,"featured_media":1646201,"comment_status":"closed","ping_status":"closed","sticky":false,"template":"","format":"standard","meta":{"footnotes":""},"categories":[11389,66,54515,1242,74,67],"tags":[54938,16310,69328],"class_list":["post-1646206","post","type-post","status-publish","format-standard","has-post-thumbnail","hentry","category-contenido-original","category-europa-es","category-genero-y-feminismos","category-noviolencia-tema","category-politica-es","category-sudamerica","tag-finlandia-es","tag-machismo","tag-sanna-marin-es"],"yoast_head":"<!-- This site is optimized with the Yoast SEO plugin v27.1.1 - https:\/\/yoast.com\/product\/yoast-seo-wordpress\/ -->\n<title>Sanna Marin, el machismo y la videopol\u00edtica como desv\u00edo de atenci\u00f3n<\/title>\n<meta name=\"description\" content=\"Sentenciada p\u00fablicamente por comportarse como una joven \u201cnormal\u201d, la primera ministra finlandesa, Sanna Marin, est\u00e1 m\u00e1s preocupada por la filtraci\u00f3n de\" \/>\n<meta name=\"robots\" content=\"index, follow, max-snippet:-1, max-image-preview:large, max-video-preview:-1\" \/>\n<link rel=\"canonical\" href=\"https:\/\/www.pressenza.com\/es\/2022\/08\/sanna-marin-el-machismo-y-la-videopolitica-como-desvio-de-atencion\/\" \/>\n<meta property=\"og:locale\" content=\"es_ES\" \/>\n<meta property=\"og:type\" content=\"article\" \/>\n<meta property=\"og:title\" content=\"Sanna Marin, el machismo y la videopol\u00edtica como desv\u00edo de atenci\u00f3n\" \/>\n<meta property=\"og:description\" content=\"Sentenciada p\u00fablicamente por comportarse como una joven \u201cnormal\u201d, la primera ministra finlandesa, Sanna Marin, est\u00e1 m\u00e1s preocupada por la filtraci\u00f3n de\" \/>\n<meta property=\"og:url\" content=\"https:\/\/www.pressenza.com\/es\/2022\/08\/sanna-marin-el-machismo-y-la-videopolitica-como-desvio-de-atencion\/\" \/>\n<meta property=\"og:site_name\" content=\"Pressenza\" \/>\n<meta property=\"article:publisher\" content=\"https:\/\/www.facebook.com\/PressenzaItalia\" \/>\n<meta property=\"article:published_time\" content=\"2022-08-23T01:12:02+00:00\" \/>\n<meta property=\"og:image\" content=\"https:\/\/www.pressenza.com\/wp-content\/uploads\/2022\/08\/Sanna-Marin-FinnishGovernment-on-Flickr.jpg\" \/>\n\t<meta property=\"og:image:width\" content=\"1024\" \/>\n\t<meta property=\"og:image:height\" content=\"683\" \/>\n\t<meta property=\"og:image:type\" content=\"image\/jpeg\" \/>\n<meta name=\"author\" content=\"Verbena C\u00f3rdula\" \/>\n<meta name=\"twitter:card\" content=\"summary_large_image\" \/>\n<meta name=\"twitter:creator\" content=\"@PressenzaIPA\" \/>\n<meta name=\"twitter:site\" content=\"@PressenzaIPA\" \/>\n<meta name=\"twitter:label1\" content=\"Escrito por\" \/>\n\t<meta name=\"twitter:data1\" content=\"Verbena C\u00f3rdula\" \/>\n\t<meta name=\"twitter:label2\" content=\"Tiempo de lectura\" \/>\n\t<meta name=\"twitter:data2\" content=\"5 minutos\" \/>\n<script type=\"application\/ld+json\" class=\"yoast-schema-graph\">{\"@context\":\"https:\/\/schema.org\",\"@graph\":[{\"@type\":\"Article\",\"@id\":\"https:\/\/www.pressenza.com\/es\/2022\/08\/sanna-marin-el-machismo-y-la-videopolitica-como-desvio-de-atencion\/#article\",\"isPartOf\":{\"@id\":\"https:\/\/www.pressenza.com\/es\/2022\/08\/sanna-marin-el-machismo-y-la-videopolitica-como-desvio-de-atencion\/\"},\"author\":{\"name\":\"Verbena C\u00f3rdula\",\"@id\":\"https:\/\/www.pressenza.com\/es\/#\/schema\/person\/68c8edc34c1a97f71f905cdd5b164319\"},\"headline\":\"Sanna Marin, el machismo y la videopol\u00edtica como desv\u00edo de atenci\u00f3n\",\"datePublished\":\"2022-08-23T01:12:02+00:00\",\"mainEntityOfPage\":{\"@id\":\"https:\/\/www.pressenza.com\/es\/2022\/08\/sanna-marin-el-machismo-y-la-videopolitica-como-desvio-de-atencion\/\"},\"wordCount\":1057,\"publisher\":{\"@id\":\"https:\/\/www.pressenza.com\/es\/#organization\"},\"image\":{\"@id\":\"https:\/\/www.pressenza.com\/es\/2022\/08\/sanna-marin-el-machismo-y-la-videopolitica-como-desvio-de-atencion\/#primaryimage\"},\"thumbnailUrl\":\"https:\/\/www.pressenza.com\/wp-content\/uploads\/2022\/08\/Sanna-Marin-FinnishGovernment-on-Flickr.jpg\",\"keywords\":[\"Finlandia\",\"machismo\",\"Sanna Marin\"],\"articleSection\":[\"Contenido Original\",\"Europa\",\"G\u00e9nero y Feminismos\",\"Noviolencia\",\"Pol\u00edtica\",\"Sudam\u00e9rica\"],\"inLanguage\":\"es\"},{\"@type\":\"WebPage\",\"@id\":\"https:\/\/www.pressenza.com\/es\/2022\/08\/sanna-marin-el-machismo-y-la-videopolitica-como-desvio-de-atencion\/\",\"url\":\"https:\/\/www.pressenza.com\/es\/2022\/08\/sanna-marin-el-machismo-y-la-videopolitica-como-desvio-de-atencion\/\",\"name\":\"Sanna Marin, el machismo y la videopol\u00edtica como desv\u00edo de atenci\u00f3n\",\"isPartOf\":{\"@id\":\"https:\/\/www.pressenza.com\/es\/#website\"},\"primaryImageOfPage\":{\"@id\":\"https:\/\/www.pressenza.com\/es\/2022\/08\/sanna-marin-el-machismo-y-la-videopolitica-como-desvio-de-atencion\/#primaryimage\"},\"image\":{\"@id\":\"https:\/\/www.pressenza.com\/es\/2022\/08\/sanna-marin-el-machismo-y-la-videopolitica-como-desvio-de-atencion\/#primaryimage\"},\"thumbnailUrl\":\"https:\/\/www.pressenza.com\/wp-content\/uploads\/2022\/08\/Sanna-Marin-FinnishGovernment-on-Flickr.jpg\",\"datePublished\":\"2022-08-23T01:12:02+00:00\",\"description\":\"Sentenciada p\u00fablicamente por comportarse como una joven \u201cnormal\u201d, la primera ministra finlandesa, Sanna Marin, est\u00e1 m\u00e1s preocupada por la filtraci\u00f3n de\",\"breadcrumb\":{\"@id\":\"https:\/\/www.pressenza.com\/es\/2022\/08\/sanna-marin-el-machismo-y-la-videopolitica-como-desvio-de-atencion\/#breadcrumb\"},\"inLanguage\":\"es\",\"potentialAction\":[{\"@type\":\"ReadAction\",\"target\":[\"https:\/\/www.pressenza.com\/es\/2022\/08\/sanna-marin-el-machismo-y-la-videopolitica-como-desvio-de-atencion\/\"]}]},{\"@type\":\"ImageObject\",\"inLanguage\":\"es\",\"@id\":\"https:\/\/www.pressenza.com\/es\/2022\/08\/sanna-marin-el-machismo-y-la-videopolitica-como-desvio-de-atencion\/#primaryimage\",\"url\":\"https:\/\/www.pressenza.com\/wp-content\/uploads\/2022\/08\/Sanna-Marin-FinnishGovernment-on-Flickr.jpg\",\"contentUrl\":\"https:\/\/www.pressenza.com\/wp-content\/uploads\/2022\/08\/Sanna-Marin-FinnishGovernment-on-Flickr.jpg\",\"width\":1024,\"height\":683},{\"@type\":\"BreadcrumbList\",\"@id\":\"https:\/\/www.pressenza.com\/es\/2022\/08\/sanna-marin-el-machismo-y-la-videopolitica-como-desvio-de-atencion\/#breadcrumb\",\"itemListElement\":[{\"@type\":\"ListItem\",\"position\":1,\"name\":\"Accueil\",\"item\":\"https:\/\/www.pressenza.com\/es\/\"},{\"@type\":\"ListItem\",\"position\":2,\"name\":\"Sanna Marin, el machismo y la videopol\u00edtica como desv\u00edo de atenci\u00f3n\"}]},{\"@type\":\"WebSite\",\"@id\":\"https:\/\/www.pressenza.com\/es\/#website\",\"url\":\"https:\/\/www.pressenza.com\/es\/\",\"name\":\"Pressenza\",\"description\":\"International Press Agency\",\"publisher\":{\"@id\":\"https:\/\/www.pressenza.com\/es\/#organization\"},\"potentialAction\":[{\"@type\":\"SearchAction\",\"target\":{\"@type\":\"EntryPoint\",\"urlTemplate\":\"https:\/\/www.pressenza.com\/es\/?s={search_term_string}\"},\"query-input\":{\"@type\":\"PropertyValueSpecification\",\"valueRequired\":true,\"valueName\":\"search_term_string\"}}],\"inLanguage\":\"es\"},{\"@type\":\"Organization\",\"@id\":\"https:\/\/www.pressenza.com\/es\/#organization\",\"name\":\"Pressenza\",\"url\":\"https:\/\/www.pressenza.com\/es\/\",\"logo\":{\"@type\":\"ImageObject\",\"inLanguage\":\"es\",\"@id\":\"https:\/\/www.pressenza.com\/es\/#\/schema\/logo\/image\/\",\"url\":\"https:\/\/www.pressenza.com\/wp-content\/uploads\/2022\/10\/pressenza_logo_200x200.jpg\",\"contentUrl\":\"https:\/\/www.pressenza.com\/wp-content\/uploads\/2022\/10\/pressenza_logo_200x200.jpg\",\"width\":200,\"height\":200,\"caption\":\"Pressenza\"},\"image\":{\"@id\":\"https:\/\/www.pressenza.com\/es\/#\/schema\/logo\/image\/\"},\"sameAs\":[\"https:\/\/www.facebook.com\/PressenzaItalia\",\"https:\/\/x.com\/PressenzaIPA\"]},{\"@type\":\"Person\",\"@id\":\"https:\/\/www.pressenza.com\/es\/#\/schema\/person\/68c8edc34c1a97f71f905cdd5b164319\",\"name\":\"Verbena C\u00f3rdula\",\"description\":\"Graduada em Hist\u00f3ria, doutora em Hist\u00f3ria e Comunica\u00e7\u00e3o no Mundo Contempor\u00e2neo. Professora Titular da Universidade Estadual de Santa Cruz (UESC), Ilh\u00e9us BA. Pesquisa G\u00eanero e ra\u00e7a.\",\"url\":\"https:\/\/www.pressenza.com\/es\/author\/verbena-cordula\/\"}]}<\/script>\n<!-- \/ Yoast SEO plugin. -->","yoast_head_json":{"title":"Sanna Marin, el machismo y la videopol\u00edtica como desv\u00edo de atenci\u00f3n","description":"Sentenciada p\u00fablicamente por comportarse como una joven \u201cnormal\u201d, la primera ministra finlandesa, Sanna Marin, est\u00e1 m\u00e1s preocupada por la filtraci\u00f3n de","robots":{"index":"index","follow":"follow","max-snippet":"max-snippet:-1","max-image-preview":"max-image-preview:large","max-video-preview":"max-video-preview:-1"},"canonical":"https:\/\/www.pressenza.com\/es\/2022\/08\/sanna-marin-el-machismo-y-la-videopolitica-como-desvio-de-atencion\/","og_locale":"es_ES","og_type":"article","og_title":"Sanna Marin, el machismo y la videopol\u00edtica como desv\u00edo de atenci\u00f3n","og_description":"Sentenciada p\u00fablicamente por comportarse como una joven \u201cnormal\u201d, la primera ministra finlandesa, Sanna Marin, est\u00e1 m\u00e1s preocupada por la filtraci\u00f3n de","og_url":"https:\/\/www.pressenza.com\/es\/2022\/08\/sanna-marin-el-machismo-y-la-videopolitica-como-desvio-de-atencion\/","og_site_name":"Pressenza","article_publisher":"https:\/\/www.facebook.com\/PressenzaItalia","article_published_time":"2022-08-23T01:12:02+00:00","og_image":[{"width":1024,"height":683,"url":"https:\/\/www.pressenza.com\/wp-content\/uploads\/2022\/08\/Sanna-Marin-FinnishGovernment-on-Flickr.jpg","type":"image\/jpeg"}],"author":"Verbena C\u00f3rdula","twitter_card":"summary_large_image","twitter_creator":"@PressenzaIPA","twitter_site":"@PressenzaIPA","twitter_misc":{"Escrito por":"Verbena C\u00f3rdula","Tiempo de lectura":"5 minutos"},"schema":{"@context":"https:\/\/schema.org","@graph":[{"@type":"Article","@id":"https:\/\/www.pressenza.com\/es\/2022\/08\/sanna-marin-el-machismo-y-la-videopolitica-como-desvio-de-atencion\/#article","isPartOf":{"@id":"https:\/\/www.pressenza.com\/es\/2022\/08\/sanna-marin-el-machismo-y-la-videopolitica-como-desvio-de-atencion\/"},"author":{"name":"Verbena C\u00f3rdula","@id":"https:\/\/www.pressenza.com\/es\/#\/schema\/person\/68c8edc34c1a97f71f905cdd5b164319"},"headline":"Sanna Marin, el machismo y la videopol\u00edtica como desv\u00edo de atenci\u00f3n","datePublished":"2022-08-23T01:12:02+00:00","mainEntityOfPage":{"@id":"https:\/\/www.pressenza.com\/es\/2022\/08\/sanna-marin-el-machismo-y-la-videopolitica-como-desvio-de-atencion\/"},"wordCount":1057,"publisher":{"@id":"https:\/\/www.pressenza.com\/es\/#organization"},"image":{"@id":"https:\/\/www.pressenza.com\/es\/2022\/08\/sanna-marin-el-machismo-y-la-videopolitica-como-desvio-de-atencion\/#primaryimage"},"thumbnailUrl":"https:\/\/www.pressenza.com\/wp-content\/uploads\/2022\/08\/Sanna-Marin-FinnishGovernment-on-Flickr.jpg","keywords":["Finlandia","machismo","Sanna Marin"],"articleSection":["Contenido Original","Europa","G\u00e9nero y Feminismos","Noviolencia","Pol\u00edtica","Sudam\u00e9rica"],"inLanguage":"es"},{"@type":"WebPage","@id":"https:\/\/www.pressenza.com\/es\/2022\/08\/sanna-marin-el-machismo-y-la-videopolitica-como-desvio-de-atencion\/","url":"https:\/\/www.pressenza.com\/es\/2022\/08\/sanna-marin-el-machismo-y-la-videopolitica-como-desvio-de-atencion\/","name":"Sanna Marin, el machismo y la videopol\u00edtica como desv\u00edo de atenci\u00f3n","isPartOf":{"@id":"https:\/\/www.pressenza.com\/es\/#website"},"primaryImageOfPage":{"@id":"https:\/\/www.pressenza.com\/es\/2022\/08\/sanna-marin-el-machismo-y-la-videopolitica-como-desvio-de-atencion\/#primaryimage"},"image":{"@id":"https:\/\/www.pressenza.com\/es\/2022\/08\/sanna-marin-el-machismo-y-la-videopolitica-como-desvio-de-atencion\/#primaryimage"},"thumbnailUrl":"https:\/\/www.pressenza.com\/wp-content\/uploads\/2022\/08\/Sanna-Marin-FinnishGovernment-on-Flickr.jpg","datePublished":"2022-08-23T01:12:02+00:00","description":"Sentenciada p\u00fablicamente por comportarse como una joven \u201cnormal\u201d, la primera ministra finlandesa, Sanna Marin, est\u00e1 m\u00e1s preocupada por la filtraci\u00f3n de","breadcrumb":{"@id":"https:\/\/www.pressenza.com\/es\/2022\/08\/sanna-marin-el-machismo-y-la-videopolitica-como-desvio-de-atencion\/#breadcrumb"},"inLanguage":"es","potentialAction":[{"@type":"ReadAction","target":["https:\/\/www.pressenza.com\/es\/2022\/08\/sanna-marin-el-machismo-y-la-videopolitica-como-desvio-de-atencion\/"]}]},{"@type":"ImageObject","inLanguage":"es","@id":"https:\/\/www.pressenza.com\/es\/2022\/08\/sanna-marin-el-machismo-y-la-videopolitica-como-desvio-de-atencion\/#primaryimage","url":"https:\/\/www.pressenza.com\/wp-content\/uploads\/2022\/08\/Sanna-Marin-FinnishGovernment-on-Flickr.jpg","contentUrl":"https:\/\/www.pressenza.com\/wp-content\/uploads\/2022\/08\/Sanna-Marin-FinnishGovernment-on-Flickr.jpg","width":1024,"height":683},{"@type":"BreadcrumbList","@id":"https:\/\/www.pressenza.com\/es\/2022\/08\/sanna-marin-el-machismo-y-la-videopolitica-como-desvio-de-atencion\/#breadcrumb","itemListElement":[{"@type":"ListItem","position":1,"name":"Accueil","item":"https:\/\/www.pressenza.com\/es\/"},{"@type":"ListItem","position":2,"name":"Sanna Marin, el machismo y la videopol\u00edtica como desv\u00edo de atenci\u00f3n"}]},{"@type":"WebSite","@id":"https:\/\/www.pressenza.com\/es\/#website","url":"https:\/\/www.pressenza.com\/es\/","name":"Pressenza","description":"International Press Agency","publisher":{"@id":"https:\/\/www.pressenza.com\/es\/#organization"},"potentialAction":[{"@type":"SearchAction","target":{"@type":"EntryPoint","urlTemplate":"https:\/\/www.pressenza.com\/es\/?s={search_term_string}"},"query-input":{"@type":"PropertyValueSpecification","valueRequired":true,"valueName":"search_term_string"}}],"inLanguage":"es"},{"@type":"Organization","@id":"https:\/\/www.pressenza.com\/es\/#organization","name":"Pressenza","url":"https:\/\/www.pressenza.com\/es\/","logo":{"@type":"ImageObject","inLanguage":"es","@id":"https:\/\/www.pressenza.com\/es\/#\/schema\/logo\/image\/","url":"https:\/\/www.pressenza.com\/wp-content\/uploads\/2022\/10\/pressenza_logo_200x200.jpg","contentUrl":"https:\/\/www.pressenza.com\/wp-content\/uploads\/2022\/10\/pressenza_logo_200x200.jpg","width":200,"height":200,"caption":"Pressenza"},"image":{"@id":"https:\/\/www.pressenza.com\/es\/#\/schema\/logo\/image\/"},"sameAs":["https:\/\/www.facebook.com\/PressenzaItalia","https:\/\/x.com\/PressenzaIPA"]},{"@type":"Person","@id":"https:\/\/www.pressenza.com\/es\/#\/schema\/person\/68c8edc34c1a97f71f905cdd5b164319","name":"Verbena C\u00f3rdula","description":"Graduada em Hist\u00f3ria, doutora em Hist\u00f3ria e Comunica\u00e7\u00e3o no Mundo Contempor\u00e2neo. Professora Titular da Universidade Estadual de Santa Cruz (UESC), Ilh\u00e9us BA. Pesquisa G\u00eanero e ra\u00e7a.","url":"https:\/\/www.pressenza.com\/es\/author\/verbena-cordula\/"}]}},"place":"Bah\u00eda, Brasil","original_article_url":"","_links":{"self":[{"href":"https:\/\/www.pressenza.com\/es\/wp-json\/wp\/v2\/posts\/1646206","targetHints":{"allow":["GET"]}}],"collection":[{"href":"https:\/\/www.pressenza.com\/es\/wp-json\/wp\/v2\/posts"}],"about":[{"href":"https:\/\/www.pressenza.com\/es\/wp-json\/wp\/v2\/types\/post"}],"author":[{"embeddable":true,"href":"https:\/\/www.pressenza.com\/es\/wp-json\/wp\/v2\/users\/1925"}],"replies":[{"embeddable":true,"href":"https:\/\/www.pressenza.com\/es\/wp-json\/wp\/v2\/comments?post=1646206"}],"version-history":[{"count":0,"href":"https:\/\/www.pressenza.com\/es\/wp-json\/wp\/v2\/posts\/1646206\/revisions"}],"wp:featuredmedia":[{"embeddable":true,"href":"https:\/\/www.pressenza.com\/es\/wp-json\/wp\/v2\/media\/1646201"}],"wp:attachment":[{"href":"https:\/\/www.pressenza.com\/es\/wp-json\/wp\/v2\/media?parent=1646206"}],"wp:term":[{"taxonomy":"category","embeddable":true,"href":"https:\/\/www.pressenza.com\/es\/wp-json\/wp\/v2\/categories?post=1646206"},{"taxonomy":"post_tag","embeddable":true,"href":"https:\/\/www.pressenza.com\/es\/wp-json\/wp\/v2\/tags?post=1646206"}],"curies":[{"name":"wp","href":"https:\/\/api.w.org\/{rel}","templated":true}]}}