{"id":1645638,"date":"2022-08-21T17:37:13","date_gmt":"2022-08-21T16:37:13","guid":{"rendered":"https:\/\/www.pressenza.com\/?p=1645638"},"modified":"2022-08-21T17:37:13","modified_gmt":"2022-08-21T16:37:13","slug":"el-stonehenge-espanol-resurge-por-la-sequia-extrema","status":"publish","type":"post","link":"https:\/\/www.pressenza.com\/es\/2022\/08\/el-stonehenge-espanol-resurge-por-la-sequia-extrema\/","title":{"rendered":"El &#8216;Stonehenge espa\u00f1ol&#8217; resurge por la sequ\u00eda extrema"},"content":{"rendered":"<p style=\"padding-left: 40px;\"><em>Se trata de un monumento megal\u00edtico, compuesto por 140 piedras, que tendr\u00eda entre 5.000 y 7.000 a\u00f1os de antig\u00fcedad.<\/em><\/p>\n<p>El dolmen de Guadalperal, tambi\u00e9n conocido como el &#8216;Stonehenge espa\u00f1ol&#8217;, ha\u00a0resurgido en el embalse de Valdeca\u00f1as, en Extremadura (Espa\u00f1a), a causa de la sequ\u00eda extrema que azota toda Europa, informaron este martes <a href=\"https:\/\/www.elperiodicoextremadura.com\/caceres\/2022\/08\/16\/cara-sequia-espectaculares-imagenes-dolmen-73409312.html\" target=\"_blank\" rel=\"noopener noreferrer\">medios locales<\/a>.<\/p>\n<p>\u00abNo ha llovido lo suficiente desde la primavera. No hay agua para el ganado y tenemos que transportarlo\u00bb, <a href=\"https:\/\/www.reuters.com\/world\/europe\/spanish-stonehenge-emerges-drought-hit-dam-2022-08-18\/\" target=\"_blank\" rel=\"noopener noreferrer\">lament\u00f3<\/a>\u00a0Jos\u00e9 Manuel Comendador, un\u00a0ganadero local. Mientras, otro agricultor de la zona, llamado Rufino Guinea, asegura que su cosecha de pimiento dulce ha sido devastada como consecuencia del adverso clima.<\/p>\n<figure class=\"RTImage-root\">\n<div class=\"RTImage-image RTImage-original\">\n<div class=\"RTImage-image RTImage-original\"><picture class=\"Picture-root Picture-original\"><source srcset=\" https:\/\/cdni.russiatoday.com\/actualidad\/public_images\/2022.08\/original\/6301de36e9ff7131084777a4.jpg 850w, https:\/\/cdni.russiatoday.com\/actualidad\/public_images\/2022.08\/original\/6301de36e9ff7131084777a4.jpg 1960w, \" media=\"(-webkit-min-device-pixel-ratio: 2) and (min-resolution: 120dpi)\" sizes=\"912px\" data-srcset=\" https:\/\/cdni.russiatoday.com\/actualidad\/public_images\/2022.08\/original\/6301de36e9ff7131084777a4.jpg 850w, https:\/\/cdni.russiatoday.com\/actualidad\/public_images\/2022.08\/original\/6301de36e9ff7131084777a4.jpg 1960w, \" \/><source srcset=\" https:\/\/cdni.russiatoday.com\/actualidad\/public_images\/2022.08\/original\/6301de36e9ff7131084777a4.jpg 460w, https:\/\/cdni.russiatoday.com\/actualidad\/public_images\/2022.08\/original\/6301de36e9ff7131084777a4.jpg 980w, \" sizes=\"912px\" data-srcset=\" https:\/\/cdni.russiatoday.com\/actualidad\/public_images\/2022.08\/original\/6301de36e9ff7131084777a4.jpg 460w, https:\/\/cdni.russiatoday.com\/actualidad\/public_images\/2022.08\/original\/6301de36e9ff7131084777a4.jpg 980w, \" \/><img decoding=\"async\" class=\"Picture-root Picture-original lazyautosizes lazyloaded\" src=\"https:\/\/cdni.russiatoday.com\/actualidad\/public_images\/2022.08\/original\/6301de36e9ff7131084777a4.jpg\" sizes=\"912px\" alt=\"\" data-sizes=\"auto\" data-src=\"https:\/\/cdni.russiatoday.com\/actualidad\/public_images\/2022.08\/original\/6301de36e9ff7131084777a4.jpg\" \/><\/picture><\/div>\n<\/div><figcaption class=\"RTImage-footer\"><span class=\"RTImage-caption\"><span class=\"RTImage-captionItem\">Dolmen de Guadalperal.<\/span><\/span><span class=\"RTImage-source\"><span class=\"RTImage-captionItem\">Pablo Blazquez Dominguez<\/span><span class=\"RTImage-captionItem\"> \/ Gettyimages.ru<\/span><\/span><\/figcaption><\/figure>\n<p>Por su parte, Enrique Cedillo, de la Universidad Complutense de Madrid, asegur\u00f3 que se trata de <strong>\u00abuna sorpresa\u00bb<\/strong>, de \u00abuna rara oportunidad para acceder\u00bb al monumento megal\u00edtico,\u00a0que tendr\u00eda entre 5.000 y 7.000 a\u00f1os de antig\u00fcedad.<\/p>\n<figure class=\"RTImage-root\">\n<div class=\"RTImage-image RTImage-original\">\n<div class=\"RTImage-image RTImage-original\"><picture class=\"Picture-root Picture-original\"><source srcset=\" https:\/\/cdni.russiatoday.com\/actualidad\/public_images\/2022.08\/original\/6301de80e9ff713107174cd6.jpg 850w, https:\/\/cdni.russiatoday.com\/actualidad\/public_images\/2022.08\/original\/6301de80e9ff713107174cd6.jpg 1960w, \" media=\"(-webkit-min-device-pixel-ratio: 2) and (min-resolution: 120dpi)\" sizes=\"912px\" data-srcset=\" https:\/\/cdni.russiatoday.com\/actualidad\/public_images\/2022.08\/original\/6301de80e9ff713107174cd6.jpg 850w, https:\/\/cdni.russiatoday.com\/actualidad\/public_images\/2022.08\/original\/6301de80e9ff713107174cd6.jpg 1960w, \" \/><source srcset=\" https:\/\/cdni.russiatoday.com\/actualidad\/public_images\/2022.08\/original\/6301de80e9ff713107174cd6.jpg 460w, https:\/\/cdni.russiatoday.com\/actualidad\/public_images\/2022.08\/original\/6301de80e9ff713107174cd6.jpg 980w, \" sizes=\"912px\" data-srcset=\" https:\/\/cdni.russiatoday.com\/actualidad\/public_images\/2022.08\/original\/6301de80e9ff713107174cd6.jpg 460w, https:\/\/cdni.russiatoday.com\/actualidad\/public_images\/2022.08\/original\/6301de80e9ff713107174cd6.jpg 980w, \" \/><img decoding=\"async\" class=\"Picture-root Picture-original lazyautosizes lazyloaded\" src=\"https:\/\/cdni.russiatoday.com\/actualidad\/public_images\/2022.08\/original\/6301de80e9ff713107174cd6.jpg\" sizes=\"912px\" alt=\"\" data-sizes=\"auto\" data-src=\"https:\/\/cdni.russiatoday.com\/actualidad\/public_images\/2022.08\/original\/6301de80e9ff713107174cd6.jpg\" \/><\/picture><\/div>\n<\/div><figcaption class=\"RTImage-footer\"><span class=\"RTImage-caption\"><span class=\"RTImage-captionItem\">Dolmen de Guadalperal.<\/span><\/span><span class=\"RTImage-source\"><span class=\"RTImage-captionItem\">Pablo Blazquez Dominguez<\/span><span class=\"RTImage-captionItem\"> \/ Gettyimages.ru<\/span><\/span><\/figcaption><\/figure>\n<p>La aparici\u00f3n del &#8216;Stonehenge espa\u00f1ol&#8217; ha generado que varias personas visiten la zona, curiosos por contemplar el antiguo monumento. \u00abEmerge el dolmen y comienza el turismo de dolmen\u00bb, coment\u00f3 Rub\u00e9n Argentas, propietario de un peque\u00f1o negocio de excursiones en barca.<\/p>\n<figure class=\"RTImage-root\">\n<div class=\"RTImage-image RTImage-original\">\n<div class=\"RTImage-image RTImage-original\"><picture class=\"Picture-root Picture-original\"><source srcset=\" https:\/\/cdni.russiatoday.com\/actualidad\/public_images\/2022.08\/original\/6301df17e9ff71614b0e9817.jpg 850w, https:\/\/cdni.russiatoday.com\/actualidad\/public_images\/2022.08\/original\/6301df17e9ff71614b0e9817.jpg 1960w, \" media=\"(-webkit-min-device-pixel-ratio: 2) and (min-resolution: 120dpi)\" sizes=\"912px\" data-srcset=\" https:\/\/cdni.russiatoday.com\/actualidad\/public_images\/2022.08\/original\/6301df17e9ff71614b0e9817.jpg 850w, https:\/\/cdni.russiatoday.com\/actualidad\/public_images\/2022.08\/original\/6301df17e9ff71614b0e9817.jpg 1960w, \" \/><source srcset=\" https:\/\/cdni.russiatoday.com\/actualidad\/public_images\/2022.08\/original\/6301df17e9ff71614b0e9817.jpg 460w, https:\/\/cdni.russiatoday.com\/actualidad\/public_images\/2022.08\/original\/6301df17e9ff71614b0e9817.jpg 980w, \" sizes=\"912px\" data-srcset=\" https:\/\/cdni.russiatoday.com\/actualidad\/public_images\/2022.08\/original\/6301df17e9ff71614b0e9817.jpg 460w, https:\/\/cdni.russiatoday.com\/actualidad\/public_images\/2022.08\/original\/6301df17e9ff71614b0e9817.jpg 980w, \" \/><img decoding=\"async\" class=\"Picture-root Picture-original lazyautosizes lazyloaded\" src=\"https:\/\/cdni.russiatoday.com\/actualidad\/public_images\/2022.08\/original\/6301df17e9ff71614b0e9817.jpg\" sizes=\"912px\" alt=\"\" data-sizes=\"auto\" data-src=\"https:\/\/cdni.russiatoday.com\/actualidad\/public_images\/2022.08\/original\/6301df17e9ff71614b0e9817.jpg\" \/><\/picture><\/div>\n<\/div><figcaption class=\"RTImage-footer\"><span class=\"RTImage-caption\"><span class=\"RTImage-captionItem\">Dolmen de Guadalperal.<\/span><\/span><span class=\"RTImage-source\"><span class=\"RTImage-captionItem\">Kandhal Keshvala<\/span><span class=\"RTImage-captionItem\"> \/ Legion-Media<\/span><\/span><\/figcaption><\/figure>\n<h3><strong>\u00bfC\u00f3mo es?<\/strong><\/h3>\n<p>El dolmen de Guadalperal est\u00e1 compuesto por 140 piedras con claros signos de deterioro. Fue descubierto por el arque\u00f3logo alem\u00e1n Hugo Obermaier en 1926, pero en 1963 qued\u00f3 sumergido bajo el agua cuando se construy\u00f3 un embalse en la zona.<\/p>\n<figure class=\"RTImage-root\">\n<div class=\"RTImage-image RTImage-original\">\n<div class=\"RTImage-image RTImage-original\"><picture class=\"Picture-root Picture-original\"><source srcset=\" https:\/\/cdni.russiatoday.com\/actualidad\/public_images\/2022.08\/original\/6301df75e9ff7131084777ac.jpg 850w, https:\/\/cdni.russiatoday.com\/actualidad\/public_images\/2022.08\/original\/6301df75e9ff7131084777ac.jpg 1960w, \" media=\"(-webkit-min-device-pixel-ratio: 2) and (min-resolution: 120dpi)\" sizes=\"912px\" data-srcset=\" https:\/\/cdni.russiatoday.com\/actualidad\/public_images\/2022.08\/original\/6301df75e9ff7131084777ac.jpg 850w, https:\/\/cdni.russiatoday.com\/actualidad\/public_images\/2022.08\/original\/6301df75e9ff7131084777ac.jpg 1960w, \" \/><source srcset=\" https:\/\/cdni.russiatoday.com\/actualidad\/public_images\/2022.08\/original\/6301df75e9ff7131084777ac.jpg 460w, https:\/\/cdni.russiatoday.com\/actualidad\/public_images\/2022.08\/original\/6301df75e9ff7131084777ac.jpg 980w, \" sizes=\"912px\" data-srcset=\" https:\/\/cdni.russiatoday.com\/actualidad\/public_images\/2022.08\/original\/6301df75e9ff7131084777ac.jpg 460w, https:\/\/cdni.russiatoday.com\/actualidad\/public_images\/2022.08\/original\/6301df75e9ff7131084777ac.jpg 980w, \" \/><img decoding=\"async\" class=\"Picture-root Picture-original lazyautosizes lazyloaded\" src=\"https:\/\/cdni.russiatoday.com\/actualidad\/public_images\/2022.08\/original\/6301df75e9ff7131084777ac.jpg\" sizes=\"912px\" alt=\"\" data-sizes=\"auto\" data-src=\"https:\/\/cdni.russiatoday.com\/actualidad\/public_images\/2022.08\/original\/6301df75e9ff7131084777ac.jpg\" \/><\/picture><\/div>\n<\/div><figcaption class=\"RTImage-footer\"><span class=\"RTImage-caption\"><span class=\"RTImage-captionItem\">Dolmen de Guadalperal.<\/span><\/span><span class=\"RTImage-source\"><span class=\"RTImage-captionItem\">Addictive Stock<\/span><span class=\"RTImage-captionItem\"> \/ Legion-Media<\/span><\/span><\/figcaption><\/figure>\n<p>Por esta raz\u00f3n, el monumento <strong>solo es visible<\/strong> en <strong>\u00e9pocas de mucha sequ\u00eda<\/strong>, como la de este a\u00f1o, que ha provocado\u00a0la ca\u00edda del\u00a0nivel del agua del dep\u00f3sito artificial al 28 % de su capacidad. En las \u00faltimas seis d\u00e9cadas solo se ha vuelto completamente visible en cuatro ocasiones.<\/p>\n<figure class=\"RTImage-root\">\n<div class=\"RTImage-image RTImage-original\">\n<div class=\"RTImage-image RTImage-original\"><picture class=\"Picture-root Picture-original\"><source srcset=\" https:\/\/cdni.russiatoday.com\/actualidad\/public_images\/2022.08\/original\/6301dfc559bf5b48bb279a28.jpg 850w, https:\/\/cdni.russiatoday.com\/actualidad\/public_images\/2022.08\/original\/6301dfc559bf5b48bb279a28.jpg 1960w, \" media=\"(-webkit-min-device-pixel-ratio: 2) and (min-resolution: 120dpi)\" sizes=\"912px\" data-srcset=\" https:\/\/cdni.russiatoday.com\/actualidad\/public_images\/2022.08\/original\/6301dfc559bf5b48bb279a28.jpg 850w, https:\/\/cdni.russiatoday.com\/actualidad\/public_images\/2022.08\/original\/6301dfc559bf5b48bb279a28.jpg 1960w, \" \/><source srcset=\" https:\/\/cdni.russiatoday.com\/actualidad\/public_images\/2022.08\/original\/6301dfc559bf5b48bb279a28.jpg 460w, https:\/\/cdni.russiatoday.com\/actualidad\/public_images\/2022.08\/original\/6301dfc559bf5b48bb279a28.jpg 980w, \" sizes=\"912px\" data-srcset=\" https:\/\/cdni.russiatoday.com\/actualidad\/public_images\/2022.08\/original\/6301dfc559bf5b48bb279a28.jpg 460w, https:\/\/cdni.russiatoday.com\/actualidad\/public_images\/2022.08\/original\/6301dfc559bf5b48bb279a28.jpg 980w, \" \/><img decoding=\"async\" class=\"Picture-root Picture-original lazyautosizes lazyloaded\" src=\"https:\/\/cdni.russiatoday.com\/actualidad\/public_images\/2022.08\/original\/6301dfc559bf5b48bb279a28.jpg\" sizes=\"912px\" alt=\"\" data-sizes=\"auto\" data-src=\"https:\/\/cdni.russiatoday.com\/actualidad\/public_images\/2022.08\/original\/6301dfc559bf5b48bb279a28.jpg\" \/><\/picture><\/div>\n<\/div><figcaption class=\"RTImage-footer\"><span class=\"RTImage-caption\"><span class=\"RTImage-captionItem\">Dolmen de Guadalperal.<\/span><\/span><span class=\"RTImage-source\"><span class=\"RTImage-captionItem\">Lucas Vallecillos<\/span><span class=\"RTImage-captionItem\"> \/ Legion-Media<\/span><\/span><\/figcaption><\/figure>\n<p>De acuerdo con un\u00a0<a href=\"https:\/\/www.nature.com\/articles\/s41561-022-00971-w.epdf?sharing_token=DI33o-j2vdv237jurOTW_9RgN0jAjWel9jnR3ZoTv0Njf2MQj3gnNP2gk0LvGHSjzk_A57JGsx9EWNLvHndsl2HAId99h5I16IYohBvkK1dxvEHQJ02S2dwaGiyRxNR6-DpolkfJITcjTK8EqInZ6-2rd4jruD3xZo5XBUj0C3N4PsOIs8i--KrR8PDo2XeneQuYmWKMTlFsIbuKxL4HWVl0Trlht2asbKcW6787zruFAXZ7FgSEFHdi42ztB3k2Vdiibdc69d9QAY2BbJPOKtwYha7JryQRsRJHdZjtLgiaB7yGLSrpvvUJHdw4BwrTiMpCeyzlC07qJvHpWqT67Vi3Pld1e-5DX-ZroWxEnf4%3D&amp;tracking_referrer=www.theguardian.com\" target=\"_blank\" rel=\"noopener noreferrer\">estudio<\/a> publicado el mes pasado en la revista Nature Geoscience, el cambio clim\u00e1tico ha dejado a la pen\u00ednsula ib\u00e9rica en su nivel m\u00e1s seco de los \u00faltimos 1.200 a\u00f1os, y se espera que las lluvias en invierno disminuyan a\u00fan m\u00e1s.<\/p>\n","protected":false},"excerpt":{"rendered":"<p>Se trata de un monumento megal\u00edtico, compuesto por 140 piedras, que tendr\u00eda entre 5.000 y 7.000 a\u00f1os de antig\u00fcedad. El dolmen de Guadalperal, tambi\u00e9n conocido como el &#8216;Stonehenge espa\u00f1ol&#8217;, ha\u00a0resurgido en el embalse de Valdeca\u00f1as, en Extremadura (Espa\u00f1a), a causa&hellip;<\/p>\n","protected":false},"author":1181,"featured_media":1645639,"comment_status":"closed","ping_status":"closed","sticky":false,"template":"","format":"standard","meta":{"footnotes":""},"categories":[75,66],"tags":[2914,1065,874],"class_list":["post-1645638","post","type-post","status-publish","format-standard","has-post-thumbnail","hentry","category-cultura-es","category-europa-es","tag-arqueologia","tag-espana","tag-historia"],"yoast_head":"<!-- This site is optimized with the Yoast SEO plugin v27.1.1 - https:\/\/yoast.com\/product\/yoast-seo-wordpress\/ -->\n<title>El &#039;Stonehenge espa\u00f1ol&#039; resurge por la sequ\u00eda extrema<\/title>\n<meta name=\"description\" content=\"Se trata de un monumento megal\u00edtico, compuesto por 140 piedras, que tendr\u00eda entre 5.000 y 7.000 a\u00f1os de antig\u00fcedad. El dolmen de Guadalperal, tambi\u00e9n\" \/>\n<meta name=\"robots\" content=\"index, follow, max-snippet:-1, max-image-preview:large, max-video-preview:-1\" \/>\n<link rel=\"canonical\" href=\"https:\/\/www.pressenza.com\/es\/2022\/08\/el-stonehenge-espanol-resurge-por-la-sequia-extrema\/\" \/>\n<meta property=\"og:locale\" content=\"es_ES\" \/>\n<meta property=\"og:type\" content=\"article\" \/>\n<meta property=\"og:title\" content=\"El &#039;Stonehenge espa\u00f1ol&#039; resurge por la sequ\u00eda extrema\" \/>\n<meta property=\"og:description\" content=\"Se trata de un monumento megal\u00edtico, compuesto por 140 piedras, que tendr\u00eda entre 5.000 y 7.000 a\u00f1os de antig\u00fcedad. El dolmen de Guadalperal, tambi\u00e9n\" \/>\n<meta property=\"og:url\" content=\"https:\/\/www.pressenza.com\/es\/2022\/08\/el-stonehenge-espanol-resurge-por-la-sequia-extrema\/\" \/>\n<meta property=\"og:site_name\" content=\"Pressenza\" \/>\n<meta property=\"article:publisher\" content=\"https:\/\/www.facebook.com\/PressenzaItalia\" \/>\n<meta property=\"article:author\" content=\"https:\/\/www.facebook.com\/RTnews\" \/>\n<meta property=\"article:published_time\" content=\"2022-08-21T16:37:13+00:00\" \/>\n<meta property=\"og:image\" content=\"https:\/\/www.pressenza.com\/wp-content\/uploads\/2022\/08\/domen-espanol.jpeg\" \/>\n\t<meta property=\"og:image:width\" content=\"950\" \/>\n\t<meta property=\"og:image:height\" content=\"535\" \/>\n\t<meta property=\"og:image:type\" content=\"image\/jpeg\" \/>\n<meta name=\"author\" content=\"RT\" \/>\n<meta name=\"twitter:card\" content=\"summary_large_image\" \/>\n<meta name=\"twitter:creator\" content=\"@RT_com\" \/>\n<meta name=\"twitter:site\" content=\"@PressenzaIPA\" \/>\n<meta name=\"twitter:label1\" content=\"Escrito por\" \/>\n\t<meta name=\"twitter:data1\" content=\"RT\" \/>\n\t<meta name=\"twitter:label2\" content=\"Tiempo de lectura\" \/>\n\t<meta name=\"twitter:data2\" content=\"2 minutos\" \/>\n<script type=\"application\/ld+json\" class=\"yoast-schema-graph\">{\"@context\":\"https:\/\/schema.org\",\"@graph\":[{\"@type\":\"Article\",\"@id\":\"https:\/\/www.pressenza.com\/es\/2022\/08\/el-stonehenge-espanol-resurge-por-la-sequia-extrema\/#article\",\"isPartOf\":{\"@id\":\"https:\/\/www.pressenza.com\/es\/2022\/08\/el-stonehenge-espanol-resurge-por-la-sequia-extrema\/\"},\"author\":{\"name\":\"RT\",\"@id\":\"https:\/\/www.pressenza.com\/es\/#\/schema\/person\/a9bc3bac2cc72cc81fc57959c714a38e\"},\"headline\":\"El &#8216;Stonehenge espa\u00f1ol&#8217; resurge por la sequ\u00eda extrema\",\"datePublished\":\"2022-08-21T16:37:13+00:00\",\"mainEntityOfPage\":{\"@id\":\"https:\/\/www.pressenza.com\/es\/2022\/08\/el-stonehenge-espanol-resurge-por-la-sequia-extrema\/\"},\"wordCount\":381,\"publisher\":{\"@id\":\"https:\/\/www.pressenza.com\/es\/#organization\"},\"image\":{\"@id\":\"https:\/\/www.pressenza.com\/es\/2022\/08\/el-stonehenge-espanol-resurge-por-la-sequia-extrema\/#primaryimage\"},\"thumbnailUrl\":\"https:\/\/www.pressenza.com\/wp-content\/uploads\/2022\/08\/domen-espanol.jpeg\",\"keywords\":[\"arqueolog\u00eda\",\"Espa\u00f1a\",\"historia\"],\"articleSection\":[\"Cultura y Medios\",\"Europa\"],\"inLanguage\":\"es\"},{\"@type\":\"WebPage\",\"@id\":\"https:\/\/www.pressenza.com\/es\/2022\/08\/el-stonehenge-espanol-resurge-por-la-sequia-extrema\/\",\"url\":\"https:\/\/www.pressenza.com\/es\/2022\/08\/el-stonehenge-espanol-resurge-por-la-sequia-extrema\/\",\"name\":\"El 'Stonehenge espa\u00f1ol' resurge por la sequ\u00eda extrema\",\"isPartOf\":{\"@id\":\"https:\/\/www.pressenza.com\/es\/#website\"},\"primaryImageOfPage\":{\"@id\":\"https:\/\/www.pressenza.com\/es\/2022\/08\/el-stonehenge-espanol-resurge-por-la-sequia-extrema\/#primaryimage\"},\"image\":{\"@id\":\"https:\/\/www.pressenza.com\/es\/2022\/08\/el-stonehenge-espanol-resurge-por-la-sequia-extrema\/#primaryimage\"},\"thumbnailUrl\":\"https:\/\/www.pressenza.com\/wp-content\/uploads\/2022\/08\/domen-espanol.jpeg\",\"datePublished\":\"2022-08-21T16:37:13+00:00\",\"description\":\"Se trata de un monumento megal\u00edtico, compuesto por 140 piedras, que tendr\u00eda entre 5.000 y 7.000 a\u00f1os de antig\u00fcedad. El dolmen de Guadalperal, tambi\u00e9n\",\"breadcrumb\":{\"@id\":\"https:\/\/www.pressenza.com\/es\/2022\/08\/el-stonehenge-espanol-resurge-por-la-sequia-extrema\/#breadcrumb\"},\"inLanguage\":\"es\",\"potentialAction\":[{\"@type\":\"ReadAction\",\"target\":[\"https:\/\/www.pressenza.com\/es\/2022\/08\/el-stonehenge-espanol-resurge-por-la-sequia-extrema\/\"]}]},{\"@type\":\"ImageObject\",\"inLanguage\":\"es\",\"@id\":\"https:\/\/www.pressenza.com\/es\/2022\/08\/el-stonehenge-espanol-resurge-por-la-sequia-extrema\/#primaryimage\",\"url\":\"https:\/\/www.pressenza.com\/wp-content\/uploads\/2022\/08\/domen-espanol.jpeg\",\"contentUrl\":\"https:\/\/www.pressenza.com\/wp-content\/uploads\/2022\/08\/domen-espanol.jpeg\",\"width\":950,\"height\":535},{\"@type\":\"BreadcrumbList\",\"@id\":\"https:\/\/www.pressenza.com\/es\/2022\/08\/el-stonehenge-espanol-resurge-por-la-sequia-extrema\/#breadcrumb\",\"itemListElement\":[{\"@type\":\"ListItem\",\"position\":1,\"name\":\"Accueil\",\"item\":\"https:\/\/www.pressenza.com\/es\/\"},{\"@type\":\"ListItem\",\"position\":2,\"name\":\"El &#8216;Stonehenge espa\u00f1ol&#8217; resurge por la sequ\u00eda extrema\"}]},{\"@type\":\"WebSite\",\"@id\":\"https:\/\/www.pressenza.com\/es\/#website\",\"url\":\"https:\/\/www.pressenza.com\/es\/\",\"name\":\"Pressenza\",\"description\":\"International Press Agency\",\"publisher\":{\"@id\":\"https:\/\/www.pressenza.com\/es\/#organization\"},\"potentialAction\":[{\"@type\":\"SearchAction\",\"target\":{\"@type\":\"EntryPoint\",\"urlTemplate\":\"https:\/\/www.pressenza.com\/es\/?s={search_term_string}\"},\"query-input\":{\"@type\":\"PropertyValueSpecification\",\"valueRequired\":true,\"valueName\":\"search_term_string\"}}],\"inLanguage\":\"es\"},{\"@type\":\"Organization\",\"@id\":\"https:\/\/www.pressenza.com\/es\/#organization\",\"name\":\"Pressenza\",\"url\":\"https:\/\/www.pressenza.com\/es\/\",\"logo\":{\"@type\":\"ImageObject\",\"inLanguage\":\"es\",\"@id\":\"https:\/\/www.pressenza.com\/es\/#\/schema\/logo\/image\/\",\"url\":\"https:\/\/www.pressenza.com\/wp-content\/uploads\/2022\/10\/pressenza_logo_200x200.jpg\",\"contentUrl\":\"https:\/\/www.pressenza.com\/wp-content\/uploads\/2022\/10\/pressenza_logo_200x200.jpg\",\"width\":200,\"height\":200,\"caption\":\"Pressenza\"},\"image\":{\"@id\":\"https:\/\/www.pressenza.com\/es\/#\/schema\/logo\/image\/\"},\"sameAs\":[\"https:\/\/www.facebook.com\/PressenzaItalia\",\"https:\/\/x.com\/PressenzaIPA\"]},{\"@type\":\"Person\",\"@id\":\"https:\/\/www.pressenza.com\/es\/#\/schema\/person\/a9bc3bac2cc72cc81fc57959c714a38e\",\"name\":\"RT\",\"description\":\"With its first channel launched in December 2005, the RT network now consists of three global news channels broadcasting in English, Spanish and Arabic, RT America broadcasting from a Washington, DC studio, RT UK airing from London, and a documentary channel RTDoc \u2013 in English and Russian. Today RT has a global reach of over 700 million people in 100+ countries. Articles and photographs by RT on Pressenza do not fall under the Creative Commons license are are not reproducible in any way. RT news covers the major issues of our time for viewers wishing to question more and delivers stories often missed by the mainstream media to create news with an edge. RT provides an alternative perspective on major global events, and acquaints an international audience with the Russian viewpoint. rt.com\",\"sameAs\":[\"http:\/\/www.rt.com\",\"https:\/\/www.facebook.com\/RTnews\",\"https:\/\/x.com\/RT_com\"],\"url\":\"https:\/\/www.pressenza.com\/es\/author\/russia-today\/\"}]}<\/script>\n<!-- \/ Yoast SEO plugin. -->","yoast_head_json":{"title":"El 'Stonehenge espa\u00f1ol' resurge por la sequ\u00eda extrema","description":"Se trata de un monumento megal\u00edtico, compuesto por 140 piedras, que tendr\u00eda entre 5.000 y 7.000 a\u00f1os de antig\u00fcedad. El dolmen de Guadalperal, tambi\u00e9n","robots":{"index":"index","follow":"follow","max-snippet":"max-snippet:-1","max-image-preview":"max-image-preview:large","max-video-preview":"max-video-preview:-1"},"canonical":"https:\/\/www.pressenza.com\/es\/2022\/08\/el-stonehenge-espanol-resurge-por-la-sequia-extrema\/","og_locale":"es_ES","og_type":"article","og_title":"El 'Stonehenge espa\u00f1ol' resurge por la sequ\u00eda extrema","og_description":"Se trata de un monumento megal\u00edtico, compuesto por 140 piedras, que tendr\u00eda entre 5.000 y 7.000 a\u00f1os de antig\u00fcedad. El dolmen de Guadalperal, tambi\u00e9n","og_url":"https:\/\/www.pressenza.com\/es\/2022\/08\/el-stonehenge-espanol-resurge-por-la-sequia-extrema\/","og_site_name":"Pressenza","article_publisher":"https:\/\/www.facebook.com\/PressenzaItalia","article_author":"https:\/\/www.facebook.com\/RTnews","article_published_time":"2022-08-21T16:37:13+00:00","og_image":[{"width":950,"height":535,"url":"https:\/\/www.pressenza.com\/wp-content\/uploads\/2022\/08\/domen-espanol.jpeg","type":"image\/jpeg"}],"author":"RT","twitter_card":"summary_large_image","twitter_creator":"@RT_com","twitter_site":"@PressenzaIPA","twitter_misc":{"Escrito por":"RT","Tiempo de lectura":"2 minutos"},"schema":{"@context":"https:\/\/schema.org","@graph":[{"@type":"Article","@id":"https:\/\/www.pressenza.com\/es\/2022\/08\/el-stonehenge-espanol-resurge-por-la-sequia-extrema\/#article","isPartOf":{"@id":"https:\/\/www.pressenza.com\/es\/2022\/08\/el-stonehenge-espanol-resurge-por-la-sequia-extrema\/"},"author":{"name":"RT","@id":"https:\/\/www.pressenza.com\/es\/#\/schema\/person\/a9bc3bac2cc72cc81fc57959c714a38e"},"headline":"El &#8216;Stonehenge espa\u00f1ol&#8217; resurge por la sequ\u00eda extrema","datePublished":"2022-08-21T16:37:13+00:00","mainEntityOfPage":{"@id":"https:\/\/www.pressenza.com\/es\/2022\/08\/el-stonehenge-espanol-resurge-por-la-sequia-extrema\/"},"wordCount":381,"publisher":{"@id":"https:\/\/www.pressenza.com\/es\/#organization"},"image":{"@id":"https:\/\/www.pressenza.com\/es\/2022\/08\/el-stonehenge-espanol-resurge-por-la-sequia-extrema\/#primaryimage"},"thumbnailUrl":"https:\/\/www.pressenza.com\/wp-content\/uploads\/2022\/08\/domen-espanol.jpeg","keywords":["arqueolog\u00eda","Espa\u00f1a","historia"],"articleSection":["Cultura y Medios","Europa"],"inLanguage":"es"},{"@type":"WebPage","@id":"https:\/\/www.pressenza.com\/es\/2022\/08\/el-stonehenge-espanol-resurge-por-la-sequia-extrema\/","url":"https:\/\/www.pressenza.com\/es\/2022\/08\/el-stonehenge-espanol-resurge-por-la-sequia-extrema\/","name":"El 'Stonehenge espa\u00f1ol' resurge por la sequ\u00eda extrema","isPartOf":{"@id":"https:\/\/www.pressenza.com\/es\/#website"},"primaryImageOfPage":{"@id":"https:\/\/www.pressenza.com\/es\/2022\/08\/el-stonehenge-espanol-resurge-por-la-sequia-extrema\/#primaryimage"},"image":{"@id":"https:\/\/www.pressenza.com\/es\/2022\/08\/el-stonehenge-espanol-resurge-por-la-sequia-extrema\/#primaryimage"},"thumbnailUrl":"https:\/\/www.pressenza.com\/wp-content\/uploads\/2022\/08\/domen-espanol.jpeg","datePublished":"2022-08-21T16:37:13+00:00","description":"Se trata de un monumento megal\u00edtico, compuesto por 140 piedras, que tendr\u00eda entre 5.000 y 7.000 a\u00f1os de antig\u00fcedad. El dolmen de Guadalperal, tambi\u00e9n","breadcrumb":{"@id":"https:\/\/www.pressenza.com\/es\/2022\/08\/el-stonehenge-espanol-resurge-por-la-sequia-extrema\/#breadcrumb"},"inLanguage":"es","potentialAction":[{"@type":"ReadAction","target":["https:\/\/www.pressenza.com\/es\/2022\/08\/el-stonehenge-espanol-resurge-por-la-sequia-extrema\/"]}]},{"@type":"ImageObject","inLanguage":"es","@id":"https:\/\/www.pressenza.com\/es\/2022\/08\/el-stonehenge-espanol-resurge-por-la-sequia-extrema\/#primaryimage","url":"https:\/\/www.pressenza.com\/wp-content\/uploads\/2022\/08\/domen-espanol.jpeg","contentUrl":"https:\/\/www.pressenza.com\/wp-content\/uploads\/2022\/08\/domen-espanol.jpeg","width":950,"height":535},{"@type":"BreadcrumbList","@id":"https:\/\/www.pressenza.com\/es\/2022\/08\/el-stonehenge-espanol-resurge-por-la-sequia-extrema\/#breadcrumb","itemListElement":[{"@type":"ListItem","position":1,"name":"Accueil","item":"https:\/\/www.pressenza.com\/es\/"},{"@type":"ListItem","position":2,"name":"El &#8216;Stonehenge espa\u00f1ol&#8217; resurge por la sequ\u00eda extrema"}]},{"@type":"WebSite","@id":"https:\/\/www.pressenza.com\/es\/#website","url":"https:\/\/www.pressenza.com\/es\/","name":"Pressenza","description":"International Press Agency","publisher":{"@id":"https:\/\/www.pressenza.com\/es\/#organization"},"potentialAction":[{"@type":"SearchAction","target":{"@type":"EntryPoint","urlTemplate":"https:\/\/www.pressenza.com\/es\/?s={search_term_string}"},"query-input":{"@type":"PropertyValueSpecification","valueRequired":true,"valueName":"search_term_string"}}],"inLanguage":"es"},{"@type":"Organization","@id":"https:\/\/www.pressenza.com\/es\/#organization","name":"Pressenza","url":"https:\/\/www.pressenza.com\/es\/","logo":{"@type":"ImageObject","inLanguage":"es","@id":"https:\/\/www.pressenza.com\/es\/#\/schema\/logo\/image\/","url":"https:\/\/www.pressenza.com\/wp-content\/uploads\/2022\/10\/pressenza_logo_200x200.jpg","contentUrl":"https:\/\/www.pressenza.com\/wp-content\/uploads\/2022\/10\/pressenza_logo_200x200.jpg","width":200,"height":200,"caption":"Pressenza"},"image":{"@id":"https:\/\/www.pressenza.com\/es\/#\/schema\/logo\/image\/"},"sameAs":["https:\/\/www.facebook.com\/PressenzaItalia","https:\/\/x.com\/PressenzaIPA"]},{"@type":"Person","@id":"https:\/\/www.pressenza.com\/es\/#\/schema\/person\/a9bc3bac2cc72cc81fc57959c714a38e","name":"RT","description":"With its first channel launched in December 2005, the RT network now consists of three global news channels broadcasting in English, Spanish and Arabic, RT America broadcasting from a Washington, DC studio, RT UK airing from London, and a documentary channel RTDoc \u2013 in English and Russian. Today RT has a global reach of over 700 million people in 100+ countries. Articles and photographs by RT on Pressenza do not fall under the Creative Commons license are are not reproducible in any way. RT news covers the major issues of our time for viewers wishing to question more and delivers stories often missed by the mainstream media to create news with an edge. RT provides an alternative perspective on major global events, and acquaints an international audience with the Russian viewpoint. rt.com","sameAs":["http:\/\/www.rt.com","https:\/\/www.facebook.com\/RTnews","https:\/\/x.com\/RT_com"],"url":"https:\/\/www.pressenza.com\/es\/author\/russia-today\/"}]}},"place":"","original_article_url":"https:\/\/actualidad.rt.com\/actualidad\/439161-fotos-stonehenge-espanol-aflorar-sequia-extrema","_links":{"self":[{"href":"https:\/\/www.pressenza.com\/es\/wp-json\/wp\/v2\/posts\/1645638","targetHints":{"allow":["GET"]}}],"collection":[{"href":"https:\/\/www.pressenza.com\/es\/wp-json\/wp\/v2\/posts"}],"about":[{"href":"https:\/\/www.pressenza.com\/es\/wp-json\/wp\/v2\/types\/post"}],"author":[{"embeddable":true,"href":"https:\/\/www.pressenza.com\/es\/wp-json\/wp\/v2\/users\/1181"}],"replies":[{"embeddable":true,"href":"https:\/\/www.pressenza.com\/es\/wp-json\/wp\/v2\/comments?post=1645638"}],"version-history":[{"count":0,"href":"https:\/\/www.pressenza.com\/es\/wp-json\/wp\/v2\/posts\/1645638\/revisions"}],"wp:featuredmedia":[{"embeddable":true,"href":"https:\/\/www.pressenza.com\/es\/wp-json\/wp\/v2\/media\/1645639"}],"wp:attachment":[{"href":"https:\/\/www.pressenza.com\/es\/wp-json\/wp\/v2\/media?parent=1645638"}],"wp:term":[{"taxonomy":"category","embeddable":true,"href":"https:\/\/www.pressenza.com\/es\/wp-json\/wp\/v2\/categories?post=1645638"},{"taxonomy":"post_tag","embeddable":true,"href":"https:\/\/www.pressenza.com\/es\/wp-json\/wp\/v2\/tags?post=1645638"}],"curies":[{"name":"wp","href":"https:\/\/api.w.org\/{rel}","templated":true}]}}