{"id":1645233,"date":"2022-08-21T00:23:14","date_gmt":"2022-08-20T23:23:14","guid":{"rendered":"https:\/\/www.pressenza.com\/?p=1645233"},"modified":"2022-08-21T00:23:14","modified_gmt":"2022-08-20T23:23:14","slug":"lobos-chilenos-con-piel-de-oveja-por-el-rechazo","status":"publish","type":"post","link":"https:\/\/www.pressenza.com\/es\/2022\/08\/lobos-chilenos-con-piel-de-oveja-por-el-rechazo\/","title":{"rendered":"Lobos chilenos con piel de oveja por el Rechazo"},"content":{"rendered":"<p>Desde el t\u00e9rmino del trabajo de la Convenci\u00f3n Constitucional los l\u00edderes y caras visibles de la derecha chilena, tales como Pi\u00f1era y Kast principalmente, seguidos de su aprendiz Marinovic, han desaparecido del protagonismo en la escena pol\u00edtica, dando paso en ese liderazgo a un grupo de figuras, que inicialmente y por propia definici\u00f3n, pudiesen ser considerados como de \u201ccentro-izquierda\u201d, ellos llevan p\u00fablicamente hoy la campa\u00f1a para rechazar la nueva Constituci\u00f3n.<\/p>\n<p>La raz\u00f3n por la cual los l\u00edderes naturales de la derecha chilena desaparecen de la campa\u00f1a, se debe a que son personajes ligados a continuas violaciones de los derechos humanos, a un p\u00e9simo manejo en la equidad de la econom\u00eda, y tambi\u00e9n son responsables de la ineficaz respuesta para atender la necesidad de las y los migrantes, llevando la situaci\u00f3n a un Estado desbordado por la migraci\u00f3n. Por otra parte, han dejado al pa\u00eds con niveles de inseguridad p\u00fablica nunca vistos, en que destacan los problemas de alta delincuencia que incluyen carteles internacionales.<\/p>\n<p>Todo lo descrito, termin\u00f3 en la baja aprobaci\u00f3n ciudadana de los periodos de gobiernos de derecha. Por tanto, los sectores conservadores comprenden que ellos, y sus \u201crostros\u201d, m\u00e1s que sumar, restan votos a su opci\u00f3n por el rechazo en el Plebiscito de septiembre.<\/p>\n<p>Es en este escenario, que aparecen personalidades como Javiera Parada, quien lider\u00f3 Marca Asamblea Constituyente, otrora ex militante y candidata a la presidencia de Revoluci\u00f3n Democr\u00e1tica; Felipe Harboe ex senador y ex convencional del PPD, quien en su programa propon\u00eda contenidos que aparecen en esta nueva propuesta constitucional, y Ximena Rinc\u00f3n, senadora Dem\u00f3crata Cristiana, que ha ejercido diversos cargos p\u00fablicos en los gobiernos concertacionistas de Lagos y Bachelet, en contraposici\u00f3n a su gesti\u00f3n ejecutiva ligada a las AFP\u00b4s. Estos son solo 3 ejemplos de pol\u00edticos y pol\u00edticas que durante las \u00faltimas 3 d\u00e9cadas se han disfrazado bajo un discurso democr\u00e1tico, ocultando una intenci\u00f3n y un accionar que siempre ha ido a favor de los poderosos.<\/p>\n<p>Para la opini\u00f3n p\u00fablica, a simple vista, esto podr\u00eda apreciarse como una inconsecuencia pol\u00edtica, pero en el trasfondo de la disputa apruebo\/rechazo, estamos ante la presencia de muchos lobos con piel de oveja, quienes defienden sus privilegios por sobre el bien com\u00fan, neg\u00e1ndose a aprobar una nueva carta magna que contiene las demandas ciudadanas y que posibilita abrir futuro a una sociedad m\u00e1s equitativa y democr\u00e1tica.<\/p>\n<p>Frente a esta jugada de la derecha, donde estos pol\u00edticos que fueron cercanos a la Concertaci\u00f3n se prestan para boicotear el triunfo de la opci\u00f3n Apruebo, es que el pueblo chileno hoy m\u00e1s que nunca debe estar atento y despierto, no dejarse enga\u00f1ar por las formas camale\u00f3nicas de tales metodolog\u00edas, que confunden f\u00e1cilmente si no se hace un an\u00e1lisis cr\u00edtico de la publicidad, de las encuestas ama\u00f1adas y de todo el despliegue medi\u00e1tico que pueden pagar con su dinero mal habido, quienes\u00a0 han esquilmado la econom\u00eda nacional por d\u00e9cadas.<\/p>\n<p>Una vez m\u00e1s, con un l\u00e1piz y un papel, con valent\u00eda y dignidad, las mujeres y hombres de nuestra tierra, sobrepasar\u00e1n las amenazas, enga\u00f1os e incoherencias de los poderosos, marcando en septiembre la opci\u00f3n Apruebo, para abrir as\u00ed un rumbo de soberan\u00eda y participaci\u00f3n, en la construcci\u00f3n de una sociedad con iguales derechos e id\u00e9nticas oportunidades para todes.<\/p>\n<p>&nbsp;<\/p>\n<p>Redacci\u00f3n colaborativa de Helmut Kramer, Sandra Arriola Oporto, Mar\u00eda Ang\u00e9lica Alver, Luz Soto y Sylvia Hidalgo. Comisi\u00f3n pol\u00edtica.<\/p>\n","protected":false},"excerpt":{"rendered":"<p>Desde el t\u00e9rmino del trabajo de la Convenci\u00f3n Constitucional los l\u00edderes y caras visibles de la derecha chilena, tales como Pi\u00f1era y Kast principalmente, seguidos de su aprendiz Marinovic, han desaparecido del protagonismo en la escena pol\u00edtica, dando paso en&hellip;<\/p>\n","protected":false},"author":386,"featured_media":1645234,"comment_status":"closed","ping_status":"closed","sticky":false,"template":"","format":"standard","meta":{"footnotes":""},"categories":[149,11389,74,67],"tags":[74562,29,1376,1344],"class_list":["post-1645233","post","type-post","status-publish","format-standard","has-post-thumbnail","hentry","category-comunicados-de-prensa","category-contenido-original","category-politica-es","category-sudamerica","tag-apruebo","tag-chile","tag-derecha","tag-plebiscito"],"yoast_head":"<!-- This site is optimized with the Yoast SEO plugin v27.1.1 - https:\/\/yoast.com\/product\/yoast-seo-wordpress\/ -->\n<title>Lobos chilenos con piel de oveja por el Rechazo<\/title>\n<meta name=\"description\" content=\"Desde el t\u00e9rmino del trabajo de la Convenci\u00f3n Constitucional los l\u00edderes y caras visibles de la derecha chilena, tales como Pi\u00f1era y Kast principalmente,\" \/>\n<meta name=\"robots\" content=\"index, follow, max-snippet:-1, max-image-preview:large, max-video-preview:-1\" \/>\n<link rel=\"canonical\" href=\"https:\/\/www.pressenza.com\/es\/2022\/08\/lobos-chilenos-con-piel-de-oveja-por-el-rechazo\/\" \/>\n<meta property=\"og:locale\" content=\"es_ES\" \/>\n<meta property=\"og:type\" content=\"article\" \/>\n<meta property=\"og:title\" content=\"Lobos chilenos con piel de oveja por el Rechazo\" \/>\n<meta property=\"og:description\" content=\"Desde el t\u00e9rmino del trabajo de la Convenci\u00f3n Constitucional los l\u00edderes y caras visibles de la derecha chilena, tales como Pi\u00f1era y Kast principalmente,\" \/>\n<meta property=\"og:url\" content=\"https:\/\/www.pressenza.com\/es\/2022\/08\/lobos-chilenos-con-piel-de-oveja-por-el-rechazo\/\" \/>\n<meta property=\"og:site_name\" content=\"Pressenza\" \/>\n<meta property=\"article:publisher\" content=\"https:\/\/www.facebook.com\/PressenzaItalia\" \/>\n<meta property=\"article:author\" content=\"https:\/\/www.facebook.com\/PartidoHumanistaChile?fref=ts\" \/>\n<meta property=\"article:published_time\" content=\"2022-08-20T23:23:14+00:00\" \/>\n<meta property=\"og:image\" content=\"https:\/\/www.pressenza.com\/wp-content\/uploads\/2022\/08\/OPINIONES-HUMANISTAS-17-08-2022-doc1.jpg\" \/>\n\t<meta property=\"og:image:width\" content=\"780\" \/>\n\t<meta property=\"og:image:height\" content=\"600\" \/>\n\t<meta property=\"og:image:type\" content=\"image\/jpeg\" \/>\n<meta name=\"author\" content=\"Partido Humanista de Chile\" \/>\n<meta name=\"twitter:card\" content=\"summary_large_image\" \/>\n<meta name=\"twitter:creator\" content=\"@phumanista\" \/>\n<meta name=\"twitter:site\" content=\"@PressenzaIPA\" \/>\n<meta name=\"twitter:label1\" content=\"Escrito por\" \/>\n\t<meta name=\"twitter:data1\" content=\"Partido Humanista de Chile\" \/>\n\t<meta name=\"twitter:label2\" content=\"Tiempo de lectura\" \/>\n\t<meta name=\"twitter:data2\" content=\"3 minutos\" \/>\n<script type=\"application\/ld+json\" class=\"yoast-schema-graph\">{\"@context\":\"https:\/\/schema.org\",\"@graph\":[{\"@type\":\"Article\",\"@id\":\"https:\/\/www.pressenza.com\/es\/2022\/08\/lobos-chilenos-con-piel-de-oveja-por-el-rechazo\/#article\",\"isPartOf\":{\"@id\":\"https:\/\/www.pressenza.com\/es\/2022\/08\/lobos-chilenos-con-piel-de-oveja-por-el-rechazo\/\"},\"author\":{\"name\":\"Partido Humanista de Chile\",\"@id\":\"https:\/\/www.pressenza.com\/es\/#\/schema\/person\/21472c42980bab786ff5a256b8239bf5\"},\"headline\":\"Lobos chilenos con piel de oveja por el Rechazo\",\"datePublished\":\"2022-08-20T23:23:14+00:00\",\"mainEntityOfPage\":{\"@id\":\"https:\/\/www.pressenza.com\/es\/2022\/08\/lobos-chilenos-con-piel-de-oveja-por-el-rechazo\/\"},\"wordCount\":634,\"publisher\":{\"@id\":\"https:\/\/www.pressenza.com\/es\/#organization\"},\"image\":{\"@id\":\"https:\/\/www.pressenza.com\/es\/2022\/08\/lobos-chilenos-con-piel-de-oveja-por-el-rechazo\/#primaryimage\"},\"thumbnailUrl\":\"https:\/\/www.pressenza.com\/wp-content\/uploads\/2022\/08\/OPINIONES-HUMANISTAS-17-08-2022-doc1.jpg\",\"keywords\":[\"\u00b7#Apruebo\",\"Chile\",\"derecha\",\"Plebiscito\"],\"articleSection\":[\"Comunicados de Prensa\",\"Contenido Original\",\"Pol\u00edtica\",\"Sudam\u00e9rica\"],\"inLanguage\":\"es\"},{\"@type\":\"WebPage\",\"@id\":\"https:\/\/www.pressenza.com\/es\/2022\/08\/lobos-chilenos-con-piel-de-oveja-por-el-rechazo\/\",\"url\":\"https:\/\/www.pressenza.com\/es\/2022\/08\/lobos-chilenos-con-piel-de-oveja-por-el-rechazo\/\",\"name\":\"Lobos chilenos con piel de oveja por el Rechazo\",\"isPartOf\":{\"@id\":\"https:\/\/www.pressenza.com\/es\/#website\"},\"primaryImageOfPage\":{\"@id\":\"https:\/\/www.pressenza.com\/es\/2022\/08\/lobos-chilenos-con-piel-de-oveja-por-el-rechazo\/#primaryimage\"},\"image\":{\"@id\":\"https:\/\/www.pressenza.com\/es\/2022\/08\/lobos-chilenos-con-piel-de-oveja-por-el-rechazo\/#primaryimage\"},\"thumbnailUrl\":\"https:\/\/www.pressenza.com\/wp-content\/uploads\/2022\/08\/OPINIONES-HUMANISTAS-17-08-2022-doc1.jpg\",\"datePublished\":\"2022-08-20T23:23:14+00:00\",\"description\":\"Desde el t\u00e9rmino del trabajo de la Convenci\u00f3n Constitucional los l\u00edderes y caras visibles de la derecha chilena, tales como Pi\u00f1era y Kast principalmente,\",\"breadcrumb\":{\"@id\":\"https:\/\/www.pressenza.com\/es\/2022\/08\/lobos-chilenos-con-piel-de-oveja-por-el-rechazo\/#breadcrumb\"},\"inLanguage\":\"es\",\"potentialAction\":[{\"@type\":\"ReadAction\",\"target\":[\"https:\/\/www.pressenza.com\/es\/2022\/08\/lobos-chilenos-con-piel-de-oveja-por-el-rechazo\/\"]}]},{\"@type\":\"ImageObject\",\"inLanguage\":\"es\",\"@id\":\"https:\/\/www.pressenza.com\/es\/2022\/08\/lobos-chilenos-con-piel-de-oveja-por-el-rechazo\/#primaryimage\",\"url\":\"https:\/\/www.pressenza.com\/wp-content\/uploads\/2022\/08\/OPINIONES-HUMANISTAS-17-08-2022-doc1.jpg\",\"contentUrl\":\"https:\/\/www.pressenza.com\/wp-content\/uploads\/2022\/08\/OPINIONES-HUMANISTAS-17-08-2022-doc1.jpg\",\"width\":780,\"height\":600,\"caption\":\"Luz Soto\"},{\"@type\":\"BreadcrumbList\",\"@id\":\"https:\/\/www.pressenza.com\/es\/2022\/08\/lobos-chilenos-con-piel-de-oveja-por-el-rechazo\/#breadcrumb\",\"itemListElement\":[{\"@type\":\"ListItem\",\"position\":1,\"name\":\"Accueil\",\"item\":\"https:\/\/www.pressenza.com\/es\/\"},{\"@type\":\"ListItem\",\"position\":2,\"name\":\"Lobos chilenos con piel de oveja por el Rechazo\"}]},{\"@type\":\"WebSite\",\"@id\":\"https:\/\/www.pressenza.com\/es\/#website\",\"url\":\"https:\/\/www.pressenza.com\/es\/\",\"name\":\"Pressenza\",\"description\":\"International Press Agency\",\"publisher\":{\"@id\":\"https:\/\/www.pressenza.com\/es\/#organization\"},\"potentialAction\":[{\"@type\":\"SearchAction\",\"target\":{\"@type\":\"EntryPoint\",\"urlTemplate\":\"https:\/\/www.pressenza.com\/es\/?s={search_term_string}\"},\"query-input\":{\"@type\":\"PropertyValueSpecification\",\"valueRequired\":true,\"valueName\":\"search_term_string\"}}],\"inLanguage\":\"es\"},{\"@type\":\"Organization\",\"@id\":\"https:\/\/www.pressenza.com\/es\/#organization\",\"name\":\"Pressenza\",\"url\":\"https:\/\/www.pressenza.com\/es\/\",\"logo\":{\"@type\":\"ImageObject\",\"inLanguage\":\"es\",\"@id\":\"https:\/\/www.pressenza.com\/es\/#\/schema\/logo\/image\/\",\"url\":\"https:\/\/www.pressenza.com\/wp-content\/uploads\/2022\/10\/pressenza_logo_200x200.jpg\",\"contentUrl\":\"https:\/\/www.pressenza.com\/wp-content\/uploads\/2022\/10\/pressenza_logo_200x200.jpg\",\"width\":200,\"height\":200,\"caption\":\"Pressenza\"},\"image\":{\"@id\":\"https:\/\/www.pressenza.com\/es\/#\/schema\/logo\/image\/\"},\"sameAs\":[\"https:\/\/www.facebook.com\/PressenzaItalia\",\"https:\/\/x.com\/PressenzaIPA\"]},{\"@type\":\"Person\",\"@id\":\"https:\/\/www.pressenza.com\/es\/#\/schema\/person\/21472c42980bab786ff5a256b8239bf5\",\"name\":\"Partido Humanista de Chile\",\"description\":\"www.partidohumanista.cl\",\"sameAs\":[\"https:\/\/www.facebook.com\/PartidoHumanistaChile?fref=ts\",\"https:\/\/x.com\/phumanista\"],\"url\":\"https:\/\/www.pressenza.com\/es\/author\/partido-humanista-de-chile\/\"}]}<\/script>\n<!-- \/ Yoast SEO plugin. -->","yoast_head_json":{"title":"Lobos chilenos con piel de oveja por el Rechazo","description":"Desde el t\u00e9rmino del trabajo de la Convenci\u00f3n Constitucional los l\u00edderes y caras visibles de la derecha chilena, tales como Pi\u00f1era y Kast principalmente,","robots":{"index":"index","follow":"follow","max-snippet":"max-snippet:-1","max-image-preview":"max-image-preview:large","max-video-preview":"max-video-preview:-1"},"canonical":"https:\/\/www.pressenza.com\/es\/2022\/08\/lobos-chilenos-con-piel-de-oveja-por-el-rechazo\/","og_locale":"es_ES","og_type":"article","og_title":"Lobos chilenos con piel de oveja por el Rechazo","og_description":"Desde el t\u00e9rmino del trabajo de la Convenci\u00f3n Constitucional los l\u00edderes y caras visibles de la derecha chilena, tales como Pi\u00f1era y Kast principalmente,","og_url":"https:\/\/www.pressenza.com\/es\/2022\/08\/lobos-chilenos-con-piel-de-oveja-por-el-rechazo\/","og_site_name":"Pressenza","article_publisher":"https:\/\/www.facebook.com\/PressenzaItalia","article_author":"https:\/\/www.facebook.com\/PartidoHumanistaChile?fref=ts","article_published_time":"2022-08-20T23:23:14+00:00","og_image":[{"width":780,"height":600,"url":"https:\/\/www.pressenza.com\/wp-content\/uploads\/2022\/08\/OPINIONES-HUMANISTAS-17-08-2022-doc1.jpg","type":"image\/jpeg"}],"author":"Partido Humanista de Chile","twitter_card":"summary_large_image","twitter_creator":"@phumanista","twitter_site":"@PressenzaIPA","twitter_misc":{"Escrito por":"Partido Humanista de Chile","Tiempo de lectura":"3 minutos"},"schema":{"@context":"https:\/\/schema.org","@graph":[{"@type":"Article","@id":"https:\/\/www.pressenza.com\/es\/2022\/08\/lobos-chilenos-con-piel-de-oveja-por-el-rechazo\/#article","isPartOf":{"@id":"https:\/\/www.pressenza.com\/es\/2022\/08\/lobos-chilenos-con-piel-de-oveja-por-el-rechazo\/"},"author":{"name":"Partido Humanista de Chile","@id":"https:\/\/www.pressenza.com\/es\/#\/schema\/person\/21472c42980bab786ff5a256b8239bf5"},"headline":"Lobos chilenos con piel de oveja por el Rechazo","datePublished":"2022-08-20T23:23:14+00:00","mainEntityOfPage":{"@id":"https:\/\/www.pressenza.com\/es\/2022\/08\/lobos-chilenos-con-piel-de-oveja-por-el-rechazo\/"},"wordCount":634,"publisher":{"@id":"https:\/\/www.pressenza.com\/es\/#organization"},"image":{"@id":"https:\/\/www.pressenza.com\/es\/2022\/08\/lobos-chilenos-con-piel-de-oveja-por-el-rechazo\/#primaryimage"},"thumbnailUrl":"https:\/\/www.pressenza.com\/wp-content\/uploads\/2022\/08\/OPINIONES-HUMANISTAS-17-08-2022-doc1.jpg","keywords":["\u00b7#Apruebo","Chile","derecha","Plebiscito"],"articleSection":["Comunicados de Prensa","Contenido Original","Pol\u00edtica","Sudam\u00e9rica"],"inLanguage":"es"},{"@type":"WebPage","@id":"https:\/\/www.pressenza.com\/es\/2022\/08\/lobos-chilenos-con-piel-de-oveja-por-el-rechazo\/","url":"https:\/\/www.pressenza.com\/es\/2022\/08\/lobos-chilenos-con-piel-de-oveja-por-el-rechazo\/","name":"Lobos chilenos con piel de oveja por el Rechazo","isPartOf":{"@id":"https:\/\/www.pressenza.com\/es\/#website"},"primaryImageOfPage":{"@id":"https:\/\/www.pressenza.com\/es\/2022\/08\/lobos-chilenos-con-piel-de-oveja-por-el-rechazo\/#primaryimage"},"image":{"@id":"https:\/\/www.pressenza.com\/es\/2022\/08\/lobos-chilenos-con-piel-de-oveja-por-el-rechazo\/#primaryimage"},"thumbnailUrl":"https:\/\/www.pressenza.com\/wp-content\/uploads\/2022\/08\/OPINIONES-HUMANISTAS-17-08-2022-doc1.jpg","datePublished":"2022-08-20T23:23:14+00:00","description":"Desde el t\u00e9rmino del trabajo de la Convenci\u00f3n Constitucional los l\u00edderes y caras visibles de la derecha chilena, tales como Pi\u00f1era y Kast principalmente,","breadcrumb":{"@id":"https:\/\/www.pressenza.com\/es\/2022\/08\/lobos-chilenos-con-piel-de-oveja-por-el-rechazo\/#breadcrumb"},"inLanguage":"es","potentialAction":[{"@type":"ReadAction","target":["https:\/\/www.pressenza.com\/es\/2022\/08\/lobos-chilenos-con-piel-de-oveja-por-el-rechazo\/"]}]},{"@type":"ImageObject","inLanguage":"es","@id":"https:\/\/www.pressenza.com\/es\/2022\/08\/lobos-chilenos-con-piel-de-oveja-por-el-rechazo\/#primaryimage","url":"https:\/\/www.pressenza.com\/wp-content\/uploads\/2022\/08\/OPINIONES-HUMANISTAS-17-08-2022-doc1.jpg","contentUrl":"https:\/\/www.pressenza.com\/wp-content\/uploads\/2022\/08\/OPINIONES-HUMANISTAS-17-08-2022-doc1.jpg","width":780,"height":600,"caption":"Luz Soto"},{"@type":"BreadcrumbList","@id":"https:\/\/www.pressenza.com\/es\/2022\/08\/lobos-chilenos-con-piel-de-oveja-por-el-rechazo\/#breadcrumb","itemListElement":[{"@type":"ListItem","position":1,"name":"Accueil","item":"https:\/\/www.pressenza.com\/es\/"},{"@type":"ListItem","position":2,"name":"Lobos chilenos con piel de oveja por el Rechazo"}]},{"@type":"WebSite","@id":"https:\/\/www.pressenza.com\/es\/#website","url":"https:\/\/www.pressenza.com\/es\/","name":"Pressenza","description":"International Press Agency","publisher":{"@id":"https:\/\/www.pressenza.com\/es\/#organization"},"potentialAction":[{"@type":"SearchAction","target":{"@type":"EntryPoint","urlTemplate":"https:\/\/www.pressenza.com\/es\/?s={search_term_string}"},"query-input":{"@type":"PropertyValueSpecification","valueRequired":true,"valueName":"search_term_string"}}],"inLanguage":"es"},{"@type":"Organization","@id":"https:\/\/www.pressenza.com\/es\/#organization","name":"Pressenza","url":"https:\/\/www.pressenza.com\/es\/","logo":{"@type":"ImageObject","inLanguage":"es","@id":"https:\/\/www.pressenza.com\/es\/#\/schema\/logo\/image\/","url":"https:\/\/www.pressenza.com\/wp-content\/uploads\/2022\/10\/pressenza_logo_200x200.jpg","contentUrl":"https:\/\/www.pressenza.com\/wp-content\/uploads\/2022\/10\/pressenza_logo_200x200.jpg","width":200,"height":200,"caption":"Pressenza"},"image":{"@id":"https:\/\/www.pressenza.com\/es\/#\/schema\/logo\/image\/"},"sameAs":["https:\/\/www.facebook.com\/PressenzaItalia","https:\/\/x.com\/PressenzaIPA"]},{"@type":"Person","@id":"https:\/\/www.pressenza.com\/es\/#\/schema\/person\/21472c42980bab786ff5a256b8239bf5","name":"Partido Humanista de Chile","description":"www.partidohumanista.cl","sameAs":["https:\/\/www.facebook.com\/PartidoHumanistaChile?fref=ts","https:\/\/x.com\/phumanista"],"url":"https:\/\/www.pressenza.com\/es\/author\/partido-humanista-de-chile\/"}]}},"place":"Santiago de Chile","original_article_url":"","_links":{"self":[{"href":"https:\/\/www.pressenza.com\/es\/wp-json\/wp\/v2\/posts\/1645233","targetHints":{"allow":["GET"]}}],"collection":[{"href":"https:\/\/www.pressenza.com\/es\/wp-json\/wp\/v2\/posts"}],"about":[{"href":"https:\/\/www.pressenza.com\/es\/wp-json\/wp\/v2\/types\/post"}],"author":[{"embeddable":true,"href":"https:\/\/www.pressenza.com\/es\/wp-json\/wp\/v2\/users\/386"}],"replies":[{"embeddable":true,"href":"https:\/\/www.pressenza.com\/es\/wp-json\/wp\/v2\/comments?post=1645233"}],"version-history":[{"count":0,"href":"https:\/\/www.pressenza.com\/es\/wp-json\/wp\/v2\/posts\/1645233\/revisions"}],"wp:featuredmedia":[{"embeddable":true,"href":"https:\/\/www.pressenza.com\/es\/wp-json\/wp\/v2\/media\/1645234"}],"wp:attachment":[{"href":"https:\/\/www.pressenza.com\/es\/wp-json\/wp\/v2\/media?parent=1645233"}],"wp:term":[{"taxonomy":"category","embeddable":true,"href":"https:\/\/www.pressenza.com\/es\/wp-json\/wp\/v2\/categories?post=1645233"},{"taxonomy":"post_tag","embeddable":true,"href":"https:\/\/www.pressenza.com\/es\/wp-json\/wp\/v2\/tags?post=1645233"}],"curies":[{"name":"wp","href":"https:\/\/api.w.org\/{rel}","templated":true}]}}