{"id":1644704,"date":"2022-08-20T03:26:26","date_gmt":"2022-08-20T02:26:26","guid":{"rendered":"https:\/\/www.pressenza.com\/?p=1644704"},"modified":"2022-08-20T03:26:26","modified_gmt":"2022-08-20T02:26:26","slug":"contra-la-publicidad-denigrante-de-la-imagen-de-la-mujer-peruana","status":"publish","type":"post","link":"https:\/\/www.pressenza.com\/es\/2022\/08\/contra-la-publicidad-denigrante-de-la-imagen-de-la-mujer-peruana\/","title":{"rendered":"Contra la publicidad denigrante de la imagen de la mujer peruana"},"content":{"rendered":"<p style=\"font-weight: 400;\">En un art\u00edculo anterior, comentaba que el uso deficiente de la imagen de la mujer en la publicidad peruana es un campo que todav\u00eda no se ha estudiado lo suficientemente bien en el Per\u00fa, aunque hay enfoques de las ciencias de la comunicaci\u00f3n, las ciencias jur\u00eddicas y la deontolog\u00eda de la informaci\u00f3n, interesa tambi\u00e9n ahondar el an\u00e1lisis, desde el campo de la sociolog\u00eda.<\/p>\n<p style=\"font-weight: 400;\">Me parece importante \u2013desde el punto de vista de la \u00e9tica y el derecho\u2013\u00a0citar a Marisol Fern\u00e1ndez Revoredo\u00a0(2018), autora de \u201c<a href=\"https:\/\/tinyurl.com\/52z5chs6\">La imagen de la mujer en la publicidad comercial: Dignidad vs. Libertad de expresi\u00f3n comercial<\/a>\u201d (Pontificia Universidad Cat\u00f3lica del Per\u00fa).\u00a0Adem\u00e1s es muy esclarecedor el enfoque de la Dra. Genara Castillo (2009) en \u201c<a href=\"https:\/\/tinyurl.com\/2sxv3m4c\">Estudio sobre la imagen de la mujer peruana en la publicidad gr\u00e1fica del suplemento sabatino Somos<\/a>\u201d, publicado en la Revista de Comunicaci\u00f3n de la Universidad de Piura.<\/p>\n<p style=\"font-weight: 400;\">De acuerdo al estudio de la Dra. Fern\u00e1ndez Revoredo, durante el per\u00edodo comprendido entre los a\u00f1os 1994 y 1999 la ONG Estudio para la Defensa de los Derechos de la Mujer &#8211; DEMUS \u201cinterpuso ante el Instituto Nacional de Defensa de la Competencia y de la Propiedad Intelectual -en adelante Indecopi- un conjunto de denuncias contra diversas agencias de publicidad por supuestas infracciones al art\u00edculo 3\u00ba del Decreto Legislativo 691\u201d.<\/p>\n<p style=\"font-weight: 400;\">\u201cEn todas sus denuncias la accionante cuestion\u00f3 la utilizaci\u00f3n de la imagen de la mujer en anuncios publicitarios por supuesta vulneraci\u00f3n a la dignidad de la mujer y del mandato de no discriminaci\u00f3n por raz\u00f3n de sexo-g\u00e9nero. Este \u00faltimo fue, en todas las denuncias, el argumento m\u00e1s esgrimido. La respuesta de INDECOPI fue siempre la misma: las declar\u00f3 infundadas, utilizando en todas ellas pr\u00e1cticamente los mismos considerandos\u201d.<\/p>\n<p style=\"font-weight: 400;\">En este art\u00edculo de divulgaci\u00f3n citar\u00e9 \u201cin extenso\u201d a Marisol Fern\u00e1ndez Revoredo, profesora del Departamento Acad\u00e9mico de Derecho de la Pontificia Universidad Cat\u00f3lica del Per\u00fa, anota lo siguiente: \u201cLa utilizaci\u00f3n de la imagen de la mujer en la publicidad no es negativa en s\u00ed misma, sin embargo, resulta problem\u00e1tica en relaci\u00f3n con nuestro contexto social y cultural. Nos estamos refiriendo a que, pese a los avances normativos que se han dado para mejorar la condici\u00f3n de las mujeres como sujetos de derecho, conservamos patrones tradicionales que permiten que la discriminaci\u00f3n contra aquellas se perpet\u00fae. Graves problemas actuales como la violencia familiar y sexual o discriminaci\u00f3n en el \u00e1mbito p\u00fablico, son una muestra de ello\u201d.<\/p>\n<p style=\"font-weight: 400;\">De acuerdo a lo se\u00f1alado por esta investigadora, para ahondar en el uso de la imagen de la mujer en la publicidad, es necesario abordar el concepto de g\u00e9nero. \u201cPara encontrar una explicaci\u00f3n a esta realidad es imprescindible abordar el concepto de g\u00e9nero. Las culturas, en base a las diferencias f\u00edsicas entre varones y mujeres y tomando como eje central la capacidad reproductiva de aquellas, han elaborado un conjunto de mandatos y han creado expectativas de comportamientos diferenciadas para cada sexo. As\u00ed, ser var\u00f3n o ser mujer, no s\u00f3lo responde a caracter\u00edsticas f\u00edsicas y biol\u00f3gicas (sexo), sino tambi\u00e9n a las construcciones de identidades masculinas y femeninas (g\u00e9nero), que se aprenden a trav\u00e9s de un proceso de socializaci\u00f3n en el que intervienen diferentes agentes\u201d.<\/p>\n<p style=\"font-weight: 400;\">As\u00ed, las condiciones de discriminaci\u00f3n en las que viven las mujeres no son sino el resultado de esas construcciones sociales y culturales. Para efectos del tema que nos concierne es de particular importancia tomar en cuenta c\u00f3mo es que las personas aprenden a desempe\u00f1ar el rol de g\u00e9nero que se les ha asignado en base a su sexo, as\u00ed como qu\u00e9 y qui\u00e9nes intervienen en este proceso de aprendizaje. Diversos autores han abordado esta tem\u00e1tica, pero lo dicho por el soci\u00f3logo ingl\u00e9s Anthony Giddens nos parece bastante esclarecedor: \u201cLos aspectos de aprendizaje temprano del g\u00e9nero de los ni\u00f1os son casi con toda seguridad inconscientes. Preceden a la fase en la que los ni\u00f1os son capaces de etiquetarse a s\u00ed mismos como \u00abni\u00f1o\u00bb o \u00abni\u00f1a\u00bb. Una serie de claves preverbales constituyen el desarrollo inicial de la conciencia de g\u00e9nero. Los adultos varones y hembras suelen tratar a los ni\u00f1os de distinto modo: los cosm\u00e9ticos que usan las mujeres contienen esencias distintas de las que los ni\u00f1os aprenden a asociar con los varones. La diferencia sistem\u00e1tica en el vestir, el corte de pelo, etc., proporcionan claves visuales al ni\u00f1o en fase de crecimiento. En este aprendizaje juegan un papel central los juguetes, los libros con ilustraciones y la televisi\u00f3n, pues todos estos tienden a destacar la diferencia de atributos masculinos y femeninos. Ahora bien, este aprendizaje del g\u00e9nero no s\u00f3lo se da durante la infancia sino que se va reforzando en diferentes etapas del ciclo de vida de las personas\u201d.<\/p>\n<p style=\"font-weight: 400;\">Es importante resaltar, c\u00f3mo los medios de comunicaci\u00f3n, env\u00edan mensajes que producen y refuerzan los mandatos de g\u00e9nero. En particular, autoras como Norma Fuller (\u201cLos dilemas de la feminidad\u201d) y Ruiz Bravo sostienen que los mensajes que se transmiten a trav\u00e9s de la televisi\u00f3n constituyen fuentes de construcci\u00f3n de identidades de g\u00e9nero, que est\u00e1n en los cimientos del problema de la discriminaci\u00f3n y segregaci\u00f3n hacia las mujeres. La publicidad, obviamente no escapa a ello y es en este sentido que algunos estudios han resaltado \u201cla fuerza simb\u00f3lica de la publicidad\u201d.<\/p>\n<p style=\"font-weight: 400;\">Analizando las denuncias planteadas por Demus y las resoluciones dictadas por el Indecopi, Fern\u00e1ndez considera que \u201cla denunciante argument\u00f3 que el contenido de los anuncios materia de los procesos administrativos ten\u00edan un impacto en la configuraci\u00f3n de las construcciones de g\u00e9nero sin embargo, la autoridad administrativa no le prest\u00f3 importancia, habi\u00e9ndole parecido m\u00e1s relevante la libertad de los anunciantes y el funcionamiento del libre mercado sin injerencia de parte del Estado en la problem\u00e1tica en cuesti\u00f3n\u201d.<\/p>\n<p style=\"font-weight: 400;\">En ese sentido, Fern\u00e1ndez mostr\u00f3 una posici\u00f3n cr\u00edtica frente a la resoluci\u00f3n de Indecopi. El Indecopi en una de sus resoluciones, a prop\u00f3sito de la denuncia contra un anuncio de cerveza, sostiene lo siguiente: \u201c\u2018Si bien el anuncio materia de denuncia muestra claramente la identidad mujer-cerveza, la Sala considera que ello no equivale a afirmar que genere en los consumidores est\u00edmulos para discriminar al g\u00e9nero femenino siguiendo un patr\u00f3n machista determinado, o considerarla como un objeto sexual y servil, ni como un bien de consumo f\u00e1cilmente intercambiable\u2019. En otras palabras, para quienes conformaron el Tribunal del Indecopi en el per\u00edodo indicado al inicio de este art\u00edculo, equiparar a la mujer con una cerveza, no afecta a \u00e9stas\u201d. Ella se\u00f1ala que \u201cIndecopi no resolvi\u00f3 tomando en cuenta la dignidad de la persona bajo las premisas te\u00f3ricas de este principio y no adopt\u00f3 la perspectiva de la v\u00edctima\u201d.<\/p>\n<p style=\"font-weight: 400;\">En este panorama donde parecen contraponerse la \u201clibertad de expresi\u00f3n\u201d frente al derecho al honor, coincido con Fern\u00e1ndez Revoredo en que es importante defender la dignidad de la persona humana: \u201cLa libertad de expresi\u00f3n, constituye un tema bastante sensible y muchas veces, el Estado se abstiene de intervenir en determinadas circunstancias, para cuidarse de acusaciones de censura o de la violaci\u00f3n de esta libertad, pues ella resulta ser el term\u00f3metro para medir el nivel de libertad y tolerancia existentes en un determinado r\u00e9gimen pol\u00edtico. Esta falta de intervenci\u00f3n tiene como resultado, muchas veces, la desprotecci\u00f3n de derechos fundamentales que han entrado en colisi\u00f3n con la libertad de expresi\u00f3n\u201d.<\/p>\n","protected":false},"excerpt":{"rendered":"<p>En un art\u00edculo anterior, comentaba que el uso deficiente de la imagen de la mujer en la publicidad peruana es un campo que todav\u00eda no se ha estudiado lo suficientemente bien en el Per\u00fa, aunque hay enfoques de las ciencias&hellip;<\/p>\n","protected":false},"author":1991,"featured_media":535335,"comment_status":"closed","ping_status":"closed","sticky":false,"template":"","format":"standard","meta":{"footnotes":""},"categories":[75,54515,161,67],"tags":[1092,4332,27815,16200],"class_list":["post-1644704","post","type-post","status-publish","format-standard","has-post-thumbnail","hentry","category-cultura-es","category-genero-y-feminismos","category-opiniones","category-sudamerica","tag-discriminacion","tag-feminismo","tag-mujer","tag-publicidad"],"yoast_head":"<!-- This site is optimized with the Yoast SEO plugin v27.1.1 - https:\/\/yoast.com\/product\/yoast-seo-wordpress\/ -->\n<title>Contra la publicidad denigrante de la imagen de la mujer peruana<\/title>\n<meta name=\"description\" content=\"En un art\u00edculo anterior, comentaba que el uso deficiente de la imagen de la mujer en la publicidad peruana es un campo que todav\u00eda no se ha estudiado lo\" \/>\n<meta name=\"robots\" content=\"index, follow, max-snippet:-1, max-image-preview:large, max-video-preview:-1\" \/>\n<link rel=\"canonical\" href=\"https:\/\/www.pressenza.com\/es\/2022\/08\/contra-la-publicidad-denigrante-de-la-imagen-de-la-mujer-peruana\/\" \/>\n<meta property=\"og:locale\" content=\"es_ES\" \/>\n<meta property=\"og:type\" content=\"article\" \/>\n<meta property=\"og:title\" content=\"Contra la publicidad denigrante de la imagen de la mujer peruana\" \/>\n<meta property=\"og:description\" content=\"En un art\u00edculo anterior, comentaba que el uso deficiente de la imagen de la mujer en la publicidad peruana es un campo que todav\u00eda no se ha estudiado lo\" \/>\n<meta property=\"og:url\" content=\"https:\/\/www.pressenza.com\/es\/2022\/08\/contra-la-publicidad-denigrante-de-la-imagen-de-la-mujer-peruana\/\" \/>\n<meta property=\"og:site_name\" content=\"Pressenza\" \/>\n<meta property=\"article:publisher\" content=\"https:\/\/www.facebook.com\/PressenzaItalia\" \/>\n<meta property=\"article:published_time\" content=\"2022-08-20T02:26:26+00:00\" \/>\n<meta property=\"og:image\" content=\"https:\/\/www.pressenza.com\/wp-content\/uploads\/2017\/10\/feminismo.jpg\" \/>\n\t<meta property=\"og:image:width\" content=\"960\" \/>\n\t<meta property=\"og:image:height\" content=\"640\" \/>\n\t<meta property=\"og:image:type\" content=\"image\/jpeg\" \/>\n<meta name=\"author\" content=\"Ra\u00fal Allain\" \/>\n<meta name=\"twitter:card\" content=\"summary_large_image\" \/>\n<meta name=\"twitter:creator\" content=\"@PressenzaIPA\" \/>\n<meta name=\"twitter:site\" content=\"@PressenzaIPA\" \/>\n<meta name=\"twitter:label1\" content=\"Escrito por\" \/>\n\t<meta name=\"twitter:data1\" content=\"Ra\u00fal Allain\" \/>\n\t<meta name=\"twitter:label2\" content=\"Tiempo de lectura\" \/>\n\t<meta name=\"twitter:data2\" content=\"7 minutos\" \/>\n<script type=\"application\/ld+json\" class=\"yoast-schema-graph\">{\"@context\":\"https:\/\/schema.org\",\"@graph\":[{\"@type\":\"Article\",\"@id\":\"https:\/\/www.pressenza.com\/es\/2022\/08\/contra-la-publicidad-denigrante-de-la-imagen-de-la-mujer-peruana\/#article\",\"isPartOf\":{\"@id\":\"https:\/\/www.pressenza.com\/es\/2022\/08\/contra-la-publicidad-denigrante-de-la-imagen-de-la-mujer-peruana\/\"},\"author\":{\"name\":\"Ra\u00fal Allain\",\"@id\":\"https:\/\/www.pressenza.com\/es\/#\/schema\/person\/dab513a6343f6f708764ec48ab84304e\"},\"headline\":\"Contra la publicidad denigrante de la imagen de la mujer peruana\",\"datePublished\":\"2022-08-20T02:26:26+00:00\",\"mainEntityOfPage\":{\"@id\":\"https:\/\/www.pressenza.com\/es\/2022\/08\/contra-la-publicidad-denigrante-de-la-imagen-de-la-mujer-peruana\/\"},\"wordCount\":1312,\"publisher\":{\"@id\":\"https:\/\/www.pressenza.com\/es\/#organization\"},\"image\":{\"@id\":\"https:\/\/www.pressenza.com\/es\/2022\/08\/contra-la-publicidad-denigrante-de-la-imagen-de-la-mujer-peruana\/#primaryimage\"},\"thumbnailUrl\":\"https:\/\/www.pressenza.com\/wp-content\/uploads\/2017\/10\/feminismo.jpg\",\"keywords\":[\"discriminaci\u00f3n\",\"feminismo\",\"mujer\",\"publicidad\"],\"articleSection\":[\"Cultura y Medios\",\"G\u00e9nero y Feminismos\",\"Opiniones\",\"Sudam\u00e9rica\"],\"inLanguage\":\"es\"},{\"@type\":\"WebPage\",\"@id\":\"https:\/\/www.pressenza.com\/es\/2022\/08\/contra-la-publicidad-denigrante-de-la-imagen-de-la-mujer-peruana\/\",\"url\":\"https:\/\/www.pressenza.com\/es\/2022\/08\/contra-la-publicidad-denigrante-de-la-imagen-de-la-mujer-peruana\/\",\"name\":\"Contra la publicidad denigrante de la imagen de la mujer peruana\",\"isPartOf\":{\"@id\":\"https:\/\/www.pressenza.com\/es\/#website\"},\"primaryImageOfPage\":{\"@id\":\"https:\/\/www.pressenza.com\/es\/2022\/08\/contra-la-publicidad-denigrante-de-la-imagen-de-la-mujer-peruana\/#primaryimage\"},\"image\":{\"@id\":\"https:\/\/www.pressenza.com\/es\/2022\/08\/contra-la-publicidad-denigrante-de-la-imagen-de-la-mujer-peruana\/#primaryimage\"},\"thumbnailUrl\":\"https:\/\/www.pressenza.com\/wp-content\/uploads\/2017\/10\/feminismo.jpg\",\"datePublished\":\"2022-08-20T02:26:26+00:00\",\"description\":\"En un art\u00edculo anterior, comentaba que el uso deficiente de la imagen de la mujer en la publicidad peruana es un campo que todav\u00eda no se ha estudiado lo\",\"breadcrumb\":{\"@id\":\"https:\/\/www.pressenza.com\/es\/2022\/08\/contra-la-publicidad-denigrante-de-la-imagen-de-la-mujer-peruana\/#breadcrumb\"},\"inLanguage\":\"es\",\"potentialAction\":[{\"@type\":\"ReadAction\",\"target\":[\"https:\/\/www.pressenza.com\/es\/2022\/08\/contra-la-publicidad-denigrante-de-la-imagen-de-la-mujer-peruana\/\"]}]},{\"@type\":\"ImageObject\",\"inLanguage\":\"es\",\"@id\":\"https:\/\/www.pressenza.com\/es\/2022\/08\/contra-la-publicidad-denigrante-de-la-imagen-de-la-mujer-peruana\/#primaryimage\",\"url\":\"https:\/\/www.pressenza.com\/wp-content\/uploads\/2017\/10\/feminismo.jpg\",\"contentUrl\":\"https:\/\/www.pressenza.com\/wp-content\/uploads\/2017\/10\/feminismo.jpg\",\"width\":960,\"height\":640},{\"@type\":\"BreadcrumbList\",\"@id\":\"https:\/\/www.pressenza.com\/es\/2022\/08\/contra-la-publicidad-denigrante-de-la-imagen-de-la-mujer-peruana\/#breadcrumb\",\"itemListElement\":[{\"@type\":\"ListItem\",\"position\":1,\"name\":\"Accueil\",\"item\":\"https:\/\/www.pressenza.com\/es\/\"},{\"@type\":\"ListItem\",\"position\":2,\"name\":\"Contra la publicidad denigrante de la imagen de la mujer peruana\"}]},{\"@type\":\"WebSite\",\"@id\":\"https:\/\/www.pressenza.com\/es\/#website\",\"url\":\"https:\/\/www.pressenza.com\/es\/\",\"name\":\"Pressenza\",\"description\":\"International Press Agency\",\"publisher\":{\"@id\":\"https:\/\/www.pressenza.com\/es\/#organization\"},\"potentialAction\":[{\"@type\":\"SearchAction\",\"target\":{\"@type\":\"EntryPoint\",\"urlTemplate\":\"https:\/\/www.pressenza.com\/es\/?s={search_term_string}\"},\"query-input\":{\"@type\":\"PropertyValueSpecification\",\"valueRequired\":true,\"valueName\":\"search_term_string\"}}],\"inLanguage\":\"es\"},{\"@type\":\"Organization\",\"@id\":\"https:\/\/www.pressenza.com\/es\/#organization\",\"name\":\"Pressenza\",\"url\":\"https:\/\/www.pressenza.com\/es\/\",\"logo\":{\"@type\":\"ImageObject\",\"inLanguage\":\"es\",\"@id\":\"https:\/\/www.pressenza.com\/es\/#\/schema\/logo\/image\/\",\"url\":\"https:\/\/www.pressenza.com\/wp-content\/uploads\/2022\/10\/pressenza_logo_200x200.jpg\",\"contentUrl\":\"https:\/\/www.pressenza.com\/wp-content\/uploads\/2022\/10\/pressenza_logo_200x200.jpg\",\"width\":200,\"height\":200,\"caption\":\"Pressenza\"},\"image\":{\"@id\":\"https:\/\/www.pressenza.com\/es\/#\/schema\/logo\/image\/\"},\"sameAs\":[\"https:\/\/www.facebook.com\/PressenzaItalia\",\"https:\/\/x.com\/PressenzaIPA\"]},{\"@type\":\"Person\",\"@id\":\"https:\/\/www.pressenza.com\/es\/#\/schema\/person\/dab513a6343f6f708764ec48ab84304e\",\"name\":\"Ra\u00fal Allain\",\"description\":\"(Lima, 1989) Escritor, poeta, editor y soci\u00f3logo. Estudi\u00f3 en la Universidad Nacional Mayor de San Marcos (UNMSM). Actualmente preside el Instituto Peruano de la Juventud (IPJ) y dirige el sello independiente R\u00edo Negro. En septiembre del 2019 recibi\u00f3 el \\\"Premio mundial el \u00c1guila Internacional a la excelencia sociol\u00f3gica\\\" por parte de la Uni\u00f3n Hispanomundial de Escritores (UHE). Consultor internacional de la Asociaci\u00f3n de V\u00edctimas de Acoso Organizado y Tortura Electr\u00f3nica (VIACTEC).\",\"url\":\"https:\/\/www.pressenza.com\/es\/author\/raul-allain\/\"}]}<\/script>\n<!-- \/ Yoast SEO plugin. -->","yoast_head_json":{"title":"Contra la publicidad denigrante de la imagen de la mujer peruana","description":"En un art\u00edculo anterior, comentaba que el uso deficiente de la imagen de la mujer en la publicidad peruana es un campo que todav\u00eda no se ha estudiado lo","robots":{"index":"index","follow":"follow","max-snippet":"max-snippet:-1","max-image-preview":"max-image-preview:large","max-video-preview":"max-video-preview:-1"},"canonical":"https:\/\/www.pressenza.com\/es\/2022\/08\/contra-la-publicidad-denigrante-de-la-imagen-de-la-mujer-peruana\/","og_locale":"es_ES","og_type":"article","og_title":"Contra la publicidad denigrante de la imagen de la mujer peruana","og_description":"En un art\u00edculo anterior, comentaba que el uso deficiente de la imagen de la mujer en la publicidad peruana es un campo que todav\u00eda no se ha estudiado lo","og_url":"https:\/\/www.pressenza.com\/es\/2022\/08\/contra-la-publicidad-denigrante-de-la-imagen-de-la-mujer-peruana\/","og_site_name":"Pressenza","article_publisher":"https:\/\/www.facebook.com\/PressenzaItalia","article_published_time":"2022-08-20T02:26:26+00:00","og_image":[{"width":960,"height":640,"url":"https:\/\/www.pressenza.com\/wp-content\/uploads\/2017\/10\/feminismo.jpg","type":"image\/jpeg"}],"author":"Ra\u00fal Allain","twitter_card":"summary_large_image","twitter_creator":"@PressenzaIPA","twitter_site":"@PressenzaIPA","twitter_misc":{"Escrito por":"Ra\u00fal Allain","Tiempo de lectura":"7 minutos"},"schema":{"@context":"https:\/\/schema.org","@graph":[{"@type":"Article","@id":"https:\/\/www.pressenza.com\/es\/2022\/08\/contra-la-publicidad-denigrante-de-la-imagen-de-la-mujer-peruana\/#article","isPartOf":{"@id":"https:\/\/www.pressenza.com\/es\/2022\/08\/contra-la-publicidad-denigrante-de-la-imagen-de-la-mujer-peruana\/"},"author":{"name":"Ra\u00fal Allain","@id":"https:\/\/www.pressenza.com\/es\/#\/schema\/person\/dab513a6343f6f708764ec48ab84304e"},"headline":"Contra la publicidad denigrante de la imagen de la mujer peruana","datePublished":"2022-08-20T02:26:26+00:00","mainEntityOfPage":{"@id":"https:\/\/www.pressenza.com\/es\/2022\/08\/contra-la-publicidad-denigrante-de-la-imagen-de-la-mujer-peruana\/"},"wordCount":1312,"publisher":{"@id":"https:\/\/www.pressenza.com\/es\/#organization"},"image":{"@id":"https:\/\/www.pressenza.com\/es\/2022\/08\/contra-la-publicidad-denigrante-de-la-imagen-de-la-mujer-peruana\/#primaryimage"},"thumbnailUrl":"https:\/\/www.pressenza.com\/wp-content\/uploads\/2017\/10\/feminismo.jpg","keywords":["discriminaci\u00f3n","feminismo","mujer","publicidad"],"articleSection":["Cultura y Medios","G\u00e9nero y Feminismos","Opiniones","Sudam\u00e9rica"],"inLanguage":"es"},{"@type":"WebPage","@id":"https:\/\/www.pressenza.com\/es\/2022\/08\/contra-la-publicidad-denigrante-de-la-imagen-de-la-mujer-peruana\/","url":"https:\/\/www.pressenza.com\/es\/2022\/08\/contra-la-publicidad-denigrante-de-la-imagen-de-la-mujer-peruana\/","name":"Contra la publicidad denigrante de la imagen de la mujer peruana","isPartOf":{"@id":"https:\/\/www.pressenza.com\/es\/#website"},"primaryImageOfPage":{"@id":"https:\/\/www.pressenza.com\/es\/2022\/08\/contra-la-publicidad-denigrante-de-la-imagen-de-la-mujer-peruana\/#primaryimage"},"image":{"@id":"https:\/\/www.pressenza.com\/es\/2022\/08\/contra-la-publicidad-denigrante-de-la-imagen-de-la-mujer-peruana\/#primaryimage"},"thumbnailUrl":"https:\/\/www.pressenza.com\/wp-content\/uploads\/2017\/10\/feminismo.jpg","datePublished":"2022-08-20T02:26:26+00:00","description":"En un art\u00edculo anterior, comentaba que el uso deficiente de la imagen de la mujer en la publicidad peruana es un campo que todav\u00eda no se ha estudiado lo","breadcrumb":{"@id":"https:\/\/www.pressenza.com\/es\/2022\/08\/contra-la-publicidad-denigrante-de-la-imagen-de-la-mujer-peruana\/#breadcrumb"},"inLanguage":"es","potentialAction":[{"@type":"ReadAction","target":["https:\/\/www.pressenza.com\/es\/2022\/08\/contra-la-publicidad-denigrante-de-la-imagen-de-la-mujer-peruana\/"]}]},{"@type":"ImageObject","inLanguage":"es","@id":"https:\/\/www.pressenza.com\/es\/2022\/08\/contra-la-publicidad-denigrante-de-la-imagen-de-la-mujer-peruana\/#primaryimage","url":"https:\/\/www.pressenza.com\/wp-content\/uploads\/2017\/10\/feminismo.jpg","contentUrl":"https:\/\/www.pressenza.com\/wp-content\/uploads\/2017\/10\/feminismo.jpg","width":960,"height":640},{"@type":"BreadcrumbList","@id":"https:\/\/www.pressenza.com\/es\/2022\/08\/contra-la-publicidad-denigrante-de-la-imagen-de-la-mujer-peruana\/#breadcrumb","itemListElement":[{"@type":"ListItem","position":1,"name":"Accueil","item":"https:\/\/www.pressenza.com\/es\/"},{"@type":"ListItem","position":2,"name":"Contra la publicidad denigrante de la imagen de la mujer peruana"}]},{"@type":"WebSite","@id":"https:\/\/www.pressenza.com\/es\/#website","url":"https:\/\/www.pressenza.com\/es\/","name":"Pressenza","description":"International Press Agency","publisher":{"@id":"https:\/\/www.pressenza.com\/es\/#organization"},"potentialAction":[{"@type":"SearchAction","target":{"@type":"EntryPoint","urlTemplate":"https:\/\/www.pressenza.com\/es\/?s={search_term_string}"},"query-input":{"@type":"PropertyValueSpecification","valueRequired":true,"valueName":"search_term_string"}}],"inLanguage":"es"},{"@type":"Organization","@id":"https:\/\/www.pressenza.com\/es\/#organization","name":"Pressenza","url":"https:\/\/www.pressenza.com\/es\/","logo":{"@type":"ImageObject","inLanguage":"es","@id":"https:\/\/www.pressenza.com\/es\/#\/schema\/logo\/image\/","url":"https:\/\/www.pressenza.com\/wp-content\/uploads\/2022\/10\/pressenza_logo_200x200.jpg","contentUrl":"https:\/\/www.pressenza.com\/wp-content\/uploads\/2022\/10\/pressenza_logo_200x200.jpg","width":200,"height":200,"caption":"Pressenza"},"image":{"@id":"https:\/\/www.pressenza.com\/es\/#\/schema\/logo\/image\/"},"sameAs":["https:\/\/www.facebook.com\/PressenzaItalia","https:\/\/x.com\/PressenzaIPA"]},{"@type":"Person","@id":"https:\/\/www.pressenza.com\/es\/#\/schema\/person\/dab513a6343f6f708764ec48ab84304e","name":"Ra\u00fal Allain","description":"(Lima, 1989) Escritor, poeta, editor y soci\u00f3logo. Estudi\u00f3 en la Universidad Nacional Mayor de San Marcos (UNMSM). Actualmente preside el Instituto Peruano de la Juventud (IPJ) y dirige el sello independiente R\u00edo Negro. En septiembre del 2019 recibi\u00f3 el \"Premio mundial el \u00c1guila Internacional a la excelencia sociol\u00f3gica\" por parte de la Uni\u00f3n Hispanomundial de Escritores (UHE). Consultor internacional de la Asociaci\u00f3n de V\u00edctimas de Acoso Organizado y Tortura Electr\u00f3nica (VIACTEC).","url":"https:\/\/www.pressenza.com\/es\/author\/raul-allain\/"}]}},"place":"Lima, Per\u00fa","original_article_url":"","_links":{"self":[{"href":"https:\/\/www.pressenza.com\/es\/wp-json\/wp\/v2\/posts\/1644704","targetHints":{"allow":["GET"]}}],"collection":[{"href":"https:\/\/www.pressenza.com\/es\/wp-json\/wp\/v2\/posts"}],"about":[{"href":"https:\/\/www.pressenza.com\/es\/wp-json\/wp\/v2\/types\/post"}],"author":[{"embeddable":true,"href":"https:\/\/www.pressenza.com\/es\/wp-json\/wp\/v2\/users\/1991"}],"replies":[{"embeddable":true,"href":"https:\/\/www.pressenza.com\/es\/wp-json\/wp\/v2\/comments?post=1644704"}],"version-history":[{"count":0,"href":"https:\/\/www.pressenza.com\/es\/wp-json\/wp\/v2\/posts\/1644704\/revisions"}],"wp:featuredmedia":[{"embeddable":true,"href":"https:\/\/www.pressenza.com\/es\/wp-json\/wp\/v2\/media\/535335"}],"wp:attachment":[{"href":"https:\/\/www.pressenza.com\/es\/wp-json\/wp\/v2\/media?parent=1644704"}],"wp:term":[{"taxonomy":"category","embeddable":true,"href":"https:\/\/www.pressenza.com\/es\/wp-json\/wp\/v2\/categories?post=1644704"},{"taxonomy":"post_tag","embeddable":true,"href":"https:\/\/www.pressenza.com\/es\/wp-json\/wp\/v2\/tags?post=1644704"}],"curies":[{"name":"wp","href":"https:\/\/api.w.org\/{rel}","templated":true}]}}