{"id":1643602,"date":"2022-08-17T22:27:19","date_gmt":"2022-08-17T21:27:19","guid":{"rendered":"https:\/\/www.pressenza.com\/?p=1643602"},"modified":"2022-08-17T22:27:19","modified_gmt":"2022-08-17T21:27:19","slug":"apoyo-a-candidata-a-la-presidencia-de-angola","status":"publish","type":"post","link":"https:\/\/www.pressenza.com\/es\/2022\/08\/apoyo-a-candidata-a-la-presidencia-de-angola\/","title":{"rendered":"Apoyo a candidata a la Presidencia de Angola"},"content":{"rendered":"<p>En raz\u00f3n de la pr\u00f3xima elecci\u00f3n presidencial a llevarse a cabo en Angola el pr\u00f3ximo 24 de agosto, la Federaci\u00f3n Internacional de Partidos Humanistas (PHI), da su total apoyo a la candidatura de la doctora Florbela Malaqu\u00edas del Partido Humanista de Angola.<\/p>\n<p><em>Punta de Vacas, Argentina, agosto 15 de 2022<\/em><\/p>\n<p>De: Dra. Liliana Ambrosio \u2013 Secretaria General &#8211; Federaci\u00f3n Internacional de Partidos Humanistas \u2013 PHI<\/p>\n<p>A: Dra. Florbela Malaqu\u00edas \u2013 Candidata a la Presidencia de la Rep\u00fablica de Angola &#8211; Partido Humanista de Angola<\/p>\n<p>Ref.: Elecci\u00f3n Presidencial.<\/p>\n<p><em>Estimada Florbela,<\/em><\/p>\n<p><em>Para los humanistas del mundo y particularmente para el Partido Humanista, la creciente concentraci\u00f3n del capital financiero internacional, ha sido un principal impulsor de la violencia y de la desigualdad en el mundo. Se trata de un sistema global que ha estado bas\u00e1ndose estrictamente en el capital, descartando el valor intr\u00ednseco del ser humano.<\/em><\/p>\n<p><em>Consecuentemente, el Humanismo Universalista propicia la desconcentraci\u00f3n del poder pol\u00edtico y econ\u00f3mico, y se opone a toda forma de violencia (no solamente a la violencia f\u00edsica, sino tambi\u00e9n a la racial, sexual, religiosa y econ\u00f3mica) y a toda forma discriminaci\u00f3n expl\u00edcita o t\u00e1cita.<\/em><\/p>\n<p><em>El continente africano ha padecido hist\u00f3ricamente de una pol\u00edtica divisionista, ejercida desde las potencias econ\u00f3micas. Esto ha favorecido la corrupci\u00f3n y un neo-colonialismo que no ha dejado respirar libremente. Un sistema \u00e1vido de sus gigantescos recursos naturales, donde el ser humano ha sido considerado como un recurso natural m\u00e1s, margin\u00e1ndolo de sus derechos y de sus necesidades m\u00e1s b\u00e1sicas, incluido el medio ambiente.<\/em><\/p>\n<p><em>En esa lucha, el pueblo de Angola ha venido sacudi\u00e9ndose los yugos imperiales con demasiado dolor y con mayor sufrimiento. En suma, con m\u00e1s violencia.<\/em><\/p>\n<p><em>Como humanistas, propiciamos la pol\u00edtica de democratizaci\u00f3n profunda, directa y real, no solamente de los poderes ejecutivos y legislativos, sino tambi\u00e9n del poder judicial y &#8211; sobre todo &#8211; del poder econ\u00f3mico a trav\u00e9s de la cogesti\u00f3n del capital + trabajo y del cooperativismo.<\/em><\/p>\n<p><em>Como Federaci\u00f3n Internacional de Partidos Humanistas deseamos con toda la fuerza, que vuestro mensaje pol\u00edtico humanizador llegue este 24 de agosto al coraz\u00f3n de cada angole\u00f1a y de cada angole\u00f1o, a trav\u00e9s de vuestra valiosa candidatura a la presidencia de la rep\u00fablica. Tambi\u00e9n celebramos que sea la \u00fanica representante del g\u00e9nero femenino a la Presidencia de Angola\u00a0y en oposici\u00f3n al bipartidismo impuesto.<\/em><\/p>\n<p><em>As\u00ed mismo, damos nuestro m\u00e1s cordial saludo y bienvenida a los valerosos y valerosas miembros del Partido Humanista de Angola!<\/em><\/p>\n<p>Dra. Liliana Ambrosio<\/p>\n<p>Secretaria General del Equipo de Coordinaci\u00f3n Internacional &#8211; Partido Humanista Internacional<\/p>\n","protected":false},"excerpt":{"rendered":"<p>En raz\u00f3n de la pr\u00f3xima elecci\u00f3n presidencial a llevarse a cabo en Angola el pr\u00f3ximo 24 de agosto, la Federaci\u00f3n Internacional de Partidos Humanistas (PHI), da su total apoyo a la candidatura de la doctora Florbela Malaqu\u00edas del Partido Humanista&hellip;<\/p>\n","protected":false},"author":624,"featured_media":1643603,"comment_status":"closed","ping_status":"closed","sticky":false,"template":"","format":"standard","meta":{"footnotes":""},"categories":[64,149,11389,74],"tags":[54099,403],"class_list":["post-1643602","post","type-post","status-publish","format-standard","has-post-thumbnail","hentry","category-africa-es","category-comunicados-de-prensa","category-contenido-original","category-politica-es","tag-angola-es","tag-elecciones"],"yoast_head":"<!-- This site is optimized with the Yoast SEO plugin v27.1.1 - https:\/\/yoast.com\/product\/yoast-seo-wordpress\/ -->\n<title>Apoyo a candidata a la Presidencia de Angola<\/title>\n<meta name=\"description\" content=\"En raz\u00f3n de la pr\u00f3xima elecci\u00f3n presidencial a llevarse a cabo en Angola el pr\u00f3ximo 24 de agosto, la Federaci\u00f3n Internacional de Partidos Humanistas\" \/>\n<meta name=\"robots\" content=\"index, follow, max-snippet:-1, max-image-preview:large, max-video-preview:-1\" \/>\n<link rel=\"canonical\" href=\"https:\/\/www.pressenza.com\/es\/2022\/08\/apoyo-a-candidata-a-la-presidencia-de-angola\/\" \/>\n<meta property=\"og:locale\" content=\"es_ES\" \/>\n<meta property=\"og:type\" content=\"article\" \/>\n<meta property=\"og:title\" content=\"Apoyo a candidata a la Presidencia de Angola\" \/>\n<meta property=\"og:description\" content=\"En raz\u00f3n de la pr\u00f3xima elecci\u00f3n presidencial a llevarse a cabo en Angola el pr\u00f3ximo 24 de agosto, la Federaci\u00f3n Internacional de Partidos Humanistas\" \/>\n<meta property=\"og:url\" content=\"https:\/\/www.pressenza.com\/es\/2022\/08\/apoyo-a-candidata-a-la-presidencia-de-angola\/\" \/>\n<meta property=\"og:site_name\" content=\"Pressenza\" \/>\n<meta property=\"article:publisher\" content=\"https:\/\/www.facebook.com\/PressenzaItalia\" \/>\n<meta property=\"article:published_time\" content=\"2022-08-17T21:27:19+00:00\" \/>\n<meta property=\"og:image\" content=\"https:\/\/www.pressenza.com\/wp-content\/uploads\/2022\/08\/indice-1.jpeg\" \/>\n\t<meta property=\"og:image:width\" content=\"1280\" \/>\n\t<meta property=\"og:image:height\" content=\"853\" \/>\n\t<meta property=\"og:image:type\" content=\"image\/jpeg\" \/>\n<meta name=\"author\" content=\"Partido Humanista Internacional\" \/>\n<meta name=\"twitter:card\" content=\"summary_large_image\" \/>\n<meta name=\"twitter:creator\" content=\"@PressenzaIPA\" \/>\n<meta name=\"twitter:site\" content=\"@PressenzaIPA\" \/>\n<meta name=\"twitter:label1\" content=\"Escrito por\" \/>\n\t<meta name=\"twitter:data1\" content=\"Partido Humanista Internacional\" \/>\n\t<meta name=\"twitter:label2\" content=\"Tiempo de lectura\" \/>\n\t<meta name=\"twitter:data2\" content=\"2 minutos\" \/>\n<script type=\"application\/ld+json\" class=\"yoast-schema-graph\">{\"@context\":\"https:\/\/schema.org\",\"@graph\":[{\"@type\":\"Article\",\"@id\":\"https:\/\/www.pressenza.com\/es\/2022\/08\/apoyo-a-candidata-a-la-presidencia-de-angola\/#article\",\"isPartOf\":{\"@id\":\"https:\/\/www.pressenza.com\/es\/2022\/08\/apoyo-a-candidata-a-la-presidencia-de-angola\/\"},\"author\":{\"name\":\"Partido Humanista Internacional\",\"@id\":\"https:\/\/www.pressenza.com\/es\/#\/schema\/person\/f805ee4d4c0aa27aa176ccec26128d33\"},\"headline\":\"Apoyo a candidata a la Presidencia de Angola\",\"datePublished\":\"2022-08-17T21:27:19+00:00\",\"mainEntityOfPage\":{\"@id\":\"https:\/\/www.pressenza.com\/es\/2022\/08\/apoyo-a-candidata-a-la-presidencia-de-angola\/\"},\"wordCount\":465,\"publisher\":{\"@id\":\"https:\/\/www.pressenza.com\/es\/#organization\"},\"image\":{\"@id\":\"https:\/\/www.pressenza.com\/es\/2022\/08\/apoyo-a-candidata-a-la-presidencia-de-angola\/#primaryimage\"},\"thumbnailUrl\":\"https:\/\/www.pressenza.com\/wp-content\/uploads\/2022\/08\/indice-1.jpeg\",\"keywords\":[\"Angola\",\"elecciones\"],\"articleSection\":[\"Africa\",\"Comunicados de Prensa\",\"Contenido Original\",\"Pol\u00edtica\"],\"inLanguage\":\"es\"},{\"@type\":\"WebPage\",\"@id\":\"https:\/\/www.pressenza.com\/es\/2022\/08\/apoyo-a-candidata-a-la-presidencia-de-angola\/\",\"url\":\"https:\/\/www.pressenza.com\/es\/2022\/08\/apoyo-a-candidata-a-la-presidencia-de-angola\/\",\"name\":\"Apoyo a candidata a la Presidencia de Angola\",\"isPartOf\":{\"@id\":\"https:\/\/www.pressenza.com\/es\/#website\"},\"primaryImageOfPage\":{\"@id\":\"https:\/\/www.pressenza.com\/es\/2022\/08\/apoyo-a-candidata-a-la-presidencia-de-angola\/#primaryimage\"},\"image\":{\"@id\":\"https:\/\/www.pressenza.com\/es\/2022\/08\/apoyo-a-candidata-a-la-presidencia-de-angola\/#primaryimage\"},\"thumbnailUrl\":\"https:\/\/www.pressenza.com\/wp-content\/uploads\/2022\/08\/indice-1.jpeg\",\"datePublished\":\"2022-08-17T21:27:19+00:00\",\"description\":\"En raz\u00f3n de la pr\u00f3xima elecci\u00f3n presidencial a llevarse a cabo en Angola el pr\u00f3ximo 24 de agosto, la Federaci\u00f3n Internacional de Partidos Humanistas\",\"breadcrumb\":{\"@id\":\"https:\/\/www.pressenza.com\/es\/2022\/08\/apoyo-a-candidata-a-la-presidencia-de-angola\/#breadcrumb\"},\"inLanguage\":\"es\",\"potentialAction\":[{\"@type\":\"ReadAction\",\"target\":[\"https:\/\/www.pressenza.com\/es\/2022\/08\/apoyo-a-candidata-a-la-presidencia-de-angola\/\"]}]},{\"@type\":\"ImageObject\",\"inLanguage\":\"es\",\"@id\":\"https:\/\/www.pressenza.com\/es\/2022\/08\/apoyo-a-candidata-a-la-presidencia-de-angola\/#primaryimage\",\"url\":\"https:\/\/www.pressenza.com\/wp-content\/uploads\/2022\/08\/indice-1.jpeg\",\"contentUrl\":\"https:\/\/www.pressenza.com\/wp-content\/uploads\/2022\/08\/indice-1.jpeg\",\"width\":1280,\"height\":853,\"caption\":\"Florbela Malaqu\u00edas\"},{\"@type\":\"BreadcrumbList\",\"@id\":\"https:\/\/www.pressenza.com\/es\/2022\/08\/apoyo-a-candidata-a-la-presidencia-de-angola\/#breadcrumb\",\"itemListElement\":[{\"@type\":\"ListItem\",\"position\":1,\"name\":\"Accueil\",\"item\":\"https:\/\/www.pressenza.com\/es\/\"},{\"@type\":\"ListItem\",\"position\":2,\"name\":\"Apoyo a candidata a la Presidencia de Angola\"}]},{\"@type\":\"WebSite\",\"@id\":\"https:\/\/www.pressenza.com\/es\/#website\",\"url\":\"https:\/\/www.pressenza.com\/es\/\",\"name\":\"Pressenza\",\"description\":\"International Press Agency\",\"publisher\":{\"@id\":\"https:\/\/www.pressenza.com\/es\/#organization\"},\"potentialAction\":[{\"@type\":\"SearchAction\",\"target\":{\"@type\":\"EntryPoint\",\"urlTemplate\":\"https:\/\/www.pressenza.com\/es\/?s={search_term_string}\"},\"query-input\":{\"@type\":\"PropertyValueSpecification\",\"valueRequired\":true,\"valueName\":\"search_term_string\"}}],\"inLanguage\":\"es\"},{\"@type\":\"Organization\",\"@id\":\"https:\/\/www.pressenza.com\/es\/#organization\",\"name\":\"Pressenza\",\"url\":\"https:\/\/www.pressenza.com\/es\/\",\"logo\":{\"@type\":\"ImageObject\",\"inLanguage\":\"es\",\"@id\":\"https:\/\/www.pressenza.com\/es\/#\/schema\/logo\/image\/\",\"url\":\"https:\/\/www.pressenza.com\/wp-content\/uploads\/2022\/10\/pressenza_logo_200x200.jpg\",\"contentUrl\":\"https:\/\/www.pressenza.com\/wp-content\/uploads\/2022\/10\/pressenza_logo_200x200.jpg\",\"width\":200,\"height\":200,\"caption\":\"Pressenza\"},\"image\":{\"@id\":\"https:\/\/www.pressenza.com\/es\/#\/schema\/logo\/image\/\"},\"sameAs\":[\"https:\/\/www.facebook.com\/PressenzaItalia\",\"https:\/\/x.com\/PressenzaIPA\"]},{\"@type\":\"Person\",\"@id\":\"https:\/\/www.pressenza.com\/es\/#\/schema\/person\/f805ee4d4c0aa27aa176ccec26128d33\",\"name\":\"Partido Humanista Internacional\",\"description\":\"www.internationalhumanistparty.org\",\"url\":\"https:\/\/www.pressenza.com\/es\/author\/partido-humanista-internacional\/\"}]}<\/script>\n<!-- \/ Yoast SEO plugin. -->","yoast_head_json":{"title":"Apoyo a candidata a la Presidencia de Angola","description":"En raz\u00f3n de la pr\u00f3xima elecci\u00f3n presidencial a llevarse a cabo en Angola el pr\u00f3ximo 24 de agosto, la Federaci\u00f3n Internacional de Partidos Humanistas","robots":{"index":"index","follow":"follow","max-snippet":"max-snippet:-1","max-image-preview":"max-image-preview:large","max-video-preview":"max-video-preview:-1"},"canonical":"https:\/\/www.pressenza.com\/es\/2022\/08\/apoyo-a-candidata-a-la-presidencia-de-angola\/","og_locale":"es_ES","og_type":"article","og_title":"Apoyo a candidata a la Presidencia de Angola","og_description":"En raz\u00f3n de la pr\u00f3xima elecci\u00f3n presidencial a llevarse a cabo en Angola el pr\u00f3ximo 24 de agosto, la Federaci\u00f3n Internacional de Partidos Humanistas","og_url":"https:\/\/www.pressenza.com\/es\/2022\/08\/apoyo-a-candidata-a-la-presidencia-de-angola\/","og_site_name":"Pressenza","article_publisher":"https:\/\/www.facebook.com\/PressenzaItalia","article_published_time":"2022-08-17T21:27:19+00:00","og_image":[{"width":1280,"height":853,"url":"https:\/\/www.pressenza.com\/wp-content\/uploads\/2022\/08\/indice-1.jpeg","type":"image\/jpeg"}],"author":"Partido Humanista Internacional","twitter_card":"summary_large_image","twitter_creator":"@PressenzaIPA","twitter_site":"@PressenzaIPA","twitter_misc":{"Escrito por":"Partido Humanista Internacional","Tiempo de lectura":"2 minutos"},"schema":{"@context":"https:\/\/schema.org","@graph":[{"@type":"Article","@id":"https:\/\/www.pressenza.com\/es\/2022\/08\/apoyo-a-candidata-a-la-presidencia-de-angola\/#article","isPartOf":{"@id":"https:\/\/www.pressenza.com\/es\/2022\/08\/apoyo-a-candidata-a-la-presidencia-de-angola\/"},"author":{"name":"Partido Humanista Internacional","@id":"https:\/\/www.pressenza.com\/es\/#\/schema\/person\/f805ee4d4c0aa27aa176ccec26128d33"},"headline":"Apoyo a candidata a la Presidencia de Angola","datePublished":"2022-08-17T21:27:19+00:00","mainEntityOfPage":{"@id":"https:\/\/www.pressenza.com\/es\/2022\/08\/apoyo-a-candidata-a-la-presidencia-de-angola\/"},"wordCount":465,"publisher":{"@id":"https:\/\/www.pressenza.com\/es\/#organization"},"image":{"@id":"https:\/\/www.pressenza.com\/es\/2022\/08\/apoyo-a-candidata-a-la-presidencia-de-angola\/#primaryimage"},"thumbnailUrl":"https:\/\/www.pressenza.com\/wp-content\/uploads\/2022\/08\/indice-1.jpeg","keywords":["Angola","elecciones"],"articleSection":["Africa","Comunicados de Prensa","Contenido Original","Pol\u00edtica"],"inLanguage":"es"},{"@type":"WebPage","@id":"https:\/\/www.pressenza.com\/es\/2022\/08\/apoyo-a-candidata-a-la-presidencia-de-angola\/","url":"https:\/\/www.pressenza.com\/es\/2022\/08\/apoyo-a-candidata-a-la-presidencia-de-angola\/","name":"Apoyo a candidata a la Presidencia de Angola","isPartOf":{"@id":"https:\/\/www.pressenza.com\/es\/#website"},"primaryImageOfPage":{"@id":"https:\/\/www.pressenza.com\/es\/2022\/08\/apoyo-a-candidata-a-la-presidencia-de-angola\/#primaryimage"},"image":{"@id":"https:\/\/www.pressenza.com\/es\/2022\/08\/apoyo-a-candidata-a-la-presidencia-de-angola\/#primaryimage"},"thumbnailUrl":"https:\/\/www.pressenza.com\/wp-content\/uploads\/2022\/08\/indice-1.jpeg","datePublished":"2022-08-17T21:27:19+00:00","description":"En raz\u00f3n de la pr\u00f3xima elecci\u00f3n presidencial a llevarse a cabo en Angola el pr\u00f3ximo 24 de agosto, la Federaci\u00f3n Internacional de Partidos Humanistas","breadcrumb":{"@id":"https:\/\/www.pressenza.com\/es\/2022\/08\/apoyo-a-candidata-a-la-presidencia-de-angola\/#breadcrumb"},"inLanguage":"es","potentialAction":[{"@type":"ReadAction","target":["https:\/\/www.pressenza.com\/es\/2022\/08\/apoyo-a-candidata-a-la-presidencia-de-angola\/"]}]},{"@type":"ImageObject","inLanguage":"es","@id":"https:\/\/www.pressenza.com\/es\/2022\/08\/apoyo-a-candidata-a-la-presidencia-de-angola\/#primaryimage","url":"https:\/\/www.pressenza.com\/wp-content\/uploads\/2022\/08\/indice-1.jpeg","contentUrl":"https:\/\/www.pressenza.com\/wp-content\/uploads\/2022\/08\/indice-1.jpeg","width":1280,"height":853,"caption":"Florbela Malaqu\u00edas"},{"@type":"BreadcrumbList","@id":"https:\/\/www.pressenza.com\/es\/2022\/08\/apoyo-a-candidata-a-la-presidencia-de-angola\/#breadcrumb","itemListElement":[{"@type":"ListItem","position":1,"name":"Accueil","item":"https:\/\/www.pressenza.com\/es\/"},{"@type":"ListItem","position":2,"name":"Apoyo a candidata a la Presidencia de Angola"}]},{"@type":"WebSite","@id":"https:\/\/www.pressenza.com\/es\/#website","url":"https:\/\/www.pressenza.com\/es\/","name":"Pressenza","description":"International Press Agency","publisher":{"@id":"https:\/\/www.pressenza.com\/es\/#organization"},"potentialAction":[{"@type":"SearchAction","target":{"@type":"EntryPoint","urlTemplate":"https:\/\/www.pressenza.com\/es\/?s={search_term_string}"},"query-input":{"@type":"PropertyValueSpecification","valueRequired":true,"valueName":"search_term_string"}}],"inLanguage":"es"},{"@type":"Organization","@id":"https:\/\/www.pressenza.com\/es\/#organization","name":"Pressenza","url":"https:\/\/www.pressenza.com\/es\/","logo":{"@type":"ImageObject","inLanguage":"es","@id":"https:\/\/www.pressenza.com\/es\/#\/schema\/logo\/image\/","url":"https:\/\/www.pressenza.com\/wp-content\/uploads\/2022\/10\/pressenza_logo_200x200.jpg","contentUrl":"https:\/\/www.pressenza.com\/wp-content\/uploads\/2022\/10\/pressenza_logo_200x200.jpg","width":200,"height":200,"caption":"Pressenza"},"image":{"@id":"https:\/\/www.pressenza.com\/es\/#\/schema\/logo\/image\/"},"sameAs":["https:\/\/www.facebook.com\/PressenzaItalia","https:\/\/x.com\/PressenzaIPA"]},{"@type":"Person","@id":"https:\/\/www.pressenza.com\/es\/#\/schema\/person\/f805ee4d4c0aa27aa176ccec26128d33","name":"Partido Humanista Internacional","description":"www.internationalhumanistparty.org","url":"https:\/\/www.pressenza.com\/es\/author\/partido-humanista-internacional\/"}]}},"place":"Punta de Vacas, Argentina","original_article_url":"","_links":{"self":[{"href":"https:\/\/www.pressenza.com\/es\/wp-json\/wp\/v2\/posts\/1643602","targetHints":{"allow":["GET"]}}],"collection":[{"href":"https:\/\/www.pressenza.com\/es\/wp-json\/wp\/v2\/posts"}],"about":[{"href":"https:\/\/www.pressenza.com\/es\/wp-json\/wp\/v2\/types\/post"}],"author":[{"embeddable":true,"href":"https:\/\/www.pressenza.com\/es\/wp-json\/wp\/v2\/users\/624"}],"replies":[{"embeddable":true,"href":"https:\/\/www.pressenza.com\/es\/wp-json\/wp\/v2\/comments?post=1643602"}],"version-history":[{"count":0,"href":"https:\/\/www.pressenza.com\/es\/wp-json\/wp\/v2\/posts\/1643602\/revisions"}],"wp:featuredmedia":[{"embeddable":true,"href":"https:\/\/www.pressenza.com\/es\/wp-json\/wp\/v2\/media\/1643603"}],"wp:attachment":[{"href":"https:\/\/www.pressenza.com\/es\/wp-json\/wp\/v2\/media?parent=1643602"}],"wp:term":[{"taxonomy":"category","embeddable":true,"href":"https:\/\/www.pressenza.com\/es\/wp-json\/wp\/v2\/categories?post=1643602"},{"taxonomy":"post_tag","embeddable":true,"href":"https:\/\/www.pressenza.com\/es\/wp-json\/wp\/v2\/tags?post=1643602"}],"curies":[{"name":"wp","href":"https:\/\/api.w.org\/{rel}","templated":true}]}}