{"id":1643468,"date":"2022-08-17T17:19:01","date_gmt":"2022-08-17T16:19:01","guid":{"rendered":"https:\/\/www.pressenza.com\/?p=1643468"},"modified":"2022-08-17T19:36:54","modified_gmt":"2022-08-17T18:36:54","slug":"nosotros-tambien-somos-bahais","status":"publish","type":"post","link":"https:\/\/www.pressenza.com\/es\/2022\/08\/nosotros-tambien-somos-bahais\/","title":{"rendered":"\u00abNosotros tambi\u00e9n somos bah\u00e1&#8217;is\u00bb"},"content":{"rendered":"<p style=\"padding-left: 40px;\">Desde hace semanas se multiplican en las redes sociales mensajes que denuncian la represi\u00f3n y vulneraci\u00f3n de los derechos humanos en Ir\u00e1n. Periodistas, profesores, cineastas, activistas, etc. vienen sufriendo persecuci\u00f3n y arrestos, ven sus casas demolidas\u2026 o, sencillamente, desaparecen. Entre ellos se encuentran miembros de la comunidad Bah\u00e1\u2019\u00ed.<\/p>\n<p style=\"padding-left: 40px;\">El domingo 31 de julio, en diversas ciudades del pa\u00eds, 52 hogares y negocios fueron allanados, requisados, y sus objetos confiscados. 13 nuevas personas fueron detenidas, entre ellas tres de los antiguos miembros del consejo directivo de la comunidad bah\u00e1\u2019\u00ed iran\u00ed, que ya hab\u00edan sido juzgados y luego encarcelados durante diez a\u00f1os. Ellos son Fariba Kamalabadi, Afif Naemi y la poetisa Mahvash S\u00e1bet.<\/p>\n<p style=\"padding-left: 40px;\">Hablamos de todo esto con dos valientes mujeres bah\u00e1\u2019i residentes en Espa\u00f1a: Clarisa Nieva, directora de la Oficina de Asuntos P\u00fablicos de su comunidad en el pa\u00eds y Ryma Sheermohammad, traductora del libro <em>Poemas Enjaulados<\/em>, de Mahvash S\u00e1bet.<\/p>\n<p style=\"padding-left: 40px;\">Sigue una breve s\u00edntesis de lo que expresaron en la entrevista, que puede verse \u00edntegramente en el video que acompa\u00f1a esta nota.<\/p>\n<h3>De qu\u00e9 se acusa a los bah\u00e1\u2019\u00eds<\/h3>\n<p>La primera acusaci\u00f3n es la de ser esp\u00edas al servicio de Israel. El cargo \u201cse apoya\u201d en que la sede administrativa mundial de la Comunidad se radica en Haifa. Sin embargo esto ocurre desde mucho antes de formarse el estado de Israel y como resultado de que Bah\u00e1&#8217;u&#8217;ll\u00e1h, fundador de la fe bah\u00e1\u2019\u00ed, fue desterrado por la dinast\u00eda iran\u00ed en 1863. Para alejarlo todo lo posible del \u00e1mbito de influencia de Ir\u00e1n, se lo envi\u00f3 a la ciudad prisi\u00f3n de Akka \u2013ahora San Juan de Acre\u2013, hoy dentro del estado israel\u00ed. Obviamente, este argumento no tiene cabida ni sost\u00e9n.<\/p>\n<p>Tambi\u00e9n se nos acusa de ser una \u201csecta hereje\u201d, cuando la fe bah\u00e1\u2019\u00ed es una religi\u00f3n independiente, tiene su propio libro, sus ense\u00f1anzas, sus principios.<\/p>\n<blockquote><p>Sin embargo, y porque la constituci\u00f3n iran\u00ed garantiza la libertad de creencias, lo m\u00e1s preocupante son la acusaci\u00f3n de espionaje y la de supuesta propaganda de la comunidad contra el r\u00e9gimen, <strong>porque bajo estos cargos, las personas acusadas pueden ser condenadas a muerte o a cadena perpetua.<\/strong><\/p><\/blockquote>\n<p>El Ministerio del Interior hizo p\u00fablicas estas acusaciones como justificaci\u00f3n para la nueva detenci\u00f3n de Mahvash y otras personas, como si prepararan el terreno para tomar inclusive medidas como esas. Hoy no sabemos el paradero de algunos detenidos ni sabemos cu\u00e1les son los cargos para cada uno, por eso tememos por sus vidas y pedimos el apoyo internacional.<\/p>\n<h3>El apoyo dentro y fuera de Ir\u00e1n<\/h3>\n<p>Los bah\u00e1\u2019\u00eds trabajamos por el mejoramiento de la sociedad y sus individuos, promoviendo principios como la libertad de oportunidades, la igualdad entre hombre y mujer, la libre investigaci\u00f3n de la verdad, la b\u00fasqueda del conocimiento como forma de superarse\u2026 Son principios que liberan al hombre y la mujer de un pensamiento manipulador, de una direcci\u00f3n que justamente no permite esa libertad de pensamiento y conciencia.<\/p>\n<p>A pesar de todo esto (o tal vez por eso mismo) desde hace mucho tiempo el r\u00e9gimen iran\u00ed se empe\u00f1a en desacreditar a la comunidad bah\u00e1\u2019\u00ed frente al resto de la poblaci\u00f3n, en hacer una propaganda bestial para presentarnos como si fu\u00e9ramos extra\u00f1os y no verdaderos ciudadanos con derechos.<\/p>\n<p>Sin embargo, frente a esta nueva ola de detenciones y abusos, hubo en las redes sociales una \u201ctormenta\u201d de apoyo por parte de iran\u00edes no bah\u00e1\u2019\u00eds, de personas que dicen \u201cnuestros vecinos son bah\u00e1\u2019\u00eds y nunca hemos visto nada ilegal\u201d; gente que entiende que nada justifica que 200 agentes arrasen un pueblo donde viven 6 familias, que tiren con gr\u00faas las casas que llevaron a\u00f1os construyendo\u2026<\/p>\n<p>Tambi\u00e9n es muy importante el apoyo recibido de activistas y de la prensa iran\u00ed que desde fuera del pa\u00eds han recogido y difundido testimonios, videos e im\u00e1genes. Y est\u00e1 el caso de una declaraci\u00f3n firmada por m\u00e1s de 70 activistas, periodistas, premios N\u00f3bel de la paz que dicen \u00abcuando los derechos humanos de estos ciudadanos est\u00e1n en juego, nosotros tambi\u00e9n nos consideramos bah\u00e1&#8217;\u00eds\u00bb.<\/p>\n<p>Medios de comunicaci\u00f3n de todo el mundo han reflejado el tema en sus titulares. Algunos ministros de asuntos exteriores \u2013del Reino Unido y Luxemburgo, por ejemplo\u2013manifestaron su apoyo, como tambi\u00e9n las oficinas de derechos humanos de pa\u00edses de la Uni\u00f3n Europea.<\/p>\n<p>El apoyo internacional tiene mucho valor porque en su propio pa\u00eds los bah\u00e1\u2019\u00eds no pueden hablar ni defenderse.<\/p>\n<p>Por eso mismo, seguramente el gobierno iran\u00ed no esperaba que las personas se atrevieran a manifestarse dentro de Ir\u00e1n, cuando ellas mismas ven sus derechos vulnerados.<\/p>\n<h3>C\u00f3mo ayudar y qu\u00e9 importancia puede tener hacerlo<\/h3>\n<p>El primer paso es compartir esta informaci\u00f3n, que se conozca, difundirla a trav\u00e9s de las redes sociales, compartirla con amigos periodistas, con autoridades de cada lugar, generar simples declaraciones personales o colectivas, compartir un v\u00eddeo dando apoyo y por supuesto denunciando, llegando a plataformas y movimientos que luchan por los derechos humanos.<\/p>\n<p>Todo esto tiene mucha llegada y mucho impacto en la sociedad iran\u00ed. El mismo aparato que fabrica propaganda en contra de los bah\u00e1\u2019\u00eds, est\u00e1 monitoreando todos los apoyos y cada uno de esos apoyos es una muestra de que los bah\u00e1\u2019\u00eds \u2013y en general los derechos humanos en Ir\u00e1n\u2013, est\u00e1n a la vista de toda la comunidad internacional.<\/p>\n<p>El valor de este apoyo queda claro en un testimonio de la propia Mahvash S\u00e1bet . Cuando ella supo que pasar\u00eda 20 a\u00f1os en prisi\u00f3n*, le pregunt\u00f3 al juez que la hab\u00eda condenado: \u201c\u00bfNo hubiera sido mejor matarme?\u201d. \u00c9l le respondi\u00f3 \u201cQuisiera haberlo hecho, pero no encontr\u00e9 las pruebas suficientes\u201d. Ya que eso era lo que \u00e9l quer\u00eda, Mahvash se preguntaba por qu\u00e9 luego le redujeron la pena a \u201cs\u00f3lo\u201d 10 a\u00f1os, por qu\u00e9 salv\u00f3 su vida y recuper\u00f3 su libertad. Concluy\u00f3 que fue as\u00ed gracias al apoyo de miles de personas, de gobiernos y organizaciones internacionales que pidieron por ella y por otros.<\/p>\n<p>Ahora, nuevamente, ella misma y otras personas est\u00e1n en una situaci\u00f3n quiz\u00e1s peor que hace 10 a\u00f1os, y vuelven a necesitar solidaridad y ayuda.<\/p>\n<hr \/>\n<p>*Mahvash S\u00e1bet fue detenida por el gobierno iran\u00ed en 2008. Sentenciada a 20 a\u00f1os de c\u00e1rcel, fue puesta en libertad en 2018.<\/p>\n<p><iframe loading=\"lazy\" title=\"&quot;Nosotros tambi\u00e9n somos bah\u00e1&#039;\u00eds&quot;\" width=\"500\" height=\"281\" src=\"https:\/\/www.youtube.com\/embed\/Mvgrui09azE?feature=oembed\" frameborder=\"0\" allow=\"accelerometer; autoplay; clipboard-write; encrypted-media; gyroscope; picture-in-picture; web-share\" referrerpolicy=\"strict-origin-when-cross-origin\" allowfullscreen><\/iframe><\/p>\n<p><a class=\"yt-simple-endpoint style-scope yt-formatted-string\" dir=\"auto\" spellcheck=\"false\" href=\"https:\/\/www.youtube.com\/hashtag\/humanrights\">#HumanRights<\/a> <a class=\"yt-simple-endpoint style-scope yt-formatted-string\" dir=\"auto\" spellcheck=\"false\" href=\"https:\/\/www.youtube.com\/hashtag\/yotambiensoybah%C3%A1i\">#YoTambienSoyBah\u00e1i<\/a> <a class=\"yt-simple-endpoint style-scope yt-formatted-string\" dir=\"auto\" spellcheck=\"false\" href=\"https:\/\/www.youtube.com\/hashtag\/iran\">#Iran<\/a>\u00a0#TodosSomosBahais<\/p>\n","protected":false},"excerpt":{"rendered":"<p>Desde hace semanas se multiplican en las redes sociales mensajes que denuncian la represi\u00f3n y vulneraci\u00f3n de los derechos humanos en Ir\u00e1n. Periodistas, profesores, cineastas, activistas, etc. vienen sufriendo persecuci\u00f3n y arrestos, ven sus casas demolidas\u2026 o, sencillamente, desaparecen. Entre&hellip;<\/p>\n","protected":false},"author":1187,"featured_media":1643479,"comment_status":"closed","ping_status":"closed","sticky":false,"template":"","format":"standard","meta":{"footnotes":""},"categories":[65,11389,79,155,66,1240,25678],"tags":[104638,30528,441,11562,1697,90081,23651],"class_list":["post-1643468","post","type-post","status-publish","format-standard","has-post-thumbnail","hentry","category-asia-es","category-contenido-original","category-derechos-humanos","category-entrevistas","category-europa-es","category-humanismo-espiritualidad","category-video-es","tag-bahai-es","tag-bahais","tag-derechos-humanos","tag-intolerancia","tag-iran-es","tag-mahvash-sabet","tag-persecusion"],"yoast_head":"<!-- This site is optimized with the Yoast SEO plugin v27.1.1 - https:\/\/yoast.com\/product\/yoast-seo-wordpress\/ -->\n<title>&quot;Nosotros tambi\u00e9n somos bah\u00e1&#039;is&quot;<\/title>\n<meta name=\"description\" content=\"Desde hace semanas se multiplican en las redes sociales mensajes que denuncian la represi\u00f3n y vulneraci\u00f3n de los derechos humanos en Ir\u00e1n. Periodistas,\" \/>\n<meta name=\"robots\" content=\"index, follow, max-snippet:-1, max-image-preview:large, max-video-preview:-1\" \/>\n<link rel=\"canonical\" href=\"https:\/\/www.pressenza.com\/es\/2022\/08\/nosotros-tambien-somos-bahais\/\" \/>\n<meta property=\"og:locale\" content=\"es_ES\" \/>\n<meta property=\"og:type\" content=\"article\" \/>\n<meta property=\"og:title\" content=\"&quot;Nosotros tambi\u00e9n somos bah\u00e1&#039;is&quot;\" \/>\n<meta property=\"og:description\" content=\"Desde hace semanas se multiplican en las redes sociales mensajes que denuncian la represi\u00f3n y vulneraci\u00f3n de los derechos humanos en Ir\u00e1n. Periodistas,\" \/>\n<meta property=\"og:url\" content=\"https:\/\/www.pressenza.com\/es\/2022\/08\/nosotros-tambien-somos-bahais\/\" \/>\n<meta property=\"og:site_name\" content=\"Pressenza\" \/>\n<meta property=\"article:publisher\" content=\"https:\/\/www.facebook.com\/PressenzaItalia\" \/>\n<meta property=\"article:author\" content=\"Alicia Blanco\" \/>\n<meta property=\"article:published_time\" content=\"2022-08-17T16:19:01+00:00\" \/>\n<meta property=\"article:modified_time\" content=\"2022-08-17T18:36:54+00:00\" \/>\n<meta property=\"og:image\" content=\"https:\/\/www.pressenza.com\/wp-content\/uploads\/2022\/08\/Foto-nota.jpg\" \/>\n\t<meta property=\"og:image:width\" content=\"821\" \/>\n\t<meta property=\"og:image:height\" content=\"455\" \/>\n\t<meta property=\"og:image:type\" content=\"image\/jpeg\" \/>\n<meta name=\"author\" content=\"Alicia Blanco\" \/>\n<meta name=\"twitter:card\" content=\"summary_large_image\" \/>\n<meta name=\"twitter:creator\" content=\"@aliciablancoar\" \/>\n<meta name=\"twitter:site\" content=\"@PressenzaIPA\" \/>\n<meta name=\"twitter:label1\" content=\"Escrito por\" \/>\n\t<meta name=\"twitter:data1\" content=\"Alicia Blanco\" \/>\n\t<meta name=\"twitter:label2\" content=\"Tiempo de lectura\" \/>\n\t<meta name=\"twitter:data2\" content=\"5 minutos\" \/>\n<script type=\"application\/ld+json\" class=\"yoast-schema-graph\">{\"@context\":\"https:\/\/schema.org\",\"@graph\":[{\"@type\":\"Article\",\"@id\":\"https:\/\/www.pressenza.com\/es\/2022\/08\/nosotros-tambien-somos-bahais\/#article\",\"isPartOf\":{\"@id\":\"https:\/\/www.pressenza.com\/es\/2022\/08\/nosotros-tambien-somos-bahais\/\"},\"author\":{\"name\":\"Alicia Blanco\",\"@id\":\"https:\/\/www.pressenza.com\/es\/#\/schema\/person\/cd1c733ed7825bc0f36b165c74e256a3\"},\"headline\":\"\u00abNosotros tambi\u00e9n somos bah\u00e1&#8217;is\u00bb\",\"datePublished\":\"2022-08-17T16:19:01+00:00\",\"dateModified\":\"2022-08-17T18:36:54+00:00\",\"mainEntityOfPage\":{\"@id\":\"https:\/\/www.pressenza.com\/es\/2022\/08\/nosotros-tambien-somos-bahais\/\"},\"wordCount\":1103,\"publisher\":{\"@id\":\"https:\/\/www.pressenza.com\/es\/#organization\"},\"image\":{\"@id\":\"https:\/\/www.pressenza.com\/es\/2022\/08\/nosotros-tambien-somos-bahais\/#primaryimage\"},\"thumbnailUrl\":\"https:\/\/www.pressenza.com\/wp-content\/uploads\/2022\/08\/Foto-nota.jpg\",\"keywords\":[\"bah'ai\",\"Bahais\",\"Derechos humanos\",\"Intolerancia\",\"Ir\u00e1n\",\"Mahvash\u00a0S\u00e1bet\",\"persecusi\u00f3n\"],\"articleSection\":[\"Asia\",\"Contenido Original\",\"Derechos Humanos\",\"Entrevistas\",\"Europa\",\"Humanismo y Espiritualidad\",\"Video\"],\"inLanguage\":\"es\"},{\"@type\":\"WebPage\",\"@id\":\"https:\/\/www.pressenza.com\/es\/2022\/08\/nosotros-tambien-somos-bahais\/\",\"url\":\"https:\/\/www.pressenza.com\/es\/2022\/08\/nosotros-tambien-somos-bahais\/\",\"name\":\"\\\"Nosotros tambi\u00e9n somos bah\u00e1'is\\\"\",\"isPartOf\":{\"@id\":\"https:\/\/www.pressenza.com\/es\/#website\"},\"primaryImageOfPage\":{\"@id\":\"https:\/\/www.pressenza.com\/es\/2022\/08\/nosotros-tambien-somos-bahais\/#primaryimage\"},\"image\":{\"@id\":\"https:\/\/www.pressenza.com\/es\/2022\/08\/nosotros-tambien-somos-bahais\/#primaryimage\"},\"thumbnailUrl\":\"https:\/\/www.pressenza.com\/wp-content\/uploads\/2022\/08\/Foto-nota.jpg\",\"datePublished\":\"2022-08-17T16:19:01+00:00\",\"dateModified\":\"2022-08-17T18:36:54+00:00\",\"description\":\"Desde hace semanas se multiplican en las redes sociales mensajes que denuncian la represi\u00f3n y vulneraci\u00f3n de los derechos humanos en Ir\u00e1n. Periodistas,\",\"breadcrumb\":{\"@id\":\"https:\/\/www.pressenza.com\/es\/2022\/08\/nosotros-tambien-somos-bahais\/#breadcrumb\"},\"inLanguage\":\"es\",\"potentialAction\":[{\"@type\":\"ReadAction\",\"target\":[\"https:\/\/www.pressenza.com\/es\/2022\/08\/nosotros-tambien-somos-bahais\/\"]}]},{\"@type\":\"ImageObject\",\"inLanguage\":\"es\",\"@id\":\"https:\/\/www.pressenza.com\/es\/2022\/08\/nosotros-tambien-somos-bahais\/#primaryimage\",\"url\":\"https:\/\/www.pressenza.com\/wp-content\/uploads\/2022\/08\/Foto-nota.jpg\",\"contentUrl\":\"https:\/\/www.pressenza.com\/wp-content\/uploads\/2022\/08\/Foto-nota.jpg\",\"width\":821,\"height\":455},{\"@type\":\"BreadcrumbList\",\"@id\":\"https:\/\/www.pressenza.com\/es\/2022\/08\/nosotros-tambien-somos-bahais\/#breadcrumb\",\"itemListElement\":[{\"@type\":\"ListItem\",\"position\":1,\"name\":\"Accueil\",\"item\":\"https:\/\/www.pressenza.com\/es\/\"},{\"@type\":\"ListItem\",\"position\":2,\"name\":\"\u00abNosotros tambi\u00e9n somos bah\u00e1&#8217;is\u00bb\"}]},{\"@type\":\"WebSite\",\"@id\":\"https:\/\/www.pressenza.com\/es\/#website\",\"url\":\"https:\/\/www.pressenza.com\/es\/\",\"name\":\"Pressenza\",\"description\":\"International Press Agency\",\"publisher\":{\"@id\":\"https:\/\/www.pressenza.com\/es\/#organization\"},\"potentialAction\":[{\"@type\":\"SearchAction\",\"target\":{\"@type\":\"EntryPoint\",\"urlTemplate\":\"https:\/\/www.pressenza.com\/es\/?s={search_term_string}\"},\"query-input\":{\"@type\":\"PropertyValueSpecification\",\"valueRequired\":true,\"valueName\":\"search_term_string\"}}],\"inLanguage\":\"es\"},{\"@type\":\"Organization\",\"@id\":\"https:\/\/www.pressenza.com\/es\/#organization\",\"name\":\"Pressenza\",\"url\":\"https:\/\/www.pressenza.com\/es\/\",\"logo\":{\"@type\":\"ImageObject\",\"inLanguage\":\"es\",\"@id\":\"https:\/\/www.pressenza.com\/es\/#\/schema\/logo\/image\/\",\"url\":\"https:\/\/www.pressenza.com\/wp-content\/uploads\/2022\/10\/pressenza_logo_200x200.jpg\",\"contentUrl\":\"https:\/\/www.pressenza.com\/wp-content\/uploads\/2022\/10\/pressenza_logo_200x200.jpg\",\"width\":200,\"height\":200,\"caption\":\"Pressenza\"},\"image\":{\"@id\":\"https:\/\/www.pressenza.com\/es\/#\/schema\/logo\/image\/\"},\"sameAs\":[\"https:\/\/www.facebook.com\/PressenzaItalia\",\"https:\/\/x.com\/PressenzaIPA\"]},{\"@type\":\"Person\",\"@id\":\"https:\/\/www.pressenza.com\/es\/#\/schema\/person\/cd1c733ed7825bc0f36b165c74e256a3\",\"name\":\"Alicia Blanco\",\"description\":\"Humanista, co-directora de Pressenza.\",\"sameAs\":[\"Alicia Blanco\",\"https:\/\/x.com\/aliciablancoar\"],\"url\":\"https:\/\/www.pressenza.com\/es\/author\/alicia-blanco\/\"}]}<\/script>\n<!-- \/ Yoast SEO plugin. -->","yoast_head_json":{"title":"\"Nosotros tambi\u00e9n somos bah\u00e1'is\"","description":"Desde hace semanas se multiplican en las redes sociales mensajes que denuncian la represi\u00f3n y vulneraci\u00f3n de los derechos humanos en Ir\u00e1n. Periodistas,","robots":{"index":"index","follow":"follow","max-snippet":"max-snippet:-1","max-image-preview":"max-image-preview:large","max-video-preview":"max-video-preview:-1"},"canonical":"https:\/\/www.pressenza.com\/es\/2022\/08\/nosotros-tambien-somos-bahais\/","og_locale":"es_ES","og_type":"article","og_title":"\"Nosotros tambi\u00e9n somos bah\u00e1'is\"","og_description":"Desde hace semanas se multiplican en las redes sociales mensajes que denuncian la represi\u00f3n y vulneraci\u00f3n de los derechos humanos en Ir\u00e1n. Periodistas,","og_url":"https:\/\/www.pressenza.com\/es\/2022\/08\/nosotros-tambien-somos-bahais\/","og_site_name":"Pressenza","article_publisher":"https:\/\/www.facebook.com\/PressenzaItalia","article_author":"Alicia Blanco","article_published_time":"2022-08-17T16:19:01+00:00","article_modified_time":"2022-08-17T18:36:54+00:00","og_image":[{"width":821,"height":455,"url":"https:\/\/www.pressenza.com\/wp-content\/uploads\/2022\/08\/Foto-nota.jpg","type":"image\/jpeg"}],"author":"Alicia Blanco","twitter_card":"summary_large_image","twitter_creator":"@aliciablancoar","twitter_site":"@PressenzaIPA","twitter_misc":{"Escrito por":"Alicia Blanco","Tiempo de lectura":"5 minutos"},"schema":{"@context":"https:\/\/schema.org","@graph":[{"@type":"Article","@id":"https:\/\/www.pressenza.com\/es\/2022\/08\/nosotros-tambien-somos-bahais\/#article","isPartOf":{"@id":"https:\/\/www.pressenza.com\/es\/2022\/08\/nosotros-tambien-somos-bahais\/"},"author":{"name":"Alicia Blanco","@id":"https:\/\/www.pressenza.com\/es\/#\/schema\/person\/cd1c733ed7825bc0f36b165c74e256a3"},"headline":"\u00abNosotros tambi\u00e9n somos bah\u00e1&#8217;is\u00bb","datePublished":"2022-08-17T16:19:01+00:00","dateModified":"2022-08-17T18:36:54+00:00","mainEntityOfPage":{"@id":"https:\/\/www.pressenza.com\/es\/2022\/08\/nosotros-tambien-somos-bahais\/"},"wordCount":1103,"publisher":{"@id":"https:\/\/www.pressenza.com\/es\/#organization"},"image":{"@id":"https:\/\/www.pressenza.com\/es\/2022\/08\/nosotros-tambien-somos-bahais\/#primaryimage"},"thumbnailUrl":"https:\/\/www.pressenza.com\/wp-content\/uploads\/2022\/08\/Foto-nota.jpg","keywords":["bah'ai","Bahais","Derechos humanos","Intolerancia","Ir\u00e1n","Mahvash\u00a0S\u00e1bet","persecusi\u00f3n"],"articleSection":["Asia","Contenido Original","Derechos Humanos","Entrevistas","Europa","Humanismo y Espiritualidad","Video"],"inLanguage":"es"},{"@type":"WebPage","@id":"https:\/\/www.pressenza.com\/es\/2022\/08\/nosotros-tambien-somos-bahais\/","url":"https:\/\/www.pressenza.com\/es\/2022\/08\/nosotros-tambien-somos-bahais\/","name":"\"Nosotros tambi\u00e9n somos bah\u00e1'is\"","isPartOf":{"@id":"https:\/\/www.pressenza.com\/es\/#website"},"primaryImageOfPage":{"@id":"https:\/\/www.pressenza.com\/es\/2022\/08\/nosotros-tambien-somos-bahais\/#primaryimage"},"image":{"@id":"https:\/\/www.pressenza.com\/es\/2022\/08\/nosotros-tambien-somos-bahais\/#primaryimage"},"thumbnailUrl":"https:\/\/www.pressenza.com\/wp-content\/uploads\/2022\/08\/Foto-nota.jpg","datePublished":"2022-08-17T16:19:01+00:00","dateModified":"2022-08-17T18:36:54+00:00","description":"Desde hace semanas se multiplican en las redes sociales mensajes que denuncian la represi\u00f3n y vulneraci\u00f3n de los derechos humanos en Ir\u00e1n. Periodistas,","breadcrumb":{"@id":"https:\/\/www.pressenza.com\/es\/2022\/08\/nosotros-tambien-somos-bahais\/#breadcrumb"},"inLanguage":"es","potentialAction":[{"@type":"ReadAction","target":["https:\/\/www.pressenza.com\/es\/2022\/08\/nosotros-tambien-somos-bahais\/"]}]},{"@type":"ImageObject","inLanguage":"es","@id":"https:\/\/www.pressenza.com\/es\/2022\/08\/nosotros-tambien-somos-bahais\/#primaryimage","url":"https:\/\/www.pressenza.com\/wp-content\/uploads\/2022\/08\/Foto-nota.jpg","contentUrl":"https:\/\/www.pressenza.com\/wp-content\/uploads\/2022\/08\/Foto-nota.jpg","width":821,"height":455},{"@type":"BreadcrumbList","@id":"https:\/\/www.pressenza.com\/es\/2022\/08\/nosotros-tambien-somos-bahais\/#breadcrumb","itemListElement":[{"@type":"ListItem","position":1,"name":"Accueil","item":"https:\/\/www.pressenza.com\/es\/"},{"@type":"ListItem","position":2,"name":"\u00abNosotros tambi\u00e9n somos bah\u00e1&#8217;is\u00bb"}]},{"@type":"WebSite","@id":"https:\/\/www.pressenza.com\/es\/#website","url":"https:\/\/www.pressenza.com\/es\/","name":"Pressenza","description":"International Press Agency","publisher":{"@id":"https:\/\/www.pressenza.com\/es\/#organization"},"potentialAction":[{"@type":"SearchAction","target":{"@type":"EntryPoint","urlTemplate":"https:\/\/www.pressenza.com\/es\/?s={search_term_string}"},"query-input":{"@type":"PropertyValueSpecification","valueRequired":true,"valueName":"search_term_string"}}],"inLanguage":"es"},{"@type":"Organization","@id":"https:\/\/www.pressenza.com\/es\/#organization","name":"Pressenza","url":"https:\/\/www.pressenza.com\/es\/","logo":{"@type":"ImageObject","inLanguage":"es","@id":"https:\/\/www.pressenza.com\/es\/#\/schema\/logo\/image\/","url":"https:\/\/www.pressenza.com\/wp-content\/uploads\/2022\/10\/pressenza_logo_200x200.jpg","contentUrl":"https:\/\/www.pressenza.com\/wp-content\/uploads\/2022\/10\/pressenza_logo_200x200.jpg","width":200,"height":200,"caption":"Pressenza"},"image":{"@id":"https:\/\/www.pressenza.com\/es\/#\/schema\/logo\/image\/"},"sameAs":["https:\/\/www.facebook.com\/PressenzaItalia","https:\/\/x.com\/PressenzaIPA"]},{"@type":"Person","@id":"https:\/\/www.pressenza.com\/es\/#\/schema\/person\/cd1c733ed7825bc0f36b165c74e256a3","name":"Alicia Blanco","description":"Humanista, co-directora de Pressenza.","sameAs":["Alicia Blanco","https:\/\/x.com\/aliciablancoar"],"url":"https:\/\/www.pressenza.com\/es\/author\/alicia-blanco\/"}]}},"place":"Madrid, Espa\u00f1a","original_article_url":"","_links":{"self":[{"href":"https:\/\/www.pressenza.com\/es\/wp-json\/wp\/v2\/posts\/1643468","targetHints":{"allow":["GET"]}}],"collection":[{"href":"https:\/\/www.pressenza.com\/es\/wp-json\/wp\/v2\/posts"}],"about":[{"href":"https:\/\/www.pressenza.com\/es\/wp-json\/wp\/v2\/types\/post"}],"author":[{"embeddable":true,"href":"https:\/\/www.pressenza.com\/es\/wp-json\/wp\/v2\/users\/1187"}],"replies":[{"embeddable":true,"href":"https:\/\/www.pressenza.com\/es\/wp-json\/wp\/v2\/comments?post=1643468"}],"version-history":[{"count":0,"href":"https:\/\/www.pressenza.com\/es\/wp-json\/wp\/v2\/posts\/1643468\/revisions"}],"wp:featuredmedia":[{"embeddable":true,"href":"https:\/\/www.pressenza.com\/es\/wp-json\/wp\/v2\/media\/1643479"}],"wp:attachment":[{"href":"https:\/\/www.pressenza.com\/es\/wp-json\/wp\/v2\/media?parent=1643468"}],"wp:term":[{"taxonomy":"category","embeddable":true,"href":"https:\/\/www.pressenza.com\/es\/wp-json\/wp\/v2\/categories?post=1643468"},{"taxonomy":"post_tag","embeddable":true,"href":"https:\/\/www.pressenza.com\/es\/wp-json\/wp\/v2\/tags?post=1643468"}],"curies":[{"name":"wp","href":"https:\/\/api.w.org\/{rel}","templated":true}]}}