{"id":1643,"date":"2009-10-07T00:00:00","date_gmt":"2009-10-07T00:00:00","guid":{"rendered":""},"modified":"2009-10-13T07:18:52","modified_gmt":"2009-10-13T07:18:52","slug":"gaita-gallega-que-recorrera-el-mundo","status":"publish","type":"post","link":"https:\/\/www.pressenza.com\/es\/2009\/10\/gaita-gallega-que-recorrera-el-mundo\/","title":{"rendered":"Gaita gallega que recorrer\u00e1 el mundo"},"content":{"rendered":"<p>La gaita, instrumento de viento, saldr\u00e1 de Fisterra (la m\u00edtica Finis Terrae, fin de la tierra de los antiguos romanos) y la portar\u00e1 Fran G\u00f3mez Pallas corredor del Dakar.<br \/>\nEst\u00e1 siendo fabricada por Patricia Cela, artesana gallega de la escuela de Ant\u00f3n Corral, que dona su trabajo a la Marcha Mundial.<br \/>\nLa Gaita acompa\u00f1ar\u00e1 al Equipo Base gallego-portugu\u00e9s recorriendo pueblos y ciudades de Galicia y Portugal. En cada lugar un gaitero la har\u00e1 sonar.<br \/>\nLlegar\u00e1 a Madrid y ser\u00e1 entregada al Equipo Base Internacional para que la lleve por la ruta mundial y suene en el resto del mundo.<br \/>\nArribar\u00e1 el 2 de Enero a Punta de Vacas, Argentina, donde ser\u00e1 interpretada por un emigrante gallego. All\u00ed en los Andes, al pie del monte Aconcagua finalizar\u00e1 su recorrido transmitiendo con su sonido el canto del alma gallega por la Paz y la No-Violencia.<\/p>\n<p><a href=\"http:\/\/www.youtube.com\/watch?v=PmPjF7hAxy8\"><br \/>\nVideo en YouTube<br \/>\n<\/a><\/p>\n","protected":false},"excerpt":{"rendered":"<p>La gaita saldr\u00e1 de Fisterra, localidad gallega, y acompa\u00f1ar\u00e1 al Equipo Base recorriendo pueblos y ciudades de Galicia y Portugal. Desde Madrid llegar\u00e1 hasta Punta de Vacas, Argentina. En cada lugar un gaitero la har\u00e1 sonar como un homenaje a todos los emigrantes, un canto gallego a la diversidad, a la solidaridad entre los pueblos, a la Paz y a la No-Violencia.<\/p>\n","protected":false},"author":19,"featured_media":0,"comment_status":"closed","ping_status":"open","sticky":false,"template":"","format":"standard","meta":{"footnotes":""},"categories":[75,66],"tags":[],"class_list":["post-1643","post","type-post","status-publish","format-standard","hentry","category-cultura-es","category-europa-es"],"yoast_head":"<!-- This site is optimized with the Yoast SEO plugin v27.1.1 - https:\/\/yoast.com\/product\/yoast-seo-wordpress\/ -->\n<title>Gaita gallega que recorrer\u00e1 el mundo<\/title>\n<meta name=\"description\" content=\"La gaita saldr\u00e1 de Fisterra, localidad gallega, y acompa\u00f1ar\u00e1 al Equipo Base recorriendo pueblos y ciudades de Galicia y Portugal. Desde Madrid llegar\u00e1 hasta Punta de Vacas, Argentina. En cada lugar un gaitero la har\u00e1 sonar como un homenaje a todos los emigrantes, un canto gallego a la diversidad, a la solidaridad entre los pueblos, a la Paz y a la No-Violencia.\" \/>\n<meta name=\"robots\" content=\"index, follow, max-snippet:-1, max-image-preview:large, max-video-preview:-1\" \/>\n<link rel=\"canonical\" href=\"https:\/\/www.pressenza.com\/es\/2009\/10\/gaita-gallega-que-recorrera-el-mundo\/\" \/>\n<meta property=\"og:locale\" content=\"es_ES\" \/>\n<meta property=\"og:type\" content=\"article\" \/>\n<meta property=\"og:title\" content=\"Gaita gallega que recorrer\u00e1 el mundo\" \/>\n<meta property=\"og:description\" content=\"La gaita saldr\u00e1 de Fisterra, localidad gallega, y acompa\u00f1ar\u00e1 al Equipo Base recorriendo pueblos y ciudades de Galicia y Portugal. Desde Madrid llegar\u00e1 hasta Punta de Vacas, Argentina. En cada lugar un gaitero la har\u00e1 sonar como un homenaje a todos los emigrantes, un canto gallego a la diversidad, a la solidaridad entre los pueblos, a la Paz y a la No-Violencia.\" \/>\n<meta property=\"og:url\" content=\"https:\/\/www.pressenza.com\/es\/2009\/10\/gaita-gallega-que-recorrera-el-mundo\/\" \/>\n<meta property=\"og:site_name\" content=\"Pressenza\" \/>\n<meta property=\"article:publisher\" content=\"https:\/\/www.facebook.com\/PressenzaItalia\" \/>\n<meta property=\"article:author\" content=\"https:\/\/www.facebook.com\/pressenza\" \/>\n<meta property=\"article:published_time\" content=\"2009-10-07T00:00:00+00:00\" \/>\n<meta property=\"article:modified_time\" content=\"2009-10-13T07:18:52+00:00\" \/>\n<meta name=\"author\" content=\"Pressenza IPA\" \/>\n<meta name=\"twitter:card\" content=\"summary_large_image\" \/>\n<meta name=\"twitter:creator\" content=\"@PressenzaIPA\" \/>\n<meta name=\"twitter:site\" content=\"@PressenzaIPA\" \/>\n<meta name=\"twitter:label1\" content=\"Escrito por\" \/>\n\t<meta name=\"twitter:data1\" content=\"Pressenza IPA\" \/>\n\t<meta name=\"twitter:label2\" content=\"Tiempo de lectura\" \/>\n\t<meta name=\"twitter:data2\" content=\"1 minuto\" \/>\n<script type=\"application\/ld+json\" class=\"yoast-schema-graph\">{\"@context\":\"https:\/\/schema.org\",\"@graph\":[{\"@type\":\"Article\",\"@id\":\"https:\/\/www.pressenza.com\/es\/2009\/10\/gaita-gallega-que-recorrera-el-mundo\/#article\",\"isPartOf\":{\"@id\":\"https:\/\/www.pressenza.com\/es\/2009\/10\/gaita-gallega-que-recorrera-el-mundo\/\"},\"author\":{\"name\":\"Pressenza IPA\",\"@id\":\"https:\/\/www.pressenza.com\/es\/#\/schema\/person\/010e5d02bcf40965427a1289a4cc8d75\"},\"headline\":\"Gaita gallega que recorrer\u00e1 el mundo\",\"datePublished\":\"2009-10-07T00:00:00+00:00\",\"dateModified\":\"2009-10-13T07:18:52+00:00\",\"mainEntityOfPage\":{\"@id\":\"https:\/\/www.pressenza.com\/es\/2009\/10\/gaita-gallega-que-recorrera-el-mundo\/\"},\"wordCount\":156,\"publisher\":{\"@id\":\"https:\/\/www.pressenza.com\/es\/#organization\"},\"articleSection\":[\"Cultura y Medios\",\"Europa\"],\"inLanguage\":\"es\"},{\"@type\":\"WebPage\",\"@id\":\"https:\/\/www.pressenza.com\/es\/2009\/10\/gaita-gallega-que-recorrera-el-mundo\/\",\"url\":\"https:\/\/www.pressenza.com\/es\/2009\/10\/gaita-gallega-que-recorrera-el-mundo\/\",\"name\":\"Gaita gallega que recorrer\u00e1 el mundo\",\"isPartOf\":{\"@id\":\"https:\/\/www.pressenza.com\/es\/#website\"},\"datePublished\":\"2009-10-07T00:00:00+00:00\",\"dateModified\":\"2009-10-13T07:18:52+00:00\",\"description\":\"La gaita saldr\u00e1 de Fisterra, localidad gallega, y acompa\u00f1ar\u00e1 al Equipo Base recorriendo pueblos y ciudades de Galicia y Portugal. Desde Madrid llegar\u00e1 hasta Punta de Vacas, Argentina. En cada lugar un gaitero la har\u00e1 sonar como un homenaje a todos los emigrantes, un canto gallego a la diversidad, a la solidaridad entre los pueblos, a la Paz y a la No-Violencia.\",\"breadcrumb\":{\"@id\":\"https:\/\/www.pressenza.com\/es\/2009\/10\/gaita-gallega-que-recorrera-el-mundo\/#breadcrumb\"},\"inLanguage\":\"es\",\"potentialAction\":[{\"@type\":\"ReadAction\",\"target\":[\"https:\/\/www.pressenza.com\/es\/2009\/10\/gaita-gallega-que-recorrera-el-mundo\/\"]}]},{\"@type\":\"BreadcrumbList\",\"@id\":\"https:\/\/www.pressenza.com\/es\/2009\/10\/gaita-gallega-que-recorrera-el-mundo\/#breadcrumb\",\"itemListElement\":[{\"@type\":\"ListItem\",\"position\":1,\"name\":\"Accueil\",\"item\":\"https:\/\/www.pressenza.com\/es\/\"},{\"@type\":\"ListItem\",\"position\":2,\"name\":\"Gaita gallega que recorrer\u00e1 el mundo\"}]},{\"@type\":\"WebSite\",\"@id\":\"https:\/\/www.pressenza.com\/es\/#website\",\"url\":\"https:\/\/www.pressenza.com\/es\/\",\"name\":\"Pressenza\",\"description\":\"International Press Agency\",\"publisher\":{\"@id\":\"https:\/\/www.pressenza.com\/es\/#organization\"},\"potentialAction\":[{\"@type\":\"SearchAction\",\"target\":{\"@type\":\"EntryPoint\",\"urlTemplate\":\"https:\/\/www.pressenza.com\/es\/?s={search_term_string}\"},\"query-input\":{\"@type\":\"PropertyValueSpecification\",\"valueRequired\":true,\"valueName\":\"search_term_string\"}}],\"inLanguage\":\"es\"},{\"@type\":\"Organization\",\"@id\":\"https:\/\/www.pressenza.com\/es\/#organization\",\"name\":\"Pressenza\",\"url\":\"https:\/\/www.pressenza.com\/es\/\",\"logo\":{\"@type\":\"ImageObject\",\"inLanguage\":\"es\",\"@id\":\"https:\/\/www.pressenza.com\/es\/#\/schema\/logo\/image\/\",\"url\":\"https:\/\/www.pressenza.com\/wp-content\/uploads\/2022\/10\/pressenza_logo_200x200.jpg\",\"contentUrl\":\"https:\/\/www.pressenza.com\/wp-content\/uploads\/2022\/10\/pressenza_logo_200x200.jpg\",\"width\":200,\"height\":200,\"caption\":\"Pressenza\"},\"image\":{\"@id\":\"https:\/\/www.pressenza.com\/es\/#\/schema\/logo\/image\/\"},\"sameAs\":[\"https:\/\/www.facebook.com\/PressenzaItalia\",\"https:\/\/x.com\/PressenzaIPA\"]},{\"@type\":\"Person\",\"@id\":\"https:\/\/www.pressenza.com\/es\/#\/schema\/person\/010e5d02bcf40965427a1289a4cc8d75\",\"name\":\"Pressenza IPA\",\"description\":\"News from Pressenza IPA correspondents\",\"sameAs\":[\"https:\/\/www.facebook.com\/pressenza\",\"https:\/\/x.com\/PressenzaIPA\"],\"url\":\"https:\/\/www.pressenza.com\/es\/author\/pressenza-ipa\/\"}]}<\/script>\n<!-- \/ Yoast SEO plugin. -->","yoast_head_json":{"title":"Gaita gallega que recorrer\u00e1 el mundo","description":"La gaita saldr\u00e1 de Fisterra, localidad gallega, y acompa\u00f1ar\u00e1 al Equipo Base recorriendo pueblos y ciudades de Galicia y Portugal. Desde Madrid llegar\u00e1 hasta Punta de Vacas, Argentina. En cada lugar un gaitero la har\u00e1 sonar como un homenaje a todos los emigrantes, un canto gallego a la diversidad, a la solidaridad entre los pueblos, a la Paz y a la No-Violencia.","robots":{"index":"index","follow":"follow","max-snippet":"max-snippet:-1","max-image-preview":"max-image-preview:large","max-video-preview":"max-video-preview:-1"},"canonical":"https:\/\/www.pressenza.com\/es\/2009\/10\/gaita-gallega-que-recorrera-el-mundo\/","og_locale":"es_ES","og_type":"article","og_title":"Gaita gallega que recorrer\u00e1 el mundo","og_description":"La gaita saldr\u00e1 de Fisterra, localidad gallega, y acompa\u00f1ar\u00e1 al Equipo Base recorriendo pueblos y ciudades de Galicia y Portugal. Desde Madrid llegar\u00e1 hasta Punta de Vacas, Argentina. En cada lugar un gaitero la har\u00e1 sonar como un homenaje a todos los emigrantes, un canto gallego a la diversidad, a la solidaridad entre los pueblos, a la Paz y a la No-Violencia.","og_url":"https:\/\/www.pressenza.com\/es\/2009\/10\/gaita-gallega-que-recorrera-el-mundo\/","og_site_name":"Pressenza","article_publisher":"https:\/\/www.facebook.com\/PressenzaItalia","article_author":"https:\/\/www.facebook.com\/pressenza","article_published_time":"2009-10-07T00:00:00+00:00","article_modified_time":"2009-10-13T07:18:52+00:00","author":"Pressenza IPA","twitter_card":"summary_large_image","twitter_creator":"@PressenzaIPA","twitter_site":"@PressenzaIPA","twitter_misc":{"Escrito por":"Pressenza IPA","Tiempo de lectura":"1 minuto"},"schema":{"@context":"https:\/\/schema.org","@graph":[{"@type":"Article","@id":"https:\/\/www.pressenza.com\/es\/2009\/10\/gaita-gallega-que-recorrera-el-mundo\/#article","isPartOf":{"@id":"https:\/\/www.pressenza.com\/es\/2009\/10\/gaita-gallega-que-recorrera-el-mundo\/"},"author":{"name":"Pressenza IPA","@id":"https:\/\/www.pressenza.com\/es\/#\/schema\/person\/010e5d02bcf40965427a1289a4cc8d75"},"headline":"Gaita gallega que recorrer\u00e1 el mundo","datePublished":"2009-10-07T00:00:00+00:00","dateModified":"2009-10-13T07:18:52+00:00","mainEntityOfPage":{"@id":"https:\/\/www.pressenza.com\/es\/2009\/10\/gaita-gallega-que-recorrera-el-mundo\/"},"wordCount":156,"publisher":{"@id":"https:\/\/www.pressenza.com\/es\/#organization"},"articleSection":["Cultura y Medios","Europa"],"inLanguage":"es"},{"@type":"WebPage","@id":"https:\/\/www.pressenza.com\/es\/2009\/10\/gaita-gallega-que-recorrera-el-mundo\/","url":"https:\/\/www.pressenza.com\/es\/2009\/10\/gaita-gallega-que-recorrera-el-mundo\/","name":"Gaita gallega que recorrer\u00e1 el mundo","isPartOf":{"@id":"https:\/\/www.pressenza.com\/es\/#website"},"datePublished":"2009-10-07T00:00:00+00:00","dateModified":"2009-10-13T07:18:52+00:00","description":"La gaita saldr\u00e1 de Fisterra, localidad gallega, y acompa\u00f1ar\u00e1 al Equipo Base recorriendo pueblos y ciudades de Galicia y Portugal. Desde Madrid llegar\u00e1 hasta Punta de Vacas, Argentina. En cada lugar un gaitero la har\u00e1 sonar como un homenaje a todos los emigrantes, un canto gallego a la diversidad, a la solidaridad entre los pueblos, a la Paz y a la No-Violencia.","breadcrumb":{"@id":"https:\/\/www.pressenza.com\/es\/2009\/10\/gaita-gallega-que-recorrera-el-mundo\/#breadcrumb"},"inLanguage":"es","potentialAction":[{"@type":"ReadAction","target":["https:\/\/www.pressenza.com\/es\/2009\/10\/gaita-gallega-que-recorrera-el-mundo\/"]}]},{"@type":"BreadcrumbList","@id":"https:\/\/www.pressenza.com\/es\/2009\/10\/gaita-gallega-que-recorrera-el-mundo\/#breadcrumb","itemListElement":[{"@type":"ListItem","position":1,"name":"Accueil","item":"https:\/\/www.pressenza.com\/es\/"},{"@type":"ListItem","position":2,"name":"Gaita gallega que recorrer\u00e1 el mundo"}]},{"@type":"WebSite","@id":"https:\/\/www.pressenza.com\/es\/#website","url":"https:\/\/www.pressenza.com\/es\/","name":"Pressenza","description":"International Press Agency","publisher":{"@id":"https:\/\/www.pressenza.com\/es\/#organization"},"potentialAction":[{"@type":"SearchAction","target":{"@type":"EntryPoint","urlTemplate":"https:\/\/www.pressenza.com\/es\/?s={search_term_string}"},"query-input":{"@type":"PropertyValueSpecification","valueRequired":true,"valueName":"search_term_string"}}],"inLanguage":"es"},{"@type":"Organization","@id":"https:\/\/www.pressenza.com\/es\/#organization","name":"Pressenza","url":"https:\/\/www.pressenza.com\/es\/","logo":{"@type":"ImageObject","inLanguage":"es","@id":"https:\/\/www.pressenza.com\/es\/#\/schema\/logo\/image\/","url":"https:\/\/www.pressenza.com\/wp-content\/uploads\/2022\/10\/pressenza_logo_200x200.jpg","contentUrl":"https:\/\/www.pressenza.com\/wp-content\/uploads\/2022\/10\/pressenza_logo_200x200.jpg","width":200,"height":200,"caption":"Pressenza"},"image":{"@id":"https:\/\/www.pressenza.com\/es\/#\/schema\/logo\/image\/"},"sameAs":["https:\/\/www.facebook.com\/PressenzaItalia","https:\/\/x.com\/PressenzaIPA"]},{"@type":"Person","@id":"https:\/\/www.pressenza.com\/es\/#\/schema\/person\/010e5d02bcf40965427a1289a4cc8d75","name":"Pressenza IPA","description":"News from Pressenza IPA correspondents","sameAs":["https:\/\/www.facebook.com\/pressenza","https:\/\/x.com\/PressenzaIPA"],"url":"https:\/\/www.pressenza.com\/es\/author\/pressenza-ipa\/"}]}},"place":"A Coru\u00f1a","original_article_url":"","_links":{"self":[{"href":"https:\/\/www.pressenza.com\/es\/wp-json\/wp\/v2\/posts\/1643","targetHints":{"allow":["GET"]}}],"collection":[{"href":"https:\/\/www.pressenza.com\/es\/wp-json\/wp\/v2\/posts"}],"about":[{"href":"https:\/\/www.pressenza.com\/es\/wp-json\/wp\/v2\/types\/post"}],"author":[{"embeddable":true,"href":"https:\/\/www.pressenza.com\/es\/wp-json\/wp\/v2\/users\/19"}],"replies":[{"embeddable":true,"href":"https:\/\/www.pressenza.com\/es\/wp-json\/wp\/v2\/comments?post=1643"}],"version-history":[{"count":0,"href":"https:\/\/www.pressenza.com\/es\/wp-json\/wp\/v2\/posts\/1643\/revisions"}],"wp:attachment":[{"href":"https:\/\/www.pressenza.com\/es\/wp-json\/wp\/v2\/media?parent=1643"}],"wp:term":[{"taxonomy":"category","embeddable":true,"href":"https:\/\/www.pressenza.com\/es\/wp-json\/wp\/v2\/categories?post=1643"},{"taxonomy":"post_tag","embeddable":true,"href":"https:\/\/www.pressenza.com\/es\/wp-json\/wp\/v2\/tags?post=1643"}],"curies":[{"name":"wp","href":"https:\/\/api.w.org\/{rel}","templated":true}]}}