{"id":1642552,"date":"2022-08-15T03:13:29","date_gmt":"2022-08-15T02:13:29","guid":{"rendered":"https:\/\/www.pressenza.com\/?p=1642552"},"modified":"2022-08-15T03:13:29","modified_gmt":"2022-08-15T02:13:29","slug":"que-son-las-piedras-del-hambre-y-por-que-han-aparecido-en-algunos-de-los-principales-rios-europeos","status":"publish","type":"post","link":"https:\/\/www.pressenza.com\/es\/2022\/08\/que-son-las-piedras-del-hambre-y-por-que-han-aparecido-en-algunos-de-los-principales-rios-europeos\/","title":{"rendered":"\u00bfQu\u00e9 son las &#8216;piedras del hambre&#8217; y por qu\u00e9 han aparecido en algunos de los principales r\u00edos europeos?"},"content":{"rendered":"<p style=\"padding-left: 40px;\"><em>El calor extremo en Europa no solo ha provocado incendios forestales masivos, sino tambi\u00e9n la falta de agua, que amenaza con interrumpir el transporte por r\u00edos.<\/em><\/p>\n<p>Este verano, los niveles r\u00e9cord de\u00a0<a href=\"https:\/\/actualidad.rt.com\/actualidad\/438267-europa-sequia-sin-precedentes\" target=\"_blank\" rel=\"noopener noreferrer\">sequ\u00eda en Europa<\/a>\u00a0han provocado un descenso tan brusco del nivel de los r\u00edos que ha dejado al descubierto hitos centenarios con advertencias de que se avecinan tiempos dif\u00edciles.<\/p>\n<p>De acuerdo con el\u00a0<a href=\"https:\/\/ga.de\/region\/siebengebirge\/kreis-neuwied\/hungerfelsen-aufgetaucht-niedriger-rheinpegel-bei-remagen-kripp-zeigt-folgen_aid-74190947\" target=\"_blank\" rel=\"noopener noreferrer\">portal<\/a>\u00a0alem\u00e1n General Anzeiger, la semana pasada el caudal de agua del r\u00edo Rin baj\u00f3 siete cent\u00edmetros. D\u00edas despu\u00e9s, el descenso lleg\u00f3 a ser de 36 cent\u00edmetros en una sola jornada. La fuerte sequ\u00eda ha dejado al descubierto las misteriosas\u00a0<strong>&#8216;piedras del hambre&#8217; o &#8216;Hungersteine&#8217;<\/strong>, t\u00e9rmino en alem\u00e1n que hace referencia a unas rocas que fueron grabadas con mensajes en tiempos de anta\u00f1o.<\/p>\n<p>Las &#8216;piedras del hambre&#8217; se han utilizado durante siglos particularmente para se\u00f1alar las\u00a0<strong>sequ\u00edas hist\u00f3ricas<\/strong>\u00a0y alertar a la poblaci\u00f3n de sus consecuencias. Varias de estas piedras tambi\u00e9n est\u00e1n incrustadas en el r\u00edo Elba, que va desde las monta\u00f1as de Rep\u00fablica Checa hasta el mar del Norte travesando parte de Alemania.<\/p>\n<p>Algunas de las piedras, que vuelven a ser visibles en el cauce seco del r\u00edo, llevan mensajes que datan del siglo XVII. Las advertencias talladas en ellas tienen un mensaje desalentador:\u00a0<strong>\u00abSi me ves, llora\u00bb<\/strong>, se lee en una de las rocas. \u00abQui\u00e9n me vio, llor\u00f3. El que me vea, llorar\u00e1\u00bb,\u00a0<strong>\u00abla vida volver\u00e1 a florecer una vez que esta piedra desaparezca\u00bb<\/strong>, se aprecia en otros mensajes.<\/p>\n<div class=\"ReadMore-root Section-root Section-is1to3-xs_is1to1\" data-widgets=\"ReadMore\">\n<div class=\"Section-container Section-isRow-isTop-isWrap\">\n<article class=\"Card-root Card-is1to1 \">\n<div class=\"Card-imageWrap\">\n<div class=\"Card-picture\"><picture class=\"Picture-root Picture-default\"><source srcset=\" \nhttps:\/\/cdni.russiatoday.com\/actualidad\/public_images\/2022.08\/thumbnail\/62f6219859bf5b26f31e37b4.jpg 850w,\n                https:\/\/cdni.russiatoday.com\/actualidad\/public_images\/2022.08\/article\/62f6219759bf5b26f31e37b3.jpg 1960w,\n            \" media=\"(-webkit-min-device-pixel-ratio: 2) and (min-resolution: 120dpi)\" sizes=\"280px\" data-srcset=\"\n                https:\/\/cdni.russiatoday.com\/actualidad\/public_images\/2022.08\/thumbnail\/62f6219859bf5b26f31e37b4.jpg 850w,\n                https:\/\/cdni.russiatoday.com\/actualidad\/public_images\/2022.08\/article\/62f6219759bf5b26f31e37b3.jpg 1960w,\n            \" \/><source srcset=\" \nhttps:\/\/cdni.russiatoday.com\/actualidad\/public_images\/2022.08\/thumbnail\/62f6219859bf5b26f31e37b4.jpg 460w,\n              https:\/\/cdni.russiatoday.com\/actualidad\/public_images\/2022.08\/article\/62f6219759bf5b26f31e37b3.jpg 980w,\n            \" sizes=\"280px\" data-srcset=\"\n              https:\/\/cdni.russiatoday.com\/actualidad\/public_images\/2022.08\/thumbnail\/62f6219859bf5b26f31e37b4.jpg 460w,\n              https:\/\/cdni.russiatoday.com\/actualidad\/public_images\/2022.08\/article\/62f6219759bf5b26f31e37b3.jpg 980w,\n            \" \/><img decoding=\"async\" class=\"Picture-root Picture-default lazyautosizes lazyloaded\" src=\"https:\/\/cdni.russiatoday.com\/actualidad\/public_images\/2022.08\/thumbnail\/62f6219859bf5b26f31e37b4.jpg\" sizes=\"280px\" alt=\"Europa sufre su peor sequ\u00eda en d\u00e9cadas, marcada por masivos incendios forestales, reducci\u00f3n del agua en r\u00edos y lagos y una amenaza para la agricultura\" data-sizes=\"auto\" data-src=\"https:\/\/cdni.russiatoday.com\/actualidad\/public_images\/2022.08\/thumbnail\/62f6219859bf5b26f31e37b4.jpg\" \/><\/picture><\/div>\n<\/div>\n<div class=\"Card-contentWrap\">\n<div class=\"Card-content\">\n<div class=\"Card-title\">\n<div class=\"HeaderNews-root HeaderNews-type_6 \"><a class=\"Link-root Link-isFullCard \" href=\"https:\/\/actualidad.rt.com\/actualidad\/438267-europa-sequia-sin-precedentes\">Europa sufre su peor sequ\u00eda en d\u00e9cadas, marcada por masivos incendios forestales, reducci\u00f3n del agua en r\u00edos y lagos y una amenaza para la agricultura<\/a><\/div>\n<\/div>\n<\/div>\n<\/div>\n<\/article>\n<\/div>\n<\/div>\n<p>Otras llevan fechas de 2002 o 2018, en referencia a las \u00faltimas veces que el nivel del agua baj\u00f3 tanto que volvieron a ser visibles. Sin embargo, hay marcas que datan incluso de siglos m\u00e1s atr\u00e1s. Algunas de las m\u00e1s antiguas tienen inscripciones ilegibles y son de 1417 y 1473.<\/p>\n<p>El calor extremo en Europa no solo ha provocado incendios forestales masivos, sino tambi\u00e9n la falta de agua, que amenaza con interrumpir el transporte por r\u00edos. Adem\u00e1s, supone un peligro para el sector agr\u00edcola, mientras\u00a0<a href=\"https:\/\/www.independent.co.uk\/climate-change\/news\/heatwave-europe-drought-warning-rhine-b2143109.html\" target=\"_blank\" rel=\"noopener noreferrer\">reportes<\/a>\u00a0indican que\u00a0las cosechas de Francia, Espa\u00f1a, Italia, Portugal, Alemania, Polonia y Hungr\u00eda, entre otros pa\u00edses, ser\u00e1n peor este a\u00f1o.<\/p>\n<p>Seg\u00fan el Observatorio Europeo de la Sequ\u00eda, el \u00faltimo\u00a0<a href=\"https:\/\/edo.jrc.ec.europa.eu\/edov2\/php\/index.php?id=1000\">mapa<\/a>\u00a0del Indicador Combinado de Sequ\u00eda muestra que el 47 % del territorio de la Uni\u00f3n Europea (UE) est\u00e1 en \u00abadvertencia\u00bb, mientras que el 17 % se encuentra en \u00abalerta\u00bb.<\/p>\n","protected":false},"excerpt":{"rendered":"<p>El calor extremo en Europa no solo ha provocado incendios forestales masivos, sino tambi\u00e9n la falta de agua, que amenaza con interrumpir el transporte por r\u00edos. Este verano, los niveles r\u00e9cord de\u00a0sequ\u00eda en Europa\u00a0han provocado un descenso tan brusco del&hellip;<\/p>\n","protected":false},"author":1181,"featured_media":1642553,"comment_status":"closed","ping_status":"closed","sticky":false,"template":"","format":"standard","meta":{"footnotes":""},"categories":[78,66],"tags":[5374,953,15093,16768],"class_list":["post-1642552","post","type-post","status-publish","format-standard","has-post-thumbnail","hentry","category-medio-ambiente-ecologia","category-europa-es","tag-alemania","tag-europa-es-2","tag-medioambiente","tag-republica-checa"],"yoast_head":"<!-- This site is optimized with the Yoast SEO plugin v27.1.1 - https:\/\/yoast.com\/product\/yoast-seo-wordpress\/ -->\n<title>\u00bfQu\u00e9 son las &#039;piedras del hambre&#039; y por qu\u00e9 han aparecido en algunos de los principales r\u00edos europeos?<\/title>\n<meta name=\"description\" content=\"El calor extremo en Europa no solo ha provocado incendios forestales masivos, sino tambi\u00e9n la falta de agua, que amenaza con interrumpir el transporte por\" \/>\n<meta name=\"robots\" content=\"index, follow, max-snippet:-1, max-image-preview:large, max-video-preview:-1\" \/>\n<link rel=\"canonical\" href=\"https:\/\/www.pressenza.com\/es\/2022\/08\/que-son-las-piedras-del-hambre-y-por-que-han-aparecido-en-algunos-de-los-principales-rios-europeos\/\" \/>\n<meta property=\"og:locale\" content=\"es_ES\" \/>\n<meta property=\"og:type\" content=\"article\" \/>\n<meta property=\"og:title\" content=\"\u00bfQu\u00e9 son las &#039;piedras del hambre&#039; y por qu\u00e9 han aparecido en algunos de los principales r\u00edos europeos?\" \/>\n<meta property=\"og:description\" content=\"El calor extremo en Europa no solo ha provocado incendios forestales masivos, sino tambi\u00e9n la falta de agua, que amenaza con interrumpir el transporte por\" \/>\n<meta property=\"og:url\" content=\"https:\/\/www.pressenza.com\/es\/2022\/08\/que-son-las-piedras-del-hambre-y-por-que-han-aparecido-en-algunos-de-los-principales-rios-europeos\/\" \/>\n<meta property=\"og:site_name\" content=\"Pressenza\" \/>\n<meta property=\"article:publisher\" content=\"https:\/\/www.facebook.com\/PressenzaItalia\" \/>\n<meta property=\"article:author\" content=\"https:\/\/www.facebook.com\/RTnews\" \/>\n<meta property=\"article:published_time\" content=\"2022-08-15T02:13:29+00:00\" \/>\n<meta property=\"og:image\" content=\"https:\/\/www.pressenza.com\/wp-content\/uploads\/2022\/08\/rios.jpeg\" \/>\n\t<meta property=\"og:image:width\" content=\"950\" \/>\n\t<meta property=\"og:image:height\" content=\"535\" \/>\n\t<meta property=\"og:image:type\" content=\"image\/jpeg\" \/>\n<meta name=\"author\" content=\"RT\" \/>\n<meta name=\"twitter:card\" content=\"summary_large_image\" \/>\n<meta name=\"twitter:creator\" content=\"@RT_com\" \/>\n<meta name=\"twitter:site\" content=\"@PressenzaIPA\" \/>\n<meta name=\"twitter:label1\" content=\"Escrito por\" \/>\n\t<meta name=\"twitter:data1\" content=\"RT\" \/>\n\t<meta name=\"twitter:label2\" content=\"Tiempo de lectura\" \/>\n\t<meta name=\"twitter:data2\" content=\"2 minutos\" \/>\n<script type=\"application\/ld+json\" class=\"yoast-schema-graph\">{\"@context\":\"https:\/\/schema.org\",\"@graph\":[{\"@type\":\"Article\",\"@id\":\"https:\/\/www.pressenza.com\/es\/2022\/08\/que-son-las-piedras-del-hambre-y-por-que-han-aparecido-en-algunos-de-los-principales-rios-europeos\/#article\",\"isPartOf\":{\"@id\":\"https:\/\/www.pressenza.com\/es\/2022\/08\/que-son-las-piedras-del-hambre-y-por-que-han-aparecido-en-algunos-de-los-principales-rios-europeos\/\"},\"author\":{\"name\":\"RT\",\"@id\":\"https:\/\/www.pressenza.com\/es\/#\/schema\/person\/a9bc3bac2cc72cc81fc57959c714a38e\"},\"headline\":\"\u00bfQu\u00e9 son las &#8216;piedras del hambre&#8217; y por qu\u00e9 han aparecido en algunos de los principales r\u00edos europeos?\",\"datePublished\":\"2022-08-15T02:13:29+00:00\",\"mainEntityOfPage\":{\"@id\":\"https:\/\/www.pressenza.com\/es\/2022\/08\/que-son-las-piedras-del-hambre-y-por-que-han-aparecido-en-algunos-de-los-principales-rios-europeos\/\"},\"wordCount\":473,\"publisher\":{\"@id\":\"https:\/\/www.pressenza.com\/es\/#organization\"},\"image\":{\"@id\":\"https:\/\/www.pressenza.com\/es\/2022\/08\/que-son-las-piedras-del-hambre-y-por-que-han-aparecido-en-algunos-de-los-principales-rios-europeos\/#primaryimage\"},\"thumbnailUrl\":\"https:\/\/www.pressenza.com\/wp-content\/uploads\/2022\/08\/rios.jpeg\",\"keywords\":[\"Alemania\",\"Europa\",\"Medioambiente\",\"Rep\u00fablica Checa\"],\"articleSection\":[\"Ecolog\u00eda y Medio Ambiente\",\"Europa\"],\"inLanguage\":\"es\"},{\"@type\":\"WebPage\",\"@id\":\"https:\/\/www.pressenza.com\/es\/2022\/08\/que-son-las-piedras-del-hambre-y-por-que-han-aparecido-en-algunos-de-los-principales-rios-europeos\/\",\"url\":\"https:\/\/www.pressenza.com\/es\/2022\/08\/que-son-las-piedras-del-hambre-y-por-que-han-aparecido-en-algunos-de-los-principales-rios-europeos\/\",\"name\":\"\u00bfQu\u00e9 son las 'piedras del hambre' y por qu\u00e9 han aparecido en algunos de los principales r\u00edos europeos?\",\"isPartOf\":{\"@id\":\"https:\/\/www.pressenza.com\/es\/#website\"},\"primaryImageOfPage\":{\"@id\":\"https:\/\/www.pressenza.com\/es\/2022\/08\/que-son-las-piedras-del-hambre-y-por-que-han-aparecido-en-algunos-de-los-principales-rios-europeos\/#primaryimage\"},\"image\":{\"@id\":\"https:\/\/www.pressenza.com\/es\/2022\/08\/que-son-las-piedras-del-hambre-y-por-que-han-aparecido-en-algunos-de-los-principales-rios-europeos\/#primaryimage\"},\"thumbnailUrl\":\"https:\/\/www.pressenza.com\/wp-content\/uploads\/2022\/08\/rios.jpeg\",\"datePublished\":\"2022-08-15T02:13:29+00:00\",\"description\":\"El calor extremo en Europa no solo ha provocado incendios forestales masivos, sino tambi\u00e9n la falta de agua, que amenaza con interrumpir el transporte por\",\"breadcrumb\":{\"@id\":\"https:\/\/www.pressenza.com\/es\/2022\/08\/que-son-las-piedras-del-hambre-y-por-que-han-aparecido-en-algunos-de-los-principales-rios-europeos\/#breadcrumb\"},\"inLanguage\":\"es\",\"potentialAction\":[{\"@type\":\"ReadAction\",\"target\":[\"https:\/\/www.pressenza.com\/es\/2022\/08\/que-son-las-piedras-del-hambre-y-por-que-han-aparecido-en-algunos-de-los-principales-rios-europeos\/\"]}]},{\"@type\":\"ImageObject\",\"inLanguage\":\"es\",\"@id\":\"https:\/\/www.pressenza.com\/es\/2022\/08\/que-son-las-piedras-del-hambre-y-por-que-han-aparecido-en-algunos-de-los-principales-rios-europeos\/#primaryimage\",\"url\":\"https:\/\/www.pressenza.com\/wp-content\/uploads\/2022\/08\/rios.jpeg\",\"contentUrl\":\"https:\/\/www.pressenza.com\/wp-content\/uploads\/2022\/08\/rios.jpeg\",\"width\":950,\"height\":535},{\"@type\":\"BreadcrumbList\",\"@id\":\"https:\/\/www.pressenza.com\/es\/2022\/08\/que-son-las-piedras-del-hambre-y-por-que-han-aparecido-en-algunos-de-los-principales-rios-europeos\/#breadcrumb\",\"itemListElement\":[{\"@type\":\"ListItem\",\"position\":1,\"name\":\"Accueil\",\"item\":\"https:\/\/www.pressenza.com\/es\/\"},{\"@type\":\"ListItem\",\"position\":2,\"name\":\"\u00bfQu\u00e9 son las &#8216;piedras del hambre&#8217; y por qu\u00e9 han aparecido en algunos de los principales r\u00edos europeos?\"}]},{\"@type\":\"WebSite\",\"@id\":\"https:\/\/www.pressenza.com\/es\/#website\",\"url\":\"https:\/\/www.pressenza.com\/es\/\",\"name\":\"Pressenza\",\"description\":\"International Press Agency\",\"publisher\":{\"@id\":\"https:\/\/www.pressenza.com\/es\/#organization\"},\"potentialAction\":[{\"@type\":\"SearchAction\",\"target\":{\"@type\":\"EntryPoint\",\"urlTemplate\":\"https:\/\/www.pressenza.com\/es\/?s={search_term_string}\"},\"query-input\":{\"@type\":\"PropertyValueSpecification\",\"valueRequired\":true,\"valueName\":\"search_term_string\"}}],\"inLanguage\":\"es\"},{\"@type\":\"Organization\",\"@id\":\"https:\/\/www.pressenza.com\/es\/#organization\",\"name\":\"Pressenza\",\"url\":\"https:\/\/www.pressenza.com\/es\/\",\"logo\":{\"@type\":\"ImageObject\",\"inLanguage\":\"es\",\"@id\":\"https:\/\/www.pressenza.com\/es\/#\/schema\/logo\/image\/\",\"url\":\"https:\/\/www.pressenza.com\/wp-content\/uploads\/2022\/10\/pressenza_logo_200x200.jpg\",\"contentUrl\":\"https:\/\/www.pressenza.com\/wp-content\/uploads\/2022\/10\/pressenza_logo_200x200.jpg\",\"width\":200,\"height\":200,\"caption\":\"Pressenza\"},\"image\":{\"@id\":\"https:\/\/www.pressenza.com\/es\/#\/schema\/logo\/image\/\"},\"sameAs\":[\"https:\/\/www.facebook.com\/PressenzaItalia\",\"https:\/\/x.com\/PressenzaIPA\"]},{\"@type\":\"Person\",\"@id\":\"https:\/\/www.pressenza.com\/es\/#\/schema\/person\/a9bc3bac2cc72cc81fc57959c714a38e\",\"name\":\"RT\",\"description\":\"With its first channel launched in December 2005, the RT network now consists of three global news channels broadcasting in English, Spanish and Arabic, RT America broadcasting from a Washington, DC studio, RT UK airing from London, and a documentary channel RTDoc \u2013 in English and Russian. Today RT has a global reach of over 700 million people in 100+ countries. Articles and photographs by RT on Pressenza do not fall under the Creative Commons license are are not reproducible in any way. RT news covers the major issues of our time for viewers wishing to question more and delivers stories often missed by the mainstream media to create news with an edge. RT provides an alternative perspective on major global events, and acquaints an international audience with the Russian viewpoint. rt.com\",\"sameAs\":[\"http:\/\/www.rt.com\",\"https:\/\/www.facebook.com\/RTnews\",\"https:\/\/x.com\/RT_com\"],\"url\":\"https:\/\/www.pressenza.com\/es\/author\/russia-today\/\"}]}<\/script>\n<!-- \/ Yoast SEO plugin. -->","yoast_head_json":{"title":"\u00bfQu\u00e9 son las 'piedras del hambre' y por qu\u00e9 han aparecido en algunos de los principales r\u00edos europeos?","description":"El calor extremo en Europa no solo ha provocado incendios forestales masivos, sino tambi\u00e9n la falta de agua, que amenaza con interrumpir el transporte por","robots":{"index":"index","follow":"follow","max-snippet":"max-snippet:-1","max-image-preview":"max-image-preview:large","max-video-preview":"max-video-preview:-1"},"canonical":"https:\/\/www.pressenza.com\/es\/2022\/08\/que-son-las-piedras-del-hambre-y-por-que-han-aparecido-en-algunos-de-los-principales-rios-europeos\/","og_locale":"es_ES","og_type":"article","og_title":"\u00bfQu\u00e9 son las 'piedras del hambre' y por qu\u00e9 han aparecido en algunos de los principales r\u00edos europeos?","og_description":"El calor extremo en Europa no solo ha provocado incendios forestales masivos, sino tambi\u00e9n la falta de agua, que amenaza con interrumpir el transporte por","og_url":"https:\/\/www.pressenza.com\/es\/2022\/08\/que-son-las-piedras-del-hambre-y-por-que-han-aparecido-en-algunos-de-los-principales-rios-europeos\/","og_site_name":"Pressenza","article_publisher":"https:\/\/www.facebook.com\/PressenzaItalia","article_author":"https:\/\/www.facebook.com\/RTnews","article_published_time":"2022-08-15T02:13:29+00:00","og_image":[{"width":950,"height":535,"url":"https:\/\/www.pressenza.com\/wp-content\/uploads\/2022\/08\/rios.jpeg","type":"image\/jpeg"}],"author":"RT","twitter_card":"summary_large_image","twitter_creator":"@RT_com","twitter_site":"@PressenzaIPA","twitter_misc":{"Escrito por":"RT","Tiempo de lectura":"2 minutos"},"schema":{"@context":"https:\/\/schema.org","@graph":[{"@type":"Article","@id":"https:\/\/www.pressenza.com\/es\/2022\/08\/que-son-las-piedras-del-hambre-y-por-que-han-aparecido-en-algunos-de-los-principales-rios-europeos\/#article","isPartOf":{"@id":"https:\/\/www.pressenza.com\/es\/2022\/08\/que-son-las-piedras-del-hambre-y-por-que-han-aparecido-en-algunos-de-los-principales-rios-europeos\/"},"author":{"name":"RT","@id":"https:\/\/www.pressenza.com\/es\/#\/schema\/person\/a9bc3bac2cc72cc81fc57959c714a38e"},"headline":"\u00bfQu\u00e9 son las &#8216;piedras del hambre&#8217; y por qu\u00e9 han aparecido en algunos de los principales r\u00edos europeos?","datePublished":"2022-08-15T02:13:29+00:00","mainEntityOfPage":{"@id":"https:\/\/www.pressenza.com\/es\/2022\/08\/que-son-las-piedras-del-hambre-y-por-que-han-aparecido-en-algunos-de-los-principales-rios-europeos\/"},"wordCount":473,"publisher":{"@id":"https:\/\/www.pressenza.com\/es\/#organization"},"image":{"@id":"https:\/\/www.pressenza.com\/es\/2022\/08\/que-son-las-piedras-del-hambre-y-por-que-han-aparecido-en-algunos-de-los-principales-rios-europeos\/#primaryimage"},"thumbnailUrl":"https:\/\/www.pressenza.com\/wp-content\/uploads\/2022\/08\/rios.jpeg","keywords":["Alemania","Europa","Medioambiente","Rep\u00fablica Checa"],"articleSection":["Ecolog\u00eda y Medio Ambiente","Europa"],"inLanguage":"es"},{"@type":"WebPage","@id":"https:\/\/www.pressenza.com\/es\/2022\/08\/que-son-las-piedras-del-hambre-y-por-que-han-aparecido-en-algunos-de-los-principales-rios-europeos\/","url":"https:\/\/www.pressenza.com\/es\/2022\/08\/que-son-las-piedras-del-hambre-y-por-que-han-aparecido-en-algunos-de-los-principales-rios-europeos\/","name":"\u00bfQu\u00e9 son las 'piedras del hambre' y por qu\u00e9 han aparecido en algunos de los principales r\u00edos europeos?","isPartOf":{"@id":"https:\/\/www.pressenza.com\/es\/#website"},"primaryImageOfPage":{"@id":"https:\/\/www.pressenza.com\/es\/2022\/08\/que-son-las-piedras-del-hambre-y-por-que-han-aparecido-en-algunos-de-los-principales-rios-europeos\/#primaryimage"},"image":{"@id":"https:\/\/www.pressenza.com\/es\/2022\/08\/que-son-las-piedras-del-hambre-y-por-que-han-aparecido-en-algunos-de-los-principales-rios-europeos\/#primaryimage"},"thumbnailUrl":"https:\/\/www.pressenza.com\/wp-content\/uploads\/2022\/08\/rios.jpeg","datePublished":"2022-08-15T02:13:29+00:00","description":"El calor extremo en Europa no solo ha provocado incendios forestales masivos, sino tambi\u00e9n la falta de agua, que amenaza con interrumpir el transporte por","breadcrumb":{"@id":"https:\/\/www.pressenza.com\/es\/2022\/08\/que-son-las-piedras-del-hambre-y-por-que-han-aparecido-en-algunos-de-los-principales-rios-europeos\/#breadcrumb"},"inLanguage":"es","potentialAction":[{"@type":"ReadAction","target":["https:\/\/www.pressenza.com\/es\/2022\/08\/que-son-las-piedras-del-hambre-y-por-que-han-aparecido-en-algunos-de-los-principales-rios-europeos\/"]}]},{"@type":"ImageObject","inLanguage":"es","@id":"https:\/\/www.pressenza.com\/es\/2022\/08\/que-son-las-piedras-del-hambre-y-por-que-han-aparecido-en-algunos-de-los-principales-rios-europeos\/#primaryimage","url":"https:\/\/www.pressenza.com\/wp-content\/uploads\/2022\/08\/rios.jpeg","contentUrl":"https:\/\/www.pressenza.com\/wp-content\/uploads\/2022\/08\/rios.jpeg","width":950,"height":535},{"@type":"BreadcrumbList","@id":"https:\/\/www.pressenza.com\/es\/2022\/08\/que-son-las-piedras-del-hambre-y-por-que-han-aparecido-en-algunos-de-los-principales-rios-europeos\/#breadcrumb","itemListElement":[{"@type":"ListItem","position":1,"name":"Accueil","item":"https:\/\/www.pressenza.com\/es\/"},{"@type":"ListItem","position":2,"name":"\u00bfQu\u00e9 son las &#8216;piedras del hambre&#8217; y por qu\u00e9 han aparecido en algunos de los principales r\u00edos europeos?"}]},{"@type":"WebSite","@id":"https:\/\/www.pressenza.com\/es\/#website","url":"https:\/\/www.pressenza.com\/es\/","name":"Pressenza","description":"International Press Agency","publisher":{"@id":"https:\/\/www.pressenza.com\/es\/#organization"},"potentialAction":[{"@type":"SearchAction","target":{"@type":"EntryPoint","urlTemplate":"https:\/\/www.pressenza.com\/es\/?s={search_term_string}"},"query-input":{"@type":"PropertyValueSpecification","valueRequired":true,"valueName":"search_term_string"}}],"inLanguage":"es"},{"@type":"Organization","@id":"https:\/\/www.pressenza.com\/es\/#organization","name":"Pressenza","url":"https:\/\/www.pressenza.com\/es\/","logo":{"@type":"ImageObject","inLanguage":"es","@id":"https:\/\/www.pressenza.com\/es\/#\/schema\/logo\/image\/","url":"https:\/\/www.pressenza.com\/wp-content\/uploads\/2022\/10\/pressenza_logo_200x200.jpg","contentUrl":"https:\/\/www.pressenza.com\/wp-content\/uploads\/2022\/10\/pressenza_logo_200x200.jpg","width":200,"height":200,"caption":"Pressenza"},"image":{"@id":"https:\/\/www.pressenza.com\/es\/#\/schema\/logo\/image\/"},"sameAs":["https:\/\/www.facebook.com\/PressenzaItalia","https:\/\/x.com\/PressenzaIPA"]},{"@type":"Person","@id":"https:\/\/www.pressenza.com\/es\/#\/schema\/person\/a9bc3bac2cc72cc81fc57959c714a38e","name":"RT","description":"With its first channel launched in December 2005, the RT network now consists of three global news channels broadcasting in English, Spanish and Arabic, RT America broadcasting from a Washington, DC studio, RT UK airing from London, and a documentary channel RTDoc \u2013 in English and Russian. Today RT has a global reach of over 700 million people in 100+ countries. Articles and photographs by RT on Pressenza do not fall under the Creative Commons license are are not reproducible in any way. RT news covers the major issues of our time for viewers wishing to question more and delivers stories often missed by the mainstream media to create news with an edge. RT provides an alternative perspective on major global events, and acquaints an international audience with the Russian viewpoint. rt.com","sameAs":["http:\/\/www.rt.com","https:\/\/www.facebook.com\/RTnews","https:\/\/x.com\/RT_com"],"url":"https:\/\/www.pressenza.com\/es\/author\/russia-today\/"}]}},"place":"","original_article_url":"https:\/\/actualidad.rt.com\/actualidad\/438510-piedras-hambre-rios-europa-sequia","_links":{"self":[{"href":"https:\/\/www.pressenza.com\/es\/wp-json\/wp\/v2\/posts\/1642552","targetHints":{"allow":["GET"]}}],"collection":[{"href":"https:\/\/www.pressenza.com\/es\/wp-json\/wp\/v2\/posts"}],"about":[{"href":"https:\/\/www.pressenza.com\/es\/wp-json\/wp\/v2\/types\/post"}],"author":[{"embeddable":true,"href":"https:\/\/www.pressenza.com\/es\/wp-json\/wp\/v2\/users\/1181"}],"replies":[{"embeddable":true,"href":"https:\/\/www.pressenza.com\/es\/wp-json\/wp\/v2\/comments?post=1642552"}],"version-history":[{"count":0,"href":"https:\/\/www.pressenza.com\/es\/wp-json\/wp\/v2\/posts\/1642552\/revisions"}],"wp:featuredmedia":[{"embeddable":true,"href":"https:\/\/www.pressenza.com\/es\/wp-json\/wp\/v2\/media\/1642553"}],"wp:attachment":[{"href":"https:\/\/www.pressenza.com\/es\/wp-json\/wp\/v2\/media?parent=1642552"}],"wp:term":[{"taxonomy":"category","embeddable":true,"href":"https:\/\/www.pressenza.com\/es\/wp-json\/wp\/v2\/categories?post=1642552"},{"taxonomy":"post_tag","embeddable":true,"href":"https:\/\/www.pressenza.com\/es\/wp-json\/wp\/v2\/tags?post=1642552"}],"curies":[{"name":"wp","href":"https:\/\/api.w.org\/{rel}","templated":true}]}}