{"id":1641405,"date":"2022-08-11T18:52:24","date_gmt":"2022-08-11T17:52:24","guid":{"rendered":"https:\/\/www.pressenza.com\/?p=1641405"},"modified":"2022-08-15T22:57:02","modified_gmt":"2022-08-15T21:57:02","slug":"realizan-clase-magistral-con-la-principal-jurista-de-latinoamerica-en-defensa-de-los-derechos-humanos-de-ninas-y-mujeres","status":"publish","type":"post","link":"https:\/\/www.pressenza.com\/es\/2022\/08\/realizan-clase-magistral-con-la-principal-jurista-de-latinoamerica-en-defensa-de-los-derechos-humanos-de-ninas-y-mujeres\/","title":{"rendered":"Realizan clase magistral con la principal jurista de Latinoam\u00e9rica en defensa  de los Derechos Humanos de ni\u00f1as y mujeres"},"content":{"rendered":"<p>La costarricense Alda Facio habl\u00f3 sobre \u00abDerechos Humanos de las mujeres en los sistemas de protecci\u00f3n internacional\u00bb a alrededor de 80 participantes por videoconferencia.<\/p>\n<p>Organizada por la Escuela La Tribu, el pasado s\u00e1bado 6 de agosto, se llev\u00f3 a cabo una clase magistral encabezada por la abogada feminista experta en derechos humanos de las mujeres, Alda Facio, quien se refiri\u00f3 a la historia de lucha jur\u00eddica feminista y a los retos al respecto. Adem\u00e1s, respondi\u00f3 preguntas y dialog\u00f3 con mujeres en su mayor\u00eda estudiantes del Diplomado en Salud Menstrual de esta versi\u00f3n 2022, egresadas, ex estudiantes, docentes y de diversas fundaciones que se inscribieron con invitaci\u00f3n gratuita.<\/p>\n<p>En la oportunidad, Patricia Mieres, directora de la Escuela La Tribu, manifest\u00f3 el honor que signific\u00f3 para su equipo el que esta importante relatora se hiciera parte del Diplomado de Salud<br \/>\nMenstrual con una clase magistral a prop\u00f3sito de los \u201cDerechos Humanos de las mujeres en los sistemas de Protecci\u00f3n internacional\u201d, sobre todo considerando los peligros de retrocesos en esta materia de los derechos de ni\u00f1as y mujeres en la regi\u00f3n (como ejemplo con lo que sucedi\u00f3 con respecto al aborto en EEUU).<\/p>\n<p>Dentro de su exposici\u00f3n, Alda Facio explic\u00f3 c\u00f3mo se logr\u00f3 que se declarara los derechos de las mujeres como parte de los Derechos Humanos en la Conferencia de Viena de 1993, habl\u00f3 tambi\u00e9n de la importancia de la lucha por los derechos reproductivos, el voto femenino, el derecho a ser tratadas como seres racionales, a la igualdad y las pol\u00e9micas para lograr que el art\u00edculo 2 de la Declaraci\u00f3n Universal de Derechos Humanos incluyera la no discriminaci\u00f3n por sexo, entre muchos otros temas.<\/p>\n<p>Explic\u00f3, adem\u00e1s, la diferencia entre derechos legales y derechos humanos, y c\u00f3mo el Estado debe ser garante del resguardo de estos por sobre todas las cosas. Todos temas muy contingentes para Chile, debido a la discusi\u00f3n de la nueva Constituci\u00f3n que, seg\u00fan explica Mieres, \u00abes la \u00fanica forma que tenemos de reconocer estos derechos y que adquieran la legalidad que merecen\u00bb.<\/p>\n<p>La Escuela La Tribu, es la primera escuela interdisciplinar especializada en salud de la mujer, dedicada a la formaci\u00f3n y especializaci\u00f3n de profesionales que trabajan con ni\u00f1as, adolescentes y mujeres en todas las \u00e1reas. Referentes en el \u00e1mbito de la Salud Sexual y Reproductiva, Salud Menstrual y Sexualidad desde un enfoque de g\u00e9nero y derechos humanos ya han formado a m\u00e1s de 5.000 profesionales de toda Iberoam\u00e9rica, crearon el primer y \u00fanico Diplomado en Salud Menstrual del mundo, con dos ediciones (2021 y 2022) y son autores adem\u00e1s de la Primera Gu\u00eda Ministerial de Salud Menstrual, trabajada en conjunto con el Ministerio de la Mujer y la Equidad de G\u00e9nero y el Ministerio de Salud de Chile.<\/p>\n<p><strong>Alda Facio<\/strong><\/p>\n<p>Feminista, jurista, escritora, docente y experta internacional en g\u00e9nero y derechos humanos referente en Latinoam\u00e9rica. Fundadora y directora acad\u00e9mica del WHRI (Women&#8217;s Human Rights Institute). Fundadora y presidenta de la Fundaci\u00f3n Justicia y G\u00e9nero. Fue directora ejecutiva del Women\u00b4s Caucus for Gender Justice en la Corte Penal Internacional. Fue parte del Working Group on Discrimination Against Women &amp; Girls compuesto por cinco relatoras especiales del Consejo de DDHH de la ONU, una de las promotoras de la Ley de Igualdad<br \/>\nSocial en los a\u00f1os ochenta, adem\u00e1s de ser una de las 10 mujeres en el mundo que organiz\u00f3 el Tribunal en Viena sobre la violaci\u00f3n a los derechos de las mujeres. Particip\u00f3 en la redacci\u00f3n del<br \/>\nProtocolo Facultativo para la CEDAW, la Declaraci\u00f3n de la ONU sobre Violencia contra las mujeres y en la Convenci\u00f3n de Belem do Para.<\/p>\n","protected":false},"excerpt":{"rendered":"<p>La costarricense Alda Facio habl\u00f3 sobre \u00abDerechos Humanos de las mujeres en los sistemas de protecci\u00f3n internacional\u00bb a alrededor de 80 participantes por videoconferencia. Organizada por la Escuela La Tribu, el pasado s\u00e1bado 6 de agosto, se llev\u00f3 a cabo&hellip;<\/p>\n","protected":false},"author":43,"featured_media":1642800,"comment_status":"closed","ping_status":"closed","sticky":false,"template":"","format":"standard","meta":{"footnotes":""},"categories":[149,11389,54515,67],"tags":[104505,29,441],"class_list":["post-1641405","post","type-post","status-publish","format-standard","has-post-thumbnail","hentry","category-comunicados-de-prensa","category-contenido-original","category-genero-y-feminismos","category-sudamerica","tag-alda-facio","tag-chile","tag-derechos-humanos"],"yoast_head":"<!-- This site is optimized with the Yoast SEO plugin v27.1.1 - https:\/\/yoast.com\/product\/yoast-seo-wordpress\/ -->\n<title>Realizan clase magistral con la principal jurista de Latinoam\u00e9rica en defensa de los Derechos Humanos de ni\u00f1as y mujeres<\/title>\n<meta name=\"description\" content=\"La costarricense Alda Facio habl\u00f3 sobre &quot;Derechos Humanos de las mujeres en los sistemas de protecci\u00f3n internacional&quot; a alrededor de 80 participantes por\" \/>\n<meta name=\"robots\" content=\"index, follow, max-snippet:-1, max-image-preview:large, max-video-preview:-1\" \/>\n<link rel=\"canonical\" href=\"https:\/\/www.pressenza.com\/es\/2022\/08\/realizan-clase-magistral-con-la-principal-jurista-de-latinoamerica-en-defensa-de-los-derechos-humanos-de-ninas-y-mujeres\/\" \/>\n<meta property=\"og:locale\" content=\"es_ES\" \/>\n<meta property=\"og:type\" content=\"article\" \/>\n<meta property=\"og:title\" content=\"Realizan clase magistral con la principal jurista de Latinoam\u00e9rica en defensa de los Derechos Humanos de ni\u00f1as y mujeres\" \/>\n<meta property=\"og:description\" content=\"La costarricense Alda Facio habl\u00f3 sobre &quot;Derechos Humanos de las mujeres en los sistemas de protecci\u00f3n internacional&quot; a alrededor de 80 participantes por\" \/>\n<meta property=\"og:url\" content=\"https:\/\/www.pressenza.com\/es\/2022\/08\/realizan-clase-magistral-con-la-principal-jurista-de-latinoamerica-en-defensa-de-los-derechos-humanos-de-ninas-y-mujeres\/\" \/>\n<meta property=\"og:site_name\" content=\"Pressenza\" \/>\n<meta property=\"article:publisher\" content=\"https:\/\/www.facebook.com\/PressenzaItalia\" \/>\n<meta property=\"article:author\" content=\"https:\/\/www.facebook.com\/pressenza\" \/>\n<meta property=\"article:published_time\" content=\"2022-08-11T17:52:24+00:00\" \/>\n<meta property=\"article:modified_time\" content=\"2022-08-15T21:57:02+00:00\" \/>\n<meta property=\"og:image\" content=\"https:\/\/www.pressenza.com\/wp-content\/uploads\/2022\/08\/9AFCF18B-FA61-46EA-8DB4-9CA0E54BD61B.jpeg\" \/>\n\t<meta property=\"og:image:width\" content=\"598\" \/>\n\t<meta property=\"og:image:height\" content=\"572\" \/>\n\t<meta property=\"og:image:type\" content=\"image\/jpeg\" \/>\n<meta name=\"author\" content=\"Redacci\u00f3n Chile\" \/>\n<meta name=\"twitter:card\" content=\"summary_large_image\" \/>\n<meta name=\"twitter:creator\" content=\"@pressenza\" \/>\n<meta name=\"twitter:site\" content=\"@PressenzaIPA\" \/>\n<meta name=\"twitter:label1\" content=\"Escrito por\" \/>\n\t<meta name=\"twitter:data1\" content=\"Redacci\u00f3n Chile\" \/>\n\t<meta name=\"twitter:label2\" content=\"Tiempo de lectura\" \/>\n\t<meta name=\"twitter:data2\" content=\"3 minutos\" \/>\n<script type=\"application\/ld+json\" class=\"yoast-schema-graph\">{\"@context\":\"https:\/\/schema.org\",\"@graph\":[{\"@type\":\"Article\",\"@id\":\"https:\/\/www.pressenza.com\/es\/2022\/08\/realizan-clase-magistral-con-la-principal-jurista-de-latinoamerica-en-defensa-de-los-derechos-humanos-de-ninas-y-mujeres\/#article\",\"isPartOf\":{\"@id\":\"https:\/\/www.pressenza.com\/es\/2022\/08\/realizan-clase-magistral-con-la-principal-jurista-de-latinoamerica-en-defensa-de-los-derechos-humanos-de-ninas-y-mujeres\/\"},\"author\":{\"name\":\"Redacci\u00f3n Chile\",\"@id\":\"https:\/\/www.pressenza.com\/es\/#\/schema\/person\/d7db40df35d6698ba69ba9ee260944ed\"},\"headline\":\"Realizan clase magistral con la principal jurista de Latinoam\u00e9rica en defensa de los Derechos Humanos de ni\u00f1as y mujeres\",\"datePublished\":\"2022-08-11T17:52:24+00:00\",\"dateModified\":\"2022-08-15T21:57:02+00:00\",\"mainEntityOfPage\":{\"@id\":\"https:\/\/www.pressenza.com\/es\/2022\/08\/realizan-clase-magistral-con-la-principal-jurista-de-latinoamerica-en-defensa-de-los-derechos-humanos-de-ninas-y-mujeres\/\"},\"wordCount\":649,\"publisher\":{\"@id\":\"https:\/\/www.pressenza.com\/es\/#organization\"},\"image\":{\"@id\":\"https:\/\/www.pressenza.com\/es\/2022\/08\/realizan-clase-magistral-con-la-principal-jurista-de-latinoamerica-en-defensa-de-los-derechos-humanos-de-ninas-y-mujeres\/#primaryimage\"},\"thumbnailUrl\":\"https:\/\/www.pressenza.com\/wp-content\/uploads\/2022\/08\/9AFCF18B-FA61-46EA-8DB4-9CA0E54BD61B.jpeg\",\"keywords\":[\"Alda Facio\",\"Chile\",\"Derechos humanos\"],\"articleSection\":[\"Comunicados de Prensa\",\"Contenido Original\",\"G\u00e9nero y Feminismos\",\"Sudam\u00e9rica\"],\"inLanguage\":\"es\"},{\"@type\":\"WebPage\",\"@id\":\"https:\/\/www.pressenza.com\/es\/2022\/08\/realizan-clase-magistral-con-la-principal-jurista-de-latinoamerica-en-defensa-de-los-derechos-humanos-de-ninas-y-mujeres\/\",\"url\":\"https:\/\/www.pressenza.com\/es\/2022\/08\/realizan-clase-magistral-con-la-principal-jurista-de-latinoamerica-en-defensa-de-los-derechos-humanos-de-ninas-y-mujeres\/\",\"name\":\"Realizan clase magistral con la principal jurista de Latinoam\u00e9rica en defensa de los Derechos Humanos de ni\u00f1as y mujeres\",\"isPartOf\":{\"@id\":\"https:\/\/www.pressenza.com\/es\/#website\"},\"primaryImageOfPage\":{\"@id\":\"https:\/\/www.pressenza.com\/es\/2022\/08\/realizan-clase-magistral-con-la-principal-jurista-de-latinoamerica-en-defensa-de-los-derechos-humanos-de-ninas-y-mujeres\/#primaryimage\"},\"image\":{\"@id\":\"https:\/\/www.pressenza.com\/es\/2022\/08\/realizan-clase-magistral-con-la-principal-jurista-de-latinoamerica-en-defensa-de-los-derechos-humanos-de-ninas-y-mujeres\/#primaryimage\"},\"thumbnailUrl\":\"https:\/\/www.pressenza.com\/wp-content\/uploads\/2022\/08\/9AFCF18B-FA61-46EA-8DB4-9CA0E54BD61B.jpeg\",\"datePublished\":\"2022-08-11T17:52:24+00:00\",\"dateModified\":\"2022-08-15T21:57:02+00:00\",\"description\":\"La costarricense Alda Facio habl\u00f3 sobre \\\"Derechos Humanos de las mujeres en los sistemas de protecci\u00f3n internacional\\\" a alrededor de 80 participantes por\",\"breadcrumb\":{\"@id\":\"https:\/\/www.pressenza.com\/es\/2022\/08\/realizan-clase-magistral-con-la-principal-jurista-de-latinoamerica-en-defensa-de-los-derechos-humanos-de-ninas-y-mujeres\/#breadcrumb\"},\"inLanguage\":\"es\",\"potentialAction\":[{\"@type\":\"ReadAction\",\"target\":[\"https:\/\/www.pressenza.com\/es\/2022\/08\/realizan-clase-magistral-con-la-principal-jurista-de-latinoamerica-en-defensa-de-los-derechos-humanos-de-ninas-y-mujeres\/\"]}]},{\"@type\":\"ImageObject\",\"inLanguage\":\"es\",\"@id\":\"https:\/\/www.pressenza.com\/es\/2022\/08\/realizan-clase-magistral-con-la-principal-jurista-de-latinoamerica-en-defensa-de-los-derechos-humanos-de-ninas-y-mujeres\/#primaryimage\",\"url\":\"https:\/\/www.pressenza.com\/wp-content\/uploads\/2022\/08\/9AFCF18B-FA61-46EA-8DB4-9CA0E54BD61B.jpeg\",\"contentUrl\":\"https:\/\/www.pressenza.com\/wp-content\/uploads\/2022\/08\/9AFCF18B-FA61-46EA-8DB4-9CA0E54BD61B.jpeg\",\"width\":598,\"height\":572},{\"@type\":\"BreadcrumbList\",\"@id\":\"https:\/\/www.pressenza.com\/es\/2022\/08\/realizan-clase-magistral-con-la-principal-jurista-de-latinoamerica-en-defensa-de-los-derechos-humanos-de-ninas-y-mujeres\/#breadcrumb\",\"itemListElement\":[{\"@type\":\"ListItem\",\"position\":1,\"name\":\"Accueil\",\"item\":\"https:\/\/www.pressenza.com\/es\/\"},{\"@type\":\"ListItem\",\"position\":2,\"name\":\"Realizan clase magistral con la principal jurista de Latinoam\u00e9rica en defensa de los Derechos Humanos de ni\u00f1as y mujeres\"}]},{\"@type\":\"WebSite\",\"@id\":\"https:\/\/www.pressenza.com\/es\/#website\",\"url\":\"https:\/\/www.pressenza.com\/es\/\",\"name\":\"Pressenza\",\"description\":\"International Press Agency\",\"publisher\":{\"@id\":\"https:\/\/www.pressenza.com\/es\/#organization\"},\"potentialAction\":[{\"@type\":\"SearchAction\",\"target\":{\"@type\":\"EntryPoint\",\"urlTemplate\":\"https:\/\/www.pressenza.com\/es\/?s={search_term_string}\"},\"query-input\":{\"@type\":\"PropertyValueSpecification\",\"valueRequired\":true,\"valueName\":\"search_term_string\"}}],\"inLanguage\":\"es\"},{\"@type\":\"Organization\",\"@id\":\"https:\/\/www.pressenza.com\/es\/#organization\",\"name\":\"Pressenza\",\"url\":\"https:\/\/www.pressenza.com\/es\/\",\"logo\":{\"@type\":\"ImageObject\",\"inLanguage\":\"es\",\"@id\":\"https:\/\/www.pressenza.com\/es\/#\/schema\/logo\/image\/\",\"url\":\"https:\/\/www.pressenza.com\/wp-content\/uploads\/2022\/10\/pressenza_logo_200x200.jpg\",\"contentUrl\":\"https:\/\/www.pressenza.com\/wp-content\/uploads\/2022\/10\/pressenza_logo_200x200.jpg\",\"width\":200,\"height\":200,\"caption\":\"Pressenza\"},\"image\":{\"@id\":\"https:\/\/www.pressenza.com\/es\/#\/schema\/logo\/image\/\"},\"sameAs\":[\"https:\/\/www.facebook.com\/PressenzaItalia\",\"https:\/\/x.com\/PressenzaIPA\"]},{\"@type\":\"Person\",\"@id\":\"https:\/\/www.pressenza.com\/es\/#\/schema\/person\/d7db40df35d6698ba69ba9ee260944ed\",\"name\":\"Redacci\u00f3n Chile\",\"description\":\"News from the Pressenza Bureau in Chile\",\"sameAs\":[\"https:\/\/www.facebook.com\/pressenza\",\"https:\/\/x.com\/pressenza\"],\"url\":\"https:\/\/www.pressenza.com\/es\/author\/redaccion-chile\/\"}]}<\/script>\n<!-- \/ Yoast SEO plugin. -->","yoast_head_json":{"title":"Realizan clase magistral con la principal jurista de Latinoam\u00e9rica en defensa de los Derechos Humanos de ni\u00f1as y mujeres","description":"La costarricense Alda Facio habl\u00f3 sobre \"Derechos Humanos de las mujeres en los sistemas de protecci\u00f3n internacional\" a alrededor de 80 participantes por","robots":{"index":"index","follow":"follow","max-snippet":"max-snippet:-1","max-image-preview":"max-image-preview:large","max-video-preview":"max-video-preview:-1"},"canonical":"https:\/\/www.pressenza.com\/es\/2022\/08\/realizan-clase-magistral-con-la-principal-jurista-de-latinoamerica-en-defensa-de-los-derechos-humanos-de-ninas-y-mujeres\/","og_locale":"es_ES","og_type":"article","og_title":"Realizan clase magistral con la principal jurista de Latinoam\u00e9rica en defensa de los Derechos Humanos de ni\u00f1as y mujeres","og_description":"La costarricense Alda Facio habl\u00f3 sobre \"Derechos Humanos de las mujeres en los sistemas de protecci\u00f3n internacional\" a alrededor de 80 participantes por","og_url":"https:\/\/www.pressenza.com\/es\/2022\/08\/realizan-clase-magistral-con-la-principal-jurista-de-latinoamerica-en-defensa-de-los-derechos-humanos-de-ninas-y-mujeres\/","og_site_name":"Pressenza","article_publisher":"https:\/\/www.facebook.com\/PressenzaItalia","article_author":"https:\/\/www.facebook.com\/pressenza","article_published_time":"2022-08-11T17:52:24+00:00","article_modified_time":"2022-08-15T21:57:02+00:00","og_image":[{"width":598,"height":572,"url":"https:\/\/www.pressenza.com\/wp-content\/uploads\/2022\/08\/9AFCF18B-FA61-46EA-8DB4-9CA0E54BD61B.jpeg","type":"image\/jpeg"}],"author":"Redacci\u00f3n Chile","twitter_card":"summary_large_image","twitter_creator":"@pressenza","twitter_site":"@PressenzaIPA","twitter_misc":{"Escrito por":"Redacci\u00f3n Chile","Tiempo de lectura":"3 minutos"},"schema":{"@context":"https:\/\/schema.org","@graph":[{"@type":"Article","@id":"https:\/\/www.pressenza.com\/es\/2022\/08\/realizan-clase-magistral-con-la-principal-jurista-de-latinoamerica-en-defensa-de-los-derechos-humanos-de-ninas-y-mujeres\/#article","isPartOf":{"@id":"https:\/\/www.pressenza.com\/es\/2022\/08\/realizan-clase-magistral-con-la-principal-jurista-de-latinoamerica-en-defensa-de-los-derechos-humanos-de-ninas-y-mujeres\/"},"author":{"name":"Redacci\u00f3n Chile","@id":"https:\/\/www.pressenza.com\/es\/#\/schema\/person\/d7db40df35d6698ba69ba9ee260944ed"},"headline":"Realizan clase magistral con la principal jurista de Latinoam\u00e9rica en defensa de los Derechos Humanos de ni\u00f1as y mujeres","datePublished":"2022-08-11T17:52:24+00:00","dateModified":"2022-08-15T21:57:02+00:00","mainEntityOfPage":{"@id":"https:\/\/www.pressenza.com\/es\/2022\/08\/realizan-clase-magistral-con-la-principal-jurista-de-latinoamerica-en-defensa-de-los-derechos-humanos-de-ninas-y-mujeres\/"},"wordCount":649,"publisher":{"@id":"https:\/\/www.pressenza.com\/es\/#organization"},"image":{"@id":"https:\/\/www.pressenza.com\/es\/2022\/08\/realizan-clase-magistral-con-la-principal-jurista-de-latinoamerica-en-defensa-de-los-derechos-humanos-de-ninas-y-mujeres\/#primaryimage"},"thumbnailUrl":"https:\/\/www.pressenza.com\/wp-content\/uploads\/2022\/08\/9AFCF18B-FA61-46EA-8DB4-9CA0E54BD61B.jpeg","keywords":["Alda Facio","Chile","Derechos humanos"],"articleSection":["Comunicados de Prensa","Contenido Original","G\u00e9nero y Feminismos","Sudam\u00e9rica"],"inLanguage":"es"},{"@type":"WebPage","@id":"https:\/\/www.pressenza.com\/es\/2022\/08\/realizan-clase-magistral-con-la-principal-jurista-de-latinoamerica-en-defensa-de-los-derechos-humanos-de-ninas-y-mujeres\/","url":"https:\/\/www.pressenza.com\/es\/2022\/08\/realizan-clase-magistral-con-la-principal-jurista-de-latinoamerica-en-defensa-de-los-derechos-humanos-de-ninas-y-mujeres\/","name":"Realizan clase magistral con la principal jurista de Latinoam\u00e9rica en defensa de los Derechos Humanos de ni\u00f1as y mujeres","isPartOf":{"@id":"https:\/\/www.pressenza.com\/es\/#website"},"primaryImageOfPage":{"@id":"https:\/\/www.pressenza.com\/es\/2022\/08\/realizan-clase-magistral-con-la-principal-jurista-de-latinoamerica-en-defensa-de-los-derechos-humanos-de-ninas-y-mujeres\/#primaryimage"},"image":{"@id":"https:\/\/www.pressenza.com\/es\/2022\/08\/realizan-clase-magistral-con-la-principal-jurista-de-latinoamerica-en-defensa-de-los-derechos-humanos-de-ninas-y-mujeres\/#primaryimage"},"thumbnailUrl":"https:\/\/www.pressenza.com\/wp-content\/uploads\/2022\/08\/9AFCF18B-FA61-46EA-8DB4-9CA0E54BD61B.jpeg","datePublished":"2022-08-11T17:52:24+00:00","dateModified":"2022-08-15T21:57:02+00:00","description":"La costarricense Alda Facio habl\u00f3 sobre \"Derechos Humanos de las mujeres en los sistemas de protecci\u00f3n internacional\" a alrededor de 80 participantes por","breadcrumb":{"@id":"https:\/\/www.pressenza.com\/es\/2022\/08\/realizan-clase-magistral-con-la-principal-jurista-de-latinoamerica-en-defensa-de-los-derechos-humanos-de-ninas-y-mujeres\/#breadcrumb"},"inLanguage":"es","potentialAction":[{"@type":"ReadAction","target":["https:\/\/www.pressenza.com\/es\/2022\/08\/realizan-clase-magistral-con-la-principal-jurista-de-latinoamerica-en-defensa-de-los-derechos-humanos-de-ninas-y-mujeres\/"]}]},{"@type":"ImageObject","inLanguage":"es","@id":"https:\/\/www.pressenza.com\/es\/2022\/08\/realizan-clase-magistral-con-la-principal-jurista-de-latinoamerica-en-defensa-de-los-derechos-humanos-de-ninas-y-mujeres\/#primaryimage","url":"https:\/\/www.pressenza.com\/wp-content\/uploads\/2022\/08\/9AFCF18B-FA61-46EA-8DB4-9CA0E54BD61B.jpeg","contentUrl":"https:\/\/www.pressenza.com\/wp-content\/uploads\/2022\/08\/9AFCF18B-FA61-46EA-8DB4-9CA0E54BD61B.jpeg","width":598,"height":572},{"@type":"BreadcrumbList","@id":"https:\/\/www.pressenza.com\/es\/2022\/08\/realizan-clase-magistral-con-la-principal-jurista-de-latinoamerica-en-defensa-de-los-derechos-humanos-de-ninas-y-mujeres\/#breadcrumb","itemListElement":[{"@type":"ListItem","position":1,"name":"Accueil","item":"https:\/\/www.pressenza.com\/es\/"},{"@type":"ListItem","position":2,"name":"Realizan clase magistral con la principal jurista de Latinoam\u00e9rica en defensa de los Derechos Humanos de ni\u00f1as y mujeres"}]},{"@type":"WebSite","@id":"https:\/\/www.pressenza.com\/es\/#website","url":"https:\/\/www.pressenza.com\/es\/","name":"Pressenza","description":"International Press Agency","publisher":{"@id":"https:\/\/www.pressenza.com\/es\/#organization"},"potentialAction":[{"@type":"SearchAction","target":{"@type":"EntryPoint","urlTemplate":"https:\/\/www.pressenza.com\/es\/?s={search_term_string}"},"query-input":{"@type":"PropertyValueSpecification","valueRequired":true,"valueName":"search_term_string"}}],"inLanguage":"es"},{"@type":"Organization","@id":"https:\/\/www.pressenza.com\/es\/#organization","name":"Pressenza","url":"https:\/\/www.pressenza.com\/es\/","logo":{"@type":"ImageObject","inLanguage":"es","@id":"https:\/\/www.pressenza.com\/es\/#\/schema\/logo\/image\/","url":"https:\/\/www.pressenza.com\/wp-content\/uploads\/2022\/10\/pressenza_logo_200x200.jpg","contentUrl":"https:\/\/www.pressenza.com\/wp-content\/uploads\/2022\/10\/pressenza_logo_200x200.jpg","width":200,"height":200,"caption":"Pressenza"},"image":{"@id":"https:\/\/www.pressenza.com\/es\/#\/schema\/logo\/image\/"},"sameAs":["https:\/\/www.facebook.com\/PressenzaItalia","https:\/\/x.com\/PressenzaIPA"]},{"@type":"Person","@id":"https:\/\/www.pressenza.com\/es\/#\/schema\/person\/d7db40df35d6698ba69ba9ee260944ed","name":"Redacci\u00f3n Chile","description":"News from the Pressenza Bureau in Chile","sameAs":["https:\/\/www.facebook.com\/pressenza","https:\/\/x.com\/pressenza"],"url":"https:\/\/www.pressenza.com\/es\/author\/redaccion-chile\/"}]}},"place":"Santiago de Chile","original_article_url":"","_links":{"self":[{"href":"https:\/\/www.pressenza.com\/es\/wp-json\/wp\/v2\/posts\/1641405","targetHints":{"allow":["GET"]}}],"collection":[{"href":"https:\/\/www.pressenza.com\/es\/wp-json\/wp\/v2\/posts"}],"about":[{"href":"https:\/\/www.pressenza.com\/es\/wp-json\/wp\/v2\/types\/post"}],"author":[{"embeddable":true,"href":"https:\/\/www.pressenza.com\/es\/wp-json\/wp\/v2\/users\/43"}],"replies":[{"embeddable":true,"href":"https:\/\/www.pressenza.com\/es\/wp-json\/wp\/v2\/comments?post=1641405"}],"version-history":[{"count":0,"href":"https:\/\/www.pressenza.com\/es\/wp-json\/wp\/v2\/posts\/1641405\/revisions"}],"wp:featuredmedia":[{"embeddable":true,"href":"https:\/\/www.pressenza.com\/es\/wp-json\/wp\/v2\/media\/1642800"}],"wp:attachment":[{"href":"https:\/\/www.pressenza.com\/es\/wp-json\/wp\/v2\/media?parent=1641405"}],"wp:term":[{"taxonomy":"category","embeddable":true,"href":"https:\/\/www.pressenza.com\/es\/wp-json\/wp\/v2\/categories?post=1641405"},{"taxonomy":"post_tag","embeddable":true,"href":"https:\/\/www.pressenza.com\/es\/wp-json\/wp\/v2\/tags?post=1641405"}],"curies":[{"name":"wp","href":"https:\/\/api.w.org\/{rel}","templated":true}]}}