{"id":1640,"date":"2009-10-04T00:00:00","date_gmt":"2009-10-04T00:00:00","guid":{"rendered":""},"modified":"2012-11-01T18:51:01","modified_gmt":"2012-11-01T18:51:01","slug":"el-dia-en-que-mancha-verde-y-gavioes-da-fiel-se-unieron-por-la-paz-mundial","status":"publish","type":"post","link":"https:\/\/www.pressenza.com\/es\/2009\/10\/el-dia-en-que-mancha-verde-y-gavioes-da-fiel-se-unieron-por-la-paz-mundial\/","title":{"rendered":"El d\u00eda en que Mancha Verde y Gavioes da Fiel se unieron por la paz mundial"},"content":{"rendered":"<p>La Marcha Mundial por la Paz y la No-Violencia comenz\u00f3 bien. Adem\u00e1s de cientos de actos, las actividades de lanzamiento trajeron consigo un cambio de actitud. En Brasil, una rivalidad hist\u00f3rica se transform\u00f3 en una \u201calianza\u201d a la hora de conmemorar el inicio de la mayor iniciativa internacional por la paz. \u00bfO usted ya imagin\u00f3 a los aficionados del Palmeiras y del Corinthians llevando juntos la misma bandera?<\/p>\n<p>Pues s\u00ed, fue eso lo que ocurri\u00f3 durante la Marcha de los Invisibles, una de las actividades en conmemoraci\u00f3n de las primeras etapas del viaje del equipo base de la Marcha Mundial por la Paz y la No-Violencia, que sali\u00f3 el d\u00eda 2 de octubre de Nueva Zelanda para hacer un recorrido que cubrir\u00e1 seis continentes llevando un mensaje de paz y de concienciaci\u00f3n<br \/>\nLos aficionados de Mancha Verde y de Gavi\u00f5es da Fiel se unieron y mostraron la firmeza de siempre al empu\u00f1ar las banderas de la Marcha. Quien pasaba por la Avenida Paulista, se sorprend\u00eda y tomaba fotos para registrar un hecho hist\u00f3rico.<\/p>\n<p>En los edificios aleda\u00f1os, las personas se asomaban por las ventanas y hac\u00edan lo mismo. En aquel instante, los palmeiristas y corintianos asumieron una pasi\u00f3n com\u00fan por la paz y daban su contribuci\u00f3n para que se note que \u201cel 95% de la poblaci\u00f3n mundial est\u00e1 en contra de la guerra, pero es invisible a los ojos de aquellos que ostentan el poder. Cuando el invisible se hace concreto, se vuelve visible, incluso a los ojos de quienes no quieren ver\u201d, explic\u00f3 Samuel Chaves, uno de los organizadores del evento.<\/p>\n<p>Esa fue la consigna de la Marcha de los Invisibles. Fue tan genuino que adem\u00e1s de lograr una uni\u00f3n imposible, sum\u00f3 a otros activistas que hab\u00edan escogido el mismo d\u00eda y lugar para manifestarse. El final de todo aquello no podr\u00eda haber sido otro: tres manifestaciones confluyeron en la formaci\u00f3n del s\u00edmbolo de la No-Violencia.<\/p>\n<p>Al d\u00eda siguiente, el 3 de octubre, representantes de Gavi\u00f5es da Fiel, fueron a\u00fan m\u00e1s all\u00e1 para divulgar la iniciativa por la paz mundial. Pidieron al presidente de Corinthians, Andr\u00e9 Sanches,  que los jugadores del Timao entrasen al campo de juego del estadio Pacaemb\u00fa con la bandera de la Marcha Mundial. Con la autorizaci\u00f3n de su presidente y liderados por Ronaldo \u201cel fen\u00f3meno\u201d, los jugadores mostraron su adhesi\u00f3n a la Marcha Mundial en p\u00fablico, en el partido contra Atl\u00e9tico Paranaense, v\u00e1lido para el campeonato brasile\u00f1o.<\/p>\n<p>Ciertamente Mancha Verde no va a querer quedarse atr\u00e1s y seguramente habr\u00e1 de pedir a los jugadores del Palmeiras que hagan otro tanto en los pr\u00f3ximos partidos del equipo.<\/p>\n<p>*(Traducci\u00f3n: Miren Maialen Samper)*<\/p>\n","protected":false},"excerpt":{"rendered":"<p>Conozca la historia del d\u00eda en el que las hinchadas de mayor rivalidad, la del Corinthians y la del Palmeiras, participaron juntas en el lanzamiento de la Marcha Mundial por la Paz y la No-Violencia. Al d\u00eda siguiente, el equipo de Corinthians encabezado por el \u201cfen\u00f3meno\u201d Ronaldo, entr\u00f3 al campo de juego con la bandera de la Marcha Mundial.<\/p>\n","protected":false},"author":19,"featured_media":0,"comment_status":"closed","ping_status":"open","sticky":false,"template":"","format":"standard","meta":{"footnotes":""},"categories":[1242,1243,67],"tags":[],"class_list":["post-1640","post","type-post","status-publish","format-standard","hentry","category-noviolencia-tema","category-paz-desarme","category-sudamerica"],"yoast_head":"<!-- This site is optimized with the Yoast SEO plugin v27.1.1 - https:\/\/yoast.com\/product\/yoast-seo-wordpress\/ -->\n<title>El d\u00eda en que Mancha Verde y Gavioes da Fiel se unieron por la paz mundial<\/title>\n<meta name=\"description\" content=\"Conozca la historia del d\u00eda en el que las hinchadas de mayor rivalidad, la del Corinthians y la del Palmeiras, participaron juntas en el lanzamiento de la Marcha Mundial por la Paz y la No-Violencia. Al d\u00eda siguiente, el equipo de Corinthians encabezado por el \u201cfen\u00f3meno\u201d Ronaldo, entr\u00f3 al campo de juego con la bandera de la Marcha Mundial.\" \/>\n<meta name=\"robots\" content=\"index, follow, max-snippet:-1, max-image-preview:large, max-video-preview:-1\" \/>\n<link rel=\"canonical\" href=\"https:\/\/www.pressenza.com\/es\/2009\/10\/el-dia-en-que-mancha-verde-y-gavioes-da-fiel-se-unieron-por-la-paz-mundial\/\" \/>\n<meta property=\"og:locale\" content=\"es_ES\" \/>\n<meta property=\"og:type\" content=\"article\" \/>\n<meta property=\"og:title\" content=\"El d\u00eda en que Mancha Verde y Gavioes da Fiel se unieron por la paz mundial\" \/>\n<meta property=\"og:description\" content=\"Conozca la historia del d\u00eda en el que las hinchadas de mayor rivalidad, la del Corinthians y la del Palmeiras, participaron juntas en el lanzamiento de la Marcha Mundial por la Paz y la No-Violencia. Al d\u00eda siguiente, el equipo de Corinthians encabezado por el \u201cfen\u00f3meno\u201d Ronaldo, entr\u00f3 al campo de juego con la bandera de la Marcha Mundial.\" \/>\n<meta property=\"og:url\" content=\"https:\/\/www.pressenza.com\/es\/2009\/10\/el-dia-en-que-mancha-verde-y-gavioes-da-fiel-se-unieron-por-la-paz-mundial\/\" \/>\n<meta property=\"og:site_name\" content=\"Pressenza\" \/>\n<meta property=\"article:publisher\" content=\"https:\/\/www.facebook.com\/PressenzaItalia\" \/>\n<meta property=\"article:author\" content=\"https:\/\/www.facebook.com\/pressenza\" \/>\n<meta property=\"article:published_time\" content=\"2009-10-04T00:00:00+00:00\" \/>\n<meta property=\"article:modified_time\" content=\"2012-11-01T18:51:01+00:00\" \/>\n<meta name=\"author\" content=\"Pressenza IPA\" \/>\n<meta name=\"twitter:card\" content=\"summary_large_image\" \/>\n<meta name=\"twitter:creator\" content=\"@PressenzaIPA\" \/>\n<meta name=\"twitter:site\" content=\"@PressenzaIPA\" \/>\n<meta name=\"twitter:label1\" content=\"Escrito por\" \/>\n\t<meta name=\"twitter:data1\" content=\"Pressenza IPA\" \/>\n\t<meta name=\"twitter:label2\" content=\"Tiempo de lectura\" \/>\n\t<meta name=\"twitter:data2\" content=\"2 minutos\" \/>\n<script type=\"application\/ld+json\" class=\"yoast-schema-graph\">{\"@context\":\"https:\/\/schema.org\",\"@graph\":[{\"@type\":\"Article\",\"@id\":\"https:\/\/www.pressenza.com\/es\/2009\/10\/el-dia-en-que-mancha-verde-y-gavioes-da-fiel-se-unieron-por-la-paz-mundial\/#article\",\"isPartOf\":{\"@id\":\"https:\/\/www.pressenza.com\/es\/2009\/10\/el-dia-en-que-mancha-verde-y-gavioes-da-fiel-se-unieron-por-la-paz-mundial\/\"},\"author\":{\"name\":\"Pressenza IPA\",\"@id\":\"https:\/\/www.pressenza.com\/es\/#\/schema\/person\/010e5d02bcf40965427a1289a4cc8d75\"},\"headline\":\"El d\u00eda en que Mancha Verde y Gavioes da Fiel se unieron por la paz mundial\",\"datePublished\":\"2009-10-04T00:00:00+00:00\",\"dateModified\":\"2012-11-01T18:51:01+00:00\",\"mainEntityOfPage\":{\"@id\":\"https:\/\/www.pressenza.com\/es\/2009\/10\/el-dia-en-que-mancha-verde-y-gavioes-da-fiel-se-unieron-por-la-paz-mundial\/\"},\"wordCount\":485,\"publisher\":{\"@id\":\"https:\/\/www.pressenza.com\/es\/#organization\"},\"articleSection\":[\"Noviolencia\",\"Paz y Desarme\",\"Sudam\u00e9rica\"],\"inLanguage\":\"es\"},{\"@type\":\"WebPage\",\"@id\":\"https:\/\/www.pressenza.com\/es\/2009\/10\/el-dia-en-que-mancha-verde-y-gavioes-da-fiel-se-unieron-por-la-paz-mundial\/\",\"url\":\"https:\/\/www.pressenza.com\/es\/2009\/10\/el-dia-en-que-mancha-verde-y-gavioes-da-fiel-se-unieron-por-la-paz-mundial\/\",\"name\":\"El d\u00eda en que Mancha Verde y Gavioes da Fiel se unieron por la paz mundial\",\"isPartOf\":{\"@id\":\"https:\/\/www.pressenza.com\/es\/#website\"},\"datePublished\":\"2009-10-04T00:00:00+00:00\",\"dateModified\":\"2012-11-01T18:51:01+00:00\",\"description\":\"Conozca la historia del d\u00eda en el que las hinchadas de mayor rivalidad, la del Corinthians y la del Palmeiras, participaron juntas en el lanzamiento de la Marcha Mundial por la Paz y la No-Violencia. Al d\u00eda siguiente, el equipo de Corinthians encabezado por el \u201cfen\u00f3meno\u201d Ronaldo, entr\u00f3 al campo de juego con la bandera de la Marcha Mundial.\",\"breadcrumb\":{\"@id\":\"https:\/\/www.pressenza.com\/es\/2009\/10\/el-dia-en-que-mancha-verde-y-gavioes-da-fiel-se-unieron-por-la-paz-mundial\/#breadcrumb\"},\"inLanguage\":\"es\",\"potentialAction\":[{\"@type\":\"ReadAction\",\"target\":[\"https:\/\/www.pressenza.com\/es\/2009\/10\/el-dia-en-que-mancha-verde-y-gavioes-da-fiel-se-unieron-por-la-paz-mundial\/\"]}]},{\"@type\":\"BreadcrumbList\",\"@id\":\"https:\/\/www.pressenza.com\/es\/2009\/10\/el-dia-en-que-mancha-verde-y-gavioes-da-fiel-se-unieron-por-la-paz-mundial\/#breadcrumb\",\"itemListElement\":[{\"@type\":\"ListItem\",\"position\":1,\"name\":\"Accueil\",\"item\":\"https:\/\/www.pressenza.com\/es\/\"},{\"@type\":\"ListItem\",\"position\":2,\"name\":\"El d\u00eda en que Mancha Verde y Gavioes da Fiel se unieron por la paz mundial\"}]},{\"@type\":\"WebSite\",\"@id\":\"https:\/\/www.pressenza.com\/es\/#website\",\"url\":\"https:\/\/www.pressenza.com\/es\/\",\"name\":\"Pressenza\",\"description\":\"International Press Agency\",\"publisher\":{\"@id\":\"https:\/\/www.pressenza.com\/es\/#organization\"},\"potentialAction\":[{\"@type\":\"SearchAction\",\"target\":{\"@type\":\"EntryPoint\",\"urlTemplate\":\"https:\/\/www.pressenza.com\/es\/?s={search_term_string}\"},\"query-input\":{\"@type\":\"PropertyValueSpecification\",\"valueRequired\":true,\"valueName\":\"search_term_string\"}}],\"inLanguage\":\"es\"},{\"@type\":\"Organization\",\"@id\":\"https:\/\/www.pressenza.com\/es\/#organization\",\"name\":\"Pressenza\",\"url\":\"https:\/\/www.pressenza.com\/es\/\",\"logo\":{\"@type\":\"ImageObject\",\"inLanguage\":\"es\",\"@id\":\"https:\/\/www.pressenza.com\/es\/#\/schema\/logo\/image\/\",\"url\":\"https:\/\/www.pressenza.com\/wp-content\/uploads\/2022\/10\/pressenza_logo_200x200.jpg\",\"contentUrl\":\"https:\/\/www.pressenza.com\/wp-content\/uploads\/2022\/10\/pressenza_logo_200x200.jpg\",\"width\":200,\"height\":200,\"caption\":\"Pressenza\"},\"image\":{\"@id\":\"https:\/\/www.pressenza.com\/es\/#\/schema\/logo\/image\/\"},\"sameAs\":[\"https:\/\/www.facebook.com\/PressenzaItalia\",\"https:\/\/x.com\/PressenzaIPA\"]},{\"@type\":\"Person\",\"@id\":\"https:\/\/www.pressenza.com\/es\/#\/schema\/person\/010e5d02bcf40965427a1289a4cc8d75\",\"name\":\"Pressenza IPA\",\"description\":\"News from Pressenza IPA correspondents\",\"sameAs\":[\"https:\/\/www.facebook.com\/pressenza\",\"https:\/\/x.com\/PressenzaIPA\"],\"url\":\"https:\/\/www.pressenza.com\/es\/author\/pressenza-ipa\/\"}]}<\/script>\n<!-- \/ Yoast SEO plugin. -->","yoast_head_json":{"title":"El d\u00eda en que Mancha Verde y Gavioes da Fiel se unieron por la paz mundial","description":"Conozca la historia del d\u00eda en el que las hinchadas de mayor rivalidad, la del Corinthians y la del Palmeiras, participaron juntas en el lanzamiento de la Marcha Mundial por la Paz y la No-Violencia. Al d\u00eda siguiente, el equipo de Corinthians encabezado por el \u201cfen\u00f3meno\u201d Ronaldo, entr\u00f3 al campo de juego con la bandera de la Marcha Mundial.","robots":{"index":"index","follow":"follow","max-snippet":"max-snippet:-1","max-image-preview":"max-image-preview:large","max-video-preview":"max-video-preview:-1"},"canonical":"https:\/\/www.pressenza.com\/es\/2009\/10\/el-dia-en-que-mancha-verde-y-gavioes-da-fiel-se-unieron-por-la-paz-mundial\/","og_locale":"es_ES","og_type":"article","og_title":"El d\u00eda en que Mancha Verde y Gavioes da Fiel se unieron por la paz mundial","og_description":"Conozca la historia del d\u00eda en el que las hinchadas de mayor rivalidad, la del Corinthians y la del Palmeiras, participaron juntas en el lanzamiento de la Marcha Mundial por la Paz y la No-Violencia. Al d\u00eda siguiente, el equipo de Corinthians encabezado por el \u201cfen\u00f3meno\u201d Ronaldo, entr\u00f3 al campo de juego con la bandera de la Marcha Mundial.","og_url":"https:\/\/www.pressenza.com\/es\/2009\/10\/el-dia-en-que-mancha-verde-y-gavioes-da-fiel-se-unieron-por-la-paz-mundial\/","og_site_name":"Pressenza","article_publisher":"https:\/\/www.facebook.com\/PressenzaItalia","article_author":"https:\/\/www.facebook.com\/pressenza","article_published_time":"2009-10-04T00:00:00+00:00","article_modified_time":"2012-11-01T18:51:01+00:00","author":"Pressenza IPA","twitter_card":"summary_large_image","twitter_creator":"@PressenzaIPA","twitter_site":"@PressenzaIPA","twitter_misc":{"Escrito por":"Pressenza IPA","Tiempo de lectura":"2 minutos"},"schema":{"@context":"https:\/\/schema.org","@graph":[{"@type":"Article","@id":"https:\/\/www.pressenza.com\/es\/2009\/10\/el-dia-en-que-mancha-verde-y-gavioes-da-fiel-se-unieron-por-la-paz-mundial\/#article","isPartOf":{"@id":"https:\/\/www.pressenza.com\/es\/2009\/10\/el-dia-en-que-mancha-verde-y-gavioes-da-fiel-se-unieron-por-la-paz-mundial\/"},"author":{"name":"Pressenza IPA","@id":"https:\/\/www.pressenza.com\/es\/#\/schema\/person\/010e5d02bcf40965427a1289a4cc8d75"},"headline":"El d\u00eda en que Mancha Verde y Gavioes da Fiel se unieron por la paz mundial","datePublished":"2009-10-04T00:00:00+00:00","dateModified":"2012-11-01T18:51:01+00:00","mainEntityOfPage":{"@id":"https:\/\/www.pressenza.com\/es\/2009\/10\/el-dia-en-que-mancha-verde-y-gavioes-da-fiel-se-unieron-por-la-paz-mundial\/"},"wordCount":485,"publisher":{"@id":"https:\/\/www.pressenza.com\/es\/#organization"},"articleSection":["Noviolencia","Paz y Desarme","Sudam\u00e9rica"],"inLanguage":"es"},{"@type":"WebPage","@id":"https:\/\/www.pressenza.com\/es\/2009\/10\/el-dia-en-que-mancha-verde-y-gavioes-da-fiel-se-unieron-por-la-paz-mundial\/","url":"https:\/\/www.pressenza.com\/es\/2009\/10\/el-dia-en-que-mancha-verde-y-gavioes-da-fiel-se-unieron-por-la-paz-mundial\/","name":"El d\u00eda en que Mancha Verde y Gavioes da Fiel se unieron por la paz mundial","isPartOf":{"@id":"https:\/\/www.pressenza.com\/es\/#website"},"datePublished":"2009-10-04T00:00:00+00:00","dateModified":"2012-11-01T18:51:01+00:00","description":"Conozca la historia del d\u00eda en el que las hinchadas de mayor rivalidad, la del Corinthians y la del Palmeiras, participaron juntas en el lanzamiento de la Marcha Mundial por la Paz y la No-Violencia. Al d\u00eda siguiente, el equipo de Corinthians encabezado por el \u201cfen\u00f3meno\u201d Ronaldo, entr\u00f3 al campo de juego con la bandera de la Marcha Mundial.","breadcrumb":{"@id":"https:\/\/www.pressenza.com\/es\/2009\/10\/el-dia-en-que-mancha-verde-y-gavioes-da-fiel-se-unieron-por-la-paz-mundial\/#breadcrumb"},"inLanguage":"es","potentialAction":[{"@type":"ReadAction","target":["https:\/\/www.pressenza.com\/es\/2009\/10\/el-dia-en-que-mancha-verde-y-gavioes-da-fiel-se-unieron-por-la-paz-mundial\/"]}]},{"@type":"BreadcrumbList","@id":"https:\/\/www.pressenza.com\/es\/2009\/10\/el-dia-en-que-mancha-verde-y-gavioes-da-fiel-se-unieron-por-la-paz-mundial\/#breadcrumb","itemListElement":[{"@type":"ListItem","position":1,"name":"Accueil","item":"https:\/\/www.pressenza.com\/es\/"},{"@type":"ListItem","position":2,"name":"El d\u00eda en que Mancha Verde y Gavioes da Fiel se unieron por la paz mundial"}]},{"@type":"WebSite","@id":"https:\/\/www.pressenza.com\/es\/#website","url":"https:\/\/www.pressenza.com\/es\/","name":"Pressenza","description":"International Press Agency","publisher":{"@id":"https:\/\/www.pressenza.com\/es\/#organization"},"potentialAction":[{"@type":"SearchAction","target":{"@type":"EntryPoint","urlTemplate":"https:\/\/www.pressenza.com\/es\/?s={search_term_string}"},"query-input":{"@type":"PropertyValueSpecification","valueRequired":true,"valueName":"search_term_string"}}],"inLanguage":"es"},{"@type":"Organization","@id":"https:\/\/www.pressenza.com\/es\/#organization","name":"Pressenza","url":"https:\/\/www.pressenza.com\/es\/","logo":{"@type":"ImageObject","inLanguage":"es","@id":"https:\/\/www.pressenza.com\/es\/#\/schema\/logo\/image\/","url":"https:\/\/www.pressenza.com\/wp-content\/uploads\/2022\/10\/pressenza_logo_200x200.jpg","contentUrl":"https:\/\/www.pressenza.com\/wp-content\/uploads\/2022\/10\/pressenza_logo_200x200.jpg","width":200,"height":200,"caption":"Pressenza"},"image":{"@id":"https:\/\/www.pressenza.com\/es\/#\/schema\/logo\/image\/"},"sameAs":["https:\/\/www.facebook.com\/PressenzaItalia","https:\/\/x.com\/PressenzaIPA"]},{"@type":"Person","@id":"https:\/\/www.pressenza.com\/es\/#\/schema\/person\/010e5d02bcf40965427a1289a4cc8d75","name":"Pressenza IPA","description":"News from Pressenza IPA correspondents","sameAs":["https:\/\/www.facebook.com\/pressenza","https:\/\/x.com\/PressenzaIPA"],"url":"https:\/\/www.pressenza.com\/es\/author\/pressenza-ipa\/"}]}},"place":"S\u00e3o Paulo","original_article_url":"","_links":{"self":[{"href":"https:\/\/www.pressenza.com\/es\/wp-json\/wp\/v2\/posts\/1640","targetHints":{"allow":["GET"]}}],"collection":[{"href":"https:\/\/www.pressenza.com\/es\/wp-json\/wp\/v2\/posts"}],"about":[{"href":"https:\/\/www.pressenza.com\/es\/wp-json\/wp\/v2\/types\/post"}],"author":[{"embeddable":true,"href":"https:\/\/www.pressenza.com\/es\/wp-json\/wp\/v2\/users\/19"}],"replies":[{"embeddable":true,"href":"https:\/\/www.pressenza.com\/es\/wp-json\/wp\/v2\/comments?post=1640"}],"version-history":[{"count":0,"href":"https:\/\/www.pressenza.com\/es\/wp-json\/wp\/v2\/posts\/1640\/revisions"}],"wp:attachment":[{"href":"https:\/\/www.pressenza.com\/es\/wp-json\/wp\/v2\/media?parent=1640"}],"wp:term":[{"taxonomy":"category","embeddable":true,"href":"https:\/\/www.pressenza.com\/es\/wp-json\/wp\/v2\/categories?post=1640"},{"taxonomy":"post_tag","embeddable":true,"href":"https:\/\/www.pressenza.com\/es\/wp-json\/wp\/v2\/tags?post=1640"}],"curies":[{"name":"wp","href":"https:\/\/api.w.org\/{rel}","templated":true}]}}