{"id":163863,"date":"2015-02-16T22:51:18","date_gmt":"2015-02-16T22:51:18","guid":{"rendered":"http:\/\/www.pressenza.com\/?p=163863"},"modified":"2015-02-16T22:51:18","modified_gmt":"2015-02-16T22:51:18","slug":"cataluna-vive-una-situacion-de-emergencia-social","status":"publish","type":"post","link":"https:\/\/www.pressenza.com\/es\/2015\/02\/cataluna-vive-una-situacion-de-emergencia-social\/","title":{"rendered":"Catalu\u00f1a vive una situaci\u00f3n de emergencia social"},"content":{"rendered":"<p>Catalu\u00f1a (Reino de Espa\u00f1a)<\/p>\n<p>En Catalu\u00f1a se vive una situaci\u00f3n de emergencia social: m\u00e1s de 20 desahucios al d\u00eda y m\u00e1s del 10% de los vecinos, afectados por los cortes de suministros b\u00e1sicos como agua, luz y gas. Es por ello que la Plataforma de Afectados por la Hipoteca (PAH), el Observatorio de Derechos Econ\u00f3micos Sociales y Culturales (DESC) y la Alianza contra la Pobreza Energ\u00e9tica (APE) iniciaron el pasado mes de diciembre una campa\u00f1a de recogida de firmas.<\/p>\n<p>Con esta iniciativa las entidades impulsoras,\u00a0 quieren evidenciar la necesidad de que el gobierno de la Generalitat haga uso de las competencias de las que dispone en materia de vivienda y protecci\u00f3n de los consumidores y adopte las medidas urgentes en favor de las familias afectadas por la crisis.<\/p>\n<p>Con un 19% de paro, 726.000 personas, m\u00e1s del 60% de las cuales en paro de larga duraci\u00f3n, Catalu\u00f1a se ha convertido en una de las Comunidades Aut\u00f3nomas m\u00e1s afectadas por la crisis econ\u00f3mica. Seg\u00fan datos recientes del Instituto de Estad\u00edstica de Catalu\u00f1a, 220.700 hogares tienen a todos sus miembros en el paro, de las cuales 106.700 no perciben ning\u00fan ingreso. Cada vez son m\u00e1s las personas que incluso trabajando no disponen de los ingresos suficientes para hacer frente a los gastos familiares b\u00e1sicos.<\/p>\n<p>\u00c9sta situaci\u00f3n de emergencia social es especialmente grave en el \u00e1mbito de la vivienda. Seg\u00fan datos jur\u00eddicos, desde que empez\u00f3 la crisis en el 2008 Catalu\u00f1a acumula m\u00e1s de 50.000 desahucios por motivos econ\u00f3micos (20 desahucios al d\u00eda) encabezando el triste ranquing de la p\u00e9rdida de vivienda en todo el estado Espa\u00f1ol. Seg\u00fan el \u00abDepartamento de Territorio y Sostenibilidad\u00bb\u00a0de la Generalitat, las viviendas de alquiler social no llegan a las 30.000 -1% del parque habitacional frente al 18% de los pa\u00edses europeos cercanos-, cantidad m\u00e1s que insuficiente para responder a la demanda habitacional.<\/p>\n<p><strong>Muchas de las familias desahuciadas, en este momento, son v\u00edctimas de la sobreexposici\u00f3n del cr\u00e9dito hipotecario y sufren una aut\u00e9ntica muerte civil<\/strong>. El sobreendeudamiento, de hecho, es una de las problem\u00e1ticas m\u00e1s crueles de las familias hipotecadas, muchas de las cuales est\u00e1n integradas por menores de edad que se ven directamente afectados, as\u00ed como lo refleja el informe:\u00a0\u201cEmergencia Habitacional en el estado espa\u00f1ol. La crisis de las ejecuciones hipotecarias y los desalojos desde una perspectiva de derechos humanos\u201d<\/p>\n<p>Igualmente, resulta alarmante el crecimiento de la pobreza energ\u00e9tica que a d\u00eda de hoy afecta a m\u00e1s del 10% de la poblaci\u00f3n en Catalu\u00f1a. As\u00ed, m\u00e1s de 320.000 familias no pueden mantener sus casas a una temperatura adecuada por falta de recursos econ\u00f3micos o porque ya han sufrido cortes de suministro energ\u00e9tico (luz y gas) y agua.<\/p>\n<p>Este crecimiento de la pobreza energ\u00e9tica est\u00e1 vinculado tanto a la deficiente calidad energ\u00e9tica del parque de vivienda existente como al aumento continuo de los precios de los recibos de agua, luz y gas. Suministros todos ellos en manos de empresas oligopol\u00edstisticas. No es casualidad que en todo el territorio espa\u00f1ol el precio de la energ\u00eda sea un 30% m\u00e1s caro que la media de la UE y que los beneficios de las compa\u00f1\u00edas sea el doble que los beneficios del sector a escala europea.<\/p>\n<p>Afortunadamente, Catalu\u00f1a dispone de los recursos legales y materiales necesarios para hacer frente a la situaci\u00f3n. En particular, Catalu\u00f1a acumula 450.000 viviendas vac\u00edas (100.000 en manos de entidades financieras, 80.000 viviendas nuevas de nueva construcci\u00f3n y 270.000 viviendas particulares). Por otro lado, las compa\u00f1\u00edas el\u00e9ctricas con una media de beneficios de unos 3.849 millones de euros entre 2.008 y 2.012 disfrutan de una situaci\u00f3n econ\u00f3mica privilegiada. De lo que se trata, entonces, es de hacer servir las competencias exclusivas del gobierno de la Generalitat en materia de vivienda y protecci\u00f3n de los consumidores para parar la concentraci\u00f3n de la riqueza por parte de las grandes empresas de suministros, entidades financieras, fondos buitres y grandes inmobiliarias.<\/p>\n<p>Por esta raz\u00f3n, la Plataforma de Afectados por la Hipoteca, la Alianza contra la Pobreza Energ\u00e9tica y el Observatorio DESC han presentado la ILP de medidas urgentes para hacer frente a la emergencia habitacional y la pobreza energ\u00e9tica, ILP que fue admitida a tr\u00e1mite por la mesa del Parlament el pasado 13 de octubre.<\/p>\n<p>En concreto proponen las siguientes medidas de m\u00ednimos imprescindibles para hacer frente al sobreendeudamiento, los desahucios y los cortes de suministros b\u00e1sicos:<\/p>\n<ul>\n<li>Mecanismos que proporcionen una segunda oportunidad a las personas sobre endeudadas,mediante dos procedimientos (uno extrajudicial y otro judicial) se posibilita que las familias puedan liquidar sus deudas vinculadas con la vivienda habitual con el fin de poder empezar de nuevo.<\/li>\n<li>Ning\u00fan desahucio para las familias que no puedan hacer frente al pago de la hipoteca, estableciendo la obligaci\u00f3n a las entidades financieras de conceder un alquiler social a las familias en situaci\u00f3n de vulnerabilidad.<\/li>\n<li>Ning\u00fan desahucio para las familias que no puedan hacer frente al pago del alquiler cuando los propietarios sean bancos, fondos buitres o grandes\u00a0\u00a0inmobiliarias estableciendo la obligaci\u00f3n de estos grandes tenedores de vivienda a conceder un alquiler social a las familias en situaci\u00f3n de vulnerabilidad.<\/li>\n<li>Todas las ayudas para las familias que no puedan hacer frente al pago del alquiler de pisos de propiedad de personas f\u00edsicas.Cuando el propietario del inmueble sea un peque\u00f1o propietario, en cambio, la administraci\u00f3n estar\u00e1 obligada a conceder ayudas para que el afectado pueda seguir en una vivienda o asegurarle un re-alojo adecuado.<\/li>\n<li>Creaci\u00f3n de un parque de alquiler social a trav\u00e9s del alquiler forzoso de los pisos vac\u00edos en poder de los bancos y grandes tenedores de vivienda.<\/li>\n<li>Impedir los cortes de luz, agua o gas que afecten a las familias en situaci\u00f3n de vulnerabilidad.Se establecer\u00e1 un protocolo obligado de comunicaci\u00f3n e intervenci\u00f3n previa de los Servicios sociales para aplicar las ayudas necesarias para evitar los cortes de suministros.<\/li>\n<li>Garantizar el acceso a los suministros de agua, luz y gasa todos los hogares vulnerables.<\/li>\n<\/ul>\n<p>Fuente: www.afectadosporlahipoteca.com<\/p>\n","protected":false},"excerpt":{"rendered":"<p>Catalu\u00f1a (Reino de Espa\u00f1a) En Catalu\u00f1a se vive una situaci\u00f3n de emergencia social: m\u00e1s de 20 desahucios al d\u00eda y m\u00e1s del 10% de los vecinos, afectados por los cortes de suministros b\u00e1sicos como agua, luz y gas. Es por&hellip;<\/p>\n","protected":false},"author":1120,"featured_media":163867,"comment_status":"closed","ping_status":"open","sticky":false,"template":"","format":"standard","meta":{"footnotes":""},"categories":[79,81,66,39],"tags":[12808,11377,1161,16108],"class_list":["post-163863","post","type-post","status-publish","format-standard","has-post-thumbnail","hentry","category-derechos-humanos","category-economia-es","category-europa-es","category-internacional","tag-afectados-por-la-hipoteca","tag-cataluna","tag-desahucios","tag-pobreza-energetica"],"yoast_head":"<!-- This site is optimized with the Yoast SEO plugin v27.1.1 - https:\/\/yoast.com\/product\/yoast-seo-wordpress\/ -->\n<title>Catalu\u00f1a vive una situaci\u00f3n de emergencia social<\/title>\n<meta name=\"description\" content=\"Catalu\u00f1a (Reino de Espa\u00f1a) En Catalu\u00f1a se vive una situaci\u00f3n de emergencia social: m\u00e1s de 20 desahucios al d\u00eda y m\u00e1s del 10% de los vecinos, afectados por\" \/>\n<meta name=\"robots\" content=\"index, follow, max-snippet:-1, max-image-preview:large, max-video-preview:-1\" \/>\n<link rel=\"canonical\" href=\"https:\/\/www.pressenza.com\/es\/2015\/02\/cataluna-vive-una-situacion-de-emergencia-social\/\" \/>\n<meta property=\"og:locale\" content=\"es_ES\" \/>\n<meta property=\"og:type\" content=\"article\" \/>\n<meta property=\"og:title\" content=\"Catalu\u00f1a vive una situaci\u00f3n de emergencia social\" \/>\n<meta property=\"og:description\" content=\"Catalu\u00f1a (Reino de Espa\u00f1a) En Catalu\u00f1a se vive una situaci\u00f3n de emergencia social: m\u00e1s de 20 desahucios al d\u00eda y m\u00e1s del 10% de los vecinos, afectados por\" \/>\n<meta property=\"og:url\" content=\"https:\/\/www.pressenza.com\/es\/2015\/02\/cataluna-vive-una-situacion-de-emergencia-social\/\" \/>\n<meta property=\"og:site_name\" content=\"Pressenza\" \/>\n<meta property=\"article:publisher\" content=\"https:\/\/www.facebook.com\/PressenzaItalia\" \/>\n<meta property=\"article:published_time\" content=\"2015-02-16T22:51:18+00:00\" \/>\n<meta property=\"og:image\" content=\"https:\/\/www.pressenza.com\/wp-content\/uploads\/2015\/02\/PAH.-CatalunyaBank.jpg\" \/>\n\t<meta property=\"og:image:width\" content=\"480\" \/>\n\t<meta property=\"og:image:height\" content=\"360\" \/>\n\t<meta property=\"og:image:type\" content=\"image\/jpeg\" \/>\n<meta name=\"author\" content=\"Antonia Utrera\" \/>\n<meta name=\"twitter:card\" content=\"summary_large_image\" \/>\n<meta name=\"twitter:creator\" content=\"@PressenzaIPA\" \/>\n<meta name=\"twitter:site\" content=\"@PressenzaIPA\" \/>\n<meta name=\"twitter:label1\" content=\"Escrito por\" \/>\n\t<meta name=\"twitter:data1\" content=\"Antonia Utrera\" \/>\n\t<meta name=\"twitter:label2\" content=\"Tiempo de lectura\" \/>\n\t<meta name=\"twitter:data2\" content=\"5 minutos\" \/>\n<script type=\"application\/ld+json\" class=\"yoast-schema-graph\">{\"@context\":\"https:\/\/schema.org\",\"@graph\":[{\"@type\":\"Article\",\"@id\":\"https:\/\/www.pressenza.com\/es\/2015\/02\/cataluna-vive-una-situacion-de-emergencia-social\/#article\",\"isPartOf\":{\"@id\":\"https:\/\/www.pressenza.com\/es\/2015\/02\/cataluna-vive-una-situacion-de-emergencia-social\/\"},\"author\":{\"name\":\"Antonia Utrera\",\"@id\":\"https:\/\/www.pressenza.com\/es\/#\/schema\/person\/3d1608dac82a5f0ea9ad17d03bea0b2a\"},\"headline\":\"Catalu\u00f1a vive una situaci\u00f3n de emergencia social\",\"datePublished\":\"2015-02-16T22:51:18+00:00\",\"mainEntityOfPage\":{\"@id\":\"https:\/\/www.pressenza.com\/es\/2015\/02\/cataluna-vive-una-situacion-de-emergencia-social\/\"},\"wordCount\":1056,\"publisher\":{\"@id\":\"https:\/\/www.pressenza.com\/es\/#organization\"},\"image\":{\"@id\":\"https:\/\/www.pressenza.com\/es\/2015\/02\/cataluna-vive-una-situacion-de-emergencia-social\/#primaryimage\"},\"thumbnailUrl\":\"https:\/\/www.pressenza.com\/wp-content\/uploads\/2015\/02\/PAH.-CatalunyaBank.jpg\",\"keywords\":[\"Afectados por la Hipoteca\",\"Catalu\u00f1a\",\"desahucios\",\"Pobreza Energetica\"],\"articleSection\":[\"Derechos Humanos\",\"Econom\u00eda\",\"Europa\",\"Internacional\"],\"inLanguage\":\"es\"},{\"@type\":\"WebPage\",\"@id\":\"https:\/\/www.pressenza.com\/es\/2015\/02\/cataluna-vive-una-situacion-de-emergencia-social\/\",\"url\":\"https:\/\/www.pressenza.com\/es\/2015\/02\/cataluna-vive-una-situacion-de-emergencia-social\/\",\"name\":\"Catalu\u00f1a vive una situaci\u00f3n de emergencia social\",\"isPartOf\":{\"@id\":\"https:\/\/www.pressenza.com\/es\/#website\"},\"primaryImageOfPage\":{\"@id\":\"https:\/\/www.pressenza.com\/es\/2015\/02\/cataluna-vive-una-situacion-de-emergencia-social\/#primaryimage\"},\"image\":{\"@id\":\"https:\/\/www.pressenza.com\/es\/2015\/02\/cataluna-vive-una-situacion-de-emergencia-social\/#primaryimage\"},\"thumbnailUrl\":\"https:\/\/www.pressenza.com\/wp-content\/uploads\/2015\/02\/PAH.-CatalunyaBank.jpg\",\"datePublished\":\"2015-02-16T22:51:18+00:00\",\"description\":\"Catalu\u00f1a (Reino de Espa\u00f1a) En Catalu\u00f1a se vive una situaci\u00f3n de emergencia social: m\u00e1s de 20 desahucios al d\u00eda y m\u00e1s del 10% de los vecinos, afectados por\",\"breadcrumb\":{\"@id\":\"https:\/\/www.pressenza.com\/es\/2015\/02\/cataluna-vive-una-situacion-de-emergencia-social\/#breadcrumb\"},\"inLanguage\":\"es\",\"potentialAction\":[{\"@type\":\"ReadAction\",\"target\":[\"https:\/\/www.pressenza.com\/es\/2015\/02\/cataluna-vive-una-situacion-de-emergencia-social\/\"]}]},{\"@type\":\"ImageObject\",\"inLanguage\":\"es\",\"@id\":\"https:\/\/www.pressenza.com\/es\/2015\/02\/cataluna-vive-una-situacion-de-emergencia-social\/#primaryimage\",\"url\":\"https:\/\/www.pressenza.com\/wp-content\/uploads\/2015\/02\/PAH.-CatalunyaBank.jpg\",\"contentUrl\":\"https:\/\/www.pressenza.com\/wp-content\/uploads\/2015\/02\/PAH.-CatalunyaBank.jpg\",\"width\":480,\"height\":360},{\"@type\":\"BreadcrumbList\",\"@id\":\"https:\/\/www.pressenza.com\/es\/2015\/02\/cataluna-vive-una-situacion-de-emergencia-social\/#breadcrumb\",\"itemListElement\":[{\"@type\":\"ListItem\",\"position\":1,\"name\":\"Accueil\",\"item\":\"https:\/\/www.pressenza.com\/es\/\"},{\"@type\":\"ListItem\",\"position\":2,\"name\":\"Catalu\u00f1a vive una situaci\u00f3n de emergencia social\"}]},{\"@type\":\"WebSite\",\"@id\":\"https:\/\/www.pressenza.com\/es\/#website\",\"url\":\"https:\/\/www.pressenza.com\/es\/\",\"name\":\"Pressenza\",\"description\":\"International Press Agency\",\"publisher\":{\"@id\":\"https:\/\/www.pressenza.com\/es\/#organization\"},\"potentialAction\":[{\"@type\":\"SearchAction\",\"target\":{\"@type\":\"EntryPoint\",\"urlTemplate\":\"https:\/\/www.pressenza.com\/es\/?s={search_term_string}\"},\"query-input\":{\"@type\":\"PropertyValueSpecification\",\"valueRequired\":true,\"valueName\":\"search_term_string\"}}],\"inLanguage\":\"es\"},{\"@type\":\"Organization\",\"@id\":\"https:\/\/www.pressenza.com\/es\/#organization\",\"name\":\"Pressenza\",\"url\":\"https:\/\/www.pressenza.com\/es\/\",\"logo\":{\"@type\":\"ImageObject\",\"inLanguage\":\"es\",\"@id\":\"https:\/\/www.pressenza.com\/es\/#\/schema\/logo\/image\/\",\"url\":\"https:\/\/www.pressenza.com\/wp-content\/uploads\/2022\/10\/pressenza_logo_200x200.jpg\",\"contentUrl\":\"https:\/\/www.pressenza.com\/wp-content\/uploads\/2022\/10\/pressenza_logo_200x200.jpg\",\"width\":200,\"height\":200,\"caption\":\"Pressenza\"},\"image\":{\"@id\":\"https:\/\/www.pressenza.com\/es\/#\/schema\/logo\/image\/\"},\"sameAs\":[\"https:\/\/www.facebook.com\/PressenzaItalia\",\"https:\/\/x.com\/PressenzaIPA\"]},{\"@type\":\"Person\",\"@id\":\"https:\/\/www.pressenza.com\/es\/#\/schema\/person\/3d1608dac82a5f0ea9ad17d03bea0b2a\",\"name\":\"Antonia Utrera\",\"description\":\"Antonia Utrera lives and works in Barcelona, Spain. Writer, editor and journalist. Long experience in the media and communication. Director of the magazine Acelobert Barcelona. A member of the Noesis Humanist Centre of Studies.\",\"url\":\"https:\/\/www.pressenza.com\/es\/author\/antonia-utrera\/\"}]}<\/script>\n<!-- \/ Yoast SEO plugin. -->","yoast_head_json":{"title":"Catalu\u00f1a vive una situaci\u00f3n de emergencia social","description":"Catalu\u00f1a (Reino de Espa\u00f1a) En Catalu\u00f1a se vive una situaci\u00f3n de emergencia social: m\u00e1s de 20 desahucios al d\u00eda y m\u00e1s del 10% de los vecinos, afectados por","robots":{"index":"index","follow":"follow","max-snippet":"max-snippet:-1","max-image-preview":"max-image-preview:large","max-video-preview":"max-video-preview:-1"},"canonical":"https:\/\/www.pressenza.com\/es\/2015\/02\/cataluna-vive-una-situacion-de-emergencia-social\/","og_locale":"es_ES","og_type":"article","og_title":"Catalu\u00f1a vive una situaci\u00f3n de emergencia social","og_description":"Catalu\u00f1a (Reino de Espa\u00f1a) En Catalu\u00f1a se vive una situaci\u00f3n de emergencia social: m\u00e1s de 20 desahucios al d\u00eda y m\u00e1s del 10% de los vecinos, afectados por","og_url":"https:\/\/www.pressenza.com\/es\/2015\/02\/cataluna-vive-una-situacion-de-emergencia-social\/","og_site_name":"Pressenza","article_publisher":"https:\/\/www.facebook.com\/PressenzaItalia","article_published_time":"2015-02-16T22:51:18+00:00","og_image":[{"width":480,"height":360,"url":"https:\/\/www.pressenza.com\/wp-content\/uploads\/2015\/02\/PAH.-CatalunyaBank.jpg","type":"image\/jpeg"}],"author":"Antonia Utrera","twitter_card":"summary_large_image","twitter_creator":"@PressenzaIPA","twitter_site":"@PressenzaIPA","twitter_misc":{"Escrito por":"Antonia Utrera","Tiempo de lectura":"5 minutos"},"schema":{"@context":"https:\/\/schema.org","@graph":[{"@type":"Article","@id":"https:\/\/www.pressenza.com\/es\/2015\/02\/cataluna-vive-una-situacion-de-emergencia-social\/#article","isPartOf":{"@id":"https:\/\/www.pressenza.com\/es\/2015\/02\/cataluna-vive-una-situacion-de-emergencia-social\/"},"author":{"name":"Antonia Utrera","@id":"https:\/\/www.pressenza.com\/es\/#\/schema\/person\/3d1608dac82a5f0ea9ad17d03bea0b2a"},"headline":"Catalu\u00f1a vive una situaci\u00f3n de emergencia social","datePublished":"2015-02-16T22:51:18+00:00","mainEntityOfPage":{"@id":"https:\/\/www.pressenza.com\/es\/2015\/02\/cataluna-vive-una-situacion-de-emergencia-social\/"},"wordCount":1056,"publisher":{"@id":"https:\/\/www.pressenza.com\/es\/#organization"},"image":{"@id":"https:\/\/www.pressenza.com\/es\/2015\/02\/cataluna-vive-una-situacion-de-emergencia-social\/#primaryimage"},"thumbnailUrl":"https:\/\/www.pressenza.com\/wp-content\/uploads\/2015\/02\/PAH.-CatalunyaBank.jpg","keywords":["Afectados por la Hipoteca","Catalu\u00f1a","desahucios","Pobreza Energetica"],"articleSection":["Derechos Humanos","Econom\u00eda","Europa","Internacional"],"inLanguage":"es"},{"@type":"WebPage","@id":"https:\/\/www.pressenza.com\/es\/2015\/02\/cataluna-vive-una-situacion-de-emergencia-social\/","url":"https:\/\/www.pressenza.com\/es\/2015\/02\/cataluna-vive-una-situacion-de-emergencia-social\/","name":"Catalu\u00f1a vive una situaci\u00f3n de emergencia social","isPartOf":{"@id":"https:\/\/www.pressenza.com\/es\/#website"},"primaryImageOfPage":{"@id":"https:\/\/www.pressenza.com\/es\/2015\/02\/cataluna-vive-una-situacion-de-emergencia-social\/#primaryimage"},"image":{"@id":"https:\/\/www.pressenza.com\/es\/2015\/02\/cataluna-vive-una-situacion-de-emergencia-social\/#primaryimage"},"thumbnailUrl":"https:\/\/www.pressenza.com\/wp-content\/uploads\/2015\/02\/PAH.-CatalunyaBank.jpg","datePublished":"2015-02-16T22:51:18+00:00","description":"Catalu\u00f1a (Reino de Espa\u00f1a) En Catalu\u00f1a se vive una situaci\u00f3n de emergencia social: m\u00e1s de 20 desahucios al d\u00eda y m\u00e1s del 10% de los vecinos, afectados por","breadcrumb":{"@id":"https:\/\/www.pressenza.com\/es\/2015\/02\/cataluna-vive-una-situacion-de-emergencia-social\/#breadcrumb"},"inLanguage":"es","potentialAction":[{"@type":"ReadAction","target":["https:\/\/www.pressenza.com\/es\/2015\/02\/cataluna-vive-una-situacion-de-emergencia-social\/"]}]},{"@type":"ImageObject","inLanguage":"es","@id":"https:\/\/www.pressenza.com\/es\/2015\/02\/cataluna-vive-una-situacion-de-emergencia-social\/#primaryimage","url":"https:\/\/www.pressenza.com\/wp-content\/uploads\/2015\/02\/PAH.-CatalunyaBank.jpg","contentUrl":"https:\/\/www.pressenza.com\/wp-content\/uploads\/2015\/02\/PAH.-CatalunyaBank.jpg","width":480,"height":360},{"@type":"BreadcrumbList","@id":"https:\/\/www.pressenza.com\/es\/2015\/02\/cataluna-vive-una-situacion-de-emergencia-social\/#breadcrumb","itemListElement":[{"@type":"ListItem","position":1,"name":"Accueil","item":"https:\/\/www.pressenza.com\/es\/"},{"@type":"ListItem","position":2,"name":"Catalu\u00f1a vive una situaci\u00f3n de emergencia social"}]},{"@type":"WebSite","@id":"https:\/\/www.pressenza.com\/es\/#website","url":"https:\/\/www.pressenza.com\/es\/","name":"Pressenza","description":"International Press Agency","publisher":{"@id":"https:\/\/www.pressenza.com\/es\/#organization"},"potentialAction":[{"@type":"SearchAction","target":{"@type":"EntryPoint","urlTemplate":"https:\/\/www.pressenza.com\/es\/?s={search_term_string}"},"query-input":{"@type":"PropertyValueSpecification","valueRequired":true,"valueName":"search_term_string"}}],"inLanguage":"es"},{"@type":"Organization","@id":"https:\/\/www.pressenza.com\/es\/#organization","name":"Pressenza","url":"https:\/\/www.pressenza.com\/es\/","logo":{"@type":"ImageObject","inLanguage":"es","@id":"https:\/\/www.pressenza.com\/es\/#\/schema\/logo\/image\/","url":"https:\/\/www.pressenza.com\/wp-content\/uploads\/2022\/10\/pressenza_logo_200x200.jpg","contentUrl":"https:\/\/www.pressenza.com\/wp-content\/uploads\/2022\/10\/pressenza_logo_200x200.jpg","width":200,"height":200,"caption":"Pressenza"},"image":{"@id":"https:\/\/www.pressenza.com\/es\/#\/schema\/logo\/image\/"},"sameAs":["https:\/\/www.facebook.com\/PressenzaItalia","https:\/\/x.com\/PressenzaIPA"]},{"@type":"Person","@id":"https:\/\/www.pressenza.com\/es\/#\/schema\/person\/3d1608dac82a5f0ea9ad17d03bea0b2a","name":"Antonia Utrera","description":"Antonia Utrera lives and works in Barcelona, Spain. Writer, editor and journalist. Long experience in the media and communication. Director of the magazine Acelobert Barcelona. A member of the Noesis Humanist Centre of Studies.","url":"https:\/\/www.pressenza.com\/es\/author\/antonia-utrera\/"}]}},"place":"","original_article_url":"","_links":{"self":[{"href":"https:\/\/www.pressenza.com\/es\/wp-json\/wp\/v2\/posts\/163863","targetHints":{"allow":["GET"]}}],"collection":[{"href":"https:\/\/www.pressenza.com\/es\/wp-json\/wp\/v2\/posts"}],"about":[{"href":"https:\/\/www.pressenza.com\/es\/wp-json\/wp\/v2\/types\/post"}],"author":[{"embeddable":true,"href":"https:\/\/www.pressenza.com\/es\/wp-json\/wp\/v2\/users\/1120"}],"replies":[{"embeddable":true,"href":"https:\/\/www.pressenza.com\/es\/wp-json\/wp\/v2\/comments?post=163863"}],"version-history":[{"count":0,"href":"https:\/\/www.pressenza.com\/es\/wp-json\/wp\/v2\/posts\/163863\/revisions"}],"wp:featuredmedia":[{"embeddable":true,"href":"https:\/\/www.pressenza.com\/es\/wp-json\/wp\/v2\/media\/163867"}],"wp:attachment":[{"href":"https:\/\/www.pressenza.com\/es\/wp-json\/wp\/v2\/media?parent=163863"}],"wp:term":[{"taxonomy":"category","embeddable":true,"href":"https:\/\/www.pressenza.com\/es\/wp-json\/wp\/v2\/categories?post=163863"},{"taxonomy":"post_tag","embeddable":true,"href":"https:\/\/www.pressenza.com\/es\/wp-json\/wp\/v2\/tags?post=163863"}],"curies":[{"name":"wp","href":"https:\/\/api.w.org\/{rel}","templated":true}]}}