{"id":1633134,"date":"2022-07-28T22:16:31","date_gmt":"2022-07-28T21:16:31","guid":{"rendered":"https:\/\/www.pressenza.com\/?p=1633134"},"modified":"2022-07-28T22:16:31","modified_gmt":"2022-07-28T21:16:31","slug":"apdha-publica-un-documento-informativo-para-las-familias-de-personas-desaparecidas-en-la-frontera-sur","status":"publish","type":"post","link":"https:\/\/www.pressenza.com\/es\/2022\/07\/apdha-publica-un-documento-informativo-para-las-familias-de-personas-desaparecidas-en-la-frontera-sur\/","title":{"rendered":"APDHA publica un documento informativo para las familias de personas desaparecidas en la frontera sur"},"content":{"rendered":"<p style=\"padding-left: 40px;\">Pretende contrarrestar la opacidad con la que el Gobierno gestiona las migraciones y evitar que se trafique con la informaci\u00f3n<\/p>\n<p style=\"padding-left: 40px;\">Denuncia \u201cla desidia de la Administraci\u00f3n y el sesgo racista y xen\u00f3fobo de sus pol\u00edticas, que denotan que para quienes gobiernan, todas las vidas no valen lo mismo\u201d<\/p>\n<p>La Asociaci\u00f3n Pro Derechos Humanos de Andaluc\u00eda (APDHA) ha publicado hoy, dentro de la campa\u00f1a #VidasSinRastro a la que se han adherido m\u00e1s de un centenar de organizaciones, un documento informativo sobre la gesti\u00f3n de las migraciones en la frontera sur, destinado a las familias de las personas muertas o desaparecidas intentando alcanzar la costa espa\u00f1ola.<\/p>\n<p>El objetivo del documento es \u201c<b>contrarrestar<\/b><b> la opacidad con la que el Gobierno <\/b>espa\u00f1ol gestiona las migraciones en la frontera sur y<b> evitar que esta falta de transparencia fomente y se utilice para traficar<\/b>, con fines lucrativos,<b> con la informaci\u00f3n<\/b> en perjuicio de los derechos de las familias\u201d.<\/p>\n<p>As\u00ed, en este documento se informa sobre <b>qu\u00e9 ocurre con las personas desde que son rescatadas<\/b> por Salvamento Mar\u00edtimo hasta que pueden ser puestas en libertad o internadas en un Centro de Internamiento de Extranjeros (CIE). Tambi\u00e9n se facilitan tel\u00e9fonos y correos electr\u00f3nicos, tanto de las comisar\u00edas de Polic\u00eda Nacional, como de diversas entidades que trabajan en el terreno con las personas migrantes.<\/p>\n<p>La APDHA, aludiendo a los problemas con que se encuentran las familias a la hora de interponer una denuncia por la desaparici\u00f3n, hace hincapi\u00e9 en que los Estados tienen la <b>obligaci\u00f3n de activar los mecanismos necesarios para la b\u00fasqueda, averiguaci\u00f3n y localizaci\u00f3n tras la denuncia. \u201c<\/b>Es un principio del derecho internacional y garant\u00eda de los derechos humanos que ha de ser respetado en todo momento, es por tanto en una obligaci\u00f3n\u201d, afirma.<\/p>\n<p>La organizaci\u00f3n denuncia que los acuerdos de las autoridades con los pa\u00edses de origen, tr\u00e1nsito y destino tienen <b>en el centro, exclusivamente, el control migratorio y no el respeto por los derechos humanos<\/b>, <b>ni se implican<\/b> de forma real para dar una respuesta adecuada <b>en la desaparici\u00f3n de personas en movimiento<\/b>. Un ejemplo de ello, argumenta, es la respuesta del ministro del Interior y del Gobierno espa\u00f1ol tras la tragedia del pasado 24 de junio en la frontera de Melilla y Marruecos, en cuyo suceso murieron al menos 27 personas, seg\u00fan la <a href=\"https:\/\/www.facebook.com\/AmdhNador\/\" target=\"_blank\" rel=\"noopener\" data-saferedirecturl=\"https:\/\/www.google.com\/url?q=https:\/\/www.facebook.com\/AmdhNador\/&amp;source=gmail&amp;ust=1659117872380000&amp;usg=AOvVaw3BIPVh1BHSG_JWjHepe9Vp\"><b>Asociaci\u00f3n Marroqu\u00ed de Derechos Humanos de Nador<\/b><\/a>, y se tiene la constancia de la <a href=\"https:\/\/elforodeceuta.es\/la-amdh-denuncia-64-desapariciones-durante-el-salto-de-la-valla-de-melilla\/\" target=\"_blank\" rel=\"noopener\" data-saferedirecturl=\"https:\/\/www.google.com\/url?q=https:\/\/elforodeceuta.es\/la-amdh-denuncia-64-desapariciones-durante-el-salto-de-la-valla-de-melilla\/&amp;source=gmail&amp;ust=1659117872380000&amp;usg=AOvVaw0r3TL13dscTFJlkoc6f8QX\"><b>desaparici\u00f3n de otras 64<\/b><\/a>.<\/p>\n<p>La entidad declara que \u201ces inaudito que la informaci\u00f3n sobre los protocolos de b\u00fasqueda de personas en la frontera sur dependa de la voluntariedad del funcionariado o de las ONG que trabajan en el terreno ante la <b>desidia de la Administraci\u00f3n<\/b>, por lo que se sigue demostrando el <b>sesgo racista y xen\u00f3fobo de las pol\u00edticas migratorias<\/b> y que para quienes gobiernan <b>todas las vidas no valen lo mismo<\/b>\u201d. Se refiere as\u00ed la organizaci\u00f3n al trabajo que muchas organizaciones llevan haciendo para localizar a las personas desaparecidas o fallecidas en los numerosos naufragios que desde 1988 <b>ha costado la vida al menos a<\/b> <b>m\u00e1s de 12.208 personas<\/b>.<\/p>\n<p>La campa\u00f1a <a href=\"https:\/\/www.apdha.org\/vidas-sin-rastro\/\" target=\"_blank\" rel=\"noopener\" data-saferedirecturl=\"https:\/\/www.google.com\/url?q=https:\/\/www.apdha.org\/vidas-sin-rastro\/&amp;source=gmail&amp;ust=1659117872380000&amp;usg=AOvVaw3VExKDD4_eMPYWNlvZvS9v\"><b>#VidasSinRastro<\/b><\/a> se lanz\u00f3 el pasado 10 de mayo donde adem\u00e1s de un manifiesto apoyado por m\u00e1s de un centenar de organizaciones en el que se expon\u00edan las <b>trabas burocr\u00e1ticas y dificultades a las que se enfrentan las familias para localizar a sus seres queridos en la frontera sur espa\u00f1ola<\/b>.<\/p>\n<p>El manifiesto de denuncia incluye siete propuestas, basadas en el reconocimiento de derechos y el cumplimiento de los compromisos adquiridos, derivados de los pactos y acuerdos internacionales, tales como la creaci\u00f3n de una <b>oficina que asegure una atenci\u00f3n integral<\/b> en la denuncia, b\u00fasqueda, localizaci\u00f3n e identificaci\u00f3n de personas fallecidas\u00a0 o establecer un <b>protocolo espec\u00edfico de actuaci\u00f3n para el banco de ADN<\/b>, en coordinaci\u00f3n y\u00a0 cooperaci\u00f3n\u00a0 con\u00a0 los pa\u00edses de origen, por ejemplo.<\/p>\n<p>Por \u00faltimo, se envi\u00f3 una <b>queja al Defensor del Pueblo Espa\u00f1ol<\/b>, acompa\u00f1ada de las medidas se\u00f1aladas para evitar la desprotecci\u00f3n institucional e instando a cumplir los pactos y acuerdos internacionales que garanticen los derechos esenciales que afectan a la dignidad humana, los derechos post mortem de quienes han fallecido y el derecho a conocer la verdad que ampara a las familias.<\/p>\n","protected":false},"excerpt":{"rendered":"<p>Pretende contrarrestar la opacidad con la que el Gobierno gestiona las migraciones y evitar que se trafique con la informaci\u00f3n Denuncia \u201cla desidia de la Administraci\u00f3n y el sesgo racista y xen\u00f3fobo de sus pol\u00edticas, que denotan que para quienes&hellip;<\/p>\n","protected":false},"author":1542,"featured_media":1633135,"comment_status":"closed","ping_status":"closed","sticky":false,"template":"","format":"standard","meta":{"footnotes":""},"categories":[149,79,66,54574],"tags":[104098,32004,6903,34731,54175],"class_list":["post-1633134","post","type-post","status-publish","format-standard","has-post-thumbnail","hentry","category-comunicados-de-prensa","category-derechos-humanos","category-europa-es","category-migrantes-es","tag-vidassinrastro","tag-apdha","tag-desaparecidos-es","tag-frontera-sur","tag-migrantes-es"],"yoast_head":"<!-- This site is optimized with the Yoast SEO plugin v27.1.1 - https:\/\/yoast.com\/product\/yoast-seo-wordpress\/ -->\n<title>APDHA publica un documento informativo para las familias de personas desaparecidas en la frontera sur<\/title>\n<meta name=\"description\" content=\"Pretende contrarrestar la opacidad con la que el Gobierno gestiona las migraciones y evitar que se trafique con la informaci\u00f3n Denuncia \u201cla desidia de la\" \/>\n<meta name=\"robots\" content=\"index, follow, max-snippet:-1, max-image-preview:large, max-video-preview:-1\" \/>\n<link rel=\"canonical\" href=\"https:\/\/www.pressenza.com\/es\/2022\/07\/apdha-publica-un-documento-informativo-para-las-familias-de-personas-desaparecidas-en-la-frontera-sur\/\" \/>\n<meta property=\"og:locale\" content=\"es_ES\" \/>\n<meta property=\"og:type\" content=\"article\" \/>\n<meta property=\"og:title\" content=\"APDHA publica un documento informativo para las familias de personas desaparecidas en la frontera sur\" \/>\n<meta property=\"og:description\" content=\"Pretende contrarrestar la opacidad con la que el Gobierno gestiona las migraciones y evitar que se trafique con la informaci\u00f3n Denuncia \u201cla desidia de la\" \/>\n<meta property=\"og:url\" content=\"https:\/\/www.pressenza.com\/es\/2022\/07\/apdha-publica-un-documento-informativo-para-las-familias-de-personas-desaparecidas-en-la-frontera-sur\/\" \/>\n<meta property=\"og:site_name\" content=\"Pressenza\" \/>\n<meta property=\"article:publisher\" content=\"https:\/\/www.facebook.com\/PressenzaItalia\" \/>\n<meta property=\"article:published_time\" content=\"2022-07-28T21:16:31+00:00\" \/>\n<meta property=\"og:image\" content=\"https:\/\/www.pressenza.com\/wp-content\/uploads\/2022\/07\/portada-documento.jpg\" \/>\n\t<meta property=\"og:image:width\" content=\"820\" \/>\n\t<meta property=\"og:image:height\" content=\"615\" \/>\n\t<meta property=\"og:image:type\" content=\"image\/jpeg\" \/>\n<meta name=\"author\" content=\"Asociaci\u00f3n Pro Derechos Humanos de Andaluc\u00eda (APDHA)\" \/>\n<meta name=\"twitter:card\" content=\"summary_large_image\" \/>\n<meta name=\"twitter:creator\" content=\"@PressenzaIPA\" \/>\n<meta name=\"twitter:site\" content=\"@PressenzaIPA\" \/>\n<meta name=\"twitter:label1\" content=\"Escrito por\" \/>\n\t<meta name=\"twitter:data1\" content=\"Asociaci\u00f3n Pro Derechos Humanos de Andaluc\u00eda (APDHA)\" \/>\n\t<meta name=\"twitter:label2\" content=\"Tiempo de lectura\" \/>\n\t<meta name=\"twitter:data2\" content=\"4 minutos\" \/>\n<script type=\"application\/ld+json\" class=\"yoast-schema-graph\">{\"@context\":\"https:\/\/schema.org\",\"@graph\":[{\"@type\":\"Article\",\"@id\":\"https:\/\/www.pressenza.com\/es\/2022\/07\/apdha-publica-un-documento-informativo-para-las-familias-de-personas-desaparecidas-en-la-frontera-sur\/#article\",\"isPartOf\":{\"@id\":\"https:\/\/www.pressenza.com\/es\/2022\/07\/apdha-publica-un-documento-informativo-para-las-familias-de-personas-desaparecidas-en-la-frontera-sur\/\"},\"author\":{\"name\":\"Asociaci\u00f3n Pro Derechos Humanos de Andaluc\u00eda (APDHA)\",\"@id\":\"https:\/\/www.pressenza.com\/es\/#\/schema\/person\/56539d338f9dde4fe54c8771b432ed21\"},\"headline\":\"APDHA publica un documento informativo para las familias de personas desaparecidas en la frontera sur\",\"datePublished\":\"2022-07-28T21:16:31+00:00\",\"mainEntityOfPage\":{\"@id\":\"https:\/\/www.pressenza.com\/es\/2022\/07\/apdha-publica-un-documento-informativo-para-las-familias-de-personas-desaparecidas-en-la-frontera-sur\/\"},\"wordCount\":756,\"publisher\":{\"@id\":\"https:\/\/www.pressenza.com\/es\/#organization\"},\"image\":{\"@id\":\"https:\/\/www.pressenza.com\/es\/2022\/07\/apdha-publica-un-documento-informativo-para-las-familias-de-personas-desaparecidas-en-la-frontera-sur\/#primaryimage\"},\"thumbnailUrl\":\"https:\/\/www.pressenza.com\/wp-content\/uploads\/2022\/07\/portada-documento.jpg\",\"keywords\":[\"#VidasSinRastro\",\"APDHA\",\"desaparecidos\",\"frontera sur\",\"migrantes\"],\"articleSection\":[\"Comunicados de Prensa\",\"Derechos Humanos\",\"Europa\",\"Migrantes\"],\"inLanguage\":\"es\"},{\"@type\":\"WebPage\",\"@id\":\"https:\/\/www.pressenza.com\/es\/2022\/07\/apdha-publica-un-documento-informativo-para-las-familias-de-personas-desaparecidas-en-la-frontera-sur\/\",\"url\":\"https:\/\/www.pressenza.com\/es\/2022\/07\/apdha-publica-un-documento-informativo-para-las-familias-de-personas-desaparecidas-en-la-frontera-sur\/\",\"name\":\"APDHA publica un documento informativo para las familias de personas desaparecidas en la frontera sur\",\"isPartOf\":{\"@id\":\"https:\/\/www.pressenza.com\/es\/#website\"},\"primaryImageOfPage\":{\"@id\":\"https:\/\/www.pressenza.com\/es\/2022\/07\/apdha-publica-un-documento-informativo-para-las-familias-de-personas-desaparecidas-en-la-frontera-sur\/#primaryimage\"},\"image\":{\"@id\":\"https:\/\/www.pressenza.com\/es\/2022\/07\/apdha-publica-un-documento-informativo-para-las-familias-de-personas-desaparecidas-en-la-frontera-sur\/#primaryimage\"},\"thumbnailUrl\":\"https:\/\/www.pressenza.com\/wp-content\/uploads\/2022\/07\/portada-documento.jpg\",\"datePublished\":\"2022-07-28T21:16:31+00:00\",\"description\":\"Pretende contrarrestar la opacidad con la que el Gobierno gestiona las migraciones y evitar que se trafique con la informaci\u00f3n Denuncia \u201cla desidia de la\",\"breadcrumb\":{\"@id\":\"https:\/\/www.pressenza.com\/es\/2022\/07\/apdha-publica-un-documento-informativo-para-las-familias-de-personas-desaparecidas-en-la-frontera-sur\/#breadcrumb\"},\"inLanguage\":\"es\",\"potentialAction\":[{\"@type\":\"ReadAction\",\"target\":[\"https:\/\/www.pressenza.com\/es\/2022\/07\/apdha-publica-un-documento-informativo-para-las-familias-de-personas-desaparecidas-en-la-frontera-sur\/\"]}]},{\"@type\":\"ImageObject\",\"inLanguage\":\"es\",\"@id\":\"https:\/\/www.pressenza.com\/es\/2022\/07\/apdha-publica-un-documento-informativo-para-las-familias-de-personas-desaparecidas-en-la-frontera-sur\/#primaryimage\",\"url\":\"https:\/\/www.pressenza.com\/wp-content\/uploads\/2022\/07\/portada-documento.jpg\",\"contentUrl\":\"https:\/\/www.pressenza.com\/wp-content\/uploads\/2022\/07\/portada-documento.jpg\",\"width\":820,\"height\":615},{\"@type\":\"BreadcrumbList\",\"@id\":\"https:\/\/www.pressenza.com\/es\/2022\/07\/apdha-publica-un-documento-informativo-para-las-familias-de-personas-desaparecidas-en-la-frontera-sur\/#breadcrumb\",\"itemListElement\":[{\"@type\":\"ListItem\",\"position\":1,\"name\":\"Accueil\",\"item\":\"https:\/\/www.pressenza.com\/es\/\"},{\"@type\":\"ListItem\",\"position\":2,\"name\":\"APDHA publica un documento informativo para las familias de personas desaparecidas en la frontera sur\"}]},{\"@type\":\"WebSite\",\"@id\":\"https:\/\/www.pressenza.com\/es\/#website\",\"url\":\"https:\/\/www.pressenza.com\/es\/\",\"name\":\"Pressenza\",\"description\":\"International Press Agency\",\"publisher\":{\"@id\":\"https:\/\/www.pressenza.com\/es\/#organization\"},\"potentialAction\":[{\"@type\":\"SearchAction\",\"target\":{\"@type\":\"EntryPoint\",\"urlTemplate\":\"https:\/\/www.pressenza.com\/es\/?s={search_term_string}\"},\"query-input\":{\"@type\":\"PropertyValueSpecification\",\"valueRequired\":true,\"valueName\":\"search_term_string\"}}],\"inLanguage\":\"es\"},{\"@type\":\"Organization\",\"@id\":\"https:\/\/www.pressenza.com\/es\/#organization\",\"name\":\"Pressenza\",\"url\":\"https:\/\/www.pressenza.com\/es\/\",\"logo\":{\"@type\":\"ImageObject\",\"inLanguage\":\"es\",\"@id\":\"https:\/\/www.pressenza.com\/es\/#\/schema\/logo\/image\/\",\"url\":\"https:\/\/www.pressenza.com\/wp-content\/uploads\/2022\/10\/pressenza_logo_200x200.jpg\",\"contentUrl\":\"https:\/\/www.pressenza.com\/wp-content\/uploads\/2022\/10\/pressenza_logo_200x200.jpg\",\"width\":200,\"height\":200,\"caption\":\"Pressenza\"},\"image\":{\"@id\":\"https:\/\/www.pressenza.com\/es\/#\/schema\/logo\/image\/\"},\"sameAs\":[\"https:\/\/www.facebook.com\/PressenzaItalia\",\"https:\/\/x.com\/PressenzaIPA\"]},{\"@type\":\"Person\",\"@id\":\"https:\/\/www.pressenza.com\/es\/#\/schema\/person\/56539d338f9dde4fe54c8771b432ed21\",\"name\":\"Asociaci\u00f3n Pro Derechos Humanos de Andaluc\u00eda (APDHA)\",\"description\":\"La Asociaci\u00f3n Pro Derechos Humanos de Andaluc\u00eda (APDHA) trabaja con el objetivo de lograr que las personas sean libres e iguales en dignidad y derechos\",\"sameAs\":[\"https:\/\/www.apdha.org\"],\"url\":\"https:\/\/www.pressenza.com\/es\/author\/apdha\/\"}]}<\/script>\n<!-- \/ Yoast SEO plugin. -->","yoast_head_json":{"title":"APDHA publica un documento informativo para las familias de personas desaparecidas en la frontera sur","description":"Pretende contrarrestar la opacidad con la que el Gobierno gestiona las migraciones y evitar que se trafique con la informaci\u00f3n Denuncia \u201cla desidia de la","robots":{"index":"index","follow":"follow","max-snippet":"max-snippet:-1","max-image-preview":"max-image-preview:large","max-video-preview":"max-video-preview:-1"},"canonical":"https:\/\/www.pressenza.com\/es\/2022\/07\/apdha-publica-un-documento-informativo-para-las-familias-de-personas-desaparecidas-en-la-frontera-sur\/","og_locale":"es_ES","og_type":"article","og_title":"APDHA publica un documento informativo para las familias de personas desaparecidas en la frontera sur","og_description":"Pretende contrarrestar la opacidad con la que el Gobierno gestiona las migraciones y evitar que se trafique con la informaci\u00f3n Denuncia \u201cla desidia de la","og_url":"https:\/\/www.pressenza.com\/es\/2022\/07\/apdha-publica-un-documento-informativo-para-las-familias-de-personas-desaparecidas-en-la-frontera-sur\/","og_site_name":"Pressenza","article_publisher":"https:\/\/www.facebook.com\/PressenzaItalia","article_published_time":"2022-07-28T21:16:31+00:00","og_image":[{"width":820,"height":615,"url":"https:\/\/www.pressenza.com\/wp-content\/uploads\/2022\/07\/portada-documento.jpg","type":"image\/jpeg"}],"author":"Asociaci\u00f3n Pro Derechos Humanos de Andaluc\u00eda (APDHA)","twitter_card":"summary_large_image","twitter_creator":"@PressenzaIPA","twitter_site":"@PressenzaIPA","twitter_misc":{"Escrito por":"Asociaci\u00f3n Pro Derechos Humanos de Andaluc\u00eda (APDHA)","Tiempo de lectura":"4 minutos"},"schema":{"@context":"https:\/\/schema.org","@graph":[{"@type":"Article","@id":"https:\/\/www.pressenza.com\/es\/2022\/07\/apdha-publica-un-documento-informativo-para-las-familias-de-personas-desaparecidas-en-la-frontera-sur\/#article","isPartOf":{"@id":"https:\/\/www.pressenza.com\/es\/2022\/07\/apdha-publica-un-documento-informativo-para-las-familias-de-personas-desaparecidas-en-la-frontera-sur\/"},"author":{"name":"Asociaci\u00f3n Pro Derechos Humanos de Andaluc\u00eda (APDHA)","@id":"https:\/\/www.pressenza.com\/es\/#\/schema\/person\/56539d338f9dde4fe54c8771b432ed21"},"headline":"APDHA publica un documento informativo para las familias de personas desaparecidas en la frontera sur","datePublished":"2022-07-28T21:16:31+00:00","mainEntityOfPage":{"@id":"https:\/\/www.pressenza.com\/es\/2022\/07\/apdha-publica-un-documento-informativo-para-las-familias-de-personas-desaparecidas-en-la-frontera-sur\/"},"wordCount":756,"publisher":{"@id":"https:\/\/www.pressenza.com\/es\/#organization"},"image":{"@id":"https:\/\/www.pressenza.com\/es\/2022\/07\/apdha-publica-un-documento-informativo-para-las-familias-de-personas-desaparecidas-en-la-frontera-sur\/#primaryimage"},"thumbnailUrl":"https:\/\/www.pressenza.com\/wp-content\/uploads\/2022\/07\/portada-documento.jpg","keywords":["#VidasSinRastro","APDHA","desaparecidos","frontera sur","migrantes"],"articleSection":["Comunicados de Prensa","Derechos Humanos","Europa","Migrantes"],"inLanguage":"es"},{"@type":"WebPage","@id":"https:\/\/www.pressenza.com\/es\/2022\/07\/apdha-publica-un-documento-informativo-para-las-familias-de-personas-desaparecidas-en-la-frontera-sur\/","url":"https:\/\/www.pressenza.com\/es\/2022\/07\/apdha-publica-un-documento-informativo-para-las-familias-de-personas-desaparecidas-en-la-frontera-sur\/","name":"APDHA publica un documento informativo para las familias de personas desaparecidas en la frontera sur","isPartOf":{"@id":"https:\/\/www.pressenza.com\/es\/#website"},"primaryImageOfPage":{"@id":"https:\/\/www.pressenza.com\/es\/2022\/07\/apdha-publica-un-documento-informativo-para-las-familias-de-personas-desaparecidas-en-la-frontera-sur\/#primaryimage"},"image":{"@id":"https:\/\/www.pressenza.com\/es\/2022\/07\/apdha-publica-un-documento-informativo-para-las-familias-de-personas-desaparecidas-en-la-frontera-sur\/#primaryimage"},"thumbnailUrl":"https:\/\/www.pressenza.com\/wp-content\/uploads\/2022\/07\/portada-documento.jpg","datePublished":"2022-07-28T21:16:31+00:00","description":"Pretende contrarrestar la opacidad con la que el Gobierno gestiona las migraciones y evitar que se trafique con la informaci\u00f3n Denuncia \u201cla desidia de la","breadcrumb":{"@id":"https:\/\/www.pressenza.com\/es\/2022\/07\/apdha-publica-un-documento-informativo-para-las-familias-de-personas-desaparecidas-en-la-frontera-sur\/#breadcrumb"},"inLanguage":"es","potentialAction":[{"@type":"ReadAction","target":["https:\/\/www.pressenza.com\/es\/2022\/07\/apdha-publica-un-documento-informativo-para-las-familias-de-personas-desaparecidas-en-la-frontera-sur\/"]}]},{"@type":"ImageObject","inLanguage":"es","@id":"https:\/\/www.pressenza.com\/es\/2022\/07\/apdha-publica-un-documento-informativo-para-las-familias-de-personas-desaparecidas-en-la-frontera-sur\/#primaryimage","url":"https:\/\/www.pressenza.com\/wp-content\/uploads\/2022\/07\/portada-documento.jpg","contentUrl":"https:\/\/www.pressenza.com\/wp-content\/uploads\/2022\/07\/portada-documento.jpg","width":820,"height":615},{"@type":"BreadcrumbList","@id":"https:\/\/www.pressenza.com\/es\/2022\/07\/apdha-publica-un-documento-informativo-para-las-familias-de-personas-desaparecidas-en-la-frontera-sur\/#breadcrumb","itemListElement":[{"@type":"ListItem","position":1,"name":"Accueil","item":"https:\/\/www.pressenza.com\/es\/"},{"@type":"ListItem","position":2,"name":"APDHA publica un documento informativo para las familias de personas desaparecidas en la frontera sur"}]},{"@type":"WebSite","@id":"https:\/\/www.pressenza.com\/es\/#website","url":"https:\/\/www.pressenza.com\/es\/","name":"Pressenza","description":"International Press Agency","publisher":{"@id":"https:\/\/www.pressenza.com\/es\/#organization"},"potentialAction":[{"@type":"SearchAction","target":{"@type":"EntryPoint","urlTemplate":"https:\/\/www.pressenza.com\/es\/?s={search_term_string}"},"query-input":{"@type":"PropertyValueSpecification","valueRequired":true,"valueName":"search_term_string"}}],"inLanguage":"es"},{"@type":"Organization","@id":"https:\/\/www.pressenza.com\/es\/#organization","name":"Pressenza","url":"https:\/\/www.pressenza.com\/es\/","logo":{"@type":"ImageObject","inLanguage":"es","@id":"https:\/\/www.pressenza.com\/es\/#\/schema\/logo\/image\/","url":"https:\/\/www.pressenza.com\/wp-content\/uploads\/2022\/10\/pressenza_logo_200x200.jpg","contentUrl":"https:\/\/www.pressenza.com\/wp-content\/uploads\/2022\/10\/pressenza_logo_200x200.jpg","width":200,"height":200,"caption":"Pressenza"},"image":{"@id":"https:\/\/www.pressenza.com\/es\/#\/schema\/logo\/image\/"},"sameAs":["https:\/\/www.facebook.com\/PressenzaItalia","https:\/\/x.com\/PressenzaIPA"]},{"@type":"Person","@id":"https:\/\/www.pressenza.com\/es\/#\/schema\/person\/56539d338f9dde4fe54c8771b432ed21","name":"Asociaci\u00f3n Pro Derechos Humanos de Andaluc\u00eda (APDHA)","description":"La Asociaci\u00f3n Pro Derechos Humanos de Andaluc\u00eda (APDHA) trabaja con el objetivo de lograr que las personas sean libres e iguales en dignidad y derechos","sameAs":["https:\/\/www.apdha.org"],"url":"https:\/\/www.pressenza.com\/es\/author\/apdha\/"}]}},"place":"Andaluc\u00eda, Espa\u00f1a","original_article_url":"","_links":{"self":[{"href":"https:\/\/www.pressenza.com\/es\/wp-json\/wp\/v2\/posts\/1633134","targetHints":{"allow":["GET"]}}],"collection":[{"href":"https:\/\/www.pressenza.com\/es\/wp-json\/wp\/v2\/posts"}],"about":[{"href":"https:\/\/www.pressenza.com\/es\/wp-json\/wp\/v2\/types\/post"}],"author":[{"embeddable":true,"href":"https:\/\/www.pressenza.com\/es\/wp-json\/wp\/v2\/users\/1542"}],"replies":[{"embeddable":true,"href":"https:\/\/www.pressenza.com\/es\/wp-json\/wp\/v2\/comments?post=1633134"}],"version-history":[{"count":0,"href":"https:\/\/www.pressenza.com\/es\/wp-json\/wp\/v2\/posts\/1633134\/revisions"}],"wp:featuredmedia":[{"embeddable":true,"href":"https:\/\/www.pressenza.com\/es\/wp-json\/wp\/v2\/media\/1633135"}],"wp:attachment":[{"href":"https:\/\/www.pressenza.com\/es\/wp-json\/wp\/v2\/media?parent=1633134"}],"wp:term":[{"taxonomy":"category","embeddable":true,"href":"https:\/\/www.pressenza.com\/es\/wp-json\/wp\/v2\/categories?post=1633134"},{"taxonomy":"post_tag","embeddable":true,"href":"https:\/\/www.pressenza.com\/es\/wp-json\/wp\/v2\/tags?post=1633134"}],"curies":[{"name":"wp","href":"https:\/\/api.w.org\/{rel}","templated":true}]}}