{"id":1631893,"date":"2022-07-27T10:11:34","date_gmt":"2022-07-27T09:11:34","guid":{"rendered":"https:\/\/www.pressenza.com\/?p=1631893"},"modified":"2022-07-27T10:24:54","modified_gmt":"2022-07-27T09:24:54","slug":"vecinos-afectados-se-organizan-para-exigir-que-se-lleve-a-cabo-el-prometido-soterramiento-de-la-autovia-a5","status":"publish","type":"post","link":"https:\/\/www.pressenza.com\/es\/2022\/07\/vecinos-afectados-se-organizan-para-exigir-que-se-lleve-a-cabo-el-prometido-soterramiento-de-la-autovia-a5\/","title":{"rendered":"Vecinos afectados se organizan para exigir que se lleve a cabo el prometido soterramiento de la Autov\u00eda A5"},"content":{"rendered":"<p style=\"padding-left: 40px;\"><em>Han comenzado por <strong>recoger firmas<\/strong>, en papel y online, que presentar\u00e1n en el Ayuntamiento de Madrid.<\/em><\/p>\n<p style=\"padding-left: 40px;\"><em>Se trata de la \u00faltima autov\u00eda (suroeste de la capital) que est\u00e1 \u00abpegada\u00bb a las casas, sin que las autoridades hayan dado soluciones hasta el momento, pese a las promesas electorales.\u00a0<\/em><\/p>\n<p>Los vecinos de la colonia Lourdes y alrededores (Bat\u00e1n) est\u00e1n cansados de esperar. Tres a\u00f1os despu\u00e9s de que el alcalde de Madrid, Jos\u00e9 Luis Mart\u00ednez-Almeida, tomara posesi\u00f3n del bast\u00f3n de mando del Ayuntamiento, no se ha movido un grano de arena de la que fuera promesa estrella del por entonces desconocido candidato a la Alcald\u00eda.<\/p>\n<p>Llueve sobre mojado ya que el soterramiento de la A-5 lleva a\u00f1os vagando entre tr\u00e1mites burocr\u00e1ticos que parecen no acabar nunca. Ante esto, los vecinos han decidido actuar. Para ello, han comenzado a recoger firmas en <strong>PAPEL<\/strong> y a trav\u00e9s de un <a href=\"https:\/\/docs.google.com\/forms\/d\/e\/1FAIpQLScxNAo5xU81ygMG0Kny4shhCXwJu7SlCDqVIsun9M2kwUGwkw\/viewform\"><strong>FORMULARIO<\/strong><\/a>, que permite adherirse a la reivindicaci\u00f3n. En el mismo, puede verse c\u00f3mo se van sumando calles a la reclamaci\u00f3n.<\/p>\n<p>Por otro lado, a quienes apoyen la demanda, se les ir\u00e1 informando de todas las actuaciones futuras que vayan desarroll\u00e1ndose para que el <strong>Paseo Verde del Suroeste<\/strong> sea una realidad, de tal modo que \u201c<em>nuestras viviendas dejen de convivir con el inmenso tr\u00e1fico de la A5 y recuperar el Paseo de Extremadura para los peatones, para acabar con la divisi\u00f3n que produce la autov\u00eda en el barrio y para que el Ayuntamiento de Madrid cumpla con su promesa electoral de soterrar la autov\u00eda en esta legislatura\u201d<\/em>, seg\u00fan consta en el mencionado formulario.<\/p>\n<p>La A5 es la \u00faltima autov\u00eda de la capital espa\u00f1ola que sigue \u00abpegada\u00bb a las casas, sin que las autoridades competentes hayan dado soluciones hasta el momento.<\/p>\n","protected":false},"excerpt":{"rendered":"<p>Han comenzado por recoger firmas, en papel y online, que presentar\u00e1n en el Ayuntamiento de Madrid. Se trata de la \u00faltima autov\u00eda (suroeste de la capital) que est\u00e1 \u00abpegada\u00bb a las casas, sin que las autoridades hayan dado soluciones hasta&hellip;<\/p>\n","protected":false},"author":94,"featured_media":1631894,"comment_status":"closed","ping_status":"closed","sticky":false,"template":"","format":"standard","meta":{"footnotes":""},"categories":[149,66,74],"tags":[20428,1065,104043,16528,39943,31394,104042],"class_list":["post-1631893","post","type-post","status-publish","format-standard","has-post-thumbnail","hentry","category-comunicados-de-prensa","category-europa-es","category-politica-es","tag-ayuntamiento-de-madrid","tag-espana","tag-jose-luis-martinez-almeida","tag-madrid-es","tag-ministerio-de-defensa","tag-movilizacion-ciudadana","tag-soterramientoa5"],"yoast_head":"<!-- This site is optimized with the Yoast SEO plugin v27.1.1 - https:\/\/yoast.com\/product\/yoast-seo-wordpress\/ -->\n<title>Vecinos afectados se organizan para exigir que se lleve a cabo el prometido soterramiento de la Autov\u00eda A5<\/title>\n<meta name=\"description\" content=\"Han comenzado por recoger firmas, en papel y online, que presentar\u00e1n en el Ayuntamiento de Madrid. Se trata de la \u00faltima autov\u00eda (suroeste de la capital)\" \/>\n<meta name=\"robots\" content=\"index, follow, max-snippet:-1, max-image-preview:large, max-video-preview:-1\" \/>\n<link rel=\"canonical\" href=\"https:\/\/www.pressenza.com\/es\/2022\/07\/vecinos-afectados-se-organizan-para-exigir-que-se-lleve-a-cabo-el-prometido-soterramiento-de-la-autovia-a5\/\" \/>\n<meta property=\"og:locale\" content=\"es_ES\" \/>\n<meta property=\"og:type\" content=\"article\" \/>\n<meta property=\"og:title\" content=\"Vecinos afectados se organizan para exigir que se lleve a cabo el prometido soterramiento de la Autov\u00eda A5\" \/>\n<meta property=\"og:description\" content=\"Han comenzado por recoger firmas, en papel y online, que presentar\u00e1n en el Ayuntamiento de Madrid. Se trata de la \u00faltima autov\u00eda (suroeste de la capital)\" \/>\n<meta property=\"og:url\" content=\"https:\/\/www.pressenza.com\/es\/2022\/07\/vecinos-afectados-se-organizan-para-exigir-que-se-lleve-a-cabo-el-prometido-soterramiento-de-la-autovia-a5\/\" \/>\n<meta property=\"og:site_name\" content=\"Pressenza\" \/>\n<meta property=\"article:publisher\" content=\"https:\/\/www.facebook.com\/PressenzaItalia\" \/>\n<meta property=\"article:author\" content=\"https:\/\/www.facebook.com\/pressenza\" \/>\n<meta property=\"article:published_time\" content=\"2022-07-27T09:11:34+00:00\" \/>\n<meta property=\"article:modified_time\" content=\"2022-07-27T09:24:54+00:00\" \/>\n<meta property=\"og:image\" content=\"https:\/\/www.pressenza.com\/wp-content\/uploads\/2022\/07\/HOJA-FIRMAS.png\" \/>\n\t<meta property=\"og:image:width\" content=\"781\" \/>\n\t<meta property=\"og:image:height\" content=\"1050\" \/>\n\t<meta property=\"og:image:type\" content=\"image\/png\" \/>\n<meta name=\"author\" content=\"Redacci\u00f3n Madrid\" \/>\n<meta name=\"twitter:card\" content=\"summary_large_image\" \/>\n<meta name=\"twitter:creator\" content=\"@pressenza\" \/>\n<meta name=\"twitter:site\" content=\"@PressenzaIPA\" \/>\n<meta name=\"twitter:label1\" content=\"Escrito por\" \/>\n\t<meta name=\"twitter:data1\" content=\"Redacci\u00f3n Madrid\" \/>\n\t<meta name=\"twitter:label2\" content=\"Tiempo de lectura\" \/>\n\t<meta name=\"twitter:data2\" content=\"2 minutos\" \/>\n<script type=\"application\/ld+json\" class=\"yoast-schema-graph\">{\"@context\":\"https:\/\/schema.org\",\"@graph\":[{\"@type\":\"Article\",\"@id\":\"https:\/\/www.pressenza.com\/es\/2022\/07\/vecinos-afectados-se-organizan-para-exigir-que-se-lleve-a-cabo-el-prometido-soterramiento-de-la-autovia-a5\/#article\",\"isPartOf\":{\"@id\":\"https:\/\/www.pressenza.com\/es\/2022\/07\/vecinos-afectados-se-organizan-para-exigir-que-se-lleve-a-cabo-el-prometido-soterramiento-de-la-autovia-a5\/\"},\"author\":{\"name\":\"Redacci\u00f3n Madrid\",\"@id\":\"https:\/\/www.pressenza.com\/es\/#\/schema\/person\/828fc40eeca2ad7be3630e5a46adba94\"},\"headline\":\"Vecinos afectados se organizan para exigir que se lleve a cabo el prometido soterramiento de la Autov\u00eda A5\",\"datePublished\":\"2022-07-27T09:11:34+00:00\",\"dateModified\":\"2022-07-27T09:24:54+00:00\",\"mainEntityOfPage\":{\"@id\":\"https:\/\/www.pressenza.com\/es\/2022\/07\/vecinos-afectados-se-organizan-para-exigir-que-se-lleve-a-cabo-el-prometido-soterramiento-de-la-autovia-a5\/\"},\"wordCount\":327,\"publisher\":{\"@id\":\"https:\/\/www.pressenza.com\/es\/#organization\"},\"image\":{\"@id\":\"https:\/\/www.pressenza.com\/es\/2022\/07\/vecinos-afectados-se-organizan-para-exigir-que-se-lleve-a-cabo-el-prometido-soterramiento-de-la-autovia-a5\/#primaryimage\"},\"thumbnailUrl\":\"https:\/\/www.pressenza.com\/wp-content\/uploads\/2022\/07\/HOJA-FIRMAS.png\",\"keywords\":[\"Ayuntamiento de Madrid\",\"Espa\u00f1a\",\"Jos\u00e9 Luis Mart\u00ednez-Almeida\",\"Madrid\",\"Ministerio de Defensa\",\"movilizaci\u00f3n ciudadana\",\"soterramientoa5\"],\"articleSection\":[\"Comunicados de Prensa\",\"Europa\",\"Pol\u00edtica\"],\"inLanguage\":\"es\"},{\"@type\":\"WebPage\",\"@id\":\"https:\/\/www.pressenza.com\/es\/2022\/07\/vecinos-afectados-se-organizan-para-exigir-que-se-lleve-a-cabo-el-prometido-soterramiento-de-la-autovia-a5\/\",\"url\":\"https:\/\/www.pressenza.com\/es\/2022\/07\/vecinos-afectados-se-organizan-para-exigir-que-se-lleve-a-cabo-el-prometido-soterramiento-de-la-autovia-a5\/\",\"name\":\"Vecinos afectados se organizan para exigir que se lleve a cabo el prometido soterramiento de la Autov\u00eda A5\",\"isPartOf\":{\"@id\":\"https:\/\/www.pressenza.com\/es\/#website\"},\"primaryImageOfPage\":{\"@id\":\"https:\/\/www.pressenza.com\/es\/2022\/07\/vecinos-afectados-se-organizan-para-exigir-que-se-lleve-a-cabo-el-prometido-soterramiento-de-la-autovia-a5\/#primaryimage\"},\"image\":{\"@id\":\"https:\/\/www.pressenza.com\/es\/2022\/07\/vecinos-afectados-se-organizan-para-exigir-que-se-lleve-a-cabo-el-prometido-soterramiento-de-la-autovia-a5\/#primaryimage\"},\"thumbnailUrl\":\"https:\/\/www.pressenza.com\/wp-content\/uploads\/2022\/07\/HOJA-FIRMAS.png\",\"datePublished\":\"2022-07-27T09:11:34+00:00\",\"dateModified\":\"2022-07-27T09:24:54+00:00\",\"description\":\"Han comenzado por recoger firmas, en papel y online, que presentar\u00e1n en el Ayuntamiento de Madrid. Se trata de la \u00faltima autov\u00eda (suroeste de la capital)\",\"breadcrumb\":{\"@id\":\"https:\/\/www.pressenza.com\/es\/2022\/07\/vecinos-afectados-se-organizan-para-exigir-que-se-lleve-a-cabo-el-prometido-soterramiento-de-la-autovia-a5\/#breadcrumb\"},\"inLanguage\":\"es\",\"potentialAction\":[{\"@type\":\"ReadAction\",\"target\":[\"https:\/\/www.pressenza.com\/es\/2022\/07\/vecinos-afectados-se-organizan-para-exigir-que-se-lleve-a-cabo-el-prometido-soterramiento-de-la-autovia-a5\/\"]}]},{\"@type\":\"ImageObject\",\"inLanguage\":\"es\",\"@id\":\"https:\/\/www.pressenza.com\/es\/2022\/07\/vecinos-afectados-se-organizan-para-exigir-que-se-lleve-a-cabo-el-prometido-soterramiento-de-la-autovia-a5\/#primaryimage\",\"url\":\"https:\/\/www.pressenza.com\/wp-content\/uploads\/2022\/07\/HOJA-FIRMAS.png\",\"contentUrl\":\"https:\/\/www.pressenza.com\/wp-content\/uploads\/2022\/07\/HOJA-FIRMAS.png\",\"width\":781,\"height\":1050},{\"@type\":\"BreadcrumbList\",\"@id\":\"https:\/\/www.pressenza.com\/es\/2022\/07\/vecinos-afectados-se-organizan-para-exigir-que-se-lleve-a-cabo-el-prometido-soterramiento-de-la-autovia-a5\/#breadcrumb\",\"itemListElement\":[{\"@type\":\"ListItem\",\"position\":1,\"name\":\"Accueil\",\"item\":\"https:\/\/www.pressenza.com\/es\/\"},{\"@type\":\"ListItem\",\"position\":2,\"name\":\"Vecinos afectados se organizan para exigir que se lleve a cabo el prometido soterramiento de la Autov\u00eda A5\"}]},{\"@type\":\"WebSite\",\"@id\":\"https:\/\/www.pressenza.com\/es\/#website\",\"url\":\"https:\/\/www.pressenza.com\/es\/\",\"name\":\"Pressenza\",\"description\":\"International Press Agency\",\"publisher\":{\"@id\":\"https:\/\/www.pressenza.com\/es\/#organization\"},\"potentialAction\":[{\"@type\":\"SearchAction\",\"target\":{\"@type\":\"EntryPoint\",\"urlTemplate\":\"https:\/\/www.pressenza.com\/es\/?s={search_term_string}\"},\"query-input\":{\"@type\":\"PropertyValueSpecification\",\"valueRequired\":true,\"valueName\":\"search_term_string\"}}],\"inLanguage\":\"es\"},{\"@type\":\"Organization\",\"@id\":\"https:\/\/www.pressenza.com\/es\/#organization\",\"name\":\"Pressenza\",\"url\":\"https:\/\/www.pressenza.com\/es\/\",\"logo\":{\"@type\":\"ImageObject\",\"inLanguage\":\"es\",\"@id\":\"https:\/\/www.pressenza.com\/es\/#\/schema\/logo\/image\/\",\"url\":\"https:\/\/www.pressenza.com\/wp-content\/uploads\/2022\/10\/pressenza_logo_200x200.jpg\",\"contentUrl\":\"https:\/\/www.pressenza.com\/wp-content\/uploads\/2022\/10\/pressenza_logo_200x200.jpg\",\"width\":200,\"height\":200,\"caption\":\"Pressenza\"},\"image\":{\"@id\":\"https:\/\/www.pressenza.com\/es\/#\/schema\/logo\/image\/\"},\"sameAs\":[\"https:\/\/www.facebook.com\/PressenzaItalia\",\"https:\/\/x.com\/PressenzaIPA\"]},{\"@type\":\"Person\",\"@id\":\"https:\/\/www.pressenza.com\/es\/#\/schema\/person\/828fc40eeca2ad7be3630e5a46adba94\",\"name\":\"Redacci\u00f3n Madrid\",\"description\":\"News from the Pressenza Bureau in Madrid, Spain\",\"sameAs\":[\"https:\/\/www.facebook.com\/pressenza\",\"https:\/\/x.com\/pressenza\"],\"url\":\"https:\/\/www.pressenza.com\/es\/author\/redaccion-madrid\/\"}]}<\/script>\n<!-- \/ Yoast SEO plugin. -->","yoast_head_json":{"title":"Vecinos afectados se organizan para exigir que se lleve a cabo el prometido soterramiento de la Autov\u00eda A5","description":"Han comenzado por recoger firmas, en papel y online, que presentar\u00e1n en el Ayuntamiento de Madrid. Se trata de la \u00faltima autov\u00eda (suroeste de la capital)","robots":{"index":"index","follow":"follow","max-snippet":"max-snippet:-1","max-image-preview":"max-image-preview:large","max-video-preview":"max-video-preview:-1"},"canonical":"https:\/\/www.pressenza.com\/es\/2022\/07\/vecinos-afectados-se-organizan-para-exigir-que-se-lleve-a-cabo-el-prometido-soterramiento-de-la-autovia-a5\/","og_locale":"es_ES","og_type":"article","og_title":"Vecinos afectados se organizan para exigir que se lleve a cabo el prometido soterramiento de la Autov\u00eda A5","og_description":"Han comenzado por recoger firmas, en papel y online, que presentar\u00e1n en el Ayuntamiento de Madrid. Se trata de la \u00faltima autov\u00eda (suroeste de la capital)","og_url":"https:\/\/www.pressenza.com\/es\/2022\/07\/vecinos-afectados-se-organizan-para-exigir-que-se-lleve-a-cabo-el-prometido-soterramiento-de-la-autovia-a5\/","og_site_name":"Pressenza","article_publisher":"https:\/\/www.facebook.com\/PressenzaItalia","article_author":"https:\/\/www.facebook.com\/pressenza","article_published_time":"2022-07-27T09:11:34+00:00","article_modified_time":"2022-07-27T09:24:54+00:00","og_image":[{"width":781,"height":1050,"url":"https:\/\/www.pressenza.com\/wp-content\/uploads\/2022\/07\/HOJA-FIRMAS.png","type":"image\/png"}],"author":"Redacci\u00f3n Madrid","twitter_card":"summary_large_image","twitter_creator":"@pressenza","twitter_site":"@PressenzaIPA","twitter_misc":{"Escrito por":"Redacci\u00f3n Madrid","Tiempo de lectura":"2 minutos"},"schema":{"@context":"https:\/\/schema.org","@graph":[{"@type":"Article","@id":"https:\/\/www.pressenza.com\/es\/2022\/07\/vecinos-afectados-se-organizan-para-exigir-que-se-lleve-a-cabo-el-prometido-soterramiento-de-la-autovia-a5\/#article","isPartOf":{"@id":"https:\/\/www.pressenza.com\/es\/2022\/07\/vecinos-afectados-se-organizan-para-exigir-que-se-lleve-a-cabo-el-prometido-soterramiento-de-la-autovia-a5\/"},"author":{"name":"Redacci\u00f3n Madrid","@id":"https:\/\/www.pressenza.com\/es\/#\/schema\/person\/828fc40eeca2ad7be3630e5a46adba94"},"headline":"Vecinos afectados se organizan para exigir que se lleve a cabo el prometido soterramiento de la Autov\u00eda A5","datePublished":"2022-07-27T09:11:34+00:00","dateModified":"2022-07-27T09:24:54+00:00","mainEntityOfPage":{"@id":"https:\/\/www.pressenza.com\/es\/2022\/07\/vecinos-afectados-se-organizan-para-exigir-que-se-lleve-a-cabo-el-prometido-soterramiento-de-la-autovia-a5\/"},"wordCount":327,"publisher":{"@id":"https:\/\/www.pressenza.com\/es\/#organization"},"image":{"@id":"https:\/\/www.pressenza.com\/es\/2022\/07\/vecinos-afectados-se-organizan-para-exigir-que-se-lleve-a-cabo-el-prometido-soterramiento-de-la-autovia-a5\/#primaryimage"},"thumbnailUrl":"https:\/\/www.pressenza.com\/wp-content\/uploads\/2022\/07\/HOJA-FIRMAS.png","keywords":["Ayuntamiento de Madrid","Espa\u00f1a","Jos\u00e9 Luis Mart\u00ednez-Almeida","Madrid","Ministerio de Defensa","movilizaci\u00f3n ciudadana","soterramientoa5"],"articleSection":["Comunicados de Prensa","Europa","Pol\u00edtica"],"inLanguage":"es"},{"@type":"WebPage","@id":"https:\/\/www.pressenza.com\/es\/2022\/07\/vecinos-afectados-se-organizan-para-exigir-que-se-lleve-a-cabo-el-prometido-soterramiento-de-la-autovia-a5\/","url":"https:\/\/www.pressenza.com\/es\/2022\/07\/vecinos-afectados-se-organizan-para-exigir-que-se-lleve-a-cabo-el-prometido-soterramiento-de-la-autovia-a5\/","name":"Vecinos afectados se organizan para exigir que se lleve a cabo el prometido soterramiento de la Autov\u00eda A5","isPartOf":{"@id":"https:\/\/www.pressenza.com\/es\/#website"},"primaryImageOfPage":{"@id":"https:\/\/www.pressenza.com\/es\/2022\/07\/vecinos-afectados-se-organizan-para-exigir-que-se-lleve-a-cabo-el-prometido-soterramiento-de-la-autovia-a5\/#primaryimage"},"image":{"@id":"https:\/\/www.pressenza.com\/es\/2022\/07\/vecinos-afectados-se-organizan-para-exigir-que-se-lleve-a-cabo-el-prometido-soterramiento-de-la-autovia-a5\/#primaryimage"},"thumbnailUrl":"https:\/\/www.pressenza.com\/wp-content\/uploads\/2022\/07\/HOJA-FIRMAS.png","datePublished":"2022-07-27T09:11:34+00:00","dateModified":"2022-07-27T09:24:54+00:00","description":"Han comenzado por recoger firmas, en papel y online, que presentar\u00e1n en el Ayuntamiento de Madrid. Se trata de la \u00faltima autov\u00eda (suroeste de la capital)","breadcrumb":{"@id":"https:\/\/www.pressenza.com\/es\/2022\/07\/vecinos-afectados-se-organizan-para-exigir-que-se-lleve-a-cabo-el-prometido-soterramiento-de-la-autovia-a5\/#breadcrumb"},"inLanguage":"es","potentialAction":[{"@type":"ReadAction","target":["https:\/\/www.pressenza.com\/es\/2022\/07\/vecinos-afectados-se-organizan-para-exigir-que-se-lleve-a-cabo-el-prometido-soterramiento-de-la-autovia-a5\/"]}]},{"@type":"ImageObject","inLanguage":"es","@id":"https:\/\/www.pressenza.com\/es\/2022\/07\/vecinos-afectados-se-organizan-para-exigir-que-se-lleve-a-cabo-el-prometido-soterramiento-de-la-autovia-a5\/#primaryimage","url":"https:\/\/www.pressenza.com\/wp-content\/uploads\/2022\/07\/HOJA-FIRMAS.png","contentUrl":"https:\/\/www.pressenza.com\/wp-content\/uploads\/2022\/07\/HOJA-FIRMAS.png","width":781,"height":1050},{"@type":"BreadcrumbList","@id":"https:\/\/www.pressenza.com\/es\/2022\/07\/vecinos-afectados-se-organizan-para-exigir-que-se-lleve-a-cabo-el-prometido-soterramiento-de-la-autovia-a5\/#breadcrumb","itemListElement":[{"@type":"ListItem","position":1,"name":"Accueil","item":"https:\/\/www.pressenza.com\/es\/"},{"@type":"ListItem","position":2,"name":"Vecinos afectados se organizan para exigir que se lleve a cabo el prometido soterramiento de la Autov\u00eda A5"}]},{"@type":"WebSite","@id":"https:\/\/www.pressenza.com\/es\/#website","url":"https:\/\/www.pressenza.com\/es\/","name":"Pressenza","description":"International Press Agency","publisher":{"@id":"https:\/\/www.pressenza.com\/es\/#organization"},"potentialAction":[{"@type":"SearchAction","target":{"@type":"EntryPoint","urlTemplate":"https:\/\/www.pressenza.com\/es\/?s={search_term_string}"},"query-input":{"@type":"PropertyValueSpecification","valueRequired":true,"valueName":"search_term_string"}}],"inLanguage":"es"},{"@type":"Organization","@id":"https:\/\/www.pressenza.com\/es\/#organization","name":"Pressenza","url":"https:\/\/www.pressenza.com\/es\/","logo":{"@type":"ImageObject","inLanguage":"es","@id":"https:\/\/www.pressenza.com\/es\/#\/schema\/logo\/image\/","url":"https:\/\/www.pressenza.com\/wp-content\/uploads\/2022\/10\/pressenza_logo_200x200.jpg","contentUrl":"https:\/\/www.pressenza.com\/wp-content\/uploads\/2022\/10\/pressenza_logo_200x200.jpg","width":200,"height":200,"caption":"Pressenza"},"image":{"@id":"https:\/\/www.pressenza.com\/es\/#\/schema\/logo\/image\/"},"sameAs":["https:\/\/www.facebook.com\/PressenzaItalia","https:\/\/x.com\/PressenzaIPA"]},{"@type":"Person","@id":"https:\/\/www.pressenza.com\/es\/#\/schema\/person\/828fc40eeca2ad7be3630e5a46adba94","name":"Redacci\u00f3n Madrid","description":"News from the Pressenza Bureau in Madrid, Spain","sameAs":["https:\/\/www.facebook.com\/pressenza","https:\/\/x.com\/pressenza"],"url":"https:\/\/www.pressenza.com\/es\/author\/redaccion-madrid\/"}]}},"place":"Madrid, Espa\u00f1a","original_article_url":"","_links":{"self":[{"href":"https:\/\/www.pressenza.com\/es\/wp-json\/wp\/v2\/posts\/1631893","targetHints":{"allow":["GET"]}}],"collection":[{"href":"https:\/\/www.pressenza.com\/es\/wp-json\/wp\/v2\/posts"}],"about":[{"href":"https:\/\/www.pressenza.com\/es\/wp-json\/wp\/v2\/types\/post"}],"author":[{"embeddable":true,"href":"https:\/\/www.pressenza.com\/es\/wp-json\/wp\/v2\/users\/94"}],"replies":[{"embeddable":true,"href":"https:\/\/www.pressenza.com\/es\/wp-json\/wp\/v2\/comments?post=1631893"}],"version-history":[{"count":0,"href":"https:\/\/www.pressenza.com\/es\/wp-json\/wp\/v2\/posts\/1631893\/revisions"}],"wp:featuredmedia":[{"embeddable":true,"href":"https:\/\/www.pressenza.com\/es\/wp-json\/wp\/v2\/media\/1631894"}],"wp:attachment":[{"href":"https:\/\/www.pressenza.com\/es\/wp-json\/wp\/v2\/media?parent=1631893"}],"wp:term":[{"taxonomy":"category","embeddable":true,"href":"https:\/\/www.pressenza.com\/es\/wp-json\/wp\/v2\/categories?post=1631893"},{"taxonomy":"post_tag","embeddable":true,"href":"https:\/\/www.pressenza.com\/es\/wp-json\/wp\/v2\/tags?post=1631893"}],"curies":[{"name":"wp","href":"https:\/\/api.w.org\/{rel}","templated":true}]}}