{"id":1631553,"date":"2022-07-26T16:25:26","date_gmt":"2022-07-26T15:25:26","guid":{"rendered":"https:\/\/www.pressenza.com\/?p=1631553"},"modified":"2022-07-26T16:25:26","modified_gmt":"2022-07-26T15:25:26","slug":"destacado-sexologo-rodrigo-jarpa-propone-un-nuevo-enfoque-para-abordar-educacion-sexual-en-ninas-y-ninos","status":"publish","type":"post","link":"https:\/\/www.pressenza.com\/es\/2022\/07\/destacado-sexologo-rodrigo-jarpa-propone-un-nuevo-enfoque-para-abordar-educacion-sexual-en-ninas-y-ninos\/","title":{"rendered":"Destacado sex\u00f3logo Rodrigo Jarpa propone un nuevo enfoque para abordar educaci\u00f3n sexual en ni\u00f1as y ni\u00f1os"},"content":{"rendered":"<ul>\n<li><em>C\u00f3mo educar ni\u00f1as y ni\u00f1os sexualmente inteligentes<\/em> re\u00fane el trabajo de 15 a\u00f1os del autor en charlas sobre educaci\u00f3n sexual integral en colegios del pa\u00eds, donde ha recogido dudas, preguntas y temores de los padres sobre este tema.<\/li>\n<li>El libro propone que los padres olviden esa \u00abprimera charla sobre sexo\u00bb y fortalezcan en sus hijos, desde muy peque\u00f1os, el desarrollo de una identidad sexual que busquen replicar y sostener durante toda su vida.<\/li>\n<li>Rodrigo Jarpa es psic\u00f3logo especialista en sexualidad humana conocido p\u00fablicamente en su rol de panelista y columnista en distintos medios de comunicaci\u00f3n.<\/li>\n<\/ul>\n<p>\u00a1Atenci\u00f3n, mam\u00e1s y pap\u00e1s! Olv\u00eddense de la \u00abcharla\u00bb o esa primera conversaci\u00f3n de sexo con sus ni\u00f1os. Con un lenguaje cotidiano, un punto de vista emp\u00e1tico y un saber profundo de la sexualidad humana, el psic\u00f3logo Rodrigo Jarpa recoge las decenas de dudas, preguntas y temores que le han comentado los padres en sus charlas de educaci\u00f3n sexual durante los \u00faltimos 15 a\u00f1os, y propone un nuevo enfoque en este tema. M\u00e1s que saber qu\u00e9 decir (o no decir) a los hijos sobre sexo, es necesario educar ni\u00f1os sexualmente inteligentes, esto es, desarrollar en ellos una identidad, una forma de ser desde muy peque\u00f1os, que busquen replicar y sostener durante toda su vida. A trav\u00e9s de argumentos cient\u00edficos, ejemplos y herramientas pr\u00e1cticas, y mucho sentido com\u00fan, el especialista orienta a las madres y padres de ni\u00f1as y ni\u00f1os \u2014desde su nacimiento hasta el inicio de la pubertad\u2014, en este desaf\u00edo clave de la crianza en un mundo donde la sexualidad, la orientaci\u00f3n sexual, la identidad de g\u00e9nero y la diversidad demandan un mayor y urgente entendimiento.<\/p>\n<p><strong>Sobre el autor:<\/strong> Rodrigo Jarpa es psic\u00f3logo, mag\u00edster en Psicolog\u00eda Cl\u00edni\u00adca, doctor en Sexualidad Humana y miem\u00adbro de la World Association for Sexual Health. Fundador y docente de la Academia de Psicolog\u00eda y Bienestar, ha creado distintos programas psi\u00adcoeducativos en sexualidad y afectividad para fundaciones, centros de salud y oeneg\u00e9s, que sin\u00adtetiza en <a href=\"http:\/\/soysexualmenteinteligente.com\">soysexualmenteinteligente.com<\/a>. Es autor de diversos libros. Panelista y columnista en medios de comunica\u00adci\u00f3n, condujo el programa <em>S.O.S. La Sexualidad de los Chilenos<\/em> (Chilevisi\u00f3n) y el documental <em>La Cultura del Sexo<\/em> (TVN). Hoy se dedica al trabajo cl\u00ednico, la docencia y a realizar charlas y talleres.<\/p>\n<p>Ac\u00e1 el v\u00eddeo de la entrevista:<\/p>\n<p><iframe loading=\"lazy\" title=\"Entrevista con Rodrigo Jarpa, autor de C\u00f3mo educar ni\u00f1as y ni\u00f1os sexualmente inteligentes\" width=\"500\" height=\"281\" src=\"https:\/\/www.youtube.com\/embed\/zy0qr9k1rn8?feature=oembed\" frameborder=\"0\" allow=\"accelerometer; autoplay; clipboard-write; encrypted-media; gyroscope; picture-in-picture; web-share\" referrerpolicy=\"strict-origin-when-cross-origin\" allowfullscreen><\/iframe><\/p>\n<p>&nbsp;<\/p>\n","protected":false},"excerpt":{"rendered":"<p>C\u00f3mo educar ni\u00f1as y ni\u00f1os sexualmente inteligentes re\u00fane el trabajo de 15 a\u00f1os del autor en charlas sobre educaci\u00f3n sexual integral en colegios del pa\u00eds, donde ha recogido dudas, preguntas y temores de los padres sobre este tema. El libro&hellip;<\/p>\n","protected":false},"author":2011,"featured_media":1631559,"comment_status":"closed","ping_status":"closed","sticky":false,"template":"","format":"standard","meta":{"footnotes":""},"categories":[11389,75,155,67],"tags":[29,80413,104027,21757],"class_list":["post-1631553","post","type-post","status-publish","format-standard","has-post-thumbnail","hentry","category-contenido-original","category-cultura-es","category-entrevistas","category-sudamerica","tag-chile","tag-ninas-y-ninos","tag-rodrigo-jarpa","tag-sexualidad"],"yoast_head":"<!-- This site is optimized with the Yoast SEO plugin v27.1.1 - https:\/\/yoast.com\/product\/yoast-seo-wordpress\/ -->\n<title>Destacado sex\u00f3logo Rodrigo Jarpa propone un nuevo enfoque para abordar educaci\u00f3n sexual en ni\u00f1as y ni\u00f1os<\/title>\n<meta name=\"description\" content=\"C\u00f3mo educar ni\u00f1as y ni\u00f1os sexualmente inteligentes re\u00fane el trabajo de 15 a\u00f1os del autor en charlas sobre educaci\u00f3n sexual integral en colegios del pa\u00eds,\" \/>\n<meta name=\"robots\" content=\"index, follow, max-snippet:-1, max-image-preview:large, max-video-preview:-1\" \/>\n<link rel=\"canonical\" href=\"https:\/\/www.pressenza.com\/es\/2022\/07\/destacado-sexologo-rodrigo-jarpa-propone-un-nuevo-enfoque-para-abordar-educacion-sexual-en-ninas-y-ninos\/\" \/>\n<meta property=\"og:locale\" content=\"es_ES\" \/>\n<meta property=\"og:type\" content=\"article\" \/>\n<meta property=\"og:title\" content=\"Destacado sex\u00f3logo Rodrigo Jarpa propone un nuevo enfoque para abordar educaci\u00f3n sexual en ni\u00f1as y ni\u00f1os\" \/>\n<meta property=\"og:description\" content=\"C\u00f3mo educar ni\u00f1as y ni\u00f1os sexualmente inteligentes re\u00fane el trabajo de 15 a\u00f1os del autor en charlas sobre educaci\u00f3n sexual integral en colegios del pa\u00eds,\" \/>\n<meta property=\"og:url\" content=\"https:\/\/www.pressenza.com\/es\/2022\/07\/destacado-sexologo-rodrigo-jarpa-propone-un-nuevo-enfoque-para-abordar-educacion-sexual-en-ninas-y-ninos\/\" \/>\n<meta property=\"og:site_name\" content=\"Pressenza\" \/>\n<meta property=\"article:publisher\" content=\"https:\/\/www.facebook.com\/PressenzaItalia\" \/>\n<meta property=\"article:published_time\" content=\"2022-07-26T15:25:26+00:00\" \/>\n<meta property=\"og:image\" content=\"https:\/\/www.pressenza.com\/wp-content\/uploads\/2022\/07\/62b39fb686f40f6369357d92.__RSF640x640__.jpg\" \/>\n\t<meta property=\"og:image:width\" content=\"640\" \/>\n\t<meta property=\"og:image:height\" content=\"640\" \/>\n\t<meta property=\"og:image:type\" content=\"image\/jpeg\" \/>\n<meta name=\"author\" content=\"Mariana Hales Beseler\" \/>\n<meta name=\"twitter:card\" content=\"summary_large_image\" \/>\n<meta name=\"twitter:creator\" content=\"@PressenzaIPA\" \/>\n<meta name=\"twitter:site\" content=\"@PressenzaIPA\" \/>\n<meta name=\"twitter:label1\" content=\"Escrito por\" \/>\n\t<meta name=\"twitter:data1\" content=\"Mariana Hales Beseler\" \/>\n\t<meta name=\"twitter:label2\" content=\"Tiempo de lectura\" \/>\n\t<meta name=\"twitter:data2\" content=\"2 minutos\" \/>\n<script type=\"application\/ld+json\" class=\"yoast-schema-graph\">{\"@context\":\"https:\/\/schema.org\",\"@graph\":[{\"@type\":\"Article\",\"@id\":\"https:\/\/www.pressenza.com\/es\/2022\/07\/destacado-sexologo-rodrigo-jarpa-propone-un-nuevo-enfoque-para-abordar-educacion-sexual-en-ninas-y-ninos\/#article\",\"isPartOf\":{\"@id\":\"https:\/\/www.pressenza.com\/es\/2022\/07\/destacado-sexologo-rodrigo-jarpa-propone-un-nuevo-enfoque-para-abordar-educacion-sexual-en-ninas-y-ninos\/\"},\"author\":{\"name\":\"Mariana Hales Beseler\",\"@id\":\"https:\/\/www.pressenza.com\/es\/#\/schema\/person\/03ad45693deae00354a5a14ad538ed1e\"},\"headline\":\"Destacado sex\u00f3logo Rodrigo Jarpa propone un nuevo enfoque para abordar educaci\u00f3n sexual en ni\u00f1as y ni\u00f1os\",\"datePublished\":\"2022-07-26T15:25:26+00:00\",\"mainEntityOfPage\":{\"@id\":\"https:\/\/www.pressenza.com\/es\/2022\/07\/destacado-sexologo-rodrigo-jarpa-propone-un-nuevo-enfoque-para-abordar-educacion-sexual-en-ninas-y-ninos\/\"},\"wordCount\":452,\"publisher\":{\"@id\":\"https:\/\/www.pressenza.com\/es\/#organization\"},\"image\":{\"@id\":\"https:\/\/www.pressenza.com\/es\/2022\/07\/destacado-sexologo-rodrigo-jarpa-propone-un-nuevo-enfoque-para-abordar-educacion-sexual-en-ninas-y-ninos\/#primaryimage\"},\"thumbnailUrl\":\"https:\/\/www.pressenza.com\/wp-content\/uploads\/2022\/07\/62b39fb686f40f6369357d92.__RSF640x640__.jpg\",\"keywords\":[\"Chile\",\"ni\u00f1as y ni\u00f1os\",\"Rodrigo Jarpa\",\"sexualidad\"],\"articleSection\":[\"Contenido Original\",\"Cultura y Medios\",\"Entrevistas\",\"Sudam\u00e9rica\"],\"inLanguage\":\"es\"},{\"@type\":\"WebPage\",\"@id\":\"https:\/\/www.pressenza.com\/es\/2022\/07\/destacado-sexologo-rodrigo-jarpa-propone-un-nuevo-enfoque-para-abordar-educacion-sexual-en-ninas-y-ninos\/\",\"url\":\"https:\/\/www.pressenza.com\/es\/2022\/07\/destacado-sexologo-rodrigo-jarpa-propone-un-nuevo-enfoque-para-abordar-educacion-sexual-en-ninas-y-ninos\/\",\"name\":\"Destacado sex\u00f3logo Rodrigo Jarpa propone un nuevo enfoque para abordar educaci\u00f3n sexual en ni\u00f1as y ni\u00f1os\",\"isPartOf\":{\"@id\":\"https:\/\/www.pressenza.com\/es\/#website\"},\"primaryImageOfPage\":{\"@id\":\"https:\/\/www.pressenza.com\/es\/2022\/07\/destacado-sexologo-rodrigo-jarpa-propone-un-nuevo-enfoque-para-abordar-educacion-sexual-en-ninas-y-ninos\/#primaryimage\"},\"image\":{\"@id\":\"https:\/\/www.pressenza.com\/es\/2022\/07\/destacado-sexologo-rodrigo-jarpa-propone-un-nuevo-enfoque-para-abordar-educacion-sexual-en-ninas-y-ninos\/#primaryimage\"},\"thumbnailUrl\":\"https:\/\/www.pressenza.com\/wp-content\/uploads\/2022\/07\/62b39fb686f40f6369357d92.__RSF640x640__.jpg\",\"datePublished\":\"2022-07-26T15:25:26+00:00\",\"description\":\"C\u00f3mo educar ni\u00f1as y ni\u00f1os sexualmente inteligentes re\u00fane el trabajo de 15 a\u00f1os del autor en charlas sobre educaci\u00f3n sexual integral en colegios del pa\u00eds,\",\"breadcrumb\":{\"@id\":\"https:\/\/www.pressenza.com\/es\/2022\/07\/destacado-sexologo-rodrigo-jarpa-propone-un-nuevo-enfoque-para-abordar-educacion-sexual-en-ninas-y-ninos\/#breadcrumb\"},\"inLanguage\":\"es\",\"potentialAction\":[{\"@type\":\"ReadAction\",\"target\":[\"https:\/\/www.pressenza.com\/es\/2022\/07\/destacado-sexologo-rodrigo-jarpa-propone-un-nuevo-enfoque-para-abordar-educacion-sexual-en-ninas-y-ninos\/\"]}]},{\"@type\":\"ImageObject\",\"inLanguage\":\"es\",\"@id\":\"https:\/\/www.pressenza.com\/es\/2022\/07\/destacado-sexologo-rodrigo-jarpa-propone-un-nuevo-enfoque-para-abordar-educacion-sexual-en-ninas-y-ninos\/#primaryimage\",\"url\":\"https:\/\/www.pressenza.com\/wp-content\/uploads\/2022\/07\/62b39fb686f40f6369357d92.__RSF640x640__.jpg\",\"contentUrl\":\"https:\/\/www.pressenza.com\/wp-content\/uploads\/2022\/07\/62b39fb686f40f6369357d92.__RSF640x640__.jpg\",\"width\":640,\"height\":640,\"caption\":\"Urano\"},{\"@type\":\"BreadcrumbList\",\"@id\":\"https:\/\/www.pressenza.com\/es\/2022\/07\/destacado-sexologo-rodrigo-jarpa-propone-un-nuevo-enfoque-para-abordar-educacion-sexual-en-ninas-y-ninos\/#breadcrumb\",\"itemListElement\":[{\"@type\":\"ListItem\",\"position\":1,\"name\":\"Accueil\",\"item\":\"https:\/\/www.pressenza.com\/es\/\"},{\"@type\":\"ListItem\",\"position\":2,\"name\":\"Destacado sex\u00f3logo Rodrigo Jarpa propone un nuevo enfoque para abordar educaci\u00f3n sexual en ni\u00f1as y ni\u00f1os\"}]},{\"@type\":\"WebSite\",\"@id\":\"https:\/\/www.pressenza.com\/es\/#website\",\"url\":\"https:\/\/www.pressenza.com\/es\/\",\"name\":\"Pressenza\",\"description\":\"International Press Agency\",\"publisher\":{\"@id\":\"https:\/\/www.pressenza.com\/es\/#organization\"},\"potentialAction\":[{\"@type\":\"SearchAction\",\"target\":{\"@type\":\"EntryPoint\",\"urlTemplate\":\"https:\/\/www.pressenza.com\/es\/?s={search_term_string}\"},\"query-input\":{\"@type\":\"PropertyValueSpecification\",\"valueRequired\":true,\"valueName\":\"search_term_string\"}}],\"inLanguage\":\"es\"},{\"@type\":\"Organization\",\"@id\":\"https:\/\/www.pressenza.com\/es\/#organization\",\"name\":\"Pressenza\",\"url\":\"https:\/\/www.pressenza.com\/es\/\",\"logo\":{\"@type\":\"ImageObject\",\"inLanguage\":\"es\",\"@id\":\"https:\/\/www.pressenza.com\/es\/#\/schema\/logo\/image\/\",\"url\":\"https:\/\/www.pressenza.com\/wp-content\/uploads\/2022\/10\/pressenza_logo_200x200.jpg\",\"contentUrl\":\"https:\/\/www.pressenza.com\/wp-content\/uploads\/2022\/10\/pressenza_logo_200x200.jpg\",\"width\":200,\"height\":200,\"caption\":\"Pressenza\"},\"image\":{\"@id\":\"https:\/\/www.pressenza.com\/es\/#\/schema\/logo\/image\/\"},\"sameAs\":[\"https:\/\/www.facebook.com\/PressenzaItalia\",\"https:\/\/x.com\/PressenzaIPA\"]},{\"@type\":\"Person\",\"@id\":\"https:\/\/www.pressenza.com\/es\/#\/schema\/person\/03ad45693deae00354a5a14ad538ed1e\",\"name\":\"Mariana Hales Beseler\",\"description\":\"Periodista chilena. Desde el a\u00f1o 2003 trabaja en distintas editoriales como encargada de comunicaciones, en relaci\u00f3n con muchos autores y sus creaciones. El a\u00f1o 2012 cre\u00f3 una oficina de servicios editoriales y comunicacionales a trav\u00e9s de la cual hace prensa y difusi\u00f3n, asesor\u00edas para autores y temas relacionados a la edici\u00f3n y publicaci\u00f3n de libros. Desde ese mismo a\u00f1o trabaja con Chilevisi\u00f3n para la concreci\u00f3n del proyecto audiovisual \\\"In\u00e9s\\\", basado en el libro \\\"In\u00e9s del Alma M\u00eda\\\" de Isabel Allende, el que pr\u00f3ximamente ser\u00e1 exhibido en Chile.\",\"sameAs\":[\"http:\/\/www.marianahales.com\/\"],\"url\":\"https:\/\/www.pressenza.com\/es\/author\/mariana-hales-beseler\/\"}]}<\/script>\n<!-- \/ Yoast SEO plugin. -->","yoast_head_json":{"title":"Destacado sex\u00f3logo Rodrigo Jarpa propone un nuevo enfoque para abordar educaci\u00f3n sexual en ni\u00f1as y ni\u00f1os","description":"C\u00f3mo educar ni\u00f1as y ni\u00f1os sexualmente inteligentes re\u00fane el trabajo de 15 a\u00f1os del autor en charlas sobre educaci\u00f3n sexual integral en colegios del pa\u00eds,","robots":{"index":"index","follow":"follow","max-snippet":"max-snippet:-1","max-image-preview":"max-image-preview:large","max-video-preview":"max-video-preview:-1"},"canonical":"https:\/\/www.pressenza.com\/es\/2022\/07\/destacado-sexologo-rodrigo-jarpa-propone-un-nuevo-enfoque-para-abordar-educacion-sexual-en-ninas-y-ninos\/","og_locale":"es_ES","og_type":"article","og_title":"Destacado sex\u00f3logo Rodrigo Jarpa propone un nuevo enfoque para abordar educaci\u00f3n sexual en ni\u00f1as y ni\u00f1os","og_description":"C\u00f3mo educar ni\u00f1as y ni\u00f1os sexualmente inteligentes re\u00fane el trabajo de 15 a\u00f1os del autor en charlas sobre educaci\u00f3n sexual integral en colegios del pa\u00eds,","og_url":"https:\/\/www.pressenza.com\/es\/2022\/07\/destacado-sexologo-rodrigo-jarpa-propone-un-nuevo-enfoque-para-abordar-educacion-sexual-en-ninas-y-ninos\/","og_site_name":"Pressenza","article_publisher":"https:\/\/www.facebook.com\/PressenzaItalia","article_published_time":"2022-07-26T15:25:26+00:00","og_image":[{"width":640,"height":640,"url":"https:\/\/www.pressenza.com\/wp-content\/uploads\/2022\/07\/62b39fb686f40f6369357d92.__RSF640x640__.jpg","type":"image\/jpeg"}],"author":"Mariana Hales Beseler","twitter_card":"summary_large_image","twitter_creator":"@PressenzaIPA","twitter_site":"@PressenzaIPA","twitter_misc":{"Escrito por":"Mariana Hales Beseler","Tiempo de lectura":"2 minutos"},"schema":{"@context":"https:\/\/schema.org","@graph":[{"@type":"Article","@id":"https:\/\/www.pressenza.com\/es\/2022\/07\/destacado-sexologo-rodrigo-jarpa-propone-un-nuevo-enfoque-para-abordar-educacion-sexual-en-ninas-y-ninos\/#article","isPartOf":{"@id":"https:\/\/www.pressenza.com\/es\/2022\/07\/destacado-sexologo-rodrigo-jarpa-propone-un-nuevo-enfoque-para-abordar-educacion-sexual-en-ninas-y-ninos\/"},"author":{"name":"Mariana Hales Beseler","@id":"https:\/\/www.pressenza.com\/es\/#\/schema\/person\/03ad45693deae00354a5a14ad538ed1e"},"headline":"Destacado sex\u00f3logo Rodrigo Jarpa propone un nuevo enfoque para abordar educaci\u00f3n sexual en ni\u00f1as y ni\u00f1os","datePublished":"2022-07-26T15:25:26+00:00","mainEntityOfPage":{"@id":"https:\/\/www.pressenza.com\/es\/2022\/07\/destacado-sexologo-rodrigo-jarpa-propone-un-nuevo-enfoque-para-abordar-educacion-sexual-en-ninas-y-ninos\/"},"wordCount":452,"publisher":{"@id":"https:\/\/www.pressenza.com\/es\/#organization"},"image":{"@id":"https:\/\/www.pressenza.com\/es\/2022\/07\/destacado-sexologo-rodrigo-jarpa-propone-un-nuevo-enfoque-para-abordar-educacion-sexual-en-ninas-y-ninos\/#primaryimage"},"thumbnailUrl":"https:\/\/www.pressenza.com\/wp-content\/uploads\/2022\/07\/62b39fb686f40f6369357d92.__RSF640x640__.jpg","keywords":["Chile","ni\u00f1as y ni\u00f1os","Rodrigo Jarpa","sexualidad"],"articleSection":["Contenido Original","Cultura y Medios","Entrevistas","Sudam\u00e9rica"],"inLanguage":"es"},{"@type":"WebPage","@id":"https:\/\/www.pressenza.com\/es\/2022\/07\/destacado-sexologo-rodrigo-jarpa-propone-un-nuevo-enfoque-para-abordar-educacion-sexual-en-ninas-y-ninos\/","url":"https:\/\/www.pressenza.com\/es\/2022\/07\/destacado-sexologo-rodrigo-jarpa-propone-un-nuevo-enfoque-para-abordar-educacion-sexual-en-ninas-y-ninos\/","name":"Destacado sex\u00f3logo Rodrigo Jarpa propone un nuevo enfoque para abordar educaci\u00f3n sexual en ni\u00f1as y ni\u00f1os","isPartOf":{"@id":"https:\/\/www.pressenza.com\/es\/#website"},"primaryImageOfPage":{"@id":"https:\/\/www.pressenza.com\/es\/2022\/07\/destacado-sexologo-rodrigo-jarpa-propone-un-nuevo-enfoque-para-abordar-educacion-sexual-en-ninas-y-ninos\/#primaryimage"},"image":{"@id":"https:\/\/www.pressenza.com\/es\/2022\/07\/destacado-sexologo-rodrigo-jarpa-propone-un-nuevo-enfoque-para-abordar-educacion-sexual-en-ninas-y-ninos\/#primaryimage"},"thumbnailUrl":"https:\/\/www.pressenza.com\/wp-content\/uploads\/2022\/07\/62b39fb686f40f6369357d92.__RSF640x640__.jpg","datePublished":"2022-07-26T15:25:26+00:00","description":"C\u00f3mo educar ni\u00f1as y ni\u00f1os sexualmente inteligentes re\u00fane el trabajo de 15 a\u00f1os del autor en charlas sobre educaci\u00f3n sexual integral en colegios del pa\u00eds,","breadcrumb":{"@id":"https:\/\/www.pressenza.com\/es\/2022\/07\/destacado-sexologo-rodrigo-jarpa-propone-un-nuevo-enfoque-para-abordar-educacion-sexual-en-ninas-y-ninos\/#breadcrumb"},"inLanguage":"es","potentialAction":[{"@type":"ReadAction","target":["https:\/\/www.pressenza.com\/es\/2022\/07\/destacado-sexologo-rodrigo-jarpa-propone-un-nuevo-enfoque-para-abordar-educacion-sexual-en-ninas-y-ninos\/"]}]},{"@type":"ImageObject","inLanguage":"es","@id":"https:\/\/www.pressenza.com\/es\/2022\/07\/destacado-sexologo-rodrigo-jarpa-propone-un-nuevo-enfoque-para-abordar-educacion-sexual-en-ninas-y-ninos\/#primaryimage","url":"https:\/\/www.pressenza.com\/wp-content\/uploads\/2022\/07\/62b39fb686f40f6369357d92.__RSF640x640__.jpg","contentUrl":"https:\/\/www.pressenza.com\/wp-content\/uploads\/2022\/07\/62b39fb686f40f6369357d92.__RSF640x640__.jpg","width":640,"height":640,"caption":"Urano"},{"@type":"BreadcrumbList","@id":"https:\/\/www.pressenza.com\/es\/2022\/07\/destacado-sexologo-rodrigo-jarpa-propone-un-nuevo-enfoque-para-abordar-educacion-sexual-en-ninas-y-ninos\/#breadcrumb","itemListElement":[{"@type":"ListItem","position":1,"name":"Accueil","item":"https:\/\/www.pressenza.com\/es\/"},{"@type":"ListItem","position":2,"name":"Destacado sex\u00f3logo Rodrigo Jarpa propone un nuevo enfoque para abordar educaci\u00f3n sexual en ni\u00f1as y ni\u00f1os"}]},{"@type":"WebSite","@id":"https:\/\/www.pressenza.com\/es\/#website","url":"https:\/\/www.pressenza.com\/es\/","name":"Pressenza","description":"International Press Agency","publisher":{"@id":"https:\/\/www.pressenza.com\/es\/#organization"},"potentialAction":[{"@type":"SearchAction","target":{"@type":"EntryPoint","urlTemplate":"https:\/\/www.pressenza.com\/es\/?s={search_term_string}"},"query-input":{"@type":"PropertyValueSpecification","valueRequired":true,"valueName":"search_term_string"}}],"inLanguage":"es"},{"@type":"Organization","@id":"https:\/\/www.pressenza.com\/es\/#organization","name":"Pressenza","url":"https:\/\/www.pressenza.com\/es\/","logo":{"@type":"ImageObject","inLanguage":"es","@id":"https:\/\/www.pressenza.com\/es\/#\/schema\/logo\/image\/","url":"https:\/\/www.pressenza.com\/wp-content\/uploads\/2022\/10\/pressenza_logo_200x200.jpg","contentUrl":"https:\/\/www.pressenza.com\/wp-content\/uploads\/2022\/10\/pressenza_logo_200x200.jpg","width":200,"height":200,"caption":"Pressenza"},"image":{"@id":"https:\/\/www.pressenza.com\/es\/#\/schema\/logo\/image\/"},"sameAs":["https:\/\/www.facebook.com\/PressenzaItalia","https:\/\/x.com\/PressenzaIPA"]},{"@type":"Person","@id":"https:\/\/www.pressenza.com\/es\/#\/schema\/person\/03ad45693deae00354a5a14ad538ed1e","name":"Mariana Hales Beseler","description":"Periodista chilena. Desde el a\u00f1o 2003 trabaja en distintas editoriales como encargada de comunicaciones, en relaci\u00f3n con muchos autores y sus creaciones. El a\u00f1o 2012 cre\u00f3 una oficina de servicios editoriales y comunicacionales a trav\u00e9s de la cual hace prensa y difusi\u00f3n, asesor\u00edas para autores y temas relacionados a la edici\u00f3n y publicaci\u00f3n de libros. Desde ese mismo a\u00f1o trabaja con Chilevisi\u00f3n para la concreci\u00f3n del proyecto audiovisual \"In\u00e9s\", basado en el libro \"In\u00e9s del Alma M\u00eda\" de Isabel Allende, el que pr\u00f3ximamente ser\u00e1 exhibido en Chile.","sameAs":["http:\/\/www.marianahales.com\/"],"url":"https:\/\/www.pressenza.com\/es\/author\/mariana-hales-beseler\/"}]}},"place":"Santiago de Chile","original_article_url":"","_links":{"self":[{"href":"https:\/\/www.pressenza.com\/es\/wp-json\/wp\/v2\/posts\/1631553","targetHints":{"allow":["GET"]}}],"collection":[{"href":"https:\/\/www.pressenza.com\/es\/wp-json\/wp\/v2\/posts"}],"about":[{"href":"https:\/\/www.pressenza.com\/es\/wp-json\/wp\/v2\/types\/post"}],"author":[{"embeddable":true,"href":"https:\/\/www.pressenza.com\/es\/wp-json\/wp\/v2\/users\/2011"}],"replies":[{"embeddable":true,"href":"https:\/\/www.pressenza.com\/es\/wp-json\/wp\/v2\/comments?post=1631553"}],"version-history":[{"count":0,"href":"https:\/\/www.pressenza.com\/es\/wp-json\/wp\/v2\/posts\/1631553\/revisions"}],"wp:featuredmedia":[{"embeddable":true,"href":"https:\/\/www.pressenza.com\/es\/wp-json\/wp\/v2\/media\/1631559"}],"wp:attachment":[{"href":"https:\/\/www.pressenza.com\/es\/wp-json\/wp\/v2\/media?parent=1631553"}],"wp:term":[{"taxonomy":"category","embeddable":true,"href":"https:\/\/www.pressenza.com\/es\/wp-json\/wp\/v2\/categories?post=1631553"},{"taxonomy":"post_tag","embeddable":true,"href":"https:\/\/www.pressenza.com\/es\/wp-json\/wp\/v2\/tags?post=1631553"}],"curies":[{"name":"wp","href":"https:\/\/api.w.org\/{rel}","templated":true}]}}