{"id":163023,"date":"2015-02-13T10:26:55","date_gmt":"2015-02-13T10:26:55","guid":{"rendered":"http:\/\/www.pressenza.com\/?p=163023"},"modified":"2015-02-14T11:42:18","modified_gmt":"2015-02-14T11:42:18","slug":"katerina-sergidou-syriza-necesitamos-el-apoyo-del-pueblo-espanol-y-de-toda-europa","status":"publish","type":"post","link":"https:\/\/www.pressenza.com\/es\/2015\/02\/katerina-sergidou-syriza-necesitamos-el-apoyo-del-pueblo-espanol-y-de-toda-europa\/","title":{"rendered":"Katerina Sergidou (Syriza): \u00abNecesitamos el apoyo del pueblo espa\u00f1ol y de toda Europa\u00bb"},"content":{"rendered":"<div class=\"subtitle bkn mce sk2\">\n<p><em>La secretaria del comit\u00e9 coordinador de Syriza en Atenas, Katerina Sergidou, se encuentra en Espa\u00f1a para apoyar el lanzamiento del manifiesto &#8216;Por el cambio en Grecia&#8217;.<\/em><\/p>\n<p><em>\u00abSi es una estrella que dice no a la troika, bienvenido sea\u00bb, dice sobre Yanis Varoufakis.<\/em><\/p>\n<p><em>\u00abDesafortunadamente, el KKE (Partido Comunista Griego), que ser\u00eda un aliado muy bueno, no quer\u00eda colaborar con Syriza\u00bb.<\/em><\/p>\n<p><strong><em>Por Mario Pais Beiro para eldiario.es<\/em><\/strong><\/p>\n<div id=\"edi-body\" class=\"mce-body mce no-sticky-adv-socios\">\n<p class=\"mce\">El nuevo Gobierno de Syriza en Grecia ha levantado expectaci\u00f3n en toda Europa. Su ministro de Finanzas, Yanis Varoufakis, mantiene un pulso con la troika y los acreedores para renegociar el pago de la deuda de su pa\u00eds. Con este tel\u00f3n de fondo se encuentra esta semana en Madrid Katerina Sergidou, miembro del comit\u00e9 coordinador de Syriza en Atenas. Su presencia viene motivada por la presentaci\u00f3n del manifiesto <a class=\"mce\" href=\"http:\/\/porelcambioengrecia.info\/\"> &#8216;Por el cambio en Grecia&#8217;<\/a>, una plataforma que busca brindar un apoyo popular al nuevo Gobierno griego y sus reclamaciones.<\/p>\n<p class=\"mce\">Acude a la cita acompa\u00f1ada de Miguel Urban, uno de los impulsores de la iniciativa. \u00abNuestra idea es que no est\u00e9 escorado hacia un espacio pol\u00edtico, sino que sea un llamamiento a todos los manifiestos que ha habido a escala estatal y a las diferentes personas que han mostrado su simpat\u00eda y solidaridad\u00bb, explica Urban, tambi\u00e9n candidato a liderar Podemos en la Comunidad de Madrid. \u00abUn apoyo a Grecia y sus reivindicaciones para que no puedan ser chantajeados por la troika ni por Merkel\u00bb.<\/p>\n<p class=\"mce\"><strong class=\"mce\"> \u00bfCu\u00e1l es la situaci\u00f3n actual en Grecia?<\/strong><\/p>\n<p class=\"mce\">Ahora mismo en Grecia vivimos un momento hist\u00f3rico, los siguientes d\u00edas son cruciales. El nuevo Gobierno est\u00e1 apostando por romper el aislamiento y responder al chantaje de la troika y los prestamistas, que no quieren que Syriza aplique las medidas que ha declarado. No quieren que Grecia se convierta en ejemplo en Europa de un pueblo que gana su dignidad y diga que no va a pagar la deuda, que no es nuestra, que no queremos los memorandos.<\/p>\n<p class=\"mce\">Para ello necesitamos el apoyo del pueblo espa\u00f1ol y de toda Europa, por eso es muy importante la plataforma que se est\u00e1 organizando aqu\u00ed. Lo que estamos pensando ahora es en constituir estos comit\u00e9s en Grecia para apoyar al nuevo Gobierno y que se coordinen con los que est\u00e1n surgiendo en otros lugares de Europa. Porque detr\u00e1s del Gobierno y de Yanis Varoufakis hay un gran apoyo.<\/p>\n<p class=\"mce\"><strong class=\"mce\"> \u00bfQu\u00e9 esperan de las negociaciones con la Uni\u00f3n Europea? \u00bfSi la UE no cede, qu\u00e9 salida le queda al Gobierno de Alexis Tsipras?<\/strong><\/p>\n<p class=\"mce\">Por ahora han decidido chantajear al nuevo Gobierno. Sabemos que es una lucha dif\u00edcil. Estamos pidiendo un tiempo m\u00e1s, y no vamos a retroceder. Estamos luchando para el derrocamiento del memor\u00e1ndum. Queremos un programa puente, y no daremos un paso atr\u00e1s.<\/p>\n<p class=\"mce\">Lo que quiero decir es que no es nuestra responsabilidad lo que va a pasar si no aceptan lo que estamos diciendo. Ellos tampoco ten\u00edan un plan B cuando decidieron que un pa\u00eds como Grecia tuviese memorandos y una deuda tan grande. Por eso queremos el apoyo de los pueblos de Europa. Vamos paso a paso. Si hacen algo parecido a lo de Chipre, un chantaje tan fuerte, ya veremos qu\u00e9 hacemos. Pero la verdad es que creo que no quieren tener un crisis tan grande en el centro de Europa, y si lo deciden, tendr\u00e1n un gran problema.<\/p>\n<p class=\"mce\"><strong class=\"mce\"> Se habla de la posibilidad de establecer una conferencia de los pa\u00edses del sur (Espa\u00f1a, Portugal, Italia y Grecia). \u00bfEn qu\u00e9 t\u00e9rminos la plantean? <br class=\"mce\" \/> <\/strong><\/p>\n<p class=\"mce\">Lo que pasa es que cuando tienes el Gobierno, aunque est\u00e9s en un partido de izquierdas, necesitas todas las alianzas posibles. Esa es una t\u00e1ctica. Pero nuestros verdaderos aliados son los pueblos del sur, no los Gobiernos. Pero por ahora no tenemos nada decidido. Es un paso posterior. Ahora todos estamos concentrados en las negociaciones.<\/p>\n<p class=\"mce\"><strong class=\"mce\"> \u00bfQu\u00e9 opina como mujer y militante de Syriza de la ausencia de mujeres en el Gobierno de Tsipras?<\/strong><\/p>\n<p class=\"mce\">Como mujer que soy, por supuesto que no me gusta el hecho de que haya pocas mujeres en el Gobierno, seis de los 40 miembros del Gobierno. Pero aqu\u00ed hay una contradicci\u00f3n: s\u00ed, hay pocas mujeres en el Gobierno pero, por otro lado, Syriza es el \u00fanico que tiene una pol\u00edtica feminista. Tenemos pol\u00edticas para la verdadera liberaci\u00f3n de las mujeres, derechos para las mujeres que trabajan, guarder\u00edas gratis, derecho al aborto&#8230;<\/p>\n<p class=\"mce\">Tenemos muchas mujeres en primera l\u00ednea en Syriza, pero desafortunadamente no en los cargos m\u00e1s altos. Est\u00e1 Zoe Konstantopoulou, presidenta del Parlamento griego, la primera mujer en ocupar este cargo. Pero s\u00ed es un problema muy grande, y a muchas mujeres que somos coordinadoras y participamos en Syriza no nos gust\u00f3 esta decisi\u00f3n. Pero es una situaci\u00f3n que se repite en otros partidos de izquierda de Europa, no es un problema solo de Syriza.<\/p>\n<div class=\"inset cf width643\">\n<div class=\"media-holder\">\n<div class=\"mg \"><img loading=\"lazy\" decoding=\"async\" src=\"http:\/\/images.eldiario.es\/politica\/entrevista-Katerina-Sergidou-Alejandro-Navarro_EDIIMA20150212_0857_14.jpg\" alt=\"Un momento de la entrevista a Katerina Sergidou \/ Alejandro Navarro\" width=\"643\" height=\"317\" \/><\/div>\n<div class=\"caption-inside\">\n<p>Un momento de la entrevista a Katerina Sergidou. \/ Alejandro Navarro<\/p>\n<\/div>\n<\/div>\n<\/div>\n<p class=\"mce\"><strong class=\"mce\"> \u00bfSe plantean protestar en los \u00f3rganos internos de Syriza contra esta decisi\u00f3n?<\/strong><\/p>\n<p class=\"mce\">Hemos logrado que Syriza sea un partido democr\u00e1tico, tenemos mucho debate y hablamos mucho sobre esos asuntos. Hay muchas corrientes y opiniones dentro del partido, y estamos en constante discusi\u00f3n p\u00fablica. No habr\u00e1 problema si se discute sobre esto porque, cuando hay un desacuerdo en Syriza, se debate y se vota. Pero por ahora hemos decidido que vamos a centrarnos en apoyar las negociaciones con la UE.<\/p>\n<p class=\"mce\"><strong class=\"mce\"> \u00bfLes molesta que algunos medios proyecten una imagen de Varoufakis como una estrella medi\u00e1tica y no como un economista preparado?<\/strong><\/p>\n<p class=\"mce\">Si es una estrella que dice no a la troika, al memor\u00e1ndum y que lucha por la quita de la deuda, bienvenido sea.<\/p>\n<p class=\"mce\"><strong class=\"mce\"> Mucha gente en Espa\u00f1a no entendi\u00f3 el pacto de Gobierno entre Syriza y Anel, dos fuerzas ideol\u00f3gicamente distantes. \u00bfC\u00f3mo se explica?<\/strong><\/p>\n<p class=\"mce\">Como he dicho antes, en Syriza tenemos muchas opiniones sobre diferentes asuntos, entre ellos la alianza con Anel. Hay una que yo comparto: debemos tener cuidado con Anel, un partido que tiene ideas de derechas y patri\u00f3ticas. Pero quiz\u00e1s en este momento no hab\u00eda otra opci\u00f3n para formar un nuevo Gobierno porque desafortunadamente el KKE (Partido Comunista Griego), que ser\u00eda un aliado muy bueno, no quer\u00eda colaborar con Syriza.<\/p>\n<p class=\"mce\">Tambi\u00e9n, quiz\u00e1s, haya leyes que saquemos adelante con el KKE y no con Anel. Pero como he se\u00f1alado antes, vamos paso a paso, es una situaci\u00f3n nueva que estamos afrontando. Despu\u00e9s de 40 a\u00f1os desde la ca\u00edda de la dictadura no ha habido en Grecia un Gobierno de izquierdas. No es el momento ahora de resolver estas cosas.<\/p>\n<p class=\"mce\"><strong class=\"mce\"> Uno de los puntos en los que difieren los programas de Syriza y Anel es el tratamiento de la inmigraci\u00f3n. \u00bfVa Syriza a aceptar las ideas de Anel en este tema?<\/strong><\/p>\n<p class=\"mce\">El primer ministro declar\u00f3 en el Parlamento que una de las primeras medidas que se van a tomar es la nacionalizaci\u00f3n de los hijos de los inmigrantes. Esto es una decisi\u00f3n del nuevo Gobierno. El presidente de Anel anunci\u00f3 que no est\u00e1 de acuerdo, que no van a apoyar esta medida. Pero esperamos, y esto es muy importante, votarla junto al partido comunista. El nuevo Gobierno tiene como eje Syriza, un partido de izquierdas, y las grandes decisiones como esta las tomamos nosotros, no Anel.<\/p>\n<p class=\"mce\"><strong class=\"mce\"> Sobre la pol\u00edtica migratoria griega pesan multitud de vulneraciones de derechos humanos. \u00bfVa a haber cambios?<\/strong><\/p>\n<p class=\"mce\">Por supuesto. En el Ministerio de Derechos e Inmigraci\u00f3n tenemos a una mujer que participaba en los movimientos antirracistas y antifascistas. Hemos dicho que vamos a resolver los campamentos de inmigrantes, que trataremos de que toda la gente viva con dignidad, sin importar su procedencia. Tenemos una pol\u00edtica muy diferente a la que han tenido los partidos que han gobernado hasta ahora.<\/p>\n<p class=\"mce\"><strong class=\"mce\"> \u00bfTemen que, si las pol\u00edticas planteadas por Syriza no salen adelante, el voto de Amanecer Dorado aumente?<\/strong><\/p>\n<p class=\"mce\">El peligro del fascismo siempre ha estado ah\u00ed. En Grecia hace unos meses, Amanecer Dorado, el grupo neonazi, ten\u00eda fuerza en los barrios m\u00e1s populares. Pero ahora tienen problemas con la justicia, les acusan de ser un partido de criminales. Y la sociedad poco a poco ha empezado a entender que son criminales. Eso tambi\u00e9n es una apuesta de Syriza, que el pueblo sea consciente de la lucha hist\u00f3rica de Grecia contra el fascismo.<\/p>\n<p class=\"mce\"><strong class=\"mce\"> \u00bfC\u00f3mo son las relaciones entre Syriza y Podemos?<\/strong><\/p>\n<p class=\"mce\">La relaci\u00f3n entre ambas fuerzas es muy fuerte. Por ejemplo, en los actos electorales en Grecia la gente gritaba \u00abSyriza y Podemos, \u00a1venceremos!\u00bb. Son los dos ejemplos m\u00e1s importantes en Europa ahora mismo de la izquierda y de los movimientos radicales. Obviamente estamos colaborando e intercambiando experiencias y, si Syriza logra las medidas que estamos proponiendo ante la UE, ser\u00e1 tambi\u00e9n una victoria de Podemos y del pueblo espa\u00f1ol.<\/p>\n<\/div>\n<\/div>\n","protected":false},"excerpt":{"rendered":"<p>La secretaria del comit\u00e9 coordinador de Syriza en Atenas, Katerina Sergidou, se encuentra en Espa\u00f1a para apoyar el lanzamiento del manifiesto &#8216;Por el cambio en Grecia&#8217;. \u00abSi es una estrella que dice no a la troika, bienvenido sea\u00bb, dice sobre&hellip;<\/p>\n","protected":false},"author":1170,"featured_media":163024,"comment_status":"closed","ping_status":"open","sticky":false,"template":"","format":"standard","meta":{"footnotes":""},"categories":[155,66,74],"tags":[513,355,696,1346,512,10769,631],"class_list":["post-163023","post","type-post","status-publish","format-standard","has-post-thumbnail","hentry","category-entrevistas","category-europa-es","category-politica-es","tag-austeridad","tag-crisis-es","tag-democracia","tag-grecia-es","tag-recortes","tag-syriza-es","tag-violencia-economica"],"yoast_head":"<!-- This site is optimized with the Yoast SEO plugin v27.1.1 - https:\/\/yoast.com\/product\/yoast-seo-wordpress\/ -->\n<title>Katerina Sergidou (Syriza): &quot;Necesitamos el apoyo del pueblo espa\u00f1ol y de toda Europa&quot;<\/title>\n<meta name=\"description\" content=\"La secretaria del comit\u00e9 coordinador de Syriza en Atenas, Katerina Sergidou, se encuentra en Espa\u00f1a para apoyar el lanzamiento del manifiesto &#039;Por el\" \/>\n<meta name=\"robots\" content=\"index, follow, max-snippet:-1, max-image-preview:large, max-video-preview:-1\" \/>\n<link rel=\"canonical\" href=\"https:\/\/www.pressenza.com\/es\/2015\/02\/katerina-sergidou-syriza-necesitamos-el-apoyo-del-pueblo-espanol-y-de-toda-europa\/\" \/>\n<meta property=\"og:locale\" content=\"es_ES\" \/>\n<meta property=\"og:type\" content=\"article\" \/>\n<meta property=\"og:title\" content=\"Katerina Sergidou (Syriza): &quot;Necesitamos el apoyo del pueblo espa\u00f1ol y de toda Europa&quot;\" \/>\n<meta property=\"og:description\" content=\"La secretaria del comit\u00e9 coordinador de Syriza en Atenas, Katerina Sergidou, se encuentra en Espa\u00f1a para apoyar el lanzamiento del manifiesto &#039;Por el\" \/>\n<meta property=\"og:url\" content=\"https:\/\/www.pressenza.com\/es\/2015\/02\/katerina-sergidou-syriza-necesitamos-el-apoyo-del-pueblo-espanol-y-de-toda-europa\/\" \/>\n<meta property=\"og:site_name\" content=\"Pressenza\" \/>\n<meta property=\"article:publisher\" content=\"https:\/\/www.facebook.com\/PressenzaItalia\" \/>\n<meta property=\"article:published_time\" content=\"2015-02-13T10:26:55+00:00\" \/>\n<meta property=\"article:modified_time\" content=\"2015-02-14T11:42:18+00:00\" \/>\n<meta property=\"og:image\" content=\"https:\/\/www.pressenza.com\/wp-content\/uploads\/2015\/02\/Katerina-Sergidou-entrevista-Alejandro-Navarro_EDIIMA20150212_0822_14.jpg\" \/>\n\t<meta property=\"og:image:width\" content=\"643\" \/>\n\t<meta property=\"og:image:height\" content=\"362\" \/>\n\t<meta property=\"og:image:type\" content=\"image\/jpeg\" \/>\n<meta name=\"author\" content=\"eldiario.es\" \/>\n<meta name=\"twitter:card\" content=\"summary_large_image\" \/>\n<meta name=\"twitter:creator\" content=\"@PressenzaIPA\" \/>\n<meta name=\"twitter:site\" content=\"@PressenzaIPA\" \/>\n<meta name=\"twitter:label1\" content=\"Escrito por\" \/>\n\t<meta name=\"twitter:data1\" content=\"eldiario.es\" \/>\n\t<meta name=\"twitter:label2\" content=\"Tiempo de lectura\" \/>\n\t<meta name=\"twitter:data2\" content=\"8 minutos\" \/>\n<script type=\"application\/ld+json\" class=\"yoast-schema-graph\">{\"@context\":\"https:\/\/schema.org\",\"@graph\":[{\"@type\":\"Article\",\"@id\":\"https:\/\/www.pressenza.com\/es\/2015\/02\/katerina-sergidou-syriza-necesitamos-el-apoyo-del-pueblo-espanol-y-de-toda-europa\/#article\",\"isPartOf\":{\"@id\":\"https:\/\/www.pressenza.com\/es\/2015\/02\/katerina-sergidou-syriza-necesitamos-el-apoyo-del-pueblo-espanol-y-de-toda-europa\/\"},\"author\":{\"name\":\"eldiario.es\",\"@id\":\"https:\/\/www.pressenza.com\/es\/#\/schema\/person\/35221cfd7eeca947b184bfc91172e541\"},\"headline\":\"Katerina Sergidou (Syriza): \u00abNecesitamos el apoyo del pueblo espa\u00f1ol y de toda Europa\u00bb\",\"datePublished\":\"2015-02-13T10:26:55+00:00\",\"dateModified\":\"2015-02-14T11:42:18+00:00\",\"mainEntityOfPage\":{\"@id\":\"https:\/\/www.pressenza.com\/es\/2015\/02\/katerina-sergidou-syriza-necesitamos-el-apoyo-del-pueblo-espanol-y-de-toda-europa\/\"},\"wordCount\":1529,\"publisher\":{\"@id\":\"https:\/\/www.pressenza.com\/es\/#organization\"},\"image\":{\"@id\":\"https:\/\/www.pressenza.com\/es\/2015\/02\/katerina-sergidou-syriza-necesitamos-el-apoyo-del-pueblo-espanol-y-de-toda-europa\/#primaryimage\"},\"thumbnailUrl\":\"https:\/\/www.pressenza.com\/wp-content\/uploads\/2015\/02\/Katerina-Sergidou-entrevista-Alejandro-Navarro_EDIIMA20150212_0822_14.jpg\",\"keywords\":[\"austeridad\",\"crisis\",\"Democracia\",\"Grecia\",\"recortes\",\"Syriza\",\"Violencia econ\u00f3mica\"],\"articleSection\":[\"Entrevistas\",\"Europa\",\"Pol\u00edtica\"],\"inLanguage\":\"es\"},{\"@type\":\"WebPage\",\"@id\":\"https:\/\/www.pressenza.com\/es\/2015\/02\/katerina-sergidou-syriza-necesitamos-el-apoyo-del-pueblo-espanol-y-de-toda-europa\/\",\"url\":\"https:\/\/www.pressenza.com\/es\/2015\/02\/katerina-sergidou-syriza-necesitamos-el-apoyo-del-pueblo-espanol-y-de-toda-europa\/\",\"name\":\"Katerina Sergidou (Syriza): \\\"Necesitamos el apoyo del pueblo espa\u00f1ol y de toda Europa\\\"\",\"isPartOf\":{\"@id\":\"https:\/\/www.pressenza.com\/es\/#website\"},\"primaryImageOfPage\":{\"@id\":\"https:\/\/www.pressenza.com\/es\/2015\/02\/katerina-sergidou-syriza-necesitamos-el-apoyo-del-pueblo-espanol-y-de-toda-europa\/#primaryimage\"},\"image\":{\"@id\":\"https:\/\/www.pressenza.com\/es\/2015\/02\/katerina-sergidou-syriza-necesitamos-el-apoyo-del-pueblo-espanol-y-de-toda-europa\/#primaryimage\"},\"thumbnailUrl\":\"https:\/\/www.pressenza.com\/wp-content\/uploads\/2015\/02\/Katerina-Sergidou-entrevista-Alejandro-Navarro_EDIIMA20150212_0822_14.jpg\",\"datePublished\":\"2015-02-13T10:26:55+00:00\",\"dateModified\":\"2015-02-14T11:42:18+00:00\",\"description\":\"La secretaria del comit\u00e9 coordinador de Syriza en Atenas, Katerina Sergidou, se encuentra en Espa\u00f1a para apoyar el lanzamiento del manifiesto 'Por el\",\"breadcrumb\":{\"@id\":\"https:\/\/www.pressenza.com\/es\/2015\/02\/katerina-sergidou-syriza-necesitamos-el-apoyo-del-pueblo-espanol-y-de-toda-europa\/#breadcrumb\"},\"inLanguage\":\"es\",\"potentialAction\":[{\"@type\":\"ReadAction\",\"target\":[\"https:\/\/www.pressenza.com\/es\/2015\/02\/katerina-sergidou-syriza-necesitamos-el-apoyo-del-pueblo-espanol-y-de-toda-europa\/\"]}]},{\"@type\":\"ImageObject\",\"inLanguage\":\"es\",\"@id\":\"https:\/\/www.pressenza.com\/es\/2015\/02\/katerina-sergidou-syriza-necesitamos-el-apoyo-del-pueblo-espanol-y-de-toda-europa\/#primaryimage\",\"url\":\"https:\/\/www.pressenza.com\/wp-content\/uploads\/2015\/02\/Katerina-Sergidou-entrevista-Alejandro-Navarro_EDIIMA20150212_0822_14.jpg\",\"contentUrl\":\"https:\/\/www.pressenza.com\/wp-content\/uploads\/2015\/02\/Katerina-Sergidou-entrevista-Alejandro-Navarro_EDIIMA20150212_0822_14.jpg\",\"width\":643,\"height\":362},{\"@type\":\"BreadcrumbList\",\"@id\":\"https:\/\/www.pressenza.com\/es\/2015\/02\/katerina-sergidou-syriza-necesitamos-el-apoyo-del-pueblo-espanol-y-de-toda-europa\/#breadcrumb\",\"itemListElement\":[{\"@type\":\"ListItem\",\"position\":1,\"name\":\"Accueil\",\"item\":\"https:\/\/www.pressenza.com\/es\/\"},{\"@type\":\"ListItem\",\"position\":2,\"name\":\"Katerina Sergidou (Syriza): \u00abNecesitamos el apoyo del pueblo espa\u00f1ol y de toda Europa\u00bb\"}]},{\"@type\":\"WebSite\",\"@id\":\"https:\/\/www.pressenza.com\/es\/#website\",\"url\":\"https:\/\/www.pressenza.com\/es\/\",\"name\":\"Pressenza\",\"description\":\"International Press Agency\",\"publisher\":{\"@id\":\"https:\/\/www.pressenza.com\/es\/#organization\"},\"potentialAction\":[{\"@type\":\"SearchAction\",\"target\":{\"@type\":\"EntryPoint\",\"urlTemplate\":\"https:\/\/www.pressenza.com\/es\/?s={search_term_string}\"},\"query-input\":{\"@type\":\"PropertyValueSpecification\",\"valueRequired\":true,\"valueName\":\"search_term_string\"}}],\"inLanguage\":\"es\"},{\"@type\":\"Organization\",\"@id\":\"https:\/\/www.pressenza.com\/es\/#organization\",\"name\":\"Pressenza\",\"url\":\"https:\/\/www.pressenza.com\/es\/\",\"logo\":{\"@type\":\"ImageObject\",\"inLanguage\":\"es\",\"@id\":\"https:\/\/www.pressenza.com\/es\/#\/schema\/logo\/image\/\",\"url\":\"https:\/\/www.pressenza.com\/wp-content\/uploads\/2022\/10\/pressenza_logo_200x200.jpg\",\"contentUrl\":\"https:\/\/www.pressenza.com\/wp-content\/uploads\/2022\/10\/pressenza_logo_200x200.jpg\",\"width\":200,\"height\":200,\"caption\":\"Pressenza\"},\"image\":{\"@id\":\"https:\/\/www.pressenza.com\/es\/#\/schema\/logo\/image\/\"},\"sameAs\":[\"https:\/\/www.facebook.com\/PressenzaItalia\",\"https:\/\/x.com\/PressenzaIPA\"]},{\"@type\":\"Person\",\"@id\":\"https:\/\/www.pressenza.com\/es\/#\/schema\/person\/35221cfd7eeca947b184bfc91172e541\",\"name\":\"eldiario.es\",\"description\":\"eldiario.es is a new digital media with information and analysis focussing on politics and economics in its broadest sense: what affects people more than parties or markets. eldiario.es\",\"url\":\"https:\/\/www.pressenza.com\/es\/author\/eldiario-es\/\"}]}<\/script>\n<!-- \/ Yoast SEO plugin. -->","yoast_head_json":{"title":"Katerina Sergidou (Syriza): \"Necesitamos el apoyo del pueblo espa\u00f1ol y de toda Europa\"","description":"La secretaria del comit\u00e9 coordinador de Syriza en Atenas, Katerina Sergidou, se encuentra en Espa\u00f1a para apoyar el lanzamiento del manifiesto 'Por el","robots":{"index":"index","follow":"follow","max-snippet":"max-snippet:-1","max-image-preview":"max-image-preview:large","max-video-preview":"max-video-preview:-1"},"canonical":"https:\/\/www.pressenza.com\/es\/2015\/02\/katerina-sergidou-syriza-necesitamos-el-apoyo-del-pueblo-espanol-y-de-toda-europa\/","og_locale":"es_ES","og_type":"article","og_title":"Katerina Sergidou (Syriza): \"Necesitamos el apoyo del pueblo espa\u00f1ol y de toda Europa\"","og_description":"La secretaria del comit\u00e9 coordinador de Syriza en Atenas, Katerina Sergidou, se encuentra en Espa\u00f1a para apoyar el lanzamiento del manifiesto 'Por el","og_url":"https:\/\/www.pressenza.com\/es\/2015\/02\/katerina-sergidou-syriza-necesitamos-el-apoyo-del-pueblo-espanol-y-de-toda-europa\/","og_site_name":"Pressenza","article_publisher":"https:\/\/www.facebook.com\/PressenzaItalia","article_published_time":"2015-02-13T10:26:55+00:00","article_modified_time":"2015-02-14T11:42:18+00:00","og_image":[{"width":643,"height":362,"url":"https:\/\/www.pressenza.com\/wp-content\/uploads\/2015\/02\/Katerina-Sergidou-entrevista-Alejandro-Navarro_EDIIMA20150212_0822_14.jpg","type":"image\/jpeg"}],"author":"eldiario.es","twitter_card":"summary_large_image","twitter_creator":"@PressenzaIPA","twitter_site":"@PressenzaIPA","twitter_misc":{"Escrito por":"eldiario.es","Tiempo de lectura":"8 minutos"},"schema":{"@context":"https:\/\/schema.org","@graph":[{"@type":"Article","@id":"https:\/\/www.pressenza.com\/es\/2015\/02\/katerina-sergidou-syriza-necesitamos-el-apoyo-del-pueblo-espanol-y-de-toda-europa\/#article","isPartOf":{"@id":"https:\/\/www.pressenza.com\/es\/2015\/02\/katerina-sergidou-syriza-necesitamos-el-apoyo-del-pueblo-espanol-y-de-toda-europa\/"},"author":{"name":"eldiario.es","@id":"https:\/\/www.pressenza.com\/es\/#\/schema\/person\/35221cfd7eeca947b184bfc91172e541"},"headline":"Katerina Sergidou (Syriza): \u00abNecesitamos el apoyo del pueblo espa\u00f1ol y de toda Europa\u00bb","datePublished":"2015-02-13T10:26:55+00:00","dateModified":"2015-02-14T11:42:18+00:00","mainEntityOfPage":{"@id":"https:\/\/www.pressenza.com\/es\/2015\/02\/katerina-sergidou-syriza-necesitamos-el-apoyo-del-pueblo-espanol-y-de-toda-europa\/"},"wordCount":1529,"publisher":{"@id":"https:\/\/www.pressenza.com\/es\/#organization"},"image":{"@id":"https:\/\/www.pressenza.com\/es\/2015\/02\/katerina-sergidou-syriza-necesitamos-el-apoyo-del-pueblo-espanol-y-de-toda-europa\/#primaryimage"},"thumbnailUrl":"https:\/\/www.pressenza.com\/wp-content\/uploads\/2015\/02\/Katerina-Sergidou-entrevista-Alejandro-Navarro_EDIIMA20150212_0822_14.jpg","keywords":["austeridad","crisis","Democracia","Grecia","recortes","Syriza","Violencia econ\u00f3mica"],"articleSection":["Entrevistas","Europa","Pol\u00edtica"],"inLanguage":"es"},{"@type":"WebPage","@id":"https:\/\/www.pressenza.com\/es\/2015\/02\/katerina-sergidou-syriza-necesitamos-el-apoyo-del-pueblo-espanol-y-de-toda-europa\/","url":"https:\/\/www.pressenza.com\/es\/2015\/02\/katerina-sergidou-syriza-necesitamos-el-apoyo-del-pueblo-espanol-y-de-toda-europa\/","name":"Katerina Sergidou (Syriza): \"Necesitamos el apoyo del pueblo espa\u00f1ol y de toda Europa\"","isPartOf":{"@id":"https:\/\/www.pressenza.com\/es\/#website"},"primaryImageOfPage":{"@id":"https:\/\/www.pressenza.com\/es\/2015\/02\/katerina-sergidou-syriza-necesitamos-el-apoyo-del-pueblo-espanol-y-de-toda-europa\/#primaryimage"},"image":{"@id":"https:\/\/www.pressenza.com\/es\/2015\/02\/katerina-sergidou-syriza-necesitamos-el-apoyo-del-pueblo-espanol-y-de-toda-europa\/#primaryimage"},"thumbnailUrl":"https:\/\/www.pressenza.com\/wp-content\/uploads\/2015\/02\/Katerina-Sergidou-entrevista-Alejandro-Navarro_EDIIMA20150212_0822_14.jpg","datePublished":"2015-02-13T10:26:55+00:00","dateModified":"2015-02-14T11:42:18+00:00","description":"La secretaria del comit\u00e9 coordinador de Syriza en Atenas, Katerina Sergidou, se encuentra en Espa\u00f1a para apoyar el lanzamiento del manifiesto 'Por el","breadcrumb":{"@id":"https:\/\/www.pressenza.com\/es\/2015\/02\/katerina-sergidou-syriza-necesitamos-el-apoyo-del-pueblo-espanol-y-de-toda-europa\/#breadcrumb"},"inLanguage":"es","potentialAction":[{"@type":"ReadAction","target":["https:\/\/www.pressenza.com\/es\/2015\/02\/katerina-sergidou-syriza-necesitamos-el-apoyo-del-pueblo-espanol-y-de-toda-europa\/"]}]},{"@type":"ImageObject","inLanguage":"es","@id":"https:\/\/www.pressenza.com\/es\/2015\/02\/katerina-sergidou-syriza-necesitamos-el-apoyo-del-pueblo-espanol-y-de-toda-europa\/#primaryimage","url":"https:\/\/www.pressenza.com\/wp-content\/uploads\/2015\/02\/Katerina-Sergidou-entrevista-Alejandro-Navarro_EDIIMA20150212_0822_14.jpg","contentUrl":"https:\/\/www.pressenza.com\/wp-content\/uploads\/2015\/02\/Katerina-Sergidou-entrevista-Alejandro-Navarro_EDIIMA20150212_0822_14.jpg","width":643,"height":362},{"@type":"BreadcrumbList","@id":"https:\/\/www.pressenza.com\/es\/2015\/02\/katerina-sergidou-syriza-necesitamos-el-apoyo-del-pueblo-espanol-y-de-toda-europa\/#breadcrumb","itemListElement":[{"@type":"ListItem","position":1,"name":"Accueil","item":"https:\/\/www.pressenza.com\/es\/"},{"@type":"ListItem","position":2,"name":"Katerina Sergidou (Syriza): \u00abNecesitamos el apoyo del pueblo espa\u00f1ol y de toda Europa\u00bb"}]},{"@type":"WebSite","@id":"https:\/\/www.pressenza.com\/es\/#website","url":"https:\/\/www.pressenza.com\/es\/","name":"Pressenza","description":"International Press Agency","publisher":{"@id":"https:\/\/www.pressenza.com\/es\/#organization"},"potentialAction":[{"@type":"SearchAction","target":{"@type":"EntryPoint","urlTemplate":"https:\/\/www.pressenza.com\/es\/?s={search_term_string}"},"query-input":{"@type":"PropertyValueSpecification","valueRequired":true,"valueName":"search_term_string"}}],"inLanguage":"es"},{"@type":"Organization","@id":"https:\/\/www.pressenza.com\/es\/#organization","name":"Pressenza","url":"https:\/\/www.pressenza.com\/es\/","logo":{"@type":"ImageObject","inLanguage":"es","@id":"https:\/\/www.pressenza.com\/es\/#\/schema\/logo\/image\/","url":"https:\/\/www.pressenza.com\/wp-content\/uploads\/2022\/10\/pressenza_logo_200x200.jpg","contentUrl":"https:\/\/www.pressenza.com\/wp-content\/uploads\/2022\/10\/pressenza_logo_200x200.jpg","width":200,"height":200,"caption":"Pressenza"},"image":{"@id":"https:\/\/www.pressenza.com\/es\/#\/schema\/logo\/image\/"},"sameAs":["https:\/\/www.facebook.com\/PressenzaItalia","https:\/\/x.com\/PressenzaIPA"]},{"@type":"Person","@id":"https:\/\/www.pressenza.com\/es\/#\/schema\/person\/35221cfd7eeca947b184bfc91172e541","name":"eldiario.es","description":"eldiario.es is a new digital media with information and analysis focussing on politics and economics in its broadest sense: what affects people more than parties or markets. eldiario.es","url":"https:\/\/www.pressenza.com\/es\/author\/eldiario-es\/"}]}},"place":"Atenas","original_article_url":"http:\/\/www.eldiario.es\/politica\/Katerina-Sergidou-Necesitamos-espanol-Europa_0_355915488.html","_links":{"self":[{"href":"https:\/\/www.pressenza.com\/es\/wp-json\/wp\/v2\/posts\/163023","targetHints":{"allow":["GET"]}}],"collection":[{"href":"https:\/\/www.pressenza.com\/es\/wp-json\/wp\/v2\/posts"}],"about":[{"href":"https:\/\/www.pressenza.com\/es\/wp-json\/wp\/v2\/types\/post"}],"author":[{"embeddable":true,"href":"https:\/\/www.pressenza.com\/es\/wp-json\/wp\/v2\/users\/1170"}],"replies":[{"embeddable":true,"href":"https:\/\/www.pressenza.com\/es\/wp-json\/wp\/v2\/comments?post=163023"}],"version-history":[{"count":0,"href":"https:\/\/www.pressenza.com\/es\/wp-json\/wp\/v2\/posts\/163023\/revisions"}],"wp:featuredmedia":[{"embeddable":true,"href":"https:\/\/www.pressenza.com\/es\/wp-json\/wp\/v2\/media\/163024"}],"wp:attachment":[{"href":"https:\/\/www.pressenza.com\/es\/wp-json\/wp\/v2\/media?parent=163023"}],"wp:term":[{"taxonomy":"category","embeddable":true,"href":"https:\/\/www.pressenza.com\/es\/wp-json\/wp\/v2\/categories?post=163023"},{"taxonomy":"post_tag","embeddable":true,"href":"https:\/\/www.pressenza.com\/es\/wp-json\/wp\/v2\/tags?post=163023"}],"curies":[{"name":"wp","href":"https:\/\/api.w.org\/{rel}","templated":true}]}}