{"id":1630,"date":"2009-10-07T00:00:00","date_gmt":"2009-10-07T00:00:00","guid":{"rendered":""},"modified":"2009-10-07T10:54:35","modified_gmt":"2009-10-07T10:54:35","slug":"chacox-plantan-arboles-para-pedir-por-la-paz-mundial","status":"publish","type":"post","link":"https:\/\/www.pressenza.com\/es\/2009\/10\/chacox-plantan-arboles-para-pedir-por-la-paz-mundial\/","title":{"rendered":"Chaco: Plantan \u00e1rboles para pedir por la paz mundial"},"content":{"rendered":"<p>Como parte de las m\u00faltiples actividades realizadas por el comienzo de la Marcha Mundial por la Paz y la No Violencia el 2 de octubre, la Municipalidad de Resistencia (capital de la provincia argentina del Chaco) y el Movimiento Humanista realizaron una plantaci\u00f3n de \u00e1rboles en el Parque Kohanoff, ubicado en la zona norte de la ciudad.<\/p>\n<p>De las tareas de forestaci\u00f3n participaron la Intendente A\u00edda Ayala, los concejales Carlos Cabrera y Ebe Arechavala y los secretarios municipales de Planificaci\u00f3n Alicia Ogara, de Obras P\u00fablicas Oscar Bonfanti, General Walter Acevedo, y de Desarrollo Humano Olga Saporitti, seg\u00fan inform\u00f3 el sitio web Datachaco.com. <\/p>\n<p>La provincia del Chaco, situada en el norte de Argentina, es una de las provincias con los peores indicadores sociales del pa\u00eds: m\u00e1s del 40% de sus habitantes vive en la pobreza y el 20% son indigentes, seg\u00fan inform\u00f3 el Instituto Nacional de Estad\u00edstica y Censos (INDEC). <\/p>\n<p>Asimismo, cuenta con una de las mayores poblaciones abor\u00edgenes del pa\u00eds, que incluye pueblos wich\u00eds, qom (tambi\u00e9n llamados tobas) y mocov\u00edes. En la actualidad, \u00e9stos se encuentran en pleno conflicto con el gobierno provincial, al cual exigen asistencia para disminuir las altas tasas de mortalidad infantil y desnutrici\u00f3n que los afectan. <\/p>\n<p>El reclamo se suma a las reivindicaciones hist\u00f3ricas de los pueblos originarios de la zona (educaci\u00f3n, salud, vivienda, no discriminaci\u00f3n, tierras). La realizaci\u00f3n de actividades vinculadas con la Marcha Mundial por la Paz y la No-Violencia suponen un apoyo a esta causa y el reconocimiento de su validez, ya proclamada en la Constituci\u00f3n Nacional. <\/p>\n<p>Los eventos continuaron por la tarde con un festival en la Universidad Popular, organizado por el establecimiento educativo con el apoyo de la Municipalidad de Resistencia, la Comunidad para el Desarrollo Humano y el Instituto de Cultura Provincial. <\/p>\n<p>Est\u00e1 previsto que el d\u00eda 26 de diciembre la movilizaci\u00f3n mundial llegue a Resistencia y visite nuevamente el Parque Kohanoff. El Parque es un espacio de estudio y reflexi\u00f3n de acceso gratuito, similar al que se encuentra en Punta de Vacas, Mendoza, d\u00f3nde finalizar\u00e1 el recorrido de la Marcha Mundial el 2 de enero pr\u00f3ximo. <\/p>\n","protected":false},"excerpt":{"rendered":"<p>La Municipalidad de Resistencia, provincia de Chaco, Argentina, y La Comunidad para el Desarrollo Humano realizaron, como acto simb\u00f3lico para exigir la paz mundial, una plantaci\u00f3n de \u00e1rboles en el Parque Kohanoff, situado en la capital chaque\u00f1a, donde el 20% de sus habitantes son indigentes y la situaci\u00f3n humanitaria de los pueblos originarios que all\u00ed habitan es catastr\u00f3fica.<\/p>\n","protected":false},"author":19,"featured_media":0,"comment_status":"closed","ping_status":"open","sticky":false,"template":"","format":"standard","meta":{"footnotes":""},"categories":[75,67],"tags":[],"class_list":["post-1630","post","type-post","status-publish","format-standard","hentry","category-cultura-es","category-sudamerica"],"yoast_head":"<!-- This site is optimized with the Yoast SEO plugin v27.1.1 - https:\/\/yoast.com\/product\/yoast-seo-wordpress\/ -->\n<title>Chaco: Plantan \u00e1rboles para pedir por la paz mundial<\/title>\n<meta name=\"description\" content=\"La Municipalidad de Resistencia, provincia de Chaco, Argentina, y La Comunidad para el Desarrollo Humano realizaron, como acto simb\u00f3lico para exigir la paz mundial, una plantaci\u00f3n de \u00e1rboles en el Parque Kohanoff, situado en la capital chaque\u00f1a, donde el 20% de sus habitantes son indigentes y la situaci\u00f3n humanitaria de los pueblos originarios que all\u00ed habitan es catastr\u00f3fica.\" \/>\n<meta name=\"robots\" content=\"index, follow, max-snippet:-1, max-image-preview:large, max-video-preview:-1\" \/>\n<link rel=\"canonical\" href=\"https:\/\/www.pressenza.com\/es\/2009\/10\/chacox-plantan-arboles-para-pedir-por-la-paz-mundial\/\" \/>\n<meta property=\"og:locale\" content=\"es_ES\" \/>\n<meta property=\"og:type\" content=\"article\" \/>\n<meta property=\"og:title\" content=\"Chaco: Plantan \u00e1rboles para pedir por la paz mundial\" \/>\n<meta property=\"og:description\" content=\"La Municipalidad de Resistencia, provincia de Chaco, Argentina, y La Comunidad para el Desarrollo Humano realizaron, como acto simb\u00f3lico para exigir la paz mundial, una plantaci\u00f3n de \u00e1rboles en el Parque Kohanoff, situado en la capital chaque\u00f1a, donde el 20% de sus habitantes son indigentes y la situaci\u00f3n humanitaria de los pueblos originarios que all\u00ed habitan es catastr\u00f3fica.\" \/>\n<meta property=\"og:url\" content=\"https:\/\/www.pressenza.com\/es\/2009\/10\/chacox-plantan-arboles-para-pedir-por-la-paz-mundial\/\" \/>\n<meta property=\"og:site_name\" content=\"Pressenza\" \/>\n<meta property=\"article:publisher\" content=\"https:\/\/www.facebook.com\/PressenzaItalia\" \/>\n<meta property=\"article:author\" content=\"https:\/\/www.facebook.com\/pressenza\" \/>\n<meta property=\"article:published_time\" content=\"2009-10-07T00:00:00+00:00\" \/>\n<meta property=\"article:modified_time\" content=\"2009-10-07T10:54:35+00:00\" \/>\n<meta name=\"author\" content=\"Pressenza IPA\" \/>\n<meta name=\"twitter:card\" content=\"summary_large_image\" \/>\n<meta name=\"twitter:creator\" content=\"@PressenzaIPA\" \/>\n<meta name=\"twitter:site\" content=\"@PressenzaIPA\" \/>\n<meta name=\"twitter:label1\" content=\"Escrito por\" \/>\n\t<meta name=\"twitter:data1\" content=\"Pressenza IPA\" \/>\n\t<meta name=\"twitter:label2\" content=\"Tiempo de lectura\" \/>\n\t<meta name=\"twitter:data2\" content=\"2 minutos\" \/>\n<script type=\"application\/ld+json\" class=\"yoast-schema-graph\">{\"@context\":\"https:\/\/schema.org\",\"@graph\":[{\"@type\":\"Article\",\"@id\":\"https:\/\/www.pressenza.com\/es\/2009\/10\/chacox-plantan-arboles-para-pedir-por-la-paz-mundial\/#article\",\"isPartOf\":{\"@id\":\"https:\/\/www.pressenza.com\/es\/2009\/10\/chacox-plantan-arboles-para-pedir-por-la-paz-mundial\/\"},\"author\":{\"name\":\"Pressenza IPA\",\"@id\":\"https:\/\/www.pressenza.com\/es\/#\/schema\/person\/010e5d02bcf40965427a1289a4cc8d75\"},\"headline\":\"Chaco: Plantan \u00e1rboles para pedir por la paz mundial\",\"datePublished\":\"2009-10-07T00:00:00+00:00\",\"dateModified\":\"2009-10-07T10:54:35+00:00\",\"mainEntityOfPage\":{\"@id\":\"https:\/\/www.pressenza.com\/es\/2009\/10\/chacox-plantan-arboles-para-pedir-por-la-paz-mundial\/\"},\"wordCount\":379,\"publisher\":{\"@id\":\"https:\/\/www.pressenza.com\/es\/#organization\"},\"articleSection\":[\"Cultura y Medios\",\"Sudam\u00e9rica\"],\"inLanguage\":\"es\"},{\"@type\":\"WebPage\",\"@id\":\"https:\/\/www.pressenza.com\/es\/2009\/10\/chacox-plantan-arboles-para-pedir-por-la-paz-mundial\/\",\"url\":\"https:\/\/www.pressenza.com\/es\/2009\/10\/chacox-plantan-arboles-para-pedir-por-la-paz-mundial\/\",\"name\":\"Chaco: Plantan \u00e1rboles para pedir por la paz mundial\",\"isPartOf\":{\"@id\":\"https:\/\/www.pressenza.com\/es\/#website\"},\"datePublished\":\"2009-10-07T00:00:00+00:00\",\"dateModified\":\"2009-10-07T10:54:35+00:00\",\"description\":\"La Municipalidad de Resistencia, provincia de Chaco, Argentina, y La Comunidad para el Desarrollo Humano realizaron, como acto simb\u00f3lico para exigir la paz mundial, una plantaci\u00f3n de \u00e1rboles en el Parque Kohanoff, situado en la capital chaque\u00f1a, donde el 20% de sus habitantes son indigentes y la situaci\u00f3n humanitaria de los pueblos originarios que all\u00ed habitan es catastr\u00f3fica.\",\"breadcrumb\":{\"@id\":\"https:\/\/www.pressenza.com\/es\/2009\/10\/chacox-plantan-arboles-para-pedir-por-la-paz-mundial\/#breadcrumb\"},\"inLanguage\":\"es\",\"potentialAction\":[{\"@type\":\"ReadAction\",\"target\":[\"https:\/\/www.pressenza.com\/es\/2009\/10\/chacox-plantan-arboles-para-pedir-por-la-paz-mundial\/\"]}]},{\"@type\":\"BreadcrumbList\",\"@id\":\"https:\/\/www.pressenza.com\/es\/2009\/10\/chacox-plantan-arboles-para-pedir-por-la-paz-mundial\/#breadcrumb\",\"itemListElement\":[{\"@type\":\"ListItem\",\"position\":1,\"name\":\"Accueil\",\"item\":\"https:\/\/www.pressenza.com\/es\/\"},{\"@type\":\"ListItem\",\"position\":2,\"name\":\"Chaco: Plantan \u00e1rboles para pedir por la paz mundial\"}]},{\"@type\":\"WebSite\",\"@id\":\"https:\/\/www.pressenza.com\/es\/#website\",\"url\":\"https:\/\/www.pressenza.com\/es\/\",\"name\":\"Pressenza\",\"description\":\"International Press Agency\",\"publisher\":{\"@id\":\"https:\/\/www.pressenza.com\/es\/#organization\"},\"potentialAction\":[{\"@type\":\"SearchAction\",\"target\":{\"@type\":\"EntryPoint\",\"urlTemplate\":\"https:\/\/www.pressenza.com\/es\/?s={search_term_string}\"},\"query-input\":{\"@type\":\"PropertyValueSpecification\",\"valueRequired\":true,\"valueName\":\"search_term_string\"}}],\"inLanguage\":\"es\"},{\"@type\":\"Organization\",\"@id\":\"https:\/\/www.pressenza.com\/es\/#organization\",\"name\":\"Pressenza\",\"url\":\"https:\/\/www.pressenza.com\/es\/\",\"logo\":{\"@type\":\"ImageObject\",\"inLanguage\":\"es\",\"@id\":\"https:\/\/www.pressenza.com\/es\/#\/schema\/logo\/image\/\",\"url\":\"https:\/\/www.pressenza.com\/wp-content\/uploads\/2022\/10\/pressenza_logo_200x200.jpg\",\"contentUrl\":\"https:\/\/www.pressenza.com\/wp-content\/uploads\/2022\/10\/pressenza_logo_200x200.jpg\",\"width\":200,\"height\":200,\"caption\":\"Pressenza\"},\"image\":{\"@id\":\"https:\/\/www.pressenza.com\/es\/#\/schema\/logo\/image\/\"},\"sameAs\":[\"https:\/\/www.facebook.com\/PressenzaItalia\",\"https:\/\/x.com\/PressenzaIPA\"]},{\"@type\":\"Person\",\"@id\":\"https:\/\/www.pressenza.com\/es\/#\/schema\/person\/010e5d02bcf40965427a1289a4cc8d75\",\"name\":\"Pressenza IPA\",\"description\":\"News from Pressenza IPA correspondents\",\"sameAs\":[\"https:\/\/www.facebook.com\/pressenza\",\"https:\/\/x.com\/PressenzaIPA\"],\"url\":\"https:\/\/www.pressenza.com\/es\/author\/pressenza-ipa\/\"}]}<\/script>\n<!-- \/ Yoast SEO plugin. -->","yoast_head_json":{"title":"Chaco: Plantan \u00e1rboles para pedir por la paz mundial","description":"La Municipalidad de Resistencia, provincia de Chaco, Argentina, y La Comunidad para el Desarrollo Humano realizaron, como acto simb\u00f3lico para exigir la paz mundial, una plantaci\u00f3n de \u00e1rboles en el Parque Kohanoff, situado en la capital chaque\u00f1a, donde el 20% de sus habitantes son indigentes y la situaci\u00f3n humanitaria de los pueblos originarios que all\u00ed habitan es catastr\u00f3fica.","robots":{"index":"index","follow":"follow","max-snippet":"max-snippet:-1","max-image-preview":"max-image-preview:large","max-video-preview":"max-video-preview:-1"},"canonical":"https:\/\/www.pressenza.com\/es\/2009\/10\/chacox-plantan-arboles-para-pedir-por-la-paz-mundial\/","og_locale":"es_ES","og_type":"article","og_title":"Chaco: Plantan \u00e1rboles para pedir por la paz mundial","og_description":"La Municipalidad de Resistencia, provincia de Chaco, Argentina, y La Comunidad para el Desarrollo Humano realizaron, como acto simb\u00f3lico para exigir la paz mundial, una plantaci\u00f3n de \u00e1rboles en el Parque Kohanoff, situado en la capital chaque\u00f1a, donde el 20% de sus habitantes son indigentes y la situaci\u00f3n humanitaria de los pueblos originarios que all\u00ed habitan es catastr\u00f3fica.","og_url":"https:\/\/www.pressenza.com\/es\/2009\/10\/chacox-plantan-arboles-para-pedir-por-la-paz-mundial\/","og_site_name":"Pressenza","article_publisher":"https:\/\/www.facebook.com\/PressenzaItalia","article_author":"https:\/\/www.facebook.com\/pressenza","article_published_time":"2009-10-07T00:00:00+00:00","article_modified_time":"2009-10-07T10:54:35+00:00","author":"Pressenza IPA","twitter_card":"summary_large_image","twitter_creator":"@PressenzaIPA","twitter_site":"@PressenzaIPA","twitter_misc":{"Escrito por":"Pressenza IPA","Tiempo de lectura":"2 minutos"},"schema":{"@context":"https:\/\/schema.org","@graph":[{"@type":"Article","@id":"https:\/\/www.pressenza.com\/es\/2009\/10\/chacox-plantan-arboles-para-pedir-por-la-paz-mundial\/#article","isPartOf":{"@id":"https:\/\/www.pressenza.com\/es\/2009\/10\/chacox-plantan-arboles-para-pedir-por-la-paz-mundial\/"},"author":{"name":"Pressenza IPA","@id":"https:\/\/www.pressenza.com\/es\/#\/schema\/person\/010e5d02bcf40965427a1289a4cc8d75"},"headline":"Chaco: Plantan \u00e1rboles para pedir por la paz mundial","datePublished":"2009-10-07T00:00:00+00:00","dateModified":"2009-10-07T10:54:35+00:00","mainEntityOfPage":{"@id":"https:\/\/www.pressenza.com\/es\/2009\/10\/chacox-plantan-arboles-para-pedir-por-la-paz-mundial\/"},"wordCount":379,"publisher":{"@id":"https:\/\/www.pressenza.com\/es\/#organization"},"articleSection":["Cultura y Medios","Sudam\u00e9rica"],"inLanguage":"es"},{"@type":"WebPage","@id":"https:\/\/www.pressenza.com\/es\/2009\/10\/chacox-plantan-arboles-para-pedir-por-la-paz-mundial\/","url":"https:\/\/www.pressenza.com\/es\/2009\/10\/chacox-plantan-arboles-para-pedir-por-la-paz-mundial\/","name":"Chaco: Plantan \u00e1rboles para pedir por la paz mundial","isPartOf":{"@id":"https:\/\/www.pressenza.com\/es\/#website"},"datePublished":"2009-10-07T00:00:00+00:00","dateModified":"2009-10-07T10:54:35+00:00","description":"La Municipalidad de Resistencia, provincia de Chaco, Argentina, y La Comunidad para el Desarrollo Humano realizaron, como acto simb\u00f3lico para exigir la paz mundial, una plantaci\u00f3n de \u00e1rboles en el Parque Kohanoff, situado en la capital chaque\u00f1a, donde el 20% de sus habitantes son indigentes y la situaci\u00f3n humanitaria de los pueblos originarios que all\u00ed habitan es catastr\u00f3fica.","breadcrumb":{"@id":"https:\/\/www.pressenza.com\/es\/2009\/10\/chacox-plantan-arboles-para-pedir-por-la-paz-mundial\/#breadcrumb"},"inLanguage":"es","potentialAction":[{"@type":"ReadAction","target":["https:\/\/www.pressenza.com\/es\/2009\/10\/chacox-plantan-arboles-para-pedir-por-la-paz-mundial\/"]}]},{"@type":"BreadcrumbList","@id":"https:\/\/www.pressenza.com\/es\/2009\/10\/chacox-plantan-arboles-para-pedir-por-la-paz-mundial\/#breadcrumb","itemListElement":[{"@type":"ListItem","position":1,"name":"Accueil","item":"https:\/\/www.pressenza.com\/es\/"},{"@type":"ListItem","position":2,"name":"Chaco: Plantan \u00e1rboles para pedir por la paz mundial"}]},{"@type":"WebSite","@id":"https:\/\/www.pressenza.com\/es\/#website","url":"https:\/\/www.pressenza.com\/es\/","name":"Pressenza","description":"International Press Agency","publisher":{"@id":"https:\/\/www.pressenza.com\/es\/#organization"},"potentialAction":[{"@type":"SearchAction","target":{"@type":"EntryPoint","urlTemplate":"https:\/\/www.pressenza.com\/es\/?s={search_term_string}"},"query-input":{"@type":"PropertyValueSpecification","valueRequired":true,"valueName":"search_term_string"}}],"inLanguage":"es"},{"@type":"Organization","@id":"https:\/\/www.pressenza.com\/es\/#organization","name":"Pressenza","url":"https:\/\/www.pressenza.com\/es\/","logo":{"@type":"ImageObject","inLanguage":"es","@id":"https:\/\/www.pressenza.com\/es\/#\/schema\/logo\/image\/","url":"https:\/\/www.pressenza.com\/wp-content\/uploads\/2022\/10\/pressenza_logo_200x200.jpg","contentUrl":"https:\/\/www.pressenza.com\/wp-content\/uploads\/2022\/10\/pressenza_logo_200x200.jpg","width":200,"height":200,"caption":"Pressenza"},"image":{"@id":"https:\/\/www.pressenza.com\/es\/#\/schema\/logo\/image\/"},"sameAs":["https:\/\/www.facebook.com\/PressenzaItalia","https:\/\/x.com\/PressenzaIPA"]},{"@type":"Person","@id":"https:\/\/www.pressenza.com\/es\/#\/schema\/person\/010e5d02bcf40965427a1289a4cc8d75","name":"Pressenza IPA","description":"News from Pressenza IPA correspondents","sameAs":["https:\/\/www.facebook.com\/pressenza","https:\/\/x.com\/PressenzaIPA"],"url":"https:\/\/www.pressenza.com\/es\/author\/pressenza-ipa\/"}]}},"place":"Buenos Aires","original_article_url":"","_links":{"self":[{"href":"https:\/\/www.pressenza.com\/es\/wp-json\/wp\/v2\/posts\/1630","targetHints":{"allow":["GET"]}}],"collection":[{"href":"https:\/\/www.pressenza.com\/es\/wp-json\/wp\/v2\/posts"}],"about":[{"href":"https:\/\/www.pressenza.com\/es\/wp-json\/wp\/v2\/types\/post"}],"author":[{"embeddable":true,"href":"https:\/\/www.pressenza.com\/es\/wp-json\/wp\/v2\/users\/19"}],"replies":[{"embeddable":true,"href":"https:\/\/www.pressenza.com\/es\/wp-json\/wp\/v2\/comments?post=1630"}],"version-history":[{"count":0,"href":"https:\/\/www.pressenza.com\/es\/wp-json\/wp\/v2\/posts\/1630\/revisions"}],"wp:attachment":[{"href":"https:\/\/www.pressenza.com\/es\/wp-json\/wp\/v2\/media?parent=1630"}],"wp:term":[{"taxonomy":"category","embeddable":true,"href":"https:\/\/www.pressenza.com\/es\/wp-json\/wp\/v2\/categories?post=1630"},{"taxonomy":"post_tag","embeddable":true,"href":"https:\/\/www.pressenza.com\/es\/wp-json\/wp\/v2\/tags?post=1630"}],"curies":[{"name":"wp","href":"https:\/\/api.w.org\/{rel}","templated":true}]}}