{"id":1627804,"date":"2022-07-21T14:41:50","date_gmt":"2022-07-21T13:41:50","guid":{"rendered":"https:\/\/www.pressenza.com\/?p=1627804"},"modified":"2022-07-21T14:41:50","modified_gmt":"2022-07-21T13:41:50","slug":"la-caravana-abriendo-fronteras-se-dirige-a-la-frontera-franco-italiana-despues-de-visitar-los-lugares-de-la-memoria-en-el-sur-de-francia","status":"publish","type":"post","link":"https:\/\/www.pressenza.com\/es\/2022\/07\/la-caravana-abriendo-fronteras-se-dirige-a-la-frontera-franco-italiana-despues-de-visitar-los-lugares-de-la-memoria-en-el-sur-de-francia\/","title":{"rendered":"La Caravana Abriendo Fronteras se dirige a la frontera franco-italiana despu\u00e9s de visitar los lugares de la memoria en el sur de Francia"},"content":{"rendered":"<p>La Caravana se desplaza hacia las rutas migratorias fronterizas en los Alpes despu\u00e9s de recorrer la frontera Irun-Hendaia y los campos de concentraci\u00f3n del sur de Francia que se instalaron a finales de los a\u00f1os 30.<br \/>\nLos actos en memoria de quienes en el pasado y en el presente han perdido la vida en las fronteras han ocupado un lugar importante en esta primera etapa de la Caravana Pirineos Alpes.<\/p>\n<p>En Ir\u00fan, a unos metros del Bidasoa, inauguraron un monolito con las inscripciones de dos versos en euskera del bertsolari Amets Arzallus, autor del libro Mi\u00f1an Hermanito: \u00abEn doloroso recuerdo de los migrantes que dejaron aqu\u00ed su \u00faltimo aliento. Fronteras que cierran el paso a los migrantes que abren caminos\u00bb. Un aurresku y un emotivo recuerdo a cada una de las nueve personas que han perdido la vida en esta frontera en el \u00faltimo a\u00f1o acompa\u00f1\u00f3 el acto.<\/p>\n<p>En Bielsa, se llev\u00f3 a cabo un segundo homenaje al exilio republicano. Entre abril y junio de 1938, la resistencia de la 43a Divisi\u00f3n permiti\u00f3 evacuar a m\u00e1s de 5.000 personas desde Arag\u00f3n hasta Francia y se convirti\u00f3 en un ejemplo de organizaci\u00f3n y solidaridad de las y los combatientes republicanos y el pueblo franc\u00e9s con el pueblo aragon\u00e9s.<\/p>\n<p>M\u00e1s de 500.000 personas se exiliaron por el conflicto armado de la Guerra Civil consecuencia del golpe militar franquista y el pa\u00eds de acogida para muchas de ellas fue Francia, por lo que \u00abhemos querido ofrecer un reconocimiento a todas aquellas personas, su lucha, su resistencia ante el fascismo, su supervivencia en los campos de concentraci\u00f3n franceses y en los nazis y su lucha por defender los ideales de libertad\u00bb.<\/p>\n<p>En la ruta migratoria de esta caravana solidaria europea se ha incluido la visita a lo que fueron los campos de concentraci\u00f3n de Gurs y Rivesaltes, as\u00ed como la playa de Argel\u00e8s, que fue el destino inicial de muchas de estas personas exiliadas. El historiador vasco Josu Chueca, autor del libro \u00abGurs, el campo vasco\u00bb ofreci\u00f3 una charla sobre las condiciones de vida en los campos en el interior de un barrac\u00f3n reconstruido. Construido cerca de Oloron en 1939 recluy\u00f3 a m\u00e1s de 5000 republicanos y republicanas, en su mayor\u00eda de origen vasco. En 1940 confin\u00f3 tambi\u00e9n a personas jud\u00edas, gitanas, extranjeras, lleg\u00f3 a albergar hasta 18000 personas; muchas de ellas,<br \/>\nfallecidas por las dificiles condiciones de vida; 3907 fueron transportadas en camiones para ser gaseadas en Auschwitz-Birkenau.<\/p>\n<p>En la playa de Argel\u00e8s, primer campo de los 180 que hubo en el sur de Francia, ha tenido lugar este martes un encuentro con descendientes de personas internadas all\u00ed. \u00abHicieron falta 60 a\u00f1os para que se empezar\u00e1 a recordar y reconocer lo que pas\u00f3 aqu\u00ed. A los primeros actos que se\u00a0celebraban asist\u00edan una o dos personas tan solo\u00bb, afirm\u00f3 una de ellas. Hoy en d\u00eda un monolito y una placa recuerdan que en esa playa malvivieron y murieron muchas personas. Tambi\u00e9n ha intervenido Hayer Ayachi, madre tunecina con un hijo desaparecido que viaja en la Caravana: \u00abSeguir\u00e9 construyendo aunque los dem\u00e1s est\u00e9n destruyendo. Seguir\u00e9 creyendo aunque las dem\u00e1s hayan perdido la esperanza\u00bb.<\/p>\n<p>A la tarde las y los caravanistas han visitado el Memorial del campo de concentraci\u00f3n de Rivesaltes donde llegaron a estar internadas hasta 60000 personas de 100 nacionalidades diferentes en diferentes \u00e9pocas y conflictos hist\u00f3ricos: el exilio republicano, la Segunda Guerra Mundial, la descolonizaci\u00f3n, etc. Y se ha mantenido abierto hasta el 2007 como Centro de Retenci\u00f3n Administrativa de personas migrantes. La construcci\u00f3n del Memorial inaugurado en 2015 hizo que se trasladara a otra ubicaci\u00f3n pr\u00f3xima al aeropuerto.<\/p>\n<p>Durante el recorrido, se han sucedido en los diferentes destinos encuentros e intercambios de experiencias con colectivos locales que defienden los derechos de las personas que se desplazan por causas forzadas, con quienes se han llevado a cabo acciones de denuncia frente a las pol\u00edticas migratorias y neocoloniales de la Uni\u00f3n Europea y se ha reivindicado el derecho a migrar en condiciones dignas, porque como dijo el caravanista Aboubakar Aminou frente al Ayuntamiento de Perpignan tras la manifestaci\u00f3n antirracistay antifascista: \u00abSi quer\u00e9is hablar de memoria, si quer\u00e9is preguntar por qu\u00e9 venimos a Europa, preguntaos primero por qu\u00e9 vinisteis a \u00c1frica\u00bb.<\/p>\n<p>La Maternidad de Elna, donde la enfermera suiza Elizabeth Eidenbenz acompa\u00f1\u00f3 a dar a luz a m\u00e1s de 500 bebes de las mujeres de los campos del entorno, ha sido la \u00faltima parada en la ruta de la Caravana antes de continuar hacia su nuevo destino, la frontera franco-italiana.<\/p>\n","protected":false},"excerpt":{"rendered":"<p>La Caravana se desplaza hacia las rutas migratorias fronterizas en los Alpes despu\u00e9s de recorrer la frontera Irun-Hendaia y los campos de concentraci\u00f3n del sur de Francia que se instalaron a finales de los a\u00f1os 30. Los actos en memoria&hellip;<\/p>\n","protected":false},"author":1681,"featured_media":1627806,"comment_status":"closed","ping_status":"closed","sticky":false,"template":"","format":"standard","meta":{"footnotes":""},"categories":[149,79,66,54574],"tags":[103862],"class_list":["post-1627804","post","type-post","status-publish","format-standard","has-post-thumbnail","hentry","category-comunicados-de-prensa","category-derechos-humanos","category-europa-es","category-migrantes-es","tag-caravana-abriendo-fronteras-2022"],"yoast_head":"<!-- This site is optimized with the Yoast SEO plugin v27.1.1 - https:\/\/yoast.com\/product\/yoast-seo-wordpress\/ -->\n<title>La Caravana Abriendo Fronteras se dirige a la frontera franco-italiana despu\u00e9s de visitar los lugares de la memoria en el sur de Francia<\/title>\n<meta name=\"description\" content=\"La Caravana se desplaza hacia las rutas migratorias fronterizas en los Alpes despu\u00e9s de recorrer la frontera Irun-Hendaia y los campos de concentraci\u00f3n\" \/>\n<meta name=\"robots\" content=\"index, follow, max-snippet:-1, max-image-preview:large, max-video-preview:-1\" \/>\n<link rel=\"canonical\" href=\"https:\/\/www.pressenza.com\/es\/2022\/07\/la-caravana-abriendo-fronteras-se-dirige-a-la-frontera-franco-italiana-despues-de-visitar-los-lugares-de-la-memoria-en-el-sur-de-francia\/\" \/>\n<meta property=\"og:locale\" content=\"es_ES\" \/>\n<meta property=\"og:type\" content=\"article\" \/>\n<meta property=\"og:title\" content=\"La Caravana Abriendo Fronteras se dirige a la frontera franco-italiana despu\u00e9s de visitar los lugares de la memoria en el sur de Francia\" \/>\n<meta property=\"og:description\" content=\"La Caravana se desplaza hacia las rutas migratorias fronterizas en los Alpes despu\u00e9s de recorrer la frontera Irun-Hendaia y los campos de concentraci\u00f3n\" \/>\n<meta property=\"og:url\" content=\"https:\/\/www.pressenza.com\/es\/2022\/07\/la-caravana-abriendo-fronteras-se-dirige-a-la-frontera-franco-italiana-despues-de-visitar-los-lugares-de-la-memoria-en-el-sur-de-francia\/\" \/>\n<meta property=\"og:site_name\" content=\"Pressenza\" \/>\n<meta property=\"article:publisher\" content=\"https:\/\/www.facebook.com\/PressenzaItalia\" \/>\n<meta property=\"article:published_time\" content=\"2022-07-21T13:41:50+00:00\" \/>\n<meta property=\"og:image\" content=\"https:\/\/www.pressenza.com\/wp-content\/uploads\/2022\/07\/photo1658255922.jpeg\" \/>\n\t<meta property=\"og:image:width\" content=\"1024\" \/>\n\t<meta property=\"og:image:height\" content=\"628\" \/>\n\t<meta property=\"og:image:type\" content=\"image\/jpeg\" \/>\n<meta name=\"author\" content=\"Redacci\u00f3n Espa\u00f1a\" \/>\n<meta name=\"twitter:card\" content=\"summary_large_image\" \/>\n<meta name=\"twitter:creator\" content=\"@PressenzaIPA\" \/>\n<meta name=\"twitter:site\" content=\"@PressenzaIPA\" \/>\n<meta name=\"twitter:label1\" content=\"Escrito por\" \/>\n\t<meta name=\"twitter:data1\" content=\"Redacci\u00f3n Espa\u00f1a\" \/>\n\t<meta name=\"twitter:label2\" content=\"Tiempo de lectura\" \/>\n\t<meta name=\"twitter:data2\" content=\"4 minutos\" \/>\n<script type=\"application\/ld+json\" class=\"yoast-schema-graph\">{\"@context\":\"https:\/\/schema.org\",\"@graph\":[{\"@type\":\"Article\",\"@id\":\"https:\/\/www.pressenza.com\/es\/2022\/07\/la-caravana-abriendo-fronteras-se-dirige-a-la-frontera-franco-italiana-despues-de-visitar-los-lugares-de-la-memoria-en-el-sur-de-francia\/#article\",\"isPartOf\":{\"@id\":\"https:\/\/www.pressenza.com\/es\/2022\/07\/la-caravana-abriendo-fronteras-se-dirige-a-la-frontera-franco-italiana-despues-de-visitar-los-lugares-de-la-memoria-en-el-sur-de-francia\/\"},\"author\":{\"name\":\"Redacci\u00f3n Espa\u00f1a\",\"@id\":\"https:\/\/www.pressenza.com\/es\/#\/schema\/person\/fffbbe2f14495897417f313a954dae23\"},\"headline\":\"La Caravana Abriendo Fronteras se dirige a la frontera franco-italiana despu\u00e9s de visitar los lugares de la memoria en el sur de Francia\",\"datePublished\":\"2022-07-21T13:41:50+00:00\",\"mainEntityOfPage\":{\"@id\":\"https:\/\/www.pressenza.com\/es\/2022\/07\/la-caravana-abriendo-fronteras-se-dirige-a-la-frontera-franco-italiana-despues-de-visitar-los-lugares-de-la-memoria-en-el-sur-de-francia\/\"},\"wordCount\":797,\"publisher\":{\"@id\":\"https:\/\/www.pressenza.com\/es\/#organization\"},\"image\":{\"@id\":\"https:\/\/www.pressenza.com\/es\/2022\/07\/la-caravana-abriendo-fronteras-se-dirige-a-la-frontera-franco-italiana-despues-de-visitar-los-lugares-de-la-memoria-en-el-sur-de-francia\/#primaryimage\"},\"thumbnailUrl\":\"https:\/\/www.pressenza.com\/wp-content\/uploads\/2022\/07\/photo1658255922.jpeg\",\"keywords\":[\"Caravana Abriendo Fronteras 2022\"],\"articleSection\":[\"Comunicados de Prensa\",\"Derechos Humanos\",\"Europa\",\"Migrantes\"],\"inLanguage\":\"es\"},{\"@type\":\"WebPage\",\"@id\":\"https:\/\/www.pressenza.com\/es\/2022\/07\/la-caravana-abriendo-fronteras-se-dirige-a-la-frontera-franco-italiana-despues-de-visitar-los-lugares-de-la-memoria-en-el-sur-de-francia\/\",\"url\":\"https:\/\/www.pressenza.com\/es\/2022\/07\/la-caravana-abriendo-fronteras-se-dirige-a-la-frontera-franco-italiana-despues-de-visitar-los-lugares-de-la-memoria-en-el-sur-de-francia\/\",\"name\":\"La Caravana Abriendo Fronteras se dirige a la frontera franco-italiana despu\u00e9s de visitar los lugares de la memoria en el sur de Francia\",\"isPartOf\":{\"@id\":\"https:\/\/www.pressenza.com\/es\/#website\"},\"primaryImageOfPage\":{\"@id\":\"https:\/\/www.pressenza.com\/es\/2022\/07\/la-caravana-abriendo-fronteras-se-dirige-a-la-frontera-franco-italiana-despues-de-visitar-los-lugares-de-la-memoria-en-el-sur-de-francia\/#primaryimage\"},\"image\":{\"@id\":\"https:\/\/www.pressenza.com\/es\/2022\/07\/la-caravana-abriendo-fronteras-se-dirige-a-la-frontera-franco-italiana-despues-de-visitar-los-lugares-de-la-memoria-en-el-sur-de-francia\/#primaryimage\"},\"thumbnailUrl\":\"https:\/\/www.pressenza.com\/wp-content\/uploads\/2022\/07\/photo1658255922.jpeg\",\"datePublished\":\"2022-07-21T13:41:50+00:00\",\"description\":\"La Caravana se desplaza hacia las rutas migratorias fronterizas en los Alpes despu\u00e9s de recorrer la frontera Irun-Hendaia y los campos de concentraci\u00f3n\",\"breadcrumb\":{\"@id\":\"https:\/\/www.pressenza.com\/es\/2022\/07\/la-caravana-abriendo-fronteras-se-dirige-a-la-frontera-franco-italiana-despues-de-visitar-los-lugares-de-la-memoria-en-el-sur-de-francia\/#breadcrumb\"},\"inLanguage\":\"es\",\"potentialAction\":[{\"@type\":\"ReadAction\",\"target\":[\"https:\/\/www.pressenza.com\/es\/2022\/07\/la-caravana-abriendo-fronteras-se-dirige-a-la-frontera-franco-italiana-despues-de-visitar-los-lugares-de-la-memoria-en-el-sur-de-francia\/\"]}]},{\"@type\":\"ImageObject\",\"inLanguage\":\"es\",\"@id\":\"https:\/\/www.pressenza.com\/es\/2022\/07\/la-caravana-abriendo-fronteras-se-dirige-a-la-frontera-franco-italiana-despues-de-visitar-los-lugares-de-la-memoria-en-el-sur-de-francia\/#primaryimage\",\"url\":\"https:\/\/www.pressenza.com\/wp-content\/uploads\/2022\/07\/photo1658255922.jpeg\",\"contentUrl\":\"https:\/\/www.pressenza.com\/wp-content\/uploads\/2022\/07\/photo1658255922.jpeg\",\"width\":1024,\"height\":628},{\"@type\":\"BreadcrumbList\",\"@id\":\"https:\/\/www.pressenza.com\/es\/2022\/07\/la-caravana-abriendo-fronteras-se-dirige-a-la-frontera-franco-italiana-despues-de-visitar-los-lugares-de-la-memoria-en-el-sur-de-francia\/#breadcrumb\",\"itemListElement\":[{\"@type\":\"ListItem\",\"position\":1,\"name\":\"Accueil\",\"item\":\"https:\/\/www.pressenza.com\/es\/\"},{\"@type\":\"ListItem\",\"position\":2,\"name\":\"La Caravana Abriendo Fronteras se dirige a la frontera franco-italiana despu\u00e9s de visitar los lugares de la memoria en el sur de Francia\"}]},{\"@type\":\"WebSite\",\"@id\":\"https:\/\/www.pressenza.com\/es\/#website\",\"url\":\"https:\/\/www.pressenza.com\/es\/\",\"name\":\"Pressenza\",\"description\":\"International Press Agency\",\"publisher\":{\"@id\":\"https:\/\/www.pressenza.com\/es\/#organization\"},\"potentialAction\":[{\"@type\":\"SearchAction\",\"target\":{\"@type\":\"EntryPoint\",\"urlTemplate\":\"https:\/\/www.pressenza.com\/es\/?s={search_term_string}\"},\"query-input\":{\"@type\":\"PropertyValueSpecification\",\"valueRequired\":true,\"valueName\":\"search_term_string\"}}],\"inLanguage\":\"es\"},{\"@type\":\"Organization\",\"@id\":\"https:\/\/www.pressenza.com\/es\/#organization\",\"name\":\"Pressenza\",\"url\":\"https:\/\/www.pressenza.com\/es\/\",\"logo\":{\"@type\":\"ImageObject\",\"inLanguage\":\"es\",\"@id\":\"https:\/\/www.pressenza.com\/es\/#\/schema\/logo\/image\/\",\"url\":\"https:\/\/www.pressenza.com\/wp-content\/uploads\/2022\/10\/pressenza_logo_200x200.jpg\",\"contentUrl\":\"https:\/\/www.pressenza.com\/wp-content\/uploads\/2022\/10\/pressenza_logo_200x200.jpg\",\"width\":200,\"height\":200,\"caption\":\"Pressenza\"},\"image\":{\"@id\":\"https:\/\/www.pressenza.com\/es\/#\/schema\/logo\/image\/\"},\"sameAs\":[\"https:\/\/www.facebook.com\/PressenzaItalia\",\"https:\/\/x.com\/PressenzaIPA\"]},{\"@type\":\"Person\",\"@id\":\"https:\/\/www.pressenza.com\/es\/#\/schema\/person\/fffbbe2f14495897417f313a954dae23\",\"name\":\"Redacci\u00f3n Espa\u00f1a\",\"url\":\"https:\/\/www.pressenza.com\/es\/author\/redaccion-espana\/\"}]}<\/script>\n<!-- \/ Yoast SEO plugin. -->","yoast_head_json":{"title":"La Caravana Abriendo Fronteras se dirige a la frontera franco-italiana despu\u00e9s de visitar los lugares de la memoria en el sur de Francia","description":"La Caravana se desplaza hacia las rutas migratorias fronterizas en los Alpes despu\u00e9s de recorrer la frontera Irun-Hendaia y los campos de concentraci\u00f3n","robots":{"index":"index","follow":"follow","max-snippet":"max-snippet:-1","max-image-preview":"max-image-preview:large","max-video-preview":"max-video-preview:-1"},"canonical":"https:\/\/www.pressenza.com\/es\/2022\/07\/la-caravana-abriendo-fronteras-se-dirige-a-la-frontera-franco-italiana-despues-de-visitar-los-lugares-de-la-memoria-en-el-sur-de-francia\/","og_locale":"es_ES","og_type":"article","og_title":"La Caravana Abriendo Fronteras se dirige a la frontera franco-italiana despu\u00e9s de visitar los lugares de la memoria en el sur de Francia","og_description":"La Caravana se desplaza hacia las rutas migratorias fronterizas en los Alpes despu\u00e9s de recorrer la frontera Irun-Hendaia y los campos de concentraci\u00f3n","og_url":"https:\/\/www.pressenza.com\/es\/2022\/07\/la-caravana-abriendo-fronteras-se-dirige-a-la-frontera-franco-italiana-despues-de-visitar-los-lugares-de-la-memoria-en-el-sur-de-francia\/","og_site_name":"Pressenza","article_publisher":"https:\/\/www.facebook.com\/PressenzaItalia","article_published_time":"2022-07-21T13:41:50+00:00","og_image":[{"width":1024,"height":628,"url":"https:\/\/www.pressenza.com\/wp-content\/uploads\/2022\/07\/photo1658255922.jpeg","type":"image\/jpeg"}],"author":"Redacci\u00f3n Espa\u00f1a","twitter_card":"summary_large_image","twitter_creator":"@PressenzaIPA","twitter_site":"@PressenzaIPA","twitter_misc":{"Escrito por":"Redacci\u00f3n Espa\u00f1a","Tiempo de lectura":"4 minutos"},"schema":{"@context":"https:\/\/schema.org","@graph":[{"@type":"Article","@id":"https:\/\/www.pressenza.com\/es\/2022\/07\/la-caravana-abriendo-fronteras-se-dirige-a-la-frontera-franco-italiana-despues-de-visitar-los-lugares-de-la-memoria-en-el-sur-de-francia\/#article","isPartOf":{"@id":"https:\/\/www.pressenza.com\/es\/2022\/07\/la-caravana-abriendo-fronteras-se-dirige-a-la-frontera-franco-italiana-despues-de-visitar-los-lugares-de-la-memoria-en-el-sur-de-francia\/"},"author":{"name":"Redacci\u00f3n Espa\u00f1a","@id":"https:\/\/www.pressenza.com\/es\/#\/schema\/person\/fffbbe2f14495897417f313a954dae23"},"headline":"La Caravana Abriendo Fronteras se dirige a la frontera franco-italiana despu\u00e9s de visitar los lugares de la memoria en el sur de Francia","datePublished":"2022-07-21T13:41:50+00:00","mainEntityOfPage":{"@id":"https:\/\/www.pressenza.com\/es\/2022\/07\/la-caravana-abriendo-fronteras-se-dirige-a-la-frontera-franco-italiana-despues-de-visitar-los-lugares-de-la-memoria-en-el-sur-de-francia\/"},"wordCount":797,"publisher":{"@id":"https:\/\/www.pressenza.com\/es\/#organization"},"image":{"@id":"https:\/\/www.pressenza.com\/es\/2022\/07\/la-caravana-abriendo-fronteras-se-dirige-a-la-frontera-franco-italiana-despues-de-visitar-los-lugares-de-la-memoria-en-el-sur-de-francia\/#primaryimage"},"thumbnailUrl":"https:\/\/www.pressenza.com\/wp-content\/uploads\/2022\/07\/photo1658255922.jpeg","keywords":["Caravana Abriendo Fronteras 2022"],"articleSection":["Comunicados de Prensa","Derechos Humanos","Europa","Migrantes"],"inLanguage":"es"},{"@type":"WebPage","@id":"https:\/\/www.pressenza.com\/es\/2022\/07\/la-caravana-abriendo-fronteras-se-dirige-a-la-frontera-franco-italiana-despues-de-visitar-los-lugares-de-la-memoria-en-el-sur-de-francia\/","url":"https:\/\/www.pressenza.com\/es\/2022\/07\/la-caravana-abriendo-fronteras-se-dirige-a-la-frontera-franco-italiana-despues-de-visitar-los-lugares-de-la-memoria-en-el-sur-de-francia\/","name":"La Caravana Abriendo Fronteras se dirige a la frontera franco-italiana despu\u00e9s de visitar los lugares de la memoria en el sur de Francia","isPartOf":{"@id":"https:\/\/www.pressenza.com\/es\/#website"},"primaryImageOfPage":{"@id":"https:\/\/www.pressenza.com\/es\/2022\/07\/la-caravana-abriendo-fronteras-se-dirige-a-la-frontera-franco-italiana-despues-de-visitar-los-lugares-de-la-memoria-en-el-sur-de-francia\/#primaryimage"},"image":{"@id":"https:\/\/www.pressenza.com\/es\/2022\/07\/la-caravana-abriendo-fronteras-se-dirige-a-la-frontera-franco-italiana-despues-de-visitar-los-lugares-de-la-memoria-en-el-sur-de-francia\/#primaryimage"},"thumbnailUrl":"https:\/\/www.pressenza.com\/wp-content\/uploads\/2022\/07\/photo1658255922.jpeg","datePublished":"2022-07-21T13:41:50+00:00","description":"La Caravana se desplaza hacia las rutas migratorias fronterizas en los Alpes despu\u00e9s de recorrer la frontera Irun-Hendaia y los campos de concentraci\u00f3n","breadcrumb":{"@id":"https:\/\/www.pressenza.com\/es\/2022\/07\/la-caravana-abriendo-fronteras-se-dirige-a-la-frontera-franco-italiana-despues-de-visitar-los-lugares-de-la-memoria-en-el-sur-de-francia\/#breadcrumb"},"inLanguage":"es","potentialAction":[{"@type":"ReadAction","target":["https:\/\/www.pressenza.com\/es\/2022\/07\/la-caravana-abriendo-fronteras-se-dirige-a-la-frontera-franco-italiana-despues-de-visitar-los-lugares-de-la-memoria-en-el-sur-de-francia\/"]}]},{"@type":"ImageObject","inLanguage":"es","@id":"https:\/\/www.pressenza.com\/es\/2022\/07\/la-caravana-abriendo-fronteras-se-dirige-a-la-frontera-franco-italiana-despues-de-visitar-los-lugares-de-la-memoria-en-el-sur-de-francia\/#primaryimage","url":"https:\/\/www.pressenza.com\/wp-content\/uploads\/2022\/07\/photo1658255922.jpeg","contentUrl":"https:\/\/www.pressenza.com\/wp-content\/uploads\/2022\/07\/photo1658255922.jpeg","width":1024,"height":628},{"@type":"BreadcrumbList","@id":"https:\/\/www.pressenza.com\/es\/2022\/07\/la-caravana-abriendo-fronteras-se-dirige-a-la-frontera-franco-italiana-despues-de-visitar-los-lugares-de-la-memoria-en-el-sur-de-francia\/#breadcrumb","itemListElement":[{"@type":"ListItem","position":1,"name":"Accueil","item":"https:\/\/www.pressenza.com\/es\/"},{"@type":"ListItem","position":2,"name":"La Caravana Abriendo Fronteras se dirige a la frontera franco-italiana despu\u00e9s de visitar los lugares de la memoria en el sur de Francia"}]},{"@type":"WebSite","@id":"https:\/\/www.pressenza.com\/es\/#website","url":"https:\/\/www.pressenza.com\/es\/","name":"Pressenza","description":"International Press Agency","publisher":{"@id":"https:\/\/www.pressenza.com\/es\/#organization"},"potentialAction":[{"@type":"SearchAction","target":{"@type":"EntryPoint","urlTemplate":"https:\/\/www.pressenza.com\/es\/?s={search_term_string}"},"query-input":{"@type":"PropertyValueSpecification","valueRequired":true,"valueName":"search_term_string"}}],"inLanguage":"es"},{"@type":"Organization","@id":"https:\/\/www.pressenza.com\/es\/#organization","name":"Pressenza","url":"https:\/\/www.pressenza.com\/es\/","logo":{"@type":"ImageObject","inLanguage":"es","@id":"https:\/\/www.pressenza.com\/es\/#\/schema\/logo\/image\/","url":"https:\/\/www.pressenza.com\/wp-content\/uploads\/2022\/10\/pressenza_logo_200x200.jpg","contentUrl":"https:\/\/www.pressenza.com\/wp-content\/uploads\/2022\/10\/pressenza_logo_200x200.jpg","width":200,"height":200,"caption":"Pressenza"},"image":{"@id":"https:\/\/www.pressenza.com\/es\/#\/schema\/logo\/image\/"},"sameAs":["https:\/\/www.facebook.com\/PressenzaItalia","https:\/\/x.com\/PressenzaIPA"]},{"@type":"Person","@id":"https:\/\/www.pressenza.com\/es\/#\/schema\/person\/fffbbe2f14495897417f313a954dae23","name":"Redacci\u00f3n Espa\u00f1a","url":"https:\/\/www.pressenza.com\/es\/author\/redaccion-espana\/"}]}},"place":"Argel\u00e8s, Francia","original_article_url":"","_links":{"self":[{"href":"https:\/\/www.pressenza.com\/es\/wp-json\/wp\/v2\/posts\/1627804","targetHints":{"allow":["GET"]}}],"collection":[{"href":"https:\/\/www.pressenza.com\/es\/wp-json\/wp\/v2\/posts"}],"about":[{"href":"https:\/\/www.pressenza.com\/es\/wp-json\/wp\/v2\/types\/post"}],"author":[{"embeddable":true,"href":"https:\/\/www.pressenza.com\/es\/wp-json\/wp\/v2\/users\/1681"}],"replies":[{"embeddable":true,"href":"https:\/\/www.pressenza.com\/es\/wp-json\/wp\/v2\/comments?post=1627804"}],"version-history":[{"count":0,"href":"https:\/\/www.pressenza.com\/es\/wp-json\/wp\/v2\/posts\/1627804\/revisions"}],"wp:featuredmedia":[{"embeddable":true,"href":"https:\/\/www.pressenza.com\/es\/wp-json\/wp\/v2\/media\/1627806"}],"wp:attachment":[{"href":"https:\/\/www.pressenza.com\/es\/wp-json\/wp\/v2\/media?parent=1627804"}],"wp:term":[{"taxonomy":"category","embeddable":true,"href":"https:\/\/www.pressenza.com\/es\/wp-json\/wp\/v2\/categories?post=1627804"},{"taxonomy":"post_tag","embeddable":true,"href":"https:\/\/www.pressenza.com\/es\/wp-json\/wp\/v2\/tags?post=1627804"}],"curies":[{"name":"wp","href":"https:\/\/api.w.org\/{rel}","templated":true}]}}