{"id":1626695,"date":"2022-07-19T20:52:01","date_gmt":"2022-07-19T19:52:01","guid":{"rendered":"https:\/\/www.pressenza.com\/?p=1626695"},"modified":"2022-07-19T20:52:01","modified_gmt":"2022-07-19T19:52:01","slug":"gobierno-izquierda-y-terrorismo","status":"publish","type":"post","link":"https:\/\/www.pressenza.com\/es\/2022\/07\/gobierno-izquierda-y-terrorismo\/","title":{"rendered":"Gobierno, izquierda y terrorismo"},"content":{"rendered":"<p>Todos los imperios y sus gobernantes han sido en la historia de la Humanidad los principales reg\u00edmenes terroristas y violadores de los Derechos Humanos. Aunque los pa\u00edses les rindan tributo, de verdad son muy elocuentes los hechos que indican que para imponer su hegemon\u00eda tuvieron que fomentar guerras criminales, invasiones a territorios extranjeros y poner en ejercicio una pr\u00e1ctica criminal sistem\u00e1tica para asesinar, torturar y cometer toda suerte de horrores contra la condici\u00f3n humana e, incluso, la naturaleza y el Planeta.<\/p>\n<p>Hoy es Estados Unidos el imperio que m\u00e1s tropel\u00edas comete contra la dignidad de las naciones y estados. Sus ej\u00e9rcitos est\u00e1n desplazados por todo el mundo y desde Washington se persigue y extermina a quienes supone enemigos. Reci\u00e9n uno de sus drones en Siria bombarde\u00f3 y mat\u00f3 a quien dijo ser uno de los cabecillas todav\u00eda vivos de Al Qaeda. Asimismo, todav\u00eda mantiene el campo de concentraci\u00f3n en Guant\u00e1namo, donde la justicia estadounidense consign\u00f3 que se hab\u00edan realzado las sesiones de tortura m\u00e1s extremos e inhumanos que se tengan conocimiento.<\/p>\n<p>All\u00ed donde se mantiene confinado por a\u00f1os a una de sus principales v\u00edctimas, sin juicio y sin que los pavorosos fragelamientos que se aplicaron hayan demostrado, siquiera, que pertenec\u00eda a esta misma secta terrorista. Nos referimos a Abu Zubaydah que ha completado m\u00e1s de 14 a\u00f1os preso y cotidianamente ha sido torturado en diversos campos de tortura y exterminio, tanto en la isla de Cuba y pa\u00edses del Asia adictos del Imperio.<\/p>\n<p>Los gobiernos de Bush y Obama se obligaron a reconocer estos horrores denunciados por la prensa y diversas organizaciones humanitarias, pero el moreno mandatario, que paradojalmente<br \/>\nrecibiera un Nobel de la Paz, dijo que los estos torturadores de todas maneras deb\u00edan ser considerados muy buenos patriotas. Es necesario a\u00f1adir que todos ellos terminaron reconociendo<br \/>\nsus acciones y ahora descansan en paz bajo la protecci\u00f3n de las polic\u00edas, las Fuerzas Armadas y del mismo sistema judicial y parlamentario que consign\u00f3 sus delitos.<\/p>\n<p>Consta la facilidad con que Estados Unidos acusa a algunos pa\u00edses de violar los derechos humanos y de constituir una amenaza para su seguridad nacional. Infundios en la mayor\u00eda de los casos que han sido desmentidos y condenados por las Naciones Unidas y las m\u00e1s diversas instancias mundiales. Pero la enorme mayor\u00eda de pa\u00edses que sabe de tales desprop\u00f3sitos poco o nada logran hacer para frenar los abusos de un imperio que por fin viene en decadencia y ante el cual surgen otros poderosos referentes que pueden contrarrestar su poder\u00edo econ\u00f3mico y militar.<\/p>\n<p>En Am\u00e9rica Latina a todos consta el cruel acoso y bloqueo decidido por la Casa Blanca contra el r\u00e9gimen cubano, as\u00ed como las constantes acciones contra Venezuela, pa\u00edses que completan una larga lista de naciones que han sufrido ataques, invasiones, golpes de estado y magnicidios instruidos y hasta ejecutados por Estados Unidos. Nuestro pa\u00eds a\u00fan recuerda el criminal<br \/>\nbombardeo a La Moneda y la muerte del presidente Salvador Allende, un acto en que participaron pilotos estadounidenses y posteriormente Washington les diera asilo pol\u00edtico a varios de los uniformados chilenos que ingresaron a La Moneda a ejecutar uno de los actos terroristas m\u00e1s inclementes de que tenga memoria nuestro Continente.<\/p>\n<p>En ning\u00fan caso sostenemos que el actual gobierno deba hacer caso omiso o solidarizar con pa\u00edses que bajo el pretexto de ser de izquierda o revolucionarios cometan actos de barbarie en contra de sus opositores. Lo sano es ejercer la cr\u00edtica y la condena contra tantos pa\u00edses del mundo en que se cometen actos de corte terrorista. Ni siquiera por razones comerciales o \u201cpragm\u00e1ticas\u201d nuestras autoridades tampoco deben dejar pasar los desprop\u00f3sitos cometidos por socios comerciales que son destinatarios de nuestras exportaciones. La prudencia, en este caso, no puede convertirse en complicidad como desgraciadamente lo hacen tantos pa\u00edses europeos, por ejemplo, respecto de los conflictos en Asia, \u00c1frica y de este propio continente.<\/p>\n<p>Durante la dictadura de Pinochet, muchos pudimos comprobar la transversal solidaridad que fue capaz de mostrar el mundo con la lucha democr\u00e1tica chilena, m\u00e1s all\u00e1 de sus ideolog\u00edas, sistemas de gobierno e intereses.<\/p>\n<p>Estamos conscientes que el gobierno de Gabriel Boric debe moverse con cautela y cuidado respecto de los manotazos que pueden caerle desde la potencia del norte y las entidades<br \/>\nregionales y mundiales en que Estados Unidos ejerce pleno dominio, como la Organizaci\u00f3n de Estados Americanos (OEA) e, incluso, la propia OCDE. Sin embargo, creemos que un gobierno que se dice de izquierda no debe estar tan propicio a condenar ligeramente a aquellos gobiernos latinoamericanos que Estados Unidos odia y quiere desestabilizar y derrocar. Como tampoco tan superficialmente expresar solidaridad con el presidente ucraniano que es tan responsable como Putin de la guerra del norte europeo. Sabemos que para muchos partidarios del actual gobierno chileno era dif\u00edcil ubicar siquiera en el mapa el actual escenario del conflicto; menos, todav\u00eda, conocer la historia de desencuentros entre los actores en pugna.<\/p>\n<p>Ser\u00eda muy triste que los pronunciamientos de La Moneda, al respecto, pudieran obedecer a aquellas presiones que sabemos ejerce la Casa Blanca, mediante enviados especiales que ni<br \/>\nsiquiera ocultan sus prop\u00f3sitos. Creemos que, por encima de todo, un gobierno vanguardista debe estar consciente de que el principal enemigo de nuestra soberan\u00eda e independencia republicana es el r\u00e9gimen norteamericano siempre tan al acecho de nuestros recursos naturales, as\u00ed como dispuesto a ejercer, tambi\u00e9n, esa inmensa maquinaria informativa que miente, oculta hechos y crea amenazas que despu\u00e9s se demuestran sin fundamento alguno. Como cuando se le acus\u00f3 a Irak de tener armas de destrucci\u00f3n masiva y ahora persigue que los gobiernos de toda Europa se dobleguen ante sus aviesos prop\u00f3sitos.<\/p>\n<p>Quisi\u00e9ramos ver a nuestro gobierno muy claro respecto de lo que Estados Unidos representa, como muy lejos de los dictados de su pol\u00edtica exterior. As\u00ed tambi\u00e9n cerca, como antes, de la unidad latinoamericana y los intereses globales del Tercer Mundo. Si ya parece muy dif\u00edcil deslindarse de los lineamientos del sistema neoliberal y de los llamados \u201cmercados\u201d mundiales, al menos podr\u00edamos ejercer soberan\u00eda pol\u00edtica, dignidad hist\u00f3rica y genuina vocaci\u00f3n democr\u00e1tica. La misma que demostraron en el pasado varios de nuestros mandatarios nacionales y regionales, pese a sus diferencias ideol\u00f3gicas.<\/p>\n","protected":false},"excerpt":{"rendered":"<p>Todos los imperios y sus gobernantes han sido en la historia de la Humanidad los principales reg\u00edmenes terroristas y violadores de los Derechos Humanos. Aunque los pa\u00edses les rindan tributo, de verdad son muy elocuentes los hechos que indican que&hellip;<\/p>\n","protected":false},"author":1739,"featured_media":1626696,"comment_status":"closed","ping_status":"closed","sticky":false,"template":"","format":"standard","meta":{"footnotes":""},"categories":[76,11389,39,161],"tags":[29,54016,715,8879],"class_list":["post-1626695","post","type-post","status-publish","format-standard","has-post-thumbnail","hentry","category-relaciones-exteriores","category-contenido-original","category-internacional","category-opiniones","tag-chile","tag-estados-unidos-es","tag-rusia","tag-ucrania"],"yoast_head":"<!-- This site is optimized with the Yoast SEO plugin v27.1.1 - https:\/\/yoast.com\/product\/yoast-seo-wordpress\/ -->\n<title>Gobierno, izquierda y terrorismo<\/title>\n<meta name=\"description\" content=\"Todos los imperios y sus gobernantes han sido en la historia de la Humanidad los principales reg\u00edmenes terroristas y violadores de los Derechos Humanos.\" \/>\n<meta name=\"robots\" content=\"index, follow, max-snippet:-1, max-image-preview:large, max-video-preview:-1\" \/>\n<link rel=\"canonical\" href=\"https:\/\/www.pressenza.com\/es\/2022\/07\/gobierno-izquierda-y-terrorismo\/\" \/>\n<meta property=\"og:locale\" content=\"es_ES\" \/>\n<meta property=\"og:type\" content=\"article\" \/>\n<meta property=\"og:title\" content=\"Gobierno, izquierda y terrorismo\" \/>\n<meta property=\"og:description\" content=\"Todos los imperios y sus gobernantes han sido en la historia de la Humanidad los principales reg\u00edmenes terroristas y violadores de los Derechos Humanos.\" \/>\n<meta property=\"og:url\" content=\"https:\/\/www.pressenza.com\/es\/2022\/07\/gobierno-izquierda-y-terrorismo\/\" \/>\n<meta property=\"og:site_name\" content=\"Pressenza\" \/>\n<meta property=\"article:publisher\" content=\"https:\/\/www.facebook.com\/PressenzaItalia\" \/>\n<meta property=\"article:published_time\" content=\"2022-07-19T19:52:01+00:00\" \/>\n<meta property=\"og:image\" content=\"https:\/\/www.pressenza.com\/wp-content\/uploads\/2022\/07\/indice-2.jpeg\" \/>\n\t<meta property=\"og:image:width\" content=\"268\" \/>\n\t<meta property=\"og:image:height\" content=\"188\" \/>\n\t<meta property=\"og:image:type\" content=\"image\/jpeg\" \/>\n<meta name=\"author\" content=\"Juan Pablo C\u00e1rdenas\" \/>\n<meta name=\"twitter:card\" content=\"summary_large_image\" \/>\n<meta name=\"twitter:creator\" content=\"@PressenzaIPA\" \/>\n<meta name=\"twitter:site\" content=\"@PressenzaIPA\" \/>\n<meta name=\"twitter:label1\" content=\"Escrito por\" \/>\n\t<meta name=\"twitter:data1\" content=\"Juan Pablo C\u00e1rdenas\" \/>\n\t<meta name=\"twitter:label2\" content=\"Tiempo de lectura\" \/>\n\t<meta name=\"twitter:data2\" content=\"5 minutos\" \/>\n<script type=\"application\/ld+json\" class=\"yoast-schema-graph\">{\"@context\":\"https:\/\/schema.org\",\"@graph\":[{\"@type\":\"Article\",\"@id\":\"https:\/\/www.pressenza.com\/es\/2022\/07\/gobierno-izquierda-y-terrorismo\/#article\",\"isPartOf\":{\"@id\":\"https:\/\/www.pressenza.com\/es\/2022\/07\/gobierno-izquierda-y-terrorismo\/\"},\"author\":{\"name\":\"Juan Pablo C\u00e1rdenas\",\"@id\":\"https:\/\/www.pressenza.com\/es\/#\/schema\/person\/d72a7c8c014dcbfa2ef9e9976103ea0d\"},\"headline\":\"Gobierno, izquierda y terrorismo\",\"datePublished\":\"2022-07-19T19:52:01+00:00\",\"mainEntityOfPage\":{\"@id\":\"https:\/\/www.pressenza.com\/es\/2022\/07\/gobierno-izquierda-y-terrorismo\/\"},\"wordCount\":1094,\"publisher\":{\"@id\":\"https:\/\/www.pressenza.com\/es\/#organization\"},\"image\":{\"@id\":\"https:\/\/www.pressenza.com\/es\/2022\/07\/gobierno-izquierda-y-terrorismo\/#primaryimage\"},\"thumbnailUrl\":\"https:\/\/www.pressenza.com\/wp-content\/uploads\/2022\/07\/indice-2.jpeg\",\"keywords\":[\"Chile\",\"Estados Unidos\",\"Rusia\",\"Ucrania\"],\"articleSection\":[\"Asuntos internacionales\",\"Contenido Original\",\"Internacional\",\"Opiniones\"],\"inLanguage\":\"es\"},{\"@type\":\"WebPage\",\"@id\":\"https:\/\/www.pressenza.com\/es\/2022\/07\/gobierno-izquierda-y-terrorismo\/\",\"url\":\"https:\/\/www.pressenza.com\/es\/2022\/07\/gobierno-izquierda-y-terrorismo\/\",\"name\":\"Gobierno, izquierda y terrorismo\",\"isPartOf\":{\"@id\":\"https:\/\/www.pressenza.com\/es\/#website\"},\"primaryImageOfPage\":{\"@id\":\"https:\/\/www.pressenza.com\/es\/2022\/07\/gobierno-izquierda-y-terrorismo\/#primaryimage\"},\"image\":{\"@id\":\"https:\/\/www.pressenza.com\/es\/2022\/07\/gobierno-izquierda-y-terrorismo\/#primaryimage\"},\"thumbnailUrl\":\"https:\/\/www.pressenza.com\/wp-content\/uploads\/2022\/07\/indice-2.jpeg\",\"datePublished\":\"2022-07-19T19:52:01+00:00\",\"description\":\"Todos los imperios y sus gobernantes han sido en la historia de la Humanidad los principales reg\u00edmenes terroristas y violadores de los Derechos Humanos.\",\"breadcrumb\":{\"@id\":\"https:\/\/www.pressenza.com\/es\/2022\/07\/gobierno-izquierda-y-terrorismo\/#breadcrumb\"},\"inLanguage\":\"es\",\"potentialAction\":[{\"@type\":\"ReadAction\",\"target\":[\"https:\/\/www.pressenza.com\/es\/2022\/07\/gobierno-izquierda-y-terrorismo\/\"]}]},{\"@type\":\"ImageObject\",\"inLanguage\":\"es\",\"@id\":\"https:\/\/www.pressenza.com\/es\/2022\/07\/gobierno-izquierda-y-terrorismo\/#primaryimage\",\"url\":\"https:\/\/www.pressenza.com\/wp-content\/uploads\/2022\/07\/indice-2.jpeg\",\"contentUrl\":\"https:\/\/www.pressenza.com\/wp-content\/uploads\/2022\/07\/indice-2.jpeg\",\"width\":268,\"height\":188,\"caption\":\"El Desconcierto\"},{\"@type\":\"BreadcrumbList\",\"@id\":\"https:\/\/www.pressenza.com\/es\/2022\/07\/gobierno-izquierda-y-terrorismo\/#breadcrumb\",\"itemListElement\":[{\"@type\":\"ListItem\",\"position\":1,\"name\":\"Accueil\",\"item\":\"https:\/\/www.pressenza.com\/es\/\"},{\"@type\":\"ListItem\",\"position\":2,\"name\":\"Gobierno, izquierda y terrorismo\"}]},{\"@type\":\"WebSite\",\"@id\":\"https:\/\/www.pressenza.com\/es\/#website\",\"url\":\"https:\/\/www.pressenza.com\/es\/\",\"name\":\"Pressenza\",\"description\":\"International Press Agency\",\"publisher\":{\"@id\":\"https:\/\/www.pressenza.com\/es\/#organization\"},\"potentialAction\":[{\"@type\":\"SearchAction\",\"target\":{\"@type\":\"EntryPoint\",\"urlTemplate\":\"https:\/\/www.pressenza.com\/es\/?s={search_term_string}\"},\"query-input\":{\"@type\":\"PropertyValueSpecification\",\"valueRequired\":true,\"valueName\":\"search_term_string\"}}],\"inLanguage\":\"es\"},{\"@type\":\"Organization\",\"@id\":\"https:\/\/www.pressenza.com\/es\/#organization\",\"name\":\"Pressenza\",\"url\":\"https:\/\/www.pressenza.com\/es\/\",\"logo\":{\"@type\":\"ImageObject\",\"inLanguage\":\"es\",\"@id\":\"https:\/\/www.pressenza.com\/es\/#\/schema\/logo\/image\/\",\"url\":\"https:\/\/www.pressenza.com\/wp-content\/uploads\/2022\/10\/pressenza_logo_200x200.jpg\",\"contentUrl\":\"https:\/\/www.pressenza.com\/wp-content\/uploads\/2022\/10\/pressenza_logo_200x200.jpg\",\"width\":200,\"height\":200,\"caption\":\"Pressenza\"},\"image\":{\"@id\":\"https:\/\/www.pressenza.com\/es\/#\/schema\/logo\/image\/\"},\"sameAs\":[\"https:\/\/www.facebook.com\/PressenzaItalia\",\"https:\/\/x.com\/PressenzaIPA\"]},{\"@type\":\"Person\",\"@id\":\"https:\/\/www.pressenza.com\/es\/#\/schema\/person\/d72a7c8c014dcbfa2ef9e9976103ea0d\",\"name\":\"Juan Pablo C\u00e1rdenas\",\"description\":\"Juan Pablo C\u00e1rdenas Squella es un periodista y profesor universitario de vasta trayectoria. En el 2005 recibi\u00f3 en premio nacional de Periodismo y, antes, la Pluma de Oro de la Libertad, otorgada por la Federaci\u00f3n Mundial de la Prensa. Tambi\u00e9n obtuvo el Premio Latinoamericano de Periodismo, la Houten Camara de Holanda (1989) entre otras m\u00faltiples distinciones nacionales y extranjeras. Forma parte de los sesenta periodistas del mundo considerados H\u00e9roes de la Libertad de Expresi\u00f3n, reconocimiento hecho por la Federaci\u00f3n Internacional de Periodistas. Ha sido director y columnista de las revistas Debate Universitario, An\u00e1lisis y Los Tiempos, as\u00ed como del diario electr\u00f3nico primeral\u00ednea.cl. Tambi\u00e9n fue por m\u00e1s 18 a\u00f1os director de la Radio Universidad de Chile y de su diario digital. Se ha desempe\u00f1ado como profesor de varias escuelas de periodismo de Santiago y Valpara\u00edso y en la Universidad de Chile alcanz\u00f3 el grado de profesor titular y senador universitario.\",\"url\":\"https:\/\/www.pressenza.com\/es\/author\/juan-pablo-cardenas\/\"}]}<\/script>\n<!-- \/ Yoast SEO plugin. -->","yoast_head_json":{"title":"Gobierno, izquierda y terrorismo","description":"Todos los imperios y sus gobernantes han sido en la historia de la Humanidad los principales reg\u00edmenes terroristas y violadores de los Derechos Humanos.","robots":{"index":"index","follow":"follow","max-snippet":"max-snippet:-1","max-image-preview":"max-image-preview:large","max-video-preview":"max-video-preview:-1"},"canonical":"https:\/\/www.pressenza.com\/es\/2022\/07\/gobierno-izquierda-y-terrorismo\/","og_locale":"es_ES","og_type":"article","og_title":"Gobierno, izquierda y terrorismo","og_description":"Todos los imperios y sus gobernantes han sido en la historia de la Humanidad los principales reg\u00edmenes terroristas y violadores de los Derechos Humanos.","og_url":"https:\/\/www.pressenza.com\/es\/2022\/07\/gobierno-izquierda-y-terrorismo\/","og_site_name":"Pressenza","article_publisher":"https:\/\/www.facebook.com\/PressenzaItalia","article_published_time":"2022-07-19T19:52:01+00:00","og_image":[{"width":268,"height":188,"url":"https:\/\/www.pressenza.com\/wp-content\/uploads\/2022\/07\/indice-2.jpeg","type":"image\/jpeg"}],"author":"Juan Pablo C\u00e1rdenas","twitter_card":"summary_large_image","twitter_creator":"@PressenzaIPA","twitter_site":"@PressenzaIPA","twitter_misc":{"Escrito por":"Juan Pablo C\u00e1rdenas","Tiempo de lectura":"5 minutos"},"schema":{"@context":"https:\/\/schema.org","@graph":[{"@type":"Article","@id":"https:\/\/www.pressenza.com\/es\/2022\/07\/gobierno-izquierda-y-terrorismo\/#article","isPartOf":{"@id":"https:\/\/www.pressenza.com\/es\/2022\/07\/gobierno-izquierda-y-terrorismo\/"},"author":{"name":"Juan Pablo C\u00e1rdenas","@id":"https:\/\/www.pressenza.com\/es\/#\/schema\/person\/d72a7c8c014dcbfa2ef9e9976103ea0d"},"headline":"Gobierno, izquierda y terrorismo","datePublished":"2022-07-19T19:52:01+00:00","mainEntityOfPage":{"@id":"https:\/\/www.pressenza.com\/es\/2022\/07\/gobierno-izquierda-y-terrorismo\/"},"wordCount":1094,"publisher":{"@id":"https:\/\/www.pressenza.com\/es\/#organization"},"image":{"@id":"https:\/\/www.pressenza.com\/es\/2022\/07\/gobierno-izquierda-y-terrorismo\/#primaryimage"},"thumbnailUrl":"https:\/\/www.pressenza.com\/wp-content\/uploads\/2022\/07\/indice-2.jpeg","keywords":["Chile","Estados Unidos","Rusia","Ucrania"],"articleSection":["Asuntos internacionales","Contenido Original","Internacional","Opiniones"],"inLanguage":"es"},{"@type":"WebPage","@id":"https:\/\/www.pressenza.com\/es\/2022\/07\/gobierno-izquierda-y-terrorismo\/","url":"https:\/\/www.pressenza.com\/es\/2022\/07\/gobierno-izquierda-y-terrorismo\/","name":"Gobierno, izquierda y terrorismo","isPartOf":{"@id":"https:\/\/www.pressenza.com\/es\/#website"},"primaryImageOfPage":{"@id":"https:\/\/www.pressenza.com\/es\/2022\/07\/gobierno-izquierda-y-terrorismo\/#primaryimage"},"image":{"@id":"https:\/\/www.pressenza.com\/es\/2022\/07\/gobierno-izquierda-y-terrorismo\/#primaryimage"},"thumbnailUrl":"https:\/\/www.pressenza.com\/wp-content\/uploads\/2022\/07\/indice-2.jpeg","datePublished":"2022-07-19T19:52:01+00:00","description":"Todos los imperios y sus gobernantes han sido en la historia de la Humanidad los principales reg\u00edmenes terroristas y violadores de los Derechos Humanos.","breadcrumb":{"@id":"https:\/\/www.pressenza.com\/es\/2022\/07\/gobierno-izquierda-y-terrorismo\/#breadcrumb"},"inLanguage":"es","potentialAction":[{"@type":"ReadAction","target":["https:\/\/www.pressenza.com\/es\/2022\/07\/gobierno-izquierda-y-terrorismo\/"]}]},{"@type":"ImageObject","inLanguage":"es","@id":"https:\/\/www.pressenza.com\/es\/2022\/07\/gobierno-izquierda-y-terrorismo\/#primaryimage","url":"https:\/\/www.pressenza.com\/wp-content\/uploads\/2022\/07\/indice-2.jpeg","contentUrl":"https:\/\/www.pressenza.com\/wp-content\/uploads\/2022\/07\/indice-2.jpeg","width":268,"height":188,"caption":"El Desconcierto"},{"@type":"BreadcrumbList","@id":"https:\/\/www.pressenza.com\/es\/2022\/07\/gobierno-izquierda-y-terrorismo\/#breadcrumb","itemListElement":[{"@type":"ListItem","position":1,"name":"Accueil","item":"https:\/\/www.pressenza.com\/es\/"},{"@type":"ListItem","position":2,"name":"Gobierno, izquierda y terrorismo"}]},{"@type":"WebSite","@id":"https:\/\/www.pressenza.com\/es\/#website","url":"https:\/\/www.pressenza.com\/es\/","name":"Pressenza","description":"International Press Agency","publisher":{"@id":"https:\/\/www.pressenza.com\/es\/#organization"},"potentialAction":[{"@type":"SearchAction","target":{"@type":"EntryPoint","urlTemplate":"https:\/\/www.pressenza.com\/es\/?s={search_term_string}"},"query-input":{"@type":"PropertyValueSpecification","valueRequired":true,"valueName":"search_term_string"}}],"inLanguage":"es"},{"@type":"Organization","@id":"https:\/\/www.pressenza.com\/es\/#organization","name":"Pressenza","url":"https:\/\/www.pressenza.com\/es\/","logo":{"@type":"ImageObject","inLanguage":"es","@id":"https:\/\/www.pressenza.com\/es\/#\/schema\/logo\/image\/","url":"https:\/\/www.pressenza.com\/wp-content\/uploads\/2022\/10\/pressenza_logo_200x200.jpg","contentUrl":"https:\/\/www.pressenza.com\/wp-content\/uploads\/2022\/10\/pressenza_logo_200x200.jpg","width":200,"height":200,"caption":"Pressenza"},"image":{"@id":"https:\/\/www.pressenza.com\/es\/#\/schema\/logo\/image\/"},"sameAs":["https:\/\/www.facebook.com\/PressenzaItalia","https:\/\/x.com\/PressenzaIPA"]},{"@type":"Person","@id":"https:\/\/www.pressenza.com\/es\/#\/schema\/person\/d72a7c8c014dcbfa2ef9e9976103ea0d","name":"Juan Pablo C\u00e1rdenas","description":"Juan Pablo C\u00e1rdenas Squella es un periodista y profesor universitario de vasta trayectoria. En el 2005 recibi\u00f3 en premio nacional de Periodismo y, antes, la Pluma de Oro de la Libertad, otorgada por la Federaci\u00f3n Mundial de la Prensa. Tambi\u00e9n obtuvo el Premio Latinoamericano de Periodismo, la Houten Camara de Holanda (1989) entre otras m\u00faltiples distinciones nacionales y extranjeras. Forma parte de los sesenta periodistas del mundo considerados H\u00e9roes de la Libertad de Expresi\u00f3n, reconocimiento hecho por la Federaci\u00f3n Internacional de Periodistas. Ha sido director y columnista de las revistas Debate Universitario, An\u00e1lisis y Los Tiempos, as\u00ed como del diario electr\u00f3nico primeral\u00ednea.cl. Tambi\u00e9n fue por m\u00e1s 18 a\u00f1os director de la Radio Universidad de Chile y de su diario digital. Se ha desempe\u00f1ado como profesor de varias escuelas de periodismo de Santiago y Valpara\u00edso y en la Universidad de Chile alcanz\u00f3 el grado de profesor titular y senador universitario.","url":"https:\/\/www.pressenza.com\/es\/author\/juan-pablo-cardenas\/"}]}},"place":"Santiago de Chile","original_article_url":"","_links":{"self":[{"href":"https:\/\/www.pressenza.com\/es\/wp-json\/wp\/v2\/posts\/1626695","targetHints":{"allow":["GET"]}}],"collection":[{"href":"https:\/\/www.pressenza.com\/es\/wp-json\/wp\/v2\/posts"}],"about":[{"href":"https:\/\/www.pressenza.com\/es\/wp-json\/wp\/v2\/types\/post"}],"author":[{"embeddable":true,"href":"https:\/\/www.pressenza.com\/es\/wp-json\/wp\/v2\/users\/1739"}],"replies":[{"embeddable":true,"href":"https:\/\/www.pressenza.com\/es\/wp-json\/wp\/v2\/comments?post=1626695"}],"version-history":[{"count":0,"href":"https:\/\/www.pressenza.com\/es\/wp-json\/wp\/v2\/posts\/1626695\/revisions"}],"wp:featuredmedia":[{"embeddable":true,"href":"https:\/\/www.pressenza.com\/es\/wp-json\/wp\/v2\/media\/1626696"}],"wp:attachment":[{"href":"https:\/\/www.pressenza.com\/es\/wp-json\/wp\/v2\/media?parent=1626695"}],"wp:term":[{"taxonomy":"category","embeddable":true,"href":"https:\/\/www.pressenza.com\/es\/wp-json\/wp\/v2\/categories?post=1626695"},{"taxonomy":"post_tag","embeddable":true,"href":"https:\/\/www.pressenza.com\/es\/wp-json\/wp\/v2\/tags?post=1626695"}],"curies":[{"name":"wp","href":"https:\/\/api.w.org\/{rel}","templated":true}]}}