{"id":1626,"date":"2009-10-10T00:00:00","date_gmt":"2009-10-10T00:00:00","guid":{"rendered":""},"modified":"2009-10-11T19:38:48","modified_gmt":"2009-10-11T19:38:48","slug":"padre-alex-zanotelli-en-salerno-para-la-presentacion-de-la-marcha-mundial","status":"publish","type":"post","link":"https:\/\/www.pressenza.com\/es\/2009\/10\/padre-alex-zanotelli-en-salerno-para-la-presentacion-de-la-marcha-mundial\/","title":{"rendered":"Padre Alex Zanotelli en Salerno para la presentaci\u00f3n de la Marcha Mundial"},"content":{"rendered":"<p>El d\u00eda 7 de octubre Salerno tambi\u00e9n conoci\u00f3 oficialmente la Marcha Mundial por la Paz y la Noviolencia, que fue presentada en una conferencia de prensa organizada por la Coordinaci\u00f3n Provincial Salernitano en el Sal\u00f3n de los M\u00e1rmoles de la Municipalidad. Tomaron parte en la presentaci\u00f3n el Padre Alex Zanotelli, las autoridades locales, numerosas asociaciones y ciudadanos salernitanos. Una vez terminada la conferencia, el Padre Zanotelli visit\u00f3 el Liceo Da Procida para discutir con los estudiantes los objetivos de la iniciativa, haci\u00e9ndose portador del mensaje de paz, noviolencia, solidaridad y dignidad de la vida humana que la Marcha se propone difundir.<\/p>\n<p>*Traducci\u00f3n: M\u00f3nica Brocco*<\/p>\n","protected":false},"excerpt":{"rendered":"<p>Padre Alex Zanotelli, religioso y misionario italiano, inspirador y fundador de varios movimientos para la creaci\u00f3n de condiciones de paz y justicia solidaria, ha participado en la presentaci\u00f3n oficial de la Marcha Mundial por la Paz y la Noviolencia realizada en Salerno, junto a autoridades locales y distintas asociaciones<\/p>\n","protected":false},"author":19,"featured_media":0,"comment_status":"closed","ping_status":"open","sticky":false,"template":"","format":"standard","meta":{"footnotes":""},"categories":[75,66],"tags":[],"class_list":["post-1626","post","type-post","status-publish","format-standard","hentry","category-cultura-es","category-europa-es"],"yoast_head":"<!-- This site is optimized with the Yoast SEO plugin v27.1.1 - https:\/\/yoast.com\/product\/yoast-seo-wordpress\/ -->\n<title>Padre Alex Zanotelli en Salerno para la presentaci\u00f3n de la Marcha Mundial<\/title>\n<meta name=\"description\" content=\"Padre Alex Zanotelli, religioso y misionario italiano, inspirador y fundador de varios movimientos para la creaci\u00f3n de condiciones de paz y justicia solidaria, ha participado en la presentaci\u00f3n oficial de la Marcha Mundial por la Paz y la Noviolencia realizada en Salerno, junto a autoridades locales y distintas asociaciones\" \/>\n<meta name=\"robots\" content=\"index, follow, max-snippet:-1, max-image-preview:large, max-video-preview:-1\" \/>\n<link rel=\"canonical\" href=\"https:\/\/www.pressenza.com\/es\/2009\/10\/padre-alex-zanotelli-en-salerno-para-la-presentacion-de-la-marcha-mundial\/\" \/>\n<meta property=\"og:locale\" content=\"es_ES\" \/>\n<meta property=\"og:type\" content=\"article\" \/>\n<meta property=\"og:title\" content=\"Padre Alex Zanotelli en Salerno para la presentaci\u00f3n de la Marcha Mundial\" \/>\n<meta property=\"og:description\" content=\"Padre Alex Zanotelli, religioso y misionario italiano, inspirador y fundador de varios movimientos para la creaci\u00f3n de condiciones de paz y justicia solidaria, ha participado en la presentaci\u00f3n oficial de la Marcha Mundial por la Paz y la Noviolencia realizada en Salerno, junto a autoridades locales y distintas asociaciones\" \/>\n<meta property=\"og:url\" content=\"https:\/\/www.pressenza.com\/es\/2009\/10\/padre-alex-zanotelli-en-salerno-para-la-presentacion-de-la-marcha-mundial\/\" \/>\n<meta property=\"og:site_name\" content=\"Pressenza\" \/>\n<meta property=\"article:publisher\" content=\"https:\/\/www.facebook.com\/PressenzaItalia\" \/>\n<meta property=\"article:author\" content=\"https:\/\/www.facebook.com\/pressenza\" \/>\n<meta property=\"article:published_time\" content=\"2009-10-10T00:00:00+00:00\" \/>\n<meta property=\"article:modified_time\" content=\"2009-10-11T19:38:48+00:00\" \/>\n<meta name=\"author\" content=\"Pressenza IPA\" \/>\n<meta name=\"twitter:card\" content=\"summary_large_image\" \/>\n<meta name=\"twitter:creator\" content=\"@PressenzaIPA\" \/>\n<meta name=\"twitter:site\" content=\"@PressenzaIPA\" \/>\n<meta name=\"twitter:label1\" content=\"Escrito por\" \/>\n\t<meta name=\"twitter:data1\" content=\"Pressenza IPA\" \/>\n\t<meta name=\"twitter:label2\" content=\"Tiempo de lectura\" \/>\n\t<meta name=\"twitter:data2\" content=\"1 minuto\" \/>\n<script type=\"application\/ld+json\" class=\"yoast-schema-graph\">{\"@context\":\"https:\/\/schema.org\",\"@graph\":[{\"@type\":\"Article\",\"@id\":\"https:\/\/www.pressenza.com\/es\/2009\/10\/padre-alex-zanotelli-en-salerno-para-la-presentacion-de-la-marcha-mundial\/#article\",\"isPartOf\":{\"@id\":\"https:\/\/www.pressenza.com\/es\/2009\/10\/padre-alex-zanotelli-en-salerno-para-la-presentacion-de-la-marcha-mundial\/\"},\"author\":{\"name\":\"Pressenza IPA\",\"@id\":\"https:\/\/www.pressenza.com\/es\/#\/schema\/person\/010e5d02bcf40965427a1289a4cc8d75\"},\"headline\":\"Padre Alex Zanotelli en Salerno para la presentaci\u00f3n de la Marcha Mundial\",\"datePublished\":\"2009-10-10T00:00:00+00:00\",\"dateModified\":\"2009-10-11T19:38:48+00:00\",\"mainEntityOfPage\":{\"@id\":\"https:\/\/www.pressenza.com\/es\/2009\/10\/padre-alex-zanotelli-en-salerno-para-la-presentacion-de-la-marcha-mundial\/\"},\"wordCount\":125,\"publisher\":{\"@id\":\"https:\/\/www.pressenza.com\/es\/#organization\"},\"articleSection\":[\"Cultura y Medios\",\"Europa\"],\"inLanguage\":\"es\"},{\"@type\":\"WebPage\",\"@id\":\"https:\/\/www.pressenza.com\/es\/2009\/10\/padre-alex-zanotelli-en-salerno-para-la-presentacion-de-la-marcha-mundial\/\",\"url\":\"https:\/\/www.pressenza.com\/es\/2009\/10\/padre-alex-zanotelli-en-salerno-para-la-presentacion-de-la-marcha-mundial\/\",\"name\":\"Padre Alex Zanotelli en Salerno para la presentaci\u00f3n de la Marcha Mundial\",\"isPartOf\":{\"@id\":\"https:\/\/www.pressenza.com\/es\/#website\"},\"datePublished\":\"2009-10-10T00:00:00+00:00\",\"dateModified\":\"2009-10-11T19:38:48+00:00\",\"description\":\"Padre Alex Zanotelli, religioso y misionario italiano, inspirador y fundador de varios movimientos para la creaci\u00f3n de condiciones de paz y justicia solidaria, ha participado en la presentaci\u00f3n oficial de la Marcha Mundial por la Paz y la Noviolencia realizada en Salerno, junto a autoridades locales y distintas asociaciones\",\"breadcrumb\":{\"@id\":\"https:\/\/www.pressenza.com\/es\/2009\/10\/padre-alex-zanotelli-en-salerno-para-la-presentacion-de-la-marcha-mundial\/#breadcrumb\"},\"inLanguage\":\"es\",\"potentialAction\":[{\"@type\":\"ReadAction\",\"target\":[\"https:\/\/www.pressenza.com\/es\/2009\/10\/padre-alex-zanotelli-en-salerno-para-la-presentacion-de-la-marcha-mundial\/\"]}]},{\"@type\":\"BreadcrumbList\",\"@id\":\"https:\/\/www.pressenza.com\/es\/2009\/10\/padre-alex-zanotelli-en-salerno-para-la-presentacion-de-la-marcha-mundial\/#breadcrumb\",\"itemListElement\":[{\"@type\":\"ListItem\",\"position\":1,\"name\":\"Accueil\",\"item\":\"https:\/\/www.pressenza.com\/es\/\"},{\"@type\":\"ListItem\",\"position\":2,\"name\":\"Padre Alex Zanotelli en Salerno para la presentaci\u00f3n de la Marcha Mundial\"}]},{\"@type\":\"WebSite\",\"@id\":\"https:\/\/www.pressenza.com\/es\/#website\",\"url\":\"https:\/\/www.pressenza.com\/es\/\",\"name\":\"Pressenza\",\"description\":\"International Press Agency\",\"publisher\":{\"@id\":\"https:\/\/www.pressenza.com\/es\/#organization\"},\"potentialAction\":[{\"@type\":\"SearchAction\",\"target\":{\"@type\":\"EntryPoint\",\"urlTemplate\":\"https:\/\/www.pressenza.com\/es\/?s={search_term_string}\"},\"query-input\":{\"@type\":\"PropertyValueSpecification\",\"valueRequired\":true,\"valueName\":\"search_term_string\"}}],\"inLanguage\":\"es\"},{\"@type\":\"Organization\",\"@id\":\"https:\/\/www.pressenza.com\/es\/#organization\",\"name\":\"Pressenza\",\"url\":\"https:\/\/www.pressenza.com\/es\/\",\"logo\":{\"@type\":\"ImageObject\",\"inLanguage\":\"es\",\"@id\":\"https:\/\/www.pressenza.com\/es\/#\/schema\/logo\/image\/\",\"url\":\"https:\/\/www.pressenza.com\/wp-content\/uploads\/2022\/10\/pressenza_logo_200x200.jpg\",\"contentUrl\":\"https:\/\/www.pressenza.com\/wp-content\/uploads\/2022\/10\/pressenza_logo_200x200.jpg\",\"width\":200,\"height\":200,\"caption\":\"Pressenza\"},\"image\":{\"@id\":\"https:\/\/www.pressenza.com\/es\/#\/schema\/logo\/image\/\"},\"sameAs\":[\"https:\/\/www.facebook.com\/PressenzaItalia\",\"https:\/\/x.com\/PressenzaIPA\"]},{\"@type\":\"Person\",\"@id\":\"https:\/\/www.pressenza.com\/es\/#\/schema\/person\/010e5d02bcf40965427a1289a4cc8d75\",\"name\":\"Pressenza IPA\",\"description\":\"News from Pressenza IPA correspondents\",\"sameAs\":[\"https:\/\/www.facebook.com\/pressenza\",\"https:\/\/x.com\/PressenzaIPA\"],\"url\":\"https:\/\/www.pressenza.com\/es\/author\/pressenza-ipa\/\"}]}<\/script>\n<!-- \/ Yoast SEO plugin. -->","yoast_head_json":{"title":"Padre Alex Zanotelli en Salerno para la presentaci\u00f3n de la Marcha Mundial","description":"Padre Alex Zanotelli, religioso y misionario italiano, inspirador y fundador de varios movimientos para la creaci\u00f3n de condiciones de paz y justicia solidaria, ha participado en la presentaci\u00f3n oficial de la Marcha Mundial por la Paz y la Noviolencia realizada en Salerno, junto a autoridades locales y distintas asociaciones","robots":{"index":"index","follow":"follow","max-snippet":"max-snippet:-1","max-image-preview":"max-image-preview:large","max-video-preview":"max-video-preview:-1"},"canonical":"https:\/\/www.pressenza.com\/es\/2009\/10\/padre-alex-zanotelli-en-salerno-para-la-presentacion-de-la-marcha-mundial\/","og_locale":"es_ES","og_type":"article","og_title":"Padre Alex Zanotelli en Salerno para la presentaci\u00f3n de la Marcha Mundial","og_description":"Padre Alex Zanotelli, religioso y misionario italiano, inspirador y fundador de varios movimientos para la creaci\u00f3n de condiciones de paz y justicia solidaria, ha participado en la presentaci\u00f3n oficial de la Marcha Mundial por la Paz y la Noviolencia realizada en Salerno, junto a autoridades locales y distintas asociaciones","og_url":"https:\/\/www.pressenza.com\/es\/2009\/10\/padre-alex-zanotelli-en-salerno-para-la-presentacion-de-la-marcha-mundial\/","og_site_name":"Pressenza","article_publisher":"https:\/\/www.facebook.com\/PressenzaItalia","article_author":"https:\/\/www.facebook.com\/pressenza","article_published_time":"2009-10-10T00:00:00+00:00","article_modified_time":"2009-10-11T19:38:48+00:00","author":"Pressenza IPA","twitter_card":"summary_large_image","twitter_creator":"@PressenzaIPA","twitter_site":"@PressenzaIPA","twitter_misc":{"Escrito por":"Pressenza IPA","Tiempo de lectura":"1 minuto"},"schema":{"@context":"https:\/\/schema.org","@graph":[{"@type":"Article","@id":"https:\/\/www.pressenza.com\/es\/2009\/10\/padre-alex-zanotelli-en-salerno-para-la-presentacion-de-la-marcha-mundial\/#article","isPartOf":{"@id":"https:\/\/www.pressenza.com\/es\/2009\/10\/padre-alex-zanotelli-en-salerno-para-la-presentacion-de-la-marcha-mundial\/"},"author":{"name":"Pressenza IPA","@id":"https:\/\/www.pressenza.com\/es\/#\/schema\/person\/010e5d02bcf40965427a1289a4cc8d75"},"headline":"Padre Alex Zanotelli en Salerno para la presentaci\u00f3n de la Marcha Mundial","datePublished":"2009-10-10T00:00:00+00:00","dateModified":"2009-10-11T19:38:48+00:00","mainEntityOfPage":{"@id":"https:\/\/www.pressenza.com\/es\/2009\/10\/padre-alex-zanotelli-en-salerno-para-la-presentacion-de-la-marcha-mundial\/"},"wordCount":125,"publisher":{"@id":"https:\/\/www.pressenza.com\/es\/#organization"},"articleSection":["Cultura y Medios","Europa"],"inLanguage":"es"},{"@type":"WebPage","@id":"https:\/\/www.pressenza.com\/es\/2009\/10\/padre-alex-zanotelli-en-salerno-para-la-presentacion-de-la-marcha-mundial\/","url":"https:\/\/www.pressenza.com\/es\/2009\/10\/padre-alex-zanotelli-en-salerno-para-la-presentacion-de-la-marcha-mundial\/","name":"Padre Alex Zanotelli en Salerno para la presentaci\u00f3n de la Marcha Mundial","isPartOf":{"@id":"https:\/\/www.pressenza.com\/es\/#website"},"datePublished":"2009-10-10T00:00:00+00:00","dateModified":"2009-10-11T19:38:48+00:00","description":"Padre Alex Zanotelli, religioso y misionario italiano, inspirador y fundador de varios movimientos para la creaci\u00f3n de condiciones de paz y justicia solidaria, ha participado en la presentaci\u00f3n oficial de la Marcha Mundial por la Paz y la Noviolencia realizada en Salerno, junto a autoridades locales y distintas asociaciones","breadcrumb":{"@id":"https:\/\/www.pressenza.com\/es\/2009\/10\/padre-alex-zanotelli-en-salerno-para-la-presentacion-de-la-marcha-mundial\/#breadcrumb"},"inLanguage":"es","potentialAction":[{"@type":"ReadAction","target":["https:\/\/www.pressenza.com\/es\/2009\/10\/padre-alex-zanotelli-en-salerno-para-la-presentacion-de-la-marcha-mundial\/"]}]},{"@type":"BreadcrumbList","@id":"https:\/\/www.pressenza.com\/es\/2009\/10\/padre-alex-zanotelli-en-salerno-para-la-presentacion-de-la-marcha-mundial\/#breadcrumb","itemListElement":[{"@type":"ListItem","position":1,"name":"Accueil","item":"https:\/\/www.pressenza.com\/es\/"},{"@type":"ListItem","position":2,"name":"Padre Alex Zanotelli en Salerno para la presentaci\u00f3n de la Marcha Mundial"}]},{"@type":"WebSite","@id":"https:\/\/www.pressenza.com\/es\/#website","url":"https:\/\/www.pressenza.com\/es\/","name":"Pressenza","description":"International Press Agency","publisher":{"@id":"https:\/\/www.pressenza.com\/es\/#organization"},"potentialAction":[{"@type":"SearchAction","target":{"@type":"EntryPoint","urlTemplate":"https:\/\/www.pressenza.com\/es\/?s={search_term_string}"},"query-input":{"@type":"PropertyValueSpecification","valueRequired":true,"valueName":"search_term_string"}}],"inLanguage":"es"},{"@type":"Organization","@id":"https:\/\/www.pressenza.com\/es\/#organization","name":"Pressenza","url":"https:\/\/www.pressenza.com\/es\/","logo":{"@type":"ImageObject","inLanguage":"es","@id":"https:\/\/www.pressenza.com\/es\/#\/schema\/logo\/image\/","url":"https:\/\/www.pressenza.com\/wp-content\/uploads\/2022\/10\/pressenza_logo_200x200.jpg","contentUrl":"https:\/\/www.pressenza.com\/wp-content\/uploads\/2022\/10\/pressenza_logo_200x200.jpg","width":200,"height":200,"caption":"Pressenza"},"image":{"@id":"https:\/\/www.pressenza.com\/es\/#\/schema\/logo\/image\/"},"sameAs":["https:\/\/www.facebook.com\/PressenzaItalia","https:\/\/x.com\/PressenzaIPA"]},{"@type":"Person","@id":"https:\/\/www.pressenza.com\/es\/#\/schema\/person\/010e5d02bcf40965427a1289a4cc8d75","name":"Pressenza IPA","description":"News from Pressenza IPA correspondents","sameAs":["https:\/\/www.facebook.com\/pressenza","https:\/\/x.com\/PressenzaIPA"],"url":"https:\/\/www.pressenza.com\/es\/author\/pressenza-ipa\/"}]}},"place":"Salerno","original_article_url":"","_links":{"self":[{"href":"https:\/\/www.pressenza.com\/es\/wp-json\/wp\/v2\/posts\/1626","targetHints":{"allow":["GET"]}}],"collection":[{"href":"https:\/\/www.pressenza.com\/es\/wp-json\/wp\/v2\/posts"}],"about":[{"href":"https:\/\/www.pressenza.com\/es\/wp-json\/wp\/v2\/types\/post"}],"author":[{"embeddable":true,"href":"https:\/\/www.pressenza.com\/es\/wp-json\/wp\/v2\/users\/19"}],"replies":[{"embeddable":true,"href":"https:\/\/www.pressenza.com\/es\/wp-json\/wp\/v2\/comments?post=1626"}],"version-history":[{"count":0,"href":"https:\/\/www.pressenza.com\/es\/wp-json\/wp\/v2\/posts\/1626\/revisions"}],"wp:attachment":[{"href":"https:\/\/www.pressenza.com\/es\/wp-json\/wp\/v2\/media?parent=1626"}],"wp:term":[{"taxonomy":"category","embeddable":true,"href":"https:\/\/www.pressenza.com\/es\/wp-json\/wp\/v2\/categories?post=1626"},{"taxonomy":"post_tag","embeddable":true,"href":"https:\/\/www.pressenza.com\/es\/wp-json\/wp\/v2\/tags?post=1626"}],"curies":[{"name":"wp","href":"https:\/\/api.w.org\/{rel}","templated":true}]}}