{"id":1624,"date":"2009-10-07T00:00:00","date_gmt":"2009-10-07T00:00:00","guid":{"rendered":""},"modified":"2009-10-07T05:05:17","modified_gmt":"2009-10-07T05:05:17","slug":"comienza-la-marcha-mundial-por-la-paz-y-la-no-violencia-en-estocolmo","status":"publish","type":"post","link":"https:\/\/www.pressenza.com\/es\/2009\/10\/comienza-la-marcha-mundial-por-la-paz-y-la-no-violencia-en-estocolmo\/","title":{"rendered":"Comienza la Marcha Mundial por la Paz y la No Violencia en Estocolmo"},"content":{"rendered":"<p>La Marcha Mundial por la Paz y la No Violencia en Suecia comenz\u00f3 con una conferencia de prensa en la Casa de la Cultura. Junto a \u201cMundo sin Guerras\u201d (\u201cWorld without Wars\u201d) muchas otras organizaciones que apoyan la marcha participaron en la Conferencia, entre ellas \u201cWomen for Peace\u201d, \u201cSweden Peace Council\u201d, \u201cSwedish Women left association\u201d, \u201cPeace Quest International\u201d. Colaborando con la Marcha Mundial, se hizo presente la reconocida cantante sueca Regina Lund como as\u00ed tambi\u00e9n Daniel Anderson y Andrea Csaszni, ambos representando la actividad teatral \u201cHigh Performance\u201d.<\/p>\n<p>Por la tarde tuvo lugar un evento en el c\u00e9ntrico parque Norrmalmstorg de Estocolmo. La gente pudo escuchar a Regina Lund, Andrea Gerak y a Pepe y Mari, su m\u00fasica y palabras en apoyo de la Marcha, al tiempo que se proyectaban las im\u00e1genes del inicio de la Marcha Mundial por la Paz y la No Violencia en Nueva Zelanda. El evento culmin\u00f3 formando el s\u00edmbolo de la No-Violencia iluminado por la luz de las velas. Al finalizar, los asistentes lanzaron al un\u00edsono tres palabras al viento: \u201cMundo sin Guerras\u201d.<\/p>\n<p>Traducci\u00f3n: Francisco Martin <\/p>\n","protected":false},"excerpt":{"rendered":"<p>En Estocolmo, el lanzamiento de la Marcha Mundial comenz\u00f3 con una conferencia de prensa en la que participaron diversas organizaciones y artistas adherentes. Por la tarde continu\u00f3 la jornada en el parque Norrmalmstorg con m\u00fasica y actuaciones iluminadas por la luz de las velas. Al finalizar, los asistentes lanzaron al un\u00edsono tres palabras al viento: \u201cMundo sin Guerras\u201d.<\/p>\n","protected":false},"author":19,"featured_media":0,"comment_status":"closed","ping_status":"open","sticky":false,"template":"","format":"standard","meta":{"footnotes":""},"categories":[75,66],"tags":[],"class_list":["post-1624","post","type-post","status-publish","format-standard","hentry","category-cultura-es","category-europa-es"],"yoast_head":"<!-- This site is optimized with the Yoast SEO plugin v27.1.1 - https:\/\/yoast.com\/product\/yoast-seo-wordpress\/ -->\n<title>Comienza la Marcha Mundial por la Paz y la No Violencia en Estocolmo<\/title>\n<meta name=\"description\" content=\"En Estocolmo, el lanzamiento de la Marcha Mundial comenz\u00f3 con una conferencia de prensa en la que participaron diversas organizaciones y artistas adherentes. Por la tarde continu\u00f3 la jornada en el parque Norrmalmstorg con m\u00fasica y actuaciones iluminadas por la luz de las velas. Al finalizar, los asistentes lanzaron al un\u00edsono tres palabras al viento: \u201cMundo sin Guerras\u201d.\" \/>\n<meta name=\"robots\" content=\"index, follow, max-snippet:-1, max-image-preview:large, max-video-preview:-1\" \/>\n<link rel=\"canonical\" href=\"https:\/\/www.pressenza.com\/es\/2009\/10\/comienza-la-marcha-mundial-por-la-paz-y-la-no-violencia-en-estocolmo\/\" \/>\n<meta property=\"og:locale\" content=\"es_ES\" \/>\n<meta property=\"og:type\" content=\"article\" \/>\n<meta property=\"og:title\" content=\"Comienza la Marcha Mundial por la Paz y la No Violencia en Estocolmo\" \/>\n<meta property=\"og:description\" content=\"En Estocolmo, el lanzamiento de la Marcha Mundial comenz\u00f3 con una conferencia de prensa en la que participaron diversas organizaciones y artistas adherentes. Por la tarde continu\u00f3 la jornada en el parque Norrmalmstorg con m\u00fasica y actuaciones iluminadas por la luz de las velas. Al finalizar, los asistentes lanzaron al un\u00edsono tres palabras al viento: \u201cMundo sin Guerras\u201d.\" \/>\n<meta property=\"og:url\" content=\"https:\/\/www.pressenza.com\/es\/2009\/10\/comienza-la-marcha-mundial-por-la-paz-y-la-no-violencia-en-estocolmo\/\" \/>\n<meta property=\"og:site_name\" content=\"Pressenza\" \/>\n<meta property=\"article:publisher\" content=\"https:\/\/www.facebook.com\/PressenzaItalia\" \/>\n<meta property=\"article:author\" content=\"https:\/\/www.facebook.com\/pressenza\" \/>\n<meta property=\"article:published_time\" content=\"2009-10-07T00:00:00+00:00\" \/>\n<meta property=\"article:modified_time\" content=\"2009-10-07T05:05:17+00:00\" \/>\n<meta name=\"author\" content=\"Pressenza IPA\" \/>\n<meta name=\"twitter:card\" content=\"summary_large_image\" \/>\n<meta name=\"twitter:creator\" content=\"@PressenzaIPA\" \/>\n<meta name=\"twitter:site\" content=\"@PressenzaIPA\" \/>\n<meta name=\"twitter:label1\" content=\"Escrito por\" \/>\n\t<meta name=\"twitter:data1\" content=\"Pressenza IPA\" \/>\n\t<meta name=\"twitter:label2\" content=\"Tiempo de lectura\" \/>\n\t<meta name=\"twitter:data2\" content=\"1 minuto\" \/>\n<script type=\"application\/ld+json\" class=\"yoast-schema-graph\">{\"@context\":\"https:\/\/schema.org\",\"@graph\":[{\"@type\":\"Article\",\"@id\":\"https:\/\/www.pressenza.com\/es\/2009\/10\/comienza-la-marcha-mundial-por-la-paz-y-la-no-violencia-en-estocolmo\/#article\",\"isPartOf\":{\"@id\":\"https:\/\/www.pressenza.com\/es\/2009\/10\/comienza-la-marcha-mundial-por-la-paz-y-la-no-violencia-en-estocolmo\/\"},\"author\":{\"name\":\"Pressenza IPA\",\"@id\":\"https:\/\/www.pressenza.com\/es\/#\/schema\/person\/010e5d02bcf40965427a1289a4cc8d75\"},\"headline\":\"Comienza la Marcha Mundial por la Paz y la No Violencia en Estocolmo\",\"datePublished\":\"2009-10-07T00:00:00+00:00\",\"dateModified\":\"2009-10-07T05:05:17+00:00\",\"mainEntityOfPage\":{\"@id\":\"https:\/\/www.pressenza.com\/es\/2009\/10\/comienza-la-marcha-mundial-por-la-paz-y-la-no-violencia-en-estocolmo\/\"},\"wordCount\":200,\"publisher\":{\"@id\":\"https:\/\/www.pressenza.com\/es\/#organization\"},\"articleSection\":[\"Cultura y Medios\",\"Europa\"],\"inLanguage\":\"es\"},{\"@type\":\"WebPage\",\"@id\":\"https:\/\/www.pressenza.com\/es\/2009\/10\/comienza-la-marcha-mundial-por-la-paz-y-la-no-violencia-en-estocolmo\/\",\"url\":\"https:\/\/www.pressenza.com\/es\/2009\/10\/comienza-la-marcha-mundial-por-la-paz-y-la-no-violencia-en-estocolmo\/\",\"name\":\"Comienza la Marcha Mundial por la Paz y la No Violencia en Estocolmo\",\"isPartOf\":{\"@id\":\"https:\/\/www.pressenza.com\/es\/#website\"},\"datePublished\":\"2009-10-07T00:00:00+00:00\",\"dateModified\":\"2009-10-07T05:05:17+00:00\",\"description\":\"En Estocolmo, el lanzamiento de la Marcha Mundial comenz\u00f3 con una conferencia de prensa en la que participaron diversas organizaciones y artistas adherentes. Por la tarde continu\u00f3 la jornada en el parque Norrmalmstorg con m\u00fasica y actuaciones iluminadas por la luz de las velas. Al finalizar, los asistentes lanzaron al un\u00edsono tres palabras al viento: \u201cMundo sin Guerras\u201d.\",\"breadcrumb\":{\"@id\":\"https:\/\/www.pressenza.com\/es\/2009\/10\/comienza-la-marcha-mundial-por-la-paz-y-la-no-violencia-en-estocolmo\/#breadcrumb\"},\"inLanguage\":\"es\",\"potentialAction\":[{\"@type\":\"ReadAction\",\"target\":[\"https:\/\/www.pressenza.com\/es\/2009\/10\/comienza-la-marcha-mundial-por-la-paz-y-la-no-violencia-en-estocolmo\/\"]}]},{\"@type\":\"BreadcrumbList\",\"@id\":\"https:\/\/www.pressenza.com\/es\/2009\/10\/comienza-la-marcha-mundial-por-la-paz-y-la-no-violencia-en-estocolmo\/#breadcrumb\",\"itemListElement\":[{\"@type\":\"ListItem\",\"position\":1,\"name\":\"Accueil\",\"item\":\"https:\/\/www.pressenza.com\/es\/\"},{\"@type\":\"ListItem\",\"position\":2,\"name\":\"Comienza la Marcha Mundial por la Paz y la No Violencia en Estocolmo\"}]},{\"@type\":\"WebSite\",\"@id\":\"https:\/\/www.pressenza.com\/es\/#website\",\"url\":\"https:\/\/www.pressenza.com\/es\/\",\"name\":\"Pressenza\",\"description\":\"International Press Agency\",\"publisher\":{\"@id\":\"https:\/\/www.pressenza.com\/es\/#organization\"},\"potentialAction\":[{\"@type\":\"SearchAction\",\"target\":{\"@type\":\"EntryPoint\",\"urlTemplate\":\"https:\/\/www.pressenza.com\/es\/?s={search_term_string}\"},\"query-input\":{\"@type\":\"PropertyValueSpecification\",\"valueRequired\":true,\"valueName\":\"search_term_string\"}}],\"inLanguage\":\"es\"},{\"@type\":\"Organization\",\"@id\":\"https:\/\/www.pressenza.com\/es\/#organization\",\"name\":\"Pressenza\",\"url\":\"https:\/\/www.pressenza.com\/es\/\",\"logo\":{\"@type\":\"ImageObject\",\"inLanguage\":\"es\",\"@id\":\"https:\/\/www.pressenza.com\/es\/#\/schema\/logo\/image\/\",\"url\":\"https:\/\/www.pressenza.com\/wp-content\/uploads\/2022\/10\/pressenza_logo_200x200.jpg\",\"contentUrl\":\"https:\/\/www.pressenza.com\/wp-content\/uploads\/2022\/10\/pressenza_logo_200x200.jpg\",\"width\":200,\"height\":200,\"caption\":\"Pressenza\"},\"image\":{\"@id\":\"https:\/\/www.pressenza.com\/es\/#\/schema\/logo\/image\/\"},\"sameAs\":[\"https:\/\/www.facebook.com\/PressenzaItalia\",\"https:\/\/x.com\/PressenzaIPA\"]},{\"@type\":\"Person\",\"@id\":\"https:\/\/www.pressenza.com\/es\/#\/schema\/person\/010e5d02bcf40965427a1289a4cc8d75\",\"name\":\"Pressenza IPA\",\"description\":\"News from Pressenza IPA correspondents\",\"sameAs\":[\"https:\/\/www.facebook.com\/pressenza\",\"https:\/\/x.com\/PressenzaIPA\"],\"url\":\"https:\/\/www.pressenza.com\/es\/author\/pressenza-ipa\/\"}]}<\/script>\n<!-- \/ Yoast SEO plugin. -->","yoast_head_json":{"title":"Comienza la Marcha Mundial por la Paz y la No Violencia en Estocolmo","description":"En Estocolmo, el lanzamiento de la Marcha Mundial comenz\u00f3 con una conferencia de prensa en la que participaron diversas organizaciones y artistas adherentes. Por la tarde continu\u00f3 la jornada en el parque Norrmalmstorg con m\u00fasica y actuaciones iluminadas por la luz de las velas. Al finalizar, los asistentes lanzaron al un\u00edsono tres palabras al viento: \u201cMundo sin Guerras\u201d.","robots":{"index":"index","follow":"follow","max-snippet":"max-snippet:-1","max-image-preview":"max-image-preview:large","max-video-preview":"max-video-preview:-1"},"canonical":"https:\/\/www.pressenza.com\/es\/2009\/10\/comienza-la-marcha-mundial-por-la-paz-y-la-no-violencia-en-estocolmo\/","og_locale":"es_ES","og_type":"article","og_title":"Comienza la Marcha Mundial por la Paz y la No Violencia en Estocolmo","og_description":"En Estocolmo, el lanzamiento de la Marcha Mundial comenz\u00f3 con una conferencia de prensa en la que participaron diversas organizaciones y artistas adherentes. Por la tarde continu\u00f3 la jornada en el parque Norrmalmstorg con m\u00fasica y actuaciones iluminadas por la luz de las velas. Al finalizar, los asistentes lanzaron al un\u00edsono tres palabras al viento: \u201cMundo sin Guerras\u201d.","og_url":"https:\/\/www.pressenza.com\/es\/2009\/10\/comienza-la-marcha-mundial-por-la-paz-y-la-no-violencia-en-estocolmo\/","og_site_name":"Pressenza","article_publisher":"https:\/\/www.facebook.com\/PressenzaItalia","article_author":"https:\/\/www.facebook.com\/pressenza","article_published_time":"2009-10-07T00:00:00+00:00","article_modified_time":"2009-10-07T05:05:17+00:00","author":"Pressenza IPA","twitter_card":"summary_large_image","twitter_creator":"@PressenzaIPA","twitter_site":"@PressenzaIPA","twitter_misc":{"Escrito por":"Pressenza IPA","Tiempo de lectura":"1 minuto"},"schema":{"@context":"https:\/\/schema.org","@graph":[{"@type":"Article","@id":"https:\/\/www.pressenza.com\/es\/2009\/10\/comienza-la-marcha-mundial-por-la-paz-y-la-no-violencia-en-estocolmo\/#article","isPartOf":{"@id":"https:\/\/www.pressenza.com\/es\/2009\/10\/comienza-la-marcha-mundial-por-la-paz-y-la-no-violencia-en-estocolmo\/"},"author":{"name":"Pressenza IPA","@id":"https:\/\/www.pressenza.com\/es\/#\/schema\/person\/010e5d02bcf40965427a1289a4cc8d75"},"headline":"Comienza la Marcha Mundial por la Paz y la No Violencia en Estocolmo","datePublished":"2009-10-07T00:00:00+00:00","dateModified":"2009-10-07T05:05:17+00:00","mainEntityOfPage":{"@id":"https:\/\/www.pressenza.com\/es\/2009\/10\/comienza-la-marcha-mundial-por-la-paz-y-la-no-violencia-en-estocolmo\/"},"wordCount":200,"publisher":{"@id":"https:\/\/www.pressenza.com\/es\/#organization"},"articleSection":["Cultura y Medios","Europa"],"inLanguage":"es"},{"@type":"WebPage","@id":"https:\/\/www.pressenza.com\/es\/2009\/10\/comienza-la-marcha-mundial-por-la-paz-y-la-no-violencia-en-estocolmo\/","url":"https:\/\/www.pressenza.com\/es\/2009\/10\/comienza-la-marcha-mundial-por-la-paz-y-la-no-violencia-en-estocolmo\/","name":"Comienza la Marcha Mundial por la Paz y la No Violencia en Estocolmo","isPartOf":{"@id":"https:\/\/www.pressenza.com\/es\/#website"},"datePublished":"2009-10-07T00:00:00+00:00","dateModified":"2009-10-07T05:05:17+00:00","description":"En Estocolmo, el lanzamiento de la Marcha Mundial comenz\u00f3 con una conferencia de prensa en la que participaron diversas organizaciones y artistas adherentes. Por la tarde continu\u00f3 la jornada en el parque Norrmalmstorg con m\u00fasica y actuaciones iluminadas por la luz de las velas. Al finalizar, los asistentes lanzaron al un\u00edsono tres palabras al viento: \u201cMundo sin Guerras\u201d.","breadcrumb":{"@id":"https:\/\/www.pressenza.com\/es\/2009\/10\/comienza-la-marcha-mundial-por-la-paz-y-la-no-violencia-en-estocolmo\/#breadcrumb"},"inLanguage":"es","potentialAction":[{"@type":"ReadAction","target":["https:\/\/www.pressenza.com\/es\/2009\/10\/comienza-la-marcha-mundial-por-la-paz-y-la-no-violencia-en-estocolmo\/"]}]},{"@type":"BreadcrumbList","@id":"https:\/\/www.pressenza.com\/es\/2009\/10\/comienza-la-marcha-mundial-por-la-paz-y-la-no-violencia-en-estocolmo\/#breadcrumb","itemListElement":[{"@type":"ListItem","position":1,"name":"Accueil","item":"https:\/\/www.pressenza.com\/es\/"},{"@type":"ListItem","position":2,"name":"Comienza la Marcha Mundial por la Paz y la No Violencia en Estocolmo"}]},{"@type":"WebSite","@id":"https:\/\/www.pressenza.com\/es\/#website","url":"https:\/\/www.pressenza.com\/es\/","name":"Pressenza","description":"International Press Agency","publisher":{"@id":"https:\/\/www.pressenza.com\/es\/#organization"},"potentialAction":[{"@type":"SearchAction","target":{"@type":"EntryPoint","urlTemplate":"https:\/\/www.pressenza.com\/es\/?s={search_term_string}"},"query-input":{"@type":"PropertyValueSpecification","valueRequired":true,"valueName":"search_term_string"}}],"inLanguage":"es"},{"@type":"Organization","@id":"https:\/\/www.pressenza.com\/es\/#organization","name":"Pressenza","url":"https:\/\/www.pressenza.com\/es\/","logo":{"@type":"ImageObject","inLanguage":"es","@id":"https:\/\/www.pressenza.com\/es\/#\/schema\/logo\/image\/","url":"https:\/\/www.pressenza.com\/wp-content\/uploads\/2022\/10\/pressenza_logo_200x200.jpg","contentUrl":"https:\/\/www.pressenza.com\/wp-content\/uploads\/2022\/10\/pressenza_logo_200x200.jpg","width":200,"height":200,"caption":"Pressenza"},"image":{"@id":"https:\/\/www.pressenza.com\/es\/#\/schema\/logo\/image\/"},"sameAs":["https:\/\/www.facebook.com\/PressenzaItalia","https:\/\/x.com\/PressenzaIPA"]},{"@type":"Person","@id":"https:\/\/www.pressenza.com\/es\/#\/schema\/person\/010e5d02bcf40965427a1289a4cc8d75","name":"Pressenza IPA","description":"News from Pressenza IPA correspondents","sameAs":["https:\/\/www.facebook.com\/pressenza","https:\/\/x.com\/PressenzaIPA"],"url":"https:\/\/www.pressenza.com\/es\/author\/pressenza-ipa\/"}]}},"place":"Stockholm","original_article_url":"","_links":{"self":[{"href":"https:\/\/www.pressenza.com\/es\/wp-json\/wp\/v2\/posts\/1624","targetHints":{"allow":["GET"]}}],"collection":[{"href":"https:\/\/www.pressenza.com\/es\/wp-json\/wp\/v2\/posts"}],"about":[{"href":"https:\/\/www.pressenza.com\/es\/wp-json\/wp\/v2\/types\/post"}],"author":[{"embeddable":true,"href":"https:\/\/www.pressenza.com\/es\/wp-json\/wp\/v2\/users\/19"}],"replies":[{"embeddable":true,"href":"https:\/\/www.pressenza.com\/es\/wp-json\/wp\/v2\/comments?post=1624"}],"version-history":[{"count":0,"href":"https:\/\/www.pressenza.com\/es\/wp-json\/wp\/v2\/posts\/1624\/revisions"}],"wp:attachment":[{"href":"https:\/\/www.pressenza.com\/es\/wp-json\/wp\/v2\/media?parent=1624"}],"wp:term":[{"taxonomy":"category","embeddable":true,"href":"https:\/\/www.pressenza.com\/es\/wp-json\/wp\/v2\/categories?post=1624"},{"taxonomy":"post_tag","embeddable":true,"href":"https:\/\/www.pressenza.com\/es\/wp-json\/wp\/v2\/tags?post=1624"}],"curies":[{"name":"wp","href":"https:\/\/api.w.org\/{rel}","templated":true}]}}