{"id":1621263,"date":"2022-07-07T13:19:07","date_gmt":"2022-07-07T12:19:07","guid":{"rendered":"https:\/\/www.pressenza.com\/?p=1621263"},"modified":"2022-07-07T13:19:07","modified_gmt":"2022-07-07T12:19:07","slug":"olvidados-en-el-silencio","status":"publish","type":"post","link":"https:\/\/www.pressenza.com\/es\/2022\/07\/olvidados-en-el-silencio\/","title":{"rendered":"Olvidados en el silencio"},"content":{"rendered":"<p style=\"font-weight: 400;\">A veces, me pregunto si verdaderamente estamos en un pa\u00eds democr\u00e1tico o en un juego democr\u00e1tico, que solo se activa en las elecciones para despu\u00e9s cerrar las compuertas de la verdad y abandonar a los votantes a su vida cada vez m\u00e1s dif\u00edcil por las nefastas decisiones pol\u00edticas. No existe, porque no interesa, una ley de pol\u00edticos donde se regule sus obligaciones, sus derechos y se penalice con la expulsi\u00f3n o la c\u00e1rcel a los que la incumplan. Mientras que el tribunal constitucional o el Consejo del Poder Judicial y otros cargos judiciales en las Comunidades est\u00e9n nombrados\u00a0 por los pol\u00edticos, los intereses de unos y otros hacen que la justicia no sea igual para todos. Lo hemos visto en numerosas ocasiones en los medios de comunicaci\u00f3n.<\/p>\n<p style=\"font-weight: 400;\"><a href=\"https:\/\/www.publico.es\/sociedad\/gobierno-fija-proximo-15-julio-tercer-homenaje-victimas-covid.html\">El pr\u00f3ximo 15 de julio de 2022<\/a>, se va a celebrar en el Palacio Real en Madrid, un homenaje, el tercero ya, por las v\u00edctimas ocasionadas por el COVID. Habr\u00e1 silencios, aplausos, toque de oraci\u00f3n y lamentaciones de todo tipo por nuestros supuestos representantes. Pero, sin embargo, todo es una pantalla para hacer olvidar el dolor impresionante que tuvieron que pasar los m\u00e1s de 35.670 ancianos que murieron en las primeras semanas de marzo y abril de 2020.\u00a0 No se ha hecho justicia alguna ni toma de responsabilidades ni judiciales ni pol\u00edticas por la p\u00e9sima gesti\u00f3n realizada y para nada es una disculpa de que a todos nos haya cogido por sorpresa. Las Autoridades responsables deben estar siempre preparadas para cualquier emergencia nacional ya que para eso cobran una abultada paga, por ocupar un sill\u00f3n que muchas veces se lo han ganado solo por estar en una lista del partido m\u00e1s votado sin otro m\u00e9rito que ser militante o pelota del partido en cuesti\u00f3n.<\/p>\n<p style=\"font-weight: 400;\">Ya se han olvidado de los informes dram\u00e1ticos realizados por <a href=\"https:\/\/www.es.amnesty.org\/en-que-estamos\/reportajes\/residencias-en-tiempos-de-covid-personas-mayores-abandonadas-a-su-suerte\/\">Amnist\u00eda Internacional<\/a> y <a href=\"https:\/\/www.msf.es\/actualidad\/poco-tarde-y-mal-denunciamos-inaceptable-desamparo-los-mayores-las-residencias-durante-la\">M\u00e9dicos sin Fronteras<\/a> referente a lo sucedido en las residencias de ancianos y de los miles de ancianos que murieron sin asistencia, encerrados en sus habitaciones, solos, sin darles medicinas para rebajar sus dolores, sin compa\u00f1\u00eda, muriendo en la soledad y angustiados sin saber qu\u00e9 estaba pasando y el por qu\u00e9 eran abandonados. Una muerte denigrante, sin poder ver a sus familiares en sus \u00faltimos momentos, encerrados sin compa\u00f1\u00eda. \u00bfEs que ya se les ha olvidado este atropello sin sentido, doloroso, amargo e incomprensible? \u00bfQu\u00e9 dolor deben tener los familiares en sus corazones por no haber estado junto a ellos en sus \u00faltimos momentos? \u00bfY esos ancianos, algunos de ellos tirados en el suelo, sin asistencia, sin limpieza, llorando de amargura y soledad? \u00bfEs un pa\u00eds democr\u00e1tico el que permite todo lo que pas\u00f3 a nuestros ancianos? Cu\u00e1ntas lecciones debemos de aprender de los pueblos ind\u00edgenas que el mundo tanto odia y que, sin embargo, trata a sus ancianos con reverencia, con cuidados pues los consideran los sabios del pueblo.<\/p>\n<p style=\"font-weight: 400;\">Y a pesar de todo ello, de ser evidente el abandono que se produjo en las residencias de toda Espa\u00f1a, en unas comunidades m\u00e1s que en otras, a pesar de las denuncias realizadas por <a href=\"https:\/\/www.eldiario.es\/sociedad\/amnistia-internacional-denuncia-fiscalia-archivo-89-diligencias-muertes-residencias_1_8703119.html\">los familiares, el 89% de las mismas<\/a> han sido archivadas por la Fiscal\u00eda cuya Fiscal General del Estado, Dolores Delgado, fue nombrada por el Gobierno en 2020, despu\u00e9s de dejar su cargo como Ministra de Justicia. \u00bfEs esta la independencia judicial? \u00bfCon qu\u00e9 moral puede ir contra las acciones de un gobierno cuando ha sido nombrado por el mismo gobierno donde ejerci\u00f3? \u00bfHa sido por este motivo por lo que la mayor\u00eda de las denuncias hayan sido archivadas por la Fiscal\u00eda? \u00bfQu\u00e9 ocultan? \u00bfEs este el homenaje que se va a dar a los fallecidos por el COVID en las residencias? \u00bfPor qu\u00e9 no se han llevado a los tribunales a los gerentes de las residencias implicadas o a los pol\u00edticos que establecieron un protocolo para que los ancianos no fueran llevados a los hospitales? \u00bfEs justificable que los centros hospitalarios estuvieran llenos y por ello se orden\u00f3 que no fueran asistidos en las urgencias? Hay muchas preguntas que quedan a\u00fan por contestar despu\u00e9s de dos a\u00f1os de silencio y de intentar olvidar lo sucedido. Amnist\u00eda Internacional ha denunciado la deficiente investigaci\u00f3n de lo sucedido. Parece que hay muchas prisas para echar tierra a unos hechos degradantes, como se hizo con las v\u00edctimas del llamado S\u00edndrome del aceite de colza, donde murieron 5.000 personas por intoxicaci\u00f3n y que a\u00fan no se ha dicho la verdad de lo ocurrido ni est\u00e1 claro cu\u00e1l fue la causa.<\/p>\n<p style=\"font-weight: 400;\">Llegados a este punto, tambi\u00e9n asombra la falta de informaci\u00f3n por parte de las Autoridades nacionales e internacionales, sobre el origen del COVD. Es impensable, que despu\u00e9s de casi tres a\u00f1os, a\u00fan no se haya podido descubrir la causa que origin\u00f3 esta pandemia y que ha puesto en jaque al mundo. Est\u00e1 claro que nos ocultan la procedencia del mismo, ya que si hubiera sido por un salto de un animal al humano, ya sabr\u00edamos de que animal podr\u00eda tratarse. Pero el mutismo internacional da cabida al hecho que cada vez est\u00e1 calando m\u00e1s en la sociedad<a href=\"https:\/\/www.ondacero.es\/noticias\/sociedad\/experimentos-geneticos-laboratorio-wuhan-son-posible-origen-coronavirus-segun-expertos_2022012461ef76ed9890160001c55a88.html\">. Muchos expertos ya anuncian<\/a> que el origen se ha debido a un error humano en un escape de un laboratorio supuestamente de alta seguridad. Y con esto entramos en otro asunto complejo y que los gobiernos callan. Se sabe que existen cientos de laboratorios repartidos por el mundo realizando investigaciones con virus mortales y manipulando muchos otros para ser tenidos en cuenta como armas bacteriol\u00f3gicas. Si se reconociera que la procedencia del COVID ha sido creada en un laboratorio, p\u00fablicamente dichos centros ser\u00edan el objetivo de las cr\u00edticas por parte de los ciudadanos y a ning\u00fan gobierno les interesa, porque todos tienen en sus laboratorios virus mortales. Por eso callan.<\/p>\n<p style=\"font-weight: 400;\">La cuesti\u00f3n es simple, como se hizo con las armas nucleares que por desgracia ahora est\u00e1n m\u00e1s engrasadas que nunca, una moratoria mundial en las investigaciones de manipulaciones de virus mortales. El cese total para evitar cualquier otro escape, por accidente o con intenci\u00f3n, que se produzca en las instalaciones que aunque se denominen de alta seguridad, los riesgos siempre est\u00e1n presentes.<\/p>\n<p style=\"font-weight: 400;\">Como vemos, siempre el mutismo, la callada por respuesta, el olvido, el silencio, el desviar el asunto a otros de menor importancia, pasar hoja, el homenaje generalizado\u2026, son respuestas de un gobierno que solo le interesa jugar a su juego y con sus propios intereses. Mientras, como muchos espa\u00f1oles murieron asesinados por el uno y otro bando enterrando los cad\u00e1veres en la cuneta durante la guerra civil, nuestros sabios a quienes les debemos respeto y ayuda, fueron enterrados solos, abandonados en la peor de sus pesadillas, angustiados. Un homenaje se realiza y se cierra, cuando las v\u00edctimas hayan sido reparadas y sus responsables puestos ante la justicia. Pero nada de esto ha pasado y, como el aceite de colza, ir\u00e1n pasando a\u00f1os con la intenci\u00f3n de que los supuestos delitos hayan prescrito. De esta forma irracional est\u00e1 montada una sociedad que dice ser avanzada.<\/p>\n<p style=\"font-weight: 400;\">Ahora el Presidente amenaza con que se avecina una situaci\u00f3n apocal\u00edptica grave para la econom\u00eda de Espa\u00f1a y a nivel internacional, mientras que tambi\u00e9n el <a href=\"https:\/\/www.elcomercio.es\/economia\/bce-corte-gas-rusia-inflacion-escenario-apocaliptico-20220701142937-nt.html\">Banco Central Europeo anuncia un escenario casi apocal\u00edptico <\/a>\u00a0si Rusia decide cortar el gas a Europa, \u00bfAlguien nos pregunt\u00f3 a los ciudadanos si quer\u00edamos participar en una guerra contra Rusia? \u00bfAlguien nos pregunt\u00f3 acerca de dar armas para matar con nuestros impuestos? Y ahora nos dicen que lo vamos a pagar nosotros. Los ciudadanos. Porque los pol\u00edticos tienen sus espaldas cubiertas y sus sueldos asegurados. Esta es la realidad del nuevo Orden Mundial que tambi\u00e9n anunci\u00f3 nuestro Presidente de Gobierno. \u00bfEs este el nuevo orden mundial? \u00bfM\u00e1s miedo a la sociedad para mantenernos callados? Cada vez m\u00e1s esto se est\u00e1 pareciendo a la novela titulada \u00a0<a href=\"https:\/\/www.amazon.es\/1984-Contempor%C3%A1nea-CONTEMPORANEA-George-Orwell\/dp\/8499890946\/ref=asc_df_8499890946\/?tag=googshopes-21&amp;linkCode=df0&amp;hvadid=195225763566&amp;hvpos=&amp;hvnetw=g&amp;hvrand=8206704593220623440&amp;hvpone=&amp;hvptwo=&amp;hvqmt=&amp;hvdev=c&amp;hvdvcmdl=&amp;hvlocint=&amp;\"><em>1984<\/em> escrita por George Orwell<\/a> en 1949, hace ya 73 a\u00f1os y que muy bien se podr\u00eda cambiar el titulo poniendo 2022.<\/p>\n<p style=\"font-weight: 400;\">All\u00ed arriba o en el universo paralelo donde est\u00e9n nuestros mayores que fueron abandonados en sus lechos de muerte, estar\u00e1n apenados y asombrados por lo que est\u00e1 ocurriendo aqu\u00ed abajo. Sus palabras sabias no han sido escuchadas. Sus muertes tampoco han servido para que ese nuevo Orden Mundial fuera en beneficio de la vida, del bienestar, de la verdad y sobre todo de la dignidad.<\/p>\n","protected":false},"excerpt":{"rendered":"<p>A veces, me pregunto si verdaderamente estamos en un pa\u00eds democr\u00e1tico o en un juego democr\u00e1tico, que solo se activa en las elecciones para despu\u00e9s cerrar las compuertas de la verdad y abandonar a los votantes a su vida cada&hellip;<\/p>\n","protected":false},"author":2023,"featured_media":1621265,"comment_status":"closed","ping_status":"closed","sticky":false,"template":"","format":"standard","meta":{"footnotes":""},"categories":[11389,79,161,74],"tags":[1065,30415,98183,103478,52451],"class_list":["post-1621263","post","type-post","status-publish","format-standard","has-post-thumbnail","hentry","category-contenido-original","category-derechos-humanos","category-opiniones","category-politica-es","tag-espana","tag-muertos","tag-pandemia-covid19","tag-personas-mayores","tag-residencias-mayores"],"yoast_head":"<!-- This site is optimized with the Yoast SEO plugin v27.1.1 - https:\/\/yoast.com\/product\/yoast-seo-wordpress\/ -->\n<title>Olvidados en el silencio<\/title>\n<meta name=\"description\" content=\"A veces, me pregunto si verdaderamente estamos en un pa\u00eds democr\u00e1tico o en un juego democr\u00e1tico, que solo se activa en las elecciones para despu\u00e9s cerrar\" \/>\n<meta name=\"robots\" content=\"index, follow, max-snippet:-1, max-image-preview:large, max-video-preview:-1\" \/>\n<link rel=\"canonical\" href=\"https:\/\/www.pressenza.com\/es\/2022\/07\/olvidados-en-el-silencio\/\" \/>\n<meta property=\"og:locale\" content=\"es_ES\" \/>\n<meta property=\"og:type\" content=\"article\" \/>\n<meta property=\"og:title\" content=\"Olvidados en el silencio\" \/>\n<meta property=\"og:description\" content=\"A veces, me pregunto si verdaderamente estamos en un pa\u00eds democr\u00e1tico o en un juego democr\u00e1tico, que solo se activa en las elecciones para despu\u00e9s cerrar\" \/>\n<meta property=\"og:url\" content=\"https:\/\/www.pressenza.com\/es\/2022\/07\/olvidados-en-el-silencio\/\" \/>\n<meta property=\"og:site_name\" content=\"Pressenza\" \/>\n<meta property=\"article:publisher\" content=\"https:\/\/www.facebook.com\/PressenzaItalia\" \/>\n<meta property=\"article:published_time\" content=\"2022-07-07T12:19:07+00:00\" \/>\n<meta property=\"og:image\" content=\"https:\/\/www.pressenza.com\/wp-content\/uploads\/2022\/07\/pexels-gerd-altmann-23180.jpg\" \/>\n\t<meta property=\"og:image:width\" content=\"1920\" \/>\n\t<meta property=\"og:image:height\" content=\"1371\" \/>\n\t<meta property=\"og:image:type\" content=\"image\/jpeg\" \/>\n<meta name=\"author\" content=\"Pedro Pozas Terrados\" \/>\n<meta name=\"twitter:card\" content=\"summary_large_image\" \/>\n<meta name=\"twitter:creator\" content=\"@PressenzaIPA\" \/>\n<meta name=\"twitter:site\" content=\"@PressenzaIPA\" \/>\n<meta name=\"twitter:label1\" content=\"Escrito por\" \/>\n\t<meta name=\"twitter:data1\" content=\"Pedro Pozas Terrados\" \/>\n\t<meta name=\"twitter:label2\" content=\"Tiempo de lectura\" \/>\n\t<meta name=\"twitter:data2\" content=\"7 minutos\" \/>\n<script type=\"application\/ld+json\" class=\"yoast-schema-graph\">{\"@context\":\"https:\/\/schema.org\",\"@graph\":[{\"@type\":\"Article\",\"@id\":\"https:\/\/www.pressenza.com\/es\/2022\/07\/olvidados-en-el-silencio\/#article\",\"isPartOf\":{\"@id\":\"https:\/\/www.pressenza.com\/es\/2022\/07\/olvidados-en-el-silencio\/\"},\"author\":{\"name\":\"Pedro Pozas Terrados\",\"@id\":\"https:\/\/www.pressenza.com\/es\/#\/schema\/person\/3e3dc7faa4424387772733d19e115974\"},\"headline\":\"Olvidados en el silencio\",\"datePublished\":\"2022-07-07T12:19:07+00:00\",\"mainEntityOfPage\":{\"@id\":\"https:\/\/www.pressenza.com\/es\/2022\/07\/olvidados-en-el-silencio\/\"},\"wordCount\":1455,\"publisher\":{\"@id\":\"https:\/\/www.pressenza.com\/es\/#organization\"},\"image\":{\"@id\":\"https:\/\/www.pressenza.com\/es\/2022\/07\/olvidados-en-el-silencio\/#primaryimage\"},\"thumbnailUrl\":\"https:\/\/www.pressenza.com\/wp-content\/uploads\/2022\/07\/pexels-gerd-altmann-23180.jpg\",\"keywords\":[\"Espa\u00f1a\",\"muertos\",\"pandemia Covid19\",\"personas mayores\",\"residencias mayores\"],\"articleSection\":[\"Contenido Original\",\"Derechos Humanos\",\"Opiniones\",\"Pol\u00edtica\"],\"inLanguage\":\"es\"},{\"@type\":\"WebPage\",\"@id\":\"https:\/\/www.pressenza.com\/es\/2022\/07\/olvidados-en-el-silencio\/\",\"url\":\"https:\/\/www.pressenza.com\/es\/2022\/07\/olvidados-en-el-silencio\/\",\"name\":\"Olvidados en el silencio\",\"isPartOf\":{\"@id\":\"https:\/\/www.pressenza.com\/es\/#website\"},\"primaryImageOfPage\":{\"@id\":\"https:\/\/www.pressenza.com\/es\/2022\/07\/olvidados-en-el-silencio\/#primaryimage\"},\"image\":{\"@id\":\"https:\/\/www.pressenza.com\/es\/2022\/07\/olvidados-en-el-silencio\/#primaryimage\"},\"thumbnailUrl\":\"https:\/\/www.pressenza.com\/wp-content\/uploads\/2022\/07\/pexels-gerd-altmann-23180.jpg\",\"datePublished\":\"2022-07-07T12:19:07+00:00\",\"description\":\"A veces, me pregunto si verdaderamente estamos en un pa\u00eds democr\u00e1tico o en un juego democr\u00e1tico, que solo se activa en las elecciones para despu\u00e9s cerrar\",\"breadcrumb\":{\"@id\":\"https:\/\/www.pressenza.com\/es\/2022\/07\/olvidados-en-el-silencio\/#breadcrumb\"},\"inLanguage\":\"es\",\"potentialAction\":[{\"@type\":\"ReadAction\",\"target\":[\"https:\/\/www.pressenza.com\/es\/2022\/07\/olvidados-en-el-silencio\/\"]}]},{\"@type\":\"ImageObject\",\"inLanguage\":\"es\",\"@id\":\"https:\/\/www.pressenza.com\/es\/2022\/07\/olvidados-en-el-silencio\/#primaryimage\",\"url\":\"https:\/\/www.pressenza.com\/wp-content\/uploads\/2022\/07\/pexels-gerd-altmann-23180.jpg\",\"contentUrl\":\"https:\/\/www.pressenza.com\/wp-content\/uploads\/2022\/07\/pexels-gerd-altmann-23180.jpg\",\"width\":1920,\"height\":1371},{\"@type\":\"BreadcrumbList\",\"@id\":\"https:\/\/www.pressenza.com\/es\/2022\/07\/olvidados-en-el-silencio\/#breadcrumb\",\"itemListElement\":[{\"@type\":\"ListItem\",\"position\":1,\"name\":\"Accueil\",\"item\":\"https:\/\/www.pressenza.com\/es\/\"},{\"@type\":\"ListItem\",\"position\":2,\"name\":\"Olvidados en el silencio\"}]},{\"@type\":\"WebSite\",\"@id\":\"https:\/\/www.pressenza.com\/es\/#website\",\"url\":\"https:\/\/www.pressenza.com\/es\/\",\"name\":\"Pressenza\",\"description\":\"International Press Agency\",\"publisher\":{\"@id\":\"https:\/\/www.pressenza.com\/es\/#organization\"},\"potentialAction\":[{\"@type\":\"SearchAction\",\"target\":{\"@type\":\"EntryPoint\",\"urlTemplate\":\"https:\/\/www.pressenza.com\/es\/?s={search_term_string}\"},\"query-input\":{\"@type\":\"PropertyValueSpecification\",\"valueRequired\":true,\"valueName\":\"search_term_string\"}}],\"inLanguage\":\"es\"},{\"@type\":\"Organization\",\"@id\":\"https:\/\/www.pressenza.com\/es\/#organization\",\"name\":\"Pressenza\",\"url\":\"https:\/\/www.pressenza.com\/es\/\",\"logo\":{\"@type\":\"ImageObject\",\"inLanguage\":\"es\",\"@id\":\"https:\/\/www.pressenza.com\/es\/#\/schema\/logo\/image\/\",\"url\":\"https:\/\/www.pressenza.com\/wp-content\/uploads\/2022\/10\/pressenza_logo_200x200.jpg\",\"contentUrl\":\"https:\/\/www.pressenza.com\/wp-content\/uploads\/2022\/10\/pressenza_logo_200x200.jpg\",\"width\":200,\"height\":200,\"caption\":\"Pressenza\"},\"image\":{\"@id\":\"https:\/\/www.pressenza.com\/es\/#\/schema\/logo\/image\/\"},\"sameAs\":[\"https:\/\/www.facebook.com\/PressenzaItalia\",\"https:\/\/x.com\/PressenzaIPA\"]},{\"@type\":\"Person\",\"@id\":\"https:\/\/www.pressenza.com\/es\/#\/schema\/person\/3e3dc7faa4424387772733d19e115974\",\"name\":\"Pedro Pozas Terrados\",\"description\":\"Escritor, naturalista, poeta, amante de la vida y defensor de la madre Tierra, investigador, cr\u00edtico y aventurero Profesionalmente ha trabajado 37 a\u00f1os en la defensa del medio ambiente como funcionario del Ministerio del Interior. De forma altruista es el Director Ejecutivo del Proyecto Gran Simio, una Organizaci\u00f3n que desde hace m\u00e1s de dos d\u00e9cadas lucha por los derechos b\u00e1sicos de los grandes simios, la conservaci\u00f3n de su h\u00e1bitat y la protecci\u00f3n de los pueblos ind\u00edgenas, verdaderos guardianes de nuestro planeta. Dibujante a l\u00e1piz y acuarela, con m\u00e1s de 300 l\u00e1minas de temas naturalistas y 12 cuadernos de campo. Es autor de 13 libros y coautor de ocho m\u00e1s. Descubridor de varias cuevas, una de ellas catalogada por la Comunidad de Castilla La Mancha de inter\u00e9s hist\u00f3rico y etnogr\u00e1fico con hallazgo en la misma de inscripciones de cronolog\u00eda antigua medieval.\",\"url\":\"https:\/\/www.pressenza.com\/es\/author\/pedro-pozas-terrado\/\"}]}<\/script>\n<!-- \/ Yoast SEO plugin. -->","yoast_head_json":{"title":"Olvidados en el silencio","description":"A veces, me pregunto si verdaderamente estamos en un pa\u00eds democr\u00e1tico o en un juego democr\u00e1tico, que solo se activa en las elecciones para despu\u00e9s cerrar","robots":{"index":"index","follow":"follow","max-snippet":"max-snippet:-1","max-image-preview":"max-image-preview:large","max-video-preview":"max-video-preview:-1"},"canonical":"https:\/\/www.pressenza.com\/es\/2022\/07\/olvidados-en-el-silencio\/","og_locale":"es_ES","og_type":"article","og_title":"Olvidados en el silencio","og_description":"A veces, me pregunto si verdaderamente estamos en un pa\u00eds democr\u00e1tico o en un juego democr\u00e1tico, que solo se activa en las elecciones para despu\u00e9s cerrar","og_url":"https:\/\/www.pressenza.com\/es\/2022\/07\/olvidados-en-el-silencio\/","og_site_name":"Pressenza","article_publisher":"https:\/\/www.facebook.com\/PressenzaItalia","article_published_time":"2022-07-07T12:19:07+00:00","og_image":[{"width":1920,"height":1371,"url":"https:\/\/www.pressenza.com\/wp-content\/uploads\/2022\/07\/pexels-gerd-altmann-23180.jpg","type":"image\/jpeg"}],"author":"Pedro Pozas Terrados","twitter_card":"summary_large_image","twitter_creator":"@PressenzaIPA","twitter_site":"@PressenzaIPA","twitter_misc":{"Escrito por":"Pedro Pozas Terrados","Tiempo de lectura":"7 minutos"},"schema":{"@context":"https:\/\/schema.org","@graph":[{"@type":"Article","@id":"https:\/\/www.pressenza.com\/es\/2022\/07\/olvidados-en-el-silencio\/#article","isPartOf":{"@id":"https:\/\/www.pressenza.com\/es\/2022\/07\/olvidados-en-el-silencio\/"},"author":{"name":"Pedro Pozas Terrados","@id":"https:\/\/www.pressenza.com\/es\/#\/schema\/person\/3e3dc7faa4424387772733d19e115974"},"headline":"Olvidados en el silencio","datePublished":"2022-07-07T12:19:07+00:00","mainEntityOfPage":{"@id":"https:\/\/www.pressenza.com\/es\/2022\/07\/olvidados-en-el-silencio\/"},"wordCount":1455,"publisher":{"@id":"https:\/\/www.pressenza.com\/es\/#organization"},"image":{"@id":"https:\/\/www.pressenza.com\/es\/2022\/07\/olvidados-en-el-silencio\/#primaryimage"},"thumbnailUrl":"https:\/\/www.pressenza.com\/wp-content\/uploads\/2022\/07\/pexels-gerd-altmann-23180.jpg","keywords":["Espa\u00f1a","muertos","pandemia Covid19","personas mayores","residencias mayores"],"articleSection":["Contenido Original","Derechos Humanos","Opiniones","Pol\u00edtica"],"inLanguage":"es"},{"@type":"WebPage","@id":"https:\/\/www.pressenza.com\/es\/2022\/07\/olvidados-en-el-silencio\/","url":"https:\/\/www.pressenza.com\/es\/2022\/07\/olvidados-en-el-silencio\/","name":"Olvidados en el silencio","isPartOf":{"@id":"https:\/\/www.pressenza.com\/es\/#website"},"primaryImageOfPage":{"@id":"https:\/\/www.pressenza.com\/es\/2022\/07\/olvidados-en-el-silencio\/#primaryimage"},"image":{"@id":"https:\/\/www.pressenza.com\/es\/2022\/07\/olvidados-en-el-silencio\/#primaryimage"},"thumbnailUrl":"https:\/\/www.pressenza.com\/wp-content\/uploads\/2022\/07\/pexels-gerd-altmann-23180.jpg","datePublished":"2022-07-07T12:19:07+00:00","description":"A veces, me pregunto si verdaderamente estamos en un pa\u00eds democr\u00e1tico o en un juego democr\u00e1tico, que solo se activa en las elecciones para despu\u00e9s cerrar","breadcrumb":{"@id":"https:\/\/www.pressenza.com\/es\/2022\/07\/olvidados-en-el-silencio\/#breadcrumb"},"inLanguage":"es","potentialAction":[{"@type":"ReadAction","target":["https:\/\/www.pressenza.com\/es\/2022\/07\/olvidados-en-el-silencio\/"]}]},{"@type":"ImageObject","inLanguage":"es","@id":"https:\/\/www.pressenza.com\/es\/2022\/07\/olvidados-en-el-silencio\/#primaryimage","url":"https:\/\/www.pressenza.com\/wp-content\/uploads\/2022\/07\/pexels-gerd-altmann-23180.jpg","contentUrl":"https:\/\/www.pressenza.com\/wp-content\/uploads\/2022\/07\/pexels-gerd-altmann-23180.jpg","width":1920,"height":1371},{"@type":"BreadcrumbList","@id":"https:\/\/www.pressenza.com\/es\/2022\/07\/olvidados-en-el-silencio\/#breadcrumb","itemListElement":[{"@type":"ListItem","position":1,"name":"Accueil","item":"https:\/\/www.pressenza.com\/es\/"},{"@type":"ListItem","position":2,"name":"Olvidados en el silencio"}]},{"@type":"WebSite","@id":"https:\/\/www.pressenza.com\/es\/#website","url":"https:\/\/www.pressenza.com\/es\/","name":"Pressenza","description":"International Press Agency","publisher":{"@id":"https:\/\/www.pressenza.com\/es\/#organization"},"potentialAction":[{"@type":"SearchAction","target":{"@type":"EntryPoint","urlTemplate":"https:\/\/www.pressenza.com\/es\/?s={search_term_string}"},"query-input":{"@type":"PropertyValueSpecification","valueRequired":true,"valueName":"search_term_string"}}],"inLanguage":"es"},{"@type":"Organization","@id":"https:\/\/www.pressenza.com\/es\/#organization","name":"Pressenza","url":"https:\/\/www.pressenza.com\/es\/","logo":{"@type":"ImageObject","inLanguage":"es","@id":"https:\/\/www.pressenza.com\/es\/#\/schema\/logo\/image\/","url":"https:\/\/www.pressenza.com\/wp-content\/uploads\/2022\/10\/pressenza_logo_200x200.jpg","contentUrl":"https:\/\/www.pressenza.com\/wp-content\/uploads\/2022\/10\/pressenza_logo_200x200.jpg","width":200,"height":200,"caption":"Pressenza"},"image":{"@id":"https:\/\/www.pressenza.com\/es\/#\/schema\/logo\/image\/"},"sameAs":["https:\/\/www.facebook.com\/PressenzaItalia","https:\/\/x.com\/PressenzaIPA"]},{"@type":"Person","@id":"https:\/\/www.pressenza.com\/es\/#\/schema\/person\/3e3dc7faa4424387772733d19e115974","name":"Pedro Pozas Terrados","description":"Escritor, naturalista, poeta, amante de la vida y defensor de la madre Tierra, investigador, cr\u00edtico y aventurero Profesionalmente ha trabajado 37 a\u00f1os en la defensa del medio ambiente como funcionario del Ministerio del Interior. De forma altruista es el Director Ejecutivo del Proyecto Gran Simio, una Organizaci\u00f3n que desde hace m\u00e1s de dos d\u00e9cadas lucha por los derechos b\u00e1sicos de los grandes simios, la conservaci\u00f3n de su h\u00e1bitat y la protecci\u00f3n de los pueblos ind\u00edgenas, verdaderos guardianes de nuestro planeta. Dibujante a l\u00e1piz y acuarela, con m\u00e1s de 300 l\u00e1minas de temas naturalistas y 12 cuadernos de campo. Es autor de 13 libros y coautor de ocho m\u00e1s. Descubridor de varias cuevas, una de ellas catalogada por la Comunidad de Castilla La Mancha de inter\u00e9s hist\u00f3rico y etnogr\u00e1fico con hallazgo en la misma de inscripciones de cronolog\u00eda antigua medieval.","url":"https:\/\/www.pressenza.com\/es\/author\/pedro-pozas-terrado\/"}]}},"place":"Madrid, Espa\u00f1a","original_article_url":"","_links":{"self":[{"href":"https:\/\/www.pressenza.com\/es\/wp-json\/wp\/v2\/posts\/1621263","targetHints":{"allow":["GET"]}}],"collection":[{"href":"https:\/\/www.pressenza.com\/es\/wp-json\/wp\/v2\/posts"}],"about":[{"href":"https:\/\/www.pressenza.com\/es\/wp-json\/wp\/v2\/types\/post"}],"author":[{"embeddable":true,"href":"https:\/\/www.pressenza.com\/es\/wp-json\/wp\/v2\/users\/2023"}],"replies":[{"embeddable":true,"href":"https:\/\/www.pressenza.com\/es\/wp-json\/wp\/v2\/comments?post=1621263"}],"version-history":[{"count":0,"href":"https:\/\/www.pressenza.com\/es\/wp-json\/wp\/v2\/posts\/1621263\/revisions"}],"wp:featuredmedia":[{"embeddable":true,"href":"https:\/\/www.pressenza.com\/es\/wp-json\/wp\/v2\/media\/1621265"}],"wp:attachment":[{"href":"https:\/\/www.pressenza.com\/es\/wp-json\/wp\/v2\/media?parent=1621263"}],"wp:term":[{"taxonomy":"category","embeddable":true,"href":"https:\/\/www.pressenza.com\/es\/wp-json\/wp\/v2\/categories?post=1621263"},{"taxonomy":"post_tag","embeddable":true,"href":"https:\/\/www.pressenza.com\/es\/wp-json\/wp\/v2\/tags?post=1621263"}],"curies":[{"name":"wp","href":"https:\/\/api.w.org\/{rel}","templated":true}]}}