{"id":1618344,"date":"2022-07-01T16:29:13","date_gmt":"2022-07-01T15:29:13","guid":{"rendered":"https:\/\/www.pressenza.com\/?p=1618344"},"modified":"2022-07-01T16:29:13","modified_gmt":"2022-07-01T15:29:13","slug":"terminar-con-la-violacion-de-derecho-de-milagro-sala","status":"publish","type":"post","link":"https:\/\/www.pressenza.com\/es\/2022\/07\/terminar-con-la-violacion-de-derecho-de-milagro-sala\/","title":{"rendered":"Terminar con la violaci\u00f3n de derecho de Milagro Sala"},"content":{"rendered":"<p>El d\u00eda 29 de junio de este a\u00f1o 2022, el presidente Alberto Fern\u00e1ndez viaj\u00f3 a la provincia de Jujuy, para visitar a Milagro Sala, quien se encuentra internada tras sufrir una trombosis venosa profunda.<\/p>\n<p>El presidente, la \u00faltima vez que se hab\u00eda reunido con Milagro Sala todav\u00eda no era Presidente. Fue el 31 de diciembre de 2016, cuando visit\u00f3 a la dirigente social. En la oportunidad, Fern\u00e1ndez le expres\u00f3 su solidaridad, ante la detenci\u00f3n arbitraria.<\/p>\n<p><em>Por Miguel Julio Rodr\u00edguez Villafa\u00f1e<\/em><\/p>\n<p>Fern\u00e1ndez ha sostenido en la nueva visita, que \u201cyo siempre he planteado lo indebido de la detenci\u00f3n de Milagro Sala, la irregularidad que los procesos que han tenido\u00bb y agreg\u00f3 que, la fui a ver porque \u201chumanamente es un desastre lo que est\u00e1n haciendo con Milagro, yo tengo el l\u00edmite de no tener la posibilidad de liberarla, pero voy a hacer todo lo que me permita la institucionalidad para que esto se resuelva porque es una injusticia absoluta\u201d.<\/p>\n<p>A su vez, con fecha 23 de noviembre de 2017, la Corte Interamericana de Derechos Humanos (Corte IDH), en el marco de la \u201cSolicitud de Medidas Provisionales respecto de Argentina. Asunto Milagro Sala\u201d y en ejercicio de las atribuciones que le confiere el art\u00edculo 63.2 de la Convenci\u00f3n Americana, hab\u00eda resuelto: \u201c1. Requerir que el Estado de Argentina adopte, de manera inmediata, las medidas de protecci\u00f3n que sean necesarias y efectivas para garantizar la vida, integridad personal y salud de la se\u00f1ora Milagro Sala. En particular, el Estado debe sustituir la prisi\u00f3n preventiva de la se\u00f1ora Sala por la medida alternativa de arresto domiciliario que deber\u00e1 llevarse a cabo en su residencia o lugar donde habitualmente vive, o por cualquier otra medida alternativa a la prisi\u00f3n preventiva que sea menos restrictiva de sus derechos que el arresto domiciliario, de conformidad con lo establecido en el Considerando 33\u201d. Dicha decisi\u00f3n fue ratificada por la CSJN. Sin embargo, ello no signific\u00f3 aliviar sus penurias.<\/p>\n<p>Milagro lleva casi siete a\u00f1os en prisi\u00f3n preventiva, monto que triplica el m\u00e1ximo establecido legalmente. Mientras tanto, el Poder Judicial juje\u00f1o contin\u00faa impulsando causas contra ella y su familia. Por su parte, la CSJN, tiene pendiente de resoluci\u00f3n la causa principal contra Sala, desde hace m\u00e1s de dos a\u00f1os.<\/p>\n<p>Por lo que el presidente dijo, que \u00abse ha instaurado un sistema de clara persecuci\u00f3n\u00bb contra la dirigente social Milagro Sala y \u201cespero que los tribunales de Jujuy tomen mis cr\u00edticas del mejor modo. Por favor, los insto a revisar lo que est\u00e1n haciendo, no es un buen modelo para el pa\u00eds. Lo mismo para la Corte Suprema, que resuelven con urgencia las cosas que ata\u00f1en a sus intereses, que por favor le impriman la misma urgencia al recurso de Queja presentado por Milagro Sala\u201d.<\/p>\n<p>Mientras el gobernador de la Provincia de Jujuy Gerardo Morales, no s\u00f3lo no se hizo cargo de lo sostenido por el Presidente, sino que se limit\u00f3 a recriminarle que no ha venido a visitar la provincia y que en realidad desea que Milagro se mejore, para ir a la c\u00e1rcel com\u00fan, sin prisi\u00f3n domiciliaria, ignorando de esta manera lo dispuesto por la CSJN, conforme a lo indicado por la Corte IDH, de aplicaci\u00f3n obligatoria y en una clara presi\u00f3n al Poder Judicial juje\u00f1o.<\/p>\n<p>Luego, al d\u00eda siguiente, el presidente sostuvo que, \u00abdesde hace mucho tiempo vengo planteando preocupaci\u00f3n por las cosas que pasan en la Justicia y particularmente con Milagro Sala, por la forma en que est\u00e1 detenida, la naturaleza de los procesos, por las maniobras persecutorias\u00bb. All\u00ed agreg\u00f3 y enf\u00e1ticamente, que \u00abLa Justicia argentina es responsable\u2026 Les pido a los que me piden que indulte a Milagro que lean la Constituci\u00f3n. No me pueden pedir que haga un gesto que sea contradecir a la Constituci\u00f3n\u00bb. Concluy\u00f3 diciendo, que \u00abninguna sociedad funciona bien sin un estado de derecho que respete los derechos humanos. Prolongar detenciones preventivas es una forma de violar los derechos humanos. A la Corte Suprema, que tiene tanta urgencia para tratar los temas que ata\u00f1en a sus intereses, como el Consejo de la Magistratura o los jueces de la C\u00e1mara Federal, les pido que impriman urgencia al tratamiento de la sentencia que les lleg\u00f3 por v\u00eda de queja y que descansa en alg\u00fan lugar de la Corte, y que, por favor, resuelva\u00bb.<\/p>\n<p>Ahora bien, una cosa es que decida no indultar a Milagro y otra que no haga cumplir lo que sostiene la Convenci\u00f3n Americana sobre Derechos Humanos, (pacto de san Jos\u00e9 de Costa Rica), de jerarqu\u00eda constitucional en Argentina, (art. 75, inc. 22).<\/p>\n<p>Dicha Convenci\u00f3n, en el art\u00edculo 28, dice: \u201cCuando se trate de un Estado Parte constituido como Estado Federal, el gobierno nacional de dicho Estado Parte cumplir\u00e1 todas las disposiciones de la presente Convenci\u00f3n relacionadas con las materias sobre las que ejerce jurisdicci\u00f3n legislativa y judicial\u201d. Y agrega, que \u201cCon respecto a las disposiciones relativas a las materias que corresponden a la jurisdicci\u00f3n de las entidades componentes de la Federaci\u00f3n, el gobierno nacional debe tomar de inmediato las medidas pertinentes, conforme a su constituci\u00f3n y sus leyes, a fin de que las autoridades competentes de dichas entidades puedan adoptar las disposiciones del caso para el cumplimiento de esta Convenci\u00f3n\u201d.<\/p>\n<p>A su vez, el art. 7 el Pacto dice, que \u201cNadie puede ser sometido a detenci\u00f3n o encarcelamiento arbitrarios&#8230; Toda persona detenida\u2026 tendr\u00e1 derecho a ser juzgada dentro de un plazo razonable o a ser puesta en libertad, sin perjuicio de que continu\u00e9 el proceso\u2026\u201d.<\/p>\n<p>El responsable del cumplimiento de lo antes referido es el Estado Nacional, como lo dice el art. 28 y si el propio Presidente es consciente que no se respetan los derechos humanos en el caso. Por lo que \u00e9l, como representante del Estado Nacional, tiene la responsabilidad de hacer cumplir el Pacto por mandato constitucional y convencional, en un pa\u00eds federal. Por lo que tendr\u00e1 que dar instrucciones para comparezca el Estado Nacional en las causas y haga los planteos pertinentes conforme al Pacto, incluso interponiendo \u201c<em>per Saltum<\/em>\u201d ante la CSJN, para que de una vez por todas se den las respuestas en ley y justicia a Milagros Sala. Y si la CSJN no asume su papel como corresponde, activar el pedido de juicio pol\u00edtico pertinente contra los miembros de dicho tribunal.<\/p>\n<p>No puede el Poder Ejecutivo nacional limitarse a hacer exhortaciones morales ante un poder judicial que hace tiempo que no escucha. De lo contrario se seguir\u00e1 dando una omisi\u00f3n inaceptable.<\/p>\n<p>&nbsp;<\/p>\n<p><em>(*) Miguel Julio Rodr\u00edguez Villafa\u00f1e es<\/em> a<em>bogado constitucionalista cordob\u00e9s y p<\/em><em>eriodista columnista de opini\u00f3n<\/em><\/p>\n","protected":false},"excerpt":{"rendered":"<p>El d\u00eda 29 de junio de este a\u00f1o 2022, el presidente Alberto Fern\u00e1ndez viaj\u00f3 a la provincia de Jujuy, para visitar a Milagro Sala, quien se encuentra internada tras sufrir una trombosis venosa profunda. El presidente, la \u00faltima vez que&hellip;<\/p>\n","protected":false},"author":87,"featured_media":1618349,"comment_status":"closed","ping_status":"closed","sticky":false,"template":"","format":"standard","meta":{"footnotes":""},"categories":[79,67],"tags":[58830,39933,19264,1266,29274],"class_list":["post-1618344","post","type-post","status-publish","format-standard","has-post-thumbnail","hentry","category-derechos-humanos","category-sudamerica","tag-alberto-fernandez","tag-detencion-arbitraria","tag-gerardo-morales","tag-milagro-sala","tag-persecucion-politica"],"yoast_head":"<!-- This site is optimized with the Yoast SEO plugin v27.1.1 - https:\/\/yoast.com\/product\/yoast-seo-wordpress\/ -->\n<title>Terminar con la violaci\u00f3n de derecho de Milagro Sala<\/title>\n<meta name=\"description\" content=\"El d\u00eda 29 de junio de este a\u00f1o 2022, el presidente Alberto Fern\u00e1ndez viaj\u00f3 a la provincia de Jujuy, para visitar a Milagro Sala, quien se encuentra\" \/>\n<meta name=\"robots\" content=\"index, follow, max-snippet:-1, max-image-preview:large, max-video-preview:-1\" \/>\n<link rel=\"canonical\" href=\"https:\/\/www.pressenza.com\/es\/2022\/07\/terminar-con-la-violacion-de-derecho-de-milagro-sala\/\" \/>\n<meta property=\"og:locale\" content=\"es_ES\" \/>\n<meta property=\"og:type\" content=\"article\" \/>\n<meta property=\"og:title\" content=\"Terminar con la violaci\u00f3n de derecho de Milagro Sala\" \/>\n<meta property=\"og:description\" content=\"El d\u00eda 29 de junio de este a\u00f1o 2022, el presidente Alberto Fern\u00e1ndez viaj\u00f3 a la provincia de Jujuy, para visitar a Milagro Sala, quien se encuentra\" \/>\n<meta property=\"og:url\" content=\"https:\/\/www.pressenza.com\/es\/2022\/07\/terminar-con-la-violacion-de-derecho-de-milagro-sala\/\" \/>\n<meta property=\"og:site_name\" content=\"Pressenza\" \/>\n<meta property=\"article:publisher\" content=\"https:\/\/www.facebook.com\/PressenzaItalia\" \/>\n<meta property=\"article:published_time\" content=\"2022-07-01T15:29:13+00:00\" \/>\n<meta property=\"og:image\" content=\"https:\/\/www.pressenza.com\/wp-content\/uploads\/2022\/07\/Milagro_Sala_grafiti.jpg\" \/>\n\t<meta property=\"og:image:width\" content=\"1200\" \/>\n\t<meta property=\"og:image:height\" content=\"800\" \/>\n\t<meta property=\"og:image:type\" content=\"image\/jpeg\" \/>\n<meta name=\"author\" content=\"Redacci\u00f3n Argentina\" \/>\n<meta name=\"twitter:card\" content=\"summary_large_image\" \/>\n<meta name=\"twitter:creator\" content=\"@pressenza\" \/>\n<meta name=\"twitter:site\" content=\"@PressenzaIPA\" \/>\n<meta name=\"twitter:label1\" content=\"Escrito por\" \/>\n\t<meta name=\"twitter:data1\" content=\"Redacci\u00f3n Argentina\" \/>\n\t<meta name=\"twitter:label2\" content=\"Tiempo de lectura\" \/>\n\t<meta name=\"twitter:data2\" content=\"5 minutos\" \/>\n<script type=\"application\/ld+json\" class=\"yoast-schema-graph\">{\"@context\":\"https:\/\/schema.org\",\"@graph\":[{\"@type\":\"Article\",\"@id\":\"https:\/\/www.pressenza.com\/es\/2022\/07\/terminar-con-la-violacion-de-derecho-de-milagro-sala\/#article\",\"isPartOf\":{\"@id\":\"https:\/\/www.pressenza.com\/es\/2022\/07\/terminar-con-la-violacion-de-derecho-de-milagro-sala\/\"},\"author\":{\"name\":\"Redacci\u00f3n Argentina\",\"@id\":\"https:\/\/www.pressenza.com\/es\/#\/schema\/person\/0dda7d1b68267ad95b1e1d83abc98c89\"},\"headline\":\"Terminar con la violaci\u00f3n de derecho de Milagro Sala\",\"datePublished\":\"2022-07-01T15:29:13+00:00\",\"mainEntityOfPage\":{\"@id\":\"https:\/\/www.pressenza.com\/es\/2022\/07\/terminar-con-la-violacion-de-derecho-de-milagro-sala\/\"},\"wordCount\":1146,\"publisher\":{\"@id\":\"https:\/\/www.pressenza.com\/es\/#organization\"},\"image\":{\"@id\":\"https:\/\/www.pressenza.com\/es\/2022\/07\/terminar-con-la-violacion-de-derecho-de-milagro-sala\/#primaryimage\"},\"thumbnailUrl\":\"https:\/\/www.pressenza.com\/wp-content\/uploads\/2022\/07\/Milagro_Sala_grafiti.jpg\",\"keywords\":[\"Alberto Fern\u00e1ndez\",\"detenci\u00f3n arbitraria\",\"Gerardo Morales\",\"Milagro Sala\",\"persecuci\u00f3n pol\u00edtica\"],\"articleSection\":[\"Derechos Humanos\",\"Sudam\u00e9rica\"],\"inLanguage\":\"es\"},{\"@type\":\"WebPage\",\"@id\":\"https:\/\/www.pressenza.com\/es\/2022\/07\/terminar-con-la-violacion-de-derecho-de-milagro-sala\/\",\"url\":\"https:\/\/www.pressenza.com\/es\/2022\/07\/terminar-con-la-violacion-de-derecho-de-milagro-sala\/\",\"name\":\"Terminar con la violaci\u00f3n de derecho de Milagro Sala\",\"isPartOf\":{\"@id\":\"https:\/\/www.pressenza.com\/es\/#website\"},\"primaryImageOfPage\":{\"@id\":\"https:\/\/www.pressenza.com\/es\/2022\/07\/terminar-con-la-violacion-de-derecho-de-milagro-sala\/#primaryimage\"},\"image\":{\"@id\":\"https:\/\/www.pressenza.com\/es\/2022\/07\/terminar-con-la-violacion-de-derecho-de-milagro-sala\/#primaryimage\"},\"thumbnailUrl\":\"https:\/\/www.pressenza.com\/wp-content\/uploads\/2022\/07\/Milagro_Sala_grafiti.jpg\",\"datePublished\":\"2022-07-01T15:29:13+00:00\",\"description\":\"El d\u00eda 29 de junio de este a\u00f1o 2022, el presidente Alberto Fern\u00e1ndez viaj\u00f3 a la provincia de Jujuy, para visitar a Milagro Sala, quien se encuentra\",\"breadcrumb\":{\"@id\":\"https:\/\/www.pressenza.com\/es\/2022\/07\/terminar-con-la-violacion-de-derecho-de-milagro-sala\/#breadcrumb\"},\"inLanguage\":\"es\",\"potentialAction\":[{\"@type\":\"ReadAction\",\"target\":[\"https:\/\/www.pressenza.com\/es\/2022\/07\/terminar-con-la-violacion-de-derecho-de-milagro-sala\/\"]}]},{\"@type\":\"ImageObject\",\"inLanguage\":\"es\",\"@id\":\"https:\/\/www.pressenza.com\/es\/2022\/07\/terminar-con-la-violacion-de-derecho-de-milagro-sala\/#primaryimage\",\"url\":\"https:\/\/www.pressenza.com\/wp-content\/uploads\/2022\/07\/Milagro_Sala_grafiti.jpg\",\"contentUrl\":\"https:\/\/www.pressenza.com\/wp-content\/uploads\/2022\/07\/Milagro_Sala_grafiti.jpg\",\"width\":1200,\"height\":800},{\"@type\":\"BreadcrumbList\",\"@id\":\"https:\/\/www.pressenza.com\/es\/2022\/07\/terminar-con-la-violacion-de-derecho-de-milagro-sala\/#breadcrumb\",\"itemListElement\":[{\"@type\":\"ListItem\",\"position\":1,\"name\":\"Accueil\",\"item\":\"https:\/\/www.pressenza.com\/es\/\"},{\"@type\":\"ListItem\",\"position\":2,\"name\":\"Terminar con la violaci\u00f3n de derecho de Milagro Sala\"}]},{\"@type\":\"WebSite\",\"@id\":\"https:\/\/www.pressenza.com\/es\/#website\",\"url\":\"https:\/\/www.pressenza.com\/es\/\",\"name\":\"Pressenza\",\"description\":\"International Press Agency\",\"publisher\":{\"@id\":\"https:\/\/www.pressenza.com\/es\/#organization\"},\"potentialAction\":[{\"@type\":\"SearchAction\",\"target\":{\"@type\":\"EntryPoint\",\"urlTemplate\":\"https:\/\/www.pressenza.com\/es\/?s={search_term_string}\"},\"query-input\":{\"@type\":\"PropertyValueSpecification\",\"valueRequired\":true,\"valueName\":\"search_term_string\"}}],\"inLanguage\":\"es\"},{\"@type\":\"Organization\",\"@id\":\"https:\/\/www.pressenza.com\/es\/#organization\",\"name\":\"Pressenza\",\"url\":\"https:\/\/www.pressenza.com\/es\/\",\"logo\":{\"@type\":\"ImageObject\",\"inLanguage\":\"es\",\"@id\":\"https:\/\/www.pressenza.com\/es\/#\/schema\/logo\/image\/\",\"url\":\"https:\/\/www.pressenza.com\/wp-content\/uploads\/2022\/10\/pressenza_logo_200x200.jpg\",\"contentUrl\":\"https:\/\/www.pressenza.com\/wp-content\/uploads\/2022\/10\/pressenza_logo_200x200.jpg\",\"width\":200,\"height\":200,\"caption\":\"Pressenza\"},\"image\":{\"@id\":\"https:\/\/www.pressenza.com\/es\/#\/schema\/logo\/image\/\"},\"sameAs\":[\"https:\/\/www.facebook.com\/PressenzaItalia\",\"https:\/\/x.com\/PressenzaIPA\"]},{\"@type\":\"Person\",\"@id\":\"https:\/\/www.pressenza.com\/es\/#\/schema\/person\/0dda7d1b68267ad95b1e1d83abc98c89\",\"name\":\"Redacci\u00f3n Argentina\",\"description\":\"News from the Pressenza Bureau in Argentina.\",\"sameAs\":[\"https:\/\/x.com\/pressenza\"],\"url\":\"https:\/\/www.pressenza.com\/es\/author\/redaccion-argentina\/\"}]}<\/script>\n<!-- \/ Yoast SEO plugin. -->","yoast_head_json":{"title":"Terminar con la violaci\u00f3n de derecho de Milagro Sala","description":"El d\u00eda 29 de junio de este a\u00f1o 2022, el presidente Alberto Fern\u00e1ndez viaj\u00f3 a la provincia de Jujuy, para visitar a Milagro Sala, quien se encuentra","robots":{"index":"index","follow":"follow","max-snippet":"max-snippet:-1","max-image-preview":"max-image-preview:large","max-video-preview":"max-video-preview:-1"},"canonical":"https:\/\/www.pressenza.com\/es\/2022\/07\/terminar-con-la-violacion-de-derecho-de-milagro-sala\/","og_locale":"es_ES","og_type":"article","og_title":"Terminar con la violaci\u00f3n de derecho de Milagro Sala","og_description":"El d\u00eda 29 de junio de este a\u00f1o 2022, el presidente Alberto Fern\u00e1ndez viaj\u00f3 a la provincia de Jujuy, para visitar a Milagro Sala, quien se encuentra","og_url":"https:\/\/www.pressenza.com\/es\/2022\/07\/terminar-con-la-violacion-de-derecho-de-milagro-sala\/","og_site_name":"Pressenza","article_publisher":"https:\/\/www.facebook.com\/PressenzaItalia","article_published_time":"2022-07-01T15:29:13+00:00","og_image":[{"width":1200,"height":800,"url":"https:\/\/www.pressenza.com\/wp-content\/uploads\/2022\/07\/Milagro_Sala_grafiti.jpg","type":"image\/jpeg"}],"author":"Redacci\u00f3n Argentina","twitter_card":"summary_large_image","twitter_creator":"@pressenza","twitter_site":"@PressenzaIPA","twitter_misc":{"Escrito por":"Redacci\u00f3n Argentina","Tiempo de lectura":"5 minutos"},"schema":{"@context":"https:\/\/schema.org","@graph":[{"@type":"Article","@id":"https:\/\/www.pressenza.com\/es\/2022\/07\/terminar-con-la-violacion-de-derecho-de-milagro-sala\/#article","isPartOf":{"@id":"https:\/\/www.pressenza.com\/es\/2022\/07\/terminar-con-la-violacion-de-derecho-de-milagro-sala\/"},"author":{"name":"Redacci\u00f3n Argentina","@id":"https:\/\/www.pressenza.com\/es\/#\/schema\/person\/0dda7d1b68267ad95b1e1d83abc98c89"},"headline":"Terminar con la violaci\u00f3n de derecho de Milagro Sala","datePublished":"2022-07-01T15:29:13+00:00","mainEntityOfPage":{"@id":"https:\/\/www.pressenza.com\/es\/2022\/07\/terminar-con-la-violacion-de-derecho-de-milagro-sala\/"},"wordCount":1146,"publisher":{"@id":"https:\/\/www.pressenza.com\/es\/#organization"},"image":{"@id":"https:\/\/www.pressenza.com\/es\/2022\/07\/terminar-con-la-violacion-de-derecho-de-milagro-sala\/#primaryimage"},"thumbnailUrl":"https:\/\/www.pressenza.com\/wp-content\/uploads\/2022\/07\/Milagro_Sala_grafiti.jpg","keywords":["Alberto Fern\u00e1ndez","detenci\u00f3n arbitraria","Gerardo Morales","Milagro Sala","persecuci\u00f3n pol\u00edtica"],"articleSection":["Derechos Humanos","Sudam\u00e9rica"],"inLanguage":"es"},{"@type":"WebPage","@id":"https:\/\/www.pressenza.com\/es\/2022\/07\/terminar-con-la-violacion-de-derecho-de-milagro-sala\/","url":"https:\/\/www.pressenza.com\/es\/2022\/07\/terminar-con-la-violacion-de-derecho-de-milagro-sala\/","name":"Terminar con la violaci\u00f3n de derecho de Milagro Sala","isPartOf":{"@id":"https:\/\/www.pressenza.com\/es\/#website"},"primaryImageOfPage":{"@id":"https:\/\/www.pressenza.com\/es\/2022\/07\/terminar-con-la-violacion-de-derecho-de-milagro-sala\/#primaryimage"},"image":{"@id":"https:\/\/www.pressenza.com\/es\/2022\/07\/terminar-con-la-violacion-de-derecho-de-milagro-sala\/#primaryimage"},"thumbnailUrl":"https:\/\/www.pressenza.com\/wp-content\/uploads\/2022\/07\/Milagro_Sala_grafiti.jpg","datePublished":"2022-07-01T15:29:13+00:00","description":"El d\u00eda 29 de junio de este a\u00f1o 2022, el presidente Alberto Fern\u00e1ndez viaj\u00f3 a la provincia de Jujuy, para visitar a Milagro Sala, quien se encuentra","breadcrumb":{"@id":"https:\/\/www.pressenza.com\/es\/2022\/07\/terminar-con-la-violacion-de-derecho-de-milagro-sala\/#breadcrumb"},"inLanguage":"es","potentialAction":[{"@type":"ReadAction","target":["https:\/\/www.pressenza.com\/es\/2022\/07\/terminar-con-la-violacion-de-derecho-de-milagro-sala\/"]}]},{"@type":"ImageObject","inLanguage":"es","@id":"https:\/\/www.pressenza.com\/es\/2022\/07\/terminar-con-la-violacion-de-derecho-de-milagro-sala\/#primaryimage","url":"https:\/\/www.pressenza.com\/wp-content\/uploads\/2022\/07\/Milagro_Sala_grafiti.jpg","contentUrl":"https:\/\/www.pressenza.com\/wp-content\/uploads\/2022\/07\/Milagro_Sala_grafiti.jpg","width":1200,"height":800},{"@type":"BreadcrumbList","@id":"https:\/\/www.pressenza.com\/es\/2022\/07\/terminar-con-la-violacion-de-derecho-de-milagro-sala\/#breadcrumb","itemListElement":[{"@type":"ListItem","position":1,"name":"Accueil","item":"https:\/\/www.pressenza.com\/es\/"},{"@type":"ListItem","position":2,"name":"Terminar con la violaci\u00f3n de derecho de Milagro Sala"}]},{"@type":"WebSite","@id":"https:\/\/www.pressenza.com\/es\/#website","url":"https:\/\/www.pressenza.com\/es\/","name":"Pressenza","description":"International Press Agency","publisher":{"@id":"https:\/\/www.pressenza.com\/es\/#organization"},"potentialAction":[{"@type":"SearchAction","target":{"@type":"EntryPoint","urlTemplate":"https:\/\/www.pressenza.com\/es\/?s={search_term_string}"},"query-input":{"@type":"PropertyValueSpecification","valueRequired":true,"valueName":"search_term_string"}}],"inLanguage":"es"},{"@type":"Organization","@id":"https:\/\/www.pressenza.com\/es\/#organization","name":"Pressenza","url":"https:\/\/www.pressenza.com\/es\/","logo":{"@type":"ImageObject","inLanguage":"es","@id":"https:\/\/www.pressenza.com\/es\/#\/schema\/logo\/image\/","url":"https:\/\/www.pressenza.com\/wp-content\/uploads\/2022\/10\/pressenza_logo_200x200.jpg","contentUrl":"https:\/\/www.pressenza.com\/wp-content\/uploads\/2022\/10\/pressenza_logo_200x200.jpg","width":200,"height":200,"caption":"Pressenza"},"image":{"@id":"https:\/\/www.pressenza.com\/es\/#\/schema\/logo\/image\/"},"sameAs":["https:\/\/www.facebook.com\/PressenzaItalia","https:\/\/x.com\/PressenzaIPA"]},{"@type":"Person","@id":"https:\/\/www.pressenza.com\/es\/#\/schema\/person\/0dda7d1b68267ad95b1e1d83abc98c89","name":"Redacci\u00f3n Argentina","description":"News from the Pressenza Bureau in Argentina.","sameAs":["https:\/\/x.com\/pressenza"],"url":"https:\/\/www.pressenza.com\/es\/author\/redaccion-argentina\/"}]}},"place":"San Salvador de Jujuy, Argentina","original_article_url":"","_links":{"self":[{"href":"https:\/\/www.pressenza.com\/es\/wp-json\/wp\/v2\/posts\/1618344","targetHints":{"allow":["GET"]}}],"collection":[{"href":"https:\/\/www.pressenza.com\/es\/wp-json\/wp\/v2\/posts"}],"about":[{"href":"https:\/\/www.pressenza.com\/es\/wp-json\/wp\/v2\/types\/post"}],"author":[{"embeddable":true,"href":"https:\/\/www.pressenza.com\/es\/wp-json\/wp\/v2\/users\/87"}],"replies":[{"embeddable":true,"href":"https:\/\/www.pressenza.com\/es\/wp-json\/wp\/v2\/comments?post=1618344"}],"version-history":[{"count":0,"href":"https:\/\/www.pressenza.com\/es\/wp-json\/wp\/v2\/posts\/1618344\/revisions"}],"wp:featuredmedia":[{"embeddable":true,"href":"https:\/\/www.pressenza.com\/es\/wp-json\/wp\/v2\/media\/1618349"}],"wp:attachment":[{"href":"https:\/\/www.pressenza.com\/es\/wp-json\/wp\/v2\/media?parent=1618344"}],"wp:term":[{"taxonomy":"category","embeddable":true,"href":"https:\/\/www.pressenza.com\/es\/wp-json\/wp\/v2\/categories?post=1618344"},{"taxonomy":"post_tag","embeddable":true,"href":"https:\/\/www.pressenza.com\/es\/wp-json\/wp\/v2\/tags?post=1618344"}],"curies":[{"name":"wp","href":"https:\/\/api.w.org\/{rel}","templated":true}]}}