{"id":1618,"date":"2009-10-04T00:00:00","date_gmt":"2009-10-04T00:00:00","guid":{"rendered":""},"modified":"2009-10-06T10:27:01","modified_gmt":"2009-10-06T10:27:01","slug":"roma-300x000-personas-por-la-libertad-de-informacion","status":"publish","type":"post","link":"https:\/\/www.pressenza.com\/es\/2009\/10\/roma-300x000-personas-por-la-libertad-de-informacion\/","title":{"rendered":"Roma &#8211; 300.000 personas por la libertad de informaci\u00f3n"},"content":{"rendered":"<p>M\u00e1s de 300.000 personas respondieron a la convocatoria de la FNSI(Federaci\u00f3n Nacional de la Prensa Italiana), colmando la Piazza del Popolo en Roma para reclamar por el derecho a la libertad de informaci\u00f3n. En el palco, periodistas, pol\u00edticos y muchas personalidades de la cultura y el espect\u00e1culo. <\/p>\n<p>El escritor Roberto Saviano, fuertemente empe\u00f1ado en la lucha contra la mafia, subray\u00f3 que \u201cla libertad de prensa por la que estamos luchando es la serenidad de poder trabajar sin temer represalias, sin temer que la propia vida privada sea utilizada como arma para acallarlo a uno. El pa\u00eds necesita la m\u00e1xima libertad de expresi\u00f3n.\u201d Desde el palco Sergio Lepri, historiador de Ansa, advirti\u00f3 \u201cNo hay que sofocar las voces libres. He conocido el fascismo y una sociedad sin libre informaci\u00f3n.\u201d  <\/p>\n<p>Una frase de Valerio Onida, presidente benem\u00e9rito de la Corte Constitucional, sintetiza el significado de la manifestaci\u00f3n: \u201cEl ciudadano desinformado o mal informado es menos libre\u201d.<\/p>\n<p>*(Traducci\u00f3n: M\u00f3nica Brocco)*<\/p>\n","protected":false},"excerpt":{"rendered":"<p>Propuestas de ley \u201cmordaza\u201d, fuertes acciones legales, insultos p\u00fablicos cotidianos por parte del poder -empezando por el primer ministro- contra peri\u00f3dicos y periodistas considerados no gratos. Estos son los motivos que han llevado a la Federazione Nazionale della Stampa Italiana a convocar la manifestaci\u00f3n p\u00fablica en Roma del 3 de octubre pasado.<\/p>\n","protected":false},"author":19,"featured_media":0,"comment_status":"closed","ping_status":"open","sticky":false,"template":"","format":"standard","meta":{"footnotes":""},"categories":[66,39,74],"tags":[],"class_list":["post-1618","post","type-post","status-publish","format-standard","hentry","category-europa-es","category-internacional","category-politica-es"],"yoast_head":"<!-- This site is optimized with the Yoast SEO plugin v27.1.1 - https:\/\/yoast.com\/product\/yoast-seo-wordpress\/ -->\n<title>Roma - 300.000 personas por la libertad de informaci\u00f3n<\/title>\n<meta name=\"description\" content=\"Propuestas de ley \u201cmordaza\u201d, fuertes acciones legales, insultos p\u00fablicos cotidianos por parte del poder -empezando por el primer ministro- contra peri\u00f3dicos y periodistas considerados no gratos. Estos son los motivos que han llevado a la Federazione Nazionale della Stampa Italiana a convocar la manifestaci\u00f3n p\u00fablica en Roma del 3 de octubre pasado.\" \/>\n<meta name=\"robots\" content=\"index, follow, max-snippet:-1, max-image-preview:large, max-video-preview:-1\" \/>\n<link rel=\"canonical\" href=\"https:\/\/www.pressenza.com\/es\/2009\/10\/roma-300x000-personas-por-la-libertad-de-informacion\/\" \/>\n<meta property=\"og:locale\" content=\"es_ES\" \/>\n<meta property=\"og:type\" content=\"article\" \/>\n<meta property=\"og:title\" content=\"Roma - 300.000 personas por la libertad de informaci\u00f3n\" \/>\n<meta property=\"og:description\" content=\"Propuestas de ley \u201cmordaza\u201d, fuertes acciones legales, insultos p\u00fablicos cotidianos por parte del poder -empezando por el primer ministro- contra peri\u00f3dicos y periodistas considerados no gratos. Estos son los motivos que han llevado a la Federazione Nazionale della Stampa Italiana a convocar la manifestaci\u00f3n p\u00fablica en Roma del 3 de octubre pasado.\" \/>\n<meta property=\"og:url\" content=\"https:\/\/www.pressenza.com\/es\/2009\/10\/roma-300x000-personas-por-la-libertad-de-informacion\/\" \/>\n<meta property=\"og:site_name\" content=\"Pressenza\" \/>\n<meta property=\"article:publisher\" content=\"https:\/\/www.facebook.com\/PressenzaItalia\" \/>\n<meta property=\"article:author\" content=\"https:\/\/www.facebook.com\/pressenza\" \/>\n<meta property=\"article:published_time\" content=\"2009-10-04T00:00:00+00:00\" \/>\n<meta property=\"article:modified_time\" content=\"2009-10-06T10:27:01+00:00\" \/>\n<meta name=\"author\" content=\"Pressenza IPA\" \/>\n<meta name=\"twitter:card\" content=\"summary_large_image\" \/>\n<meta name=\"twitter:creator\" content=\"@PressenzaIPA\" \/>\n<meta name=\"twitter:site\" content=\"@PressenzaIPA\" \/>\n<meta name=\"twitter:label1\" content=\"Escrito por\" \/>\n\t<meta name=\"twitter:data1\" content=\"Pressenza IPA\" \/>\n\t<meta name=\"twitter:label2\" content=\"Tiempo de lectura\" \/>\n\t<meta name=\"twitter:data2\" content=\"1 minuto\" \/>\n<script type=\"application\/ld+json\" class=\"yoast-schema-graph\">{\"@context\":\"https:\/\/schema.org\",\"@graph\":[{\"@type\":\"Article\",\"@id\":\"https:\/\/www.pressenza.com\/es\/2009\/10\/roma-300x000-personas-por-la-libertad-de-informacion\/#article\",\"isPartOf\":{\"@id\":\"https:\/\/www.pressenza.com\/es\/2009\/10\/roma-300x000-personas-por-la-libertad-de-informacion\/\"},\"author\":{\"name\":\"Pressenza IPA\",\"@id\":\"https:\/\/www.pressenza.com\/es\/#\/schema\/person\/010e5d02bcf40965427a1289a4cc8d75\"},\"headline\":\"Roma &#8211; 300.000 personas por la libertad de informaci\u00f3n\",\"datePublished\":\"2009-10-04T00:00:00+00:00\",\"dateModified\":\"2009-10-06T10:27:01+00:00\",\"mainEntityOfPage\":{\"@id\":\"https:\/\/www.pressenza.com\/es\/2009\/10\/roma-300x000-personas-por-la-libertad-de-informacion\/\"},\"wordCount\":180,\"publisher\":{\"@id\":\"https:\/\/www.pressenza.com\/es\/#organization\"},\"articleSection\":[\"Europa\",\"Internacional\",\"Pol\u00edtica\"],\"inLanguage\":\"es\"},{\"@type\":\"WebPage\",\"@id\":\"https:\/\/www.pressenza.com\/es\/2009\/10\/roma-300x000-personas-por-la-libertad-de-informacion\/\",\"url\":\"https:\/\/www.pressenza.com\/es\/2009\/10\/roma-300x000-personas-por-la-libertad-de-informacion\/\",\"name\":\"Roma - 300.000 personas por la libertad de informaci\u00f3n\",\"isPartOf\":{\"@id\":\"https:\/\/www.pressenza.com\/es\/#website\"},\"datePublished\":\"2009-10-04T00:00:00+00:00\",\"dateModified\":\"2009-10-06T10:27:01+00:00\",\"description\":\"Propuestas de ley \u201cmordaza\u201d, fuertes acciones legales, insultos p\u00fablicos cotidianos por parte del poder -empezando por el primer ministro- contra peri\u00f3dicos y periodistas considerados no gratos. Estos son los motivos que han llevado a la Federazione Nazionale della Stampa Italiana a convocar la manifestaci\u00f3n p\u00fablica en Roma del 3 de octubre pasado.\",\"breadcrumb\":{\"@id\":\"https:\/\/www.pressenza.com\/es\/2009\/10\/roma-300x000-personas-por-la-libertad-de-informacion\/#breadcrumb\"},\"inLanguage\":\"es\",\"potentialAction\":[{\"@type\":\"ReadAction\",\"target\":[\"https:\/\/www.pressenza.com\/es\/2009\/10\/roma-300x000-personas-por-la-libertad-de-informacion\/\"]}]},{\"@type\":\"BreadcrumbList\",\"@id\":\"https:\/\/www.pressenza.com\/es\/2009\/10\/roma-300x000-personas-por-la-libertad-de-informacion\/#breadcrumb\",\"itemListElement\":[{\"@type\":\"ListItem\",\"position\":1,\"name\":\"Accueil\",\"item\":\"https:\/\/www.pressenza.com\/es\/\"},{\"@type\":\"ListItem\",\"position\":2,\"name\":\"Roma &#8211; 300.000 personas por la libertad de informaci\u00f3n\"}]},{\"@type\":\"WebSite\",\"@id\":\"https:\/\/www.pressenza.com\/es\/#website\",\"url\":\"https:\/\/www.pressenza.com\/es\/\",\"name\":\"Pressenza\",\"description\":\"International Press Agency\",\"publisher\":{\"@id\":\"https:\/\/www.pressenza.com\/es\/#organization\"},\"potentialAction\":[{\"@type\":\"SearchAction\",\"target\":{\"@type\":\"EntryPoint\",\"urlTemplate\":\"https:\/\/www.pressenza.com\/es\/?s={search_term_string}\"},\"query-input\":{\"@type\":\"PropertyValueSpecification\",\"valueRequired\":true,\"valueName\":\"search_term_string\"}}],\"inLanguage\":\"es\"},{\"@type\":\"Organization\",\"@id\":\"https:\/\/www.pressenza.com\/es\/#organization\",\"name\":\"Pressenza\",\"url\":\"https:\/\/www.pressenza.com\/es\/\",\"logo\":{\"@type\":\"ImageObject\",\"inLanguage\":\"es\",\"@id\":\"https:\/\/www.pressenza.com\/es\/#\/schema\/logo\/image\/\",\"url\":\"https:\/\/www.pressenza.com\/wp-content\/uploads\/2022\/10\/pressenza_logo_200x200.jpg\",\"contentUrl\":\"https:\/\/www.pressenza.com\/wp-content\/uploads\/2022\/10\/pressenza_logo_200x200.jpg\",\"width\":200,\"height\":200,\"caption\":\"Pressenza\"},\"image\":{\"@id\":\"https:\/\/www.pressenza.com\/es\/#\/schema\/logo\/image\/\"},\"sameAs\":[\"https:\/\/www.facebook.com\/PressenzaItalia\",\"https:\/\/x.com\/PressenzaIPA\"]},{\"@type\":\"Person\",\"@id\":\"https:\/\/www.pressenza.com\/es\/#\/schema\/person\/010e5d02bcf40965427a1289a4cc8d75\",\"name\":\"Pressenza IPA\",\"description\":\"News from Pressenza IPA correspondents\",\"sameAs\":[\"https:\/\/www.facebook.com\/pressenza\",\"https:\/\/x.com\/PressenzaIPA\"],\"url\":\"https:\/\/www.pressenza.com\/es\/author\/pressenza-ipa\/\"}]}<\/script>\n<!-- \/ Yoast SEO plugin. -->","yoast_head_json":{"title":"Roma - 300.000 personas por la libertad de informaci\u00f3n","description":"Propuestas de ley \u201cmordaza\u201d, fuertes acciones legales, insultos p\u00fablicos cotidianos por parte del poder -empezando por el primer ministro- contra peri\u00f3dicos y periodistas considerados no gratos. Estos son los motivos que han llevado a la Federazione Nazionale della Stampa Italiana a convocar la manifestaci\u00f3n p\u00fablica en Roma del 3 de octubre pasado.","robots":{"index":"index","follow":"follow","max-snippet":"max-snippet:-1","max-image-preview":"max-image-preview:large","max-video-preview":"max-video-preview:-1"},"canonical":"https:\/\/www.pressenza.com\/es\/2009\/10\/roma-300x000-personas-por-la-libertad-de-informacion\/","og_locale":"es_ES","og_type":"article","og_title":"Roma - 300.000 personas por la libertad de informaci\u00f3n","og_description":"Propuestas de ley \u201cmordaza\u201d, fuertes acciones legales, insultos p\u00fablicos cotidianos por parte del poder -empezando por el primer ministro- contra peri\u00f3dicos y periodistas considerados no gratos. Estos son los motivos que han llevado a la Federazione Nazionale della Stampa Italiana a convocar la manifestaci\u00f3n p\u00fablica en Roma del 3 de octubre pasado.","og_url":"https:\/\/www.pressenza.com\/es\/2009\/10\/roma-300x000-personas-por-la-libertad-de-informacion\/","og_site_name":"Pressenza","article_publisher":"https:\/\/www.facebook.com\/PressenzaItalia","article_author":"https:\/\/www.facebook.com\/pressenza","article_published_time":"2009-10-04T00:00:00+00:00","article_modified_time":"2009-10-06T10:27:01+00:00","author":"Pressenza IPA","twitter_card":"summary_large_image","twitter_creator":"@PressenzaIPA","twitter_site":"@PressenzaIPA","twitter_misc":{"Escrito por":"Pressenza IPA","Tiempo de lectura":"1 minuto"},"schema":{"@context":"https:\/\/schema.org","@graph":[{"@type":"Article","@id":"https:\/\/www.pressenza.com\/es\/2009\/10\/roma-300x000-personas-por-la-libertad-de-informacion\/#article","isPartOf":{"@id":"https:\/\/www.pressenza.com\/es\/2009\/10\/roma-300x000-personas-por-la-libertad-de-informacion\/"},"author":{"name":"Pressenza IPA","@id":"https:\/\/www.pressenza.com\/es\/#\/schema\/person\/010e5d02bcf40965427a1289a4cc8d75"},"headline":"Roma &#8211; 300.000 personas por la libertad de informaci\u00f3n","datePublished":"2009-10-04T00:00:00+00:00","dateModified":"2009-10-06T10:27:01+00:00","mainEntityOfPage":{"@id":"https:\/\/www.pressenza.com\/es\/2009\/10\/roma-300x000-personas-por-la-libertad-de-informacion\/"},"wordCount":180,"publisher":{"@id":"https:\/\/www.pressenza.com\/es\/#organization"},"articleSection":["Europa","Internacional","Pol\u00edtica"],"inLanguage":"es"},{"@type":"WebPage","@id":"https:\/\/www.pressenza.com\/es\/2009\/10\/roma-300x000-personas-por-la-libertad-de-informacion\/","url":"https:\/\/www.pressenza.com\/es\/2009\/10\/roma-300x000-personas-por-la-libertad-de-informacion\/","name":"Roma - 300.000 personas por la libertad de informaci\u00f3n","isPartOf":{"@id":"https:\/\/www.pressenza.com\/es\/#website"},"datePublished":"2009-10-04T00:00:00+00:00","dateModified":"2009-10-06T10:27:01+00:00","description":"Propuestas de ley \u201cmordaza\u201d, fuertes acciones legales, insultos p\u00fablicos cotidianos por parte del poder -empezando por el primer ministro- contra peri\u00f3dicos y periodistas considerados no gratos. Estos son los motivos que han llevado a la Federazione Nazionale della Stampa Italiana a convocar la manifestaci\u00f3n p\u00fablica en Roma del 3 de octubre pasado.","breadcrumb":{"@id":"https:\/\/www.pressenza.com\/es\/2009\/10\/roma-300x000-personas-por-la-libertad-de-informacion\/#breadcrumb"},"inLanguage":"es","potentialAction":[{"@type":"ReadAction","target":["https:\/\/www.pressenza.com\/es\/2009\/10\/roma-300x000-personas-por-la-libertad-de-informacion\/"]}]},{"@type":"BreadcrumbList","@id":"https:\/\/www.pressenza.com\/es\/2009\/10\/roma-300x000-personas-por-la-libertad-de-informacion\/#breadcrumb","itemListElement":[{"@type":"ListItem","position":1,"name":"Accueil","item":"https:\/\/www.pressenza.com\/es\/"},{"@type":"ListItem","position":2,"name":"Roma &#8211; 300.000 personas por la libertad de informaci\u00f3n"}]},{"@type":"WebSite","@id":"https:\/\/www.pressenza.com\/es\/#website","url":"https:\/\/www.pressenza.com\/es\/","name":"Pressenza","description":"International Press Agency","publisher":{"@id":"https:\/\/www.pressenza.com\/es\/#organization"},"potentialAction":[{"@type":"SearchAction","target":{"@type":"EntryPoint","urlTemplate":"https:\/\/www.pressenza.com\/es\/?s={search_term_string}"},"query-input":{"@type":"PropertyValueSpecification","valueRequired":true,"valueName":"search_term_string"}}],"inLanguage":"es"},{"@type":"Organization","@id":"https:\/\/www.pressenza.com\/es\/#organization","name":"Pressenza","url":"https:\/\/www.pressenza.com\/es\/","logo":{"@type":"ImageObject","inLanguage":"es","@id":"https:\/\/www.pressenza.com\/es\/#\/schema\/logo\/image\/","url":"https:\/\/www.pressenza.com\/wp-content\/uploads\/2022\/10\/pressenza_logo_200x200.jpg","contentUrl":"https:\/\/www.pressenza.com\/wp-content\/uploads\/2022\/10\/pressenza_logo_200x200.jpg","width":200,"height":200,"caption":"Pressenza"},"image":{"@id":"https:\/\/www.pressenza.com\/es\/#\/schema\/logo\/image\/"},"sameAs":["https:\/\/www.facebook.com\/PressenzaItalia","https:\/\/x.com\/PressenzaIPA"]},{"@type":"Person","@id":"https:\/\/www.pressenza.com\/es\/#\/schema\/person\/010e5d02bcf40965427a1289a4cc8d75","name":"Pressenza IPA","description":"News from Pressenza IPA correspondents","sameAs":["https:\/\/www.facebook.com\/pressenza","https:\/\/x.com\/PressenzaIPA"],"url":"https:\/\/www.pressenza.com\/es\/author\/pressenza-ipa\/"}]}},"place":"Roma","original_article_url":"","_links":{"self":[{"href":"https:\/\/www.pressenza.com\/es\/wp-json\/wp\/v2\/posts\/1618","targetHints":{"allow":["GET"]}}],"collection":[{"href":"https:\/\/www.pressenza.com\/es\/wp-json\/wp\/v2\/posts"}],"about":[{"href":"https:\/\/www.pressenza.com\/es\/wp-json\/wp\/v2\/types\/post"}],"author":[{"embeddable":true,"href":"https:\/\/www.pressenza.com\/es\/wp-json\/wp\/v2\/users\/19"}],"replies":[{"embeddable":true,"href":"https:\/\/www.pressenza.com\/es\/wp-json\/wp\/v2\/comments?post=1618"}],"version-history":[{"count":0,"href":"https:\/\/www.pressenza.com\/es\/wp-json\/wp\/v2\/posts\/1618\/revisions"}],"wp:attachment":[{"href":"https:\/\/www.pressenza.com\/es\/wp-json\/wp\/v2\/media?parent=1618"}],"wp:term":[{"taxonomy":"category","embeddable":true,"href":"https:\/\/www.pressenza.com\/es\/wp-json\/wp\/v2\/categories?post=1618"},{"taxonomy":"post_tag","embeddable":true,"href":"https:\/\/www.pressenza.com\/es\/wp-json\/wp\/v2\/tags?post=1618"}],"curies":[{"name":"wp","href":"https:\/\/api.w.org\/{rel}","templated":true}]}}