{"id":1617672,"date":"2022-06-30T22:32:43","date_gmt":"2022-06-30T21:32:43","guid":{"rendered":"https:\/\/www.pressenza.com\/?p=1617672"},"modified":"2022-06-30T22:38:34","modified_gmt":"2022-06-30T21:38:34","slug":"continentes-y-contenidos-30-06-2022-paro-nacional-en-ecuador","status":"publish","type":"post","link":"https:\/\/www.pressenza.com\/es\/2022\/06\/continentes-y-contenidos-30-06-2022-paro-nacional-en-ecuador\/","title":{"rendered":"Continentes y Contenidos 30\/06\/2022 Paro Nacional en Ecuador"},"content":{"rendered":"<p>Con dos invitados de lujo ocupamos el programa 17 de la octava temporada de Continentes y Contenidos a descifrar lo que est\u00e1 ocurriendo en Ecuador y lo que puede dejar este Paro Nacional 2022 convocado por la CONAIE, FEINE y FENOCIN.<\/p>\n<p>Hablamos con Esperanza Mart\u00ednez de Acci\u00f3n Ecol\u00f3gica en representaci\u00f3n del Pacto Ecosocial y con el historiador Pablo Ospina Peralta para entender los contextos en los que acontecimientos est\u00e1n teniendo lugar.<\/p>\n<!--[if lt IE 9]><script>document.createElement('audio');<\/script><![endif]-->\n<audio class=\"wp-audio-shortcode\" id=\"audio-1617672-1\" preload=\"none\" style=\"width: 100%;\" controls=\"controls\"><source type=\"audio\/mpeg\" src=\"https:\/\/www.ivoox.com\/continentes-contenidos-30-06-2022-paro-nacional-ecuador_md_89217791_wp_1.mp3?_=1\" \/><a href=\"https:\/\/www.ivoox.com\/continentes-contenidos-30-06-2022-paro-nacional-ecuador_md_89217791_wp_1.mp3\">https:\/\/www.ivoox.com\/continentes-contenidos-30-06-2022-paro-nacional-ecuador_md_89217791_wp_1.mp3<\/a><\/audio>\n<p><a title=\"Continentes y Contenidos 30\/06\/2022 Paro Nacional en Ecuador\" href=\"https:\/\/go.ivoox.com\/rf\/89217791\">Ir a descargar<\/a><\/p>\n","protected":false},"excerpt":{"rendered":"<p>Con dos invitados de lujo ocupamos el programa 17 de la octava temporada de Continentes y Contenidos a descifrar lo que est\u00e1 ocurriendo en Ecuador y lo que puede dejar este Paro Nacional 2022 convocado por la CONAIE, FEINE y&hellip;<\/p>\n","protected":false},"author":1011,"featured_media":1617685,"comment_status":"closed","ping_status":"closed","sticky":false,"template":"","format":"standard","meta":{"footnotes":""},"categories":[11389,75,79,74,80,22754,67],"tags":[54222,9049,30213,2973,24371,103159,61252,40752,54738],"class_list":["post-1617672","post","type-post","status-publish","format-standard","has-post-thumbnail","hentry","category-contenido-original","category-cultura-es","category-derechos-humanos","category-politica-es","category-pueblos-originarios","category-radio-es","category-sudamerica","tag-conaie","tag-continentes-y-contenidos","tag-corape","tag-ecuador-es","tag-paro-nacional","tag-paro-nacional-2022","tag-paro-nacional-ecuador","tag-pressenza-internacional","tag-radio-es"],"yoast_head":"<!-- This site is optimized with the Yoast SEO plugin v27.1.1 - https:\/\/yoast.com\/product\/yoast-seo-wordpress\/ -->\n<title>Continentes y Contenidos 30\/06\/2022 Paro Nacional en Ecuador<\/title>\n<meta name=\"description\" content=\"Con dos invitados de lujo ocupamos el programa 17 de la octava temporada de Continentes y Contenidos a descifrar lo que est\u00e1 ocurriendo en Ecuador y lo\" \/>\n<meta name=\"robots\" content=\"index, follow, max-snippet:-1, max-image-preview:large, max-video-preview:-1\" \/>\n<link rel=\"canonical\" href=\"https:\/\/www.pressenza.com\/es\/2022\/06\/continentes-y-contenidos-30-06-2022-paro-nacional-en-ecuador\/\" \/>\n<meta property=\"og:locale\" content=\"es_ES\" \/>\n<meta property=\"og:type\" content=\"article\" \/>\n<meta property=\"og:title\" content=\"Continentes y Contenidos 30\/06\/2022 Paro Nacional en Ecuador\" \/>\n<meta property=\"og:description\" content=\"Con dos invitados de lujo ocupamos el programa 17 de la octava temporada de Continentes y Contenidos a descifrar lo que est\u00e1 ocurriendo en Ecuador y lo\" \/>\n<meta property=\"og:url\" content=\"https:\/\/www.pressenza.com\/es\/2022\/06\/continentes-y-contenidos-30-06-2022-paro-nacional-en-ecuador\/\" \/>\n<meta property=\"og:site_name\" content=\"Pressenza\" \/>\n<meta property=\"article:publisher\" content=\"https:\/\/www.facebook.com\/PressenzaItalia\" \/>\n<meta property=\"article:published_time\" content=\"2022-06-30T21:32:43+00:00\" \/>\n<meta property=\"article:modified_time\" content=\"2022-06-30T21:38:34+00:00\" \/>\n<meta property=\"og:image\" content=\"https:\/\/www.pressenza.com\/wp-content\/uploads\/2022\/06\/Programas-CyC2022-22-820x656.png\" \/>\n\t<meta property=\"og:image:width\" content=\"820\" \/>\n\t<meta property=\"og:image:height\" content=\"656\" \/>\n\t<meta property=\"og:image:type\" content=\"image\/png\" \/>\n<meta name=\"author\" content=\"Redacci\u00f3n Ecuador\" \/>\n<meta name=\"twitter:card\" content=\"summary_large_image\" \/>\n<meta name=\"twitter:creator\" content=\"@PressenzaIPA\" \/>\n<meta name=\"twitter:site\" content=\"@PressenzaIPA\" \/>\n<meta name=\"twitter:label1\" content=\"Escrito por\" \/>\n\t<meta name=\"twitter:data1\" content=\"Redacci\u00f3n Ecuador\" \/>\n\t<meta name=\"twitter:label2\" content=\"Tiempo de lectura\" \/>\n\t<meta name=\"twitter:data2\" content=\"1 minuto\" \/>\n<script type=\"application\/ld+json\" class=\"yoast-schema-graph\">{\"@context\":\"https:\/\/schema.org\",\"@graph\":[{\"@type\":\"Article\",\"@id\":\"https:\/\/www.pressenza.com\/es\/2022\/06\/continentes-y-contenidos-30-06-2022-paro-nacional-en-ecuador\/#article\",\"isPartOf\":{\"@id\":\"https:\/\/www.pressenza.com\/es\/2022\/06\/continentes-y-contenidos-30-06-2022-paro-nacional-en-ecuador\/\"},\"author\":{\"name\":\"Redacci\u00f3n Ecuador\",\"@id\":\"https:\/\/www.pressenza.com\/es\/#\/schema\/person\/883a735c40665759bcc6fe0c26bcb46f\"},\"headline\":\"Continentes y Contenidos 30\/06\/2022 Paro Nacional en Ecuador\",\"datePublished\":\"2022-06-30T21:32:43+00:00\",\"dateModified\":\"2022-06-30T21:38:34+00:00\",\"mainEntityOfPage\":{\"@id\":\"https:\/\/www.pressenza.com\/es\/2022\/06\/continentes-y-contenidos-30-06-2022-paro-nacional-en-ecuador\/\"},\"wordCount\":97,\"publisher\":{\"@id\":\"https:\/\/www.pressenza.com\/es\/#organization\"},\"image\":{\"@id\":\"https:\/\/www.pressenza.com\/es\/2022\/06\/continentes-y-contenidos-30-06-2022-paro-nacional-en-ecuador\/#primaryimage\"},\"thumbnailUrl\":\"https:\/\/www.pressenza.com\/wp-content\/uploads\/2022\/06\/Programas-CyC2022-22.png\",\"keywords\":[\"CONAIE\",\"Continentes y Contenidos\",\"Corape\",\"Ecuador\",\"paro nacional\",\"paro nacional 2022\",\"paro nacional Ecuador\",\"Pressenza Internacional\",\"radio\"],\"articleSection\":[\"Contenido Original\",\"Cultura y Medios\",\"Derechos Humanos\",\"Pol\u00edtica\",\"Pueblos Originarios\",\"Radio\",\"Sudam\u00e9rica\"],\"inLanguage\":\"es\"},{\"@type\":\"WebPage\",\"@id\":\"https:\/\/www.pressenza.com\/es\/2022\/06\/continentes-y-contenidos-30-06-2022-paro-nacional-en-ecuador\/\",\"url\":\"https:\/\/www.pressenza.com\/es\/2022\/06\/continentes-y-contenidos-30-06-2022-paro-nacional-en-ecuador\/\",\"name\":\"Continentes y Contenidos 30\/06\/2022 Paro Nacional en Ecuador\",\"isPartOf\":{\"@id\":\"https:\/\/www.pressenza.com\/es\/#website\"},\"primaryImageOfPage\":{\"@id\":\"https:\/\/www.pressenza.com\/es\/2022\/06\/continentes-y-contenidos-30-06-2022-paro-nacional-en-ecuador\/#primaryimage\"},\"image\":{\"@id\":\"https:\/\/www.pressenza.com\/es\/2022\/06\/continentes-y-contenidos-30-06-2022-paro-nacional-en-ecuador\/#primaryimage\"},\"thumbnailUrl\":\"https:\/\/www.pressenza.com\/wp-content\/uploads\/2022\/06\/Programas-CyC2022-22.png\",\"datePublished\":\"2022-06-30T21:32:43+00:00\",\"dateModified\":\"2022-06-30T21:38:34+00:00\",\"description\":\"Con dos invitados de lujo ocupamos el programa 17 de la octava temporada de Continentes y Contenidos a descifrar lo que est\u00e1 ocurriendo en Ecuador y lo\",\"breadcrumb\":{\"@id\":\"https:\/\/www.pressenza.com\/es\/2022\/06\/continentes-y-contenidos-30-06-2022-paro-nacional-en-ecuador\/#breadcrumb\"},\"inLanguage\":\"es\",\"potentialAction\":[{\"@type\":\"ReadAction\",\"target\":[\"https:\/\/www.pressenza.com\/es\/2022\/06\/continentes-y-contenidos-30-06-2022-paro-nacional-en-ecuador\/\"]}]},{\"@type\":\"ImageObject\",\"inLanguage\":\"es\",\"@id\":\"https:\/\/www.pressenza.com\/es\/2022\/06\/continentes-y-contenidos-30-06-2022-paro-nacional-en-ecuador\/#primaryimage\",\"url\":\"https:\/\/www.pressenza.com\/wp-content\/uploads\/2022\/06\/Programas-CyC2022-22.png\",\"contentUrl\":\"https:\/\/www.pressenza.com\/wp-content\/uploads\/2022\/06\/Programas-CyC2022-22.png\",\"width\":1920,\"height\":1536},{\"@type\":\"BreadcrumbList\",\"@id\":\"https:\/\/www.pressenza.com\/es\/2022\/06\/continentes-y-contenidos-30-06-2022-paro-nacional-en-ecuador\/#breadcrumb\",\"itemListElement\":[{\"@type\":\"ListItem\",\"position\":1,\"name\":\"Accueil\",\"item\":\"https:\/\/www.pressenza.com\/es\/\"},{\"@type\":\"ListItem\",\"position\":2,\"name\":\"Continentes y Contenidos 30\/06\/2022 Paro Nacional en Ecuador\"}]},{\"@type\":\"WebSite\",\"@id\":\"https:\/\/www.pressenza.com\/es\/#website\",\"url\":\"https:\/\/www.pressenza.com\/es\/\",\"name\":\"Pressenza\",\"description\":\"International Press Agency\",\"publisher\":{\"@id\":\"https:\/\/www.pressenza.com\/es\/#organization\"},\"potentialAction\":[{\"@type\":\"SearchAction\",\"target\":{\"@type\":\"EntryPoint\",\"urlTemplate\":\"https:\/\/www.pressenza.com\/es\/?s={search_term_string}\"},\"query-input\":{\"@type\":\"PropertyValueSpecification\",\"valueRequired\":true,\"valueName\":\"search_term_string\"}}],\"inLanguage\":\"es\"},{\"@type\":\"Organization\",\"@id\":\"https:\/\/www.pressenza.com\/es\/#organization\",\"name\":\"Pressenza\",\"url\":\"https:\/\/www.pressenza.com\/es\/\",\"logo\":{\"@type\":\"ImageObject\",\"inLanguage\":\"es\",\"@id\":\"https:\/\/www.pressenza.com\/es\/#\/schema\/logo\/image\/\",\"url\":\"https:\/\/www.pressenza.com\/wp-content\/uploads\/2022\/10\/pressenza_logo_200x200.jpg\",\"contentUrl\":\"https:\/\/www.pressenza.com\/wp-content\/uploads\/2022\/10\/pressenza_logo_200x200.jpg\",\"width\":200,\"height\":200,\"caption\":\"Pressenza\"},\"image\":{\"@id\":\"https:\/\/www.pressenza.com\/es\/#\/schema\/logo\/image\/\"},\"sameAs\":[\"https:\/\/www.facebook.com\/PressenzaItalia\",\"https:\/\/x.com\/PressenzaIPA\"]},{\"@type\":\"Person\",\"@id\":\"https:\/\/www.pressenza.com\/es\/#\/schema\/person\/883a735c40665759bcc6fe0c26bcb46f\",\"name\":\"Redacci\u00f3n Ecuador\",\"description\":\"News published by the Pressenza bureau in Quito, Ecuador\",\"url\":\"https:\/\/www.pressenza.com\/es\/author\/redaccion-ecuador\/\"}]}<\/script>\n<!-- \/ Yoast SEO plugin. -->","yoast_head_json":{"title":"Continentes y Contenidos 30\/06\/2022 Paro Nacional en Ecuador","description":"Con dos invitados de lujo ocupamos el programa 17 de la octava temporada de Continentes y Contenidos a descifrar lo que est\u00e1 ocurriendo en Ecuador y lo","robots":{"index":"index","follow":"follow","max-snippet":"max-snippet:-1","max-image-preview":"max-image-preview:large","max-video-preview":"max-video-preview:-1"},"canonical":"https:\/\/www.pressenza.com\/es\/2022\/06\/continentes-y-contenidos-30-06-2022-paro-nacional-en-ecuador\/","og_locale":"es_ES","og_type":"article","og_title":"Continentes y Contenidos 30\/06\/2022 Paro Nacional en Ecuador","og_description":"Con dos invitados de lujo ocupamos el programa 17 de la octava temporada de Continentes y Contenidos a descifrar lo que est\u00e1 ocurriendo en Ecuador y lo","og_url":"https:\/\/www.pressenza.com\/es\/2022\/06\/continentes-y-contenidos-30-06-2022-paro-nacional-en-ecuador\/","og_site_name":"Pressenza","article_publisher":"https:\/\/www.facebook.com\/PressenzaItalia","article_published_time":"2022-06-30T21:32:43+00:00","article_modified_time":"2022-06-30T21:38:34+00:00","og_image":[{"width":820,"height":656,"url":"https:\/\/www.pressenza.com\/wp-content\/uploads\/2022\/06\/Programas-CyC2022-22-820x656.png","type":"image\/png"}],"author":"Redacci\u00f3n Ecuador","twitter_card":"summary_large_image","twitter_creator":"@PressenzaIPA","twitter_site":"@PressenzaIPA","twitter_misc":{"Escrito por":"Redacci\u00f3n Ecuador","Tiempo de lectura":"1 minuto"},"schema":{"@context":"https:\/\/schema.org","@graph":[{"@type":"Article","@id":"https:\/\/www.pressenza.com\/es\/2022\/06\/continentes-y-contenidos-30-06-2022-paro-nacional-en-ecuador\/#article","isPartOf":{"@id":"https:\/\/www.pressenza.com\/es\/2022\/06\/continentes-y-contenidos-30-06-2022-paro-nacional-en-ecuador\/"},"author":{"name":"Redacci\u00f3n Ecuador","@id":"https:\/\/www.pressenza.com\/es\/#\/schema\/person\/883a735c40665759bcc6fe0c26bcb46f"},"headline":"Continentes y Contenidos 30\/06\/2022 Paro Nacional en Ecuador","datePublished":"2022-06-30T21:32:43+00:00","dateModified":"2022-06-30T21:38:34+00:00","mainEntityOfPage":{"@id":"https:\/\/www.pressenza.com\/es\/2022\/06\/continentes-y-contenidos-30-06-2022-paro-nacional-en-ecuador\/"},"wordCount":97,"publisher":{"@id":"https:\/\/www.pressenza.com\/es\/#organization"},"image":{"@id":"https:\/\/www.pressenza.com\/es\/2022\/06\/continentes-y-contenidos-30-06-2022-paro-nacional-en-ecuador\/#primaryimage"},"thumbnailUrl":"https:\/\/www.pressenza.com\/wp-content\/uploads\/2022\/06\/Programas-CyC2022-22.png","keywords":["CONAIE","Continentes y Contenidos","Corape","Ecuador","paro nacional","paro nacional 2022","paro nacional Ecuador","Pressenza Internacional","radio"],"articleSection":["Contenido Original","Cultura y Medios","Derechos Humanos","Pol\u00edtica","Pueblos Originarios","Radio","Sudam\u00e9rica"],"inLanguage":"es"},{"@type":"WebPage","@id":"https:\/\/www.pressenza.com\/es\/2022\/06\/continentes-y-contenidos-30-06-2022-paro-nacional-en-ecuador\/","url":"https:\/\/www.pressenza.com\/es\/2022\/06\/continentes-y-contenidos-30-06-2022-paro-nacional-en-ecuador\/","name":"Continentes y Contenidos 30\/06\/2022 Paro Nacional en Ecuador","isPartOf":{"@id":"https:\/\/www.pressenza.com\/es\/#website"},"primaryImageOfPage":{"@id":"https:\/\/www.pressenza.com\/es\/2022\/06\/continentes-y-contenidos-30-06-2022-paro-nacional-en-ecuador\/#primaryimage"},"image":{"@id":"https:\/\/www.pressenza.com\/es\/2022\/06\/continentes-y-contenidos-30-06-2022-paro-nacional-en-ecuador\/#primaryimage"},"thumbnailUrl":"https:\/\/www.pressenza.com\/wp-content\/uploads\/2022\/06\/Programas-CyC2022-22.png","datePublished":"2022-06-30T21:32:43+00:00","dateModified":"2022-06-30T21:38:34+00:00","description":"Con dos invitados de lujo ocupamos el programa 17 de la octava temporada de Continentes y Contenidos a descifrar lo que est\u00e1 ocurriendo en Ecuador y lo","breadcrumb":{"@id":"https:\/\/www.pressenza.com\/es\/2022\/06\/continentes-y-contenidos-30-06-2022-paro-nacional-en-ecuador\/#breadcrumb"},"inLanguage":"es","potentialAction":[{"@type":"ReadAction","target":["https:\/\/www.pressenza.com\/es\/2022\/06\/continentes-y-contenidos-30-06-2022-paro-nacional-en-ecuador\/"]}]},{"@type":"ImageObject","inLanguage":"es","@id":"https:\/\/www.pressenza.com\/es\/2022\/06\/continentes-y-contenidos-30-06-2022-paro-nacional-en-ecuador\/#primaryimage","url":"https:\/\/www.pressenza.com\/wp-content\/uploads\/2022\/06\/Programas-CyC2022-22.png","contentUrl":"https:\/\/www.pressenza.com\/wp-content\/uploads\/2022\/06\/Programas-CyC2022-22.png","width":1920,"height":1536},{"@type":"BreadcrumbList","@id":"https:\/\/www.pressenza.com\/es\/2022\/06\/continentes-y-contenidos-30-06-2022-paro-nacional-en-ecuador\/#breadcrumb","itemListElement":[{"@type":"ListItem","position":1,"name":"Accueil","item":"https:\/\/www.pressenza.com\/es\/"},{"@type":"ListItem","position":2,"name":"Continentes y Contenidos 30\/06\/2022 Paro Nacional en Ecuador"}]},{"@type":"WebSite","@id":"https:\/\/www.pressenza.com\/es\/#website","url":"https:\/\/www.pressenza.com\/es\/","name":"Pressenza","description":"International Press Agency","publisher":{"@id":"https:\/\/www.pressenza.com\/es\/#organization"},"potentialAction":[{"@type":"SearchAction","target":{"@type":"EntryPoint","urlTemplate":"https:\/\/www.pressenza.com\/es\/?s={search_term_string}"},"query-input":{"@type":"PropertyValueSpecification","valueRequired":true,"valueName":"search_term_string"}}],"inLanguage":"es"},{"@type":"Organization","@id":"https:\/\/www.pressenza.com\/es\/#organization","name":"Pressenza","url":"https:\/\/www.pressenza.com\/es\/","logo":{"@type":"ImageObject","inLanguage":"es","@id":"https:\/\/www.pressenza.com\/es\/#\/schema\/logo\/image\/","url":"https:\/\/www.pressenza.com\/wp-content\/uploads\/2022\/10\/pressenza_logo_200x200.jpg","contentUrl":"https:\/\/www.pressenza.com\/wp-content\/uploads\/2022\/10\/pressenza_logo_200x200.jpg","width":200,"height":200,"caption":"Pressenza"},"image":{"@id":"https:\/\/www.pressenza.com\/es\/#\/schema\/logo\/image\/"},"sameAs":["https:\/\/www.facebook.com\/PressenzaItalia","https:\/\/x.com\/PressenzaIPA"]},{"@type":"Person","@id":"https:\/\/www.pressenza.com\/es\/#\/schema\/person\/883a735c40665759bcc6fe0c26bcb46f","name":"Redacci\u00f3n Ecuador","description":"News published by the Pressenza bureau in Quito, Ecuador","url":"https:\/\/www.pressenza.com\/es\/author\/redaccion-ecuador\/"}]}},"place":"Quito - Buenos Aires - Bogot\u00e1","original_article_url":"","_links":{"self":[{"href":"https:\/\/www.pressenza.com\/es\/wp-json\/wp\/v2\/posts\/1617672","targetHints":{"allow":["GET"]}}],"collection":[{"href":"https:\/\/www.pressenza.com\/es\/wp-json\/wp\/v2\/posts"}],"about":[{"href":"https:\/\/www.pressenza.com\/es\/wp-json\/wp\/v2\/types\/post"}],"author":[{"embeddable":true,"href":"https:\/\/www.pressenza.com\/es\/wp-json\/wp\/v2\/users\/1011"}],"replies":[{"embeddable":true,"href":"https:\/\/www.pressenza.com\/es\/wp-json\/wp\/v2\/comments?post=1617672"}],"version-history":[{"count":0,"href":"https:\/\/www.pressenza.com\/es\/wp-json\/wp\/v2\/posts\/1617672\/revisions"}],"wp:featuredmedia":[{"embeddable":true,"href":"https:\/\/www.pressenza.com\/es\/wp-json\/wp\/v2\/media\/1617685"}],"wp:attachment":[{"href":"https:\/\/www.pressenza.com\/es\/wp-json\/wp\/v2\/media?parent=1617672"}],"wp:term":[{"taxonomy":"category","embeddable":true,"href":"https:\/\/www.pressenza.com\/es\/wp-json\/wp\/v2\/categories?post=1617672"},{"taxonomy":"post_tag","embeddable":true,"href":"https:\/\/www.pressenza.com\/es\/wp-json\/wp\/v2\/tags?post=1617672"}],"curies":[{"name":"wp","href":"https:\/\/api.w.org\/{rel}","templated":true}]}}