{"id":1616645,"date":"2022-06-29T23:32:46","date_gmt":"2022-06-29T22:32:46","guid":{"rendered":"https:\/\/www.pressenza.com\/?p=1616645"},"modified":"2022-06-29T23:32:46","modified_gmt":"2022-06-29T22:32:46","slug":"cambia-algo-cambia-la-ola-progresista-y-la-respuesta-libertaria","status":"publish","type":"post","link":"https:\/\/www.pressenza.com\/es\/2022\/06\/cambia-algo-cambia-la-ola-progresista-y-la-respuesta-libertaria\/","title":{"rendered":"Cambia, \u00bfalgo cambia?: la ola progresista y la respuesta libertaria"},"content":{"rendered":"<h4><em>La fuerte ofensiva derechista de los \u00faltimos a\u00f1os en Am\u00e9rica Latina no logr\u00f3 estabilizar una nueva situaci\u00f3n; los fascismos sociales y culturales crecieron pero no consiguieron (a\u00fan) una nueva hegemon\u00eda, y la imposici\u00f3n \u201cdemocr\u00e1tica\u201d que pretendi\u00f3 el presidente estadounidense Joe Biden para la regi\u00f3n, naufrag\u00f3 en la cumbre de Los \u00c1ngeles, mientras propuestas progresistas hablan de una nueva ola en favor de los pueblos.<\/em><\/h4>\n<p>por <strong>Aram Aharonian<\/strong><\/p>\n<p>Hist\u00f3ricamente, el discurso antiestablecimiento y contra los partidos tradicionales fue bandera de la izquierda, por estar marginada del poder nacional, pero hoy es tomado, tambi\u00e9n por la ultraderecha \u201clibertaria\u201d contra los anquilosados\u00a0 partidos tradicionales de las derechas vern\u00e1culas.<\/p>\n<p>En la regi\u00f3n se observa el surgimiento de una nueva ola progresista en\u00a0M\u00e9xico, Argentina, Bolivia, Per\u00fa, Chile, Honduras \u2013cada uno con su propia tonalidad-, ahora Colombia y quiz\u00e1s Brasil con Lula, que puede reemplazar al neoliberalismo tard\u00edo e iniciar un nuevo ciclo con m\u00e1s rol del Estado y preocupaci\u00f3n de las grandes mayor\u00edas.<\/p>\n<p>Una tendencia que como se\u00f1ala, el exvicepresidente boliviano \u00c1lvaro Garc\u00eda Linera, es un camino que como las olas del mar supone mareas altas y bajas, pero de avance hacia una regi\u00f3n en la que la democracia deje de ser el privilegio de unos pocos y pase a constituirse en la constante de la vida social y pol\u00edtica de nuestra Am\u00e9rica.<\/p>\n<p>Para los entusiastas, el ciclo que se quiso ver finalizado con el golpe parlamentario contra Dilma Roussef en mayo de 2016, ha pasado a ser una primera fase de lo que parece afirmarse como una tendencia en la regi\u00f3n, el avance de una propuesta democr\u00e1tica con justicia social y soberan\u00eda nacional.<\/p>\n<p>El fracaso de la novena cumbre de las Am\u00e9ricas, en Los \u00c1ngeles, dej\u00f3 al descubierto la incapacidad del gobierno estadounidense de demostrar el manejo de \u201csu patio trasero\u201d. Se constituy\u00f3 en un duro traspi\u00e9 diplom\u00e1tico para EEUU y su presidente desde que varios jefes de Estado de la regi\u00f3n descartaran su participaci\u00f3n. El resultado fue una decepci\u00f3n generalizada en una regi\u00f3n cuyas econom\u00edas se han visto gravemente afectadas por la pandemia y ahora tambi\u00e9n por la guerra en Ucrania.<\/p>\n<p>La reuni\u00f3n estuvo centrada en compartir responsabilidades en la gesti\u00f3n del flujo migratorio. Washington quiere ahora que los pa\u00edses emisores de emigrantes acepten nuevas reglas del juego y colaboren a la hora frenar el \u00edmpetu de los inmigrantes. Pero Centroam\u00e9rica, cuya mayor\u00eda de mandatarios no particip\u00f3 de\u00a0 la Cumbre y produce la mayor\u00eda de los emigrantes hambrientos, se ha quedado fuera. No tiene grandes compromisos que asumir. Muchos creen que fue \u00faltima de las Cumbre de las Am\u00e9ricas.<\/p>\n<p>Durante la \u00faltima d\u00e9cada, Estados Unidos y la derecha vern\u00e1cula lograron desarticular las instituciones propias consolidadas para intentar, en esta situaci\u00f3n, impulsar el proceso de integraci\u00f3n, como sucediera cuando a\u00fan estaban la Uni\u00f3n de Naciones de Sudam\u00e9rica (Unasur), la Comunidad de Estados de Latinoam\u00e9rica y el Caribe (Celac) y el Mercado Com\u00fan del Sur (Mercosur) ampliado, con Venezuela inclu\u00edda.<\/p>\n<p>Hoy, el Banco Interamericano de Desarrollo (BID) responde claramente a Washington, al igual que la Organizaci\u00f3n de Estados Americanos (OEA). \u00c9sta coordina sus acciones de los organismos de inteligencia y seguridad de EEUU, como una instituci\u00f3n de intermediaci\u00f3n de su agenda con el resto de las Am\u00e9ricas, que incluso promovi\u00f3 la suspensi\u00f3n de Rusia como observador del organismo hasta que retire tropas de Ucrania.<\/p>\n<p>Desde que surgieron gobiernos antineoliberales en Am\u00e9rica Latina, la regi\u00f3n se ha convertido en el epicentro de las grandes luchas pol\u00edticas del siglo XXI y, al mismo tiempo, en un balanc\u00edn, en el que los gobiernos se instalan y son derrotados, regresan y experimentan una gran inestabilidad, algunos se reafirman, se\u00f1alaba el soci\u00f3logo brasile\u00f1o Emir Sader.<\/p>\n<p>Recientemente, Colombia ha elegido un gobierno de centroizquierda, y esa ha pasado a ser la mayor esperanza de cambio para los olvidados, los despreciados por una \u00e9lite pol\u00edtica blanca. Hoy, el principal reto del gobierno de Gustavo Petro ser\u00e1 convertir ese capital simb\u00f3lico de representar el cambio en pol\u00edticas p\u00fablicas concretas, para que la opci\u00f3n progresista sea cre\u00edble, tras la r\u00e1pida desilusi\u00f3n con el nuevo gobierno chileno.<\/p>\n<p>El principal de los desaf\u00edos, como ha repetido la electa vicepresidenta Francia M\u00e1rquez ante las multitudes envalentonadas de los <em>nadies<\/em>, ser\u00e1 pasar de la resistencia al poder. Pero para ello \u2212dada la dependencia de Estados Unidos y una derecha que nunca duerme\u2212, habr\u00e1 que sortear infinitas emboscadas y construir una nueva hegemon\u00eda popular, se\u00f1ala Carlos Fazio.<\/p>\n<p>En Brasil, el ultraderechista presidente Jair Bolsonaro anunci\u00f3 el nombre del general retirado del Ej\u00e9rcito Walter Braga Netto, ex ministro de Defensa como su compa\u00f1ero de f\u00f3rmula para las elecciones del 2 octubre, cuando se enfrentar\u00e1 al exmandatario progresista Lula da Silva y su compa\u00f1ero de f\u00f3rmula el centrista Geraldo Alckmin.<\/p>\n<p>Mientras que para Lula la democracia es el componente vital de la gobernabilidad, para Bolsonaro el fin de la democracia es el presupuesto fundamental no solo por el tipo de gobernabilidad \u201cdesde las bayonetas\u201d que defiende, sino tambi\u00e9n la clave para la continuidad del proyecto de poder militar y la expoliaci\u00f3n y privatizaci\u00f3n del pa\u00eds.<\/p>\n<p>Pero hay que estar pendientes de las provocaciones que se seguir\u00e1n sucediendo, como la de la visita \u201cprivada\u201d, quiz\u00e1 de devoluci\u00f3n de favores, del presidente neoliberal uruguayo Luis Lacalle a su par colombiano Iv\u00e1n Duque, a d\u00edas de que deje el gobierno. Cualquiera podr\u00eda pensar en una provocaci\u00f3n al pr\u00f3ximo mandatario. Al menos la Canciller\u00eda uruguaya le fren\u00f3 la voluntad de Lacalle de condecorar a Duque.<\/p>\n<p>Vale la pena recordar que el avi\u00f3n presidencial colombiano aterriz\u00f3 en\u00a0Montevideo en la ma\u00f1ana del 1\u00ba de marzo de 2020. Iv\u00e1n Duque y el secretario general de la OEA, Luis Almagro, junto a sus asesores,\u00a0iban a bordo. El mandatario colombiano fue uno de los pocos presidentes latinoamericanos que acompa\u00f1\u00f3 a\u00a0Lacalle en su ceremonia de toma de mando y ahora, dos a\u00f1os y tres meses despu\u00e9s, el uruguayo le devolver\u00e1 el gesto a su amigo de la ultraderecha al aceptar una invitaci\u00f3n para visitarlo en Cartagena.<\/p>\n<p>Mientras, la apelaci\u00f3n a las Fuerzas Armadas que hizo el ministro de Defensa ecuatoriano puso en evidencia que las pol\u00edticas que provocaron genocidios en Am\u00e9rica Latina est\u00e1n lejos de desaparecer, En el discurso del banquero presidente ecuatoriano Guillermo Lasso en la represi\u00f3n al estallido social, puso nuevamente en el tapete el viejo truco de la Doctrina de Seguridad Nacional de las \u00e9pocas de la Operaci\u00f3n C\u00f3ndor.<\/p>\n<p>Para el expresidente uruguayo Jos\u00e9 \u201cPepe\u201d Mujica, la izquierda regional debe \u201ccomunicarse mucho m\u00e1s con la gente\u201d y confrontar los \u201crelatos mentirosos\u201d. Piensa que los progresismos est\u00e1n retornando al poder en algunos pa\u00edses de Am\u00e9rica Latina con \u201cmenos ingenuidad\u201d pero con problemas que \u201cse han agravado\u201d.<\/p>\n<p>Todos reclamamos cambios, pero no tenemos en claro qu\u00e9 es lo que determina un cambio de \u00e9poca. Sin duda la pandemia ha profundizado las nuevas din\u00e1micas sociales, mientras nos preguntamos c\u00f3mo influyen los cambios de la estructura productiva en la sociedad, si hay una redefinici\u00f3n de los conflictos.<\/p>\n<p>En una r\u00e1pida mirada, debemos sumar\u00a0 el crecimiento de la confianza en las religiones (evangelistas, pentecostales), el descreimiento en la ciencia (antivacunas, terraplanistas), la profundizaci\u00f3n de las guerras santas (sionistas, talibanes, entre otros), el relego de la racionalidad frente al sensacionalismo ultraderechista y fascistoide de Donald Trump, Jair Bolsonaro, los espa\u00f1oles de Vox, los \u201clibertarios\u201d que resurgen como hongos con amplio financiamiento desde el norte, entre otros\u2026<\/p>\n<p>Y las grandes operaciones medi\u00e1ticas por la imposici\u00f3n de imaginarios colectivos que faciliten la manipulaci\u00f3n de las mayor\u00edas, con la tan mentada posverdad, las <em>fakenews<\/em>, las shitnews y el largo etc\u00e9tera, adem\u00e1s del desplazamiento relativo de las grandes corrientes de ideas del \u00e1mbito p\u00fablico-popular.<\/p>\n<p><strong>Ah\u00ed vienen los libertarios<\/strong><\/p>\n<p>Pero tambi\u00e9n la ultraderecha, autollamada libertaria, ha cobrado notoriedad en los \u00faltimos a\u00f1os. Mientras m\u00e1s se agudiza la crisis capitalista, m\u00e1s fuerza toman las posiciones m\u00e1s radicales. \u201cNo hay nada m\u00e1s injusto que la justicia social\u201d, no se cansa de repetir el histri\u00f3n argentino Javier Milei, para quien cobrar impuestos a las empresas es un robo y un crimen de lesa humanidad el atentar contra la propiedad de los ricos.<\/p>\n<p>Otra caracter\u00edstica es el llamado \u201chispanismo\u201d, que defiende la conquista espa\u00f1ola y las masacres perpetradas sobre las poblaciones ind\u00edgenas de Am\u00e9rica Latina, y por tanto, est\u00e9n en contra de los movimientos por los derechos ind\u00edgenas y su autodeterminaci\u00f3n.<\/p>\n<p>Para los libertarios no deber\u00eda existir la salud p\u00fablica ni la educaci\u00f3n gratuit. Pero no est\u00e1n, \u00fanicamente, por privatizarlo todo y terminar con cualquier tipo de subsidio a las clases populares: buena parte de sus ide\u00f3logos tambi\u00e9n defiende la idea de la monarqu\u00eda, los valores conservadores del cristianismo m\u00e1s retr\u00f3grado, y por ello se oponen al aborto y a los derechos de la comunidad LGBT.<\/p>\n<p>Asimismo se enfrentan a la multiculturalidad y por ello son antimigrantes y se acercan a posiciones racistas. En Europa son todos antimusulmanes y est\u00e1n por mantener, en campos de concentraci\u00f3n, a migrantes refugiados de las guerras y el hambre en Medio Oriente o \u00c1frica. Y para todo ello nutren con extenso financiamiento a los think tanks, organizaciones no gubernamentales de tapadera, todo por cuenta de la Red Atlas y sus financistas estadounidenses y euroccidentales.<\/p>\n<p>Noticias falsas, v\u00eddeos manipulados, &#8216;bots&#8217;, una red internacional de &#8216;think tanks&#8217; ultraneoliberales o libertarios (Red Atlas), as\u00ed ha sido la campa\u00f1a a la que ha tenido que hacer frente Gustavo Petro en Colombia, al igual que otros candidatos progresistas o de izquierda en sus respectivos pa\u00edses.<\/p>\n<p>Adem\u00e1s de participar en la campa\u00f1a contra Petro en Colombia, estas redes tambi\u00e9n retuitean masivamente a cuentas del entorno de la Atlas Network como Agust\u00edn Antonetti, Agust\u00edn Laje, Javier Milei, Jos\u00e9 Antonio Kast, \u00c1lvaro Uribe, Mar\u00eda Fernanda Cabal, Vicky D\u00e1vila, Andr\u00e9s Pastrana y en Colombia la revista Semana, a Fico Guti\u00e9rrez, el candidato ultraderechista en la primera vuelta y a Rodolfo Hern\u00e1ndez en la segunda.<\/p>\n<p>La red Atlas se activa en cada proceso para incitar a sus principales <em>influencers<\/em> a hacer art\u00edculos y videos: como Agust\u00edn Laje, de la Fundaci\u00f3n Libre, o Juan Ram\u00f3n Rallo, exdirector de la Fundaci\u00f3n Juan de Mariana; o Mario Vargas Llosa pidiendo el voto para Rodolfo Hern\u00e1ndez o Javier Milei visitando Colombia para buscar el voto joven.<\/p>\n<p>Los \u201clibertarios\u201d vienen desplazando a los partidos conservadores anquilosados en tantos a\u00f1os de democracia formal y dependencia de Washington y del Fondo Monetario Internacional, mientras el progresismo \u2013lejos de las propuestas revolucionarias, de la democracia participativa o de la v\u00eda electoral al socialismo- va ganando espacios en la regi\u00f3n, que hoy muestra un rompecabezas que se ir\u00e1 armando, d\u00eda a d\u00eda, elecci\u00f3n de tras elecci\u00f3n, estallido social tras protesta popular\u2026<\/p>\n<p><em>\u00a0<\/em><\/p>\n<p>&nbsp;<\/p>\n","protected":false},"excerpt":{"rendered":"<p>La fuerte ofensiva derechista de los \u00faltimos a\u00f1os en Am\u00e9rica Latina no logr\u00f3 estabilizar una nueva situaci\u00f3n; los fascismos sociales y culturales crecieron pero no consiguieron (a\u00fan) una nueva hegemon\u00eda, y la imposici\u00f3n \u201cdemocr\u00e1tica\u201d que pretendi\u00f3 el presidente estadounidense Joe&hellip;<\/p>\n","protected":false},"author":1415,"featured_media":1616647,"comment_status":"closed","ping_status":"closed","sticky":false,"template":"","format":"standard","meta":{"footnotes":""},"categories":[74],"tags":[76649,21579],"class_list":["post-1616645","post","type-post","status-publish","format-standard","has-post-thumbnail","hentry","category-politica-es","tag-libertarios","tag-progresismos"],"yoast_head":"<!-- This site is optimized with the Yoast SEO plugin v27.1.1 - https:\/\/yoast.com\/product\/yoast-seo-wordpress\/ -->\n<title>Cambia, \u00bfalgo cambia?: la ola progresista y la respuesta libertaria<\/title>\n<meta name=\"description\" content=\"La fuerte ofensiva derechista de los \u00faltimos a\u00f1os en Am\u00e9rica Latina no logr\u00f3 estabilizar una nueva situaci\u00f3n; los fascismos sociales y culturales\" \/>\n<meta name=\"robots\" content=\"index, follow, max-snippet:-1, max-image-preview:large, max-video-preview:-1\" \/>\n<link rel=\"canonical\" href=\"https:\/\/www.pressenza.com\/es\/2022\/06\/cambia-algo-cambia-la-ola-progresista-y-la-respuesta-libertaria\/\" \/>\n<meta property=\"og:locale\" content=\"es_ES\" \/>\n<meta property=\"og:type\" content=\"article\" \/>\n<meta property=\"og:title\" content=\"Cambia, \u00bfalgo cambia?: la ola progresista y la respuesta libertaria\" \/>\n<meta property=\"og:description\" content=\"La fuerte ofensiva derechista de los \u00faltimos a\u00f1os en Am\u00e9rica Latina no logr\u00f3 estabilizar una nueva situaci\u00f3n; los fascismos sociales y culturales\" \/>\n<meta property=\"og:url\" content=\"https:\/\/www.pressenza.com\/es\/2022\/06\/cambia-algo-cambia-la-ola-progresista-y-la-respuesta-libertaria\/\" \/>\n<meta property=\"og:site_name\" content=\"Pressenza\" \/>\n<meta property=\"article:publisher\" content=\"https:\/\/www.facebook.com\/PressenzaItalia\" \/>\n<meta property=\"article:published_time\" content=\"2022-06-29T22:32:46+00:00\" \/>\n<meta property=\"og:image\" content=\"https:\/\/www.pressenza.com\/wp-content\/uploads\/2022\/06\/america_latina.jpg\" \/>\n\t<meta property=\"og:image:width\" content=\"1024\" \/>\n\t<meta property=\"og:image:height\" content=\"638\" \/>\n\t<meta property=\"og:image:type\" content=\"image\/jpeg\" \/>\n<meta name=\"author\" content=\"Aram Aharonian\" \/>\n<meta name=\"twitter:card\" content=\"summary_large_image\" \/>\n<meta name=\"twitter:creator\" content=\"@PressenzaIPA\" \/>\n<meta name=\"twitter:site\" content=\"@PressenzaIPA\" \/>\n<meta name=\"twitter:label1\" content=\"Escrito por\" \/>\n\t<meta name=\"twitter:data1\" content=\"Aram Aharonian\" \/>\n\t<meta name=\"twitter:label2\" content=\"Tiempo de lectura\" \/>\n\t<meta name=\"twitter:data2\" content=\"9 minutos\" \/>\n<script type=\"application\/ld+json\" class=\"yoast-schema-graph\">{\"@context\":\"https:\/\/schema.org\",\"@graph\":[{\"@type\":\"Article\",\"@id\":\"https:\/\/www.pressenza.com\/es\/2022\/06\/cambia-algo-cambia-la-ola-progresista-y-la-respuesta-libertaria\/#article\",\"isPartOf\":{\"@id\":\"https:\/\/www.pressenza.com\/es\/2022\/06\/cambia-algo-cambia-la-ola-progresista-y-la-respuesta-libertaria\/\"},\"author\":{\"name\":\"Aram Aharonian\",\"@id\":\"https:\/\/www.pressenza.com\/es\/#\/schema\/person\/777c39c93856c085c6d5931778fbf85f\"},\"headline\":\"Cambia, \u00bfalgo cambia?: la ola progresista y la respuesta libertaria\",\"datePublished\":\"2022-06-29T22:32:46+00:00\",\"mainEntityOfPage\":{\"@id\":\"https:\/\/www.pressenza.com\/es\/2022\/06\/cambia-algo-cambia-la-ola-progresista-y-la-respuesta-libertaria\/\"},\"wordCount\":1929,\"publisher\":{\"@id\":\"https:\/\/www.pressenza.com\/es\/#organization\"},\"image\":{\"@id\":\"https:\/\/www.pressenza.com\/es\/2022\/06\/cambia-algo-cambia-la-ola-progresista-y-la-respuesta-libertaria\/#primaryimage\"},\"thumbnailUrl\":\"https:\/\/www.pressenza.com\/wp-content\/uploads\/2022\/06\/america_latina.jpg\",\"keywords\":[\"libertarios\",\"progresismos\"],\"articleSection\":[\"Pol\u00edtica\"],\"inLanguage\":\"es\"},{\"@type\":\"WebPage\",\"@id\":\"https:\/\/www.pressenza.com\/es\/2022\/06\/cambia-algo-cambia-la-ola-progresista-y-la-respuesta-libertaria\/\",\"url\":\"https:\/\/www.pressenza.com\/es\/2022\/06\/cambia-algo-cambia-la-ola-progresista-y-la-respuesta-libertaria\/\",\"name\":\"Cambia, \u00bfalgo cambia?: la ola progresista y la respuesta libertaria\",\"isPartOf\":{\"@id\":\"https:\/\/www.pressenza.com\/es\/#website\"},\"primaryImageOfPage\":{\"@id\":\"https:\/\/www.pressenza.com\/es\/2022\/06\/cambia-algo-cambia-la-ola-progresista-y-la-respuesta-libertaria\/#primaryimage\"},\"image\":{\"@id\":\"https:\/\/www.pressenza.com\/es\/2022\/06\/cambia-algo-cambia-la-ola-progresista-y-la-respuesta-libertaria\/#primaryimage\"},\"thumbnailUrl\":\"https:\/\/www.pressenza.com\/wp-content\/uploads\/2022\/06\/america_latina.jpg\",\"datePublished\":\"2022-06-29T22:32:46+00:00\",\"description\":\"La fuerte ofensiva derechista de los \u00faltimos a\u00f1os en Am\u00e9rica Latina no logr\u00f3 estabilizar una nueva situaci\u00f3n; los fascismos sociales y culturales\",\"breadcrumb\":{\"@id\":\"https:\/\/www.pressenza.com\/es\/2022\/06\/cambia-algo-cambia-la-ola-progresista-y-la-respuesta-libertaria\/#breadcrumb\"},\"inLanguage\":\"es\",\"potentialAction\":[{\"@type\":\"ReadAction\",\"target\":[\"https:\/\/www.pressenza.com\/es\/2022\/06\/cambia-algo-cambia-la-ola-progresista-y-la-respuesta-libertaria\/\"]}]},{\"@type\":\"ImageObject\",\"inLanguage\":\"es\",\"@id\":\"https:\/\/www.pressenza.com\/es\/2022\/06\/cambia-algo-cambia-la-ola-progresista-y-la-respuesta-libertaria\/#primaryimage\",\"url\":\"https:\/\/www.pressenza.com\/wp-content\/uploads\/2022\/06\/america_latina.jpg\",\"contentUrl\":\"https:\/\/www.pressenza.com\/wp-content\/uploads\/2022\/06\/america_latina.jpg\",\"width\":1024,\"height\":638},{\"@type\":\"BreadcrumbList\",\"@id\":\"https:\/\/www.pressenza.com\/es\/2022\/06\/cambia-algo-cambia-la-ola-progresista-y-la-respuesta-libertaria\/#breadcrumb\",\"itemListElement\":[{\"@type\":\"ListItem\",\"position\":1,\"name\":\"Accueil\",\"item\":\"https:\/\/www.pressenza.com\/es\/\"},{\"@type\":\"ListItem\",\"position\":2,\"name\":\"Cambia, \u00bfalgo cambia?: la ola progresista y la respuesta libertaria\"}]},{\"@type\":\"WebSite\",\"@id\":\"https:\/\/www.pressenza.com\/es\/#website\",\"url\":\"https:\/\/www.pressenza.com\/es\/\",\"name\":\"Pressenza\",\"description\":\"International Press Agency\",\"publisher\":{\"@id\":\"https:\/\/www.pressenza.com\/es\/#organization\"},\"potentialAction\":[{\"@type\":\"SearchAction\",\"target\":{\"@type\":\"EntryPoint\",\"urlTemplate\":\"https:\/\/www.pressenza.com\/es\/?s={search_term_string}\"},\"query-input\":{\"@type\":\"PropertyValueSpecification\",\"valueRequired\":true,\"valueName\":\"search_term_string\"}}],\"inLanguage\":\"es\"},{\"@type\":\"Organization\",\"@id\":\"https:\/\/www.pressenza.com\/es\/#organization\",\"name\":\"Pressenza\",\"url\":\"https:\/\/www.pressenza.com\/es\/\",\"logo\":{\"@type\":\"ImageObject\",\"inLanguage\":\"es\",\"@id\":\"https:\/\/www.pressenza.com\/es\/#\/schema\/logo\/image\/\",\"url\":\"https:\/\/www.pressenza.com\/wp-content\/uploads\/2022\/10\/pressenza_logo_200x200.jpg\",\"contentUrl\":\"https:\/\/www.pressenza.com\/wp-content\/uploads\/2022\/10\/pressenza_logo_200x200.jpg\",\"width\":200,\"height\":200,\"caption\":\"Pressenza\"},\"image\":{\"@id\":\"https:\/\/www.pressenza.com\/es\/#\/schema\/logo\/image\/\"},\"sameAs\":[\"https:\/\/www.facebook.com\/PressenzaItalia\",\"https:\/\/x.com\/PressenzaIPA\"]},{\"@type\":\"Person\",\"@id\":\"https:\/\/www.pressenza.com\/es\/#\/schema\/person\/777c39c93856c085c6d5931778fbf85f\",\"name\":\"Aram Aharonian\",\"description\":\"Magister en Integraci\u00f3n, periodista y docente uruguayo, fundador de Telesur, director del Observatorio en Comunicaci\u00f3n y Democracia, presidente de la Fundaci\u00f3n para la Integraci\u00f3n Latinoamericana.\",\"url\":\"https:\/\/www.pressenza.com\/es\/author\/aram-aharonian\/\"}]}<\/script>\n<!-- \/ Yoast SEO plugin. -->","yoast_head_json":{"title":"Cambia, \u00bfalgo cambia?: la ola progresista y la respuesta libertaria","description":"La fuerte ofensiva derechista de los \u00faltimos a\u00f1os en Am\u00e9rica Latina no logr\u00f3 estabilizar una nueva situaci\u00f3n; los fascismos sociales y culturales","robots":{"index":"index","follow":"follow","max-snippet":"max-snippet:-1","max-image-preview":"max-image-preview:large","max-video-preview":"max-video-preview:-1"},"canonical":"https:\/\/www.pressenza.com\/es\/2022\/06\/cambia-algo-cambia-la-ola-progresista-y-la-respuesta-libertaria\/","og_locale":"es_ES","og_type":"article","og_title":"Cambia, \u00bfalgo cambia?: la ola progresista y la respuesta libertaria","og_description":"La fuerte ofensiva derechista de los \u00faltimos a\u00f1os en Am\u00e9rica Latina no logr\u00f3 estabilizar una nueva situaci\u00f3n; los fascismos sociales y culturales","og_url":"https:\/\/www.pressenza.com\/es\/2022\/06\/cambia-algo-cambia-la-ola-progresista-y-la-respuesta-libertaria\/","og_site_name":"Pressenza","article_publisher":"https:\/\/www.facebook.com\/PressenzaItalia","article_published_time":"2022-06-29T22:32:46+00:00","og_image":[{"width":1024,"height":638,"url":"https:\/\/www.pressenza.com\/wp-content\/uploads\/2022\/06\/america_latina.jpg","type":"image\/jpeg"}],"author":"Aram Aharonian","twitter_card":"summary_large_image","twitter_creator":"@PressenzaIPA","twitter_site":"@PressenzaIPA","twitter_misc":{"Escrito por":"Aram Aharonian","Tiempo de lectura":"9 minutos"},"schema":{"@context":"https:\/\/schema.org","@graph":[{"@type":"Article","@id":"https:\/\/www.pressenza.com\/es\/2022\/06\/cambia-algo-cambia-la-ola-progresista-y-la-respuesta-libertaria\/#article","isPartOf":{"@id":"https:\/\/www.pressenza.com\/es\/2022\/06\/cambia-algo-cambia-la-ola-progresista-y-la-respuesta-libertaria\/"},"author":{"name":"Aram Aharonian","@id":"https:\/\/www.pressenza.com\/es\/#\/schema\/person\/777c39c93856c085c6d5931778fbf85f"},"headline":"Cambia, \u00bfalgo cambia?: la ola progresista y la respuesta libertaria","datePublished":"2022-06-29T22:32:46+00:00","mainEntityOfPage":{"@id":"https:\/\/www.pressenza.com\/es\/2022\/06\/cambia-algo-cambia-la-ola-progresista-y-la-respuesta-libertaria\/"},"wordCount":1929,"publisher":{"@id":"https:\/\/www.pressenza.com\/es\/#organization"},"image":{"@id":"https:\/\/www.pressenza.com\/es\/2022\/06\/cambia-algo-cambia-la-ola-progresista-y-la-respuesta-libertaria\/#primaryimage"},"thumbnailUrl":"https:\/\/www.pressenza.com\/wp-content\/uploads\/2022\/06\/america_latina.jpg","keywords":["libertarios","progresismos"],"articleSection":["Pol\u00edtica"],"inLanguage":"es"},{"@type":"WebPage","@id":"https:\/\/www.pressenza.com\/es\/2022\/06\/cambia-algo-cambia-la-ola-progresista-y-la-respuesta-libertaria\/","url":"https:\/\/www.pressenza.com\/es\/2022\/06\/cambia-algo-cambia-la-ola-progresista-y-la-respuesta-libertaria\/","name":"Cambia, \u00bfalgo cambia?: la ola progresista y la respuesta libertaria","isPartOf":{"@id":"https:\/\/www.pressenza.com\/es\/#website"},"primaryImageOfPage":{"@id":"https:\/\/www.pressenza.com\/es\/2022\/06\/cambia-algo-cambia-la-ola-progresista-y-la-respuesta-libertaria\/#primaryimage"},"image":{"@id":"https:\/\/www.pressenza.com\/es\/2022\/06\/cambia-algo-cambia-la-ola-progresista-y-la-respuesta-libertaria\/#primaryimage"},"thumbnailUrl":"https:\/\/www.pressenza.com\/wp-content\/uploads\/2022\/06\/america_latina.jpg","datePublished":"2022-06-29T22:32:46+00:00","description":"La fuerte ofensiva derechista de los \u00faltimos a\u00f1os en Am\u00e9rica Latina no logr\u00f3 estabilizar una nueva situaci\u00f3n; los fascismos sociales y culturales","breadcrumb":{"@id":"https:\/\/www.pressenza.com\/es\/2022\/06\/cambia-algo-cambia-la-ola-progresista-y-la-respuesta-libertaria\/#breadcrumb"},"inLanguage":"es","potentialAction":[{"@type":"ReadAction","target":["https:\/\/www.pressenza.com\/es\/2022\/06\/cambia-algo-cambia-la-ola-progresista-y-la-respuesta-libertaria\/"]}]},{"@type":"ImageObject","inLanguage":"es","@id":"https:\/\/www.pressenza.com\/es\/2022\/06\/cambia-algo-cambia-la-ola-progresista-y-la-respuesta-libertaria\/#primaryimage","url":"https:\/\/www.pressenza.com\/wp-content\/uploads\/2022\/06\/america_latina.jpg","contentUrl":"https:\/\/www.pressenza.com\/wp-content\/uploads\/2022\/06\/america_latina.jpg","width":1024,"height":638},{"@type":"BreadcrumbList","@id":"https:\/\/www.pressenza.com\/es\/2022\/06\/cambia-algo-cambia-la-ola-progresista-y-la-respuesta-libertaria\/#breadcrumb","itemListElement":[{"@type":"ListItem","position":1,"name":"Accueil","item":"https:\/\/www.pressenza.com\/es\/"},{"@type":"ListItem","position":2,"name":"Cambia, \u00bfalgo cambia?: la ola progresista y la respuesta libertaria"}]},{"@type":"WebSite","@id":"https:\/\/www.pressenza.com\/es\/#website","url":"https:\/\/www.pressenza.com\/es\/","name":"Pressenza","description":"International Press Agency","publisher":{"@id":"https:\/\/www.pressenza.com\/es\/#organization"},"potentialAction":[{"@type":"SearchAction","target":{"@type":"EntryPoint","urlTemplate":"https:\/\/www.pressenza.com\/es\/?s={search_term_string}"},"query-input":{"@type":"PropertyValueSpecification","valueRequired":true,"valueName":"search_term_string"}}],"inLanguage":"es"},{"@type":"Organization","@id":"https:\/\/www.pressenza.com\/es\/#organization","name":"Pressenza","url":"https:\/\/www.pressenza.com\/es\/","logo":{"@type":"ImageObject","inLanguage":"es","@id":"https:\/\/www.pressenza.com\/es\/#\/schema\/logo\/image\/","url":"https:\/\/www.pressenza.com\/wp-content\/uploads\/2022\/10\/pressenza_logo_200x200.jpg","contentUrl":"https:\/\/www.pressenza.com\/wp-content\/uploads\/2022\/10\/pressenza_logo_200x200.jpg","width":200,"height":200,"caption":"Pressenza"},"image":{"@id":"https:\/\/www.pressenza.com\/es\/#\/schema\/logo\/image\/"},"sameAs":["https:\/\/www.facebook.com\/PressenzaItalia","https:\/\/x.com\/PressenzaIPA"]},{"@type":"Person","@id":"https:\/\/www.pressenza.com\/es\/#\/schema\/person\/777c39c93856c085c6d5931778fbf85f","name":"Aram Aharonian","description":"Magister en Integraci\u00f3n, periodista y docente uruguayo, fundador de Telesur, director del Observatorio en Comunicaci\u00f3n y Democracia, presidente de la Fundaci\u00f3n para la Integraci\u00f3n Latinoamericana.","url":"https:\/\/www.pressenza.com\/es\/author\/aram-aharonian\/"}]}},"place":"","original_article_url":"https:\/\/estrategia.la\/2022\/06\/29\/cambia-algo-cambia-la-nueva-ola-progresista-y-la-respuesta-libertaria\/","_links":{"self":[{"href":"https:\/\/www.pressenza.com\/es\/wp-json\/wp\/v2\/posts\/1616645","targetHints":{"allow":["GET"]}}],"collection":[{"href":"https:\/\/www.pressenza.com\/es\/wp-json\/wp\/v2\/posts"}],"about":[{"href":"https:\/\/www.pressenza.com\/es\/wp-json\/wp\/v2\/types\/post"}],"author":[{"embeddable":true,"href":"https:\/\/www.pressenza.com\/es\/wp-json\/wp\/v2\/users\/1415"}],"replies":[{"embeddable":true,"href":"https:\/\/www.pressenza.com\/es\/wp-json\/wp\/v2\/comments?post=1616645"}],"version-history":[{"count":0,"href":"https:\/\/www.pressenza.com\/es\/wp-json\/wp\/v2\/posts\/1616645\/revisions"}],"wp:featuredmedia":[{"embeddable":true,"href":"https:\/\/www.pressenza.com\/es\/wp-json\/wp\/v2\/media\/1616647"}],"wp:attachment":[{"href":"https:\/\/www.pressenza.com\/es\/wp-json\/wp\/v2\/media?parent=1616645"}],"wp:term":[{"taxonomy":"category","embeddable":true,"href":"https:\/\/www.pressenza.com\/es\/wp-json\/wp\/v2\/categories?post=1616645"},{"taxonomy":"post_tag","embeddable":true,"href":"https:\/\/www.pressenza.com\/es\/wp-json\/wp\/v2\/tags?post=1616645"}],"curies":[{"name":"wp","href":"https:\/\/api.w.org\/{rel}","templated":true}]}}