{"id":16162,"date":"2012-09-09T21:48:32","date_gmt":"2012-09-09T21:48:32","guid":{"rendered":"http:\/\/www.pressenza.com\/?p=16162"},"modified":"2012-09-10T20:10:32","modified_gmt":"2012-09-10T20:10:32","slug":"rechazo-y-tristeza","status":"publish","type":"post","link":"https:\/\/www.pressenza.com\/es\/2012\/09\/rechazo-y-tristeza\/","title":{"rendered":"Rechazo y tristeza"},"content":{"rendered":"<p>Recibimos esta nota y la publicamos con el pedido de que no la lean mec\u00e1nicamente. No es un repudio m\u00e1s. Les proponemos que por unos minutos intentemos ponernos en el lugar de los familiares de las v\u00edctimas de la AMIA. Es una manera de aproximarnos a su dolor, de compartirlo y hacerles llegar la certeza de que no est\u00e1n solos en su demanda de justicia.<\/p>\n<p><em>\u201cBuenos Aires, 04 de septiembre de 2012\u2033<\/em><\/p>\n<p><em>\u201cLa Asociaci\u00f3n de Familiares y Amigos de las Victimas en el Atentado a la AMIA , 18J, no puede ser ajena y dejar de expresar nuestro rechazo y nuestra tristeza ante la inminente concreci\u00f3n que en la Cena Anual de la AMIA est\u00e9 invitado Mauricio Macri, Jefe de Gobierno de la Ciudad de Buenos Aires, y se le otorgue el honor de dirigirle la palabra a los cientos de asistentes a dicha cena.\u201d<\/em><\/p>\n<p><em>\u201cPens\u00e1bamos que los dirigentes de la AMIA , encabezados por Guillermo Borger, iban a reflexionar y finalmente desistir\u00edan de llevar adelante tan lamentable decisi\u00f3n, pero no es as\u00ed, todo indica que esto se concretar\u00e1 hoy a la noche.\u201d<\/em><\/p>\n<p><em>\u201cSe le da el honor a la persona que defendi\u00f3 y defiende a capa y espada al tambi\u00e9n procesado Jorge \u201cel fino\u201d Palacios, no solo por las escuchas ilegales, sino por algo mucho m\u00e1s grave: est\u00e1 procesado por encubrimiento en la investigaci\u00f3n del Atentado a la AMIA\u201d<\/em><\/p>\n<p><em>\u201cSe nos prohibi\u00f3 la palabra en el acto del \u00faltimo 18 de Julio, no se nos invit\u00f3 a la Cena , se nos acusa de tener un discurso pol\u00edtico partidario y son ellos los que le conceden la palabra a un procesado por perseguir y escuchar a los familiares de las v\u00edctimas del Atentado a la AMIA , pronto a ser llevado a juicio oral por este hecho.\u201d<\/em><\/p>\n<p><em>\u201cEs de una hipocres\u00eda may\u00fascula que la AMIA , siendo querellante en la causa del Atentado, que es la misma instituci\u00f3n que le pide a Dios que ilumine a la Justicia para esclarecer la masacre, invite a qui\u00e9n le falt\u00f3 el respeto a las V\u00edctimas y a los Familiares, y adem\u00e1s banaliz\u00f3 el Holocausto con el silencio c\u00f3mplice de la DAIA y la AMIA.\u201d<\/em><\/p>\n<p><em>\u201cQueda demostrado que a los dirigentes de la AMIA no les interesa en lo m\u00e1s m\u00ednimo la causa por el Atentado, y que tampoco tienen el m\u00e1s m\u00ednimo respeto por las V\u00edctimas y sus Familiares.\u201d<\/em><\/p>\n<p><em>\u201cTengan un acto de dignidad. Abandonen la causa y sigan por el camino que han elegido con esta vergonzosa invitaci\u00f3n.\u201d<\/em><\/p>\n<p>Firman: <strong>Sergio Burstein -Daniel Komarovsky<\/strong><\/p>\n<p>&nbsp;<\/p>\n","protected":false},"excerpt":{"rendered":"<p>Recibimos esta nota y la publicamos con el pedido de que no la lean mec\u00e1nicamente. No es un repudio m\u00e1s. Les proponemos que por unos minutos intentemos ponernos en el lugar de los familiares de las v\u00edctimas de la AMIA.&hellip;<\/p>\n","protected":false},"author":84,"featured_media":16185,"comment_status":"closed","ping_status":"open","sticky":false,"template":"","format":"standard","meta":{"footnotes":""},"categories":[79,67],"tags":[441],"class_list":["post-16162","post","type-post","status-publish","format-standard","has-post-thumbnail","hentry","category-derechos-humanos","category-sudamerica","tag-derechos-humanos"],"yoast_head":"<!-- This site is optimized with the Yoast SEO plugin v27.1.1 - https:\/\/yoast.com\/product\/yoast-seo-wordpress\/ -->\n<title>Rechazo y tristeza<\/title>\n<meta name=\"description\" content=\"Recibimos esta nota y la publicamos con el pedido de que no la lean mec\u00e1nicamente. No es un repudio m\u00e1s. Les proponemos que por unos minutos intentemos\" \/>\n<meta name=\"robots\" content=\"index, follow, max-snippet:-1, max-image-preview:large, max-video-preview:-1\" \/>\n<link rel=\"canonical\" href=\"https:\/\/www.pressenza.com\/es\/2012\/09\/rechazo-y-tristeza\/\" \/>\n<meta property=\"og:locale\" content=\"es_ES\" \/>\n<meta property=\"og:type\" content=\"article\" \/>\n<meta property=\"og:title\" content=\"Rechazo y tristeza\" \/>\n<meta property=\"og:description\" content=\"Recibimos esta nota y la publicamos con el pedido de que no la lean mec\u00e1nicamente. No es un repudio m\u00e1s. Les proponemos que por unos minutos intentemos\" \/>\n<meta property=\"og:url\" content=\"https:\/\/www.pressenza.com\/es\/2012\/09\/rechazo-y-tristeza\/\" \/>\n<meta property=\"og:site_name\" content=\"Pressenza\" \/>\n<meta property=\"article:publisher\" content=\"https:\/\/www.facebook.com\/PressenzaItalia\" \/>\n<meta property=\"article:published_time\" content=\"2012-09-09T21:48:32+00:00\" \/>\n<meta property=\"article:modified_time\" content=\"2012-09-10T20:10:32+00:00\" \/>\n<meta property=\"og:image\" content=\"https:\/\/www.pressenza.com\/wp-content\/uploads\/2012\/09\/Atentados.jpg\" \/>\n\t<meta property=\"og:image:width\" content=\"450\" \/>\n\t<meta property=\"og:image:height\" content=\"600\" \/>\n\t<meta property=\"og:image:type\" content=\"image\/jpeg\" \/>\n<meta name=\"author\" content=\"Luis Ammann\" \/>\n<meta name=\"twitter:card\" content=\"summary_large_image\" \/>\n<meta name=\"twitter:creator\" content=\"@PressenzaIPA\" \/>\n<meta name=\"twitter:site\" content=\"@PressenzaIPA\" \/>\n<meta name=\"twitter:label1\" content=\"Escrito por\" \/>\n\t<meta name=\"twitter:data1\" content=\"Luis Ammann\" \/>\n\t<meta name=\"twitter:label2\" content=\"Tiempo de lectura\" \/>\n\t<meta name=\"twitter:data2\" content=\"2 minutos\" \/>\n<script type=\"application\/ld+json\" class=\"yoast-schema-graph\">{\"@context\":\"https:\/\/schema.org\",\"@graph\":[{\"@type\":\"Article\",\"@id\":\"https:\/\/www.pressenza.com\/es\/2012\/09\/rechazo-y-tristeza\/#article\",\"isPartOf\":{\"@id\":\"https:\/\/www.pressenza.com\/es\/2012\/09\/rechazo-y-tristeza\/\"},\"author\":{\"name\":\"Luis Ammann\",\"@id\":\"https:\/\/www.pressenza.com\/es\/#\/schema\/person\/e30e241b8a43d47c996cf31dbc7b882c\"},\"headline\":\"Rechazo y tristeza\",\"datePublished\":\"2012-09-09T21:48:32+00:00\",\"dateModified\":\"2012-09-10T20:10:32+00:00\",\"mainEntityOfPage\":{\"@id\":\"https:\/\/www.pressenza.com\/es\/2012\/09\/rechazo-y-tristeza\/\"},\"wordCount\":445,\"publisher\":{\"@id\":\"https:\/\/www.pressenza.com\/es\/#organization\"},\"image\":{\"@id\":\"https:\/\/www.pressenza.com\/es\/2012\/09\/rechazo-y-tristeza\/#primaryimage\"},\"thumbnailUrl\":\"https:\/\/www.pressenza.com\/wp-content\/uploads\/2012\/09\/Atentados.jpg\",\"keywords\":[\"Derechos humanos\"],\"articleSection\":[\"Derechos Humanos\",\"Sudam\u00e9rica\"],\"inLanguage\":\"es\"},{\"@type\":\"WebPage\",\"@id\":\"https:\/\/www.pressenza.com\/es\/2012\/09\/rechazo-y-tristeza\/\",\"url\":\"https:\/\/www.pressenza.com\/es\/2012\/09\/rechazo-y-tristeza\/\",\"name\":\"Rechazo y tristeza\",\"isPartOf\":{\"@id\":\"https:\/\/www.pressenza.com\/es\/#website\"},\"primaryImageOfPage\":{\"@id\":\"https:\/\/www.pressenza.com\/es\/2012\/09\/rechazo-y-tristeza\/#primaryimage\"},\"image\":{\"@id\":\"https:\/\/www.pressenza.com\/es\/2012\/09\/rechazo-y-tristeza\/#primaryimage\"},\"thumbnailUrl\":\"https:\/\/www.pressenza.com\/wp-content\/uploads\/2012\/09\/Atentados.jpg\",\"datePublished\":\"2012-09-09T21:48:32+00:00\",\"dateModified\":\"2012-09-10T20:10:32+00:00\",\"description\":\"Recibimos esta nota y la publicamos con el pedido de que no la lean mec\u00e1nicamente. No es un repudio m\u00e1s. Les proponemos que por unos minutos intentemos\",\"breadcrumb\":{\"@id\":\"https:\/\/www.pressenza.com\/es\/2012\/09\/rechazo-y-tristeza\/#breadcrumb\"},\"inLanguage\":\"es\",\"potentialAction\":[{\"@type\":\"ReadAction\",\"target\":[\"https:\/\/www.pressenza.com\/es\/2012\/09\/rechazo-y-tristeza\/\"]}]},{\"@type\":\"ImageObject\",\"inLanguage\":\"es\",\"@id\":\"https:\/\/www.pressenza.com\/es\/2012\/09\/rechazo-y-tristeza\/#primaryimage\",\"url\":\"https:\/\/www.pressenza.com\/wp-content\/uploads\/2012\/09\/Atentados.jpg\",\"contentUrl\":\"https:\/\/www.pressenza.com\/wp-content\/uploads\/2012\/09\/Atentados.jpg\",\"width\":\"450\",\"height\":\"600\"},{\"@type\":\"BreadcrumbList\",\"@id\":\"https:\/\/www.pressenza.com\/es\/2012\/09\/rechazo-y-tristeza\/#breadcrumb\",\"itemListElement\":[{\"@type\":\"ListItem\",\"position\":1,\"name\":\"Accueil\",\"item\":\"https:\/\/www.pressenza.com\/es\/\"},{\"@type\":\"ListItem\",\"position\":2,\"name\":\"Rechazo y tristeza\"}]},{\"@type\":\"WebSite\",\"@id\":\"https:\/\/www.pressenza.com\/es\/#website\",\"url\":\"https:\/\/www.pressenza.com\/es\/\",\"name\":\"Pressenza\",\"description\":\"International Press Agency\",\"publisher\":{\"@id\":\"https:\/\/www.pressenza.com\/es\/#organization\"},\"potentialAction\":[{\"@type\":\"SearchAction\",\"target\":{\"@type\":\"EntryPoint\",\"urlTemplate\":\"https:\/\/www.pressenza.com\/es\/?s={search_term_string}\"},\"query-input\":{\"@type\":\"PropertyValueSpecification\",\"valueRequired\":true,\"valueName\":\"search_term_string\"}}],\"inLanguage\":\"es\"},{\"@type\":\"Organization\",\"@id\":\"https:\/\/www.pressenza.com\/es\/#organization\",\"name\":\"Pressenza\",\"url\":\"https:\/\/www.pressenza.com\/es\/\",\"logo\":{\"@type\":\"ImageObject\",\"inLanguage\":\"es\",\"@id\":\"https:\/\/www.pressenza.com\/es\/#\/schema\/logo\/image\/\",\"url\":\"https:\/\/www.pressenza.com\/wp-content\/uploads\/2022\/10\/pressenza_logo_200x200.jpg\",\"contentUrl\":\"https:\/\/www.pressenza.com\/wp-content\/uploads\/2022\/10\/pressenza_logo_200x200.jpg\",\"width\":200,\"height\":200,\"caption\":\"Pressenza\"},\"image\":{\"@id\":\"https:\/\/www.pressenza.com\/es\/#\/schema\/logo\/image\/\"},\"sameAs\":[\"https:\/\/www.facebook.com\/PressenzaItalia\",\"https:\/\/x.com\/PressenzaIPA\"]},{\"@type\":\"Person\",\"@id\":\"https:\/\/www.pressenza.com\/es\/#\/schema\/person\/e30e241b8a43d47c996cf31dbc7b882c\",\"name\":\"Luis Ammann\",\"description\":\"Escritor, Periodista y Pol\u00edtico Humanista\",\"url\":\"https:\/\/www.pressenza.com\/es\/author\/luis-ammann\/\"}]}<\/script>\n<!-- \/ Yoast SEO plugin. -->","yoast_head_json":{"title":"Rechazo y tristeza","description":"Recibimos esta nota y la publicamos con el pedido de que no la lean mec\u00e1nicamente. No es un repudio m\u00e1s. Les proponemos que por unos minutos intentemos","robots":{"index":"index","follow":"follow","max-snippet":"max-snippet:-1","max-image-preview":"max-image-preview:large","max-video-preview":"max-video-preview:-1"},"canonical":"https:\/\/www.pressenza.com\/es\/2012\/09\/rechazo-y-tristeza\/","og_locale":"es_ES","og_type":"article","og_title":"Rechazo y tristeza","og_description":"Recibimos esta nota y la publicamos con el pedido de que no la lean mec\u00e1nicamente. No es un repudio m\u00e1s. Les proponemos que por unos minutos intentemos","og_url":"https:\/\/www.pressenza.com\/es\/2012\/09\/rechazo-y-tristeza\/","og_site_name":"Pressenza","article_publisher":"https:\/\/www.facebook.com\/PressenzaItalia","article_published_time":"2012-09-09T21:48:32+00:00","article_modified_time":"2012-09-10T20:10:32+00:00","og_image":[{"width":450,"height":600,"url":"https:\/\/www.pressenza.com\/wp-content\/uploads\/2012\/09\/Atentados.jpg","type":"image\/jpeg"}],"author":"Luis Ammann","twitter_card":"summary_large_image","twitter_creator":"@PressenzaIPA","twitter_site":"@PressenzaIPA","twitter_misc":{"Escrito por":"Luis Ammann","Tiempo de lectura":"2 minutos"},"schema":{"@context":"https:\/\/schema.org","@graph":[{"@type":"Article","@id":"https:\/\/www.pressenza.com\/es\/2012\/09\/rechazo-y-tristeza\/#article","isPartOf":{"@id":"https:\/\/www.pressenza.com\/es\/2012\/09\/rechazo-y-tristeza\/"},"author":{"name":"Luis Ammann","@id":"https:\/\/www.pressenza.com\/es\/#\/schema\/person\/e30e241b8a43d47c996cf31dbc7b882c"},"headline":"Rechazo y tristeza","datePublished":"2012-09-09T21:48:32+00:00","dateModified":"2012-09-10T20:10:32+00:00","mainEntityOfPage":{"@id":"https:\/\/www.pressenza.com\/es\/2012\/09\/rechazo-y-tristeza\/"},"wordCount":445,"publisher":{"@id":"https:\/\/www.pressenza.com\/es\/#organization"},"image":{"@id":"https:\/\/www.pressenza.com\/es\/2012\/09\/rechazo-y-tristeza\/#primaryimage"},"thumbnailUrl":"https:\/\/www.pressenza.com\/wp-content\/uploads\/2012\/09\/Atentados.jpg","keywords":["Derechos humanos"],"articleSection":["Derechos Humanos","Sudam\u00e9rica"],"inLanguage":"es"},{"@type":"WebPage","@id":"https:\/\/www.pressenza.com\/es\/2012\/09\/rechazo-y-tristeza\/","url":"https:\/\/www.pressenza.com\/es\/2012\/09\/rechazo-y-tristeza\/","name":"Rechazo y tristeza","isPartOf":{"@id":"https:\/\/www.pressenza.com\/es\/#website"},"primaryImageOfPage":{"@id":"https:\/\/www.pressenza.com\/es\/2012\/09\/rechazo-y-tristeza\/#primaryimage"},"image":{"@id":"https:\/\/www.pressenza.com\/es\/2012\/09\/rechazo-y-tristeza\/#primaryimage"},"thumbnailUrl":"https:\/\/www.pressenza.com\/wp-content\/uploads\/2012\/09\/Atentados.jpg","datePublished":"2012-09-09T21:48:32+00:00","dateModified":"2012-09-10T20:10:32+00:00","description":"Recibimos esta nota y la publicamos con el pedido de que no la lean mec\u00e1nicamente. No es un repudio m\u00e1s. Les proponemos que por unos minutos intentemos","breadcrumb":{"@id":"https:\/\/www.pressenza.com\/es\/2012\/09\/rechazo-y-tristeza\/#breadcrumb"},"inLanguage":"es","potentialAction":[{"@type":"ReadAction","target":["https:\/\/www.pressenza.com\/es\/2012\/09\/rechazo-y-tristeza\/"]}]},{"@type":"ImageObject","inLanguage":"es","@id":"https:\/\/www.pressenza.com\/es\/2012\/09\/rechazo-y-tristeza\/#primaryimage","url":"https:\/\/www.pressenza.com\/wp-content\/uploads\/2012\/09\/Atentados.jpg","contentUrl":"https:\/\/www.pressenza.com\/wp-content\/uploads\/2012\/09\/Atentados.jpg","width":"450","height":"600"},{"@type":"BreadcrumbList","@id":"https:\/\/www.pressenza.com\/es\/2012\/09\/rechazo-y-tristeza\/#breadcrumb","itemListElement":[{"@type":"ListItem","position":1,"name":"Accueil","item":"https:\/\/www.pressenza.com\/es\/"},{"@type":"ListItem","position":2,"name":"Rechazo y tristeza"}]},{"@type":"WebSite","@id":"https:\/\/www.pressenza.com\/es\/#website","url":"https:\/\/www.pressenza.com\/es\/","name":"Pressenza","description":"International Press Agency","publisher":{"@id":"https:\/\/www.pressenza.com\/es\/#organization"},"potentialAction":[{"@type":"SearchAction","target":{"@type":"EntryPoint","urlTemplate":"https:\/\/www.pressenza.com\/es\/?s={search_term_string}"},"query-input":{"@type":"PropertyValueSpecification","valueRequired":true,"valueName":"search_term_string"}}],"inLanguage":"es"},{"@type":"Organization","@id":"https:\/\/www.pressenza.com\/es\/#organization","name":"Pressenza","url":"https:\/\/www.pressenza.com\/es\/","logo":{"@type":"ImageObject","inLanguage":"es","@id":"https:\/\/www.pressenza.com\/es\/#\/schema\/logo\/image\/","url":"https:\/\/www.pressenza.com\/wp-content\/uploads\/2022\/10\/pressenza_logo_200x200.jpg","contentUrl":"https:\/\/www.pressenza.com\/wp-content\/uploads\/2022\/10\/pressenza_logo_200x200.jpg","width":200,"height":200,"caption":"Pressenza"},"image":{"@id":"https:\/\/www.pressenza.com\/es\/#\/schema\/logo\/image\/"},"sameAs":["https:\/\/www.facebook.com\/PressenzaItalia","https:\/\/x.com\/PressenzaIPA"]},{"@type":"Person","@id":"https:\/\/www.pressenza.com\/es\/#\/schema\/person\/e30e241b8a43d47c996cf31dbc7b882c","name":"Luis Ammann","description":"Escritor, Periodista y Pol\u00edtico Humanista","url":"https:\/\/www.pressenza.com\/es\/author\/luis-ammann\/"}]}},"place":"Buenos Aires","original_article_url":"","_links":{"self":[{"href":"https:\/\/www.pressenza.com\/es\/wp-json\/wp\/v2\/posts\/16162","targetHints":{"allow":["GET"]}}],"collection":[{"href":"https:\/\/www.pressenza.com\/es\/wp-json\/wp\/v2\/posts"}],"about":[{"href":"https:\/\/www.pressenza.com\/es\/wp-json\/wp\/v2\/types\/post"}],"author":[{"embeddable":true,"href":"https:\/\/www.pressenza.com\/es\/wp-json\/wp\/v2\/users\/84"}],"replies":[{"embeddable":true,"href":"https:\/\/www.pressenza.com\/es\/wp-json\/wp\/v2\/comments?post=16162"}],"version-history":[{"count":0,"href":"https:\/\/www.pressenza.com\/es\/wp-json\/wp\/v2\/posts\/16162\/revisions"}],"wp:featuredmedia":[{"embeddable":true,"href":"https:\/\/www.pressenza.com\/es\/wp-json\/wp\/v2\/media\/16185"}],"wp:attachment":[{"href":"https:\/\/www.pressenza.com\/es\/wp-json\/wp\/v2\/media?parent=16162"}],"wp:term":[{"taxonomy":"category","embeddable":true,"href":"https:\/\/www.pressenza.com\/es\/wp-json\/wp\/v2\/categories?post=16162"},{"taxonomy":"post_tag","embeddable":true,"href":"https:\/\/www.pressenza.com\/es\/wp-json\/wp\/v2\/tags?post=16162"}],"curies":[{"name":"wp","href":"https:\/\/api.w.org\/{rel}","templated":true}]}}