{"id":1616,"date":"2009-10-05T00:00:00","date_gmt":"2009-10-05T00:00:00","guid":{"rendered":""},"modified":"2009-10-06T10:40:19","modified_gmt":"2009-10-06T10:40:19","slug":"se-inicia-la-travesia-mundial-por-la-paz-en-sao-paulo-junto-con-campana-de-entrega-de-armas-de-la-alcaldia","status":"publish","type":"post","link":"https:\/\/www.pressenza.com\/es\/2009\/10\/se-inicia-la-travesia-mundial-por-la-paz-en-sao-paulo-junto-con-campana-de-entrega-de-armas-de-la-alcaldia\/","title":{"rendered":"Se inicia la traves\u00eda mundial por la paz en S\u00e3o Paulo junto con campa\u00f1a de entrega de armas de la alcald\u00eda"},"content":{"rendered":"<p>La iniciativa, que cont\u00f3 con el apoyo de la alcald\u00eda, a trav\u00e9s de la Secretaria de Participaci\u00f3n y Cooperaci\u00f3n, fue precedida de un acto ecum\u00e9nico, a las 11 horas, en la sede de la alcald\u00eda de S\u00e3o Paulo. Estuvieron presentes el alcalde Gilberto Kassab, el Secretario de Participaci\u00f3n y Cooperaci\u00f3n Ricardo Montoro y las dem\u00e1s autoridades municipales. Durante el acto, la alcald\u00eda lanz\u00f3 la segunda etapa de la Campa\u00f1a de Entrega Voluntaria de Armas. Con la nueva Campa\u00f1a, se crear\u00e1n 31 puestos de la Guardia Civil Metropolitana distribuidos por toda la ciudad, para que los ciudadanos que deseen entregar sus armas puedan hacerlo de forma f\u00e1cil y r\u00e1pida.<\/p>\n<p>\u00abCreo en ejemplos como este para recordarnos que se necesita una actitud que exhorte a la paz y la no violencia en todas nuestras acciones\u00bb, manifiesta el Secretario de Participaci\u00f3n y Cooperaci\u00f3n, Ricardo Montoro.<\/p>\n<p>La Marcha Mundial por la Paz y la No Violencia es una iniciativa internacional de la ONG Mundo Sin Guerras, apoyada por centenas de organizaciones y personalidades de todo el mundo, incluyendo presidentes, celebridades del mundo art\u00edstico y deportivo y premios Nobel. El d\u00eda 2 de octubre es el D\u00eda Internacional de la No Violencia y conmemora el nacimiento de Mahatma Gandhi, fecha en la que se celebrar\u00e1n actos y eventos simult\u00e1neos en m\u00e1s de 300 ciudades del mundo.<\/p>\n<p>F\u00edsicamente, comenz\u00f3 con un equipo internacional con integrantes de diversas nacionalidades, que va a realizar un recorrido por todo el mundo durante tres meses, saliendo de Wellington, en Nueva Zelanda, pasando por los seis continentes, para terminar el 2 de enero de 2010 a los pies del Aconcagua, en Argentina. En cada lugar, el equipo base internacional, formado por personas de decenas de pa\u00edses y etnias, ser\u00e1 recibido por un comit\u00e9 local y participar\u00e1 en actividades diversas, como conciertos musicales, actos ecum\u00e9nicos y caminatas simb\u00f3licas, entre otros.<\/p>\n<p>En Brasil, est\u00e1 prevista la llegada del equipo internacional el d\u00eda 16 de diciembre, en Recife (PE), para despu\u00e9s pasar por Salvador (BA), R\u00edo de Janeiro (RJ), S\u00e3o Paulo (SP), Curitiba (PR), Florian\u00f3polis (SC) y Porto Alegre (RS). \u00abEl paso del equipo base por Brasil va a aglutinar centenas de actividades por la paz que estamos organizando para contribuir a la que pretende ser la mayor manifestaci\u00f3n pacifista de la historia\u00bb, afirma el periodista Alexandre Sammogini, portavoz de la marcha en Brasil, que estuvo recientemente en Jap\u00f3n para representar al equipo brasile\u00f1o de la marcha en las ceremonias que recuerdan las bombas at\u00f3micas de Hiroshima y Nagasaki.<\/p>\n<p>M\u00e1s informaci\u00f3n:<\/p>\n<p><www.marchamundial.org.br><br \/>\n<www.marchamundial.net><\/p>\n<p><http:\/\/portal.prefeitura.sp.gov.br\/noticias\/sec\/participacao_parceria\/2009\/09\/0032><\/p>\n<p>Campa\u00f1a de desarme<\/p>\n<p>Para saber cu\u00e1l es el puesto m\u00e1s pr\u00f3ximo a su hogar y recibir orientaciones generales, el ciudadano debe llamar al n\u00famero 153, gratuito, o acceder al sitio web de la alcald\u00eda, www.prefeitura.sp.gov.br<\/p>\n<p>\u00abActualmente, en todo Brasil es posible entregar armas de fuego en las delegaciones de la Polic\u00eda Federal. La adhesi\u00f3n de la alcald\u00eda de S\u00e3o Paulo a la campa\u00f1a es un refuerzo importante a la iniciativa, ya que sus ciudadanos contar\u00e1n con m\u00e1s lugares donde entregar las armas\u00bb, recuerda Melina Risso, directora del Instituto Sou de la Paz.<\/p>\n<p>En las pr\u00f3ximas semanas, puestos itinerantes se dirigir\u00e1n a diferentes puntos de la ciudad.<\/p>\n<p>C\u00d3MO ENTREGAR UN ARMA:<\/p>\n<p>&#8211; Cualquier persona puede entregar un arma;<\/p>\n<p>&#8211; No es necesario que el arma est\u00e9 registrada;<\/p>\n<p>&#8211; Habr\u00e1 una indemnizaci\u00f3n, que var\u00eda entre 110 y 300 reales brasile\u00f1os, seg\u00fan el tipo de arma;<\/p>\n<p>&#8211; No se le preguntar\u00e1 a la persona sobre el origen del arma;<\/p>\n<p>&#8211; El arma ser\u00e1 inmediatamente inutilizada delante de la persona que la entregue, imposibilitando definitivamente su retorno a las calles.<\/p>\n<p>Procedimiento para la entrega del arma:<\/p>\n<p>&#8211; El ciudadano debe retirar una Gu\u00eda de Tr\u00e1nsito, que permite que pueda llevar el arma hasta el punto de entrega. Ello puede realizarse a trav\u00e9s del sitio web de la Polic\u00eda Federal (http:\/\/www.dpf.gov.br) o en cualquiera de los puntos de recogida. Importante: la Gu\u00eda tiene validez para un solo d\u00eda.<\/p>\n<p>&#8211; A continuaci\u00f3n el ciudadano, con la Gu\u00eda, debe llevar su arma sin identificaci\u00f3n y sin municiones hasta el punto de recogida. Se aconseja envolver varias veces el arma en papel de peri\u00f3dico, o colocarla sin municiones en una caja de zapatos.<\/p>\n<p>&#8211; En el punto de recogida, el ciudadano recibir\u00e1 un resguardo de la ficha de indemnizaci\u00f3n, que deber\u00e1 guardar como prueba de que el arma ha sido entregada.<\/p>\n<p>&#8211; Preguntas: llame al 153 o acceda al sitio web www.prefeitura.sp.gov.br.<\/p>\n<p>*(Traducci\u00f3n: Pilar Royo)*<\/p>\n","protected":false},"excerpt":{"rendered":"<p>La actuaci\u00f3n de los alpinistas llam\u00f3 la atenci\u00f3n de los peatones que pasaban por el Centro de S\u00e3o Paulo a la hora del almuerzo del viernes 2 de octubre. Bruno Sellmer y F\u00e1bio Cascino, con el apoyo de sus hijos de 8 y 11 a\u00f1os, escalaron la fachada del Shopping Light para desplegar una pancarta de treinta metros que dio inicio a la Marcha Mundial por la Paz en S\u00e3o Paulo.<\/p>\n","protected":false},"author":19,"featured_media":0,"comment_status":"closed","ping_status":"open","sticky":false,"template":"","format":"standard","meta":{"footnotes":""},"categories":[39,161,74,67],"tags":[],"class_list":["post-1616","post","type-post","status-publish","format-standard","hentry","category-internacional","category-opiniones","category-politica-es","category-sudamerica"],"yoast_head":"<!-- This site is optimized with the Yoast SEO plugin v27.1.1 - https:\/\/yoast.com\/product\/yoast-seo-wordpress\/ -->\n<title>Se inicia la traves\u00eda mundial por la paz en S\u00e3o Paulo junto con campa\u00f1a de entrega de armas de la alcald\u00eda<\/title>\n<meta name=\"description\" content=\"La actuaci\u00f3n de los alpinistas llam\u00f3 la atenci\u00f3n de los peatones que pasaban por el Centro de S\u00e3o Paulo a la hora del almuerzo del viernes 2 de octubre. Bruno Sellmer y F\u00e1bio Cascino, con el apoyo de sus hijos de 8 y 11 a\u00f1os, escalaron la fachada del Shopping Light para desplegar una pancarta de treinta metros que dio inicio a la Marcha Mundial por la Paz en S\u00e3o Paulo.\" \/>\n<meta name=\"robots\" content=\"index, follow, max-snippet:-1, max-image-preview:large, max-video-preview:-1\" \/>\n<link rel=\"canonical\" href=\"https:\/\/www.pressenza.com\/es\/2009\/10\/se-inicia-la-travesia-mundial-por-la-paz-en-sao-paulo-junto-con-campana-de-entrega-de-armas-de-la-alcaldia\/\" \/>\n<meta property=\"og:locale\" content=\"es_ES\" \/>\n<meta property=\"og:type\" content=\"article\" \/>\n<meta property=\"og:title\" content=\"Se inicia la traves\u00eda mundial por la paz en S\u00e3o Paulo junto con campa\u00f1a de entrega de armas de la alcald\u00eda\" \/>\n<meta property=\"og:description\" content=\"La actuaci\u00f3n de los alpinistas llam\u00f3 la atenci\u00f3n de los peatones que pasaban por el Centro de S\u00e3o Paulo a la hora del almuerzo del viernes 2 de octubre. Bruno Sellmer y F\u00e1bio Cascino, con el apoyo de sus hijos de 8 y 11 a\u00f1os, escalaron la fachada del Shopping Light para desplegar una pancarta de treinta metros que dio inicio a la Marcha Mundial por la Paz en S\u00e3o Paulo.\" \/>\n<meta property=\"og:url\" content=\"https:\/\/www.pressenza.com\/es\/2009\/10\/se-inicia-la-travesia-mundial-por-la-paz-en-sao-paulo-junto-con-campana-de-entrega-de-armas-de-la-alcaldia\/\" \/>\n<meta property=\"og:site_name\" content=\"Pressenza\" \/>\n<meta property=\"article:publisher\" content=\"https:\/\/www.facebook.com\/PressenzaItalia\" \/>\n<meta property=\"article:author\" content=\"https:\/\/www.facebook.com\/pressenza\" \/>\n<meta property=\"article:published_time\" content=\"2009-10-05T00:00:00+00:00\" \/>\n<meta property=\"article:modified_time\" content=\"2009-10-06T10:40:19+00:00\" \/>\n<meta name=\"author\" content=\"Pressenza IPA\" \/>\n<meta name=\"twitter:card\" content=\"summary_large_image\" \/>\n<meta name=\"twitter:creator\" content=\"@PressenzaIPA\" \/>\n<meta name=\"twitter:site\" content=\"@PressenzaIPA\" \/>\n<meta name=\"twitter:label1\" content=\"Escrito por\" \/>\n\t<meta name=\"twitter:data1\" content=\"Pressenza IPA\" \/>\n\t<meta name=\"twitter:label2\" content=\"Tiempo de lectura\" \/>\n\t<meta name=\"twitter:data2\" content=\"4 minutos\" \/>\n<script type=\"application\/ld+json\" class=\"yoast-schema-graph\">{\"@context\":\"https:\/\/schema.org\",\"@graph\":[{\"@type\":\"Article\",\"@id\":\"https:\/\/www.pressenza.com\/es\/2009\/10\/se-inicia-la-travesia-mundial-por-la-paz-en-sao-paulo-junto-con-campana-de-entrega-de-armas-de-la-alcaldia\/#article\",\"isPartOf\":{\"@id\":\"https:\/\/www.pressenza.com\/es\/2009\/10\/se-inicia-la-travesia-mundial-por-la-paz-en-sao-paulo-junto-con-campana-de-entrega-de-armas-de-la-alcaldia\/\"},\"author\":{\"name\":\"Pressenza IPA\",\"@id\":\"https:\/\/www.pressenza.com\/es\/#\/schema\/person\/010e5d02bcf40965427a1289a4cc8d75\"},\"headline\":\"Se inicia la traves\u00eda mundial por la paz en S\u00e3o Paulo junto con campa\u00f1a de entrega de armas de la alcald\u00eda\",\"datePublished\":\"2009-10-05T00:00:00+00:00\",\"dateModified\":\"2009-10-06T10:40:19+00:00\",\"mainEntityOfPage\":{\"@id\":\"https:\/\/www.pressenza.com\/es\/2009\/10\/se-inicia-la-travesia-mundial-por-la-paz-en-sao-paulo-junto-con-campana-de-entrega-de-armas-de-la-alcaldia\/\"},\"wordCount\":831,\"publisher\":{\"@id\":\"https:\/\/www.pressenza.com\/es\/#organization\"},\"articleSection\":[\"Internacional\",\"Opiniones\",\"Pol\u00edtica\",\"Sudam\u00e9rica\"],\"inLanguage\":\"es\"},{\"@type\":\"WebPage\",\"@id\":\"https:\/\/www.pressenza.com\/es\/2009\/10\/se-inicia-la-travesia-mundial-por-la-paz-en-sao-paulo-junto-con-campana-de-entrega-de-armas-de-la-alcaldia\/\",\"url\":\"https:\/\/www.pressenza.com\/es\/2009\/10\/se-inicia-la-travesia-mundial-por-la-paz-en-sao-paulo-junto-con-campana-de-entrega-de-armas-de-la-alcaldia\/\",\"name\":\"Se inicia la traves\u00eda mundial por la paz en S\u00e3o Paulo junto con campa\u00f1a de entrega de armas de la alcald\u00eda\",\"isPartOf\":{\"@id\":\"https:\/\/www.pressenza.com\/es\/#website\"},\"datePublished\":\"2009-10-05T00:00:00+00:00\",\"dateModified\":\"2009-10-06T10:40:19+00:00\",\"description\":\"La actuaci\u00f3n de los alpinistas llam\u00f3 la atenci\u00f3n de los peatones que pasaban por el Centro de S\u00e3o Paulo a la hora del almuerzo del viernes 2 de octubre. Bruno Sellmer y F\u00e1bio Cascino, con el apoyo de sus hijos de 8 y 11 a\u00f1os, escalaron la fachada del Shopping Light para desplegar una pancarta de treinta metros que dio inicio a la Marcha Mundial por la Paz en S\u00e3o Paulo.\",\"breadcrumb\":{\"@id\":\"https:\/\/www.pressenza.com\/es\/2009\/10\/se-inicia-la-travesia-mundial-por-la-paz-en-sao-paulo-junto-con-campana-de-entrega-de-armas-de-la-alcaldia\/#breadcrumb\"},\"inLanguage\":\"es\",\"potentialAction\":[{\"@type\":\"ReadAction\",\"target\":[\"https:\/\/www.pressenza.com\/es\/2009\/10\/se-inicia-la-travesia-mundial-por-la-paz-en-sao-paulo-junto-con-campana-de-entrega-de-armas-de-la-alcaldia\/\"]}]},{\"@type\":\"BreadcrumbList\",\"@id\":\"https:\/\/www.pressenza.com\/es\/2009\/10\/se-inicia-la-travesia-mundial-por-la-paz-en-sao-paulo-junto-con-campana-de-entrega-de-armas-de-la-alcaldia\/#breadcrumb\",\"itemListElement\":[{\"@type\":\"ListItem\",\"position\":1,\"name\":\"Accueil\",\"item\":\"https:\/\/www.pressenza.com\/es\/\"},{\"@type\":\"ListItem\",\"position\":2,\"name\":\"Se inicia la traves\u00eda mundial por la paz en S\u00e3o Paulo junto con campa\u00f1a de entrega de armas de la alcald\u00eda\"}]},{\"@type\":\"WebSite\",\"@id\":\"https:\/\/www.pressenza.com\/es\/#website\",\"url\":\"https:\/\/www.pressenza.com\/es\/\",\"name\":\"Pressenza\",\"description\":\"International Press Agency\",\"publisher\":{\"@id\":\"https:\/\/www.pressenza.com\/es\/#organization\"},\"potentialAction\":[{\"@type\":\"SearchAction\",\"target\":{\"@type\":\"EntryPoint\",\"urlTemplate\":\"https:\/\/www.pressenza.com\/es\/?s={search_term_string}\"},\"query-input\":{\"@type\":\"PropertyValueSpecification\",\"valueRequired\":true,\"valueName\":\"search_term_string\"}}],\"inLanguage\":\"es\"},{\"@type\":\"Organization\",\"@id\":\"https:\/\/www.pressenza.com\/es\/#organization\",\"name\":\"Pressenza\",\"url\":\"https:\/\/www.pressenza.com\/es\/\",\"logo\":{\"@type\":\"ImageObject\",\"inLanguage\":\"es\",\"@id\":\"https:\/\/www.pressenza.com\/es\/#\/schema\/logo\/image\/\",\"url\":\"https:\/\/www.pressenza.com\/wp-content\/uploads\/2022\/10\/pressenza_logo_200x200.jpg\",\"contentUrl\":\"https:\/\/www.pressenza.com\/wp-content\/uploads\/2022\/10\/pressenza_logo_200x200.jpg\",\"width\":200,\"height\":200,\"caption\":\"Pressenza\"},\"image\":{\"@id\":\"https:\/\/www.pressenza.com\/es\/#\/schema\/logo\/image\/\"},\"sameAs\":[\"https:\/\/www.facebook.com\/PressenzaItalia\",\"https:\/\/x.com\/PressenzaIPA\"]},{\"@type\":\"Person\",\"@id\":\"https:\/\/www.pressenza.com\/es\/#\/schema\/person\/010e5d02bcf40965427a1289a4cc8d75\",\"name\":\"Pressenza IPA\",\"description\":\"News from Pressenza IPA correspondents\",\"sameAs\":[\"https:\/\/www.facebook.com\/pressenza\",\"https:\/\/x.com\/PressenzaIPA\"],\"url\":\"https:\/\/www.pressenza.com\/es\/author\/pressenza-ipa\/\"}]}<\/script>\n<!-- \/ Yoast SEO plugin. -->","yoast_head_json":{"title":"Se inicia la traves\u00eda mundial por la paz en S\u00e3o Paulo junto con campa\u00f1a de entrega de armas de la alcald\u00eda","description":"La actuaci\u00f3n de los alpinistas llam\u00f3 la atenci\u00f3n de los peatones que pasaban por el Centro de S\u00e3o Paulo a la hora del almuerzo del viernes 2 de octubre. Bruno Sellmer y F\u00e1bio Cascino, con el apoyo de sus hijos de 8 y 11 a\u00f1os, escalaron la fachada del Shopping Light para desplegar una pancarta de treinta metros que dio inicio a la Marcha Mundial por la Paz en S\u00e3o Paulo.","robots":{"index":"index","follow":"follow","max-snippet":"max-snippet:-1","max-image-preview":"max-image-preview:large","max-video-preview":"max-video-preview:-1"},"canonical":"https:\/\/www.pressenza.com\/es\/2009\/10\/se-inicia-la-travesia-mundial-por-la-paz-en-sao-paulo-junto-con-campana-de-entrega-de-armas-de-la-alcaldia\/","og_locale":"es_ES","og_type":"article","og_title":"Se inicia la traves\u00eda mundial por la paz en S\u00e3o Paulo junto con campa\u00f1a de entrega de armas de la alcald\u00eda","og_description":"La actuaci\u00f3n de los alpinistas llam\u00f3 la atenci\u00f3n de los peatones que pasaban por el Centro de S\u00e3o Paulo a la hora del almuerzo del viernes 2 de octubre. Bruno Sellmer y F\u00e1bio Cascino, con el apoyo de sus hijos de 8 y 11 a\u00f1os, escalaron la fachada del Shopping Light para desplegar una pancarta de treinta metros que dio inicio a la Marcha Mundial por la Paz en S\u00e3o Paulo.","og_url":"https:\/\/www.pressenza.com\/es\/2009\/10\/se-inicia-la-travesia-mundial-por-la-paz-en-sao-paulo-junto-con-campana-de-entrega-de-armas-de-la-alcaldia\/","og_site_name":"Pressenza","article_publisher":"https:\/\/www.facebook.com\/PressenzaItalia","article_author":"https:\/\/www.facebook.com\/pressenza","article_published_time":"2009-10-05T00:00:00+00:00","article_modified_time":"2009-10-06T10:40:19+00:00","author":"Pressenza IPA","twitter_card":"summary_large_image","twitter_creator":"@PressenzaIPA","twitter_site":"@PressenzaIPA","twitter_misc":{"Escrito por":"Pressenza IPA","Tiempo de lectura":"4 minutos"},"schema":{"@context":"https:\/\/schema.org","@graph":[{"@type":"Article","@id":"https:\/\/www.pressenza.com\/es\/2009\/10\/se-inicia-la-travesia-mundial-por-la-paz-en-sao-paulo-junto-con-campana-de-entrega-de-armas-de-la-alcaldia\/#article","isPartOf":{"@id":"https:\/\/www.pressenza.com\/es\/2009\/10\/se-inicia-la-travesia-mundial-por-la-paz-en-sao-paulo-junto-con-campana-de-entrega-de-armas-de-la-alcaldia\/"},"author":{"name":"Pressenza IPA","@id":"https:\/\/www.pressenza.com\/es\/#\/schema\/person\/010e5d02bcf40965427a1289a4cc8d75"},"headline":"Se inicia la traves\u00eda mundial por la paz en S\u00e3o Paulo junto con campa\u00f1a de entrega de armas de la alcald\u00eda","datePublished":"2009-10-05T00:00:00+00:00","dateModified":"2009-10-06T10:40:19+00:00","mainEntityOfPage":{"@id":"https:\/\/www.pressenza.com\/es\/2009\/10\/se-inicia-la-travesia-mundial-por-la-paz-en-sao-paulo-junto-con-campana-de-entrega-de-armas-de-la-alcaldia\/"},"wordCount":831,"publisher":{"@id":"https:\/\/www.pressenza.com\/es\/#organization"},"articleSection":["Internacional","Opiniones","Pol\u00edtica","Sudam\u00e9rica"],"inLanguage":"es"},{"@type":"WebPage","@id":"https:\/\/www.pressenza.com\/es\/2009\/10\/se-inicia-la-travesia-mundial-por-la-paz-en-sao-paulo-junto-con-campana-de-entrega-de-armas-de-la-alcaldia\/","url":"https:\/\/www.pressenza.com\/es\/2009\/10\/se-inicia-la-travesia-mundial-por-la-paz-en-sao-paulo-junto-con-campana-de-entrega-de-armas-de-la-alcaldia\/","name":"Se inicia la traves\u00eda mundial por la paz en S\u00e3o Paulo junto con campa\u00f1a de entrega de armas de la alcald\u00eda","isPartOf":{"@id":"https:\/\/www.pressenza.com\/es\/#website"},"datePublished":"2009-10-05T00:00:00+00:00","dateModified":"2009-10-06T10:40:19+00:00","description":"La actuaci\u00f3n de los alpinistas llam\u00f3 la atenci\u00f3n de los peatones que pasaban por el Centro de S\u00e3o Paulo a la hora del almuerzo del viernes 2 de octubre. Bruno Sellmer y F\u00e1bio Cascino, con el apoyo de sus hijos de 8 y 11 a\u00f1os, escalaron la fachada del Shopping Light para desplegar una pancarta de treinta metros que dio inicio a la Marcha Mundial por la Paz en S\u00e3o Paulo.","breadcrumb":{"@id":"https:\/\/www.pressenza.com\/es\/2009\/10\/se-inicia-la-travesia-mundial-por-la-paz-en-sao-paulo-junto-con-campana-de-entrega-de-armas-de-la-alcaldia\/#breadcrumb"},"inLanguage":"es","potentialAction":[{"@type":"ReadAction","target":["https:\/\/www.pressenza.com\/es\/2009\/10\/se-inicia-la-travesia-mundial-por-la-paz-en-sao-paulo-junto-con-campana-de-entrega-de-armas-de-la-alcaldia\/"]}]},{"@type":"BreadcrumbList","@id":"https:\/\/www.pressenza.com\/es\/2009\/10\/se-inicia-la-travesia-mundial-por-la-paz-en-sao-paulo-junto-con-campana-de-entrega-de-armas-de-la-alcaldia\/#breadcrumb","itemListElement":[{"@type":"ListItem","position":1,"name":"Accueil","item":"https:\/\/www.pressenza.com\/es\/"},{"@type":"ListItem","position":2,"name":"Se inicia la traves\u00eda mundial por la paz en S\u00e3o Paulo junto con campa\u00f1a de entrega de armas de la alcald\u00eda"}]},{"@type":"WebSite","@id":"https:\/\/www.pressenza.com\/es\/#website","url":"https:\/\/www.pressenza.com\/es\/","name":"Pressenza","description":"International Press Agency","publisher":{"@id":"https:\/\/www.pressenza.com\/es\/#organization"},"potentialAction":[{"@type":"SearchAction","target":{"@type":"EntryPoint","urlTemplate":"https:\/\/www.pressenza.com\/es\/?s={search_term_string}"},"query-input":{"@type":"PropertyValueSpecification","valueRequired":true,"valueName":"search_term_string"}}],"inLanguage":"es"},{"@type":"Organization","@id":"https:\/\/www.pressenza.com\/es\/#organization","name":"Pressenza","url":"https:\/\/www.pressenza.com\/es\/","logo":{"@type":"ImageObject","inLanguage":"es","@id":"https:\/\/www.pressenza.com\/es\/#\/schema\/logo\/image\/","url":"https:\/\/www.pressenza.com\/wp-content\/uploads\/2022\/10\/pressenza_logo_200x200.jpg","contentUrl":"https:\/\/www.pressenza.com\/wp-content\/uploads\/2022\/10\/pressenza_logo_200x200.jpg","width":200,"height":200,"caption":"Pressenza"},"image":{"@id":"https:\/\/www.pressenza.com\/es\/#\/schema\/logo\/image\/"},"sameAs":["https:\/\/www.facebook.com\/PressenzaItalia","https:\/\/x.com\/PressenzaIPA"]},{"@type":"Person","@id":"https:\/\/www.pressenza.com\/es\/#\/schema\/person\/010e5d02bcf40965427a1289a4cc8d75","name":"Pressenza IPA","description":"News from Pressenza IPA correspondents","sameAs":["https:\/\/www.facebook.com\/pressenza","https:\/\/x.com\/PressenzaIPA"],"url":"https:\/\/www.pressenza.com\/es\/author\/pressenza-ipa\/"}]}},"place":"S\u00e3o Paulo","original_article_url":"","_links":{"self":[{"href":"https:\/\/www.pressenza.com\/es\/wp-json\/wp\/v2\/posts\/1616","targetHints":{"allow":["GET"]}}],"collection":[{"href":"https:\/\/www.pressenza.com\/es\/wp-json\/wp\/v2\/posts"}],"about":[{"href":"https:\/\/www.pressenza.com\/es\/wp-json\/wp\/v2\/types\/post"}],"author":[{"embeddable":true,"href":"https:\/\/www.pressenza.com\/es\/wp-json\/wp\/v2\/users\/19"}],"replies":[{"embeddable":true,"href":"https:\/\/www.pressenza.com\/es\/wp-json\/wp\/v2\/comments?post=1616"}],"version-history":[{"count":0,"href":"https:\/\/www.pressenza.com\/es\/wp-json\/wp\/v2\/posts\/1616\/revisions"}],"wp:attachment":[{"href":"https:\/\/www.pressenza.com\/es\/wp-json\/wp\/v2\/media?parent=1616"}],"wp:term":[{"taxonomy":"category","embeddable":true,"href":"https:\/\/www.pressenza.com\/es\/wp-json\/wp\/v2\/categories?post=1616"},{"taxonomy":"post_tag","embeddable":true,"href":"https:\/\/www.pressenza.com\/es\/wp-json\/wp\/v2\/tags?post=1616"}],"curies":[{"name":"wp","href":"https:\/\/api.w.org\/{rel}","templated":true}]}}