{"id":161551,"date":"2015-02-11T16:08:58","date_gmt":"2015-02-11T16:08:58","guid":{"rendered":"http:\/\/www.pressenza.com\/?p=161551"},"modified":"2018-03-16T22:21:35","modified_gmt":"2018-03-16T22:21:35","slug":"colombia-paz-y-conflictos","status":"publish","type":"post","link":"https:\/\/www.pressenza.com\/es\/2015\/02\/colombia-paz-y-conflictos\/","title":{"rendered":"Colombia, paz y conflictos"},"content":{"rendered":"<p style=\"text-align: justify;\">En La Habana se reanudaron los di\u00e1logos entre las FARC-EP y el gobierno. En Colombia avanzan movimientos sociales y pol\u00edticos en favor de la paz. Pero mientras se acerca la soluci\u00f3n al enfrentamiento armado, el conflicto pol\u00edtico y social contin\u00faa.<\/p>\n<div style=\"text-align: justify;\">\n<p>El presidente colombiano Juan Manuel Santos, en octubre pasado, se arriesg\u00f3 a sostener que este 2015 va a ser el a\u00f1o de la paz para Colombia. Si bien pocos d\u00edas despu\u00e9s de sus declaraciones,\u00a0<a href=\"http:\/\/notas.org.ar\/2014\/11\/20\/colombia-zancadillas-paz\/\" target=\"_blank\" rel=\"noopener\">\u00e9l mismo decret\u00f3 la primera suspensi\u00f3n de los di\u00e1logos de La Habana con la guerrilla de las FARC<\/a>, el tiempo parece haber encaminado las cosas para que la predicci\u00f3n tenga posibilidades de cumplimiento. Por lo menos por como Santos lo entiende.<\/p>\n<p>El a\u00f1o arranc\u00f3 con una aceleraci\u00f3n de las negociaciones que empezaron en 2012 y que cerraron el 2014 con cierto estancamiento en torno al tercer punto de debate, el reconocimiento y resarcimiento de las v\u00edctimas del conflicto armado. El ciclo 2015, que empez\u00f3 el pasado primero de febrero, se propone concluir \u00e9ste y el \u00faltimo tema acordado en el Acuerdo General para la terminaci\u00f3n del conflicto y la construcci\u00f3n de una paz estable y duradera de 2012, el fin del conflicto armado. Pero si bien para el gobierno esta ser\u00eda la \u00fanica paz que Colombia necesita, los \u00faltimos acontecimientos dejan en claro que a\u00fan depuestas las armas, quedan muchas cosas por resolver.<\/p>\n<p><strong>Una paz, muchos conflictos<\/strong><\/p>\n<p>Si bien la l\u00f3gica que regula el di\u00e1logo se puede resumir en la frase \u201cnada est\u00e1 acordado hasta que todo est\u00e9 acordado\u201d, se puede afirmar que en los \u00faltimos dos a\u00f1os ha habido avances sustanciales de un proceso que a todas luces no tiene vuelta atr\u00e1s. Los acuerdos logrados en los primeros tres puntos de los di\u00e1logos -pol\u00edtica agraria, participaci\u00f3n pol\u00edtica de la guerrilla y drogas il\u00edcitas-, han generado un clima en el cual ambas partes se ven obligadas a continuar hasta lograr el efectivo fin del conflicto armado.<\/p>\n<p>Existen sin embargo constantes ataques a la estabilidad de las negociaciones. Primero entre todos, la negativa por parte del gobierno y las Fuerzas Armadas colombianas a aceptar un cese al fuego bilateral por tiempo indefinido. Mientras la insurgencia ya depuso indefinidamente las armas, las fuerzas regulares contin\u00faan sus operaciones echando un evidente manto de desconfianza en medio de las negociaciones. A esto se le suman nuevos focos de conflicto y reivindicaciones de movimientos sociales en todo el pa\u00eds.<\/p>\n<p>Los campesinos del Catatumbo,\u00a0<a href=\"http:\/\/notas.org.ar\/2014\/04\/29\/si-no-hay-respuesta-hay-paro\/\" target=\"_blank\" rel=\"noopener\">protagonistas de los paros agrarios de 2013 y 2014<\/a>, volvieron a denunciar el incumplimientos de los acuerdos suscritos por el gobierno y un nuevo plan de acciones para este a\u00f1o. El movimiento estudiantil por su parte ya prepara un 2015\u00a0de intensas movilizaciones por una reforma educativa.<\/p>\n<p>Mientras tanto, el asesinato de Carlos Alberto Pedraza Salcedo, l\u00edder social del Congreso de los Pueblos, el pasado 19 de enero, puso nuevamente en la primera plana de los medios la falta de garant\u00edas pol\u00edticas para la participaci\u00f3n y la acci\u00f3n popular en todo el pa\u00eds.<\/p>\n<p><strong>Debates de cara al futuro<\/strong><\/p>\n<p>Entre los puntos m\u00e1s interesantes para el debate de la pol\u00edtica colombiana en ese sentido est\u00e1 la interpelaci\u00f3n que, directa o indirectamente, la insurgencia hace hacia los movimientos sociales para pensar de conjunto el post-conflicto. Los acercamientos, el establecimiento de canales privilegiados de di\u00e1logo o pase de informaci\u00f3n, la cercan\u00eda ideol\u00f3gica o pr\u00e1ctica en reivindicaciones concretas, que se apoyan en la idea de refundar la sociedad y pol\u00edtica colombiana desde sus fundamentos, hacen que buena parte de la izquierda del pa\u00eds se tenga que confrontar con la posibilidad de avanzar codo a codo con quienes se desmovilicen. O inclusive que \u00e9stos se involucren directamente en organizaciones ya existentes -cosa que parecer\u00eda gustar m\u00e1s entre los militantes del ELN por ejemplo-.<\/p>\n<p>Se trata de posibilidades que obviamente encuentran cierta reticencia por parte de los sectores progresistas m\u00e1s embebidos por el discurso anti-guerrilla (falsamente enmascarado detr\u00e1s de un pacifismo a ultranza) que ha sido terriblemente funcional a los intereses de los partidos sist\u00e9micos tradicionales a lo largo de m\u00e1s de 50 a\u00f1os de conflicto.<\/p>\n<p>Pero tambi\u00e9n hay quienes entienden que se trata de una posibilidad para avanzar sobre esa misma estructura pol\u00edtica que ha hist\u00f3ricamente recurrido al militarismo, la coerci\u00f3n, la corrupci\u00f3n y los negociados por su absoluta incapacidad de construcci\u00f3n pol\u00edtica real, y que a ese conglomerado de poder econ\u00f3mico y pol\u00edtico hay que responderle justamente con pol\u00edtica. Camino que al parecer las FARC decidieron transitar sin vuelta atr\u00e1s. Esto revertir\u00eda el discurso de la derecha y el santismo, que pretenden hacer creer que desaparecidas las guerrillas desaparecer\u00e1 el conflicto social. Nada m\u00e1s lejos de la verdad.<\/p>\n<p>El surgimiento del Frente Amplio por La Paz el a\u00f1o pasado puede llegar a dar cuenta de este proceso. Se trata de un espacio donde convergen partidos pol\u00edticos, movimientos sociales y organizaciones cuyo principal objetivo es acompa\u00f1ar el proceso de paz, d\u00e1ndole a su vez una expresi\u00f3n pol\u00edtica de acci\u00f3n. Su protagonismo en los \u00faltimos meses en La Habana ha sido claro. Y es muy alta la probabilidad de que se convierta en una opci\u00f3n electoral de cara a los comicios locales y regionales de octubre de este a\u00f1o, otro de los grandes desaf\u00edos de la pol\u00edtica colombiana.<\/p>\n<p>As\u00ed, Colombia enfrenta un a\u00f1o intenso. La idea de una paz absoluta negociada en la mesa de La Habana choca con el grado de conflictividad social y pol\u00edtica propia de un pa\u00eds que a\u00fan no ha logrado garantizar el real establecimiento de un Estado de derecho moderno, inclusive en su concepci\u00f3n m\u00e1s liberal. Y los t\u00e9rminos para la construcci\u00f3n de una nueva base de participaci\u00f3n pol\u00edtica se juegan en aguas a\u00fan terriblemente borrascosas.<\/p>\n<p>Federico Larsen \u2013 @larsenfede<\/p>\n<\/div>\n<div style=\"text-align: justify;\"><\/div>\n","protected":false},"excerpt":{"rendered":"<p>En La Habana se reanudaron los di\u00e1logos entre las FARC-EP y el gobierno. En Colombia avanzan movimientos sociales y pol\u00edticos en favor de la paz. Pero mientras se acerca la soluci\u00f3n al enfrentamiento armado, el conflicto pol\u00edtico y social contin\u00faa.&hellip;<\/p>\n","protected":false},"author":1053,"featured_media":161552,"comment_status":"closed","ping_status":"open","sticky":false,"template":"","format":"standard","meta":{"footnotes":""},"categories":[11389,1243,74,67],"tags":[14513],"class_list":["post-161551","post","type-post","status-publish","format-standard","has-post-thumbnail","hentry","category-contenido-original","category-paz-desarme","category-politica-es","category-sudamerica","tag-proceso-de-paz-en-colombia"],"yoast_head":"<!-- This site is optimized with the Yoast SEO plugin v27.1.1 - https:\/\/yoast.com\/product\/yoast-seo-wordpress\/ -->\n<title>Colombia, paz y conflictos<\/title>\n<meta name=\"description\" content=\"En La Habana se reanudaron los di\u00e1logos entre las FARC-EP y el gobierno. En Colombia avanzan movimientos sociales y pol\u00edticos en favor de la paz. Pero\" \/>\n<meta name=\"robots\" content=\"index, follow, max-snippet:-1, max-image-preview:large, max-video-preview:-1\" \/>\n<link rel=\"canonical\" href=\"https:\/\/www.pressenza.com\/es\/2015\/02\/colombia-paz-y-conflictos\/\" \/>\n<meta property=\"og:locale\" content=\"es_ES\" \/>\n<meta property=\"og:type\" content=\"article\" \/>\n<meta property=\"og:title\" content=\"Colombia, paz y conflictos\" \/>\n<meta property=\"og:description\" content=\"En La Habana se reanudaron los di\u00e1logos entre las FARC-EP y el gobierno. En Colombia avanzan movimientos sociales y pol\u00edticos en favor de la paz. Pero\" \/>\n<meta property=\"og:url\" content=\"https:\/\/www.pressenza.com\/es\/2015\/02\/colombia-paz-y-conflictos\/\" \/>\n<meta property=\"og:site_name\" content=\"Pressenza\" \/>\n<meta property=\"article:publisher\" content=\"https:\/\/www.facebook.com\/PressenzaItalia\" \/>\n<meta property=\"article:published_time\" content=\"2015-02-11T16:08:58+00:00\" \/>\n<meta property=\"article:modified_time\" content=\"2018-03-16T22:21:35+00:00\" \/>\n<meta property=\"og:image\" content=\"https:\/\/www.pressenza.com\/wp-content\/uploads\/2015\/02\/colombia.jpg\" \/>\n\t<meta property=\"og:image:width\" content=\"680\" \/>\n\t<meta property=\"og:image:height\" content=\"365\" \/>\n\t<meta property=\"og:image:type\" content=\"image\/jpeg\" \/>\n<meta name=\"author\" content=\"Redacci\u00f3n Colombia\" \/>\n<meta name=\"twitter:card\" content=\"summary_large_image\" \/>\n<meta name=\"twitter:creator\" content=\"@PressenzaIPA\" \/>\n<meta name=\"twitter:site\" content=\"@PressenzaIPA\" \/>\n<meta name=\"twitter:label1\" content=\"Escrito por\" \/>\n\t<meta name=\"twitter:data1\" content=\"Redacci\u00f3n Colombia\" \/>\n\t<meta name=\"twitter:label2\" content=\"Tiempo de lectura\" \/>\n\t<meta name=\"twitter:data2\" content=\"5 minutos\" \/>\n<script type=\"application\/ld+json\" class=\"yoast-schema-graph\">{\"@context\":\"https:\/\/schema.org\",\"@graph\":[{\"@type\":\"Article\",\"@id\":\"https:\/\/www.pressenza.com\/es\/2015\/02\/colombia-paz-y-conflictos\/#article\",\"isPartOf\":{\"@id\":\"https:\/\/www.pressenza.com\/es\/2015\/02\/colombia-paz-y-conflictos\/\"},\"author\":{\"name\":\"Redacci\u00f3n Colombia\",\"@id\":\"https:\/\/www.pressenza.com\/es\/#\/schema\/person\/7c8ee170a4502d638436c91e385315f2\"},\"headline\":\"Colombia, paz y conflictos\",\"datePublished\":\"2015-02-11T16:08:58+00:00\",\"dateModified\":\"2018-03-16T22:21:35+00:00\",\"mainEntityOfPage\":{\"@id\":\"https:\/\/www.pressenza.com\/es\/2015\/02\/colombia-paz-y-conflictos\/\"},\"wordCount\":1022,\"publisher\":{\"@id\":\"https:\/\/www.pressenza.com\/es\/#organization\"},\"image\":{\"@id\":\"https:\/\/www.pressenza.com\/es\/2015\/02\/colombia-paz-y-conflictos\/#primaryimage\"},\"thumbnailUrl\":\"https:\/\/www.pressenza.com\/wp-content\/uploads\/2015\/02\/colombia.jpg\",\"keywords\":[\"Proceso de Paz en Colombia\"],\"articleSection\":[\"Contenido Original\",\"Paz y Desarme\",\"Pol\u00edtica\",\"Sudam\u00e9rica\"],\"inLanguage\":\"es\"},{\"@type\":\"WebPage\",\"@id\":\"https:\/\/www.pressenza.com\/es\/2015\/02\/colombia-paz-y-conflictos\/\",\"url\":\"https:\/\/www.pressenza.com\/es\/2015\/02\/colombia-paz-y-conflictos\/\",\"name\":\"Colombia, paz y conflictos\",\"isPartOf\":{\"@id\":\"https:\/\/www.pressenza.com\/es\/#website\"},\"primaryImageOfPage\":{\"@id\":\"https:\/\/www.pressenza.com\/es\/2015\/02\/colombia-paz-y-conflictos\/#primaryimage\"},\"image\":{\"@id\":\"https:\/\/www.pressenza.com\/es\/2015\/02\/colombia-paz-y-conflictos\/#primaryimage\"},\"thumbnailUrl\":\"https:\/\/www.pressenza.com\/wp-content\/uploads\/2015\/02\/colombia.jpg\",\"datePublished\":\"2015-02-11T16:08:58+00:00\",\"dateModified\":\"2018-03-16T22:21:35+00:00\",\"description\":\"En La Habana se reanudaron los di\u00e1logos entre las FARC-EP y el gobierno. En Colombia avanzan movimientos sociales y pol\u00edticos en favor de la paz. Pero\",\"breadcrumb\":{\"@id\":\"https:\/\/www.pressenza.com\/es\/2015\/02\/colombia-paz-y-conflictos\/#breadcrumb\"},\"inLanguage\":\"es\",\"potentialAction\":[{\"@type\":\"ReadAction\",\"target\":[\"https:\/\/www.pressenza.com\/es\/2015\/02\/colombia-paz-y-conflictos\/\"]}]},{\"@type\":\"ImageObject\",\"inLanguage\":\"es\",\"@id\":\"https:\/\/www.pressenza.com\/es\/2015\/02\/colombia-paz-y-conflictos\/#primaryimage\",\"url\":\"https:\/\/www.pressenza.com\/wp-content\/uploads\/2015\/02\/colombia.jpg\",\"contentUrl\":\"https:\/\/www.pressenza.com\/wp-content\/uploads\/2015\/02\/colombia.jpg\",\"width\":680,\"height\":365},{\"@type\":\"BreadcrumbList\",\"@id\":\"https:\/\/www.pressenza.com\/es\/2015\/02\/colombia-paz-y-conflictos\/#breadcrumb\",\"itemListElement\":[{\"@type\":\"ListItem\",\"position\":1,\"name\":\"Accueil\",\"item\":\"https:\/\/www.pressenza.com\/es\/\"},{\"@type\":\"ListItem\",\"position\":2,\"name\":\"Colombia, paz y conflictos\"}]},{\"@type\":\"WebSite\",\"@id\":\"https:\/\/www.pressenza.com\/es\/#website\",\"url\":\"https:\/\/www.pressenza.com\/es\/\",\"name\":\"Pressenza\",\"description\":\"International Press Agency\",\"publisher\":{\"@id\":\"https:\/\/www.pressenza.com\/es\/#organization\"},\"potentialAction\":[{\"@type\":\"SearchAction\",\"target\":{\"@type\":\"EntryPoint\",\"urlTemplate\":\"https:\/\/www.pressenza.com\/es\/?s={search_term_string}\"},\"query-input\":{\"@type\":\"PropertyValueSpecification\",\"valueRequired\":true,\"valueName\":\"search_term_string\"}}],\"inLanguage\":\"es\"},{\"@type\":\"Organization\",\"@id\":\"https:\/\/www.pressenza.com\/es\/#organization\",\"name\":\"Pressenza\",\"url\":\"https:\/\/www.pressenza.com\/es\/\",\"logo\":{\"@type\":\"ImageObject\",\"inLanguage\":\"es\",\"@id\":\"https:\/\/www.pressenza.com\/es\/#\/schema\/logo\/image\/\",\"url\":\"https:\/\/www.pressenza.com\/wp-content\/uploads\/2022\/10\/pressenza_logo_200x200.jpg\",\"contentUrl\":\"https:\/\/www.pressenza.com\/wp-content\/uploads\/2022\/10\/pressenza_logo_200x200.jpg\",\"width\":200,\"height\":200,\"caption\":\"Pressenza\"},\"image\":{\"@id\":\"https:\/\/www.pressenza.com\/es\/#\/schema\/logo\/image\/\"},\"sameAs\":[\"https:\/\/www.facebook.com\/PressenzaItalia\",\"https:\/\/x.com\/PressenzaIPA\"]},{\"@type\":\"Person\",\"@id\":\"https:\/\/www.pressenza.com\/es\/#\/schema\/person\/7c8ee170a4502d638436c91e385315f2\",\"name\":\"Redacci\u00f3n Colombia\",\"description\":\"News published by the Pressenza bureau in Colombia\",\"url\":\"https:\/\/www.pressenza.com\/es\/author\/redaccion-colombia\/\"}]}<\/script>\n<!-- \/ Yoast SEO plugin. -->","yoast_head_json":{"title":"Colombia, paz y conflictos","description":"En La Habana se reanudaron los di\u00e1logos entre las FARC-EP y el gobierno. En Colombia avanzan movimientos sociales y pol\u00edticos en favor de la paz. Pero","robots":{"index":"index","follow":"follow","max-snippet":"max-snippet:-1","max-image-preview":"max-image-preview:large","max-video-preview":"max-video-preview:-1"},"canonical":"https:\/\/www.pressenza.com\/es\/2015\/02\/colombia-paz-y-conflictos\/","og_locale":"es_ES","og_type":"article","og_title":"Colombia, paz y conflictos","og_description":"En La Habana se reanudaron los di\u00e1logos entre las FARC-EP y el gobierno. En Colombia avanzan movimientos sociales y pol\u00edticos en favor de la paz. Pero","og_url":"https:\/\/www.pressenza.com\/es\/2015\/02\/colombia-paz-y-conflictos\/","og_site_name":"Pressenza","article_publisher":"https:\/\/www.facebook.com\/PressenzaItalia","article_published_time":"2015-02-11T16:08:58+00:00","article_modified_time":"2018-03-16T22:21:35+00:00","og_image":[{"width":680,"height":365,"url":"https:\/\/www.pressenza.com\/wp-content\/uploads\/2015\/02\/colombia.jpg","type":"image\/jpeg"}],"author":"Redacci\u00f3n Colombia","twitter_card":"summary_large_image","twitter_creator":"@PressenzaIPA","twitter_site":"@PressenzaIPA","twitter_misc":{"Escrito por":"Redacci\u00f3n Colombia","Tiempo de lectura":"5 minutos"},"schema":{"@context":"https:\/\/schema.org","@graph":[{"@type":"Article","@id":"https:\/\/www.pressenza.com\/es\/2015\/02\/colombia-paz-y-conflictos\/#article","isPartOf":{"@id":"https:\/\/www.pressenza.com\/es\/2015\/02\/colombia-paz-y-conflictos\/"},"author":{"name":"Redacci\u00f3n Colombia","@id":"https:\/\/www.pressenza.com\/es\/#\/schema\/person\/7c8ee170a4502d638436c91e385315f2"},"headline":"Colombia, paz y conflictos","datePublished":"2015-02-11T16:08:58+00:00","dateModified":"2018-03-16T22:21:35+00:00","mainEntityOfPage":{"@id":"https:\/\/www.pressenza.com\/es\/2015\/02\/colombia-paz-y-conflictos\/"},"wordCount":1022,"publisher":{"@id":"https:\/\/www.pressenza.com\/es\/#organization"},"image":{"@id":"https:\/\/www.pressenza.com\/es\/2015\/02\/colombia-paz-y-conflictos\/#primaryimage"},"thumbnailUrl":"https:\/\/www.pressenza.com\/wp-content\/uploads\/2015\/02\/colombia.jpg","keywords":["Proceso de Paz en Colombia"],"articleSection":["Contenido Original","Paz y Desarme","Pol\u00edtica","Sudam\u00e9rica"],"inLanguage":"es"},{"@type":"WebPage","@id":"https:\/\/www.pressenza.com\/es\/2015\/02\/colombia-paz-y-conflictos\/","url":"https:\/\/www.pressenza.com\/es\/2015\/02\/colombia-paz-y-conflictos\/","name":"Colombia, paz y conflictos","isPartOf":{"@id":"https:\/\/www.pressenza.com\/es\/#website"},"primaryImageOfPage":{"@id":"https:\/\/www.pressenza.com\/es\/2015\/02\/colombia-paz-y-conflictos\/#primaryimage"},"image":{"@id":"https:\/\/www.pressenza.com\/es\/2015\/02\/colombia-paz-y-conflictos\/#primaryimage"},"thumbnailUrl":"https:\/\/www.pressenza.com\/wp-content\/uploads\/2015\/02\/colombia.jpg","datePublished":"2015-02-11T16:08:58+00:00","dateModified":"2018-03-16T22:21:35+00:00","description":"En La Habana se reanudaron los di\u00e1logos entre las FARC-EP y el gobierno. En Colombia avanzan movimientos sociales y pol\u00edticos en favor de la paz. Pero","breadcrumb":{"@id":"https:\/\/www.pressenza.com\/es\/2015\/02\/colombia-paz-y-conflictos\/#breadcrumb"},"inLanguage":"es","potentialAction":[{"@type":"ReadAction","target":["https:\/\/www.pressenza.com\/es\/2015\/02\/colombia-paz-y-conflictos\/"]}]},{"@type":"ImageObject","inLanguage":"es","@id":"https:\/\/www.pressenza.com\/es\/2015\/02\/colombia-paz-y-conflictos\/#primaryimage","url":"https:\/\/www.pressenza.com\/wp-content\/uploads\/2015\/02\/colombia.jpg","contentUrl":"https:\/\/www.pressenza.com\/wp-content\/uploads\/2015\/02\/colombia.jpg","width":680,"height":365},{"@type":"BreadcrumbList","@id":"https:\/\/www.pressenza.com\/es\/2015\/02\/colombia-paz-y-conflictos\/#breadcrumb","itemListElement":[{"@type":"ListItem","position":1,"name":"Accueil","item":"https:\/\/www.pressenza.com\/es\/"},{"@type":"ListItem","position":2,"name":"Colombia, paz y conflictos"}]},{"@type":"WebSite","@id":"https:\/\/www.pressenza.com\/es\/#website","url":"https:\/\/www.pressenza.com\/es\/","name":"Pressenza","description":"International Press Agency","publisher":{"@id":"https:\/\/www.pressenza.com\/es\/#organization"},"potentialAction":[{"@type":"SearchAction","target":{"@type":"EntryPoint","urlTemplate":"https:\/\/www.pressenza.com\/es\/?s={search_term_string}"},"query-input":{"@type":"PropertyValueSpecification","valueRequired":true,"valueName":"search_term_string"}}],"inLanguage":"es"},{"@type":"Organization","@id":"https:\/\/www.pressenza.com\/es\/#organization","name":"Pressenza","url":"https:\/\/www.pressenza.com\/es\/","logo":{"@type":"ImageObject","inLanguage":"es","@id":"https:\/\/www.pressenza.com\/es\/#\/schema\/logo\/image\/","url":"https:\/\/www.pressenza.com\/wp-content\/uploads\/2022\/10\/pressenza_logo_200x200.jpg","contentUrl":"https:\/\/www.pressenza.com\/wp-content\/uploads\/2022\/10\/pressenza_logo_200x200.jpg","width":200,"height":200,"caption":"Pressenza"},"image":{"@id":"https:\/\/www.pressenza.com\/es\/#\/schema\/logo\/image\/"},"sameAs":["https:\/\/www.facebook.com\/PressenzaItalia","https:\/\/x.com\/PressenzaIPA"]},{"@type":"Person","@id":"https:\/\/www.pressenza.com\/es\/#\/schema\/person\/7c8ee170a4502d638436c91e385315f2","name":"Redacci\u00f3n Colombia","description":"News published by the Pressenza bureau in Colombia","url":"https:\/\/www.pressenza.com\/es\/author\/redaccion-colombia\/"}]}},"place":"","original_article_url":"","_links":{"self":[{"href":"https:\/\/www.pressenza.com\/es\/wp-json\/wp\/v2\/posts\/161551","targetHints":{"allow":["GET"]}}],"collection":[{"href":"https:\/\/www.pressenza.com\/es\/wp-json\/wp\/v2\/posts"}],"about":[{"href":"https:\/\/www.pressenza.com\/es\/wp-json\/wp\/v2\/types\/post"}],"author":[{"embeddable":true,"href":"https:\/\/www.pressenza.com\/es\/wp-json\/wp\/v2\/users\/1053"}],"replies":[{"embeddable":true,"href":"https:\/\/www.pressenza.com\/es\/wp-json\/wp\/v2\/comments?post=161551"}],"version-history":[{"count":0,"href":"https:\/\/www.pressenza.com\/es\/wp-json\/wp\/v2\/posts\/161551\/revisions"}],"wp:featuredmedia":[{"embeddable":true,"href":"https:\/\/www.pressenza.com\/es\/wp-json\/wp\/v2\/media\/161552"}],"wp:attachment":[{"href":"https:\/\/www.pressenza.com\/es\/wp-json\/wp\/v2\/media?parent=161551"}],"wp:term":[{"taxonomy":"category","embeddable":true,"href":"https:\/\/www.pressenza.com\/es\/wp-json\/wp\/v2\/categories?post=161551"},{"taxonomy":"post_tag","embeddable":true,"href":"https:\/\/www.pressenza.com\/es\/wp-json\/wp\/v2\/tags?post=161551"}],"curies":[{"name":"wp","href":"https:\/\/api.w.org\/{rel}","templated":true}]}}